
{"id":14310,"date":"2016-08-29T18:22:13","date_gmt":"2016-08-29T18:22:13","guid":{"rendered":"http:\/\/colegioarquitectos.com\/?p=14310"},"modified":"2016-08-29T18:28:00","modified_gmt":"2016-08-29T18:28:00","slug":"premio-iberoamericano-de-patrimonio-2016-reconoce-7-proyectos-chilenos","status":"publish","type":"post","link":"https:\/\/colegioarquitectos.com\/noticias\/?p=14310","title":{"rendered":"Premio Iberoamericano de Patrimonio 2016 reconoce 7 proyectos chilenos"},"content":{"rendered":"<p>La Sociedad Central de Arquitectos de Argentina (SCA) y el Centro Internacional para la Conservaci\u00f3n del Patrimonio del mismo pa\u00eds (CICoP.AR), acaban de anunciar los proyectos ganadores y las menciones honrosas de la d\u00e9cima edici\u00f3n del \u201cPremio Iberoamericano a la Mejor Intervenci\u00f3n en Obras que Involucren el Patrimonio Edificado 2016\u201d.<\/p>\n<p>Este reconocimiento lo entregan cada dos a\u00f1os desde 1996 a los proyectos arquitect\u00f3nicos que permiten poner en valor el patrimonio cultural edificado clasificados en las categor\u00edas de \u201cRestauraci\u00f3n\u201d y \u201cRecuperaci\u00f3n y Puesta en Valor\u201d. Ambas a su vez comprenden subcategor\u00edas establecidas si superan o no los 1.000 metros cuadrados intervenidos.<\/p>\n<p>Entre los 14 proyectos destacados, siete son chilenos. De ellos, cuatro fueron presentados por la Direcci\u00f3n de Arquitectura del Ministerio de Obras P\u00fablicas y los otros tres por sus respectivas oficinas de arquitectura.<\/p>\n<p>&nbsp;<\/p>\n<p>Resultados<\/p>\n<p>&nbsp;<\/p>\n<p><strong>Categor\u00eda: \u201cRestauraci\u00f3n\u201d<\/strong><\/p>\n<p>Subcategor\u00eda A1: obras de hasta 1.000 m2.<\/p>\n<p><strong>1\u00b0 Premio (ex-aequo):\u00a0 Iglesia Nuestra Se\u00f1ora del Carmen de Cha\u00f1aral<\/strong><\/p>\n<p><a href=\"http:\/\/colegioarquitectos.com\/noticias\/wp-content\/uploads\/2016\/08\/21.jpg\"><img loading=\"lazy\" decoding=\"async\" class=\"alignnone wp-image-14311 size-full\" src=\"http:\/\/colegioarquitectos.com\/noticias\/wp-content\/uploads\/2016\/08\/21.jpg\" alt=\"2\" width=\"580\" height=\"387\" srcset=\"https:\/\/colegioarquitectos.com\/noticias\/wp-content\/uploads\/2016\/08\/21.jpg 580w, https:\/\/colegioarquitectos.com\/noticias\/wp-content\/uploads\/2016\/08\/21-300x200.jpg 300w\" sizes=\"auto, (max-width: 580px) 100vw, 580px\" \/><\/a><\/p>\n<p><em>\u00a9 Alex Fuentes Catrin para Conferencia Episcopal de Chile. Disponible en iglesia.cl<\/em><\/p>\n<ul>\n<li>Direcci\u00f3n: Templo S\/N#, Ciudad de Cha\u00f1aral, Chile<\/li>\n<li>Autores: Arquitectos: Claudia Silva Paredes, Claudio Navarrete Jir\u00f3n, Mar\u00eda I. Palma, Patricio Labrin Orellana<\/li>\n<li>Instituci\u00f3n: Di\u00f3cesis de Copiap\u00f3, Direcci\u00f3n de Arquitectura -MOP<\/li>\n<li>Fecha de inauguraci\u00f3n: 7-11-2015<\/li>\n<li>Categor\u00eda: A1 (307 m2)<\/li>\n<\/ul>\n<p>&nbsp;<\/p>\n<p>Subcategor\u00eda A2: obras de m\u00e1s de 1.000 m2.<\/p>\n<p><strong>1\u00b0 Premio: Fuerte San Miguel de Ag\u00fci, Ancud<\/strong><\/p>\n<p><a href=\"http:\/\/colegioarquitectos.com\/noticias\/wp-content\/uploads\/2016\/08\/3.jpg\"><img loading=\"lazy\" decoding=\"async\" class=\"alignnone wp-image-14312 size-full\" src=\"http:\/\/colegioarquitectos.com\/noticias\/wp-content\/uploads\/2016\/08\/3.jpg\" alt=\"3\" width=\"580\" height=\"435\" srcset=\"https:\/\/colegioarquitectos.com\/noticias\/wp-content\/uploads\/2016\/08\/3.jpg 580w, https:\/\/colegioarquitectos.com\/noticias\/wp-content\/uploads\/2016\/08\/3-300x225.jpg 300w\" sizes=\"auto, (max-width: 580px) 100vw, 580px\" \/><\/a><\/p>\n<p><em>\u00a9 Wikimedia Commons Usuario: Magolo. Licencia CC BY-SA 3.0 (Imagen de referencia).<\/em><\/p>\n<ul>\n<li>Direcci\u00f3n: Km 68 Ruta W 218 \u2013 Ancud \u2013 Archipi\u00e9lago de Chilo\u00e9<\/li>\n<li>Autores: Dir. de Arq. MOP, Arquitecta Claudia Silva Paredes<\/li>\n<li>Instituci\u00f3n: Ilustre Municipalidad de Ancud<\/li>\n<li>Fecha de inauguraci\u00f3n: Noviembre 2012<\/li>\n<li>Categor\u00eda: A2 \u2013 ( 3.7 Ha)<\/li>\n<\/ul>\n<p>&nbsp;<\/p>\n<p><strong>Menci\u00f3n: Pulper\u00eda Oficina Salitrera Santiago Humberstone<\/strong><\/p>\n<p><a href=\"http:\/\/colegioarquitectos.com\/noticias\/wp-content\/uploads\/2016\/08\/4.jpg\"><img loading=\"lazy\" decoding=\"async\" class=\"alignnone wp-image-14313 size-full\" src=\"http:\/\/colegioarquitectos.com\/noticias\/wp-content\/uploads\/2016\/08\/4.jpg\" alt=\"4\" width=\"580\" height=\"435\" srcset=\"https:\/\/colegioarquitectos.com\/noticias\/wp-content\/uploads\/2016\/08\/4.jpg 580w, https:\/\/colegioarquitectos.com\/noticias\/wp-content\/uploads\/2016\/08\/4-300x225.jpg 300w\" sizes=\"auto, (max-width: 580px) 100vw, 580px\" \/><\/a><\/p>\n<p><em>\u00a9 Flickr Usuario: Carlos Montes. Licencia CC BY-NC 2.0 (Imagen de referencia)<\/em><\/p>\n<ul>\n<li>Direcci\u00f3n: Km 47, Ruta A16, Regi\u00f3n de Tarapac\u00e1, Pozo al Monte, Chile<\/li>\n<li>Autores: Dir. De Arq. MOP, Arquitectos: Claudia Silva Paredes, Patricio Airas Cort\u00e9s<\/li>\n<li>Instituci\u00f3n: Museo del Salitre<\/li>\n<li>Fecha de inauguraci\u00f3n: Enero 2016<\/li>\n<li>Categor\u00eda: A2 (2.305 m2)<\/li>\n<\/ul>\n<p>&nbsp;<\/p>\n<p><strong>Categor\u00eda: Recuperaci\u00f3n y puesta en valor<\/strong><\/p>\n<p>Subcategor\u00eda B1: obras de hasta 1.000 m2.<\/p>\n<p><strong>1\u00b0 Premio: Capilla de Totihue<\/strong><\/p>\n<p><a href=\"http:\/\/colegioarquitectos.com\/noticias\/wp-content\/uploads\/2016\/08\/5.jpg\"><img loading=\"lazy\" decoding=\"async\" class=\"alignnone wp-image-14314 size-full\" src=\"http:\/\/colegioarquitectos.com\/noticias\/wp-content\/uploads\/2016\/08\/5.jpg\" alt=\"5\" width=\"580\" height=\"387\" srcset=\"https:\/\/colegioarquitectos.com\/noticias\/wp-content\/uploads\/2016\/08\/5.jpg 580w, https:\/\/colegioarquitectos.com\/noticias\/wp-content\/uploads\/2016\/08\/5-300x200.jpg 300w\" sizes=\"auto, (max-width: 580px) 100vw, 580px\" \/><\/a><\/p>\n<p><em>\u00a9 Nico Saieh\u00a0 (V\u00eda Plataforma Arquitectura)<\/em><\/p>\n<ul>\n<li>Direcci\u00f3n: Camino Totihue S\/N \u2013 Localidad de Totihue VI Regi\u00f3n \u2013 Chile<\/li>\n<li>Autor: Arq. Gonzalo Mardones V<\/li>\n<li>Colaboradores: Gonzalo Mardones F., Mar\u00eda Jes\u00fas Mardones F., Luis Morales, Emilio Ursic, Claudio Carrasco, Francisco Vald\u00e9s, Luca Garnerone, Emanuel astete, Soledad Flores, Esteban Mart\u00ednez y Rodrigo Vega<\/li>\n<li>Asesores: Mandante \u2013 Fundaci\u00f3n AIS Chile y Comunidad de Totihue; Ingenieros calculistas \u2013 Ruiz y Saavedra; Constructor: Ricardo Fuentres C\u00f3rdoba.<\/li>\n<\/ul>\n<ul>\n<li>Instituci\u00f3n: Fundaci\u00f3n AIS Chile y Comunidad de Totihue<\/li>\n<\/ul>\n<p>&nbsp;<\/p>\n<p>Subcategor\u00eda B2: obras de m\u00e1s de 1.000 m2<\/p>\n<p>&nbsp;<\/p>\n<p><strong>1\u00b0 Premio (ex-aequo): Obra: Centro de Arte Molino Machmar \u2013 Centro Cultural<\/strong><\/p>\n<p><a href=\"http:\/\/colegioarquitectos.com\/noticias\/wp-content\/uploads\/2016\/08\/6.jpg\"><img loading=\"lazy\" decoding=\"async\" class=\"alignnone wp-image-14315 size-full\" src=\"http:\/\/colegioarquitectos.com\/noticias\/wp-content\/uploads\/2016\/08\/6.jpg\" alt=\"6\" width=\"580\" height=\"387\" srcset=\"https:\/\/colegioarquitectos.com\/noticias\/wp-content\/uploads\/2016\/08\/6.jpg 580w, https:\/\/colegioarquitectos.com\/noticias\/wp-content\/uploads\/2016\/08\/6-300x200.jpg 300w\" sizes=\"auto, (max-width: 580px) 100vw, 580px\" \/><\/a><\/p>\n<p><em>Centro de Arte Molino Machmar Puerto Varas (V\u00eda Plataforma Arquitectura, imagen de referencia)<\/em><\/p>\n<ul>\n<li>Direcci\u00f3n: Gramado 1100 \u2013 Puerto Varas \u2013 Chile<\/li>\n<li>Autores: Arquitectos: Rodrigo C\u00e1ceres Moena, Alejandro Vargas Peyreblanque<\/li>\n<li>Instituci\u00f3n: Ministerio de Obras P\u00fablicas<\/li>\n<li>Fecha de inauguraci\u00f3n: 2016<\/li>\n<li>Categor\u00eda: B2 \u2013 (1.200 m2)<\/li>\n<\/ul>\n<p>&nbsp;<\/p>\n<p><strong>2\u00ba Premio: Biblioteca Regional de Antofagasta<\/strong><\/p>\n<p><a href=\"http:\/\/colegioarquitectos.com\/noticias\/wp-content\/uploads\/2016\/08\/7.jpg\"><img loading=\"lazy\" decoding=\"async\" class=\"alignnone wp-image-14316 size-full\" src=\"http:\/\/colegioarquitectos.com\/noticias\/wp-content\/uploads\/2016\/08\/7.jpg\" alt=\"7\" width=\"580\" height=\"387\" srcset=\"https:\/\/colegioarquitectos.com\/noticias\/wp-content\/uploads\/2016\/08\/7.jpg 580w, https:\/\/colegioarquitectos.com\/noticias\/wp-content\/uploads\/2016\/08\/7-300x200.jpg 300w\" sizes=\"auto, (max-width: 580px) 100vw, 580px\" \/><\/a><\/p>\n<p><em>\u00a9 Plataforma Urbana<\/em><\/p>\n<ul>\n<li>Direcci\u00f3n: Jorge Washington 2601, Antofagasta, Chile<\/li>\n<li>Autores: Arquitectos Jos\u00e9 Luis del Sante, Amaya Yrarr\u00e1zaval Zeggers, Claudia Silva, Ari Van Zeeland Labra<\/li>\n<li>Instituci\u00f3n: Direcci\u00f3n de Arq. MOP, Direcci\u00f3n de Bibliotecas, Archivos y Museos (DIBAM)<\/li>\n<li>Fecha de inauguraci\u00f3n: 14-11-2013<\/li>\n<li>Categor\u00eda: B2 (2.997 m2)<\/li>\n<\/ul>\n<p>&nbsp;<\/p>\n<p>Subcategor\u00eda B3: obras de escala urbana<\/p>\n<p>&nbsp;<\/p>\n<p><strong>Menci\u00f3n: Plaza Montt-Varas<\/strong><\/p>\n<p><a href=\"http:\/\/colegioarquitectos.com\/noticias\/wp-content\/uploads\/2016\/08\/8.jpg\"><img loading=\"lazy\" decoding=\"async\" class=\"alignnone wp-image-14317 size-full\" src=\"http:\/\/colegioarquitectos.com\/noticias\/wp-content\/uploads\/2016\/08\/8.jpg\" alt=\"8\" width=\"580\" height=\"387\" srcset=\"https:\/\/colegioarquitectos.com\/noticias\/wp-content\/uploads\/2016\/08\/8.jpg 580w, https:\/\/colegioarquitectos.com\/noticias\/wp-content\/uploads\/2016\/08\/8-300x200.jpg 300w\" sizes=\"auto, (max-width: 580px) 100vw, 580px\" \/><\/a><\/p>\n<p><em>\u00a9 Pablo Blanco (V\u00eda Plataforma Arquitectura)<\/em><\/p>\n<p>&nbsp;<\/p>\n<ul>\n<li>Direcci\u00f3n: Compa\u00f1\u00eda de Jes\u00fas S\/ N# \u2013 Santiago \u2013 Chile<\/li>\n<li>Autores Arquitectos: Rodrigo C\u00e1ceres Moena, Alejandro Vargas Peyreblanque<\/li>\n<li>Instituci\u00f3n: Ministerio de Obras P\u00fablicas (MOP)<\/li>\n<li>Fecha de inauguraci\u00f3n: 2013<\/li>\n<li>Categor\u00eda: B3 (6.650 m2)<\/li>\n<li>Fot\u00f3grafo: Pablo Blanco<\/li>\n<\/ul>\n<p>&nbsp;<\/p>\n<p><a href=\"http:\/\/socearq.org\/2.0\/2016\/08\/22\/premio-iberoamericano-a-la-mejor-intervencion-en-obras-que-involucren-el-patrimonio-edificado-2016-decima-edicion\/\">Si deseas revisar los resultados completos haz click aqu\u00ed<\/a><\/p>\n<p>&nbsp;<\/p>\n<p>Por Constanza Mart\u00ednez<\/p>\n<p><a href=\"http:\/\/www.plataformaurbana.cl\/archive\/2016\/08\/24\/premio-iberoamericano-de-patrimonio-2016-reconoce-7-proyectos-chilenos\/\">Fuente: Plataforma de Arquitectura<\/a><\/p>\n<p><\/p>","protected":false},"excerpt":{"rendered":"<p>La Sociedad Central de Arquitectos de Argentina (SCA) y el Centro Internacional para la Conservaci\u00f3n del Patrimonio del mismo pa\u00eds (CICoP.AR), acaban de anunciar los proyectos ganadores y las menciones honrosas de la d\u00e9cima edici\u00f3n del \u201cPremio Iberoamericano a la &hellip; <a class=\"more-link\" href=\"https:\/\/colegioarquitectos.com\/noticias\/?p=14310\">ver m\u00e1s<\/a><\/p>","protected":false},"author":4,"featured_media":14318,"comment_status":"open","ping_status":"open","sticky":false,"template":"","format":"standard","meta":{"footnotes":""},"categories":[3],"tags":[],"class_list":["post-14310","post","type-post","status-publish","format-standard","has-post-thumbnail","hentry","category-noticias"],"yoast_head":"<!-- This site is optimized with the Yoast SEO plugin v24.2 - https:\/\/yoast.com\/wordpress\/plugins\/seo\/ -->\n<title>Premio Iberoamericano de Patrimonio 2016 reconoce 7 proyectos chilenos - COLEGIO DE ARQUITECTOS DE CHILE<\/title>\n<meta name=\"robots\" content=\"index, follow, max-snippet:-1, max-image-preview:large, max-video-preview:-1\" \/>\n<link rel=\"canonical\" href=\"https:\/\/colegioarquitectos.com\/noticias\/?p=14310\" \/>\n<meta property=\"og:locale\" content=\"es_ES\" \/>\n<meta property=\"og:type\" content=\"article\" \/>\n<meta property=\"og:title\" content=\"Premio Iberoamericano de Patrimonio 2016 reconoce 7 proyectos chilenos - COLEGIO DE ARQUITECTOS DE CHILE\" \/>\n<meta property=\"og:description\" content=\"La Sociedad Central de Arquitectos de Argentina (SCA) y el Centro Internacional para la Conservaci\u00f3n del Patrimonio del mismo pa\u00eds (CICoP.AR), acaban de anunciar los proyectos ganadores y las menciones honrosas de la d\u00e9cima edici\u00f3n del \u201cPremio Iberoamericano a la &hellip; ver m\u00e1s\" \/>\n<meta property=\"og:url\" content=\"https:\/\/colegioarquitectos.com\/noticias\/?p=14310\" \/>\n<meta property=\"og:site_name\" content=\"COLEGIO DE ARQUITECTOS DE CHILE\" \/>\n<meta property=\"article:publisher\" content=\"https:\/\/facebook.com\/Colegioarq\/\" \/>\n<meta property=\"article:published_time\" content=\"2016-08-29T18:22:13+00:00\" \/>\n<meta property=\"article:modified_time\" content=\"2016-08-29T18:28:00+00:00\" \/>\n<meta property=\"og:image\" content=\"https:\/\/colegioarquitectos.com\/noticias\/wp-content\/uploads\/2016\/08\/Portada-Premio-Iberoamericano.jpg\" \/>\n\t<meta property=\"og:image:width\" content=\"690\" \/>\n\t<meta property=\"og:image:height\" content=\"350\" \/>\n\t<meta property=\"og:image:type\" content=\"image\/jpeg\" \/>\n<meta name=\"author\" content=\"Colegio de Arquitectos de Chile\" \/>\n<meta name=\"twitter:card\" content=\"summary_large_image\" \/>\n<meta name=\"twitter:creator\" content=\"@colegioarq\" \/>\n<meta name=\"twitter:site\" content=\"@colegioarq\" \/>\n<meta name=\"twitter:label1\" content=\"Escrito por\" \/>\n\t<meta name=\"twitter:data1\" content=\"Colegio de Arquitectos de Chile\" \/>\n\t<meta name=\"twitter:label2\" content=\"Tiempo de lectura\" \/>\n\t<meta name=\"twitter:data2\" content=\"3 minutos\" \/>\n<script type=\"application\/ld+json\" class=\"yoast-schema-graph\">{\"@context\":\"https:\/\/schema.org\",\"@graph\":[{\"@type\":\"Article\",\"@id\":\"https:\/\/colegioarquitectos.com\/noticias\/?p=14310#article\",\"isPartOf\":{\"@id\":\"https:\/\/colegioarquitectos.com\/noticias\/?p=14310\"},\"author\":{\"name\":\"Colegio de Arquitectos de Chile\",\"@id\":\"https:\/\/colegioarquitectos.com\/noticias\/#\/schema\/person\/685cc0aad148303c5608f049af8285ad\"},\"headline\":\"Premio Iberoamericano de Patrimonio 2016 reconoce 7 proyectos chilenos\",\"datePublished\":\"2016-08-29T18:22:13+00:00\",\"dateModified\":\"2016-08-29T18:28:00+00:00\",\"mainEntityOfPage\":{\"@id\":\"https:\/\/colegioarquitectos.com\/noticias\/?p=14310\"},\"wordCount\":659,\"commentCount\":0,\"publisher\":{\"@id\":\"https:\/\/colegioarquitectos.com\/noticias\/#organization\"},\"image\":{\"@id\":\"https:\/\/colegioarquitectos.com\/noticias\/?p=14310#primaryimage\"},\"thumbnailUrl\":\"https:\/\/colegioarquitectos.com\/noticias\/wp-content\/uploads\/2016\/08\/Portada-Premio-Iberoamericano.jpg\",\"articleSection\":[\"Noticias\"],\"inLanguage\":\"es\",\"potentialAction\":[{\"@type\":\"CommentAction\",\"name\":\"Comment\",\"target\":[\"https:\/\/colegioarquitectos.com\/noticias\/?p=14310#respond\"]}]},{\"@type\":\"WebPage\",\"@id\":\"https:\/\/colegioarquitectos.com\/noticias\/?p=14310\",\"url\":\"https:\/\/colegioarquitectos.com\/noticias\/?p=14310\",\"name\":\"Premio Iberoamericano de Patrimonio 2016 reconoce 7 proyectos chilenos - COLEGIO DE ARQUITECTOS DE CHILE\",\"isPartOf\":{\"@id\":\"https:\/\/colegioarquitectos.com\/noticias\/#website\"},\"primaryImageOfPage\":{\"@id\":\"https:\/\/colegioarquitectos.com\/noticias\/?p=14310#primaryimage\"},\"image\":{\"@id\":\"https:\/\/colegioarquitectos.com\/noticias\/?p=14310#primaryimage\"},\"thumbnailUrl\":\"https:\/\/colegioarquitectos.com\/noticias\/wp-content\/uploads\/2016\/08\/Portada-Premio-Iberoamericano.jpg\",\"datePublished\":\"2016-08-29T18:22:13+00:00\",\"dateModified\":\"2016-08-29T18:28:00+00:00\",\"breadcrumb\":{\"@id\":\"https:\/\/colegioarquitectos.com\/noticias\/?p=14310#breadcrumb\"},\"inLanguage\":\"es\",\"potentialAction\":[{\"@type\":\"ReadAction\",\"target\":[\"https:\/\/colegioarquitectos.com\/noticias\/?p=14310\"]}]},{\"@type\":\"ImageObject\",\"inLanguage\":\"es\",\"@id\":\"https:\/\/colegioarquitectos.com\/noticias\/?p=14310#primaryimage\",\"url\":\"https:\/\/colegioarquitectos.com\/noticias\/wp-content\/uploads\/2016\/08\/Portada-Premio-Iberoamericano.jpg\",\"contentUrl\":\"https:\/\/colegioarquitectos.com\/noticias\/wp-content\/uploads\/2016\/08\/Portada-Premio-Iberoamericano.jpg\",\"width\":690,\"height\":350},{\"@type\":\"BreadcrumbList\",\"@id\":\"https:\/\/colegioarquitectos.com\/noticias\/?p=14310#breadcrumb\",\"itemListElement\":[{\"@type\":\"ListItem\",\"position\":1,\"name\":\"Portada\",\"item\":\"https:\/\/colegioarquitectos.com\/noticias\"},{\"@type\":\"ListItem\",\"position\":2,\"name\":\"Premio Iberoamericano de Patrimonio 2016 reconoce 7 proyectos chilenos\"}]},{\"@type\":\"WebSite\",\"@id\":\"https:\/\/colegioarquitectos.com\/noticias\/#website\",\"url\":\"https:\/\/colegioarquitectos.com\/noticias\/\",\"name\":\"COLEGIO DE ARQUITECTOS DE CHILE\",\"description\":\"\",\"publisher\":{\"@id\":\"https:\/\/colegioarquitectos.com\/noticias\/#organization\"},\"potentialAction\":[{\"@type\":\"SearchAction\",\"target\":{\"@type\":\"EntryPoint\",\"urlTemplate\":\"https:\/\/colegioarquitectos.com\/noticias\/?s={search_term_string}\"},\"query-input\":{\"@type\":\"PropertyValueSpecification\",\"valueRequired\":true,\"valueName\":\"search_term_string\"}}],\"inLanguage\":\"es\"},{\"@type\":\"Organization\",\"@id\":\"https:\/\/colegioarquitectos.com\/noticias\/#organization\",\"name\":\"COLEGIO DE ARQUITECTOS DE CHILE\",\"url\":\"https:\/\/colegioarquitectos.com\/noticias\/\",\"logo\":{\"@type\":\"ImageObject\",\"inLanguage\":\"es\",\"@id\":\"https:\/\/colegioarquitectos.com\/noticias\/#\/schema\/logo\/image\/\",\"url\":\"https:\/\/colegioarquitectos.com\/noticias\/wp-content\/uploads\/2021\/05\/ENCABEZADO-LOGO-CA.jpg\",\"contentUrl\":\"https:\/\/colegioarquitectos.com\/noticias\/wp-content\/uploads\/2021\/05\/ENCABEZADO-LOGO-CA.jpg\",\"width\":690,\"height\":350,\"caption\":\"COLEGIO DE ARQUITECTOS DE CHILE\"},\"image\":{\"@id\":\"https:\/\/colegioarquitectos.com\/noticias\/#\/schema\/logo\/image\/\"},\"sameAs\":[\"https:\/\/facebook.com\/Colegioarq\/\",\"https:\/\/x.com\/colegioarq\",\"https:\/\/instagram.com\/colegioarq\",\"https:\/\/youtube.com\/@ColegiodeArquitectosdeChile\"]},{\"@type\":\"Person\",\"@id\":\"https:\/\/colegioarquitectos.com\/noticias\/#\/schema\/person\/685cc0aad148303c5608f049af8285ad\",\"name\":\"Colegio de Arquitectos de Chile\",\"url\":\"https:\/\/colegioarquitectos.com\/noticias\/?author=4\"}]}<\/script>\n<!-- \/ Yoast SEO plugin. -->","yoast_head_json":{"title":"Premio Iberoamericano de Patrimonio 2016 reconoce 7 proyectos chilenos - COLEGIO DE ARQUITECTOS DE CHILE","robots":{"index":"index","follow":"follow","max-snippet":"max-snippet:-1","max-image-preview":"max-image-preview:large","max-video-preview":"max-video-preview:-1"},"canonical":"https:\/\/colegioarquitectos.com\/noticias\/?p=14310","og_locale":"es_ES","og_type":"article","og_title":"Premio Iberoamericano de Patrimonio 2016 reconoce 7 proyectos chilenos - COLEGIO DE ARQUITECTOS DE CHILE","og_description":"La Sociedad Central de Arquitectos de Argentina (SCA) y el Centro Internacional para la Conservaci\u00f3n del Patrimonio del mismo pa\u00eds (CICoP.AR), acaban de anunciar los proyectos ganadores y las menciones honrosas de la d\u00e9cima edici\u00f3n del \u201cPremio Iberoamericano a la &hellip; ver m\u00e1s","og_url":"https:\/\/colegioarquitectos.com\/noticias\/?p=14310","og_site_name":"COLEGIO DE ARQUITECTOS DE CHILE","article_publisher":"https:\/\/facebook.com\/Colegioarq\/","article_published_time":"2016-08-29T18:22:13+00:00","article_modified_time":"2016-08-29T18:28:00+00:00","og_image":[{"width":690,"height":350,"url":"https:\/\/colegioarquitectos.com\/noticias\/wp-content\/uploads\/2016\/08\/Portada-Premio-Iberoamericano.jpg","type":"image\/jpeg"}],"author":"Colegio de Arquitectos de Chile","twitter_card":"summary_large_image","twitter_creator":"@colegioarq","twitter_site":"@colegioarq","twitter_misc":{"Escrito por":"Colegio de Arquitectos de Chile","Tiempo de lectura":"3 minutos"},"schema":{"@context":"https:\/\/schema.org","@graph":[{"@type":"Article","@id":"https:\/\/colegioarquitectos.com\/noticias\/?p=14310#article","isPartOf":{"@id":"https:\/\/colegioarquitectos.com\/noticias\/?p=14310"},"author":{"name":"Colegio de Arquitectos de Chile","@id":"https:\/\/colegioarquitectos.com\/noticias\/#\/schema\/person\/685cc0aad148303c5608f049af8285ad"},"headline":"Premio Iberoamericano de Patrimonio 2016 reconoce 7 proyectos chilenos","datePublished":"2016-08-29T18:22:13+00:00","dateModified":"2016-08-29T18:28:00+00:00","mainEntityOfPage":{"@id":"https:\/\/colegioarquitectos.com\/noticias\/?p=14310"},"wordCount":659,"commentCount":0,"publisher":{"@id":"https:\/\/colegioarquitectos.com\/noticias\/#organization"},"image":{"@id":"https:\/\/colegioarquitectos.com\/noticias\/?p=14310#primaryimage"},"thumbnailUrl":"https:\/\/colegioarquitectos.com\/noticias\/wp-content\/uploads\/2016\/08\/Portada-Premio-Iberoamericano.jpg","articleSection":["Noticias"],"inLanguage":"es","potentialAction":[{"@type":"CommentAction","name":"Comment","target":["https:\/\/colegioarquitectos.com\/noticias\/?p=14310#respond"]}]},{"@type":"WebPage","@id":"https:\/\/colegioarquitectos.com\/noticias\/?p=14310","url":"https:\/\/colegioarquitectos.com\/noticias\/?p=14310","name":"Premio Iberoamericano de Patrimonio 2016 reconoce 7 proyectos chilenos - COLEGIO DE ARQUITECTOS DE CHILE","isPartOf":{"@id":"https:\/\/colegioarquitectos.com\/noticias\/#website"},"primaryImageOfPage":{"@id":"https:\/\/colegioarquitectos.com\/noticias\/?p=14310#primaryimage"},"image":{"@id":"https:\/\/colegioarquitectos.com\/noticias\/?p=14310#primaryimage"},"thumbnailUrl":"https:\/\/colegioarquitectos.com\/noticias\/wp-content\/uploads\/2016\/08\/Portada-Premio-Iberoamericano.jpg","datePublished":"2016-08-29T18:22:13+00:00","dateModified":"2016-08-29T18:28:00+00:00","breadcrumb":{"@id":"https:\/\/colegioarquitectos.com\/noticias\/?p=14310#breadcrumb"},"inLanguage":"es","potentialAction":[{"@type":"ReadAction","target":["https:\/\/colegioarquitectos.com\/noticias\/?p=14310"]}]},{"@type":"ImageObject","inLanguage":"es","@id":"https:\/\/colegioarquitectos.com\/noticias\/?p=14310#primaryimage","url":"https:\/\/colegioarquitectos.com\/noticias\/wp-content\/uploads\/2016\/08\/Portada-Premio-Iberoamericano.jpg","contentUrl":"https:\/\/colegioarquitectos.com\/noticias\/wp-content\/uploads\/2016\/08\/Portada-Premio-Iberoamericano.jpg","width":690,"height":350},{"@type":"BreadcrumbList","@id":"https:\/\/colegioarquitectos.com\/noticias\/?p=14310#breadcrumb","itemListElement":[{"@type":"ListItem","position":1,"name":"Portada","item":"https:\/\/colegioarquitectos.com\/noticias"},{"@type":"ListItem","position":2,"name":"Premio Iberoamericano de Patrimonio 2016 reconoce 7 proyectos chilenos"}]},{"@type":"WebSite","@id":"https:\/\/colegioarquitectos.com\/noticias\/#website","url":"https:\/\/colegioarquitectos.com\/noticias\/","name":"COLEGIO DE ARQUITECTOS DE CHILE","description":"","publisher":{"@id":"https:\/\/colegioarquitectos.com\/noticias\/#organization"},"potentialAction":[{"@type":"SearchAction","target":{"@type":"EntryPoint","urlTemplate":"https:\/\/colegioarquitectos.com\/noticias\/?s={search_term_string}"},"query-input":{"@type":"PropertyValueSpecification","valueRequired":true,"valueName":"search_term_string"}}],"inLanguage":"es"},{"@type":"Organization","@id":"https:\/\/colegioarquitectos.com\/noticias\/#organization","name":"COLEGIO DE ARQUITECTOS DE CHILE","url":"https:\/\/colegioarquitectos.com\/noticias\/","logo":{"@type":"ImageObject","inLanguage":"es","@id":"https:\/\/colegioarquitectos.com\/noticias\/#\/schema\/logo\/image\/","url":"https:\/\/colegioarquitectos.com\/noticias\/wp-content\/uploads\/2021\/05\/ENCABEZADO-LOGO-CA.jpg","contentUrl":"https:\/\/colegioarquitectos.com\/noticias\/wp-content\/uploads\/2021\/05\/ENCABEZADO-LOGO-CA.jpg","width":690,"height":350,"caption":"COLEGIO DE ARQUITECTOS DE CHILE"},"image":{"@id":"https:\/\/colegioarquitectos.com\/noticias\/#\/schema\/logo\/image\/"},"sameAs":["https:\/\/facebook.com\/Colegioarq\/","https:\/\/x.com\/colegioarq","https:\/\/instagram.com\/colegioarq","https:\/\/youtube.com\/@ColegiodeArquitectosdeChile"]},{"@type":"Person","@id":"https:\/\/colegioarquitectos.com\/noticias\/#\/schema\/person\/685cc0aad148303c5608f049af8285ad","name":"Colegio de Arquitectos de Chile","url":"https:\/\/colegioarquitectos.com\/noticias\/?author=4"}]}},"_links":{"self":[{"href":"https:\/\/colegioarquitectos.com\/noticias\/index.php?rest_route=\/wp\/v2\/posts\/14310","targetHints":{"allow":["GET"]}}],"collection":[{"href":"https:\/\/colegioarquitectos.com\/noticias\/index.php?rest_route=\/wp\/v2\/posts"}],"about":[{"href":"https:\/\/colegioarquitectos.com\/noticias\/index.php?rest_route=\/wp\/v2\/types\/post"}],"author":[{"embeddable":true,"href":"https:\/\/colegioarquitectos.com\/noticias\/index.php?rest_route=\/wp\/v2\/users\/4"}],"replies":[{"embeddable":true,"href":"https:\/\/colegioarquitectos.com\/noticias\/index.php?rest_route=%2Fwp%2Fv2%2Fcomments&post=14310"}],"version-history":[{"count":0,"href":"https:\/\/colegioarquitectos.com\/noticias\/index.php?rest_route=\/wp\/v2\/posts\/14310\/revisions"}],"wp:featuredmedia":[{"embeddable":true,"href":"https:\/\/colegioarquitectos.com\/noticias\/index.php?rest_route=\/wp\/v2\/media\/14318"}],"wp:attachment":[{"href":"https:\/\/colegioarquitectos.com\/noticias\/index.php?rest_route=%2Fwp%2Fv2%2Fmedia&parent=14310"}],"wp:term":[{"taxonomy":"category","embeddable":true,"href":"https:\/\/colegioarquitectos.com\/noticias\/index.php?rest_route=%2Fwp%2Fv2%2Fcategories&post=14310"},{"taxonomy":"post_tag","embeddable":true,"href":"https:\/\/colegioarquitectos.com\/noticias\/index.php?rest_route=%2Fwp%2Fv2%2Ftags&post=14310"}],"curies":[{"name":"wp","href":"https:\/\/api.w.org\/{rel}","templated":true}]}}