
{"id":14333,"date":"2016-08-31T09:00:14","date_gmt":"2016-08-31T09:00:14","guid":{"rendered":"http:\/\/colegioarquitectos.com\/?p=14333"},"modified":"2016-08-29T21:59:51","modified_gmt":"2016-08-29T21:59:51","slug":"concurso-anteproyectos-diseno-museo-regional-de-la-memoria-y-los-ddhh","status":"publish","type":"post","link":"https:\/\/colegioarquitectos.com\/noticias\/?p=14333","title":{"rendered":"Concurso Anteproyectos dise\u00f1o \u201cMuseo Regional de la Memoria y los DDHH\u201d"},"content":{"rendered":"<p>La Direcci\u00f3n de Arquitectura del Ministerio de Obras P\u00fablicas y la Corporaci\u00f3n Regional por la\u00a0Memoria y los DDHH de la Regi\u00f3n del Biob\u00edo, lo invita a participar de la convocatoria al Concurso\u00a0P\u00fablico de Anteproyectos de Arquitectura para el dise\u00f1o del proyecto \u201cConstrucci\u00f3n Museo\u00a0Regional de la Memoria y los DDHH, Regi\u00f3n del B\u00edo B\u00edo.\u201d<\/p>\n<p>Podr\u00e1n Participar Arquitectos chilenos o extranjeros que est\u00e9n habilitados legalmente para ejercer la profesi\u00f3n en Chile, estos deber\u00e1n componer un equipo multidisciplinario compuesto\u00a0por:<\/p>\n<p>a) Arquitecto \/a, con un m\u00ednimo de 3 a\u00f1os de experiencia profesional, con una experiencia de a lo menos 3 proyectos de dise\u00f1o en los que haya participado como Jefe de Proyecto y\/o Coordinaci\u00f3n.<\/p>\n<p>b) Especialista Estructural, Ingeniero\/a Civil, con un m\u00ednimo de 5 a\u00f1os de experiencia profesional.<\/p>\n<p>El concurso contempla 3 premios y 1 menci\u00f3n honrosa, cuyos montos son:<\/p>\n<p>Primer lugar: $ 10.000.000.-<\/p>\n<p>Segundo lugar: $ 6.500.000.-<\/p>\n<p>Tercer lugar: $ 3.500.000.-<\/p>\n<p>Menci\u00f3n Honrosa: $ 1.000.000.-<\/p>\n<p>Las Bases del Concurso se encontrar\u00e1n disponibles en la p\u00e1gina web <a href=\"http:\/\/arquitectura.mop.cl\/Paginas\/default.aspx\">www.arquitecturamop.cl<\/a> y en la plataforma de Mercado P\u00fablico <a href=\"https:\/\/www.mercadopublico.cl\/Home\">www.mercadopublico.cl<\/a>; desde su publicaci\u00f3n que ser\u00e1 el mi\u00e9rcoles 31 de AGOSTO del 2016. Las inscripciones ser\u00e1n recepcionadas hasta el 06 de septiembre 2016.<\/p>\n<p>&nbsp;<\/p>\n<p><a href=\"http:\/\/colegioarquitectos.com\/noticias\/wp-content\/uploads\/2016\/08\/AFICHE-CONCURSO-alta-23.jpg\"><img loading=\"lazy\" decoding=\"async\" class=\"alignnone wp-image-14336 size-full\" src=\"http:\/\/colegioarquitectos.com\/noticias\/wp-content\/uploads\/2016\/08\/AFICHE-CONCURSO-alta-23.jpg\" alt=\"AFICHE CONCURSO alta 23.08\" width=\"586\" height=\"1500\" srcset=\"https:\/\/colegioarquitectos.com\/noticias\/wp-content\/uploads\/2016\/08\/AFICHE-CONCURSO-alta-23.jpg 586w, https:\/\/colegioarquitectos.com\/noticias\/wp-content\/uploads\/2016\/08\/AFICHE-CONCURSO-alta-23-117x300.jpg 117w, https:\/\/colegioarquitectos.com\/noticias\/wp-content\/uploads\/2016\/08\/AFICHE-CONCURSO-alta-23-400x1024.jpg 400w\" sizes=\"auto, (max-width: 586px) 100vw, 586px\" \/><\/a><\/p>\n<p>&nbsp;<\/p>\n<p><\/p>","protected":false},"excerpt":{"rendered":"<p>La Direcci\u00f3n de Arquitectura del Ministerio de Obras P\u00fablicas y la Corporaci\u00f3n Regional por la\u00a0Memoria y los DDHH de la Regi\u00f3n del Biob\u00edo, lo invita a participar de la convocatoria al Concurso\u00a0P\u00fablico de Anteproyectos de Arquitectura para el dise\u00f1o del &hellip; <a class=\"more-link\" href=\"https:\/\/colegioarquitectos.com\/noticias\/?p=14333\">ver m\u00e1s<\/a><\/p>","protected":false},"author":4,"featured_media":14335,"comment_status":"open","ping_status":"open","sticky":false,"template":"","format":"standard","meta":{"footnotes":""},"categories":[3],"tags":[],"class_list":["post-14333","post","type-post","status-publish","format-standard","has-post-thumbnail","hentry","category-noticias"],"yoast_head":"<!-- This site is optimized with the Yoast SEO plugin v24.2 - https:\/\/yoast.com\/wordpress\/plugins\/seo\/ -->\n<title>Concurso Anteproyectos dise\u00f1o \u201cMuseo Regional de la Memoria y los DDHH\u201d - COLEGIO DE ARQUITECTOS DE CHILE<\/title>\n<meta name=\"robots\" content=\"index, follow, max-snippet:-1, max-image-preview:large, max-video-preview:-1\" \/>\n<link rel=\"canonical\" href=\"https:\/\/colegioarquitectos.com\/noticias\/?p=14333\" \/>\n<meta property=\"og:locale\" content=\"es_ES\" \/>\n<meta property=\"og:type\" content=\"article\" \/>\n<meta property=\"og:title\" content=\"Concurso Anteproyectos dise\u00f1o \u201cMuseo Regional de la Memoria y los DDHH\u201d - COLEGIO DE ARQUITECTOS DE CHILE\" \/>\n<meta property=\"og:description\" content=\"La Direcci\u00f3n de Arquitectura del Ministerio de Obras P\u00fablicas y la Corporaci\u00f3n Regional por la\u00a0Memoria y los DDHH de la Regi\u00f3n del Biob\u00edo, lo invita a participar de la convocatoria al Concurso\u00a0P\u00fablico de Anteproyectos de Arquitectura para el dise\u00f1o del &hellip; ver m\u00e1s\" \/>\n<meta property=\"og:url\" content=\"https:\/\/colegioarquitectos.com\/noticias\/?p=14333\" \/>\n<meta property=\"og:site_name\" content=\"COLEGIO DE ARQUITECTOS DE CHILE\" \/>\n<meta property=\"article:publisher\" content=\"https:\/\/facebook.com\/Colegioarq\/\" \/>\n<meta property=\"article:published_time\" content=\"2016-08-31T09:00:14+00:00\" \/>\n<meta property=\"article:modified_time\" content=\"2016-08-29T21:59:51+00:00\" \/>\n<meta property=\"og:image\" content=\"https:\/\/colegioarquitectos.com\/noticias\/wp-content\/uploads\/2016\/08\/Museo-de-la-Memoria-Conce-Portada.jpg\" \/>\n\t<meta property=\"og:image:width\" content=\"690\" \/>\n\t<meta property=\"og:image:height\" content=\"350\" \/>\n\t<meta property=\"og:image:type\" content=\"image\/jpeg\" \/>\n<meta name=\"author\" content=\"Colegio de Arquitectos de Chile\" \/>\n<meta name=\"twitter:card\" content=\"summary_large_image\" \/>\n<meta name=\"twitter:creator\" content=\"@colegioarq\" \/>\n<meta name=\"twitter:site\" content=\"@colegioarq\" \/>\n<meta name=\"twitter:label1\" content=\"Escrito por\" \/>\n\t<meta name=\"twitter:data1\" content=\"Colegio de Arquitectos de Chile\" \/>\n\t<meta name=\"twitter:label2\" content=\"Tiempo de lectura\" \/>\n\t<meta name=\"twitter:data2\" content=\"1 minuto\" \/>\n<script type=\"application\/ld+json\" class=\"yoast-schema-graph\">{\"@context\":\"https:\/\/schema.org\",\"@graph\":[{\"@type\":\"Article\",\"@id\":\"https:\/\/colegioarquitectos.com\/noticias\/?p=14333#article\",\"isPartOf\":{\"@id\":\"https:\/\/colegioarquitectos.com\/noticias\/?p=14333\"},\"author\":{\"name\":\"Colegio de Arquitectos de Chile\",\"@id\":\"https:\/\/colegioarquitectos.com\/noticias\/#\/schema\/person\/685cc0aad148303c5608f049af8285ad\"},\"headline\":\"Concurso Anteproyectos dise\u00f1o \u201cMuseo Regional de la Memoria y los DDHH\u201d\",\"datePublished\":\"2016-08-31T09:00:14+00:00\",\"dateModified\":\"2016-08-29T21:59:51+00:00\",\"mainEntityOfPage\":{\"@id\":\"https:\/\/colegioarquitectos.com\/noticias\/?p=14333\"},\"wordCount\":234,\"commentCount\":0,\"publisher\":{\"@id\":\"https:\/\/colegioarquitectos.com\/noticias\/#organization\"},\"image\":{\"@id\":\"https:\/\/colegioarquitectos.com\/noticias\/?p=14333#primaryimage\"},\"thumbnailUrl\":\"https:\/\/colegioarquitectos.com\/noticias\/wp-content\/uploads\/2016\/08\/Museo-de-la-Memoria-Conce-Portada.jpg\",\"articleSection\":[\"Noticias\"],\"inLanguage\":\"es\",\"potentialAction\":[{\"@type\":\"CommentAction\",\"name\":\"Comment\",\"target\":[\"https:\/\/colegioarquitectos.com\/noticias\/?p=14333#respond\"]}]},{\"@type\":\"WebPage\",\"@id\":\"https:\/\/colegioarquitectos.com\/noticias\/?p=14333\",\"url\":\"https:\/\/colegioarquitectos.com\/noticias\/?p=14333\",\"name\":\"Concurso Anteproyectos dise\u00f1o \u201cMuseo Regional de la Memoria y los DDHH\u201d - COLEGIO DE ARQUITECTOS DE CHILE\",\"isPartOf\":{\"@id\":\"https:\/\/colegioarquitectos.com\/noticias\/#website\"},\"primaryImageOfPage\":{\"@id\":\"https:\/\/colegioarquitectos.com\/noticias\/?p=14333#primaryimage\"},\"image\":{\"@id\":\"https:\/\/colegioarquitectos.com\/noticias\/?p=14333#primaryimage\"},\"thumbnailUrl\":\"https:\/\/colegioarquitectos.com\/noticias\/wp-content\/uploads\/2016\/08\/Museo-de-la-Memoria-Conce-Portada.jpg\",\"datePublished\":\"2016-08-31T09:00:14+00:00\",\"dateModified\":\"2016-08-29T21:59:51+00:00\",\"breadcrumb\":{\"@id\":\"https:\/\/colegioarquitectos.com\/noticias\/?p=14333#breadcrumb\"},\"inLanguage\":\"es\",\"potentialAction\":[{\"@type\":\"ReadAction\",\"target\":[\"https:\/\/colegioarquitectos.com\/noticias\/?p=14333\"]}]},{\"@type\":\"ImageObject\",\"inLanguage\":\"es\",\"@id\":\"https:\/\/colegioarquitectos.com\/noticias\/?p=14333#primaryimage\",\"url\":\"https:\/\/colegioarquitectos.com\/noticias\/wp-content\/uploads\/2016\/08\/Museo-de-la-Memoria-Conce-Portada.jpg\",\"contentUrl\":\"https:\/\/colegioarquitectos.com\/noticias\/wp-content\/uploads\/2016\/08\/Museo-de-la-Memoria-Conce-Portada.jpg\",\"width\":690,\"height\":350},{\"@type\":\"BreadcrumbList\",\"@id\":\"https:\/\/colegioarquitectos.com\/noticias\/?p=14333#breadcrumb\",\"itemListElement\":[{\"@type\":\"ListItem\",\"position\":1,\"name\":\"Portada\",\"item\":\"https:\/\/colegioarquitectos.com\/noticias\"},{\"@type\":\"ListItem\",\"position\":2,\"name\":\"Concurso Anteproyectos dise\u00f1o \u201cMuseo Regional de la Memoria y los DDHH\u201d\"}]},{\"@type\":\"WebSite\",\"@id\":\"https:\/\/colegioarquitectos.com\/noticias\/#website\",\"url\":\"https:\/\/colegioarquitectos.com\/noticias\/\",\"name\":\"COLEGIO DE ARQUITECTOS DE CHILE\",\"description\":\"\",\"publisher\":{\"@id\":\"https:\/\/colegioarquitectos.com\/noticias\/#organization\"},\"potentialAction\":[{\"@type\":\"SearchAction\",\"target\":{\"@type\":\"EntryPoint\",\"urlTemplate\":\"https:\/\/colegioarquitectos.com\/noticias\/?s={search_term_string}\"},\"query-input\":{\"@type\":\"PropertyValueSpecification\",\"valueRequired\":true,\"valueName\":\"search_term_string\"}}],\"inLanguage\":\"es\"},{\"@type\":\"Organization\",\"@id\":\"https:\/\/colegioarquitectos.com\/noticias\/#organization\",\"name\":\"COLEGIO DE ARQUITECTOS DE CHILE\",\"url\":\"https:\/\/colegioarquitectos.com\/noticias\/\",\"logo\":{\"@type\":\"ImageObject\",\"inLanguage\":\"es\",\"@id\":\"https:\/\/colegioarquitectos.com\/noticias\/#\/schema\/logo\/image\/\",\"url\":\"https:\/\/colegioarquitectos.com\/noticias\/wp-content\/uploads\/2021\/05\/ENCABEZADO-LOGO-CA.jpg\",\"contentUrl\":\"https:\/\/colegioarquitectos.com\/noticias\/wp-content\/uploads\/2021\/05\/ENCABEZADO-LOGO-CA.jpg\",\"width\":690,\"height\":350,\"caption\":\"COLEGIO DE ARQUITECTOS DE CHILE\"},\"image\":{\"@id\":\"https:\/\/colegioarquitectos.com\/noticias\/#\/schema\/logo\/image\/\"},\"sameAs\":[\"https:\/\/facebook.com\/Colegioarq\/\",\"https:\/\/x.com\/colegioarq\",\"https:\/\/instagram.com\/colegioarq\",\"https:\/\/youtube.com\/@ColegiodeArquitectosdeChile\"]},{\"@type\":\"Person\",\"@id\":\"https:\/\/colegioarquitectos.com\/noticias\/#\/schema\/person\/685cc0aad148303c5608f049af8285ad\",\"name\":\"Colegio de Arquitectos de Chile\",\"url\":\"https:\/\/colegioarquitectos.com\/noticias\/?author=4\"}]}<\/script>\n<!-- \/ Yoast SEO plugin. -->","yoast_head_json":{"title":"Concurso Anteproyectos dise\u00f1o \u201cMuseo Regional de la Memoria y los DDHH\u201d - COLEGIO DE ARQUITECTOS DE CHILE","robots":{"index":"index","follow":"follow","max-snippet":"max-snippet:-1","max-image-preview":"max-image-preview:large","max-video-preview":"max-video-preview:-1"},"canonical":"https:\/\/colegioarquitectos.com\/noticias\/?p=14333","og_locale":"es_ES","og_type":"article","og_title":"Concurso Anteproyectos dise\u00f1o \u201cMuseo Regional de la Memoria y los DDHH\u201d - COLEGIO DE ARQUITECTOS DE CHILE","og_description":"La Direcci\u00f3n de Arquitectura del Ministerio de Obras P\u00fablicas y la Corporaci\u00f3n Regional por la\u00a0Memoria y los DDHH de la Regi\u00f3n del Biob\u00edo, lo invita a participar de la convocatoria al Concurso\u00a0P\u00fablico de Anteproyectos de Arquitectura para el dise\u00f1o del &hellip; ver m\u00e1s","og_url":"https:\/\/colegioarquitectos.com\/noticias\/?p=14333","og_site_name":"COLEGIO DE ARQUITECTOS DE CHILE","article_publisher":"https:\/\/facebook.com\/Colegioarq\/","article_published_time":"2016-08-31T09:00:14+00:00","article_modified_time":"2016-08-29T21:59:51+00:00","og_image":[{"width":690,"height":350,"url":"https:\/\/colegioarquitectos.com\/noticias\/wp-content\/uploads\/2016\/08\/Museo-de-la-Memoria-Conce-Portada.jpg","type":"image\/jpeg"}],"author":"Colegio de Arquitectos de Chile","twitter_card":"summary_large_image","twitter_creator":"@colegioarq","twitter_site":"@colegioarq","twitter_misc":{"Escrito por":"Colegio de Arquitectos de Chile","Tiempo de lectura":"1 minuto"},"schema":{"@context":"https:\/\/schema.org","@graph":[{"@type":"Article","@id":"https:\/\/colegioarquitectos.com\/noticias\/?p=14333#article","isPartOf":{"@id":"https:\/\/colegioarquitectos.com\/noticias\/?p=14333"},"author":{"name":"Colegio de Arquitectos de Chile","@id":"https:\/\/colegioarquitectos.com\/noticias\/#\/schema\/person\/685cc0aad148303c5608f049af8285ad"},"headline":"Concurso Anteproyectos dise\u00f1o \u201cMuseo Regional de la Memoria y los DDHH\u201d","datePublished":"2016-08-31T09:00:14+00:00","dateModified":"2016-08-29T21:59:51+00:00","mainEntityOfPage":{"@id":"https:\/\/colegioarquitectos.com\/noticias\/?p=14333"},"wordCount":234,"commentCount":0,"publisher":{"@id":"https:\/\/colegioarquitectos.com\/noticias\/#organization"},"image":{"@id":"https:\/\/colegioarquitectos.com\/noticias\/?p=14333#primaryimage"},"thumbnailUrl":"https:\/\/colegioarquitectos.com\/noticias\/wp-content\/uploads\/2016\/08\/Museo-de-la-Memoria-Conce-Portada.jpg","articleSection":["Noticias"],"inLanguage":"es","potentialAction":[{"@type":"CommentAction","name":"Comment","target":["https:\/\/colegioarquitectos.com\/noticias\/?p=14333#respond"]}]},{"@type":"WebPage","@id":"https:\/\/colegioarquitectos.com\/noticias\/?p=14333","url":"https:\/\/colegioarquitectos.com\/noticias\/?p=14333","name":"Concurso Anteproyectos dise\u00f1o \u201cMuseo Regional de la Memoria y los DDHH\u201d - COLEGIO DE ARQUITECTOS DE CHILE","isPartOf":{"@id":"https:\/\/colegioarquitectos.com\/noticias\/#website"},"primaryImageOfPage":{"@id":"https:\/\/colegioarquitectos.com\/noticias\/?p=14333#primaryimage"},"image":{"@id":"https:\/\/colegioarquitectos.com\/noticias\/?p=14333#primaryimage"},"thumbnailUrl":"https:\/\/colegioarquitectos.com\/noticias\/wp-content\/uploads\/2016\/08\/Museo-de-la-Memoria-Conce-Portada.jpg","datePublished":"2016-08-31T09:00:14+00:00","dateModified":"2016-08-29T21:59:51+00:00","breadcrumb":{"@id":"https:\/\/colegioarquitectos.com\/noticias\/?p=14333#breadcrumb"},"inLanguage":"es","potentialAction":[{"@type":"ReadAction","target":["https:\/\/colegioarquitectos.com\/noticias\/?p=14333"]}]},{"@type":"ImageObject","inLanguage":"es","@id":"https:\/\/colegioarquitectos.com\/noticias\/?p=14333#primaryimage","url":"https:\/\/colegioarquitectos.com\/noticias\/wp-content\/uploads\/2016\/08\/Museo-de-la-Memoria-Conce-Portada.jpg","contentUrl":"https:\/\/colegioarquitectos.com\/noticias\/wp-content\/uploads\/2016\/08\/Museo-de-la-Memoria-Conce-Portada.jpg","width":690,"height":350},{"@type":"BreadcrumbList","@id":"https:\/\/colegioarquitectos.com\/noticias\/?p=14333#breadcrumb","itemListElement":[{"@type":"ListItem","position":1,"name":"Portada","item":"https:\/\/colegioarquitectos.com\/noticias"},{"@type":"ListItem","position":2,"name":"Concurso Anteproyectos dise\u00f1o \u201cMuseo Regional de la Memoria y los DDHH\u201d"}]},{"@type":"WebSite","@id":"https:\/\/colegioarquitectos.com\/noticias\/#website","url":"https:\/\/colegioarquitectos.com\/noticias\/","name":"COLEGIO DE ARQUITECTOS DE CHILE","description":"","publisher":{"@id":"https:\/\/colegioarquitectos.com\/noticias\/#organization"},"potentialAction":[{"@type":"SearchAction","target":{"@type":"EntryPoint","urlTemplate":"https:\/\/colegioarquitectos.com\/noticias\/?s={search_term_string}"},"query-input":{"@type":"PropertyValueSpecification","valueRequired":true,"valueName":"search_term_string"}}],"inLanguage":"es"},{"@type":"Organization","@id":"https:\/\/colegioarquitectos.com\/noticias\/#organization","name":"COLEGIO DE ARQUITECTOS DE CHILE","url":"https:\/\/colegioarquitectos.com\/noticias\/","logo":{"@type":"ImageObject","inLanguage":"es","@id":"https:\/\/colegioarquitectos.com\/noticias\/#\/schema\/logo\/image\/","url":"https:\/\/colegioarquitectos.com\/noticias\/wp-content\/uploads\/2021\/05\/ENCABEZADO-LOGO-CA.jpg","contentUrl":"https:\/\/colegioarquitectos.com\/noticias\/wp-content\/uploads\/2021\/05\/ENCABEZADO-LOGO-CA.jpg","width":690,"height":350,"caption":"COLEGIO DE ARQUITECTOS DE CHILE"},"image":{"@id":"https:\/\/colegioarquitectos.com\/noticias\/#\/schema\/logo\/image\/"},"sameAs":["https:\/\/facebook.com\/Colegioarq\/","https:\/\/x.com\/colegioarq","https:\/\/instagram.com\/colegioarq","https:\/\/youtube.com\/@ColegiodeArquitectosdeChile"]},{"@type":"Person","@id":"https:\/\/colegioarquitectos.com\/noticias\/#\/schema\/person\/685cc0aad148303c5608f049af8285ad","name":"Colegio de Arquitectos de Chile","url":"https:\/\/colegioarquitectos.com\/noticias\/?author=4"}]}},"_links":{"self":[{"href":"https:\/\/colegioarquitectos.com\/noticias\/index.php?rest_route=\/wp\/v2\/posts\/14333","targetHints":{"allow":["GET"]}}],"collection":[{"href":"https:\/\/colegioarquitectos.com\/noticias\/index.php?rest_route=\/wp\/v2\/posts"}],"about":[{"href":"https:\/\/colegioarquitectos.com\/noticias\/index.php?rest_route=\/wp\/v2\/types\/post"}],"author":[{"embeddable":true,"href":"https:\/\/colegioarquitectos.com\/noticias\/index.php?rest_route=\/wp\/v2\/users\/4"}],"replies":[{"embeddable":true,"href":"https:\/\/colegioarquitectos.com\/noticias\/index.php?rest_route=%2Fwp%2Fv2%2Fcomments&post=14333"}],"version-history":[{"count":0,"href":"https:\/\/colegioarquitectos.com\/noticias\/index.php?rest_route=\/wp\/v2\/posts\/14333\/revisions"}],"wp:featuredmedia":[{"embeddable":true,"href":"https:\/\/colegioarquitectos.com\/noticias\/index.php?rest_route=\/wp\/v2\/media\/14335"}],"wp:attachment":[{"href":"https:\/\/colegioarquitectos.com\/noticias\/index.php?rest_route=%2Fwp%2Fv2%2Fmedia&parent=14333"}],"wp:term":[{"taxonomy":"category","embeddable":true,"href":"https:\/\/colegioarquitectos.com\/noticias\/index.php?rest_route=%2Fwp%2Fv2%2Fcategories&post=14333"},{"taxonomy":"post_tag","embeddable":true,"href":"https:\/\/colegioarquitectos.com\/noticias\/index.php?rest_route=%2Fwp%2Fv2%2Ftags&post=14333"}],"curies":[{"name":"wp","href":"https:\/\/api.w.org\/{rel}","templated":true}]}}