
{"id":14338,"date":"2016-08-29T23:28:25","date_gmt":"2016-08-29T23:28:25","guid":{"rendered":"http:\/\/colegioarquitectos.com\/?p=14338"},"modified":"2016-08-29T23:28:25","modified_gmt":"2016-08-29T23:28:25","slug":"hospitalaria-2016-congreso-discutira-necesidades-desafios-y-politicas-publicas-en-infraestructura-de-salud-nacional","status":"publish","type":"post","link":"https:\/\/colegioarquitectos.com\/noticias\/?p=14338","title":{"rendered":"Hospitalaria 2016: Congreso discutir\u00e1 necesidades, desaf\u00edos y pol\u00edticas p\u00fablicas en infraestructura de salud nacional"},"content":{"rendered":"<p>Sus tres jornadas congregar\u00e1n a un amplio n\u00famero de expertos de las m\u00e1s diversas \u00e1reas del dise\u00f1o hospitalario, as\u00ed como a las entidades p\u00fablicas clave para la materializaci\u00f3n de los est\u00e1ndares de infraestructura que Chile necesita hoy.<\/p>\n<p>Estados Unidos, Espa\u00f1a, Italia, Holanda, Gran Breta\u00f1a, Argentina, Portugal y Chile son los pa\u00edses que congregar\u00e1 el 7\u00b0 Congreso de Infraestructura Hospitalaria en Chile los d\u00edas 6, 7 y 8 de septiembre de 2016, donde profesionales l\u00edderes de proyectos emblem\u00e1ticos realizados en todo el mundo, as\u00ed como importantes entidades p\u00fablicas, debatir\u00e1n y profundizar\u00e1n en variadas aristas vinculadas al dise\u00f1o y funcionamiento de instalaciones de salud.<\/p>\n<p>El espacio busca identificar las necesidades y desaf\u00edos pendientes en la infraestructura hospitalaria nacional, la que seg\u00fan el Informe Infraestructura Cr\u00edtica para el Desarrollo (ICD), de la C\u00e1mara Chilena de la Construcci\u00f3n, de sus\u00a0 2 millones de metros cuadrados totales, tendr\u00eda un 60% en regulares o malas condiciones.<\/p>\n<p>Por ello, y con miras a contribuir a las pol\u00edticas en el tema, resulta crucial el aporte de conferencias de instituciones como el Colegio M\u00e9dico\u00a0 de Chile, que expondr\u00e1 su visi\u00f3n en \u201cConstrucci\u00f3n e Infraestructura nuevos hospitales\u201d, a cargo de su Presidente, Dr. Enrique Paris, y de entidades estatales como el Ministerio de Salud, que destaca con \u00abPlan Nacional de Inversiones Ministerio de Salud\u201d, a cargo del Ingeniero Ignacio Canales, Jefe de Inversiones MINSAL, quien abordar\u00e1 los avances de un plan que, a juicio del conferencista, se tratar\u00eda de \u201cuna inversi\u00f3n hist\u00f3rica que para el 2018 deber\u00eda considerar aproximadamente 1,6 billones de pesos destinados al \u00e1rea\u201d.<\/p>\n<p>Por su parte, el Ministerio de Obras P\u00fablicas cubrir\u00e1 otras aristas de inter\u00e9s en la materia, como \u201cLicitaci\u00f3n y Contratos de edificaci\u00f3n hospitalaria en Chile\u201d y \u201cNuevo est\u00e1ndar de gesti\u00f3n de proyectos de infraestructura p\u00fablica\u201d, mientras que CORFO ahondar\u00e1 en su actual programa estrat\u00e9gico en productividad y construcci\u00f3n sustentable con la charla \u201cHoja de Ruta &#8216;Construye 2025&#8217;\u201d.<\/p>\n<p>En esta misma l\u00ednea destaca la cobertura que se dar\u00e1 a importantes proyectos nacionales en curso, como el Hospital Salvador e Instituto Nacional de Geriatr\u00eda, el Hospital F\u00e9lix Bulnes y el Hospital del Trabajador.<\/p>\n<p>Si bien el congreso considera m\u00e1s de treinta conferencias desde las m\u00e1s distintas aristas del quehacer hospitalario, este a\u00f1o se realizar\u00e1n tres grandes bloques tem\u00e1ticos. As\u00ed, dentro de la primera jornada tendr\u00e1 lugar el bloque BIM, dedicado a la metodolog\u00eda de modelado tridimensional que se busca exigir a licitaciones de edificaci\u00f3n de aqu\u00ed a 2020 a trav\u00e9s de distintos ministerios, para replicar la eficiencia constructiva y ahorro presupuestario alcanzados por Reino Unido y cuya aplicaci\u00f3n en Chile -entre otros beneficios- generar\u00eda ahorros en las arcas fiscales de alrededor de 36 millones de d\u00f3lares para el a\u00f1o 2017 y m\u00e1s de 100 millones para el a\u00f1o 2018.<\/p>\n<p>En tanto, la segunda jornada tendr\u00e1 un bloque de infraestructura geri\u00e1trica, orientado al enfrentamiento del acelerado ritmo de envejecimiento poblacional, pr\u00f3ximo a gatillar aumento exponencial de la demanda asistencial por afecciones relativas a la edad. Para finalizar, la jornada de cierre tendr\u00e1 un bloque de Sustentabilidad, donde instituciones como la Agencia Chilena de Eficiencia Energ\u00e9tica (AChEE) y expertos en el \u00e1rea de la eficiencia energ\u00e9tica y sostenibilidad en materia constructiva dar\u00e1n las claves del desarrollo de criterios amigables con el entorno a la hora de dise\u00f1ar espacios de salud.<\/p>\n<p>Es importante acotar que paralelamente se desarrollar\u00e1 una activa muestra comercial, donde empresas nacionales y extranjeras l\u00edderes del sector dar\u00e1n a conocer a un p\u00fablico multidisciplinario los \u00faltimos avances en equipamiento, tecnolog\u00eda y materialidades, algo vital para orientar la toma de decisiones en medio de los actuales esfuerzos por mejorar la infraestructura hospitalaria chilena.<\/p>\n<p>M\u00e1s informaci\u00f3n en <a href=\"http:\/\/www.hospitalaria.cl\">www.hospitalaria.cl<\/a><\/p>\n<p><a href=\"http:\/\/colegioarquitectos.com\/noticias\/wp-content\/uploads\/2016\/08\/Hospitalaria-AFICHE.jpg\"><img loading=\"lazy\" decoding=\"async\" class=\"alignnone wp-image-14340 \" src=\"http:\/\/colegioarquitectos.com\/noticias\/wp-content\/uploads\/2016\/08\/Hospitalaria-AFICHE.jpg\" alt=\"Hospitalaria AFICHE\" width=\"585\" height=\"741\" srcset=\"https:\/\/colegioarquitectos.com\/noticias\/wp-content\/uploads\/2016\/08\/Hospitalaria-AFICHE.jpg 1274w, https:\/\/colegioarquitectos.com\/noticias\/wp-content\/uploads\/2016\/08\/Hospitalaria-AFICHE-237x300.jpg 237w, https:\/\/colegioarquitectos.com\/noticias\/wp-content\/uploads\/2016\/08\/Hospitalaria-AFICHE-808x1024.jpg 808w\" sizes=\"auto, (max-width: 585px) 100vw, 585px\" \/><\/a><\/p>\n<p><a href=\"http:\/\/colegioarquitectos.com\/noticias\/wp-content\/uploads\/2016\/08\/Hospitalaria-2016-Programa1.png\"><img loading=\"lazy\" decoding=\"async\" class=\"alignnone wp-image-14342 size-full\" src=\"http:\/\/colegioarquitectos.com\/noticias\/wp-content\/uploads\/2016\/08\/Hospitalaria-2016-Programa1.png\" alt=\"Hospitalaria 2016 Programa\" width=\"1504\" height=\"768\" srcset=\"https:\/\/colegioarquitectos.com\/noticias\/wp-content\/uploads\/2016\/08\/Hospitalaria-2016-Programa1.png 1504w, https:\/\/colegioarquitectos.com\/noticias\/wp-content\/uploads\/2016\/08\/Hospitalaria-2016-Programa1-300x153.png 300w, https:\/\/colegioarquitectos.com\/noticias\/wp-content\/uploads\/2016\/08\/Hospitalaria-2016-Programa1-1024x523.png 1024w\" sizes=\"auto, (max-width: 1504px) 100vw, 1504px\" \/><\/a><\/p>\n<p>&nbsp;<\/p>\n<p>&nbsp;<\/p>\n<p><\/p>","protected":false},"excerpt":{"rendered":"<p>Sus tres jornadas congregar\u00e1n a un amplio n\u00famero de expertos de las m\u00e1s diversas \u00e1reas del dise\u00f1o hospitalario, as\u00ed como a las entidades p\u00fablicas clave para la materializaci\u00f3n de los est\u00e1ndares de infraestructura que Chile necesita hoy. Estados Unidos, Espa\u00f1a, &hellip; <a class=\"more-link\" href=\"https:\/\/colegioarquitectos.com\/noticias\/?p=14338\">ver m\u00e1s<\/a><\/p>","protected":false},"author":4,"featured_media":14339,"comment_status":"open","ping_status":"open","sticky":false,"template":"","format":"standard","meta":{"footnotes":""},"categories":[3],"tags":[],"class_list":["post-14338","post","type-post","status-publish","format-standard","has-post-thumbnail","hentry","category-noticias"],"yoast_head":"<!-- This site is optimized with the Yoast SEO plugin v24.2 - https:\/\/yoast.com\/wordpress\/plugins\/seo\/ -->\n<title>Hospitalaria 2016: Congreso discutir\u00e1 necesidades, desaf\u00edos y pol\u00edticas p\u00fablicas en infraestructura de salud nacional - COLEGIO DE ARQUITECTOS DE CHILE<\/title>\n<meta name=\"robots\" content=\"index, follow, max-snippet:-1, max-image-preview:large, max-video-preview:-1\" \/>\n<link rel=\"canonical\" href=\"https:\/\/colegioarquitectos.com\/noticias\/?p=14338\" \/>\n<meta property=\"og:locale\" content=\"es_ES\" \/>\n<meta property=\"og:type\" content=\"article\" \/>\n<meta property=\"og:title\" content=\"Hospitalaria 2016: Congreso discutir\u00e1 necesidades, desaf\u00edos y pol\u00edticas p\u00fablicas en infraestructura de salud nacional - COLEGIO DE ARQUITECTOS DE CHILE\" \/>\n<meta property=\"og:description\" content=\"Sus tres jornadas congregar\u00e1n a un amplio n\u00famero de expertos de las m\u00e1s diversas \u00e1reas del dise\u00f1o hospitalario, as\u00ed como a las entidades p\u00fablicas clave para la materializaci\u00f3n de los est\u00e1ndares de infraestructura que Chile necesita hoy. Estados Unidos, Espa\u00f1a, &hellip; ver m\u00e1s\" \/>\n<meta property=\"og:url\" content=\"https:\/\/colegioarquitectos.com\/noticias\/?p=14338\" \/>\n<meta property=\"og:site_name\" content=\"COLEGIO DE ARQUITECTOS DE CHILE\" \/>\n<meta property=\"article:publisher\" content=\"https:\/\/facebook.com\/Colegioarq\/\" \/>\n<meta property=\"article:published_time\" content=\"2016-08-29T23:28:25+00:00\" \/>\n<meta property=\"og:image\" content=\"https:\/\/colegioarquitectos.com\/noticias\/wp-content\/uploads\/2016\/08\/Portada-Infraestructura-Hospitalaria.jpg\" \/>\n\t<meta property=\"og:image:width\" content=\"690\" \/>\n\t<meta property=\"og:image:height\" content=\"350\" \/>\n\t<meta property=\"og:image:type\" content=\"image\/jpeg\" \/>\n<meta name=\"author\" content=\"Colegio de Arquitectos de Chile\" \/>\n<meta name=\"twitter:card\" content=\"summary_large_image\" \/>\n<meta name=\"twitter:creator\" content=\"@colegioarq\" \/>\n<meta name=\"twitter:site\" content=\"@colegioarq\" \/>\n<meta name=\"twitter:label1\" content=\"Escrito por\" \/>\n\t<meta name=\"twitter:data1\" content=\"Colegio de Arquitectos de Chile\" \/>\n\t<meta name=\"twitter:label2\" content=\"Tiempo de lectura\" \/>\n\t<meta name=\"twitter:data2\" content=\"3 minutos\" \/>\n<script type=\"application\/ld+json\" class=\"yoast-schema-graph\">{\"@context\":\"https:\/\/schema.org\",\"@graph\":[{\"@type\":\"Article\",\"@id\":\"https:\/\/colegioarquitectos.com\/noticias\/?p=14338#article\",\"isPartOf\":{\"@id\":\"https:\/\/colegioarquitectos.com\/noticias\/?p=14338\"},\"author\":{\"name\":\"Colegio de Arquitectos de Chile\",\"@id\":\"https:\/\/colegioarquitectos.com\/noticias\/#\/schema\/person\/685cc0aad148303c5608f049af8285ad\"},\"headline\":\"Hospitalaria 2016: Congreso discutir\u00e1 necesidades, desaf\u00edos y pol\u00edticas p\u00fablicas en infraestructura de salud nacional\",\"datePublished\":\"2016-08-29T23:28:25+00:00\",\"dateModified\":\"2016-08-29T23:28:25+00:00\",\"mainEntityOfPage\":{\"@id\":\"https:\/\/colegioarquitectos.com\/noticias\/?p=14338\"},\"wordCount\":674,\"commentCount\":0,\"publisher\":{\"@id\":\"https:\/\/colegioarquitectos.com\/noticias\/#organization\"},\"image\":{\"@id\":\"https:\/\/colegioarquitectos.com\/noticias\/?p=14338#primaryimage\"},\"thumbnailUrl\":\"https:\/\/colegioarquitectos.com\/noticias\/wp-content\/uploads\/2016\/08\/Portada-Infraestructura-Hospitalaria.jpg\",\"articleSection\":[\"Noticias\"],\"inLanguage\":\"es\",\"potentialAction\":[{\"@type\":\"CommentAction\",\"name\":\"Comment\",\"target\":[\"https:\/\/colegioarquitectos.com\/noticias\/?p=14338#respond\"]}]},{\"@type\":\"WebPage\",\"@id\":\"https:\/\/colegioarquitectos.com\/noticias\/?p=14338\",\"url\":\"https:\/\/colegioarquitectos.com\/noticias\/?p=14338\",\"name\":\"Hospitalaria 2016: Congreso discutir\u00e1 necesidades, desaf\u00edos y pol\u00edticas p\u00fablicas en infraestructura de salud nacional - COLEGIO DE ARQUITECTOS DE CHILE\",\"isPartOf\":{\"@id\":\"https:\/\/colegioarquitectos.com\/noticias\/#website\"},\"primaryImageOfPage\":{\"@id\":\"https:\/\/colegioarquitectos.com\/noticias\/?p=14338#primaryimage\"},\"image\":{\"@id\":\"https:\/\/colegioarquitectos.com\/noticias\/?p=14338#primaryimage\"},\"thumbnailUrl\":\"https:\/\/colegioarquitectos.com\/noticias\/wp-content\/uploads\/2016\/08\/Portada-Infraestructura-Hospitalaria.jpg\",\"datePublished\":\"2016-08-29T23:28:25+00:00\",\"dateModified\":\"2016-08-29T23:28:25+00:00\",\"breadcrumb\":{\"@id\":\"https:\/\/colegioarquitectos.com\/noticias\/?p=14338#breadcrumb\"},\"inLanguage\":\"es\",\"potentialAction\":[{\"@type\":\"ReadAction\",\"target\":[\"https:\/\/colegioarquitectos.com\/noticias\/?p=14338\"]}]},{\"@type\":\"ImageObject\",\"inLanguage\":\"es\",\"@id\":\"https:\/\/colegioarquitectos.com\/noticias\/?p=14338#primaryimage\",\"url\":\"https:\/\/colegioarquitectos.com\/noticias\/wp-content\/uploads\/2016\/08\/Portada-Infraestructura-Hospitalaria.jpg\",\"contentUrl\":\"https:\/\/colegioarquitectos.com\/noticias\/wp-content\/uploads\/2016\/08\/Portada-Infraestructura-Hospitalaria.jpg\",\"width\":690,\"height\":350},{\"@type\":\"BreadcrumbList\",\"@id\":\"https:\/\/colegioarquitectos.com\/noticias\/?p=14338#breadcrumb\",\"itemListElement\":[{\"@type\":\"ListItem\",\"position\":1,\"name\":\"Portada\",\"item\":\"https:\/\/colegioarquitectos.com\/noticias\"},{\"@type\":\"ListItem\",\"position\":2,\"name\":\"Hospitalaria 2016: Congreso discutir\u00e1 necesidades, desaf\u00edos y pol\u00edticas p\u00fablicas en infraestructura de salud nacional\"}]},{\"@type\":\"WebSite\",\"@id\":\"https:\/\/colegioarquitectos.com\/noticias\/#website\",\"url\":\"https:\/\/colegioarquitectos.com\/noticias\/\",\"name\":\"COLEGIO DE ARQUITECTOS DE CHILE\",\"description\":\"\",\"publisher\":{\"@id\":\"https:\/\/colegioarquitectos.com\/noticias\/#organization\"},\"potentialAction\":[{\"@type\":\"SearchAction\",\"target\":{\"@type\":\"EntryPoint\",\"urlTemplate\":\"https:\/\/colegioarquitectos.com\/noticias\/?s={search_term_string}\"},\"query-input\":{\"@type\":\"PropertyValueSpecification\",\"valueRequired\":true,\"valueName\":\"search_term_string\"}}],\"inLanguage\":\"es\"},{\"@type\":\"Organization\",\"@id\":\"https:\/\/colegioarquitectos.com\/noticias\/#organization\",\"name\":\"COLEGIO DE ARQUITECTOS DE CHILE\",\"url\":\"https:\/\/colegioarquitectos.com\/noticias\/\",\"logo\":{\"@type\":\"ImageObject\",\"inLanguage\":\"es\",\"@id\":\"https:\/\/colegioarquitectos.com\/noticias\/#\/schema\/logo\/image\/\",\"url\":\"https:\/\/colegioarquitectos.com\/noticias\/wp-content\/uploads\/2021\/05\/ENCABEZADO-LOGO-CA.jpg\",\"contentUrl\":\"https:\/\/colegioarquitectos.com\/noticias\/wp-content\/uploads\/2021\/05\/ENCABEZADO-LOGO-CA.jpg\",\"width\":690,\"height\":350,\"caption\":\"COLEGIO DE ARQUITECTOS DE CHILE\"},\"image\":{\"@id\":\"https:\/\/colegioarquitectos.com\/noticias\/#\/schema\/logo\/image\/\"},\"sameAs\":[\"https:\/\/facebook.com\/Colegioarq\/\",\"https:\/\/x.com\/colegioarq\",\"https:\/\/instagram.com\/colegioarq\",\"https:\/\/youtube.com\/@ColegiodeArquitectosdeChile\"]},{\"@type\":\"Person\",\"@id\":\"https:\/\/colegioarquitectos.com\/noticias\/#\/schema\/person\/685cc0aad148303c5608f049af8285ad\",\"name\":\"Colegio de Arquitectos de Chile\",\"url\":\"https:\/\/colegioarquitectos.com\/noticias\/?author=4\"}]}<\/script>\n<!-- \/ Yoast SEO plugin. -->","yoast_head_json":{"title":"Hospitalaria 2016: Congreso discutir\u00e1 necesidades, desaf\u00edos y pol\u00edticas p\u00fablicas en infraestructura de salud nacional - COLEGIO DE ARQUITECTOS DE CHILE","robots":{"index":"index","follow":"follow","max-snippet":"max-snippet:-1","max-image-preview":"max-image-preview:large","max-video-preview":"max-video-preview:-1"},"canonical":"https:\/\/colegioarquitectos.com\/noticias\/?p=14338","og_locale":"es_ES","og_type":"article","og_title":"Hospitalaria 2016: Congreso discutir\u00e1 necesidades, desaf\u00edos y pol\u00edticas p\u00fablicas en infraestructura de salud nacional - COLEGIO DE ARQUITECTOS DE CHILE","og_description":"Sus tres jornadas congregar\u00e1n a un amplio n\u00famero de expertos de las m\u00e1s diversas \u00e1reas del dise\u00f1o hospitalario, as\u00ed como a las entidades p\u00fablicas clave para la materializaci\u00f3n de los est\u00e1ndares de infraestructura que Chile necesita hoy. Estados Unidos, Espa\u00f1a, &hellip; ver m\u00e1s","og_url":"https:\/\/colegioarquitectos.com\/noticias\/?p=14338","og_site_name":"COLEGIO DE ARQUITECTOS DE CHILE","article_publisher":"https:\/\/facebook.com\/Colegioarq\/","article_published_time":"2016-08-29T23:28:25+00:00","og_image":[{"width":690,"height":350,"url":"https:\/\/colegioarquitectos.com\/noticias\/wp-content\/uploads\/2016\/08\/Portada-Infraestructura-Hospitalaria.jpg","type":"image\/jpeg"}],"author":"Colegio de Arquitectos de Chile","twitter_card":"summary_large_image","twitter_creator":"@colegioarq","twitter_site":"@colegioarq","twitter_misc":{"Escrito por":"Colegio de Arquitectos de Chile","Tiempo de lectura":"3 minutos"},"schema":{"@context":"https:\/\/schema.org","@graph":[{"@type":"Article","@id":"https:\/\/colegioarquitectos.com\/noticias\/?p=14338#article","isPartOf":{"@id":"https:\/\/colegioarquitectos.com\/noticias\/?p=14338"},"author":{"name":"Colegio de Arquitectos de Chile","@id":"https:\/\/colegioarquitectos.com\/noticias\/#\/schema\/person\/685cc0aad148303c5608f049af8285ad"},"headline":"Hospitalaria 2016: Congreso discutir\u00e1 necesidades, desaf\u00edos y pol\u00edticas p\u00fablicas en infraestructura de salud nacional","datePublished":"2016-08-29T23:28:25+00:00","dateModified":"2016-08-29T23:28:25+00:00","mainEntityOfPage":{"@id":"https:\/\/colegioarquitectos.com\/noticias\/?p=14338"},"wordCount":674,"commentCount":0,"publisher":{"@id":"https:\/\/colegioarquitectos.com\/noticias\/#organization"},"image":{"@id":"https:\/\/colegioarquitectos.com\/noticias\/?p=14338#primaryimage"},"thumbnailUrl":"https:\/\/colegioarquitectos.com\/noticias\/wp-content\/uploads\/2016\/08\/Portada-Infraestructura-Hospitalaria.jpg","articleSection":["Noticias"],"inLanguage":"es","potentialAction":[{"@type":"CommentAction","name":"Comment","target":["https:\/\/colegioarquitectos.com\/noticias\/?p=14338#respond"]}]},{"@type":"WebPage","@id":"https:\/\/colegioarquitectos.com\/noticias\/?p=14338","url":"https:\/\/colegioarquitectos.com\/noticias\/?p=14338","name":"Hospitalaria 2016: Congreso discutir\u00e1 necesidades, desaf\u00edos y pol\u00edticas p\u00fablicas en infraestructura de salud nacional - COLEGIO DE ARQUITECTOS DE CHILE","isPartOf":{"@id":"https:\/\/colegioarquitectos.com\/noticias\/#website"},"primaryImageOfPage":{"@id":"https:\/\/colegioarquitectos.com\/noticias\/?p=14338#primaryimage"},"image":{"@id":"https:\/\/colegioarquitectos.com\/noticias\/?p=14338#primaryimage"},"thumbnailUrl":"https:\/\/colegioarquitectos.com\/noticias\/wp-content\/uploads\/2016\/08\/Portada-Infraestructura-Hospitalaria.jpg","datePublished":"2016-08-29T23:28:25+00:00","dateModified":"2016-08-29T23:28:25+00:00","breadcrumb":{"@id":"https:\/\/colegioarquitectos.com\/noticias\/?p=14338#breadcrumb"},"inLanguage":"es","potentialAction":[{"@type":"ReadAction","target":["https:\/\/colegioarquitectos.com\/noticias\/?p=14338"]}]},{"@type":"ImageObject","inLanguage":"es","@id":"https:\/\/colegioarquitectos.com\/noticias\/?p=14338#primaryimage","url":"https:\/\/colegioarquitectos.com\/noticias\/wp-content\/uploads\/2016\/08\/Portada-Infraestructura-Hospitalaria.jpg","contentUrl":"https:\/\/colegioarquitectos.com\/noticias\/wp-content\/uploads\/2016\/08\/Portada-Infraestructura-Hospitalaria.jpg","width":690,"height":350},{"@type":"BreadcrumbList","@id":"https:\/\/colegioarquitectos.com\/noticias\/?p=14338#breadcrumb","itemListElement":[{"@type":"ListItem","position":1,"name":"Portada","item":"https:\/\/colegioarquitectos.com\/noticias"},{"@type":"ListItem","position":2,"name":"Hospitalaria 2016: Congreso discutir\u00e1 necesidades, desaf\u00edos y pol\u00edticas p\u00fablicas en infraestructura de salud nacional"}]},{"@type":"WebSite","@id":"https:\/\/colegioarquitectos.com\/noticias\/#website","url":"https:\/\/colegioarquitectos.com\/noticias\/","name":"COLEGIO DE ARQUITECTOS DE CHILE","description":"","publisher":{"@id":"https:\/\/colegioarquitectos.com\/noticias\/#organization"},"potentialAction":[{"@type":"SearchAction","target":{"@type":"EntryPoint","urlTemplate":"https:\/\/colegioarquitectos.com\/noticias\/?s={search_term_string}"},"query-input":{"@type":"PropertyValueSpecification","valueRequired":true,"valueName":"search_term_string"}}],"inLanguage":"es"},{"@type":"Organization","@id":"https:\/\/colegioarquitectos.com\/noticias\/#organization","name":"COLEGIO DE ARQUITECTOS DE CHILE","url":"https:\/\/colegioarquitectos.com\/noticias\/","logo":{"@type":"ImageObject","inLanguage":"es","@id":"https:\/\/colegioarquitectos.com\/noticias\/#\/schema\/logo\/image\/","url":"https:\/\/colegioarquitectos.com\/noticias\/wp-content\/uploads\/2021\/05\/ENCABEZADO-LOGO-CA.jpg","contentUrl":"https:\/\/colegioarquitectos.com\/noticias\/wp-content\/uploads\/2021\/05\/ENCABEZADO-LOGO-CA.jpg","width":690,"height":350,"caption":"COLEGIO DE ARQUITECTOS DE CHILE"},"image":{"@id":"https:\/\/colegioarquitectos.com\/noticias\/#\/schema\/logo\/image\/"},"sameAs":["https:\/\/facebook.com\/Colegioarq\/","https:\/\/x.com\/colegioarq","https:\/\/instagram.com\/colegioarq","https:\/\/youtube.com\/@ColegiodeArquitectosdeChile"]},{"@type":"Person","@id":"https:\/\/colegioarquitectos.com\/noticias\/#\/schema\/person\/685cc0aad148303c5608f049af8285ad","name":"Colegio de Arquitectos de Chile","url":"https:\/\/colegioarquitectos.com\/noticias\/?author=4"}]}},"_links":{"self":[{"href":"https:\/\/colegioarquitectos.com\/noticias\/index.php?rest_route=\/wp\/v2\/posts\/14338","targetHints":{"allow":["GET"]}}],"collection":[{"href":"https:\/\/colegioarquitectos.com\/noticias\/index.php?rest_route=\/wp\/v2\/posts"}],"about":[{"href":"https:\/\/colegioarquitectos.com\/noticias\/index.php?rest_route=\/wp\/v2\/types\/post"}],"author":[{"embeddable":true,"href":"https:\/\/colegioarquitectos.com\/noticias\/index.php?rest_route=\/wp\/v2\/users\/4"}],"replies":[{"embeddable":true,"href":"https:\/\/colegioarquitectos.com\/noticias\/index.php?rest_route=%2Fwp%2Fv2%2Fcomments&post=14338"}],"version-history":[{"count":0,"href":"https:\/\/colegioarquitectos.com\/noticias\/index.php?rest_route=\/wp\/v2\/posts\/14338\/revisions"}],"wp:featuredmedia":[{"embeddable":true,"href":"https:\/\/colegioarquitectos.com\/noticias\/index.php?rest_route=\/wp\/v2\/media\/14339"}],"wp:attachment":[{"href":"https:\/\/colegioarquitectos.com\/noticias\/index.php?rest_route=%2Fwp%2Fv2%2Fmedia&parent=14338"}],"wp:term":[{"taxonomy":"category","embeddable":true,"href":"https:\/\/colegioarquitectos.com\/noticias\/index.php?rest_route=%2Fwp%2Fv2%2Fcategories&post=14338"},{"taxonomy":"post_tag","embeddable":true,"href":"https:\/\/colegioarquitectos.com\/noticias\/index.php?rest_route=%2Fwp%2Fv2%2Ftags&post=14338"}],"curies":[{"name":"wp","href":"https:\/\/api.w.org\/{rel}","templated":true}]}}