
{"id":14372,"date":"2016-08-31T15:26:59","date_gmt":"2016-08-31T15:26:59","guid":{"rendered":"http:\/\/colegioarquitectos.com\/?p=14372"},"modified":"2016-08-31T15:28:19","modified_gmt":"2016-08-31T15:28:19","slug":"guillermo-hevia-garcia-ganador-del-concurso-internacional-habitat-colectivo","status":"publish","type":"post","link":"https:\/\/colegioarquitectos.com\/noticias\/?p=14372","title":{"rendered":"Guillermo Hevia Garc\u00eda ganador del concurso internacional H\u00e1bitat Colectivo"},"content":{"rendered":"<p>La propuesta &#8216;La grilla y el archipi\u00e9lago&#8217; del chileno Guillermo Hevia Garc\u00eda y la colaboraci\u00f3n de Tom\u00e1s Bressan, fue la ganadora del concurso internacional de ideas de vivienda colectiva H\u00e1bitat Colectivo, fallado el pasado lunes 22 de agosto en la sede nacional del Colegio de Arquitectos de Chile.<\/p>\n<p>En palabras de su Director Ejecutivo <strong>Juan Pablo Urrutia, <\/strong>qui\u00e9n adem\u00e1s es Secretario General del Colegio de Arquitectos, el concurso \u00abtuvo un \u00e9xito inusitado dado que se cont\u00f3 con un total de 254 participantes agrupados en 135 equipos provenientes de 27 pa\u00edses en los 5 continentes, lo que contribuy\u00f3 a contar con una gran diversidad de propuestas de alta calidad, cumpliendo as\u00ed con el objetivo del concurso de ampliar el espectro de ideas de vivienda colectiva para nuestro pa\u00eds\u00bb, seg\u00fan explica la organizaci\u00f3n.<\/p>\n<p>A\u00a0continuaci\u00f3n un primer vistazo a las propuestas premiadas del concurso.<\/p>\n<p>&nbsp;<\/p>\n<p>&#8211; <strong>Ganador<\/strong><\/p>\n<p><em>La grilla y el archipi\u00e9lago<\/em><\/p>\n<p><a href=\"http:\/\/colegioarquitectos.com\/noticias\/wp-content\/uploads\/2016\/08\/Ganador.jpg\"><img loading=\"lazy\" decoding=\"async\" class=\"alignnone wp-image-14374 size-full\" src=\"http:\/\/colegioarquitectos.com\/noticias\/wp-content\/uploads\/2016\/08\/Ganador.jpg\" alt=\"Ganador\" width=\"1024\" height=\"724\" srcset=\"https:\/\/colegioarquitectos.com\/noticias\/wp-content\/uploads\/2016\/08\/Ganador.jpg 1024w, https:\/\/colegioarquitectos.com\/noticias\/wp-content\/uploads\/2016\/08\/Ganador-300x212.jpg 300w\" sizes=\"auto, (max-width: 1024px) 100vw, 1024px\" \/><\/a><\/p>\n<p>Arquitectos a cargo: <strong>Guillermo Hevia Garc\u00eda<\/strong><\/p>\n<p>Colaborador: <strong>Tom\u00e1s Bressan<\/strong><\/p>\n<p>Pa\u00eds: <strong>Chile<\/strong><\/p>\n<p>&nbsp;<\/p>\n<p>&#8211; <strong>Primera menci\u00f3n<\/strong><\/p>\n<p><em>Habitat Los Pinos, Redefining the density of a sustainable residential area\u00a0<\/em><\/p>\n<p><a href=\"http:\/\/colegioarquitectos.com\/noticias\/wp-content\/uploads\/2016\/08\/1_menci\u00f3n.jpg\"><img loading=\"lazy\" decoding=\"async\" class=\"alignnone wp-image-14375 size-full\" src=\"http:\/\/colegioarquitectos.com\/noticias\/wp-content\/uploads\/2016\/08\/1_menci\u00f3n.jpg\" alt=\"1_menci\u00f3n\" width=\"1024\" height=\"724\" srcset=\"https:\/\/colegioarquitectos.com\/noticias\/wp-content\/uploads\/2016\/08\/1_menci\u00f3n.jpg 1024w, https:\/\/colegioarquitectos.com\/noticias\/wp-content\/uploads\/2016\/08\/1_menci\u00f3n-300x212.jpg 300w\" sizes=\"auto, (max-width: 1024px) 100vw, 1024px\" \/><\/a><\/p>\n<p>Arquitectos a cargo: <strong>Estevantra Sunandirjaya, Yeriel Johan<\/strong><\/p>\n<p>Pa\u00eds: Indonesia<\/p>\n<p>&nbsp;<\/p>\n<p>&#8211; <strong>Segunda menci\u00f3n<\/strong><\/p>\n<p><em>Ser parte de algo grande, mediano y peque\u00f1o<\/em><\/p>\n<p><a href=\"http:\/\/colegioarquitectos.com\/noticias\/wp-content\/uploads\/2016\/08\/2_menci\u00f3n.jpg\"><img loading=\"lazy\" decoding=\"async\" class=\"alignnone wp-image-14377 size-full\" src=\"http:\/\/colegioarquitectos.com\/noticias\/wp-content\/uploads\/2016\/08\/2_menci\u00f3n.jpg\" alt=\"2_menci\u00f3n\" width=\"1024\" height=\"724\" srcset=\"https:\/\/colegioarquitectos.com\/noticias\/wp-content\/uploads\/2016\/08\/2_menci\u00f3n.jpg 1024w, https:\/\/colegioarquitectos.com\/noticias\/wp-content\/uploads\/2016\/08\/2_menci\u00f3n-300x212.jpg 300w\" sizes=\"auto, (max-width: 1024px) 100vw, 1024px\" \/><\/a><\/p>\n<p>Arquitecto a cargo: <strong>Andr\u00e9s Lira<\/strong><\/p>\n<p>Pa\u00eds: <strong>Chile<\/strong><\/p>\n<p>&nbsp;<\/p>\n<p>&#8211; <strong>Tercera menci\u00f3n<\/strong><\/p>\n<p><em>En torno a lo productivo-colectivo<\/em><\/p>\n<p><a href=\"http:\/\/colegioarquitectos.com\/noticias\/wp-content\/uploads\/2016\/08\/3_menci\u00f3n.jpg\"><img loading=\"lazy\" decoding=\"async\" class=\"alignnone wp-image-14376 size-full\" src=\"http:\/\/colegioarquitectos.com\/noticias\/wp-content\/uploads\/2016\/08\/3_menci\u00f3n.jpg\" alt=\"3_menci\u00f3n\" width=\"1024\" height=\"721\" srcset=\"https:\/\/colegioarquitectos.com\/noticias\/wp-content\/uploads\/2016\/08\/3_menci\u00f3n.jpg 1024w, https:\/\/colegioarquitectos.com\/noticias\/wp-content\/uploads\/2016\/08\/3_menci\u00f3n-300x211.jpg 300w\" sizes=\"auto, (max-width: 1024px) 100vw, 1024px\" \/><\/a><\/p>\n<p>Arquitecto a cargo: <strong>Andr\u00e9s Lira<\/strong><\/p>\n<p>Pa\u00eds: <strong>Chile<\/strong><\/p>\n<p>&nbsp;<\/p>\n<p>&#8211; <strong>Cuarta menci\u00f3n<\/strong><\/p>\n<p><em>H\u00e1bitat Colaboractivo<\/em><\/p>\n<div id=\"attachment_14378\" style=\"width: 1034px\" class=\"wp-caption alignnone\"><a href=\"http:\/\/colegioarquitectos.com\/noticias\/wp-content\/uploads\/2016\/08\/4_menci\u00f3n.jpg\"><img loading=\"lazy\" decoding=\"async\" aria-describedby=\"caption-attachment-14378\" class=\"wp-image-14378 size-full\" src=\"http:\/\/colegioarquitectos.com\/noticias\/wp-content\/uploads\/2016\/08\/4_menci\u00f3n.jpg\" alt=\"123-1.psd\" width=\"1024\" height=\"724\" srcset=\"https:\/\/colegioarquitectos.com\/noticias\/wp-content\/uploads\/2016\/08\/4_menci\u00f3n.jpg 1024w, https:\/\/colegioarquitectos.com\/noticias\/wp-content\/uploads\/2016\/08\/4_menci\u00f3n-300x212.jpg 300w\" sizes=\"auto, (max-width: 1024px) 100vw, 1024px\" \/><\/a><p id=\"caption-attachment-14378\" class=\"wp-caption-text\">123-1.psd<\/p><\/div>\n<p>Arquitectos a cargo: <strong>V\u00edctor Alegr\u00eda, Daniel Meza, Thomas Fell, Javier Moya<\/strong><\/p>\n<p>Pa\u00eds: <strong>Chile<\/strong><\/p>\n<p>&nbsp;<\/p>\n<p><strong>Quinta menci\u00f3n<\/strong><\/p>\n<p><em>Barrio La Faena<\/em><\/p>\n<p><a href=\"http:\/\/colegioarquitectos.com\/noticias\/wp-content\/uploads\/2016\/08\/5_menci\u00f3n.jpg\"><img loading=\"lazy\" decoding=\"async\" class=\"alignnone wp-image-14379 size-full\" src=\"http:\/\/colegioarquitectos.com\/noticias\/wp-content\/uploads\/2016\/08\/5_menci\u00f3n.jpg\" alt=\"5_menci\u00f3n\" width=\"868\" height=\"615\" srcset=\"https:\/\/colegioarquitectos.com\/noticias\/wp-content\/uploads\/2016\/08\/5_menci\u00f3n.jpg 868w, https:\/\/colegioarquitectos.com\/noticias\/wp-content\/uploads\/2016\/08\/5_menci\u00f3n-300x213.jpg 300w\" sizes=\"auto, (max-width: 868px) 100vw, 868px\" \/><\/a><\/p>\n<p>Arquitecta a cargo: <strong>Mercedes Patthey<\/strong><\/p>\n<p>Pa\u00eds: <strong>Chile<\/strong><\/p>\n<p>El concurso est\u00e1 organizado por el Departamento de Arquitectura de la Universidad de Chile y se presenta dentro del marco del ciclo \u00abLC50: La Dimensi\u00f3n Humana de la Arquitectura con motivo de conmemorar 50 a\u00f1os de la muerte de Le Corbusier\u00bb y el jurado estuvo compuesto por:<\/p>\n<p>&nbsp;<\/p>\n<p><strong>Alberto Texid\u00f3<\/strong> (en representaci\u00f3n de Humberto Eliash, Director del Concurso)<\/p>\n<p><strong>Pablo Contrucci<\/strong> (en representaci\u00f3n de Paulina Saball, Ministra de Vivienda y Urbanismo)<\/p>\n<p><strong>Teodoro Fern\u00e1ndez<\/strong>, Premio Nacional de Arquitectura 2015<\/p>\n<p><strong>Pilar Urrejola<\/strong>, Presidenta Colegio de Arquitectos de Chile<\/p>\n<p><strong>Pablo Larra\u00edn<\/strong>, Presidente Asociaci\u00f3n de Oficinas de Arquitectos de Chile<\/p>\n<p><strong>Vesna Obilinovic<\/strong>, Acad\u00e9mica Universidad Arturo Prat, Iquique<\/p>\n<p><strong>Gonzalo Undurraga<\/strong>, Presidente Plan Cerro, Valpara\u00edso<\/p>\n<p><strong>Emilio de la Cerda<\/strong>, Director de Escuela de Arquitectura, P. Universidad Cat\u00f3lica de Chile<\/p>\n<p><strong>Alberto Fern\u00e1ndez<\/strong>, Jefe de Carrera de Arquitectura, Universidad de Chile<\/p>\n<p><strong>Giuliano Pastorelli<\/strong>, Acad\u00e9mico Universidad del B\u00edo-B\u00edo, Concepci\u00f3n<\/p>\n<p><strong>Drago Vodanovic<\/strong>, Director de Escuela de Arquitectura, Universidad San Sebasti\u00e1n, Puerto Montt<\/p>\n<p>&nbsp;<\/p>\n<p>El ganador recibir\u00e1 como premio un viaje junto a la Misi\u00f3n Tecnol\u00f3gica de la AOA a Holanda, B\u00e9lgica y la Bienal de Venecia. Asimismo, la producci\u00f3n est\u00e1 a cargo del Grupo Arquitectura Caliente contando adem\u00e1s con el patrocinio del Ministerio de Vivienda y Urbanismo (MINVU), Consejo Nacional de Cultura y Las Artes (CNCA), Fondation Le Corbusier, Museo de Arte Contempor\u00e1neo de Santiago de Chile (MAC), Colegio de Arquitectos de Chile (CA), Asociaci\u00f3n de Oficinas de Arquitectos de Chile (AOA), Docomomo Chile y la colaboraci\u00f3n en difusi\u00f3n como medio asociado de ArchDaily en Espa\u00f1ol.<\/p>\n<p><a href=\"http:\/\/www.plataformaarquitectura.cl\/cl\/794336\/guillermo-hevia-y-tomas-bressan-ganadores-del-concurso-internacional-de-ideas-de-vivienda-colectiva-habitat-colectivo\">Publicado en Plataforma Arquitectura<\/a><\/p>\n<p><\/p>","protected":false},"excerpt":{"rendered":"<p>La propuesta &#8216;La grilla y el archipi\u00e9lago&#8217; del chileno Guillermo Hevia Garc\u00eda y la colaboraci\u00f3n de Tom\u00e1s Bressan, fue la ganadora del concurso internacional de ideas de vivienda colectiva H\u00e1bitat Colectivo, fallado el pasado lunes 22 de agosto en la &hellip; <a class=\"more-link\" href=\"https:\/\/colegioarquitectos.com\/noticias\/?p=14372\">ver m\u00e1s<\/a><\/p>","protected":false},"author":4,"featured_media":14373,"comment_status":"open","ping_status":"open","sticky":false,"template":"","format":"standard","meta":{"footnotes":""},"categories":[3],"tags":[],"class_list":["post-14372","post","type-post","status-publish","format-standard","has-post-thumbnail","hentry","category-noticias"],"yoast_head":"<!-- This site is optimized with the Yoast SEO plugin v24.2 - https:\/\/yoast.com\/wordpress\/plugins\/seo\/ -->\n<title>Guillermo Hevia Garc\u00eda ganador del concurso internacional H\u00e1bitat Colectivo - COLEGIO DE ARQUITECTOS DE CHILE<\/title>\n<meta name=\"robots\" content=\"index, follow, max-snippet:-1, max-image-preview:large, max-video-preview:-1\" \/>\n<link rel=\"canonical\" href=\"https:\/\/colegioarquitectos.com\/noticias\/?p=14372\" \/>\n<meta property=\"og:locale\" content=\"es_ES\" \/>\n<meta property=\"og:type\" content=\"article\" \/>\n<meta property=\"og:title\" content=\"Guillermo Hevia Garc\u00eda ganador del concurso internacional H\u00e1bitat Colectivo - COLEGIO DE ARQUITECTOS DE CHILE\" \/>\n<meta property=\"og:description\" content=\"La propuesta &#8216;La grilla y el archipi\u00e9lago&#8217; del chileno Guillermo Hevia Garc\u00eda y la colaboraci\u00f3n de Tom\u00e1s Bressan, fue la ganadora del concurso internacional de ideas de vivienda colectiva H\u00e1bitat Colectivo, fallado el pasado lunes 22 de agosto en la &hellip; ver m\u00e1s\" \/>\n<meta property=\"og:url\" content=\"https:\/\/colegioarquitectos.com\/noticias\/?p=14372\" \/>\n<meta property=\"og:site_name\" content=\"COLEGIO DE ARQUITECTOS DE CHILE\" \/>\n<meta property=\"article:publisher\" content=\"https:\/\/facebook.com\/Colegioarq\/\" \/>\n<meta property=\"article:published_time\" content=\"2016-08-31T15:26:59+00:00\" \/>\n<meta property=\"article:modified_time\" content=\"2016-08-31T15:28:19+00:00\" \/>\n<meta property=\"og:image\" content=\"https:\/\/colegioarquitectos.com\/noticias\/wp-content\/uploads\/2016\/08\/Portada1.jpg\" \/>\n\t<meta property=\"og:image:width\" content=\"690\" \/>\n\t<meta property=\"og:image:height\" content=\"350\" \/>\n\t<meta property=\"og:image:type\" content=\"image\/jpeg\" \/>\n<meta name=\"author\" content=\"Colegio de Arquitectos de Chile\" \/>\n<meta name=\"twitter:card\" content=\"summary_large_image\" \/>\n<meta name=\"twitter:creator\" content=\"@colegioarq\" \/>\n<meta name=\"twitter:site\" content=\"@colegioarq\" \/>\n<meta name=\"twitter:label1\" content=\"Escrito por\" \/>\n\t<meta name=\"twitter:data1\" content=\"Colegio de Arquitectos de Chile\" \/>\n\t<meta name=\"twitter:label2\" content=\"Tiempo de lectura\" \/>\n\t<meta name=\"twitter:data2\" content=\"3 minutos\" \/>\n<script type=\"application\/ld+json\" class=\"yoast-schema-graph\">{\"@context\":\"https:\/\/schema.org\",\"@graph\":[{\"@type\":\"Article\",\"@id\":\"https:\/\/colegioarquitectos.com\/noticias\/?p=14372#article\",\"isPartOf\":{\"@id\":\"https:\/\/colegioarquitectos.com\/noticias\/?p=14372\"},\"author\":{\"name\":\"Colegio de Arquitectos de Chile\",\"@id\":\"https:\/\/colegioarquitectos.com\/noticias\/#\/schema\/person\/685cc0aad148303c5608f049af8285ad\"},\"headline\":\"Guillermo Hevia Garc\u00eda ganador del concurso internacional H\u00e1bitat Colectivo\",\"datePublished\":\"2016-08-31T15:26:59+00:00\",\"dateModified\":\"2016-08-31T15:28:19+00:00\",\"mainEntityOfPage\":{\"@id\":\"https:\/\/colegioarquitectos.com\/noticias\/?p=14372\"},\"wordCount\":572,\"commentCount\":0,\"publisher\":{\"@id\":\"https:\/\/colegioarquitectos.com\/noticias\/#organization\"},\"image\":{\"@id\":\"https:\/\/colegioarquitectos.com\/noticias\/?p=14372#primaryimage\"},\"thumbnailUrl\":\"https:\/\/colegioarquitectos.com\/noticias\/wp-content\/uploads\/2016\/08\/Portada1.jpg\",\"articleSection\":[\"Noticias\"],\"inLanguage\":\"es\",\"potentialAction\":[{\"@type\":\"CommentAction\",\"name\":\"Comment\",\"target\":[\"https:\/\/colegioarquitectos.com\/noticias\/?p=14372#respond\"]}]},{\"@type\":\"WebPage\",\"@id\":\"https:\/\/colegioarquitectos.com\/noticias\/?p=14372\",\"url\":\"https:\/\/colegioarquitectos.com\/noticias\/?p=14372\",\"name\":\"Guillermo Hevia Garc\u00eda ganador del concurso internacional H\u00e1bitat Colectivo - COLEGIO DE ARQUITECTOS DE CHILE\",\"isPartOf\":{\"@id\":\"https:\/\/colegioarquitectos.com\/noticias\/#website\"},\"primaryImageOfPage\":{\"@id\":\"https:\/\/colegioarquitectos.com\/noticias\/?p=14372#primaryimage\"},\"image\":{\"@id\":\"https:\/\/colegioarquitectos.com\/noticias\/?p=14372#primaryimage\"},\"thumbnailUrl\":\"https:\/\/colegioarquitectos.com\/noticias\/wp-content\/uploads\/2016\/08\/Portada1.jpg\",\"datePublished\":\"2016-08-31T15:26:59+00:00\",\"dateModified\":\"2016-08-31T15:28:19+00:00\",\"breadcrumb\":{\"@id\":\"https:\/\/colegioarquitectos.com\/noticias\/?p=14372#breadcrumb\"},\"inLanguage\":\"es\",\"potentialAction\":[{\"@type\":\"ReadAction\",\"target\":[\"https:\/\/colegioarquitectos.com\/noticias\/?p=14372\"]}]},{\"@type\":\"ImageObject\",\"inLanguage\":\"es\",\"@id\":\"https:\/\/colegioarquitectos.com\/noticias\/?p=14372#primaryimage\",\"url\":\"https:\/\/colegioarquitectos.com\/noticias\/wp-content\/uploads\/2016\/08\/Portada1.jpg\",\"contentUrl\":\"https:\/\/colegioarquitectos.com\/noticias\/wp-content\/uploads\/2016\/08\/Portada1.jpg\",\"width\":690,\"height\":350},{\"@type\":\"BreadcrumbList\",\"@id\":\"https:\/\/colegioarquitectos.com\/noticias\/?p=14372#breadcrumb\",\"itemListElement\":[{\"@type\":\"ListItem\",\"position\":1,\"name\":\"Portada\",\"item\":\"https:\/\/colegioarquitectos.com\/noticias\"},{\"@type\":\"ListItem\",\"position\":2,\"name\":\"Guillermo Hevia Garc\u00eda ganador del concurso internacional H\u00e1bitat Colectivo\"}]},{\"@type\":\"WebSite\",\"@id\":\"https:\/\/colegioarquitectos.com\/noticias\/#website\",\"url\":\"https:\/\/colegioarquitectos.com\/noticias\/\",\"name\":\"COLEGIO DE ARQUITECTOS DE CHILE\",\"description\":\"\",\"publisher\":{\"@id\":\"https:\/\/colegioarquitectos.com\/noticias\/#organization\"},\"potentialAction\":[{\"@type\":\"SearchAction\",\"target\":{\"@type\":\"EntryPoint\",\"urlTemplate\":\"https:\/\/colegioarquitectos.com\/noticias\/?s={search_term_string}\"},\"query-input\":{\"@type\":\"PropertyValueSpecification\",\"valueRequired\":true,\"valueName\":\"search_term_string\"}}],\"inLanguage\":\"es\"},{\"@type\":\"Organization\",\"@id\":\"https:\/\/colegioarquitectos.com\/noticias\/#organization\",\"name\":\"COLEGIO DE ARQUITECTOS DE CHILE\",\"url\":\"https:\/\/colegioarquitectos.com\/noticias\/\",\"logo\":{\"@type\":\"ImageObject\",\"inLanguage\":\"es\",\"@id\":\"https:\/\/colegioarquitectos.com\/noticias\/#\/schema\/logo\/image\/\",\"url\":\"https:\/\/colegioarquitectos.com\/noticias\/wp-content\/uploads\/2021\/05\/ENCABEZADO-LOGO-CA.jpg\",\"contentUrl\":\"https:\/\/colegioarquitectos.com\/noticias\/wp-content\/uploads\/2021\/05\/ENCABEZADO-LOGO-CA.jpg\",\"width\":690,\"height\":350,\"caption\":\"COLEGIO DE ARQUITECTOS DE CHILE\"},\"image\":{\"@id\":\"https:\/\/colegioarquitectos.com\/noticias\/#\/schema\/logo\/image\/\"},\"sameAs\":[\"https:\/\/facebook.com\/Colegioarq\/\",\"https:\/\/x.com\/colegioarq\",\"https:\/\/instagram.com\/colegioarq\",\"https:\/\/youtube.com\/@ColegiodeArquitectosdeChile\"]},{\"@type\":\"Person\",\"@id\":\"https:\/\/colegioarquitectos.com\/noticias\/#\/schema\/person\/685cc0aad148303c5608f049af8285ad\",\"name\":\"Colegio de Arquitectos de Chile\",\"url\":\"https:\/\/colegioarquitectos.com\/noticias\/?author=4\"}]}<\/script>\n<!-- \/ Yoast SEO plugin. -->","yoast_head_json":{"title":"Guillermo Hevia Garc\u00eda ganador del concurso internacional H\u00e1bitat Colectivo - COLEGIO DE ARQUITECTOS DE CHILE","robots":{"index":"index","follow":"follow","max-snippet":"max-snippet:-1","max-image-preview":"max-image-preview:large","max-video-preview":"max-video-preview:-1"},"canonical":"https:\/\/colegioarquitectos.com\/noticias\/?p=14372","og_locale":"es_ES","og_type":"article","og_title":"Guillermo Hevia Garc\u00eda ganador del concurso internacional H\u00e1bitat Colectivo - COLEGIO DE ARQUITECTOS DE CHILE","og_description":"La propuesta &#8216;La grilla y el archipi\u00e9lago&#8217; del chileno Guillermo Hevia Garc\u00eda y la colaboraci\u00f3n de Tom\u00e1s Bressan, fue la ganadora del concurso internacional de ideas de vivienda colectiva H\u00e1bitat Colectivo, fallado el pasado lunes 22 de agosto en la &hellip; ver m\u00e1s","og_url":"https:\/\/colegioarquitectos.com\/noticias\/?p=14372","og_site_name":"COLEGIO DE ARQUITECTOS DE CHILE","article_publisher":"https:\/\/facebook.com\/Colegioarq\/","article_published_time":"2016-08-31T15:26:59+00:00","article_modified_time":"2016-08-31T15:28:19+00:00","og_image":[{"width":690,"height":350,"url":"https:\/\/colegioarquitectos.com\/noticias\/wp-content\/uploads\/2016\/08\/Portada1.jpg","type":"image\/jpeg"}],"author":"Colegio de Arquitectos de Chile","twitter_card":"summary_large_image","twitter_creator":"@colegioarq","twitter_site":"@colegioarq","twitter_misc":{"Escrito por":"Colegio de Arquitectos de Chile","Tiempo de lectura":"3 minutos"},"schema":{"@context":"https:\/\/schema.org","@graph":[{"@type":"Article","@id":"https:\/\/colegioarquitectos.com\/noticias\/?p=14372#article","isPartOf":{"@id":"https:\/\/colegioarquitectos.com\/noticias\/?p=14372"},"author":{"name":"Colegio de Arquitectos de Chile","@id":"https:\/\/colegioarquitectos.com\/noticias\/#\/schema\/person\/685cc0aad148303c5608f049af8285ad"},"headline":"Guillermo Hevia Garc\u00eda ganador del concurso internacional H\u00e1bitat Colectivo","datePublished":"2016-08-31T15:26:59+00:00","dateModified":"2016-08-31T15:28:19+00:00","mainEntityOfPage":{"@id":"https:\/\/colegioarquitectos.com\/noticias\/?p=14372"},"wordCount":572,"commentCount":0,"publisher":{"@id":"https:\/\/colegioarquitectos.com\/noticias\/#organization"},"image":{"@id":"https:\/\/colegioarquitectos.com\/noticias\/?p=14372#primaryimage"},"thumbnailUrl":"https:\/\/colegioarquitectos.com\/noticias\/wp-content\/uploads\/2016\/08\/Portada1.jpg","articleSection":["Noticias"],"inLanguage":"es","potentialAction":[{"@type":"CommentAction","name":"Comment","target":["https:\/\/colegioarquitectos.com\/noticias\/?p=14372#respond"]}]},{"@type":"WebPage","@id":"https:\/\/colegioarquitectos.com\/noticias\/?p=14372","url":"https:\/\/colegioarquitectos.com\/noticias\/?p=14372","name":"Guillermo Hevia Garc\u00eda ganador del concurso internacional H\u00e1bitat Colectivo - COLEGIO DE ARQUITECTOS DE CHILE","isPartOf":{"@id":"https:\/\/colegioarquitectos.com\/noticias\/#website"},"primaryImageOfPage":{"@id":"https:\/\/colegioarquitectos.com\/noticias\/?p=14372#primaryimage"},"image":{"@id":"https:\/\/colegioarquitectos.com\/noticias\/?p=14372#primaryimage"},"thumbnailUrl":"https:\/\/colegioarquitectos.com\/noticias\/wp-content\/uploads\/2016\/08\/Portada1.jpg","datePublished":"2016-08-31T15:26:59+00:00","dateModified":"2016-08-31T15:28:19+00:00","breadcrumb":{"@id":"https:\/\/colegioarquitectos.com\/noticias\/?p=14372#breadcrumb"},"inLanguage":"es","potentialAction":[{"@type":"ReadAction","target":["https:\/\/colegioarquitectos.com\/noticias\/?p=14372"]}]},{"@type":"ImageObject","inLanguage":"es","@id":"https:\/\/colegioarquitectos.com\/noticias\/?p=14372#primaryimage","url":"https:\/\/colegioarquitectos.com\/noticias\/wp-content\/uploads\/2016\/08\/Portada1.jpg","contentUrl":"https:\/\/colegioarquitectos.com\/noticias\/wp-content\/uploads\/2016\/08\/Portada1.jpg","width":690,"height":350},{"@type":"BreadcrumbList","@id":"https:\/\/colegioarquitectos.com\/noticias\/?p=14372#breadcrumb","itemListElement":[{"@type":"ListItem","position":1,"name":"Portada","item":"https:\/\/colegioarquitectos.com\/noticias"},{"@type":"ListItem","position":2,"name":"Guillermo Hevia Garc\u00eda ganador del concurso internacional H\u00e1bitat Colectivo"}]},{"@type":"WebSite","@id":"https:\/\/colegioarquitectos.com\/noticias\/#website","url":"https:\/\/colegioarquitectos.com\/noticias\/","name":"COLEGIO DE ARQUITECTOS DE CHILE","description":"","publisher":{"@id":"https:\/\/colegioarquitectos.com\/noticias\/#organization"},"potentialAction":[{"@type":"SearchAction","target":{"@type":"EntryPoint","urlTemplate":"https:\/\/colegioarquitectos.com\/noticias\/?s={search_term_string}"},"query-input":{"@type":"PropertyValueSpecification","valueRequired":true,"valueName":"search_term_string"}}],"inLanguage":"es"},{"@type":"Organization","@id":"https:\/\/colegioarquitectos.com\/noticias\/#organization","name":"COLEGIO DE ARQUITECTOS DE CHILE","url":"https:\/\/colegioarquitectos.com\/noticias\/","logo":{"@type":"ImageObject","inLanguage":"es","@id":"https:\/\/colegioarquitectos.com\/noticias\/#\/schema\/logo\/image\/","url":"https:\/\/colegioarquitectos.com\/noticias\/wp-content\/uploads\/2021\/05\/ENCABEZADO-LOGO-CA.jpg","contentUrl":"https:\/\/colegioarquitectos.com\/noticias\/wp-content\/uploads\/2021\/05\/ENCABEZADO-LOGO-CA.jpg","width":690,"height":350,"caption":"COLEGIO DE ARQUITECTOS DE CHILE"},"image":{"@id":"https:\/\/colegioarquitectos.com\/noticias\/#\/schema\/logo\/image\/"},"sameAs":["https:\/\/facebook.com\/Colegioarq\/","https:\/\/x.com\/colegioarq","https:\/\/instagram.com\/colegioarq","https:\/\/youtube.com\/@ColegiodeArquitectosdeChile"]},{"@type":"Person","@id":"https:\/\/colegioarquitectos.com\/noticias\/#\/schema\/person\/685cc0aad148303c5608f049af8285ad","name":"Colegio de Arquitectos de Chile","url":"https:\/\/colegioarquitectos.com\/noticias\/?author=4"}]}},"_links":{"self":[{"href":"https:\/\/colegioarquitectos.com\/noticias\/index.php?rest_route=\/wp\/v2\/posts\/14372","targetHints":{"allow":["GET"]}}],"collection":[{"href":"https:\/\/colegioarquitectos.com\/noticias\/index.php?rest_route=\/wp\/v2\/posts"}],"about":[{"href":"https:\/\/colegioarquitectos.com\/noticias\/index.php?rest_route=\/wp\/v2\/types\/post"}],"author":[{"embeddable":true,"href":"https:\/\/colegioarquitectos.com\/noticias\/index.php?rest_route=\/wp\/v2\/users\/4"}],"replies":[{"embeddable":true,"href":"https:\/\/colegioarquitectos.com\/noticias\/index.php?rest_route=%2Fwp%2Fv2%2Fcomments&post=14372"}],"version-history":[{"count":0,"href":"https:\/\/colegioarquitectos.com\/noticias\/index.php?rest_route=\/wp\/v2\/posts\/14372\/revisions"}],"wp:featuredmedia":[{"embeddable":true,"href":"https:\/\/colegioarquitectos.com\/noticias\/index.php?rest_route=\/wp\/v2\/media\/14373"}],"wp:attachment":[{"href":"https:\/\/colegioarquitectos.com\/noticias\/index.php?rest_route=%2Fwp%2Fv2%2Fmedia&parent=14372"}],"wp:term":[{"taxonomy":"category","embeddable":true,"href":"https:\/\/colegioarquitectos.com\/noticias\/index.php?rest_route=%2Fwp%2Fv2%2Fcategories&post=14372"},{"taxonomy":"post_tag","embeddable":true,"href":"https:\/\/colegioarquitectos.com\/noticias\/index.php?rest_route=%2Fwp%2Fv2%2Ftags&post=14372"}],"curies":[{"name":"wp","href":"https:\/\/api.w.org\/{rel}","templated":true}]}}