
{"id":14427,"date":"2016-08-28T15:05:19","date_gmt":"2016-08-28T15:05:19","guid":{"rendered":"http:\/\/colegioarquitectos.com\/?p=14427"},"modified":"2016-09-02T15:11:29","modified_gmt":"2016-09-02T15:11:29","slug":"el-gobierno-de-estados-unidos-cuenta-como-implementaron-bim","status":"publish","type":"post","link":"https:\/\/colegioarquitectos.com\/noticias\/?p=14427","title":{"rendered":"El Gobierno de Estados Unidos cuenta como implementaron BIM"},"content":{"rendered":"<p>Este jueves 01 de septiembre el Gobierno de Estados Unidos expondr\u00e1 sobre como implementaron BIM. Se invita cordialmente a tres eventos que ayudar\u00e1n a saber nuestros avances como pa\u00eds y otros temas relativos a los caminos que est\u00e1 tomando el BIM en Chile.<\/p>\n<p>De 9 a 19hrs, Universidad de las Am\u00e9ricas (UDLA) Providencia.<\/p>\n<p><strong>\u00a0<\/strong><\/p>\n<p><strong>\u201c4\u00b0 JORNADA BIM CHILE. HACIA UN EST\u00c1NDAR NACIONAL\u201d<\/strong><\/p>\n<p>09:00-13:00hrs Teatro UDLA (Antonio Varas 810, Subterr\u00e1neo UNAB).<\/p>\n<p>Seminario con foco en gobierno y academia, por primera vez en Chile expone el Ministerio de Obras P\u00fablicas de Estados Unidos (GSA, General Service Administration), responsables de la implementaci\u00f3n del mandato BIM en Estados Unidos desde el a\u00f1o 2003 (primera en el mundo).<\/p>\n<p><strong>\u00a0<a href=\"http:\/\/colegioarquitectos.com\/noticias\/wp-content\/uploads\/2016\/09\/poster-4a-Jornada-BIM-Chile-01sep2016_v11.jpg\"><img loading=\"lazy\" decoding=\"async\" class=\"alignnone wp-image-14429 size-full\" src=\"http:\/\/colegioarquitectos.com\/noticias\/wp-content\/uploads\/2016\/09\/poster-4a-Jornada-BIM-Chile-01sep2016_v11.jpg\" alt=\"poster 4a Jornada BIM Chile 01sep2016_v11\" width=\"800\" height=\"600\" srcset=\"https:\/\/colegioarquitectos.com\/noticias\/wp-content\/uploads\/2016\/09\/poster-4a-Jornada-BIM-Chile-01sep2016_v11.jpg 800w, https:\/\/colegioarquitectos.com\/noticias\/wp-content\/uploads\/2016\/09\/poster-4a-Jornada-BIM-Chile-01sep2016_v11-300x225.jpg 300w\" sizes=\"auto, (max-width: 800px) 100vw, 800px\" \/><\/a><\/strong><\/p>\n<p>&nbsp;<\/p>\n<p><strong>\u201cINICIATIVA \u201cBBP 2020\u201c BIM COMO BIEN P\u00daBLICO 2020\u201d<\/strong><\/p>\n<p>15:00-17:00hrs Auditorio UDLA (Manuel Montt 948).<\/p>\n<p>\u00bfA quien pertenece el BIM? \u00bfCorfo?\u00bf CDT? \u00bfUniversidades? \u00a0\u00bfPodemos proponer un est\u00e1ndar BIM en 2017 que derive en una Ley de Infraestructura Digital al 2020? Ven a proponer tu idea, ac\u00e1 te queremos escuchar. (Modalidad: Mesas de Trabajo)<\/p>\n<p><a href=\"http:\/\/colegioarquitectos.com\/noticias\/wp-content\/uploads\/2016\/09\/BBP2020_v09.jpg\"><img loading=\"lazy\" decoding=\"async\" class=\"alignnone wp-image-14430 size-full\" src=\"http:\/\/colegioarquitectos.com\/noticias\/wp-content\/uploads\/2016\/09\/BBP2020_v09.jpg\" alt=\"BBP2020_v09\" width=\"800\" height=\"600\" srcset=\"https:\/\/colegioarquitectos.com\/noticias\/wp-content\/uploads\/2016\/09\/BBP2020_v09.jpg 800w, https:\/\/colegioarquitectos.com\/noticias\/wp-content\/uploads\/2016\/09\/BBP2020_v09-300x225.jpg 300w\" sizes=\"auto, (max-width: 800px) 100vw, 800px\" \/><\/a><\/p>\n<p>&nbsp;<\/p>\n<p><strong>\u201cINSTITUCIONALIDAD DEL BIM EN CHILE\u201d<\/strong><\/p>\n<p>17:00-19:00hrs Auditorio UDLA (Manuel Montt 948).<\/p>\n<p>\u00bfD\u00f3nde deben alojarse las capacidades BIM en Chile? En el gobierno, la industria, la academia? Cu\u00e1nto hemos avanzado en institucionalizar esta tecnolog\u00eda en nuestro pa\u00eds?<\/p>\n<p>(Modalidad: Mesas de Trabajo)<\/p>\n<p><a href=\"http:\/\/colegioarquitectos.com\/noticias\/wp-content\/uploads\/2016\/09\/poster-Institucionalidad-BIM_v04.jpg\"><img loading=\"lazy\" decoding=\"async\" class=\"alignnone wp-image-14431 size-full\" src=\"http:\/\/colegioarquitectos.com\/noticias\/wp-content\/uploads\/2016\/09\/poster-Institucionalidad-BIM_v04.jpg\" alt=\"poster Institucionalidad BIM_v04\" width=\"800\" height=\"600\" srcset=\"https:\/\/colegioarquitectos.com\/noticias\/wp-content\/uploads\/2016\/09\/poster-Institucionalidad-BIM_v04.jpg 800w, https:\/\/colegioarquitectos.com\/noticias\/wp-content\/uploads\/2016\/09\/poster-Institucionalidad-BIM_v04-300x225.jpg 300w\" sizes=\"auto, (max-width: 800px) 100vw, 800px\" \/><\/a><\/p>\n<p>Inscripciones gratuitas ac\u00e1: <a href=\"http:\/\/eventos.bim-chile.com\/\">http:\/\/eventos.bim-chile.com\/<\/a><\/p>\n<p><\/p>","protected":false},"excerpt":{"rendered":"<p>Este jueves 01 de septiembre el Gobierno de Estados Unidos expondr\u00e1 sobre como implementaron BIM. Se invita cordialmente a tres eventos que ayudar\u00e1n a saber nuestros avances como pa\u00eds y otros temas relativos a los caminos que est\u00e1 tomando el &hellip; <a class=\"more-link\" href=\"https:\/\/colegioarquitectos.com\/noticias\/?p=14427\">ver m\u00e1s<\/a><\/p>","protected":false},"author":4,"featured_media":14428,"comment_status":"open","ping_status":"open","sticky":false,"template":"","format":"standard","meta":{"footnotes":""},"categories":[19],"tags":[],"class_list":["post-14427","post","type-post","status-publish","format-standard","has-post-thumbnail","hentry","category-actividades"],"yoast_head":"<!-- This site is optimized with the Yoast SEO plugin v24.2 - https:\/\/yoast.com\/wordpress\/plugins\/seo\/ -->\n<title>El Gobierno de Estados Unidos cuenta como implementaron BIM - COLEGIO DE ARQUITECTOS DE CHILE<\/title>\n<meta name=\"robots\" content=\"index, follow, max-snippet:-1, max-image-preview:large, max-video-preview:-1\" \/>\n<link rel=\"canonical\" href=\"https:\/\/colegioarquitectos.com\/noticias\/?p=14427\" \/>\n<meta property=\"og:locale\" content=\"es_ES\" \/>\n<meta property=\"og:type\" content=\"article\" \/>\n<meta property=\"og:title\" content=\"El Gobierno de Estados Unidos cuenta como implementaron BIM - COLEGIO DE ARQUITECTOS DE CHILE\" \/>\n<meta property=\"og:description\" content=\"Este jueves 01 de septiembre el Gobierno de Estados Unidos expondr\u00e1 sobre como implementaron BIM. Se invita cordialmente a tres eventos que ayudar\u00e1n a saber nuestros avances como pa\u00eds y otros temas relativos a los caminos que est\u00e1 tomando el &hellip; ver m\u00e1s\" \/>\n<meta property=\"og:url\" content=\"https:\/\/colegioarquitectos.com\/noticias\/?p=14427\" \/>\n<meta property=\"og:site_name\" content=\"COLEGIO DE ARQUITECTOS DE CHILE\" \/>\n<meta property=\"article:publisher\" content=\"https:\/\/facebook.com\/Colegioarq\/\" \/>\n<meta property=\"article:published_time\" content=\"2016-08-28T15:05:19+00:00\" \/>\n<meta property=\"article:modified_time\" content=\"2016-09-02T15:11:29+00:00\" \/>\n<meta property=\"og:image\" content=\"https:\/\/colegioarquitectos.com\/noticias\/wp-content\/uploads\/2016\/09\/Portada-Jornada-BIM.jpg\" \/>\n\t<meta property=\"og:image:width\" content=\"690\" \/>\n\t<meta property=\"og:image:height\" content=\"350\" \/>\n\t<meta property=\"og:image:type\" content=\"image\/jpeg\" \/>\n<meta name=\"author\" content=\"Colegio de Arquitectos de Chile\" \/>\n<meta name=\"twitter:card\" content=\"summary_large_image\" \/>\n<meta name=\"twitter:creator\" content=\"@colegioarq\" \/>\n<meta name=\"twitter:site\" content=\"@colegioarq\" \/>\n<meta name=\"twitter:label1\" content=\"Escrito por\" \/>\n\t<meta name=\"twitter:data1\" content=\"Colegio de Arquitectos de Chile\" \/>\n\t<meta name=\"twitter:label2\" content=\"Tiempo de lectura\" \/>\n\t<meta name=\"twitter:data2\" content=\"1 minuto\" \/>\n<script type=\"application\/ld+json\" class=\"yoast-schema-graph\">{\"@context\":\"https:\/\/schema.org\",\"@graph\":[{\"@type\":\"Article\",\"@id\":\"https:\/\/colegioarquitectos.com\/noticias\/?p=14427#article\",\"isPartOf\":{\"@id\":\"https:\/\/colegioarquitectos.com\/noticias\/?p=14427\"},\"author\":{\"name\":\"Colegio de Arquitectos de Chile\",\"@id\":\"https:\/\/colegioarquitectos.com\/noticias\/#\/schema\/person\/685cc0aad148303c5608f049af8285ad\"},\"headline\":\"El Gobierno de Estados Unidos cuenta como implementaron BIM\",\"datePublished\":\"2016-08-28T15:05:19+00:00\",\"dateModified\":\"2016-09-02T15:11:29+00:00\",\"mainEntityOfPage\":{\"@id\":\"https:\/\/colegioarquitectos.com\/noticias\/?p=14427\"},\"wordCount\":228,\"commentCount\":2,\"publisher\":{\"@id\":\"https:\/\/colegioarquitectos.com\/noticias\/#organization\"},\"image\":{\"@id\":\"https:\/\/colegioarquitectos.com\/noticias\/?p=14427#primaryimage\"},\"thumbnailUrl\":\"https:\/\/colegioarquitectos.com\/noticias\/wp-content\/uploads\/2016\/09\/Portada-Jornada-BIM.jpg\",\"articleSection\":[\"Actividades\"],\"inLanguage\":\"es\",\"potentialAction\":[{\"@type\":\"CommentAction\",\"name\":\"Comment\",\"target\":[\"https:\/\/colegioarquitectos.com\/noticias\/?p=14427#respond\"]}]},{\"@type\":\"WebPage\",\"@id\":\"https:\/\/colegioarquitectos.com\/noticias\/?p=14427\",\"url\":\"https:\/\/colegioarquitectos.com\/noticias\/?p=14427\",\"name\":\"El Gobierno de Estados Unidos cuenta como implementaron BIM - COLEGIO DE ARQUITECTOS DE CHILE\",\"isPartOf\":{\"@id\":\"https:\/\/colegioarquitectos.com\/noticias\/#website\"},\"primaryImageOfPage\":{\"@id\":\"https:\/\/colegioarquitectos.com\/noticias\/?p=14427#primaryimage\"},\"image\":{\"@id\":\"https:\/\/colegioarquitectos.com\/noticias\/?p=14427#primaryimage\"},\"thumbnailUrl\":\"https:\/\/colegioarquitectos.com\/noticias\/wp-content\/uploads\/2016\/09\/Portada-Jornada-BIM.jpg\",\"datePublished\":\"2016-08-28T15:05:19+00:00\",\"dateModified\":\"2016-09-02T15:11:29+00:00\",\"breadcrumb\":{\"@id\":\"https:\/\/colegioarquitectos.com\/noticias\/?p=14427#breadcrumb\"},\"inLanguage\":\"es\",\"potentialAction\":[{\"@type\":\"ReadAction\",\"target\":[\"https:\/\/colegioarquitectos.com\/noticias\/?p=14427\"]}]},{\"@type\":\"ImageObject\",\"inLanguage\":\"es\",\"@id\":\"https:\/\/colegioarquitectos.com\/noticias\/?p=14427#primaryimage\",\"url\":\"https:\/\/colegioarquitectos.com\/noticias\/wp-content\/uploads\/2016\/09\/Portada-Jornada-BIM.jpg\",\"contentUrl\":\"https:\/\/colegioarquitectos.com\/noticias\/wp-content\/uploads\/2016\/09\/Portada-Jornada-BIM.jpg\",\"width\":690,\"height\":350},{\"@type\":\"BreadcrumbList\",\"@id\":\"https:\/\/colegioarquitectos.com\/noticias\/?p=14427#breadcrumb\",\"itemListElement\":[{\"@type\":\"ListItem\",\"position\":1,\"name\":\"Portada\",\"item\":\"https:\/\/colegioarquitectos.com\/noticias\"},{\"@type\":\"ListItem\",\"position\":2,\"name\":\"El Gobierno de Estados Unidos cuenta como implementaron BIM\"}]},{\"@type\":\"WebSite\",\"@id\":\"https:\/\/colegioarquitectos.com\/noticias\/#website\",\"url\":\"https:\/\/colegioarquitectos.com\/noticias\/\",\"name\":\"COLEGIO DE ARQUITECTOS DE CHILE\",\"description\":\"\",\"publisher\":{\"@id\":\"https:\/\/colegioarquitectos.com\/noticias\/#organization\"},\"potentialAction\":[{\"@type\":\"SearchAction\",\"target\":{\"@type\":\"EntryPoint\",\"urlTemplate\":\"https:\/\/colegioarquitectos.com\/noticias\/?s={search_term_string}\"},\"query-input\":{\"@type\":\"PropertyValueSpecification\",\"valueRequired\":true,\"valueName\":\"search_term_string\"}}],\"inLanguage\":\"es\"},{\"@type\":\"Organization\",\"@id\":\"https:\/\/colegioarquitectos.com\/noticias\/#organization\",\"name\":\"COLEGIO DE ARQUITECTOS DE CHILE\",\"url\":\"https:\/\/colegioarquitectos.com\/noticias\/\",\"logo\":{\"@type\":\"ImageObject\",\"inLanguage\":\"es\",\"@id\":\"https:\/\/colegioarquitectos.com\/noticias\/#\/schema\/logo\/image\/\",\"url\":\"https:\/\/colegioarquitectos.com\/noticias\/wp-content\/uploads\/2021\/05\/ENCABEZADO-LOGO-CA.jpg\",\"contentUrl\":\"https:\/\/colegioarquitectos.com\/noticias\/wp-content\/uploads\/2021\/05\/ENCABEZADO-LOGO-CA.jpg\",\"width\":690,\"height\":350,\"caption\":\"COLEGIO DE ARQUITECTOS DE CHILE\"},\"image\":{\"@id\":\"https:\/\/colegioarquitectos.com\/noticias\/#\/schema\/logo\/image\/\"},\"sameAs\":[\"https:\/\/facebook.com\/Colegioarq\/\",\"https:\/\/x.com\/colegioarq\",\"https:\/\/instagram.com\/colegioarq\",\"https:\/\/youtube.com\/@ColegiodeArquitectosdeChile\"]},{\"@type\":\"Person\",\"@id\":\"https:\/\/colegioarquitectos.com\/noticias\/#\/schema\/person\/685cc0aad148303c5608f049af8285ad\",\"name\":\"Colegio de Arquitectos de Chile\",\"url\":\"https:\/\/colegioarquitectos.com\/noticias\/?author=4\"}]}<\/script>\n<!-- \/ Yoast SEO plugin. -->","yoast_head_json":{"title":"El Gobierno de Estados Unidos cuenta como implementaron BIM - COLEGIO DE ARQUITECTOS DE CHILE","robots":{"index":"index","follow":"follow","max-snippet":"max-snippet:-1","max-image-preview":"max-image-preview:large","max-video-preview":"max-video-preview:-1"},"canonical":"https:\/\/colegioarquitectos.com\/noticias\/?p=14427","og_locale":"es_ES","og_type":"article","og_title":"El Gobierno de Estados Unidos cuenta como implementaron BIM - COLEGIO DE ARQUITECTOS DE CHILE","og_description":"Este jueves 01 de septiembre el Gobierno de Estados Unidos expondr\u00e1 sobre como implementaron BIM. Se invita cordialmente a tres eventos que ayudar\u00e1n a saber nuestros avances como pa\u00eds y otros temas relativos a los caminos que est\u00e1 tomando el &hellip; ver m\u00e1s","og_url":"https:\/\/colegioarquitectos.com\/noticias\/?p=14427","og_site_name":"COLEGIO DE ARQUITECTOS DE CHILE","article_publisher":"https:\/\/facebook.com\/Colegioarq\/","article_published_time":"2016-08-28T15:05:19+00:00","article_modified_time":"2016-09-02T15:11:29+00:00","og_image":[{"width":690,"height":350,"url":"https:\/\/colegioarquitectos.com\/noticias\/wp-content\/uploads\/2016\/09\/Portada-Jornada-BIM.jpg","type":"image\/jpeg"}],"author":"Colegio de Arquitectos de Chile","twitter_card":"summary_large_image","twitter_creator":"@colegioarq","twitter_site":"@colegioarq","twitter_misc":{"Escrito por":"Colegio de Arquitectos de Chile","Tiempo de lectura":"1 minuto"},"schema":{"@context":"https:\/\/schema.org","@graph":[{"@type":"Article","@id":"https:\/\/colegioarquitectos.com\/noticias\/?p=14427#article","isPartOf":{"@id":"https:\/\/colegioarquitectos.com\/noticias\/?p=14427"},"author":{"name":"Colegio de Arquitectos de Chile","@id":"https:\/\/colegioarquitectos.com\/noticias\/#\/schema\/person\/685cc0aad148303c5608f049af8285ad"},"headline":"El Gobierno de Estados Unidos cuenta como implementaron BIM","datePublished":"2016-08-28T15:05:19+00:00","dateModified":"2016-09-02T15:11:29+00:00","mainEntityOfPage":{"@id":"https:\/\/colegioarquitectos.com\/noticias\/?p=14427"},"wordCount":228,"commentCount":2,"publisher":{"@id":"https:\/\/colegioarquitectos.com\/noticias\/#organization"},"image":{"@id":"https:\/\/colegioarquitectos.com\/noticias\/?p=14427#primaryimage"},"thumbnailUrl":"https:\/\/colegioarquitectos.com\/noticias\/wp-content\/uploads\/2016\/09\/Portada-Jornada-BIM.jpg","articleSection":["Actividades"],"inLanguage":"es","potentialAction":[{"@type":"CommentAction","name":"Comment","target":["https:\/\/colegioarquitectos.com\/noticias\/?p=14427#respond"]}]},{"@type":"WebPage","@id":"https:\/\/colegioarquitectos.com\/noticias\/?p=14427","url":"https:\/\/colegioarquitectos.com\/noticias\/?p=14427","name":"El Gobierno de Estados Unidos cuenta como implementaron BIM - COLEGIO DE ARQUITECTOS DE CHILE","isPartOf":{"@id":"https:\/\/colegioarquitectos.com\/noticias\/#website"},"primaryImageOfPage":{"@id":"https:\/\/colegioarquitectos.com\/noticias\/?p=14427#primaryimage"},"image":{"@id":"https:\/\/colegioarquitectos.com\/noticias\/?p=14427#primaryimage"},"thumbnailUrl":"https:\/\/colegioarquitectos.com\/noticias\/wp-content\/uploads\/2016\/09\/Portada-Jornada-BIM.jpg","datePublished":"2016-08-28T15:05:19+00:00","dateModified":"2016-09-02T15:11:29+00:00","breadcrumb":{"@id":"https:\/\/colegioarquitectos.com\/noticias\/?p=14427#breadcrumb"},"inLanguage":"es","potentialAction":[{"@type":"ReadAction","target":["https:\/\/colegioarquitectos.com\/noticias\/?p=14427"]}]},{"@type":"ImageObject","inLanguage":"es","@id":"https:\/\/colegioarquitectos.com\/noticias\/?p=14427#primaryimage","url":"https:\/\/colegioarquitectos.com\/noticias\/wp-content\/uploads\/2016\/09\/Portada-Jornada-BIM.jpg","contentUrl":"https:\/\/colegioarquitectos.com\/noticias\/wp-content\/uploads\/2016\/09\/Portada-Jornada-BIM.jpg","width":690,"height":350},{"@type":"BreadcrumbList","@id":"https:\/\/colegioarquitectos.com\/noticias\/?p=14427#breadcrumb","itemListElement":[{"@type":"ListItem","position":1,"name":"Portada","item":"https:\/\/colegioarquitectos.com\/noticias"},{"@type":"ListItem","position":2,"name":"El Gobierno de Estados Unidos cuenta como implementaron BIM"}]},{"@type":"WebSite","@id":"https:\/\/colegioarquitectos.com\/noticias\/#website","url":"https:\/\/colegioarquitectos.com\/noticias\/","name":"COLEGIO DE ARQUITECTOS DE CHILE","description":"","publisher":{"@id":"https:\/\/colegioarquitectos.com\/noticias\/#organization"},"potentialAction":[{"@type":"SearchAction","target":{"@type":"EntryPoint","urlTemplate":"https:\/\/colegioarquitectos.com\/noticias\/?s={search_term_string}"},"query-input":{"@type":"PropertyValueSpecification","valueRequired":true,"valueName":"search_term_string"}}],"inLanguage":"es"},{"@type":"Organization","@id":"https:\/\/colegioarquitectos.com\/noticias\/#organization","name":"COLEGIO DE ARQUITECTOS DE CHILE","url":"https:\/\/colegioarquitectos.com\/noticias\/","logo":{"@type":"ImageObject","inLanguage":"es","@id":"https:\/\/colegioarquitectos.com\/noticias\/#\/schema\/logo\/image\/","url":"https:\/\/colegioarquitectos.com\/noticias\/wp-content\/uploads\/2021\/05\/ENCABEZADO-LOGO-CA.jpg","contentUrl":"https:\/\/colegioarquitectos.com\/noticias\/wp-content\/uploads\/2021\/05\/ENCABEZADO-LOGO-CA.jpg","width":690,"height":350,"caption":"COLEGIO DE ARQUITECTOS DE CHILE"},"image":{"@id":"https:\/\/colegioarquitectos.com\/noticias\/#\/schema\/logo\/image\/"},"sameAs":["https:\/\/facebook.com\/Colegioarq\/","https:\/\/x.com\/colegioarq","https:\/\/instagram.com\/colegioarq","https:\/\/youtube.com\/@ColegiodeArquitectosdeChile"]},{"@type":"Person","@id":"https:\/\/colegioarquitectos.com\/noticias\/#\/schema\/person\/685cc0aad148303c5608f049af8285ad","name":"Colegio de Arquitectos de Chile","url":"https:\/\/colegioarquitectos.com\/noticias\/?author=4"}]}},"_links":{"self":[{"href":"https:\/\/colegioarquitectos.com\/noticias\/index.php?rest_route=\/wp\/v2\/posts\/14427","targetHints":{"allow":["GET"]}}],"collection":[{"href":"https:\/\/colegioarquitectos.com\/noticias\/index.php?rest_route=\/wp\/v2\/posts"}],"about":[{"href":"https:\/\/colegioarquitectos.com\/noticias\/index.php?rest_route=\/wp\/v2\/types\/post"}],"author":[{"embeddable":true,"href":"https:\/\/colegioarquitectos.com\/noticias\/index.php?rest_route=\/wp\/v2\/users\/4"}],"replies":[{"embeddable":true,"href":"https:\/\/colegioarquitectos.com\/noticias\/index.php?rest_route=%2Fwp%2Fv2%2Fcomments&post=14427"}],"version-history":[{"count":0,"href":"https:\/\/colegioarquitectos.com\/noticias\/index.php?rest_route=\/wp\/v2\/posts\/14427\/revisions"}],"wp:featuredmedia":[{"embeddable":true,"href":"https:\/\/colegioarquitectos.com\/noticias\/index.php?rest_route=\/wp\/v2\/media\/14428"}],"wp:attachment":[{"href":"https:\/\/colegioarquitectos.com\/noticias\/index.php?rest_route=%2Fwp%2Fv2%2Fmedia&parent=14427"}],"wp:term":[{"taxonomy":"category","embeddable":true,"href":"https:\/\/colegioarquitectos.com\/noticias\/index.php?rest_route=%2Fwp%2Fv2%2Fcategories&post=14427"},{"taxonomy":"post_tag","embeddable":true,"href":"https:\/\/colegioarquitectos.com\/noticias\/index.php?rest_route=%2Fwp%2Fv2%2Ftags&post=14427"}],"curies":[{"name":"wp","href":"https:\/\/api.w.org\/{rel}","templated":true}]}}