
{"id":14433,"date":"2016-09-02T15:21:58","date_gmt":"2016-09-02T15:21:58","guid":{"rendered":"http:\/\/colegioarquitectos.com\/?p=14433"},"modified":"2016-09-02T15:23:19","modified_gmt":"2016-09-02T15:23:19","slug":"invitacion-a-actividades-sarah-bradshaw","status":"publish","type":"post","link":"https:\/\/colegioarquitectos.com\/noticias\/?p=14433","title":{"rendered":"Invitaci\u00f3n a actividades Sarah Bradshaw"},"content":{"rendered":"<p>El Centro de Desarrollo Urbano Sustentable (CEDEUS), Centro Nacional de Investigaci\u00f3n para la Gesti\u00f3n Integrada de Desastres Naturales (CIGIDEN), el Instituto de Geograf\u00eda (UC) y el Instituto de Estudios Urbanos y Territoriales (UC) invitan a participar de las actividades organizadas en el marco de la visita de Sarah Bradshaw a Chile. Sarah es acad\u00e9mica de la Universidad de Middlesex en Inglaterra y trata temas de g\u00e9nero, pobreza, derechos y desastres.<\/p>\n<p>&nbsp;<\/p>\n<p>Lunes 5 de septiembre \/ 15:30 \u2013 17:30 \/ Sala A-1\/ Campus Lo Contador<\/p>\n<p><strong>\u201cGender in post 2015 agenda setting and the Sustainable Development Goals\u00bb<\/strong><\/p>\n<p>&nbsp;<\/p>\n<p>Jueves 8 de septiembre\/ 16.30-18.30\/ Sala D102 (College)\/ Campus San Joaqu\u00edn<\/p>\n<p><strong>Workshop: \u00abUnderstanding Ecosystem Services and Gendered Experiences of Urban Living\u00bb<\/strong><\/p>\n<p>&nbsp;<\/p>\n<p>Viernes 9 de septiembre\/ 11.30-13.00\/ Sala de Seminario de Geograf\u00eda\/ Campus San Joaqu\u00edn<\/p>\n<p><strong>\u00abEngendering Development and Disasters\u00bb<\/strong><\/p>\n<p>&nbsp;<\/p>\n<p>Exposiciones en ingl\u00e9s. Apoyo visual y discusiones en espa\u00f1ol.<\/p>\n<p>&nbsp;<\/p>\n<p>Cupos limitados. Inscripciones en:<a href=\"https:\/\/docs.google.com\/forms\/d\/e\/1FAIpQLSfPDbj8jSuUOw_Z-1ON9I48lA0zFQLVge3v2kT3_XvAjVIxdQ\/viewform\"> https:\/\/docs.google.com\/forms\/d\/e\/1FAIpQLSfPDbj8jSuUOw_Z-1ON9I48lA0zFQLVge3v2kT3_XvAjVIxdQ\/viewform<\/a><\/p>\n<p>Consultas con: maramirezs@uc.cl<\/p>\n<div id=\"attachment_14435\" style=\"width: 653px\" class=\"wp-caption alignnone\"><a href=\"http:\/\/colegioarquitectos.com\/noticias\/wp-content\/uploads\/2016\/09\/Afiche_SarahB_esp-1.jpg\"><img loading=\"lazy\" decoding=\"async\" aria-describedby=\"caption-attachment-14435\" class=\"wp-image-14435 size-full\" src=\"http:\/\/colegioarquitectos.com\/noticias\/wp-content\/uploads\/2016\/09\/Afiche_SarahB_esp-1.jpg\" alt=\"_Afiche Jornada1\" width=\"643\" height=\"1024\" srcset=\"https:\/\/colegioarquitectos.com\/noticias\/wp-content\/uploads\/2016\/09\/Afiche_SarahB_esp-1.jpg 643w, https:\/\/colegioarquitectos.com\/noticias\/wp-content\/uploads\/2016\/09\/Afiche_SarahB_esp-1-188x300.jpg 188w\" sizes=\"auto, (max-width: 643px) 100vw, 643px\" \/><\/a><p id=\"caption-attachment-14435\" class=\"wp-caption-text\">_Afiche Jornada1<\/p><\/div>\n<p><\/p>","protected":false},"excerpt":{"rendered":"<p>El Centro de Desarrollo Urbano Sustentable (CEDEUS), Centro Nacional de Investigaci\u00f3n para la Gesti\u00f3n Integrada de Desastres Naturales (CIGIDEN), el Instituto de Geograf\u00eda (UC) y el Instituto de Estudios Urbanos y Territoriales (UC) invitan a participar de las actividades organizadas &hellip; <a class=\"more-link\" href=\"https:\/\/colegioarquitectos.com\/noticias\/?p=14433\">ver m\u00e1s<\/a><\/p>","protected":false},"author":4,"featured_media":14434,"comment_status":"open","ping_status":"open","sticky":false,"template":"","format":"standard","meta":{"footnotes":""},"categories":[35],"tags":[],"class_list":["post-14433","post","type-post","status-publish","format-standard","has-post-thumbnail","hentry","category-universidades"],"yoast_head":"<!-- This site is optimized with the Yoast SEO plugin v24.2 - https:\/\/yoast.com\/wordpress\/plugins\/seo\/ -->\n<title>Invitaci\u00f3n a actividades Sarah Bradshaw - COLEGIO DE ARQUITECTOS DE CHILE<\/title>\n<meta name=\"robots\" content=\"index, follow, max-snippet:-1, max-image-preview:large, max-video-preview:-1\" \/>\n<link rel=\"canonical\" href=\"https:\/\/colegioarquitectos.com\/noticias\/?p=14433\" \/>\n<meta property=\"og:locale\" content=\"es_ES\" \/>\n<meta property=\"og:type\" content=\"article\" \/>\n<meta property=\"og:title\" content=\"Invitaci\u00f3n a actividades Sarah Bradshaw - COLEGIO DE ARQUITECTOS DE CHILE\" \/>\n<meta property=\"og:description\" content=\"El Centro de Desarrollo Urbano Sustentable (CEDEUS), Centro Nacional de Investigaci\u00f3n para la Gesti\u00f3n Integrada de Desastres Naturales (CIGIDEN), el Instituto de Geograf\u00eda (UC) y el Instituto de Estudios Urbanos y Territoriales (UC) invitan a participar de las actividades organizadas &hellip; ver m\u00e1s\" \/>\n<meta property=\"og:url\" content=\"https:\/\/colegioarquitectos.com\/noticias\/?p=14433\" \/>\n<meta property=\"og:site_name\" content=\"COLEGIO DE ARQUITECTOS DE CHILE\" \/>\n<meta property=\"article:publisher\" content=\"https:\/\/facebook.com\/Colegioarq\/\" \/>\n<meta property=\"article:published_time\" content=\"2016-09-02T15:21:58+00:00\" \/>\n<meta property=\"article:modified_time\" content=\"2016-09-02T15:23:19+00:00\" \/>\n<meta property=\"og:image\" content=\"https:\/\/colegioarquitectos.com\/noticias\/wp-content\/uploads\/2016\/09\/Portada-Sarah-B.jpg\" \/>\n\t<meta property=\"og:image:width\" content=\"690\" \/>\n\t<meta property=\"og:image:height\" content=\"350\" \/>\n\t<meta property=\"og:image:type\" content=\"image\/jpeg\" \/>\n<meta name=\"author\" content=\"Colegio de Arquitectos de Chile\" \/>\n<meta name=\"twitter:card\" content=\"summary_large_image\" \/>\n<meta name=\"twitter:creator\" content=\"@colegioarq\" \/>\n<meta name=\"twitter:site\" content=\"@colegioarq\" \/>\n<meta name=\"twitter:label1\" content=\"Escrito por\" \/>\n\t<meta name=\"twitter:data1\" content=\"Colegio de Arquitectos de Chile\" \/>\n\t<meta name=\"twitter:label2\" content=\"Tiempo de lectura\" \/>\n\t<meta name=\"twitter:data2\" content=\"1 minuto\" \/>\n<script type=\"application\/ld+json\" class=\"yoast-schema-graph\">{\"@context\":\"https:\/\/schema.org\",\"@graph\":[{\"@type\":\"Article\",\"@id\":\"https:\/\/colegioarquitectos.com\/noticias\/?p=14433#article\",\"isPartOf\":{\"@id\":\"https:\/\/colegioarquitectos.com\/noticias\/?p=14433\"},\"author\":{\"name\":\"Colegio de Arquitectos de Chile\",\"@id\":\"https:\/\/colegioarquitectos.com\/noticias\/#\/schema\/person\/685cc0aad148303c5608f049af8285ad\"},\"headline\":\"Invitaci\u00f3n a actividades Sarah Bradshaw\",\"datePublished\":\"2016-09-02T15:21:58+00:00\",\"dateModified\":\"2016-09-02T15:23:19+00:00\",\"mainEntityOfPage\":{\"@id\":\"https:\/\/colegioarquitectos.com\/noticias\/?p=14433\"},\"wordCount\":190,\"commentCount\":0,\"publisher\":{\"@id\":\"https:\/\/colegioarquitectos.com\/noticias\/#organization\"},\"image\":{\"@id\":\"https:\/\/colegioarquitectos.com\/noticias\/?p=14433#primaryimage\"},\"thumbnailUrl\":\"https:\/\/colegioarquitectos.com\/noticias\/wp-content\/uploads\/2016\/09\/Portada-Sarah-B.jpg\",\"articleSection\":[\"Universidades\"],\"inLanguage\":\"es\",\"potentialAction\":[{\"@type\":\"CommentAction\",\"name\":\"Comment\",\"target\":[\"https:\/\/colegioarquitectos.com\/noticias\/?p=14433#respond\"]}]},{\"@type\":\"WebPage\",\"@id\":\"https:\/\/colegioarquitectos.com\/noticias\/?p=14433\",\"url\":\"https:\/\/colegioarquitectos.com\/noticias\/?p=14433\",\"name\":\"Invitaci\u00f3n a actividades Sarah Bradshaw - COLEGIO DE ARQUITECTOS DE CHILE\",\"isPartOf\":{\"@id\":\"https:\/\/colegioarquitectos.com\/noticias\/#website\"},\"primaryImageOfPage\":{\"@id\":\"https:\/\/colegioarquitectos.com\/noticias\/?p=14433#primaryimage\"},\"image\":{\"@id\":\"https:\/\/colegioarquitectos.com\/noticias\/?p=14433#primaryimage\"},\"thumbnailUrl\":\"https:\/\/colegioarquitectos.com\/noticias\/wp-content\/uploads\/2016\/09\/Portada-Sarah-B.jpg\",\"datePublished\":\"2016-09-02T15:21:58+00:00\",\"dateModified\":\"2016-09-02T15:23:19+00:00\",\"breadcrumb\":{\"@id\":\"https:\/\/colegioarquitectos.com\/noticias\/?p=14433#breadcrumb\"},\"inLanguage\":\"es\",\"potentialAction\":[{\"@type\":\"ReadAction\",\"target\":[\"https:\/\/colegioarquitectos.com\/noticias\/?p=14433\"]}]},{\"@type\":\"ImageObject\",\"inLanguage\":\"es\",\"@id\":\"https:\/\/colegioarquitectos.com\/noticias\/?p=14433#primaryimage\",\"url\":\"https:\/\/colegioarquitectos.com\/noticias\/wp-content\/uploads\/2016\/09\/Portada-Sarah-B.jpg\",\"contentUrl\":\"https:\/\/colegioarquitectos.com\/noticias\/wp-content\/uploads\/2016\/09\/Portada-Sarah-B.jpg\",\"width\":690,\"height\":350},{\"@type\":\"BreadcrumbList\",\"@id\":\"https:\/\/colegioarquitectos.com\/noticias\/?p=14433#breadcrumb\",\"itemListElement\":[{\"@type\":\"ListItem\",\"position\":1,\"name\":\"Portada\",\"item\":\"https:\/\/colegioarquitectos.com\/noticias\"},{\"@type\":\"ListItem\",\"position\":2,\"name\":\"Invitaci\u00f3n a actividades Sarah Bradshaw\"}]},{\"@type\":\"WebSite\",\"@id\":\"https:\/\/colegioarquitectos.com\/noticias\/#website\",\"url\":\"https:\/\/colegioarquitectos.com\/noticias\/\",\"name\":\"COLEGIO DE ARQUITECTOS DE CHILE\",\"description\":\"\",\"publisher\":{\"@id\":\"https:\/\/colegioarquitectos.com\/noticias\/#organization\"},\"potentialAction\":[{\"@type\":\"SearchAction\",\"target\":{\"@type\":\"EntryPoint\",\"urlTemplate\":\"https:\/\/colegioarquitectos.com\/noticias\/?s={search_term_string}\"},\"query-input\":{\"@type\":\"PropertyValueSpecification\",\"valueRequired\":true,\"valueName\":\"search_term_string\"}}],\"inLanguage\":\"es\"},{\"@type\":\"Organization\",\"@id\":\"https:\/\/colegioarquitectos.com\/noticias\/#organization\",\"name\":\"COLEGIO DE ARQUITECTOS DE CHILE\",\"url\":\"https:\/\/colegioarquitectos.com\/noticias\/\",\"logo\":{\"@type\":\"ImageObject\",\"inLanguage\":\"es\",\"@id\":\"https:\/\/colegioarquitectos.com\/noticias\/#\/schema\/logo\/image\/\",\"url\":\"https:\/\/colegioarquitectos.com\/noticias\/wp-content\/uploads\/2021\/05\/ENCABEZADO-LOGO-CA.jpg\",\"contentUrl\":\"https:\/\/colegioarquitectos.com\/noticias\/wp-content\/uploads\/2021\/05\/ENCABEZADO-LOGO-CA.jpg\",\"width\":690,\"height\":350,\"caption\":\"COLEGIO DE ARQUITECTOS DE CHILE\"},\"image\":{\"@id\":\"https:\/\/colegioarquitectos.com\/noticias\/#\/schema\/logo\/image\/\"},\"sameAs\":[\"https:\/\/facebook.com\/Colegioarq\/\",\"https:\/\/x.com\/colegioarq\",\"https:\/\/instagram.com\/colegioarq\",\"https:\/\/youtube.com\/@ColegiodeArquitectosdeChile\"]},{\"@type\":\"Person\",\"@id\":\"https:\/\/colegioarquitectos.com\/noticias\/#\/schema\/person\/685cc0aad148303c5608f049af8285ad\",\"name\":\"Colegio de Arquitectos de Chile\",\"url\":\"https:\/\/colegioarquitectos.com\/noticias\/?author=4\"}]}<\/script>\n<!-- \/ Yoast SEO plugin. -->","yoast_head_json":{"title":"Invitaci\u00f3n a actividades Sarah Bradshaw - COLEGIO DE ARQUITECTOS DE CHILE","robots":{"index":"index","follow":"follow","max-snippet":"max-snippet:-1","max-image-preview":"max-image-preview:large","max-video-preview":"max-video-preview:-1"},"canonical":"https:\/\/colegioarquitectos.com\/noticias\/?p=14433","og_locale":"es_ES","og_type":"article","og_title":"Invitaci\u00f3n a actividades Sarah Bradshaw - COLEGIO DE ARQUITECTOS DE CHILE","og_description":"El Centro de Desarrollo Urbano Sustentable (CEDEUS), Centro Nacional de Investigaci\u00f3n para la Gesti\u00f3n Integrada de Desastres Naturales (CIGIDEN), el Instituto de Geograf\u00eda (UC) y el Instituto de Estudios Urbanos y Territoriales (UC) invitan a participar de las actividades organizadas &hellip; ver m\u00e1s","og_url":"https:\/\/colegioarquitectos.com\/noticias\/?p=14433","og_site_name":"COLEGIO DE ARQUITECTOS DE CHILE","article_publisher":"https:\/\/facebook.com\/Colegioarq\/","article_published_time":"2016-09-02T15:21:58+00:00","article_modified_time":"2016-09-02T15:23:19+00:00","og_image":[{"width":690,"height":350,"url":"https:\/\/colegioarquitectos.com\/noticias\/wp-content\/uploads\/2016\/09\/Portada-Sarah-B.jpg","type":"image\/jpeg"}],"author":"Colegio de Arquitectos de Chile","twitter_card":"summary_large_image","twitter_creator":"@colegioarq","twitter_site":"@colegioarq","twitter_misc":{"Escrito por":"Colegio de Arquitectos de Chile","Tiempo de lectura":"1 minuto"},"schema":{"@context":"https:\/\/schema.org","@graph":[{"@type":"Article","@id":"https:\/\/colegioarquitectos.com\/noticias\/?p=14433#article","isPartOf":{"@id":"https:\/\/colegioarquitectos.com\/noticias\/?p=14433"},"author":{"name":"Colegio de Arquitectos de Chile","@id":"https:\/\/colegioarquitectos.com\/noticias\/#\/schema\/person\/685cc0aad148303c5608f049af8285ad"},"headline":"Invitaci\u00f3n a actividades Sarah Bradshaw","datePublished":"2016-09-02T15:21:58+00:00","dateModified":"2016-09-02T15:23:19+00:00","mainEntityOfPage":{"@id":"https:\/\/colegioarquitectos.com\/noticias\/?p=14433"},"wordCount":190,"commentCount":0,"publisher":{"@id":"https:\/\/colegioarquitectos.com\/noticias\/#organization"},"image":{"@id":"https:\/\/colegioarquitectos.com\/noticias\/?p=14433#primaryimage"},"thumbnailUrl":"https:\/\/colegioarquitectos.com\/noticias\/wp-content\/uploads\/2016\/09\/Portada-Sarah-B.jpg","articleSection":["Universidades"],"inLanguage":"es","potentialAction":[{"@type":"CommentAction","name":"Comment","target":["https:\/\/colegioarquitectos.com\/noticias\/?p=14433#respond"]}]},{"@type":"WebPage","@id":"https:\/\/colegioarquitectos.com\/noticias\/?p=14433","url":"https:\/\/colegioarquitectos.com\/noticias\/?p=14433","name":"Invitaci\u00f3n a actividades Sarah Bradshaw - COLEGIO DE ARQUITECTOS DE CHILE","isPartOf":{"@id":"https:\/\/colegioarquitectos.com\/noticias\/#website"},"primaryImageOfPage":{"@id":"https:\/\/colegioarquitectos.com\/noticias\/?p=14433#primaryimage"},"image":{"@id":"https:\/\/colegioarquitectos.com\/noticias\/?p=14433#primaryimage"},"thumbnailUrl":"https:\/\/colegioarquitectos.com\/noticias\/wp-content\/uploads\/2016\/09\/Portada-Sarah-B.jpg","datePublished":"2016-09-02T15:21:58+00:00","dateModified":"2016-09-02T15:23:19+00:00","breadcrumb":{"@id":"https:\/\/colegioarquitectos.com\/noticias\/?p=14433#breadcrumb"},"inLanguage":"es","potentialAction":[{"@type":"ReadAction","target":["https:\/\/colegioarquitectos.com\/noticias\/?p=14433"]}]},{"@type":"ImageObject","inLanguage":"es","@id":"https:\/\/colegioarquitectos.com\/noticias\/?p=14433#primaryimage","url":"https:\/\/colegioarquitectos.com\/noticias\/wp-content\/uploads\/2016\/09\/Portada-Sarah-B.jpg","contentUrl":"https:\/\/colegioarquitectos.com\/noticias\/wp-content\/uploads\/2016\/09\/Portada-Sarah-B.jpg","width":690,"height":350},{"@type":"BreadcrumbList","@id":"https:\/\/colegioarquitectos.com\/noticias\/?p=14433#breadcrumb","itemListElement":[{"@type":"ListItem","position":1,"name":"Portada","item":"https:\/\/colegioarquitectos.com\/noticias"},{"@type":"ListItem","position":2,"name":"Invitaci\u00f3n a actividades Sarah Bradshaw"}]},{"@type":"WebSite","@id":"https:\/\/colegioarquitectos.com\/noticias\/#website","url":"https:\/\/colegioarquitectos.com\/noticias\/","name":"COLEGIO DE ARQUITECTOS DE CHILE","description":"","publisher":{"@id":"https:\/\/colegioarquitectos.com\/noticias\/#organization"},"potentialAction":[{"@type":"SearchAction","target":{"@type":"EntryPoint","urlTemplate":"https:\/\/colegioarquitectos.com\/noticias\/?s={search_term_string}"},"query-input":{"@type":"PropertyValueSpecification","valueRequired":true,"valueName":"search_term_string"}}],"inLanguage":"es"},{"@type":"Organization","@id":"https:\/\/colegioarquitectos.com\/noticias\/#organization","name":"COLEGIO DE ARQUITECTOS DE CHILE","url":"https:\/\/colegioarquitectos.com\/noticias\/","logo":{"@type":"ImageObject","inLanguage":"es","@id":"https:\/\/colegioarquitectos.com\/noticias\/#\/schema\/logo\/image\/","url":"https:\/\/colegioarquitectos.com\/noticias\/wp-content\/uploads\/2021\/05\/ENCABEZADO-LOGO-CA.jpg","contentUrl":"https:\/\/colegioarquitectos.com\/noticias\/wp-content\/uploads\/2021\/05\/ENCABEZADO-LOGO-CA.jpg","width":690,"height":350,"caption":"COLEGIO DE ARQUITECTOS DE CHILE"},"image":{"@id":"https:\/\/colegioarquitectos.com\/noticias\/#\/schema\/logo\/image\/"},"sameAs":["https:\/\/facebook.com\/Colegioarq\/","https:\/\/x.com\/colegioarq","https:\/\/instagram.com\/colegioarq","https:\/\/youtube.com\/@ColegiodeArquitectosdeChile"]},{"@type":"Person","@id":"https:\/\/colegioarquitectos.com\/noticias\/#\/schema\/person\/685cc0aad148303c5608f049af8285ad","name":"Colegio de Arquitectos de Chile","url":"https:\/\/colegioarquitectos.com\/noticias\/?author=4"}]}},"_links":{"self":[{"href":"https:\/\/colegioarquitectos.com\/noticias\/index.php?rest_route=\/wp\/v2\/posts\/14433","targetHints":{"allow":["GET"]}}],"collection":[{"href":"https:\/\/colegioarquitectos.com\/noticias\/index.php?rest_route=\/wp\/v2\/posts"}],"about":[{"href":"https:\/\/colegioarquitectos.com\/noticias\/index.php?rest_route=\/wp\/v2\/types\/post"}],"author":[{"embeddable":true,"href":"https:\/\/colegioarquitectos.com\/noticias\/index.php?rest_route=\/wp\/v2\/users\/4"}],"replies":[{"embeddable":true,"href":"https:\/\/colegioarquitectos.com\/noticias\/index.php?rest_route=%2Fwp%2Fv2%2Fcomments&post=14433"}],"version-history":[{"count":0,"href":"https:\/\/colegioarquitectos.com\/noticias\/index.php?rest_route=\/wp\/v2\/posts\/14433\/revisions"}],"wp:featuredmedia":[{"embeddable":true,"href":"https:\/\/colegioarquitectos.com\/noticias\/index.php?rest_route=\/wp\/v2\/media\/14434"}],"wp:attachment":[{"href":"https:\/\/colegioarquitectos.com\/noticias\/index.php?rest_route=%2Fwp%2Fv2%2Fmedia&parent=14433"}],"wp:term":[{"taxonomy":"category","embeddable":true,"href":"https:\/\/colegioarquitectos.com\/noticias\/index.php?rest_route=%2Fwp%2Fv2%2Fcategories&post=14433"},{"taxonomy":"post_tag","embeddable":true,"href":"https:\/\/colegioarquitectos.com\/noticias\/index.php?rest_route=%2Fwp%2Fv2%2Ftags&post=14433"}],"curies":[{"name":"wp","href":"https:\/\/api.w.org\/{rel}","templated":true}]}}