
{"id":14458,"date":"2016-09-06T10:00:31","date_gmt":"2016-09-06T10:00:31","guid":{"rendered":"http:\/\/colegioarquitectos.com\/?p=14458"},"modified":"2016-09-07T21:41:07","modified_gmt":"2016-09-07T21:41:07","slug":"editora-de-revista-ca-participa-del-ii-encuentro-de-asociacion-de-revistas-latinoamericanas-de-arquitectura","status":"publish","type":"post","link":"https:\/\/colegioarquitectos.com\/noticias\/?p=14458","title":{"rendered":"Editora Revista C\/A en II Encuentro Asociaci\u00f3n Revistas Latinoamericanas de Arquitectura"},"content":{"rendered":"<p>Durante los d\u00edas 31 de agosto, 1 y 2 de septiembre, se realiz\u00f3 en la Facultad de Arquitectura, Dise\u00f1o y Urbanismo de la Universidad de Buenos Aires el <strong>II Encuentro de Editores ARLA<\/strong> (Asociaci\u00f3n de Revistas Latinoamericanas de Arquitectura), al cual asisti\u00f3 en representaci\u00f3n de la Revista C\/A, del Colegio de Arquitectos, su editora Macarena Cort\u00e9s.<\/p>\n<p>A este evento tambi\u00e9n asistieron otros editores chilenos, de diversas revistas, como: Francisco D\u00edaz, Revista ARQ (Universidad Cat\u00f3lica); Mario Marchant, Materia (Universidad San Sebasti\u00e1n); Elisa Cordero, AUS (Universidad Austral); Constantino Mawromatis, De Arquitectura (Universidad de Chile); y Hern\u00e1n Ascui, Arquitecturas del Sur (Universidad de Chile), entre otros.<\/p>\n<p>La asociaci\u00f3n ARLA re\u00fane a 77 revistas, convocando a 10 pa\u00edses de Am\u00e9rica Latina, la cual propone ser una plataforma colaborativa, que permite difundir la arquitectura en el contexto latinoamericano. Esta naci\u00f3 de los Encuentros de Revistas realizados en los Seminarios de Arquitectura Latinoamericana (SAL), espec\u00edficamente en el XII\u00ba SAL realizado en Chile en la ciudad de Concepci\u00f3n en 2007. En dicha reuni\u00f3n los editores presentes acordaron apoyar la idea de crear una plataforma virtual que permitiera crear un mecanismo eficaz y constante de cooperaci\u00f3n entre las revistas latinoamericanas de arquitectura y, a partir de ella, promover adem\u00e1s su visibilidad en todo el mundo.<\/p>\n<p>El encuentro reciente en Buenos Aires tuvo el objetivo presentar la nueva web de la Asociaci\u00f3n, y discutir sobre el desarrollo futuro de ella, a trav\u00e9s de tem\u00e1ticas como: la diversidad de publicaciones pertenecientes a la red, sistemas de indexaci\u00f3n para revistas acad\u00e9micas y cient\u00edficas, banco de evaluadores para la red y la posibilidad de generar un archivo hist\u00f3rico de revistas de arquitectura latinoamericanas.<\/p>\n<p>La reuni\u00f3n sostenida tendr\u00e1 como producto una carta firmada por los editores asistentes al evento, que propondr\u00e1 contribuir a la visibilidad de las revistas, respetando la variedad de ellas a trav\u00e9s del esp\u00edritu inclusivo de la red ARLA.<\/p>\n<p>M\u00e1s informaci\u00f3n sobre la\u00a0Asociaci\u00f3n de Revistas Latinoamericanas de Arquitectura\u00a0<a href=\"http:\/\/www.arlared.org\">www.arlared.org<\/a><\/p>\n<p><\/p>","protected":false},"excerpt":{"rendered":"<p>Durante los d\u00edas 31 de agosto, 1 y 2 de septiembre, se realiz\u00f3 en la Facultad de Arquitectura, Dise\u00f1o y Urbanismo de la Universidad de Buenos Aires el II Encuentro de Editores ARLA (Asociaci\u00f3n de Revistas Latinoamericanas de Arquitectura), al &hellip; <a class=\"more-link\" href=\"https:\/\/colegioarquitectos.com\/noticias\/?p=14458\">ver m\u00e1s<\/a><\/p>","protected":false},"author":4,"featured_media":14459,"comment_status":"open","ping_status":"open","sticky":false,"template":"","format":"standard","meta":{"footnotes":""},"categories":[3],"tags":[],"class_list":["post-14458","post","type-post","status-publish","format-standard","has-post-thumbnail","hentry","category-noticias"],"yoast_head":"<!-- This site is optimized with the Yoast SEO plugin v24.2 - https:\/\/yoast.com\/wordpress\/plugins\/seo\/ -->\n<title>Editora Revista C\/A en II Encuentro Asociaci\u00f3n Revistas Latinoamericanas de Arquitectura - COLEGIO DE ARQUITECTOS DE CHILE<\/title>\n<meta name=\"robots\" content=\"index, follow, max-snippet:-1, max-image-preview:large, max-video-preview:-1\" \/>\n<link rel=\"canonical\" href=\"https:\/\/colegioarquitectos.com\/noticias\/?p=14458\" \/>\n<meta property=\"og:locale\" content=\"es_ES\" \/>\n<meta property=\"og:type\" content=\"article\" \/>\n<meta property=\"og:title\" content=\"Editora Revista C\/A en II Encuentro Asociaci\u00f3n Revistas Latinoamericanas de Arquitectura - COLEGIO DE ARQUITECTOS DE CHILE\" \/>\n<meta property=\"og:description\" content=\"Durante los d\u00edas 31 de agosto, 1 y 2 de septiembre, se realiz\u00f3 en la Facultad de Arquitectura, Dise\u00f1o y Urbanismo de la Universidad de Buenos Aires el II Encuentro de Editores ARLA (Asociaci\u00f3n de Revistas Latinoamericanas de Arquitectura), al &hellip; ver m\u00e1s\" \/>\n<meta property=\"og:url\" content=\"https:\/\/colegioarquitectos.com\/noticias\/?p=14458\" \/>\n<meta property=\"og:site_name\" content=\"COLEGIO DE ARQUITECTOS DE CHILE\" \/>\n<meta property=\"article:publisher\" content=\"https:\/\/facebook.com\/Colegioarq\/\" \/>\n<meta property=\"article:published_time\" content=\"2016-09-06T10:00:31+00:00\" \/>\n<meta property=\"article:modified_time\" content=\"2016-09-07T21:41:07+00:00\" \/>\n<meta property=\"og:image\" content=\"https:\/\/colegioarquitectos.com\/noticias\/wp-content\/uploads\/2016\/09\/Macarena-Cort\u00e9s-Buenos-Aires.jpg\" \/>\n\t<meta property=\"og:image:width\" content=\"690\" \/>\n\t<meta property=\"og:image:height\" content=\"350\" \/>\n\t<meta property=\"og:image:type\" content=\"image\/jpeg\" \/>\n<meta name=\"author\" content=\"Colegio de Arquitectos de Chile\" \/>\n<meta name=\"twitter:card\" content=\"summary_large_image\" \/>\n<meta name=\"twitter:creator\" content=\"@colegioarq\" \/>\n<meta name=\"twitter:site\" content=\"@colegioarq\" \/>\n<meta name=\"twitter:label1\" content=\"Escrito por\" \/>\n\t<meta name=\"twitter:data1\" content=\"Colegio de Arquitectos de Chile\" \/>\n\t<meta name=\"twitter:label2\" content=\"Tiempo de lectura\" \/>\n\t<meta name=\"twitter:data2\" content=\"2 minutos\" \/>\n<script type=\"application\/ld+json\" class=\"yoast-schema-graph\">{\"@context\":\"https:\/\/schema.org\",\"@graph\":[{\"@type\":\"Article\",\"@id\":\"https:\/\/colegioarquitectos.com\/noticias\/?p=14458#article\",\"isPartOf\":{\"@id\":\"https:\/\/colegioarquitectos.com\/noticias\/?p=14458\"},\"author\":{\"name\":\"Colegio de Arquitectos de Chile\",\"@id\":\"https:\/\/colegioarquitectos.com\/noticias\/#\/schema\/person\/685cc0aad148303c5608f049af8285ad\"},\"headline\":\"Editora Revista C\/A en II Encuentro Asociaci\u00f3n Revistas Latinoamericanas de Arquitectura\",\"datePublished\":\"2016-09-06T10:00:31+00:00\",\"dateModified\":\"2016-09-07T21:41:07+00:00\",\"mainEntityOfPage\":{\"@id\":\"https:\/\/colegioarquitectos.com\/noticias\/?p=14458\"},\"wordCount\":362,\"commentCount\":0,\"publisher\":{\"@id\":\"https:\/\/colegioarquitectos.com\/noticias\/#organization\"},\"image\":{\"@id\":\"https:\/\/colegioarquitectos.com\/noticias\/?p=14458#primaryimage\"},\"thumbnailUrl\":\"https:\/\/colegioarquitectos.com\/noticias\/wp-content\/uploads\/2016\/09\/Macarena-Cort\u00e9s-Buenos-Aires.jpg\",\"articleSection\":[\"Noticias\"],\"inLanguage\":\"es\",\"potentialAction\":[{\"@type\":\"CommentAction\",\"name\":\"Comment\",\"target\":[\"https:\/\/colegioarquitectos.com\/noticias\/?p=14458#respond\"]}]},{\"@type\":\"WebPage\",\"@id\":\"https:\/\/colegioarquitectos.com\/noticias\/?p=14458\",\"url\":\"https:\/\/colegioarquitectos.com\/noticias\/?p=14458\",\"name\":\"Editora Revista C\/A en II Encuentro Asociaci\u00f3n Revistas Latinoamericanas de Arquitectura - COLEGIO DE ARQUITECTOS DE CHILE\",\"isPartOf\":{\"@id\":\"https:\/\/colegioarquitectos.com\/noticias\/#website\"},\"primaryImageOfPage\":{\"@id\":\"https:\/\/colegioarquitectos.com\/noticias\/?p=14458#primaryimage\"},\"image\":{\"@id\":\"https:\/\/colegioarquitectos.com\/noticias\/?p=14458#primaryimage\"},\"thumbnailUrl\":\"https:\/\/colegioarquitectos.com\/noticias\/wp-content\/uploads\/2016\/09\/Macarena-Cort\u00e9s-Buenos-Aires.jpg\",\"datePublished\":\"2016-09-06T10:00:31+00:00\",\"dateModified\":\"2016-09-07T21:41:07+00:00\",\"breadcrumb\":{\"@id\":\"https:\/\/colegioarquitectos.com\/noticias\/?p=14458#breadcrumb\"},\"inLanguage\":\"es\",\"potentialAction\":[{\"@type\":\"ReadAction\",\"target\":[\"https:\/\/colegioarquitectos.com\/noticias\/?p=14458\"]}]},{\"@type\":\"ImageObject\",\"inLanguage\":\"es\",\"@id\":\"https:\/\/colegioarquitectos.com\/noticias\/?p=14458#primaryimage\",\"url\":\"https:\/\/colegioarquitectos.com\/noticias\/wp-content\/uploads\/2016\/09\/Macarena-Cort\u00e9s-Buenos-Aires.jpg\",\"contentUrl\":\"https:\/\/colegioarquitectos.com\/noticias\/wp-content\/uploads\/2016\/09\/Macarena-Cort\u00e9s-Buenos-Aires.jpg\",\"width\":690,\"height\":350},{\"@type\":\"BreadcrumbList\",\"@id\":\"https:\/\/colegioarquitectos.com\/noticias\/?p=14458#breadcrumb\",\"itemListElement\":[{\"@type\":\"ListItem\",\"position\":1,\"name\":\"Portada\",\"item\":\"https:\/\/colegioarquitectos.com\/noticias\"},{\"@type\":\"ListItem\",\"position\":2,\"name\":\"Editora Revista C\/A en II Encuentro Asociaci\u00f3n Revistas Latinoamericanas de Arquitectura\"}]},{\"@type\":\"WebSite\",\"@id\":\"https:\/\/colegioarquitectos.com\/noticias\/#website\",\"url\":\"https:\/\/colegioarquitectos.com\/noticias\/\",\"name\":\"COLEGIO DE ARQUITECTOS DE CHILE\",\"description\":\"\",\"publisher\":{\"@id\":\"https:\/\/colegioarquitectos.com\/noticias\/#organization\"},\"potentialAction\":[{\"@type\":\"SearchAction\",\"target\":{\"@type\":\"EntryPoint\",\"urlTemplate\":\"https:\/\/colegioarquitectos.com\/noticias\/?s={search_term_string}\"},\"query-input\":{\"@type\":\"PropertyValueSpecification\",\"valueRequired\":true,\"valueName\":\"search_term_string\"}}],\"inLanguage\":\"es\"},{\"@type\":\"Organization\",\"@id\":\"https:\/\/colegioarquitectos.com\/noticias\/#organization\",\"name\":\"COLEGIO DE ARQUITECTOS DE CHILE\",\"url\":\"https:\/\/colegioarquitectos.com\/noticias\/\",\"logo\":{\"@type\":\"ImageObject\",\"inLanguage\":\"es\",\"@id\":\"https:\/\/colegioarquitectos.com\/noticias\/#\/schema\/logo\/image\/\",\"url\":\"https:\/\/colegioarquitectos.com\/noticias\/wp-content\/uploads\/2021\/05\/ENCABEZADO-LOGO-CA.jpg\",\"contentUrl\":\"https:\/\/colegioarquitectos.com\/noticias\/wp-content\/uploads\/2021\/05\/ENCABEZADO-LOGO-CA.jpg\",\"width\":690,\"height\":350,\"caption\":\"COLEGIO DE ARQUITECTOS DE CHILE\"},\"image\":{\"@id\":\"https:\/\/colegioarquitectos.com\/noticias\/#\/schema\/logo\/image\/\"},\"sameAs\":[\"https:\/\/facebook.com\/Colegioarq\/\",\"https:\/\/x.com\/colegioarq\",\"https:\/\/instagram.com\/colegioarq\",\"https:\/\/youtube.com\/@ColegiodeArquitectosdeChile\"]},{\"@type\":\"Person\",\"@id\":\"https:\/\/colegioarquitectos.com\/noticias\/#\/schema\/person\/685cc0aad148303c5608f049af8285ad\",\"name\":\"Colegio de Arquitectos de Chile\",\"url\":\"https:\/\/colegioarquitectos.com\/noticias\/?author=4\"}]}<\/script>\n<!-- \/ Yoast SEO plugin. -->","yoast_head_json":{"title":"Editora Revista C\/A en II Encuentro Asociaci\u00f3n Revistas Latinoamericanas de Arquitectura - COLEGIO DE ARQUITECTOS DE CHILE","robots":{"index":"index","follow":"follow","max-snippet":"max-snippet:-1","max-image-preview":"max-image-preview:large","max-video-preview":"max-video-preview:-1"},"canonical":"https:\/\/colegioarquitectos.com\/noticias\/?p=14458","og_locale":"es_ES","og_type":"article","og_title":"Editora Revista C\/A en II Encuentro Asociaci\u00f3n Revistas Latinoamericanas de Arquitectura - COLEGIO DE ARQUITECTOS DE CHILE","og_description":"Durante los d\u00edas 31 de agosto, 1 y 2 de septiembre, se realiz\u00f3 en la Facultad de Arquitectura, Dise\u00f1o y Urbanismo de la Universidad de Buenos Aires el II Encuentro de Editores ARLA (Asociaci\u00f3n de Revistas Latinoamericanas de Arquitectura), al &hellip; ver m\u00e1s","og_url":"https:\/\/colegioarquitectos.com\/noticias\/?p=14458","og_site_name":"COLEGIO DE ARQUITECTOS DE CHILE","article_publisher":"https:\/\/facebook.com\/Colegioarq\/","article_published_time":"2016-09-06T10:00:31+00:00","article_modified_time":"2016-09-07T21:41:07+00:00","og_image":[{"width":690,"height":350,"url":"https:\/\/colegioarquitectos.com\/noticias\/wp-content\/uploads\/2016\/09\/Macarena-Cort\u00e9s-Buenos-Aires.jpg","type":"image\/jpeg"}],"author":"Colegio de Arquitectos de Chile","twitter_card":"summary_large_image","twitter_creator":"@colegioarq","twitter_site":"@colegioarq","twitter_misc":{"Escrito por":"Colegio de Arquitectos de Chile","Tiempo de lectura":"2 minutos"},"schema":{"@context":"https:\/\/schema.org","@graph":[{"@type":"Article","@id":"https:\/\/colegioarquitectos.com\/noticias\/?p=14458#article","isPartOf":{"@id":"https:\/\/colegioarquitectos.com\/noticias\/?p=14458"},"author":{"name":"Colegio de Arquitectos de Chile","@id":"https:\/\/colegioarquitectos.com\/noticias\/#\/schema\/person\/685cc0aad148303c5608f049af8285ad"},"headline":"Editora Revista C\/A en II Encuentro Asociaci\u00f3n Revistas Latinoamericanas de Arquitectura","datePublished":"2016-09-06T10:00:31+00:00","dateModified":"2016-09-07T21:41:07+00:00","mainEntityOfPage":{"@id":"https:\/\/colegioarquitectos.com\/noticias\/?p=14458"},"wordCount":362,"commentCount":0,"publisher":{"@id":"https:\/\/colegioarquitectos.com\/noticias\/#organization"},"image":{"@id":"https:\/\/colegioarquitectos.com\/noticias\/?p=14458#primaryimage"},"thumbnailUrl":"https:\/\/colegioarquitectos.com\/noticias\/wp-content\/uploads\/2016\/09\/Macarena-Cort\u00e9s-Buenos-Aires.jpg","articleSection":["Noticias"],"inLanguage":"es","potentialAction":[{"@type":"CommentAction","name":"Comment","target":["https:\/\/colegioarquitectos.com\/noticias\/?p=14458#respond"]}]},{"@type":"WebPage","@id":"https:\/\/colegioarquitectos.com\/noticias\/?p=14458","url":"https:\/\/colegioarquitectos.com\/noticias\/?p=14458","name":"Editora Revista C\/A en II Encuentro Asociaci\u00f3n Revistas Latinoamericanas de Arquitectura - COLEGIO DE ARQUITECTOS DE CHILE","isPartOf":{"@id":"https:\/\/colegioarquitectos.com\/noticias\/#website"},"primaryImageOfPage":{"@id":"https:\/\/colegioarquitectos.com\/noticias\/?p=14458#primaryimage"},"image":{"@id":"https:\/\/colegioarquitectos.com\/noticias\/?p=14458#primaryimage"},"thumbnailUrl":"https:\/\/colegioarquitectos.com\/noticias\/wp-content\/uploads\/2016\/09\/Macarena-Cort\u00e9s-Buenos-Aires.jpg","datePublished":"2016-09-06T10:00:31+00:00","dateModified":"2016-09-07T21:41:07+00:00","breadcrumb":{"@id":"https:\/\/colegioarquitectos.com\/noticias\/?p=14458#breadcrumb"},"inLanguage":"es","potentialAction":[{"@type":"ReadAction","target":["https:\/\/colegioarquitectos.com\/noticias\/?p=14458"]}]},{"@type":"ImageObject","inLanguage":"es","@id":"https:\/\/colegioarquitectos.com\/noticias\/?p=14458#primaryimage","url":"https:\/\/colegioarquitectos.com\/noticias\/wp-content\/uploads\/2016\/09\/Macarena-Cort\u00e9s-Buenos-Aires.jpg","contentUrl":"https:\/\/colegioarquitectos.com\/noticias\/wp-content\/uploads\/2016\/09\/Macarena-Cort\u00e9s-Buenos-Aires.jpg","width":690,"height":350},{"@type":"BreadcrumbList","@id":"https:\/\/colegioarquitectos.com\/noticias\/?p=14458#breadcrumb","itemListElement":[{"@type":"ListItem","position":1,"name":"Portada","item":"https:\/\/colegioarquitectos.com\/noticias"},{"@type":"ListItem","position":2,"name":"Editora Revista C\/A en II Encuentro Asociaci\u00f3n Revistas Latinoamericanas de Arquitectura"}]},{"@type":"WebSite","@id":"https:\/\/colegioarquitectos.com\/noticias\/#website","url":"https:\/\/colegioarquitectos.com\/noticias\/","name":"COLEGIO DE ARQUITECTOS DE CHILE","description":"","publisher":{"@id":"https:\/\/colegioarquitectos.com\/noticias\/#organization"},"potentialAction":[{"@type":"SearchAction","target":{"@type":"EntryPoint","urlTemplate":"https:\/\/colegioarquitectos.com\/noticias\/?s={search_term_string}"},"query-input":{"@type":"PropertyValueSpecification","valueRequired":true,"valueName":"search_term_string"}}],"inLanguage":"es"},{"@type":"Organization","@id":"https:\/\/colegioarquitectos.com\/noticias\/#organization","name":"COLEGIO DE ARQUITECTOS DE CHILE","url":"https:\/\/colegioarquitectos.com\/noticias\/","logo":{"@type":"ImageObject","inLanguage":"es","@id":"https:\/\/colegioarquitectos.com\/noticias\/#\/schema\/logo\/image\/","url":"https:\/\/colegioarquitectos.com\/noticias\/wp-content\/uploads\/2021\/05\/ENCABEZADO-LOGO-CA.jpg","contentUrl":"https:\/\/colegioarquitectos.com\/noticias\/wp-content\/uploads\/2021\/05\/ENCABEZADO-LOGO-CA.jpg","width":690,"height":350,"caption":"COLEGIO DE ARQUITECTOS DE CHILE"},"image":{"@id":"https:\/\/colegioarquitectos.com\/noticias\/#\/schema\/logo\/image\/"},"sameAs":["https:\/\/facebook.com\/Colegioarq\/","https:\/\/x.com\/colegioarq","https:\/\/instagram.com\/colegioarq","https:\/\/youtube.com\/@ColegiodeArquitectosdeChile"]},{"@type":"Person","@id":"https:\/\/colegioarquitectos.com\/noticias\/#\/schema\/person\/685cc0aad148303c5608f049af8285ad","name":"Colegio de Arquitectos de Chile","url":"https:\/\/colegioarquitectos.com\/noticias\/?author=4"}]}},"_links":{"self":[{"href":"https:\/\/colegioarquitectos.com\/noticias\/index.php?rest_route=\/wp\/v2\/posts\/14458","targetHints":{"allow":["GET"]}}],"collection":[{"href":"https:\/\/colegioarquitectos.com\/noticias\/index.php?rest_route=\/wp\/v2\/posts"}],"about":[{"href":"https:\/\/colegioarquitectos.com\/noticias\/index.php?rest_route=\/wp\/v2\/types\/post"}],"author":[{"embeddable":true,"href":"https:\/\/colegioarquitectos.com\/noticias\/index.php?rest_route=\/wp\/v2\/users\/4"}],"replies":[{"embeddable":true,"href":"https:\/\/colegioarquitectos.com\/noticias\/index.php?rest_route=%2Fwp%2Fv2%2Fcomments&post=14458"}],"version-history":[{"count":0,"href":"https:\/\/colegioarquitectos.com\/noticias\/index.php?rest_route=\/wp\/v2\/posts\/14458\/revisions"}],"wp:featuredmedia":[{"embeddable":true,"href":"https:\/\/colegioarquitectos.com\/noticias\/index.php?rest_route=\/wp\/v2\/media\/14459"}],"wp:attachment":[{"href":"https:\/\/colegioarquitectos.com\/noticias\/index.php?rest_route=%2Fwp%2Fv2%2Fmedia&parent=14458"}],"wp:term":[{"taxonomy":"category","embeddable":true,"href":"https:\/\/colegioarquitectos.com\/noticias\/index.php?rest_route=%2Fwp%2Fv2%2Fcategories&post=14458"},{"taxonomy":"post_tag","embeddable":true,"href":"https:\/\/colegioarquitectos.com\/noticias\/index.php?rest_route=%2Fwp%2Fv2%2Ftags&post=14458"}],"curies":[{"name":"wp","href":"https:\/\/api.w.org\/{rel}","templated":true}]}}