
{"id":146,"date":"2012-01-03T11:00:42","date_gmt":"2012-01-03T11:00:42","guid":{"rendered":"http:\/\/colegioarquitectos.com\/noticias\/?p=146"},"modified":"2012-01-03T20:58:50","modified_gmt":"2012-01-03T20:58:50","slug":"comite-de-derechos-humanos-realizo-donacion-a-biblioteca-del-museo-de-la-memoria","status":"publish","type":"post","link":"https:\/\/colegioarquitectos.com\/noticias\/?p=146","title":{"rendered":"Comit\u00e9 de Derechos Humanos realiz\u00f3 donaci\u00f3n a Biblioteca del Museo de la Memoria"},"content":{"rendered":"<p>&nbsp;<\/p>\n<p style=\"text-align: center;\"><strong>Acto p\u00fablico en el Museo de la Memoria el d\u00eda 14 de diciembre de 2010, con la presencia de colegas y familiares, donde se donaron a la Biblioteca del Museo seis ejemplares del libro \u201cOcho Arquitectos en la Memoria\u201d, recibiendo la donaci\u00f3n el Director del Museo Sr. Ricardo Brodsky.<\/strong><\/p>\n<p>&nbsp;<\/p>\n<p><span style=\"color: #000080;\"><strong>Palabras de la Arq. Cecilia Dinamarca, Presidenta del Comit\u00e9:<\/strong><\/span><\/p>\n<p><strong><\/strong>El Comit\u00e9 de Derechos Humanos y Ciudadanos del Colegio de Arquitectos, logr\u00f3 sacar a la luz p\u00fablica\u00a0 en el a\u00f1o 2005, el libro \u201cOcho Arquitectos en la Memoria\u201d\u00a0 mismo que hoy, donamos al Museo de la Memoria y los Derechos Humanos porque creemos\u00a0 que es en este\u00a0 lugar donde deben\u00a0 permanecer tambi\u00e9n nuestros colegas.<\/p>\n<p>Todos quienes trabajamos\u00a0 la preparaci\u00f3n, el financiamiento la edici\u00f3n y la correcci\u00f3n de en este libro, igualmente ocho arquitectos, (pertenecientes al Comit\u00e9) hemos podido\u00a0 comprobar la importancia del trabajo realizado para la preservaci\u00f3n de la Memoria Hist\u00f3rica de nuestro pa\u00eds durante los a\u00f1os de la Dictadura, donde se cometieron cr\u00edmenes de lesa humanidad\u00a0 en forma sistem\u00e1tica por agentes del Estado.\u00a0 El sentido primordial que\u00a0 pensamos para el Libro se expresaba por una parte en contar quienes eran hasta el momento que fueron secuestrados y hechos desaparecer y desenmascarar el crimen que se cometi\u00f3 contra ellos y sus familiares y por otra parte con la investigaci\u00f3n a realizar\u00a0 poder\u00a0 aportar a los juicios que se llevaban a cabo por todos ellos.<\/p>\n<p>Es a trav\u00e9s de relatos testimoniales\u00a0 de quienes los conocimos y quienes\u00a0 formaron parte de sus vidas que se cre\u00f3 este libro, con el objetivo principal de contar sus proyectos de vida y demostrar que todos ellos\u00a0 siete hombres y una mujer eran seres excepcionales _ arquitectos, egresados y un estudiante de arquitectura \u2013 entre los cuales se encontraban directivos de el m\u00e1s alto nivel docente y profesional, dirigentes gremiales y estudiantiles. Todos ellos fueron brutal y cruelmente\u00a0 detenidos y posteriormente\u00a0 uno de ellos fusilado (como es el caso del Director de la Facultad de Arquitectura de la Universidad Cat\u00f3lica, Leopoldo Ben\u00edtez Herrera) y el resto de nuestros colegas hechos desparecer sin que hasta la fecha se tenga indicio alguno de su paradero.<\/p>\n<p>Todo el proceso\u00a0 de creaci\u00f3n fue muy m\u00e1gico y represent\u00f3 un\u00a0 per\u00edodo de mucha importancia en nuestras vidas\u00a0 porque fue realizado con mucho amor y\u00a0 profunda emoci\u00f3n al ir descubriendo las distintas facetas de la vida de nuestros colegas como as\u00ed mismo\u00a0 los relatos testimoniales aportados que fueron llegando y enriqueciendo la obra al plasmarlas en el papel que hoy entregamos al Museo.\u00a0 Nuestro anhelo como comit\u00e9 es terminar con la impunidad de quienes cometieron estos cr\u00edmenes y que este libro constituya un legado para las nuevas generaciones y contribuya a la Memoria hist\u00f3rica de nuestro pa\u00eds.<\/p>\n<p>&nbsp;<\/p>\n<p><a href=\"http:\/\/colegioarquitectos.com\/noticias\/wp-content\/uploads\/2012\/01\/P1030718.jpg\"><img loading=\"lazy\" decoding=\"async\" class=\"alignnone size-full wp-image-149\" title=\"P1030718\" src=\"http:\/\/colegioarquitectos.com\/noticias\/wp-content\/uploads\/2012\/01\/P1030718.jpg\" alt=\"\" width=\"553\" height=\"415\" srcset=\"https:\/\/colegioarquitectos.com\/noticias\/wp-content\/uploads\/2012\/01\/P1030718.jpg 553w, https:\/\/colegioarquitectos.com\/noticias\/wp-content\/uploads\/2012\/01\/P1030718-300x225.jpg 300w\" sizes=\"auto, (max-width: 553px) 100vw, 553px\" \/><\/a><\/p>\n<p><a href=\"http:\/\/colegioarquitectos.com\/noticias\/wp-content\/uploads\/2012\/01\/P1030728.jpg\"><img loading=\"lazy\" decoding=\"async\" class=\"alignnone size-full wp-image-150\" title=\"P1030728\" src=\"http:\/\/colegioarquitectos.com\/noticias\/wp-content\/uploads\/2012\/01\/P1030728.jpg\" alt=\"\" width=\"553\" height=\"415\" srcset=\"https:\/\/colegioarquitectos.com\/noticias\/wp-content\/uploads\/2012\/01\/P1030728.jpg 553w, https:\/\/colegioarquitectos.com\/noticias\/wp-content\/uploads\/2012\/01\/P1030728-300x225.jpg 300w\" sizes=\"auto, (max-width: 553px) 100vw, 553px\" \/><\/a><\/p>\n<p><a href=\"http:\/\/colegioarquitectos.com\/noticias\/wp-content\/uploads\/2012\/01\/P1030730.jpg\"><img loading=\"lazy\" decoding=\"async\" class=\"alignnone size-full wp-image-151\" title=\"P1030730\" src=\"http:\/\/colegioarquitectos.com\/noticias\/wp-content\/uploads\/2012\/01\/P1030730.jpg\" alt=\"\" width=\"553\" height=\"415\" srcset=\"https:\/\/colegioarquitectos.com\/noticias\/wp-content\/uploads\/2012\/01\/P1030730.jpg 553w, https:\/\/colegioarquitectos.com\/noticias\/wp-content\/uploads\/2012\/01\/P1030730-300x225.jpg 300w\" sizes=\"auto, (max-width: 553px) 100vw, 553px\" \/><\/a><\/p>\n<p><a href=\"http:\/\/colegioarquitectos.com\/noticias\/wp-content\/uploads\/2012\/01\/P1030729.jpg\"><img loading=\"lazy\" decoding=\"async\" class=\"alignnone size-full wp-image-152\" title=\"P1030729\" src=\"http:\/\/colegioarquitectos.com\/noticias\/wp-content\/uploads\/2012\/01\/P1030729.jpg\" alt=\"\" width=\"553\" height=\"415\" srcset=\"https:\/\/colegioarquitectos.com\/noticias\/wp-content\/uploads\/2012\/01\/P1030729.jpg 553w, https:\/\/colegioarquitectos.com\/noticias\/wp-content\/uploads\/2012\/01\/P1030729-300x225.jpg 300w\" sizes=\"auto, (max-width: 553px) 100vw, 553px\" \/><\/a><\/p>\n<p><a href=\"http:\/\/colegioarquitectos.com\/noticias\/wp-content\/uploads\/2012\/01\/P1030725.jpg\"><img loading=\"lazy\" decoding=\"async\" class=\"alignnone size-full wp-image-153\" title=\"P1030725\" src=\"http:\/\/colegioarquitectos.com\/noticias\/wp-content\/uploads\/2012\/01\/P1030725.jpg\" alt=\"\" width=\"553\" height=\"415\" srcset=\"https:\/\/colegioarquitectos.com\/noticias\/wp-content\/uploads\/2012\/01\/P1030725.jpg 553w, https:\/\/colegioarquitectos.com\/noticias\/wp-content\/uploads\/2012\/01\/P1030725-300x225.jpg 300w\" sizes=\"auto, (max-width: 553px) 100vw, 553px\" \/><\/a><\/p>\n<p><\/p>","protected":false},"excerpt":{"rendered":"<p>&nbsp; Acto p\u00fablico en el Museo de la Memoria el d\u00eda 14 de diciembre de 2010, con la presencia de colegas y familiares, donde se donaron a la Biblioteca del Museo seis ejemplares del libro \u201cOcho Arquitectos en la Memoria\u201d, &hellip; <a class=\"more-link\" href=\"https:\/\/colegioarquitectos.com\/noticias\/?p=146\">ver m\u00e1s<\/a><\/p>","protected":false},"author":1,"featured_media":0,"comment_status":"open","ping_status":"open","sticky":false,"template":"","format":"standard","meta":{"footnotes":""},"categories":[8,9,3],"tags":[],"class_list":["post-146","post","type-post","status-publish","format-standard","hentry","category-colegio-de-arquitectos","category-comites","category-noticias"],"yoast_head":"<!-- This site is optimized with the Yoast SEO plugin v24.2 - https:\/\/yoast.com\/wordpress\/plugins\/seo\/ -->\n<title>Comit\u00e9 de Derechos Humanos realiz\u00f3 donaci\u00f3n a Biblioteca del Museo de la Memoria - COLEGIO DE ARQUITECTOS DE CHILE<\/title>\n<meta name=\"robots\" content=\"index, follow, max-snippet:-1, max-image-preview:large, max-video-preview:-1\" \/>\n<link rel=\"canonical\" href=\"https:\/\/colegioarquitectos.com\/noticias\/?p=146\" \/>\n<meta property=\"og:locale\" content=\"es_ES\" \/>\n<meta property=\"og:type\" content=\"article\" \/>\n<meta property=\"og:title\" content=\"Comit\u00e9 de Derechos Humanos realiz\u00f3 donaci\u00f3n a Biblioteca del Museo de la Memoria - COLEGIO DE ARQUITECTOS DE CHILE\" \/>\n<meta property=\"og:description\" content=\"&nbsp; Acto p\u00fablico en el Museo de la Memoria el d\u00eda 14 de diciembre de 2010, con la presencia de colegas y familiares, donde se donaron a la Biblioteca del Museo seis ejemplares del libro \u201cOcho Arquitectos en la Memoria\u201d, &hellip; ver m\u00e1s\" \/>\n<meta property=\"og:url\" content=\"https:\/\/colegioarquitectos.com\/noticias\/?p=146\" \/>\n<meta property=\"og:site_name\" content=\"COLEGIO DE ARQUITECTOS DE CHILE\" \/>\n<meta property=\"article:publisher\" content=\"https:\/\/facebook.com\/Colegioarq\/\" \/>\n<meta property=\"article:published_time\" content=\"2012-01-03T11:00:42+00:00\" \/>\n<meta property=\"article:modified_time\" content=\"2012-01-03T20:58:50+00:00\" \/>\n<meta property=\"og:image\" content=\"http:\/\/colegioarquitectos.com\/noticias\/wp-content\/uploads\/2012\/01\/P1030718.jpg\" \/>\n<meta name=\"author\" content=\"Gabriel Salgado S.\" \/>\n<meta name=\"twitter:card\" content=\"summary_large_image\" \/>\n<meta name=\"twitter:creator\" content=\"@colegioarq\" \/>\n<meta name=\"twitter:site\" content=\"@colegioarq\" \/>\n<meta name=\"twitter:label1\" content=\"Escrito por\" \/>\n\t<meta name=\"twitter:data1\" content=\"Gabriel Salgado S.\" \/>\n\t<meta name=\"twitter:label2\" content=\"Tiempo de lectura\" \/>\n\t<meta name=\"twitter:data2\" content=\"2 minutos\" \/>\n<script type=\"application\/ld+json\" class=\"yoast-schema-graph\">{\"@context\":\"https:\/\/schema.org\",\"@graph\":[{\"@type\":\"Article\",\"@id\":\"https:\/\/colegioarquitectos.com\/noticias\/?p=146#article\",\"isPartOf\":{\"@id\":\"https:\/\/colegioarquitectos.com\/noticias\/?p=146\"},\"author\":{\"name\":\"Gabriel Salgado S.\",\"@id\":\"https:\/\/colegioarquitectos.com\/noticias\/#\/schema\/person\/b6c7e912cd1283c089114093ed09741f\"},\"headline\":\"Comit\u00e9 de Derechos Humanos realiz\u00f3 donaci\u00f3n a Biblioteca del Museo de la Memoria\",\"datePublished\":\"2012-01-03T11:00:42+00:00\",\"dateModified\":\"2012-01-03T20:58:50+00:00\",\"mainEntityOfPage\":{\"@id\":\"https:\/\/colegioarquitectos.com\/noticias\/?p=146\"},\"wordCount\":491,\"commentCount\":2,\"publisher\":{\"@id\":\"https:\/\/colegioarquitectos.com\/noticias\/#organization\"},\"image\":{\"@id\":\"https:\/\/colegioarquitectos.com\/noticias\/?p=146#primaryimage\"},\"thumbnailUrl\":\"http:\/\/colegioarquitectos.com\/noticias\/wp-content\/uploads\/2012\/01\/P1030718.jpg\",\"articleSection\":[\"Colegio\",\"Comit\u00e9s\",\"Noticias\"],\"inLanguage\":\"es\",\"potentialAction\":[{\"@type\":\"CommentAction\",\"name\":\"Comment\",\"target\":[\"https:\/\/colegioarquitectos.com\/noticias\/?p=146#respond\"]}]},{\"@type\":\"WebPage\",\"@id\":\"https:\/\/colegioarquitectos.com\/noticias\/?p=146\",\"url\":\"https:\/\/colegioarquitectos.com\/noticias\/?p=146\",\"name\":\"Comit\u00e9 de Derechos Humanos realiz\u00f3 donaci\u00f3n a Biblioteca del Museo de la Memoria - COLEGIO DE ARQUITECTOS DE CHILE\",\"isPartOf\":{\"@id\":\"https:\/\/colegioarquitectos.com\/noticias\/#website\"},\"primaryImageOfPage\":{\"@id\":\"https:\/\/colegioarquitectos.com\/noticias\/?p=146#primaryimage\"},\"image\":{\"@id\":\"https:\/\/colegioarquitectos.com\/noticias\/?p=146#primaryimage\"},\"thumbnailUrl\":\"http:\/\/colegioarquitectos.com\/noticias\/wp-content\/uploads\/2012\/01\/P1030718.jpg\",\"datePublished\":\"2012-01-03T11:00:42+00:00\",\"dateModified\":\"2012-01-03T20:58:50+00:00\",\"breadcrumb\":{\"@id\":\"https:\/\/colegioarquitectos.com\/noticias\/?p=146#breadcrumb\"},\"inLanguage\":\"es\",\"potentialAction\":[{\"@type\":\"ReadAction\",\"target\":[\"https:\/\/colegioarquitectos.com\/noticias\/?p=146\"]}]},{\"@type\":\"ImageObject\",\"inLanguage\":\"es\",\"@id\":\"https:\/\/colegioarquitectos.com\/noticias\/?p=146#primaryimage\",\"url\":\"http:\/\/colegioarquitectos.com\/noticias\/wp-content\/uploads\/2012\/01\/P1030718.jpg\",\"contentUrl\":\"http:\/\/colegioarquitectos.com\/noticias\/wp-content\/uploads\/2012\/01\/P1030718.jpg\"},{\"@type\":\"BreadcrumbList\",\"@id\":\"https:\/\/colegioarquitectos.com\/noticias\/?p=146#breadcrumb\",\"itemListElement\":[{\"@type\":\"ListItem\",\"position\":1,\"name\":\"Portada\",\"item\":\"https:\/\/colegioarquitectos.com\/noticias\"},{\"@type\":\"ListItem\",\"position\":2,\"name\":\"Comit\u00e9 de Derechos Humanos realiz\u00f3 donaci\u00f3n a Biblioteca del Museo de la Memoria\"}]},{\"@type\":\"WebSite\",\"@id\":\"https:\/\/colegioarquitectos.com\/noticias\/#website\",\"url\":\"https:\/\/colegioarquitectos.com\/noticias\/\",\"name\":\"COLEGIO DE ARQUITECTOS DE CHILE\",\"description\":\"\",\"publisher\":{\"@id\":\"https:\/\/colegioarquitectos.com\/noticias\/#organization\"},\"potentialAction\":[{\"@type\":\"SearchAction\",\"target\":{\"@type\":\"EntryPoint\",\"urlTemplate\":\"https:\/\/colegioarquitectos.com\/noticias\/?s={search_term_string}\"},\"query-input\":{\"@type\":\"PropertyValueSpecification\",\"valueRequired\":true,\"valueName\":\"search_term_string\"}}],\"inLanguage\":\"es\"},{\"@type\":\"Organization\",\"@id\":\"https:\/\/colegioarquitectos.com\/noticias\/#organization\",\"name\":\"COLEGIO DE ARQUITECTOS DE CHILE\",\"url\":\"https:\/\/colegioarquitectos.com\/noticias\/\",\"logo\":{\"@type\":\"ImageObject\",\"inLanguage\":\"es\",\"@id\":\"https:\/\/colegioarquitectos.com\/noticias\/#\/schema\/logo\/image\/\",\"url\":\"https:\/\/colegioarquitectos.com\/noticias\/wp-content\/uploads\/2021\/05\/ENCABEZADO-LOGO-CA.jpg\",\"contentUrl\":\"https:\/\/colegioarquitectos.com\/noticias\/wp-content\/uploads\/2021\/05\/ENCABEZADO-LOGO-CA.jpg\",\"width\":690,\"height\":350,\"caption\":\"COLEGIO DE ARQUITECTOS DE CHILE\"},\"image\":{\"@id\":\"https:\/\/colegioarquitectos.com\/noticias\/#\/schema\/logo\/image\/\"},\"sameAs\":[\"https:\/\/facebook.com\/Colegioarq\/\",\"https:\/\/x.com\/colegioarq\",\"https:\/\/instagram.com\/colegioarq\",\"https:\/\/youtube.com\/@ColegiodeArquitectosdeChile\"]},{\"@type\":\"Person\",\"@id\":\"https:\/\/colegioarquitectos.com\/noticias\/#\/schema\/person\/b6c7e912cd1283c089114093ed09741f\",\"name\":\"Gabriel Salgado S.\",\"url\":\"https:\/\/colegioarquitectos.com\/noticias\/?author=1\"}]}<\/script>\n<!-- \/ Yoast SEO plugin. -->","yoast_head_json":{"title":"Comit\u00e9 de Derechos Humanos realiz\u00f3 donaci\u00f3n a Biblioteca del Museo de la Memoria - COLEGIO DE ARQUITECTOS DE CHILE","robots":{"index":"index","follow":"follow","max-snippet":"max-snippet:-1","max-image-preview":"max-image-preview:large","max-video-preview":"max-video-preview:-1"},"canonical":"https:\/\/colegioarquitectos.com\/noticias\/?p=146","og_locale":"es_ES","og_type":"article","og_title":"Comit\u00e9 de Derechos Humanos realiz\u00f3 donaci\u00f3n a Biblioteca del Museo de la Memoria - COLEGIO DE ARQUITECTOS DE CHILE","og_description":"&nbsp; Acto p\u00fablico en el Museo de la Memoria el d\u00eda 14 de diciembre de 2010, con la presencia de colegas y familiares, donde se donaron a la Biblioteca del Museo seis ejemplares del libro \u201cOcho Arquitectos en la Memoria\u201d, &hellip; ver m\u00e1s","og_url":"https:\/\/colegioarquitectos.com\/noticias\/?p=146","og_site_name":"COLEGIO DE ARQUITECTOS DE CHILE","article_publisher":"https:\/\/facebook.com\/Colegioarq\/","article_published_time":"2012-01-03T11:00:42+00:00","article_modified_time":"2012-01-03T20:58:50+00:00","og_image":[{"url":"http:\/\/colegioarquitectos.com\/noticias\/wp-content\/uploads\/2012\/01\/P1030718.jpg","type":"","width":"","height":""}],"author":"Gabriel Salgado S.","twitter_card":"summary_large_image","twitter_creator":"@colegioarq","twitter_site":"@colegioarq","twitter_misc":{"Escrito por":"Gabriel Salgado S.","Tiempo de lectura":"2 minutos"},"schema":{"@context":"https:\/\/schema.org","@graph":[{"@type":"Article","@id":"https:\/\/colegioarquitectos.com\/noticias\/?p=146#article","isPartOf":{"@id":"https:\/\/colegioarquitectos.com\/noticias\/?p=146"},"author":{"name":"Gabriel Salgado S.","@id":"https:\/\/colegioarquitectos.com\/noticias\/#\/schema\/person\/b6c7e912cd1283c089114093ed09741f"},"headline":"Comit\u00e9 de Derechos Humanos realiz\u00f3 donaci\u00f3n a Biblioteca del Museo de la Memoria","datePublished":"2012-01-03T11:00:42+00:00","dateModified":"2012-01-03T20:58:50+00:00","mainEntityOfPage":{"@id":"https:\/\/colegioarquitectos.com\/noticias\/?p=146"},"wordCount":491,"commentCount":2,"publisher":{"@id":"https:\/\/colegioarquitectos.com\/noticias\/#organization"},"image":{"@id":"https:\/\/colegioarquitectos.com\/noticias\/?p=146#primaryimage"},"thumbnailUrl":"http:\/\/colegioarquitectos.com\/noticias\/wp-content\/uploads\/2012\/01\/P1030718.jpg","articleSection":["Colegio","Comit\u00e9s","Noticias"],"inLanguage":"es","potentialAction":[{"@type":"CommentAction","name":"Comment","target":["https:\/\/colegioarquitectos.com\/noticias\/?p=146#respond"]}]},{"@type":"WebPage","@id":"https:\/\/colegioarquitectos.com\/noticias\/?p=146","url":"https:\/\/colegioarquitectos.com\/noticias\/?p=146","name":"Comit\u00e9 de Derechos Humanos realiz\u00f3 donaci\u00f3n a Biblioteca del Museo de la Memoria - COLEGIO DE ARQUITECTOS DE CHILE","isPartOf":{"@id":"https:\/\/colegioarquitectos.com\/noticias\/#website"},"primaryImageOfPage":{"@id":"https:\/\/colegioarquitectos.com\/noticias\/?p=146#primaryimage"},"image":{"@id":"https:\/\/colegioarquitectos.com\/noticias\/?p=146#primaryimage"},"thumbnailUrl":"http:\/\/colegioarquitectos.com\/noticias\/wp-content\/uploads\/2012\/01\/P1030718.jpg","datePublished":"2012-01-03T11:00:42+00:00","dateModified":"2012-01-03T20:58:50+00:00","breadcrumb":{"@id":"https:\/\/colegioarquitectos.com\/noticias\/?p=146#breadcrumb"},"inLanguage":"es","potentialAction":[{"@type":"ReadAction","target":["https:\/\/colegioarquitectos.com\/noticias\/?p=146"]}]},{"@type":"ImageObject","inLanguage":"es","@id":"https:\/\/colegioarquitectos.com\/noticias\/?p=146#primaryimage","url":"http:\/\/colegioarquitectos.com\/noticias\/wp-content\/uploads\/2012\/01\/P1030718.jpg","contentUrl":"http:\/\/colegioarquitectos.com\/noticias\/wp-content\/uploads\/2012\/01\/P1030718.jpg"},{"@type":"BreadcrumbList","@id":"https:\/\/colegioarquitectos.com\/noticias\/?p=146#breadcrumb","itemListElement":[{"@type":"ListItem","position":1,"name":"Portada","item":"https:\/\/colegioarquitectos.com\/noticias"},{"@type":"ListItem","position":2,"name":"Comit\u00e9 de Derechos Humanos realiz\u00f3 donaci\u00f3n a Biblioteca del Museo de la Memoria"}]},{"@type":"WebSite","@id":"https:\/\/colegioarquitectos.com\/noticias\/#website","url":"https:\/\/colegioarquitectos.com\/noticias\/","name":"COLEGIO DE ARQUITECTOS DE CHILE","description":"","publisher":{"@id":"https:\/\/colegioarquitectos.com\/noticias\/#organization"},"potentialAction":[{"@type":"SearchAction","target":{"@type":"EntryPoint","urlTemplate":"https:\/\/colegioarquitectos.com\/noticias\/?s={search_term_string}"},"query-input":{"@type":"PropertyValueSpecification","valueRequired":true,"valueName":"search_term_string"}}],"inLanguage":"es"},{"@type":"Organization","@id":"https:\/\/colegioarquitectos.com\/noticias\/#organization","name":"COLEGIO DE ARQUITECTOS DE CHILE","url":"https:\/\/colegioarquitectos.com\/noticias\/","logo":{"@type":"ImageObject","inLanguage":"es","@id":"https:\/\/colegioarquitectos.com\/noticias\/#\/schema\/logo\/image\/","url":"https:\/\/colegioarquitectos.com\/noticias\/wp-content\/uploads\/2021\/05\/ENCABEZADO-LOGO-CA.jpg","contentUrl":"https:\/\/colegioarquitectos.com\/noticias\/wp-content\/uploads\/2021\/05\/ENCABEZADO-LOGO-CA.jpg","width":690,"height":350,"caption":"COLEGIO DE ARQUITECTOS DE CHILE"},"image":{"@id":"https:\/\/colegioarquitectos.com\/noticias\/#\/schema\/logo\/image\/"},"sameAs":["https:\/\/facebook.com\/Colegioarq\/","https:\/\/x.com\/colegioarq","https:\/\/instagram.com\/colegioarq","https:\/\/youtube.com\/@ColegiodeArquitectosdeChile"]},{"@type":"Person","@id":"https:\/\/colegioarquitectos.com\/noticias\/#\/schema\/person\/b6c7e912cd1283c089114093ed09741f","name":"Gabriel Salgado S.","url":"https:\/\/colegioarquitectos.com\/noticias\/?author=1"}]}},"_links":{"self":[{"href":"https:\/\/colegioarquitectos.com\/noticias\/index.php?rest_route=\/wp\/v2\/posts\/146","targetHints":{"allow":["GET"]}}],"collection":[{"href":"https:\/\/colegioarquitectos.com\/noticias\/index.php?rest_route=\/wp\/v2\/posts"}],"about":[{"href":"https:\/\/colegioarquitectos.com\/noticias\/index.php?rest_route=\/wp\/v2\/types\/post"}],"author":[{"embeddable":true,"href":"https:\/\/colegioarquitectos.com\/noticias\/index.php?rest_route=\/wp\/v2\/users\/1"}],"replies":[{"embeddable":true,"href":"https:\/\/colegioarquitectos.com\/noticias\/index.php?rest_route=%2Fwp%2Fv2%2Fcomments&post=146"}],"version-history":[{"count":0,"href":"https:\/\/colegioarquitectos.com\/noticias\/index.php?rest_route=\/wp\/v2\/posts\/146\/revisions"}],"wp:attachment":[{"href":"https:\/\/colegioarquitectos.com\/noticias\/index.php?rest_route=%2Fwp%2Fv2%2Fmedia&parent=146"}],"wp:term":[{"taxonomy":"category","embeddable":true,"href":"https:\/\/colegioarquitectos.com\/noticias\/index.php?rest_route=%2Fwp%2Fv2%2Fcategories&post=146"},{"taxonomy":"post_tag","embeddable":true,"href":"https:\/\/colegioarquitectos.com\/noticias\/index.php?rest_route=%2Fwp%2Fv2%2Ftags&post=146"}],"curies":[{"name":"wp","href":"https:\/\/api.w.org\/{rel}","templated":true}]}}