
{"id":1495,"date":"2012-06-29T13:48:40","date_gmt":"2012-06-29T13:48:40","guid":{"rendered":"http:\/\/colegioarquitectos.com\/noticias\/?p=1495"},"modified":"2012-07-09T20:01:28","modified_gmt":"2012-07-09T20:01:28","slug":"el-pasado-03-de-julio-se-realizo-la-charla-tecnica-aplicaciones-y-normativas-de-puertas-cortafuego-en-chile-en-sede-nacional-colegio-de-arquitectos","status":"publish","type":"post","link":"https:\/\/colegioarquitectos.com\/noticias\/?p=1495","title":{"rendered":"El pasado 03 de julio se realiz\u00f3 la Charla T\u00e9cnica APLICACIONES Y NORMATIVAS DE PUERTAS CORTAFUEGO EN CHILE en Sede Nacional Colegio de Arquitectos"},"content":{"rendered":"<p>&nbsp;<\/p>\n<p style=\"text-align: justify;\">Tomando en cuenta que una de las principales preocupaciones y obligaciones de los arquitectos es proyectar y construir edificios cada vez m\u00e1s seguros y\u00a0 habitables, el Colegio de Arquitectos de Chile se uni\u00f3 a la empresa la EMPRESA ANDREU -a trav\u00e9s del distribuidor exclusivo SEGFIS CHILE- presentando la Charla T\u00e9cnica \u201cAPLICACIONES Y NORMATIVAS DE PUERTAS CORTAFUEGO EN CHILE\u201d.<\/p>\n<p style=\"text-align: justify;\">La conferencia se realiz\u00f3 el d\u00eda 03 de julio en la Sede Nacional del Colegio, en la que expusieron los ejecutivos de Andreu, Nicol\u00e1s Jobke, Juan Llorca, Jos\u00e9 Vicente Andreu y Marcelo Salinas.<\/p>\n<p style=\"text-align: justify;\">En la oportunidad, los profesionales destacaron la premisa de que la seguridad en los proyectos constructivos empieza por la prevenci\u00f3n y la acertada elecci\u00f3n de materiales y productos, entre ellos, las Puertas Corta-Fuegos fundamentales para combatir la fuerza devastadora de un elemento tan destructivo como el fuego. Es as\u00ed que, se\u00f1alaron, la normativa legal vigente (CTE) establece la obligatoriedad de utilizar en determinadas ubicaciones Puertas Corta-Fuegos con la adecuada capacidad de resistencia al fuego.<\/p>\n<p style=\"text-align: justify;\">Precisaron que en Andreu llevan m\u00e1s de 30 a\u00f1os desarrollando soluciones tecnol\u00f3gicas cada vez m\u00e1s avanzadas aplicando la \u00faltima tecnolog\u00eda. En este marco, los ejecutivos realizaron una completa presentaci\u00f3n de los productos, soluciones y aplicaciones ofrecidas, destacando la preocupaci\u00f3n de la empresa en que los productos desarrollados no sean solamente de la mejor calidad sino que de alto dise\u00f1o, de manera de ofrecer las mejores soluciones a los profesionales en sus proyectos.<\/p>\n<p style=\"text-align: justify;\">Esta presentaci\u00f3n fue acompa\u00f1ada de la entrega de una revisi\u00f3n completa de la normativa legal relativa a puertas cortafuego existente tanto a nivel nacional como internacional, demostrando los aciertos y falencias de cada una de ellas.<\/p>\n<p>&nbsp;<\/p>\n<p><strong><a href=\"http:\/\/colegioarquitectos.com\/noticias\/wp-content\/uploads\/2012\/07\/DSC06317.jpg\"><img loading=\"lazy\" decoding=\"async\" class=\"alignnone size-full wp-image-1496\" title=\"DSC06317\" src=\"http:\/\/colegioarquitectos.com\/noticias\/wp-content\/uploads\/2012\/07\/DSC06317.jpg\" alt=\"\" width=\"400\" height=\"300\" srcset=\"https:\/\/colegioarquitectos.com\/noticias\/wp-content\/uploads\/2012\/07\/DSC06317.jpg 400w, https:\/\/colegioarquitectos.com\/noticias\/wp-content\/uploads\/2012\/07\/DSC06317-300x225.jpg 300w\" sizes=\"auto, (max-width: 400px) 100vw, 400px\" \/><\/a><\/strong><\/p>\n<p><a href=\"http:\/\/colegioarquitectos.com\/noticias\/wp-content\/uploads\/2012\/07\/DSC06295.jpg\"><img loading=\"lazy\" decoding=\"async\" class=\"alignnone size-full wp-image-1497\" title=\"DSC06295\" src=\"http:\/\/colegioarquitectos.com\/noticias\/wp-content\/uploads\/2012\/07\/DSC06295.jpg\" alt=\"\" width=\"400\" height=\"300\" srcset=\"https:\/\/colegioarquitectos.com\/noticias\/wp-content\/uploads\/2012\/07\/DSC06295.jpg 400w, https:\/\/colegioarquitectos.com\/noticias\/wp-content\/uploads\/2012\/07\/DSC06295-300x225.jpg 300w\" sizes=\"auto, (max-width: 400px) 100vw, 400px\" \/><\/a><\/p>\n<p><a href=\"http:\/\/colegioarquitectos.com\/noticias\/wp-content\/uploads\/2012\/07\/DSC06297.jpg\"><img loading=\"lazy\" decoding=\"async\" class=\"alignnone size-full wp-image-1498\" title=\"DSC06297\" src=\"http:\/\/colegioarquitectos.com\/noticias\/wp-content\/uploads\/2012\/07\/DSC06297.jpg\" alt=\"\" width=\"400\" height=\"300\" srcset=\"https:\/\/colegioarquitectos.com\/noticias\/wp-content\/uploads\/2012\/07\/DSC06297.jpg 400w, https:\/\/colegioarquitectos.com\/noticias\/wp-content\/uploads\/2012\/07\/DSC06297-300x225.jpg 300w\" sizes=\"auto, (max-width: 400px) 100vw, 400px\" \/><\/a><\/p>\n<p><a href=\"http:\/\/colegioarquitectos.com\/noticias\/wp-content\/uploads\/2012\/07\/DSC06313.jpg\"><img loading=\"lazy\" decoding=\"async\" class=\"alignnone size-full wp-image-1499\" title=\"DSC06313\" src=\"http:\/\/colegioarquitectos.com\/noticias\/wp-content\/uploads\/2012\/07\/DSC06313.jpg\" alt=\"\" width=\"400\" height=\"300\" srcset=\"https:\/\/colegioarquitectos.com\/noticias\/wp-content\/uploads\/2012\/07\/DSC06313.jpg 400w, https:\/\/colegioarquitectos.com\/noticias\/wp-content\/uploads\/2012\/07\/DSC06313-300x225.jpg 300w\" sizes=\"auto, (max-width: 400px) 100vw, 400px\" \/><\/a><\/p>\n<p><a href=\"http:\/\/colegioarquitectos.com\/noticias\/wp-content\/uploads\/2012\/07\/DSC06314.jpg\"><img loading=\"lazy\" decoding=\"async\" class=\"alignnone size-full wp-image-1500\" title=\"DSC06314\" src=\"http:\/\/colegioarquitectos.com\/noticias\/wp-content\/uploads\/2012\/07\/DSC06314.jpg\" alt=\"\" width=\"400\" height=\"300\" srcset=\"https:\/\/colegioarquitectos.com\/noticias\/wp-content\/uploads\/2012\/07\/DSC06314.jpg 400w, https:\/\/colegioarquitectos.com\/noticias\/wp-content\/uploads\/2012\/07\/DSC06314-300x225.jpg 300w\" sizes=\"auto, (max-width: 400px) 100vw, 400px\" \/><\/a><\/p>\n<p><a href=\"http:\/\/colegioarquitectos.com\/noticias\/wp-content\/uploads\/2012\/07\/DSC06324.jpg\"><img loading=\"lazy\" decoding=\"async\" class=\"alignnone size-full wp-image-1501\" title=\"DSC06324\" src=\"http:\/\/colegioarquitectos.com\/noticias\/wp-content\/uploads\/2012\/07\/DSC06324.jpg\" alt=\"\" width=\"400\" height=\"300\" srcset=\"https:\/\/colegioarquitectos.com\/noticias\/wp-content\/uploads\/2012\/07\/DSC06324.jpg 400w, https:\/\/colegioarquitectos.com\/noticias\/wp-content\/uploads\/2012\/07\/DSC06324-300x225.jpg 300w\" sizes=\"auto, (max-width: 400px) 100vw, 400px\" \/><\/a><\/p>\n<p><a href=\"http:\/\/colegioarquitectos.com\/noticias\/wp-content\/uploads\/2012\/07\/DSC06309.jpg\"><img loading=\"lazy\" decoding=\"async\" class=\"alignnone size-full wp-image-1502\" title=\"DSC06309\" src=\"http:\/\/colegioarquitectos.com\/noticias\/wp-content\/uploads\/2012\/07\/DSC06309.jpg\" alt=\"\" width=\"400\" height=\"300\" srcset=\"https:\/\/colegioarquitectos.com\/noticias\/wp-content\/uploads\/2012\/07\/DSC06309.jpg 400w, https:\/\/colegioarquitectos.com\/noticias\/wp-content\/uploads\/2012\/07\/DSC06309-300x225.jpg 300w\" sizes=\"auto, (max-width: 400px) 100vw, 400px\" \/><\/a><\/p>\n<p>&nbsp;<\/p>\n<p><\/p>","protected":false},"excerpt":{"rendered":"<p>&nbsp; Tomando en cuenta que una de las principales preocupaciones y obligaciones de los arquitectos es proyectar y construir edificios cada vez m\u00e1s seguros y\u00a0 habitables, el Colegio de Arquitectos de Chile se uni\u00f3 a la empresa la EMPRESA ANDREU &hellip; <a class=\"more-link\" href=\"https:\/\/colegioarquitectos.com\/noticias\/?p=1495\">ver m\u00e1s<\/a><\/p>","protected":false},"author":1,"featured_media":0,"comment_status":"open","ping_status":"open","sticky":false,"template":"","format":"standard","meta":{"footnotes":""},"categories":[19,24,8],"tags":[],"class_list":["post-1495","post","type-post","status-publish","format-standard","hentry","category-actividades","category-charlas","category-colegio-de-arquitectos"],"yoast_head":"<!-- This site is optimized with the Yoast SEO plugin v24.2 - https:\/\/yoast.com\/wordpress\/plugins\/seo\/ -->\n<title>El pasado 03 de julio se realiz\u00f3 la Charla T\u00e9cnica APLICACIONES Y NORMATIVAS DE PUERTAS CORTAFUEGO EN CHILE en Sede Nacional Colegio de Arquitectos - COLEGIO DE ARQUITECTOS DE CHILE<\/title>\n<meta name=\"robots\" content=\"index, follow, max-snippet:-1, max-image-preview:large, max-video-preview:-1\" \/>\n<link rel=\"canonical\" href=\"https:\/\/colegioarquitectos.com\/noticias\/?p=1495\" \/>\n<meta property=\"og:locale\" content=\"es_ES\" \/>\n<meta property=\"og:type\" content=\"article\" \/>\n<meta property=\"og:title\" content=\"El pasado 03 de julio se realiz\u00f3 la Charla T\u00e9cnica APLICACIONES Y NORMATIVAS DE PUERTAS CORTAFUEGO EN CHILE en Sede Nacional Colegio de Arquitectos - COLEGIO DE ARQUITECTOS DE CHILE\" \/>\n<meta property=\"og:description\" content=\"&nbsp; Tomando en cuenta que una de las principales preocupaciones y obligaciones de los arquitectos es proyectar y construir edificios cada vez m\u00e1s seguros y\u00a0 habitables, el Colegio de Arquitectos de Chile se uni\u00f3 a la empresa la EMPRESA ANDREU &hellip; ver m\u00e1s\" \/>\n<meta property=\"og:url\" content=\"https:\/\/colegioarquitectos.com\/noticias\/?p=1495\" \/>\n<meta property=\"og:site_name\" content=\"COLEGIO DE ARQUITECTOS DE CHILE\" \/>\n<meta property=\"article:publisher\" content=\"https:\/\/facebook.com\/Colegioarq\/\" \/>\n<meta property=\"article:published_time\" content=\"2012-06-29T13:48:40+00:00\" \/>\n<meta property=\"article:modified_time\" content=\"2012-07-09T20:01:28+00:00\" \/>\n<meta property=\"og:image\" content=\"http:\/\/colegioarquitectos.com\/noticias\/wp-content\/uploads\/2012\/07\/DSC06317.jpg\" \/>\n<meta name=\"author\" content=\"Gabriel Salgado S.\" \/>\n<meta name=\"twitter:card\" content=\"summary_large_image\" \/>\n<meta name=\"twitter:creator\" content=\"@colegioarq\" \/>\n<meta name=\"twitter:site\" content=\"@colegioarq\" \/>\n<meta name=\"twitter:label1\" content=\"Escrito por\" \/>\n\t<meta name=\"twitter:data1\" content=\"Gabriel Salgado S.\" \/>\n\t<meta name=\"twitter:label2\" content=\"Tiempo de lectura\" \/>\n\t<meta name=\"twitter:data2\" content=\"1 minuto\" \/>\n<script type=\"application\/ld+json\" class=\"yoast-schema-graph\">{\"@context\":\"https:\/\/schema.org\",\"@graph\":[{\"@type\":\"Article\",\"@id\":\"https:\/\/colegioarquitectos.com\/noticias\/?p=1495#article\",\"isPartOf\":{\"@id\":\"https:\/\/colegioarquitectos.com\/noticias\/?p=1495\"},\"author\":{\"name\":\"Gabriel Salgado S.\",\"@id\":\"https:\/\/colegioarquitectos.com\/noticias\/#\/schema\/person\/b6c7e912cd1283c089114093ed09741f\"},\"headline\":\"El pasado 03 de julio se realiz\u00f3 la Charla T\u00e9cnica APLICACIONES Y NORMATIVAS DE PUERTAS CORTAFUEGO EN CHILE en Sede Nacional Colegio de Arquitectos\",\"datePublished\":\"2012-06-29T13:48:40+00:00\",\"dateModified\":\"2012-07-09T20:01:28+00:00\",\"mainEntityOfPage\":{\"@id\":\"https:\/\/colegioarquitectos.com\/noticias\/?p=1495\"},\"wordCount\":317,\"commentCount\":0,\"publisher\":{\"@id\":\"https:\/\/colegioarquitectos.com\/noticias\/#organization\"},\"image\":{\"@id\":\"https:\/\/colegioarquitectos.com\/noticias\/?p=1495#primaryimage\"},\"thumbnailUrl\":\"http:\/\/colegioarquitectos.com\/noticias\/wp-content\/uploads\/2012\/07\/DSC06317.jpg\",\"articleSection\":[\"Actividades\",\"Charlas\",\"Colegio\"],\"inLanguage\":\"es\",\"potentialAction\":[{\"@type\":\"CommentAction\",\"name\":\"Comment\",\"target\":[\"https:\/\/colegioarquitectos.com\/noticias\/?p=1495#respond\"]}]},{\"@type\":\"WebPage\",\"@id\":\"https:\/\/colegioarquitectos.com\/noticias\/?p=1495\",\"url\":\"https:\/\/colegioarquitectos.com\/noticias\/?p=1495\",\"name\":\"El pasado 03 de julio se realiz\u00f3 la Charla T\u00e9cnica APLICACIONES Y NORMATIVAS DE PUERTAS CORTAFUEGO EN CHILE en Sede Nacional Colegio de Arquitectos - COLEGIO DE ARQUITECTOS DE CHILE\",\"isPartOf\":{\"@id\":\"https:\/\/colegioarquitectos.com\/noticias\/#website\"},\"primaryImageOfPage\":{\"@id\":\"https:\/\/colegioarquitectos.com\/noticias\/?p=1495#primaryimage\"},\"image\":{\"@id\":\"https:\/\/colegioarquitectos.com\/noticias\/?p=1495#primaryimage\"},\"thumbnailUrl\":\"http:\/\/colegioarquitectos.com\/noticias\/wp-content\/uploads\/2012\/07\/DSC06317.jpg\",\"datePublished\":\"2012-06-29T13:48:40+00:00\",\"dateModified\":\"2012-07-09T20:01:28+00:00\",\"breadcrumb\":{\"@id\":\"https:\/\/colegioarquitectos.com\/noticias\/?p=1495#breadcrumb\"},\"inLanguage\":\"es\",\"potentialAction\":[{\"@type\":\"ReadAction\",\"target\":[\"https:\/\/colegioarquitectos.com\/noticias\/?p=1495\"]}]},{\"@type\":\"ImageObject\",\"inLanguage\":\"es\",\"@id\":\"https:\/\/colegioarquitectos.com\/noticias\/?p=1495#primaryimage\",\"url\":\"http:\/\/colegioarquitectos.com\/noticias\/wp-content\/uploads\/2012\/07\/DSC06317.jpg\",\"contentUrl\":\"http:\/\/colegioarquitectos.com\/noticias\/wp-content\/uploads\/2012\/07\/DSC06317.jpg\"},{\"@type\":\"BreadcrumbList\",\"@id\":\"https:\/\/colegioarquitectos.com\/noticias\/?p=1495#breadcrumb\",\"itemListElement\":[{\"@type\":\"ListItem\",\"position\":1,\"name\":\"Portada\",\"item\":\"https:\/\/colegioarquitectos.com\/noticias\"},{\"@type\":\"ListItem\",\"position\":2,\"name\":\"El pasado 03 de julio se realiz\u00f3 la Charla T\u00e9cnica APLICACIONES Y NORMATIVAS DE PUERTAS CORTAFUEGO EN CHILE en Sede Nacional Colegio de Arquitectos\"}]},{\"@type\":\"WebSite\",\"@id\":\"https:\/\/colegioarquitectos.com\/noticias\/#website\",\"url\":\"https:\/\/colegioarquitectos.com\/noticias\/\",\"name\":\"COLEGIO DE ARQUITECTOS DE CHILE\",\"description\":\"\",\"publisher\":{\"@id\":\"https:\/\/colegioarquitectos.com\/noticias\/#organization\"},\"potentialAction\":[{\"@type\":\"SearchAction\",\"target\":{\"@type\":\"EntryPoint\",\"urlTemplate\":\"https:\/\/colegioarquitectos.com\/noticias\/?s={search_term_string}\"},\"query-input\":{\"@type\":\"PropertyValueSpecification\",\"valueRequired\":true,\"valueName\":\"search_term_string\"}}],\"inLanguage\":\"es\"},{\"@type\":\"Organization\",\"@id\":\"https:\/\/colegioarquitectos.com\/noticias\/#organization\",\"name\":\"COLEGIO DE ARQUITECTOS DE CHILE\",\"url\":\"https:\/\/colegioarquitectos.com\/noticias\/\",\"logo\":{\"@type\":\"ImageObject\",\"inLanguage\":\"es\",\"@id\":\"https:\/\/colegioarquitectos.com\/noticias\/#\/schema\/logo\/image\/\",\"url\":\"https:\/\/colegioarquitectos.com\/noticias\/wp-content\/uploads\/2021\/05\/ENCABEZADO-LOGO-CA.jpg\",\"contentUrl\":\"https:\/\/colegioarquitectos.com\/noticias\/wp-content\/uploads\/2021\/05\/ENCABEZADO-LOGO-CA.jpg\",\"width\":690,\"height\":350,\"caption\":\"COLEGIO DE ARQUITECTOS DE CHILE\"},\"image\":{\"@id\":\"https:\/\/colegioarquitectos.com\/noticias\/#\/schema\/logo\/image\/\"},\"sameAs\":[\"https:\/\/facebook.com\/Colegioarq\/\",\"https:\/\/x.com\/colegioarq\",\"https:\/\/instagram.com\/colegioarq\",\"https:\/\/youtube.com\/@ColegiodeArquitectosdeChile\"]},{\"@type\":\"Person\",\"@id\":\"https:\/\/colegioarquitectos.com\/noticias\/#\/schema\/person\/b6c7e912cd1283c089114093ed09741f\",\"name\":\"Gabriel Salgado S.\",\"url\":\"https:\/\/colegioarquitectos.com\/noticias\/?author=1\"}]}<\/script>\n<!-- \/ Yoast SEO plugin. -->","yoast_head_json":{"title":"El pasado 03 de julio se realiz\u00f3 la Charla T\u00e9cnica APLICACIONES Y NORMATIVAS DE PUERTAS CORTAFUEGO EN CHILE en Sede Nacional Colegio de Arquitectos - COLEGIO DE ARQUITECTOS DE CHILE","robots":{"index":"index","follow":"follow","max-snippet":"max-snippet:-1","max-image-preview":"max-image-preview:large","max-video-preview":"max-video-preview:-1"},"canonical":"https:\/\/colegioarquitectos.com\/noticias\/?p=1495","og_locale":"es_ES","og_type":"article","og_title":"El pasado 03 de julio se realiz\u00f3 la Charla T\u00e9cnica APLICACIONES Y NORMATIVAS DE PUERTAS CORTAFUEGO EN CHILE en Sede Nacional Colegio de Arquitectos - COLEGIO DE ARQUITECTOS DE CHILE","og_description":"&nbsp; Tomando en cuenta que una de las principales preocupaciones y obligaciones de los arquitectos es proyectar y construir edificios cada vez m\u00e1s seguros y\u00a0 habitables, el Colegio de Arquitectos de Chile se uni\u00f3 a la empresa la EMPRESA ANDREU &hellip; ver m\u00e1s","og_url":"https:\/\/colegioarquitectos.com\/noticias\/?p=1495","og_site_name":"COLEGIO DE ARQUITECTOS DE CHILE","article_publisher":"https:\/\/facebook.com\/Colegioarq\/","article_published_time":"2012-06-29T13:48:40+00:00","article_modified_time":"2012-07-09T20:01:28+00:00","og_image":[{"url":"http:\/\/colegioarquitectos.com\/noticias\/wp-content\/uploads\/2012\/07\/DSC06317.jpg","type":"","width":"","height":""}],"author":"Gabriel Salgado S.","twitter_card":"summary_large_image","twitter_creator":"@colegioarq","twitter_site":"@colegioarq","twitter_misc":{"Escrito por":"Gabriel Salgado S.","Tiempo de lectura":"1 minuto"},"schema":{"@context":"https:\/\/schema.org","@graph":[{"@type":"Article","@id":"https:\/\/colegioarquitectos.com\/noticias\/?p=1495#article","isPartOf":{"@id":"https:\/\/colegioarquitectos.com\/noticias\/?p=1495"},"author":{"name":"Gabriel Salgado S.","@id":"https:\/\/colegioarquitectos.com\/noticias\/#\/schema\/person\/b6c7e912cd1283c089114093ed09741f"},"headline":"El pasado 03 de julio se realiz\u00f3 la Charla T\u00e9cnica APLICACIONES Y NORMATIVAS DE PUERTAS CORTAFUEGO EN CHILE en Sede Nacional Colegio de Arquitectos","datePublished":"2012-06-29T13:48:40+00:00","dateModified":"2012-07-09T20:01:28+00:00","mainEntityOfPage":{"@id":"https:\/\/colegioarquitectos.com\/noticias\/?p=1495"},"wordCount":317,"commentCount":0,"publisher":{"@id":"https:\/\/colegioarquitectos.com\/noticias\/#organization"},"image":{"@id":"https:\/\/colegioarquitectos.com\/noticias\/?p=1495#primaryimage"},"thumbnailUrl":"http:\/\/colegioarquitectos.com\/noticias\/wp-content\/uploads\/2012\/07\/DSC06317.jpg","articleSection":["Actividades","Charlas","Colegio"],"inLanguage":"es","potentialAction":[{"@type":"CommentAction","name":"Comment","target":["https:\/\/colegioarquitectos.com\/noticias\/?p=1495#respond"]}]},{"@type":"WebPage","@id":"https:\/\/colegioarquitectos.com\/noticias\/?p=1495","url":"https:\/\/colegioarquitectos.com\/noticias\/?p=1495","name":"El pasado 03 de julio se realiz\u00f3 la Charla T\u00e9cnica APLICACIONES Y NORMATIVAS DE PUERTAS CORTAFUEGO EN CHILE en Sede Nacional Colegio de Arquitectos - COLEGIO DE ARQUITECTOS DE CHILE","isPartOf":{"@id":"https:\/\/colegioarquitectos.com\/noticias\/#website"},"primaryImageOfPage":{"@id":"https:\/\/colegioarquitectos.com\/noticias\/?p=1495#primaryimage"},"image":{"@id":"https:\/\/colegioarquitectos.com\/noticias\/?p=1495#primaryimage"},"thumbnailUrl":"http:\/\/colegioarquitectos.com\/noticias\/wp-content\/uploads\/2012\/07\/DSC06317.jpg","datePublished":"2012-06-29T13:48:40+00:00","dateModified":"2012-07-09T20:01:28+00:00","breadcrumb":{"@id":"https:\/\/colegioarquitectos.com\/noticias\/?p=1495#breadcrumb"},"inLanguage":"es","potentialAction":[{"@type":"ReadAction","target":["https:\/\/colegioarquitectos.com\/noticias\/?p=1495"]}]},{"@type":"ImageObject","inLanguage":"es","@id":"https:\/\/colegioarquitectos.com\/noticias\/?p=1495#primaryimage","url":"http:\/\/colegioarquitectos.com\/noticias\/wp-content\/uploads\/2012\/07\/DSC06317.jpg","contentUrl":"http:\/\/colegioarquitectos.com\/noticias\/wp-content\/uploads\/2012\/07\/DSC06317.jpg"},{"@type":"BreadcrumbList","@id":"https:\/\/colegioarquitectos.com\/noticias\/?p=1495#breadcrumb","itemListElement":[{"@type":"ListItem","position":1,"name":"Portada","item":"https:\/\/colegioarquitectos.com\/noticias"},{"@type":"ListItem","position":2,"name":"El pasado 03 de julio se realiz\u00f3 la Charla T\u00e9cnica APLICACIONES Y NORMATIVAS DE PUERTAS CORTAFUEGO EN CHILE en Sede Nacional Colegio de Arquitectos"}]},{"@type":"WebSite","@id":"https:\/\/colegioarquitectos.com\/noticias\/#website","url":"https:\/\/colegioarquitectos.com\/noticias\/","name":"COLEGIO DE ARQUITECTOS DE CHILE","description":"","publisher":{"@id":"https:\/\/colegioarquitectos.com\/noticias\/#organization"},"potentialAction":[{"@type":"SearchAction","target":{"@type":"EntryPoint","urlTemplate":"https:\/\/colegioarquitectos.com\/noticias\/?s={search_term_string}"},"query-input":{"@type":"PropertyValueSpecification","valueRequired":true,"valueName":"search_term_string"}}],"inLanguage":"es"},{"@type":"Organization","@id":"https:\/\/colegioarquitectos.com\/noticias\/#organization","name":"COLEGIO DE ARQUITECTOS DE CHILE","url":"https:\/\/colegioarquitectos.com\/noticias\/","logo":{"@type":"ImageObject","inLanguage":"es","@id":"https:\/\/colegioarquitectos.com\/noticias\/#\/schema\/logo\/image\/","url":"https:\/\/colegioarquitectos.com\/noticias\/wp-content\/uploads\/2021\/05\/ENCABEZADO-LOGO-CA.jpg","contentUrl":"https:\/\/colegioarquitectos.com\/noticias\/wp-content\/uploads\/2021\/05\/ENCABEZADO-LOGO-CA.jpg","width":690,"height":350,"caption":"COLEGIO DE ARQUITECTOS DE CHILE"},"image":{"@id":"https:\/\/colegioarquitectos.com\/noticias\/#\/schema\/logo\/image\/"},"sameAs":["https:\/\/facebook.com\/Colegioarq\/","https:\/\/x.com\/colegioarq","https:\/\/instagram.com\/colegioarq","https:\/\/youtube.com\/@ColegiodeArquitectosdeChile"]},{"@type":"Person","@id":"https:\/\/colegioarquitectos.com\/noticias\/#\/schema\/person\/b6c7e912cd1283c089114093ed09741f","name":"Gabriel Salgado S.","url":"https:\/\/colegioarquitectos.com\/noticias\/?author=1"}]}},"_links":{"self":[{"href":"https:\/\/colegioarquitectos.com\/noticias\/index.php?rest_route=\/wp\/v2\/posts\/1495","targetHints":{"allow":["GET"]}}],"collection":[{"href":"https:\/\/colegioarquitectos.com\/noticias\/index.php?rest_route=\/wp\/v2\/posts"}],"about":[{"href":"https:\/\/colegioarquitectos.com\/noticias\/index.php?rest_route=\/wp\/v2\/types\/post"}],"author":[{"embeddable":true,"href":"https:\/\/colegioarquitectos.com\/noticias\/index.php?rest_route=\/wp\/v2\/users\/1"}],"replies":[{"embeddable":true,"href":"https:\/\/colegioarquitectos.com\/noticias\/index.php?rest_route=%2Fwp%2Fv2%2Fcomments&post=1495"}],"version-history":[{"count":0,"href":"https:\/\/colegioarquitectos.com\/noticias\/index.php?rest_route=\/wp\/v2\/posts\/1495\/revisions"}],"wp:attachment":[{"href":"https:\/\/colegioarquitectos.com\/noticias\/index.php?rest_route=%2Fwp%2Fv2%2Fmedia&parent=1495"}],"wp:term":[{"taxonomy":"category","embeddable":true,"href":"https:\/\/colegioarquitectos.com\/noticias\/index.php?rest_route=%2Fwp%2Fv2%2Fcategories&post=1495"},{"taxonomy":"post_tag","embeddable":true,"href":"https:\/\/colegioarquitectos.com\/noticias\/index.php?rest_route=%2Fwp%2Fv2%2Ftags&post=1495"}],"curies":[{"name":"wp","href":"https:\/\/api.w.org\/{rel}","templated":true}]}}