
{"id":1520,"date":"2012-06-29T13:49:43","date_gmt":"2012-06-29T13:49:43","guid":{"rendered":"http:\/\/colegioarquitectos.com\/noticias\/?p=1520"},"modified":"2012-07-17T15:14:04","modified_gmt":"2012-07-17T15:14:04","slug":"newsletter-colegio-de-arquitectos-de-chile-09-al-16-julio-2012","status":"publish","type":"post","link":"https:\/\/colegioarquitectos.com\/noticias\/?p=1520","title":{"rendered":"Newsletter COLEGIO DE ARQUITECTOS DE CHILE 09 al 16 julio 2012"},"content":{"rendered":"<p style=\"text-align: justify;\"><a href=\"http:\/\/colegioarquitectos.com\/noticias\/wp-content\/uploads\/2012\/07\/WEB-Imagen-Newsletter-CA.jpg\"><img loading=\"lazy\" decoding=\"async\" class=\"alignnone size-full wp-image-1528\" title=\"WEB Imagen Newsletter CA\" src=\"http:\/\/colegioarquitectos.com\/noticias\/wp-content\/uploads\/2012\/07\/WEB-Imagen-Newsletter-CA.jpg\" alt=\"\" width=\"552\" height=\"64\" srcset=\"https:\/\/colegioarquitectos.com\/noticias\/wp-content\/uploads\/2012\/07\/WEB-Imagen-Newsletter-CA.jpg 552w, https:\/\/colegioarquitectos.com\/noticias\/wp-content\/uploads\/2012\/07\/WEB-Imagen-Newsletter-CA-300x34.jpg 300w\" sizes=\"auto, (max-width: 552px) 100vw, 552px\" \/><\/a><\/p>\n<p style=\"text-align: justify;\"><strong>(1)<\/strong> <span style=\"text-decoration: underline;\"><strong>Jueves 12 julio a las 13.30 hrs. Charla T\u00e9cnica \u201cXIPEX IMPERMEABILIZACI\u00d3N POR CRISTALIZACI\u00d3N\u201d \u2013 Empresa XIPEX \/ PROTEXCHILE y Colegio de Arquitectos de Chile<\/strong><\/span><\/p>\n<p style=\"text-align: justify;\"><strong><\/strong>COLEGIO DE ARQUITECTOS DE CHILE y la empresa XIPEX, a trav\u00e9s del distribuidor exclusivo PROTEXCHILE, productos para la construcci\u00f3n, invitan a la Charla T\u00e9cnica \u201cXIPEX IMPERMEABILIZACI\u00d3N POR CRISTALIZACI\u00d3N\u201d, la cual se llevar\u00e1 a cabo el d\u00eda jueves 12 de julio a las 13.30 horas en la Sede Nacional de la Orden.<\/p>\n<p style=\"text-align: justify;\"><strong>Link: <span style=\"color: #0000ff;\"><a href=\"http:\/\/colegioarquitectos.com\/noticias\/?p=1484\"><span style=\"color: #0000ff;\">http:\/\/colegioarquitectos.com\/noticias\/?p=1484<\/span><\/a><\/span><\/strong><\/p>\n<p style=\"text-align: justify;\"><strong>\u00a0<\/strong><\/p>\n<p style=\"text-align: justify;\"><strong>(2) <span style=\"text-decoration: underline;\"><span style=\"color: #000000; text-decoration: underline;\">Ciclo de Cine Ciudad en Colegio de Arquitectos de Chile \u2013 JULIO 2012 \u2013 Celebraci\u00f3n Mes de la Alameda<\/span><\/span><\/strong><\/p>\n<p style=\"text-align: justify;\"><strong><\/strong>En el marco de las iniciativas culturales encabezadas por Eje Alameda, el Colegio de Arquitectos se encuentra participando en el Ciclo Cine y Ciudad, presentando todos los jueves del mes de julio, pel\u00edculas que recojan la tem\u00e1tica de la urbe en sus diferentes dimensiones, incluyendo material in\u00e9dito, registros hist\u00f3ricos, ficci\u00f3n y connotadas pel\u00edculas, que ser\u00e1n exhibidas gracias al apoyo de la Cineteca de la Universidad de Chile y la Cinemateca del Goethe Institut.<\/p>\n<p style=\"text-align: justify;\"><strong>Link: <span style=\"color: #0000ff;\"><a href=\"http:\/\/colegioarquitectos.com\/noticias\/?p=1340\"><span style=\"color: #0000ff;\">http:\/\/colegioarquitectos.com\/noticias\/?p=1340<\/span><\/a><\/span><\/strong><\/p>\n<p style=\"text-align: justify;\"><strong>\u00a0<\/strong><\/p>\n<p style=\"text-align: justify;\"><strong>(3) <span style=\"text-decoration: underline;\">Aniversario N\u00ba 70 Colegio de Arquitectos de Chile: Postulaci\u00f3n Premios D\u00eda del Arquitecto 2012<\/span><\/strong><\/p>\n<p style=\"text-align: justify;\">Se informa a todos los arquitectos que se ha iniciado el llamado para la postulaci\u00f3n a los Premios que otorga anualmente la Orden, los cuales ser\u00e1n entregados en el marco de las celebraciones del D\u00eda del Arquitecto, el d\u00eda Jueves 02 de Agosto del a\u00f1o en curso en el Sal\u00f3n Auditorio de la Fundaci\u00f3n Telef\u00f3nica.<\/p>\n<p style=\"text-align: justify;\">Las postulaciones anuales deber\u00e1n ser entregadas en la secretar\u00eda nacional del Colegio antes del mi\u00e9rcoles 11 de julio<strong>.<\/strong><\/p>\n<p style=\"text-align: justify;\"><strong>Link: <span style=\"color: #0000ff;\"><a href=\"http:\/\/colegioarquitectos.com\/noticias\/?p=1391\"><span style=\"color: #0000ff;\">http:\/\/colegioarquitectos.com\/noticias\/?p=1391<\/span><\/a><\/span><\/strong><\/p>\n<p style=\"text-align: justify;\"><strong>\u00a0<\/strong><\/p>\n<p style=\"text-align: justify;\"><strong>(4) <span style=\"text-decoration: underline;\">Inicio postulaci\u00f3n Premio Nacional de Arquitectura 2012 \u2013 Colegio de Arquitectos de Chile<\/span><\/strong><\/p>\n<p style=\"text-align: justify;\">El Directorio Nacional del Colegio de Arquitectos de Chile acord\u00f3\u00a0 informar al gremio y a las instituciones relacionadas con el ejercicio profesional de arquitecto que se ha iniciado el proceso para la nominaci\u00f3n del Premio Nacional de Arquitectura 2012.<\/p>\n<p style=\"text-align: justify;\">El lunes 06 de agosto es el plazo final de entrega de postulaciones, realiz\u00e1ndose la elecci\u00f3n del Premio Nacional el 27 de septiembre.<strong> <\/strong><\/p>\n<p style=\"text-align: justify;\"><strong>Link:<span style=\"color: #0000ff;\"> <a href=\"http:\/\/colegioarquitectos.com\/noticias\/?p=1424\"><span style=\"color: #0000ff;\">http:\/\/colegioarquitectos.com\/noticias\/?p=1424<\/span><\/a><\/span><\/strong><\/p>\n<p style=\"text-align: justify;\"><strong>\u00a0<\/strong><\/p>\n<p style=\"text-align: justify;\"><strong>(5) <span style=\"text-decoration: underline;\">Importante convenio de beneficio social se firm\u00f3 entre el Servicio de Asistencia T\u00e9cnica del Colegio de Arquitectos de Chile y la Municipalidad de Recoleta<\/span><\/strong><\/p>\n<p style=\"text-align: justify;\"><strong><\/strong>A la hora de realizar los tr\u00e1mites para regularizaci\u00f3n de sus viviendas, \u00e9stos pueden resultar bastante engorrosos y de alto costo para la poblaci\u00f3n de menores recursos. En vista de esta problem\u00e1tica, se procedi\u00f3 a la firma de un importante convenio entre la Municipalidad de Recoleta y el Servicio de Asistencia T\u00e9cnica (SAT) del Colegio de Arquitectos de Chile, con el fin de prestarle ayuda en esta materia a todos los vecinos que lo necesiten.<\/p>\n<p style=\"text-align: justify;\"><strong>Link: <span style=\"color: #0000ff;\"><a href=\"http:\/\/colegioarquitectos.com\/noticias\/?p=1437\"><span style=\"color: #0000ff;\">http:\/\/colegioarquitectos.com\/noticias\/?p=1437<\/span><\/a><\/span><\/strong><\/p>\n<p style=\"text-align: justify;\"><strong>\u00a0<\/strong><\/p>\n<p style=\"text-align: justify;\"><strong>(6) <span style=\"text-decoration: underline;\">Invitaci\u00f3n lanzamiento libro \u201cHACIA LA LUZ, ARQUITECTURA DEL MEDITERR\u00c1NEO Y DEL VALLE CENTRAL DE CHILE\u201d, Ra\u00fal Irarr\u00e1zabal C. \u2013 Patrocinado por Colegio de Arquitectos de Chile<\/span><\/strong><\/p>\n<p style=\"text-align: justify;\"><strong><\/strong>Ilonka Csillag Pimstein Presidenta de la Fundaci\u00f3n ProCultura y Ra\u00fal Irarr\u00e1zabal Covarrubias, invitan a usted al lanzamiento del libro \u201cHACIA LA LUZ, ARQUITECTURA DEL MEDITERR\u00c1NEO Y DEL VALLE CENTRAL DE CHILE\u201d a realizarse el d\u00eda martes 10 de julio a las 19 hrs. en el Auditorium de la Municipalidad de Vitacura, ubicado en Av. Bicentenario 3800.<\/p>\n<p style=\"text-align: justify;\"><strong>Link:<span style=\"color: #0000ff;\"> <a href=\"http:\/\/colegioarquitectos.com\/noticias\/?p=1292\"><span style=\"color: #0000ff;\">http:\/\/colegioarquitectos.com\/noticias\/?p=1292<\/span><\/a><\/span><\/strong><\/p>\n<p><strong><a href=\"http:\/\/colegioarquitectos.com\/noticias\/wp-content\/uploads\/2012\/07\/WEB-Imagen-Newsletter-CA1.jpg\"><img loading=\"lazy\" decoding=\"async\" class=\"alignnone size-full wp-image-1530\" title=\"WEB Imagen Newsletter CA\" src=\"http:\/\/colegioarquitectos.com\/noticias\/wp-content\/uploads\/2012\/07\/WEB-Imagen-Newsletter-CA1.jpg\" alt=\"\" width=\"552\" height=\"64\" srcset=\"https:\/\/colegioarquitectos.com\/noticias\/wp-content\/uploads\/2012\/07\/WEB-Imagen-Newsletter-CA1.jpg 552w, https:\/\/colegioarquitectos.com\/noticias\/wp-content\/uploads\/2012\/07\/WEB-Imagen-Newsletter-CA1-300x34.jpg 300w\" sizes=\"auto, (max-width: 552px) 100vw, 552px\" \/><\/a><\/strong><\/p>\n<p><strong>\u00a0<\/strong><\/p>\n<p><\/p>","protected":false},"excerpt":{"rendered":"<p>(1) Jueves 12 julio a las 13.30 hrs. Charla T\u00e9cnica \u201cXIPEX IMPERMEABILIZACI\u00d3N POR CRISTALIZACI\u00d3N\u201d \u2013 Empresa XIPEX \/ PROTEXCHILE y Colegio de Arquitectos de Chile COLEGIO DE ARQUITECTOS DE CHILE y la empresa XIPEX, a trav\u00e9s del distribuidor exclusivo PROTEXCHILE, &hellip; <a class=\"more-link\" href=\"https:\/\/colegioarquitectos.com\/noticias\/?p=1520\">ver m\u00e1s<\/a><\/p>","protected":false},"author":1,"featured_media":0,"comment_status":"open","ping_status":"open","sticky":false,"template":"","format":"standard","meta":{"footnotes":""},"categories":[19,8],"tags":[],"class_list":["post-1520","post","type-post","status-publish","format-standard","hentry","category-actividades","category-colegio-de-arquitectos"],"yoast_head":"<!-- This site is optimized with the Yoast SEO plugin v24.2 - https:\/\/yoast.com\/wordpress\/plugins\/seo\/ -->\n<title>Newsletter COLEGIO DE ARQUITECTOS DE CHILE 09 al 16 julio 2012 - COLEGIO DE ARQUITECTOS DE CHILE<\/title>\n<meta name=\"robots\" content=\"index, follow, max-snippet:-1, max-image-preview:large, max-video-preview:-1\" \/>\n<link rel=\"canonical\" href=\"https:\/\/colegioarquitectos.com\/noticias\/?p=1520\" \/>\n<meta property=\"og:locale\" content=\"es_ES\" \/>\n<meta property=\"og:type\" content=\"article\" \/>\n<meta property=\"og:title\" content=\"Newsletter COLEGIO DE ARQUITECTOS DE CHILE 09 al 16 julio 2012 - COLEGIO DE ARQUITECTOS DE CHILE\" \/>\n<meta property=\"og:description\" content=\"(1) Jueves 12 julio a las 13.30 hrs. Charla T\u00e9cnica \u201cXIPEX IMPERMEABILIZACI\u00d3N POR CRISTALIZACI\u00d3N\u201d \u2013 Empresa XIPEX \/ PROTEXCHILE y Colegio de Arquitectos de Chile COLEGIO DE ARQUITECTOS DE CHILE y la empresa XIPEX, a trav\u00e9s del distribuidor exclusivo PROTEXCHILE, &hellip; ver m\u00e1s\" \/>\n<meta property=\"og:url\" content=\"https:\/\/colegioarquitectos.com\/noticias\/?p=1520\" \/>\n<meta property=\"og:site_name\" content=\"COLEGIO DE ARQUITECTOS DE CHILE\" \/>\n<meta property=\"article:publisher\" content=\"https:\/\/facebook.com\/Colegioarq\/\" \/>\n<meta property=\"article:published_time\" content=\"2012-06-29T13:49:43+00:00\" \/>\n<meta property=\"article:modified_time\" content=\"2012-07-17T15:14:04+00:00\" \/>\n<meta property=\"og:image\" content=\"http:\/\/colegioarquitectos.com\/noticias\/wp-content\/uploads\/2012\/07\/WEB-Imagen-Newsletter-CA.jpg\" \/>\n<meta name=\"author\" content=\"Gabriel Salgado S.\" \/>\n<meta name=\"twitter:card\" content=\"summary_large_image\" \/>\n<meta name=\"twitter:creator\" content=\"@colegioarq\" \/>\n<meta name=\"twitter:site\" content=\"@colegioarq\" \/>\n<meta name=\"twitter:label1\" content=\"Escrito por\" \/>\n\t<meta name=\"twitter:data1\" content=\"Gabriel Salgado S.\" \/>\n\t<meta name=\"twitter:label2\" content=\"Tiempo de lectura\" \/>\n\t<meta name=\"twitter:data2\" content=\"3 minutos\" \/>\n<script type=\"application\/ld+json\" class=\"yoast-schema-graph\">{\"@context\":\"https:\/\/schema.org\",\"@graph\":[{\"@type\":\"Article\",\"@id\":\"https:\/\/colegioarquitectos.com\/noticias\/?p=1520#article\",\"isPartOf\":{\"@id\":\"https:\/\/colegioarquitectos.com\/noticias\/?p=1520\"},\"author\":{\"name\":\"Gabriel Salgado S.\",\"@id\":\"https:\/\/colegioarquitectos.com\/noticias\/#\/schema\/person\/b6c7e912cd1283c089114093ed09741f\"},\"headline\":\"Newsletter COLEGIO DE ARQUITECTOS DE CHILE 09 al 16 julio 2012\",\"datePublished\":\"2012-06-29T13:49:43+00:00\",\"dateModified\":\"2012-07-17T15:14:04+00:00\",\"mainEntityOfPage\":{\"@id\":\"https:\/\/colegioarquitectos.com\/noticias\/?p=1520\"},\"wordCount\":581,\"commentCount\":0,\"publisher\":{\"@id\":\"https:\/\/colegioarquitectos.com\/noticias\/#organization\"},\"image\":{\"@id\":\"https:\/\/colegioarquitectos.com\/noticias\/?p=1520#primaryimage\"},\"thumbnailUrl\":\"http:\/\/colegioarquitectos.com\/noticias\/wp-content\/uploads\/2012\/07\/WEB-Imagen-Newsletter-CA.jpg\",\"articleSection\":[\"Actividades\",\"Colegio\"],\"inLanguage\":\"es\",\"potentialAction\":[{\"@type\":\"CommentAction\",\"name\":\"Comment\",\"target\":[\"https:\/\/colegioarquitectos.com\/noticias\/?p=1520#respond\"]}]},{\"@type\":\"WebPage\",\"@id\":\"https:\/\/colegioarquitectos.com\/noticias\/?p=1520\",\"url\":\"https:\/\/colegioarquitectos.com\/noticias\/?p=1520\",\"name\":\"Newsletter COLEGIO DE ARQUITECTOS DE CHILE 09 al 16 julio 2012 - COLEGIO DE ARQUITECTOS DE CHILE\",\"isPartOf\":{\"@id\":\"https:\/\/colegioarquitectos.com\/noticias\/#website\"},\"primaryImageOfPage\":{\"@id\":\"https:\/\/colegioarquitectos.com\/noticias\/?p=1520#primaryimage\"},\"image\":{\"@id\":\"https:\/\/colegioarquitectos.com\/noticias\/?p=1520#primaryimage\"},\"thumbnailUrl\":\"http:\/\/colegioarquitectos.com\/noticias\/wp-content\/uploads\/2012\/07\/WEB-Imagen-Newsletter-CA.jpg\",\"datePublished\":\"2012-06-29T13:49:43+00:00\",\"dateModified\":\"2012-07-17T15:14:04+00:00\",\"breadcrumb\":{\"@id\":\"https:\/\/colegioarquitectos.com\/noticias\/?p=1520#breadcrumb\"},\"inLanguage\":\"es\",\"potentialAction\":[{\"@type\":\"ReadAction\",\"target\":[\"https:\/\/colegioarquitectos.com\/noticias\/?p=1520\"]}]},{\"@type\":\"ImageObject\",\"inLanguage\":\"es\",\"@id\":\"https:\/\/colegioarquitectos.com\/noticias\/?p=1520#primaryimage\",\"url\":\"http:\/\/colegioarquitectos.com\/noticias\/wp-content\/uploads\/2012\/07\/WEB-Imagen-Newsletter-CA.jpg\",\"contentUrl\":\"http:\/\/colegioarquitectos.com\/noticias\/wp-content\/uploads\/2012\/07\/WEB-Imagen-Newsletter-CA.jpg\"},{\"@type\":\"BreadcrumbList\",\"@id\":\"https:\/\/colegioarquitectos.com\/noticias\/?p=1520#breadcrumb\",\"itemListElement\":[{\"@type\":\"ListItem\",\"position\":1,\"name\":\"Portada\",\"item\":\"https:\/\/colegioarquitectos.com\/noticias\"},{\"@type\":\"ListItem\",\"position\":2,\"name\":\"Newsletter COLEGIO DE ARQUITECTOS DE CHILE 09 al 16 julio 2012\"}]},{\"@type\":\"WebSite\",\"@id\":\"https:\/\/colegioarquitectos.com\/noticias\/#website\",\"url\":\"https:\/\/colegioarquitectos.com\/noticias\/\",\"name\":\"COLEGIO DE ARQUITECTOS DE CHILE\",\"description\":\"\",\"publisher\":{\"@id\":\"https:\/\/colegioarquitectos.com\/noticias\/#organization\"},\"potentialAction\":[{\"@type\":\"SearchAction\",\"target\":{\"@type\":\"EntryPoint\",\"urlTemplate\":\"https:\/\/colegioarquitectos.com\/noticias\/?s={search_term_string}\"},\"query-input\":{\"@type\":\"PropertyValueSpecification\",\"valueRequired\":true,\"valueName\":\"search_term_string\"}}],\"inLanguage\":\"es\"},{\"@type\":\"Organization\",\"@id\":\"https:\/\/colegioarquitectos.com\/noticias\/#organization\",\"name\":\"COLEGIO DE ARQUITECTOS DE CHILE\",\"url\":\"https:\/\/colegioarquitectos.com\/noticias\/\",\"logo\":{\"@type\":\"ImageObject\",\"inLanguage\":\"es\",\"@id\":\"https:\/\/colegioarquitectos.com\/noticias\/#\/schema\/logo\/image\/\",\"url\":\"https:\/\/colegioarquitectos.com\/noticias\/wp-content\/uploads\/2021\/05\/ENCABEZADO-LOGO-CA.jpg\",\"contentUrl\":\"https:\/\/colegioarquitectos.com\/noticias\/wp-content\/uploads\/2021\/05\/ENCABEZADO-LOGO-CA.jpg\",\"width\":690,\"height\":350,\"caption\":\"COLEGIO DE ARQUITECTOS DE CHILE\"},\"image\":{\"@id\":\"https:\/\/colegioarquitectos.com\/noticias\/#\/schema\/logo\/image\/\"},\"sameAs\":[\"https:\/\/facebook.com\/Colegioarq\/\",\"https:\/\/x.com\/colegioarq\",\"https:\/\/instagram.com\/colegioarq\",\"https:\/\/youtube.com\/@ColegiodeArquitectosdeChile\"]},{\"@type\":\"Person\",\"@id\":\"https:\/\/colegioarquitectos.com\/noticias\/#\/schema\/person\/b6c7e912cd1283c089114093ed09741f\",\"name\":\"Gabriel Salgado S.\",\"url\":\"https:\/\/colegioarquitectos.com\/noticias\/?author=1\"}]}<\/script>\n<!-- \/ Yoast SEO plugin. -->","yoast_head_json":{"title":"Newsletter COLEGIO DE ARQUITECTOS DE CHILE 09 al 16 julio 2012 - COLEGIO DE ARQUITECTOS DE CHILE","robots":{"index":"index","follow":"follow","max-snippet":"max-snippet:-1","max-image-preview":"max-image-preview:large","max-video-preview":"max-video-preview:-1"},"canonical":"https:\/\/colegioarquitectos.com\/noticias\/?p=1520","og_locale":"es_ES","og_type":"article","og_title":"Newsletter COLEGIO DE ARQUITECTOS DE CHILE 09 al 16 julio 2012 - COLEGIO DE ARQUITECTOS DE CHILE","og_description":"(1) Jueves 12 julio a las 13.30 hrs. Charla T\u00e9cnica \u201cXIPEX IMPERMEABILIZACI\u00d3N POR CRISTALIZACI\u00d3N\u201d \u2013 Empresa XIPEX \/ PROTEXCHILE y Colegio de Arquitectos de Chile COLEGIO DE ARQUITECTOS DE CHILE y la empresa XIPEX, a trav\u00e9s del distribuidor exclusivo PROTEXCHILE, &hellip; ver m\u00e1s","og_url":"https:\/\/colegioarquitectos.com\/noticias\/?p=1520","og_site_name":"COLEGIO DE ARQUITECTOS DE CHILE","article_publisher":"https:\/\/facebook.com\/Colegioarq\/","article_published_time":"2012-06-29T13:49:43+00:00","article_modified_time":"2012-07-17T15:14:04+00:00","og_image":[{"url":"http:\/\/colegioarquitectos.com\/noticias\/wp-content\/uploads\/2012\/07\/WEB-Imagen-Newsletter-CA.jpg","type":"","width":"","height":""}],"author":"Gabriel Salgado S.","twitter_card":"summary_large_image","twitter_creator":"@colegioarq","twitter_site":"@colegioarq","twitter_misc":{"Escrito por":"Gabriel Salgado S.","Tiempo de lectura":"3 minutos"},"schema":{"@context":"https:\/\/schema.org","@graph":[{"@type":"Article","@id":"https:\/\/colegioarquitectos.com\/noticias\/?p=1520#article","isPartOf":{"@id":"https:\/\/colegioarquitectos.com\/noticias\/?p=1520"},"author":{"name":"Gabriel Salgado S.","@id":"https:\/\/colegioarquitectos.com\/noticias\/#\/schema\/person\/b6c7e912cd1283c089114093ed09741f"},"headline":"Newsletter COLEGIO DE ARQUITECTOS DE CHILE 09 al 16 julio 2012","datePublished":"2012-06-29T13:49:43+00:00","dateModified":"2012-07-17T15:14:04+00:00","mainEntityOfPage":{"@id":"https:\/\/colegioarquitectos.com\/noticias\/?p=1520"},"wordCount":581,"commentCount":0,"publisher":{"@id":"https:\/\/colegioarquitectos.com\/noticias\/#organization"},"image":{"@id":"https:\/\/colegioarquitectos.com\/noticias\/?p=1520#primaryimage"},"thumbnailUrl":"http:\/\/colegioarquitectos.com\/noticias\/wp-content\/uploads\/2012\/07\/WEB-Imagen-Newsletter-CA.jpg","articleSection":["Actividades","Colegio"],"inLanguage":"es","potentialAction":[{"@type":"CommentAction","name":"Comment","target":["https:\/\/colegioarquitectos.com\/noticias\/?p=1520#respond"]}]},{"@type":"WebPage","@id":"https:\/\/colegioarquitectos.com\/noticias\/?p=1520","url":"https:\/\/colegioarquitectos.com\/noticias\/?p=1520","name":"Newsletter COLEGIO DE ARQUITECTOS DE CHILE 09 al 16 julio 2012 - COLEGIO DE ARQUITECTOS DE CHILE","isPartOf":{"@id":"https:\/\/colegioarquitectos.com\/noticias\/#website"},"primaryImageOfPage":{"@id":"https:\/\/colegioarquitectos.com\/noticias\/?p=1520#primaryimage"},"image":{"@id":"https:\/\/colegioarquitectos.com\/noticias\/?p=1520#primaryimage"},"thumbnailUrl":"http:\/\/colegioarquitectos.com\/noticias\/wp-content\/uploads\/2012\/07\/WEB-Imagen-Newsletter-CA.jpg","datePublished":"2012-06-29T13:49:43+00:00","dateModified":"2012-07-17T15:14:04+00:00","breadcrumb":{"@id":"https:\/\/colegioarquitectos.com\/noticias\/?p=1520#breadcrumb"},"inLanguage":"es","potentialAction":[{"@type":"ReadAction","target":["https:\/\/colegioarquitectos.com\/noticias\/?p=1520"]}]},{"@type":"ImageObject","inLanguage":"es","@id":"https:\/\/colegioarquitectos.com\/noticias\/?p=1520#primaryimage","url":"http:\/\/colegioarquitectos.com\/noticias\/wp-content\/uploads\/2012\/07\/WEB-Imagen-Newsletter-CA.jpg","contentUrl":"http:\/\/colegioarquitectos.com\/noticias\/wp-content\/uploads\/2012\/07\/WEB-Imagen-Newsletter-CA.jpg"},{"@type":"BreadcrumbList","@id":"https:\/\/colegioarquitectos.com\/noticias\/?p=1520#breadcrumb","itemListElement":[{"@type":"ListItem","position":1,"name":"Portada","item":"https:\/\/colegioarquitectos.com\/noticias"},{"@type":"ListItem","position":2,"name":"Newsletter COLEGIO DE ARQUITECTOS DE CHILE 09 al 16 julio 2012"}]},{"@type":"WebSite","@id":"https:\/\/colegioarquitectos.com\/noticias\/#website","url":"https:\/\/colegioarquitectos.com\/noticias\/","name":"COLEGIO DE ARQUITECTOS DE CHILE","description":"","publisher":{"@id":"https:\/\/colegioarquitectos.com\/noticias\/#organization"},"potentialAction":[{"@type":"SearchAction","target":{"@type":"EntryPoint","urlTemplate":"https:\/\/colegioarquitectos.com\/noticias\/?s={search_term_string}"},"query-input":{"@type":"PropertyValueSpecification","valueRequired":true,"valueName":"search_term_string"}}],"inLanguage":"es"},{"@type":"Organization","@id":"https:\/\/colegioarquitectos.com\/noticias\/#organization","name":"COLEGIO DE ARQUITECTOS DE CHILE","url":"https:\/\/colegioarquitectos.com\/noticias\/","logo":{"@type":"ImageObject","inLanguage":"es","@id":"https:\/\/colegioarquitectos.com\/noticias\/#\/schema\/logo\/image\/","url":"https:\/\/colegioarquitectos.com\/noticias\/wp-content\/uploads\/2021\/05\/ENCABEZADO-LOGO-CA.jpg","contentUrl":"https:\/\/colegioarquitectos.com\/noticias\/wp-content\/uploads\/2021\/05\/ENCABEZADO-LOGO-CA.jpg","width":690,"height":350,"caption":"COLEGIO DE ARQUITECTOS DE CHILE"},"image":{"@id":"https:\/\/colegioarquitectos.com\/noticias\/#\/schema\/logo\/image\/"},"sameAs":["https:\/\/facebook.com\/Colegioarq\/","https:\/\/x.com\/colegioarq","https:\/\/instagram.com\/colegioarq","https:\/\/youtube.com\/@ColegiodeArquitectosdeChile"]},{"@type":"Person","@id":"https:\/\/colegioarquitectos.com\/noticias\/#\/schema\/person\/b6c7e912cd1283c089114093ed09741f","name":"Gabriel Salgado S.","url":"https:\/\/colegioarquitectos.com\/noticias\/?author=1"}]}},"_links":{"self":[{"href":"https:\/\/colegioarquitectos.com\/noticias\/index.php?rest_route=\/wp\/v2\/posts\/1520","targetHints":{"allow":["GET"]}}],"collection":[{"href":"https:\/\/colegioarquitectos.com\/noticias\/index.php?rest_route=\/wp\/v2\/posts"}],"about":[{"href":"https:\/\/colegioarquitectos.com\/noticias\/index.php?rest_route=\/wp\/v2\/types\/post"}],"author":[{"embeddable":true,"href":"https:\/\/colegioarquitectos.com\/noticias\/index.php?rest_route=\/wp\/v2\/users\/1"}],"replies":[{"embeddable":true,"href":"https:\/\/colegioarquitectos.com\/noticias\/index.php?rest_route=%2Fwp%2Fv2%2Fcomments&post=1520"}],"version-history":[{"count":0,"href":"https:\/\/colegioarquitectos.com\/noticias\/index.php?rest_route=\/wp\/v2\/posts\/1520\/revisions"}],"wp:attachment":[{"href":"https:\/\/colegioarquitectos.com\/noticias\/index.php?rest_route=%2Fwp%2Fv2%2Fmedia&parent=1520"}],"wp:term":[{"taxonomy":"category","embeddable":true,"href":"https:\/\/colegioarquitectos.com\/noticias\/index.php?rest_route=%2Fwp%2Fv2%2Fcategories&post=1520"},{"taxonomy":"post_tag","embeddable":true,"href":"https:\/\/colegioarquitectos.com\/noticias\/index.php?rest_route=%2Fwp%2Fv2%2Ftags&post=1520"}],"curies":[{"name":"wp","href":"https:\/\/api.w.org\/{rel}","templated":true}]}}