
{"id":15529,"date":"2016-11-17T22:00:33","date_gmt":"2016-11-17T22:00:33","guid":{"rendered":"http:\/\/colegioarquitectos.com\/?p=15529"},"modified":"2016-11-22T18:39:55","modified_gmt":"2016-11-22T18:39:55","slug":"convenio-especial-seguros-de-garantia","status":"publish","type":"post","link":"https:\/\/colegioarquitectos.com\/noticias\/?p=15529","title":{"rendered":"Convenio especial SEGUROS DE GARANT\u00cdA para colegiados"},"content":{"rendered":"<p><strong>CONVENIO ESPECIAL<\/strong> COLEGIO DE ARQUITECTOS, MAPFRE Y LOS MAITENES CORREDORES DE SEGUROS PARA GARANTIZAR PROPUESTAS<\/p>\n<p>Un Mercado de Garant\u00edas donde compiten Bancos, Compa\u00f1\u00edas de Seguros Multi -Ramos y Compa\u00f1\u00edas de Seguros Especializadas<\/p>\n<ul>\n<li><b>18 <\/b><b>Bancos, m\u00e1s 4 sucursales de Bancos Extranjeros.<\/b><\/li>\n<li><b>23 Compa\u00f1\u00edas de Seguros Generales <\/b><b>Multi<\/b><b> -Ramos.<\/b><\/li>\n<li><b>6 Compa\u00f1\u00edas de Seguros Especializadas<\/b><\/li>\n<\/ul>\n<p><strong>SEGUROS DE GARANT\u00cdA<\/strong><\/p>\n<p>La p\u00f3liza de garant\u00eda es un <b>\u201ccontrato de seguro\u201d <\/b>mediante el cual una aseguradora , garantiza el cumplimiento por parte del tomador, de una obligaci\u00f3n de hacer, contenida en un contrato, o una disposici\u00f3n legal, y se obliga a pagar al asegurado, hasta por una suma determinada (monto Asegurado) los perjuicios que le haya ocasionado el incumplimiento de las obligaciones garantizadas.<\/p>\n<p>QUIENES INTERVIENEN:<\/p>\n<p><b>COMPA\u00d1\u00cdA DE SEGUROS<\/b> <b>: <\/b>Entidad aseguradora que emite la p\u00f3liza.<\/p>\n<p><b>TOMADOR O CONTRATANTE<\/b><b>: <\/b>Persona natural o <u>jur\u00eddica<\/u> que solicita la emisi\u00f3n de una p\u00f3liza de garant\u00eda para caucionar las obligaciones que contrae con el asegurado.<\/p>\n<p><b>ASEGURADO:\u00a0 <\/b>Persona natural o <u>jur\u00eddica<\/u> que tiene derecho a exigir el cumplimiento de las obligaciones contra\u00eddas por el tomador.<\/p>\n<p><b>BENEFICIARIO:<\/b> Persona natural o <u>jur\u00eddica<\/u> designada por el asegurado, solo para recibir el pago de indemnizaciones a que haya lugar conforme a la p\u00f3liza, sin que posea otro derecho respecto de esta.<\/p>\n<p><strong>PRODUCTOS DEL CONVENIO<\/strong><\/p>\n<ul>\n<li><b>P\u00f3liza de Garant\u00eda de Seriedad en Presentaci\u00f3n a Propuestas.<\/b><\/li>\n<li><b>P\u00f3liza de Garant\u00eda de Fiel Cumplimiento de Contrato.<\/b><\/li>\n<li><b>P\u00f3liza de Garant\u00eda de Correcta Inversi\u00f3n (restituci\u00f3n) de Anticipos.<\/b><\/li>\n<li><b>P\u00f3liza de Garant\u00eda de Canje de Retenciones.<\/b><\/li>\n<li><b>P\u00f3liza de Garant\u00eda de Buena Ejecuci\u00f3n de Obra.<\/b><\/li>\n<li><b>P\u00f3liza de Garant\u00eda de Contratos de Promesa de Compraventa<\/b><\/li>\n<li><b>P\u00f3liza de Garant\u00eda de Urbanizaciones.<\/b><\/li>\n<li><b>P\u00f3liza de Garant\u00eda de Almac\u00e9n Particular de Importaci\u00f3n<\/b><b>.<\/b><\/li>\n<li><b>P\u00f3liza de Garant\u00eda de Admisi\u00f3n Temporal de Mercader\u00edas.<\/b><\/li>\n<li><b>Dep\u00f3sitos Francos Aeron\u00e1uticos<\/b><\/li>\n<li><span style=\"color: #ff0000;\"><strong>LINEA DE CR\u00c9DITO 5.000 U.F. SIN COSTO MIENTRAS NO LA UTIL\u00cdZE<\/strong><\/span><\/li>\n<\/ul>\n<p>&nbsp;<\/p>\n<p><strong>OPERACI\u00d3N E INFORMACI\u00d3N ADICIONAL DEL CONVENIO<\/strong><\/p>\n<p>Cristi\u00e1n Garcia I.<\/p>\n<p>Fono: 22 334 1499,<\/p>\n<p>M\u00f3vil : +569 6569 1668<\/p>\n<p>E-Mail: cgarcia@seguroslm.cl<\/p>\n<p><img loading=\"lazy\" decoding=\"async\" class=\"aligncenter size-full wp-image-15557\" src=\"http:\/\/colegioarquitectos.com\/noticias\/wp-content\/uploads\/2016\/11\/SEGUROGARANTIA3.jpg\" alt=\"segurogarantia3\" width=\"950\" height=\"1063\" srcset=\"https:\/\/colegioarquitectos.com\/noticias\/wp-content\/uploads\/2016\/11\/SEGUROGARANTIA3.jpg 950w, https:\/\/colegioarquitectos.com\/noticias\/wp-content\/uploads\/2016\/11\/SEGUROGARANTIA3-268x300.jpg 268w, https:\/\/colegioarquitectos.com\/noticias\/wp-content\/uploads\/2016\/11\/SEGUROGARANTIA3-915x1024.jpg 915w\" sizes=\"auto, (max-width: 950px) 100vw, 950px\" \/><\/p>\n<p>&nbsp;<\/p>\n<p>&nbsp;<\/p>\n<p>&nbsp;<\/p>\n<p><\/p>","protected":false},"excerpt":{"rendered":"<p>CONVENIO ESPECIAL COLEGIO DE ARQUITECTOS, MAPFRE Y LOS MAITENES CORREDORES DE SEGUROS PARA GARANTIZAR PROPUESTAS Un Mercado de Garant\u00edas donde compiten Bancos, Compa\u00f1\u00edas de Seguros Multi -Ramos y Compa\u00f1\u00edas de Seguros Especializadas 18 Bancos, m\u00e1s 4 sucursales de Bancos Extranjeros. &hellip; <a class=\"more-link\" href=\"https:\/\/colegioarquitectos.com\/noticias\/?p=15529\">ver m\u00e1s<\/a><\/p>","protected":false},"author":1,"featured_media":15557,"comment_status":"closed","ping_status":"closed","sticky":false,"template":"","format":"standard","meta":{"footnotes":""},"categories":[34,3],"tags":[],"class_list":["post-15529","post","type-post","status-publish","format-standard","has-post-thumbnail","hentry","category-convenios-ca","category-noticias"],"yoast_head":"<!-- This site is optimized with the Yoast SEO plugin v24.2 - https:\/\/yoast.com\/wordpress\/plugins\/seo\/ -->\n<title>Convenio especial SEGUROS DE GARANT\u00cdA para colegiados - COLEGIO DE ARQUITECTOS DE CHILE<\/title>\n<meta name=\"robots\" content=\"index, follow, max-snippet:-1, max-image-preview:large, max-video-preview:-1\" \/>\n<link rel=\"canonical\" href=\"https:\/\/colegioarquitectos.com\/noticias\/?p=15529\" \/>\n<meta property=\"og:locale\" content=\"es_ES\" \/>\n<meta property=\"og:type\" content=\"article\" \/>\n<meta property=\"og:title\" content=\"Convenio especial SEGUROS DE GARANT\u00cdA para colegiados - COLEGIO DE ARQUITECTOS DE CHILE\" \/>\n<meta property=\"og:description\" content=\"CONVENIO ESPECIAL COLEGIO DE ARQUITECTOS, MAPFRE Y LOS MAITENES CORREDORES DE SEGUROS PARA GARANTIZAR PROPUESTAS Un Mercado de Garant\u00edas donde compiten Bancos, Compa\u00f1\u00edas de Seguros Multi -Ramos y Compa\u00f1\u00edas de Seguros Especializadas 18 Bancos, m\u00e1s 4 sucursales de Bancos Extranjeros. &hellip; ver m\u00e1s\" \/>\n<meta property=\"og:url\" content=\"https:\/\/colegioarquitectos.com\/noticias\/?p=15529\" \/>\n<meta property=\"og:site_name\" content=\"COLEGIO DE ARQUITECTOS DE CHILE\" \/>\n<meta property=\"article:publisher\" content=\"https:\/\/facebook.com\/Colegioarq\/\" \/>\n<meta property=\"article:published_time\" content=\"2016-11-17T22:00:33+00:00\" \/>\n<meta property=\"article:modified_time\" content=\"2016-11-22T18:39:55+00:00\" \/>\n<meta property=\"og:image\" content=\"https:\/\/colegioarquitectos.com\/noticias\/wp-content\/uploads\/2016\/11\/SEGUROGARANTIA3.jpg\" \/>\n\t<meta property=\"og:image:width\" content=\"950\" \/>\n\t<meta property=\"og:image:height\" content=\"1063\" \/>\n\t<meta property=\"og:image:type\" content=\"image\/jpeg\" \/>\n<meta name=\"author\" content=\"Gabriel Salgado S.\" \/>\n<meta name=\"twitter:card\" content=\"summary_large_image\" \/>\n<meta name=\"twitter:creator\" content=\"@colegioarq\" \/>\n<meta name=\"twitter:site\" content=\"@colegioarq\" \/>\n<meta name=\"twitter:label1\" content=\"Escrito por\" \/>\n\t<meta name=\"twitter:data1\" content=\"Gabriel Salgado S.\" \/>\n\t<meta name=\"twitter:label2\" content=\"Tiempo de lectura\" \/>\n\t<meta name=\"twitter:data2\" content=\"2 minutos\" \/>\n<script type=\"application\/ld+json\" class=\"yoast-schema-graph\">{\"@context\":\"https:\/\/schema.org\",\"@graph\":[{\"@type\":\"Article\",\"@id\":\"https:\/\/colegioarquitectos.com\/noticias\/?p=15529#article\",\"isPartOf\":{\"@id\":\"https:\/\/colegioarquitectos.com\/noticias\/?p=15529\"},\"author\":{\"name\":\"Gabriel Salgado S.\",\"@id\":\"https:\/\/colegioarquitectos.com\/noticias\/#\/schema\/person\/b6c7e912cd1283c089114093ed09741f\"},\"headline\":\"Convenio especial SEGUROS DE GARANT\u00cdA para colegiados\",\"datePublished\":\"2016-11-17T22:00:33+00:00\",\"dateModified\":\"2016-11-22T18:39:55+00:00\",\"mainEntityOfPage\":{\"@id\":\"https:\/\/colegioarquitectos.com\/noticias\/?p=15529\"},\"wordCount\":368,\"publisher\":{\"@id\":\"https:\/\/colegioarquitectos.com\/noticias\/#organization\"},\"image\":{\"@id\":\"https:\/\/colegioarquitectos.com\/noticias\/?p=15529#primaryimage\"},\"thumbnailUrl\":\"https:\/\/colegioarquitectos.com\/noticias\/wp-content\/uploads\/2016\/11\/SEGUROGARANTIA3.jpg\",\"articleSection\":[\"Convenios CA\",\"Noticias\"],\"inLanguage\":\"es\"},{\"@type\":\"WebPage\",\"@id\":\"https:\/\/colegioarquitectos.com\/noticias\/?p=15529\",\"url\":\"https:\/\/colegioarquitectos.com\/noticias\/?p=15529\",\"name\":\"Convenio especial SEGUROS DE GARANT\u00cdA para colegiados - COLEGIO DE ARQUITECTOS DE CHILE\",\"isPartOf\":{\"@id\":\"https:\/\/colegioarquitectos.com\/noticias\/#website\"},\"primaryImageOfPage\":{\"@id\":\"https:\/\/colegioarquitectos.com\/noticias\/?p=15529#primaryimage\"},\"image\":{\"@id\":\"https:\/\/colegioarquitectos.com\/noticias\/?p=15529#primaryimage\"},\"thumbnailUrl\":\"https:\/\/colegioarquitectos.com\/noticias\/wp-content\/uploads\/2016\/11\/SEGUROGARANTIA3.jpg\",\"datePublished\":\"2016-11-17T22:00:33+00:00\",\"dateModified\":\"2016-11-22T18:39:55+00:00\",\"breadcrumb\":{\"@id\":\"https:\/\/colegioarquitectos.com\/noticias\/?p=15529#breadcrumb\"},\"inLanguage\":\"es\",\"potentialAction\":[{\"@type\":\"ReadAction\",\"target\":[\"https:\/\/colegioarquitectos.com\/noticias\/?p=15529\"]}]},{\"@type\":\"ImageObject\",\"inLanguage\":\"es\",\"@id\":\"https:\/\/colegioarquitectos.com\/noticias\/?p=15529#primaryimage\",\"url\":\"https:\/\/colegioarquitectos.com\/noticias\/wp-content\/uploads\/2016\/11\/SEGUROGARANTIA3.jpg\",\"contentUrl\":\"https:\/\/colegioarquitectos.com\/noticias\/wp-content\/uploads\/2016\/11\/SEGUROGARANTIA3.jpg\",\"width\":950,\"height\":1063},{\"@type\":\"BreadcrumbList\",\"@id\":\"https:\/\/colegioarquitectos.com\/noticias\/?p=15529#breadcrumb\",\"itemListElement\":[{\"@type\":\"ListItem\",\"position\":1,\"name\":\"Portada\",\"item\":\"https:\/\/colegioarquitectos.com\/noticias\"},{\"@type\":\"ListItem\",\"position\":2,\"name\":\"Convenio especial SEGUROS DE GARANT\u00cdA para colegiados\"}]},{\"@type\":\"WebSite\",\"@id\":\"https:\/\/colegioarquitectos.com\/noticias\/#website\",\"url\":\"https:\/\/colegioarquitectos.com\/noticias\/\",\"name\":\"COLEGIO DE ARQUITECTOS DE CHILE\",\"description\":\"\",\"publisher\":{\"@id\":\"https:\/\/colegioarquitectos.com\/noticias\/#organization\"},\"potentialAction\":[{\"@type\":\"SearchAction\",\"target\":{\"@type\":\"EntryPoint\",\"urlTemplate\":\"https:\/\/colegioarquitectos.com\/noticias\/?s={search_term_string}\"},\"query-input\":{\"@type\":\"PropertyValueSpecification\",\"valueRequired\":true,\"valueName\":\"search_term_string\"}}],\"inLanguage\":\"es\"},{\"@type\":\"Organization\",\"@id\":\"https:\/\/colegioarquitectos.com\/noticias\/#organization\",\"name\":\"COLEGIO DE ARQUITECTOS DE CHILE\",\"url\":\"https:\/\/colegioarquitectos.com\/noticias\/\",\"logo\":{\"@type\":\"ImageObject\",\"inLanguage\":\"es\",\"@id\":\"https:\/\/colegioarquitectos.com\/noticias\/#\/schema\/logo\/image\/\",\"url\":\"https:\/\/colegioarquitectos.com\/noticias\/wp-content\/uploads\/2021\/05\/ENCABEZADO-LOGO-CA.jpg\",\"contentUrl\":\"https:\/\/colegioarquitectos.com\/noticias\/wp-content\/uploads\/2021\/05\/ENCABEZADO-LOGO-CA.jpg\",\"width\":690,\"height\":350,\"caption\":\"COLEGIO DE ARQUITECTOS DE CHILE\"},\"image\":{\"@id\":\"https:\/\/colegioarquitectos.com\/noticias\/#\/schema\/logo\/image\/\"},\"sameAs\":[\"https:\/\/facebook.com\/Colegioarq\/\",\"https:\/\/x.com\/colegioarq\",\"https:\/\/instagram.com\/colegioarq\",\"https:\/\/youtube.com\/@ColegiodeArquitectosdeChile\"]},{\"@type\":\"Person\",\"@id\":\"https:\/\/colegioarquitectos.com\/noticias\/#\/schema\/person\/b6c7e912cd1283c089114093ed09741f\",\"name\":\"Gabriel Salgado S.\",\"url\":\"https:\/\/colegioarquitectos.com\/noticias\/?author=1\"}]}<\/script>\n<!-- \/ Yoast SEO plugin. -->","yoast_head_json":{"title":"Convenio especial SEGUROS DE GARANT\u00cdA para colegiados - COLEGIO DE ARQUITECTOS DE CHILE","robots":{"index":"index","follow":"follow","max-snippet":"max-snippet:-1","max-image-preview":"max-image-preview:large","max-video-preview":"max-video-preview:-1"},"canonical":"https:\/\/colegioarquitectos.com\/noticias\/?p=15529","og_locale":"es_ES","og_type":"article","og_title":"Convenio especial SEGUROS DE GARANT\u00cdA para colegiados - COLEGIO DE ARQUITECTOS DE CHILE","og_description":"CONVENIO ESPECIAL COLEGIO DE ARQUITECTOS, MAPFRE Y LOS MAITENES CORREDORES DE SEGUROS PARA GARANTIZAR PROPUESTAS Un Mercado de Garant\u00edas donde compiten Bancos, Compa\u00f1\u00edas de Seguros Multi -Ramos y Compa\u00f1\u00edas de Seguros Especializadas 18 Bancos, m\u00e1s 4 sucursales de Bancos Extranjeros. &hellip; ver m\u00e1s","og_url":"https:\/\/colegioarquitectos.com\/noticias\/?p=15529","og_site_name":"COLEGIO DE ARQUITECTOS DE CHILE","article_publisher":"https:\/\/facebook.com\/Colegioarq\/","article_published_time":"2016-11-17T22:00:33+00:00","article_modified_time":"2016-11-22T18:39:55+00:00","og_image":[{"width":950,"height":1063,"url":"https:\/\/colegioarquitectos.com\/noticias\/wp-content\/uploads\/2016\/11\/SEGUROGARANTIA3.jpg","type":"image\/jpeg"}],"author":"Gabriel Salgado S.","twitter_card":"summary_large_image","twitter_creator":"@colegioarq","twitter_site":"@colegioarq","twitter_misc":{"Escrito por":"Gabriel Salgado S.","Tiempo de lectura":"2 minutos"},"schema":{"@context":"https:\/\/schema.org","@graph":[{"@type":"Article","@id":"https:\/\/colegioarquitectos.com\/noticias\/?p=15529#article","isPartOf":{"@id":"https:\/\/colegioarquitectos.com\/noticias\/?p=15529"},"author":{"name":"Gabriel Salgado S.","@id":"https:\/\/colegioarquitectos.com\/noticias\/#\/schema\/person\/b6c7e912cd1283c089114093ed09741f"},"headline":"Convenio especial SEGUROS DE GARANT\u00cdA para colegiados","datePublished":"2016-11-17T22:00:33+00:00","dateModified":"2016-11-22T18:39:55+00:00","mainEntityOfPage":{"@id":"https:\/\/colegioarquitectos.com\/noticias\/?p=15529"},"wordCount":368,"publisher":{"@id":"https:\/\/colegioarquitectos.com\/noticias\/#organization"},"image":{"@id":"https:\/\/colegioarquitectos.com\/noticias\/?p=15529#primaryimage"},"thumbnailUrl":"https:\/\/colegioarquitectos.com\/noticias\/wp-content\/uploads\/2016\/11\/SEGUROGARANTIA3.jpg","articleSection":["Convenios CA","Noticias"],"inLanguage":"es"},{"@type":"WebPage","@id":"https:\/\/colegioarquitectos.com\/noticias\/?p=15529","url":"https:\/\/colegioarquitectos.com\/noticias\/?p=15529","name":"Convenio especial SEGUROS DE GARANT\u00cdA para colegiados - COLEGIO DE ARQUITECTOS DE CHILE","isPartOf":{"@id":"https:\/\/colegioarquitectos.com\/noticias\/#website"},"primaryImageOfPage":{"@id":"https:\/\/colegioarquitectos.com\/noticias\/?p=15529#primaryimage"},"image":{"@id":"https:\/\/colegioarquitectos.com\/noticias\/?p=15529#primaryimage"},"thumbnailUrl":"https:\/\/colegioarquitectos.com\/noticias\/wp-content\/uploads\/2016\/11\/SEGUROGARANTIA3.jpg","datePublished":"2016-11-17T22:00:33+00:00","dateModified":"2016-11-22T18:39:55+00:00","breadcrumb":{"@id":"https:\/\/colegioarquitectos.com\/noticias\/?p=15529#breadcrumb"},"inLanguage":"es","potentialAction":[{"@type":"ReadAction","target":["https:\/\/colegioarquitectos.com\/noticias\/?p=15529"]}]},{"@type":"ImageObject","inLanguage":"es","@id":"https:\/\/colegioarquitectos.com\/noticias\/?p=15529#primaryimage","url":"https:\/\/colegioarquitectos.com\/noticias\/wp-content\/uploads\/2016\/11\/SEGUROGARANTIA3.jpg","contentUrl":"https:\/\/colegioarquitectos.com\/noticias\/wp-content\/uploads\/2016\/11\/SEGUROGARANTIA3.jpg","width":950,"height":1063},{"@type":"BreadcrumbList","@id":"https:\/\/colegioarquitectos.com\/noticias\/?p=15529#breadcrumb","itemListElement":[{"@type":"ListItem","position":1,"name":"Portada","item":"https:\/\/colegioarquitectos.com\/noticias"},{"@type":"ListItem","position":2,"name":"Convenio especial SEGUROS DE GARANT\u00cdA para colegiados"}]},{"@type":"WebSite","@id":"https:\/\/colegioarquitectos.com\/noticias\/#website","url":"https:\/\/colegioarquitectos.com\/noticias\/","name":"COLEGIO DE ARQUITECTOS DE CHILE","description":"","publisher":{"@id":"https:\/\/colegioarquitectos.com\/noticias\/#organization"},"potentialAction":[{"@type":"SearchAction","target":{"@type":"EntryPoint","urlTemplate":"https:\/\/colegioarquitectos.com\/noticias\/?s={search_term_string}"},"query-input":{"@type":"PropertyValueSpecification","valueRequired":true,"valueName":"search_term_string"}}],"inLanguage":"es"},{"@type":"Organization","@id":"https:\/\/colegioarquitectos.com\/noticias\/#organization","name":"COLEGIO DE ARQUITECTOS DE CHILE","url":"https:\/\/colegioarquitectos.com\/noticias\/","logo":{"@type":"ImageObject","inLanguage":"es","@id":"https:\/\/colegioarquitectos.com\/noticias\/#\/schema\/logo\/image\/","url":"https:\/\/colegioarquitectos.com\/noticias\/wp-content\/uploads\/2021\/05\/ENCABEZADO-LOGO-CA.jpg","contentUrl":"https:\/\/colegioarquitectos.com\/noticias\/wp-content\/uploads\/2021\/05\/ENCABEZADO-LOGO-CA.jpg","width":690,"height":350,"caption":"COLEGIO DE ARQUITECTOS DE CHILE"},"image":{"@id":"https:\/\/colegioarquitectos.com\/noticias\/#\/schema\/logo\/image\/"},"sameAs":["https:\/\/facebook.com\/Colegioarq\/","https:\/\/x.com\/colegioarq","https:\/\/instagram.com\/colegioarq","https:\/\/youtube.com\/@ColegiodeArquitectosdeChile"]},{"@type":"Person","@id":"https:\/\/colegioarquitectos.com\/noticias\/#\/schema\/person\/b6c7e912cd1283c089114093ed09741f","name":"Gabriel Salgado S.","url":"https:\/\/colegioarquitectos.com\/noticias\/?author=1"}]}},"_links":{"self":[{"href":"https:\/\/colegioarquitectos.com\/noticias\/index.php?rest_route=\/wp\/v2\/posts\/15529","targetHints":{"allow":["GET"]}}],"collection":[{"href":"https:\/\/colegioarquitectos.com\/noticias\/index.php?rest_route=\/wp\/v2\/posts"}],"about":[{"href":"https:\/\/colegioarquitectos.com\/noticias\/index.php?rest_route=\/wp\/v2\/types\/post"}],"author":[{"embeddable":true,"href":"https:\/\/colegioarquitectos.com\/noticias\/index.php?rest_route=\/wp\/v2\/users\/1"}],"replies":[{"embeddable":true,"href":"https:\/\/colegioarquitectos.com\/noticias\/index.php?rest_route=%2Fwp%2Fv2%2Fcomments&post=15529"}],"version-history":[{"count":0,"href":"https:\/\/colegioarquitectos.com\/noticias\/index.php?rest_route=\/wp\/v2\/posts\/15529\/revisions"}],"wp:featuredmedia":[{"embeddable":true,"href":"https:\/\/colegioarquitectos.com\/noticias\/index.php?rest_route=\/wp\/v2\/media\/15557"}],"wp:attachment":[{"href":"https:\/\/colegioarquitectos.com\/noticias\/index.php?rest_route=%2Fwp%2Fv2%2Fmedia&parent=15529"}],"wp:term":[{"taxonomy":"category","embeddable":true,"href":"https:\/\/colegioarquitectos.com\/noticias\/index.php?rest_route=%2Fwp%2Fv2%2Fcategories&post=15529"},{"taxonomy":"post_tag","embeddable":true,"href":"https:\/\/colegioarquitectos.com\/noticias\/index.php?rest_route=%2Fwp%2Fv2%2Ftags&post=15529"}],"curies":[{"name":"wp","href":"https:\/\/api.w.org\/{rel}","templated":true}]}}