
{"id":1587,"date":"2012-07-01T18:54:52","date_gmt":"2012-07-01T18:54:52","guid":{"rendered":"http:\/\/colegioarquitectos.com\/noticias\/?p=1587"},"modified":"2012-07-23T17:52:58","modified_gmt":"2012-07-23T17:52:58","slug":"con-gran-afluencia-de-arquitectos-se-realizo-la-charla-tecnica-xipex-impermeabilizacion-por-cristalizacion-sede-colegio-de-arquitectos","status":"publish","type":"post","link":"https:\/\/colegioarquitectos.com\/noticias\/?p=1587","title":{"rendered":"Con gran afluencia de arquitectos se realiz\u00f3 la Charla T\u00e9cnica \u201cXIPEX\u00ae IMPERMEABILIZACI\u00d3N POR CRISTALIZACI\u00d3N\u201d &#8211; Sede Colegio de Arquitectos"},"content":{"rendered":"<p align=\"center\"><strong>Colegio de Arquitectos de Chile y XIPEX\u00ae, a trav\u00e9s del distribuidor exclusivo PROTEX<\/strong><\/p>\n<p><strong>\u00a0<\/strong><\/p>\n<p style=\"text-align: justify;\">Con gran afluencia de arquitectos interesados en conocer esta nueva soluci\u00f3n para la construcci\u00f3n, XIPEX -a trav\u00e9s del distribuidor exclusivo PROTEX CHILE- y Colegio de Arquitectos de Chile presentaron el d\u00eda jueves 12 de julio en la Sede Nacional de la Orden, la Charla T\u00e9cnica XIPEX\u00ae IMPERMEABILIZACI\u00d3N POR CRISTALIZACI\u00d3N.<\/p>\n<p style=\"text-align: justify;\"><strong><\/strong>PROTEX CHILE es el distribuidor exclusivo del destacado impermeabilizante XYPEX\u00ae, reconocido internacionalmente como uno de los m\u00e1s innovadores productos en la construcci\u00f3n. En la ocasi\u00f3n, los expositores presentaron la empresa, su misi\u00f3n y trabajo, dando cuenta en forma muy clara y did\u00e1ctica de las destacadas caracter\u00edsticas del producto y su utilizaci\u00f3n.<\/p>\n<p style=\"text-align: justify;\">PK Chile es una compa\u00f1\u00eda perteneciente a un grupo empresarial presente en gran parte de Latinoam\u00e9rica y el Caribe, participando en los mercados de la industria y la construcci\u00f3n. Sus mayores desaf\u00edos son enfrentar y satisfacer las necesidades de protecci\u00f3n y preservaci\u00f3n de estructuras e instalaciones en todo tipo de industria y construcci\u00f3n, que est\u00e9n o vayan a estar sometidas al deterioro por la acci\u00f3n del medio ambiente,\u00a0 procesos o al desgaste por uso, elevando su vida \u00fatil. En este marco, los ejecutivos precisaron que \u201cnuestra organizaci\u00f3n centra su quehacer en la asesor\u00eda y b\u00fasqueda de soluciones a la medida de nuestros clientes basados en la experiencia e innovaci\u00f3n tecnol\u00f3gica, ser un actor importante en la industria y construcci\u00f3n aportando el mejor servicio de asesoramiento para la selecci\u00f3n de la mejor combinaci\u00f3n producto \u2013 servicio \u2013 resultado\u201d.<\/p>\n<p style=\"text-align: justify;\">En esta oportunidad, se present\u00f3 el producto XIPEX\u00ae IMPERMEABILIZACI\u00d3N POR CRISTALIZACI\u00d3N, el cual es un tratamiento qu\u00edmico \u00fanico para la impermeabilizaci\u00f3n, protecci\u00f3n y mejoramiento del concreto. Entre sus caracter\u00edsticas m\u00e1s destacadas y que lo hacen la mejor opci\u00f3n para los profesionales de la construcci\u00f3n en sus proyectos, se encuentran las siguientes: tratamiento qu\u00edmico \u00fanico para impermeabilizaci\u00f3n y reparaci\u00f3n del concreto; sella el concreto e impide la penetraci\u00f3n de l\u00edquidos desde cualquier direcci\u00f3n, a\u00fan en presencia de presi\u00f3n hidrost\u00e1tica; proporciona resistencia al ataque de qu\u00edmicos agresivos; protege al concreto en ambientes agresivos, y aumenta la durabilidad del concreto, no presentando deterioro en el tiempo.<\/p>\n<p style=\"text-align: justify;\"><a href=\"http:\/\/colegioarquitectos.com\/noticias\/wp-content\/uploads\/2012\/07\/DSC06516.jpg\"><img loading=\"lazy\" decoding=\"async\" class=\"alignnone size-full wp-image-1588\" title=\"DSC06516\" src=\"http:\/\/colegioarquitectos.com\/noticias\/wp-content\/uploads\/2012\/07\/DSC06516.jpg\" alt=\"\" width=\"400\" height=\"225\" srcset=\"https:\/\/colegioarquitectos.com\/noticias\/wp-content\/uploads\/2012\/07\/DSC06516.jpg 400w, https:\/\/colegioarquitectos.com\/noticias\/wp-content\/uploads\/2012\/07\/DSC06516-300x168.jpg 300w\" sizes=\"auto, (max-width: 400px) 100vw, 400px\" \/><\/a><\/p>\n<p style=\"text-align: justify;\"><a href=\"http:\/\/colegioarquitectos.com\/noticias\/wp-content\/uploads\/2012\/07\/DSC06520.jpg\"><img loading=\"lazy\" decoding=\"async\" class=\"alignnone size-full wp-image-1589\" title=\"DSC06520\" src=\"http:\/\/colegioarquitectos.com\/noticias\/wp-content\/uploads\/2012\/07\/DSC06520.jpg\" alt=\"\" width=\"400\" height=\"225\" srcset=\"https:\/\/colegioarquitectos.com\/noticias\/wp-content\/uploads\/2012\/07\/DSC06520.jpg 400w, https:\/\/colegioarquitectos.com\/noticias\/wp-content\/uploads\/2012\/07\/DSC06520-300x168.jpg 300w\" sizes=\"auto, (max-width: 400px) 100vw, 400px\" \/><\/a><\/p>\n<p style=\"text-align: justify;\"><a href=\"http:\/\/colegioarquitectos.com\/noticias\/wp-content\/uploads\/2012\/07\/DSC06521.jpg\"><img loading=\"lazy\" decoding=\"async\" class=\"alignnone size-full wp-image-1590\" title=\"DSC06521\" src=\"http:\/\/colegioarquitectos.com\/noticias\/wp-content\/uploads\/2012\/07\/DSC06521.jpg\" alt=\"\" width=\"400\" height=\"225\" srcset=\"https:\/\/colegioarquitectos.com\/noticias\/wp-content\/uploads\/2012\/07\/DSC06521.jpg 400w, https:\/\/colegioarquitectos.com\/noticias\/wp-content\/uploads\/2012\/07\/DSC06521-300x168.jpg 300w\" sizes=\"auto, (max-width: 400px) 100vw, 400px\" \/><\/a><\/p>\n<p style=\"text-align: justify;\"><a href=\"http:\/\/colegioarquitectos.com\/noticias\/wp-content\/uploads\/2012\/07\/DSC06535.jpg\"><img loading=\"lazy\" decoding=\"async\" class=\"alignnone size-full wp-image-1591\" title=\"DSC06535\" src=\"http:\/\/colegioarquitectos.com\/noticias\/wp-content\/uploads\/2012\/07\/DSC06535.jpg\" alt=\"\" width=\"400\" height=\"225\" srcset=\"https:\/\/colegioarquitectos.com\/noticias\/wp-content\/uploads\/2012\/07\/DSC06535.jpg 400w, https:\/\/colegioarquitectos.com\/noticias\/wp-content\/uploads\/2012\/07\/DSC06535-300x168.jpg 300w\" sizes=\"auto, (max-width: 400px) 100vw, 400px\" \/><\/a><\/p>\n<p style=\"text-align: justify;\"><a href=\"http:\/\/colegioarquitectos.com\/noticias\/wp-content\/uploads\/2012\/07\/DSC06543.jpg\"><img loading=\"lazy\" decoding=\"async\" class=\"alignnone size-full wp-image-1592\" title=\"DSC06543\" src=\"http:\/\/colegioarquitectos.com\/noticias\/wp-content\/uploads\/2012\/07\/DSC06543.jpg\" alt=\"\" width=\"400\" height=\"225\" srcset=\"https:\/\/colegioarquitectos.com\/noticias\/wp-content\/uploads\/2012\/07\/DSC06543.jpg 400w, https:\/\/colegioarquitectos.com\/noticias\/wp-content\/uploads\/2012\/07\/DSC06543-300x168.jpg 300w\" sizes=\"auto, (max-width: 400px) 100vw, 400px\" \/><\/a><\/p>\n<p style=\"text-align: justify;\"><a href=\"http:\/\/colegioarquitectos.com\/noticias\/wp-content\/uploads\/2012\/07\/DSC06545.jpg\"><img loading=\"lazy\" decoding=\"async\" class=\"alignnone size-full wp-image-1593\" title=\"DSC06545\" src=\"http:\/\/colegioarquitectos.com\/noticias\/wp-content\/uploads\/2012\/07\/DSC06545.jpg\" alt=\"\" width=\"400\" height=\"225\" srcset=\"https:\/\/colegioarquitectos.com\/noticias\/wp-content\/uploads\/2012\/07\/DSC06545.jpg 400w, https:\/\/colegioarquitectos.com\/noticias\/wp-content\/uploads\/2012\/07\/DSC06545-300x168.jpg 300w\" sizes=\"auto, (max-width: 400px) 100vw, 400px\" \/><\/a><\/p>\n<p style=\"text-align: justify;\"><a href=\"http:\/\/colegioarquitectos.com\/noticias\/wp-content\/uploads\/2012\/07\/DSC06554.jpg\"><img loading=\"lazy\" decoding=\"async\" class=\"alignnone size-full wp-image-1594\" title=\"DSC06554\" src=\"http:\/\/colegioarquitectos.com\/noticias\/wp-content\/uploads\/2012\/07\/DSC06554.jpg\" alt=\"\" width=\"400\" height=\"225\" srcset=\"https:\/\/colegioarquitectos.com\/noticias\/wp-content\/uploads\/2012\/07\/DSC06554.jpg 400w, https:\/\/colegioarquitectos.com\/noticias\/wp-content\/uploads\/2012\/07\/DSC06554-300x168.jpg 300w\" sizes=\"auto, (max-width: 400px) 100vw, 400px\" \/><\/a><\/p>\n<p style=\"text-align: justify;\"><strong><br \/>\n<\/strong><\/p>\n<p style=\"text-align: justify;\"><strong>\u00a0<\/strong><\/p>\n<p><\/p>","protected":false},"excerpt":{"rendered":"<p>Colegio de Arquitectos de Chile y XIPEX\u00ae, a trav\u00e9s del distribuidor exclusivo PROTEX \u00a0 Con gran afluencia de arquitectos interesados en conocer esta nueva soluci\u00f3n para la construcci\u00f3n, XIPEX -a trav\u00e9s del distribuidor exclusivo PROTEX CHILE- y Colegio de Arquitectos &hellip; <a class=\"more-link\" href=\"https:\/\/colegioarquitectos.com\/noticias\/?p=1587\">ver m\u00e1s<\/a><\/p>","protected":false},"author":1,"featured_media":0,"comment_status":"open","ping_status":"open","sticky":false,"template":"","format":"standard","meta":{"footnotes":""},"categories":[19,8],"tags":[],"class_list":["post-1587","post","type-post","status-publish","format-standard","hentry","category-actividades","category-colegio-de-arquitectos"],"yoast_head":"<!-- This site is optimized with the Yoast SEO plugin v24.2 - https:\/\/yoast.com\/wordpress\/plugins\/seo\/ -->\n<title>Con gran afluencia de arquitectos se realiz\u00f3 la Charla T\u00e9cnica \u201cXIPEX\u00ae IMPERMEABILIZACI\u00d3N POR CRISTALIZACI\u00d3N\u201d - Sede Colegio de Arquitectos - COLEGIO DE ARQUITECTOS DE CHILE<\/title>\n<meta name=\"robots\" content=\"index, follow, max-snippet:-1, max-image-preview:large, max-video-preview:-1\" \/>\n<link rel=\"canonical\" href=\"https:\/\/colegioarquitectos.com\/noticias\/?p=1587\" \/>\n<meta property=\"og:locale\" content=\"es_ES\" \/>\n<meta property=\"og:type\" content=\"article\" \/>\n<meta property=\"og:title\" content=\"Con gran afluencia de arquitectos se realiz\u00f3 la Charla T\u00e9cnica \u201cXIPEX\u00ae IMPERMEABILIZACI\u00d3N POR CRISTALIZACI\u00d3N\u201d - Sede Colegio de Arquitectos - COLEGIO DE ARQUITECTOS DE CHILE\" \/>\n<meta property=\"og:description\" content=\"Colegio de Arquitectos de Chile y XIPEX\u00ae, a trav\u00e9s del distribuidor exclusivo PROTEX \u00a0 Con gran afluencia de arquitectos interesados en conocer esta nueva soluci\u00f3n para la construcci\u00f3n, XIPEX -a trav\u00e9s del distribuidor exclusivo PROTEX CHILE- y Colegio de Arquitectos &hellip; ver m\u00e1s\" \/>\n<meta property=\"og:url\" content=\"https:\/\/colegioarquitectos.com\/noticias\/?p=1587\" \/>\n<meta property=\"og:site_name\" content=\"COLEGIO DE ARQUITECTOS DE CHILE\" \/>\n<meta property=\"article:publisher\" content=\"https:\/\/facebook.com\/Colegioarq\/\" \/>\n<meta property=\"article:published_time\" content=\"2012-07-01T18:54:52+00:00\" \/>\n<meta property=\"article:modified_time\" content=\"2012-07-23T17:52:58+00:00\" \/>\n<meta property=\"og:image\" content=\"http:\/\/colegioarquitectos.com\/noticias\/wp-content\/uploads\/2012\/07\/DSC06516.jpg\" \/>\n<meta name=\"author\" content=\"Gabriel Salgado S.\" \/>\n<meta name=\"twitter:card\" content=\"summary_large_image\" \/>\n<meta name=\"twitter:creator\" content=\"@colegioarq\" \/>\n<meta name=\"twitter:site\" content=\"@colegioarq\" \/>\n<meta name=\"twitter:label1\" content=\"Escrito por\" \/>\n\t<meta name=\"twitter:data1\" content=\"Gabriel Salgado S.\" \/>\n\t<meta name=\"twitter:label2\" content=\"Tiempo de lectura\" \/>\n\t<meta name=\"twitter:data2\" content=\"2 minutos\" \/>\n<script type=\"application\/ld+json\" class=\"yoast-schema-graph\">{\"@context\":\"https:\/\/schema.org\",\"@graph\":[{\"@type\":\"Article\",\"@id\":\"https:\/\/colegioarquitectos.com\/noticias\/?p=1587#article\",\"isPartOf\":{\"@id\":\"https:\/\/colegioarquitectos.com\/noticias\/?p=1587\"},\"author\":{\"name\":\"Gabriel Salgado S.\",\"@id\":\"https:\/\/colegioarquitectos.com\/noticias\/#\/schema\/person\/b6c7e912cd1283c089114093ed09741f\"},\"headline\":\"Con gran afluencia de arquitectos se realiz\u00f3 la Charla T\u00e9cnica \u201cXIPEX\u00ae IMPERMEABILIZACI\u00d3N POR CRISTALIZACI\u00d3N\u201d &#8211; Sede Colegio de Arquitectos\",\"datePublished\":\"2012-07-01T18:54:52+00:00\",\"dateModified\":\"2012-07-23T17:52:58+00:00\",\"mainEntityOfPage\":{\"@id\":\"https:\/\/colegioarquitectos.com\/noticias\/?p=1587\"},\"wordCount\":423,\"commentCount\":0,\"publisher\":{\"@id\":\"https:\/\/colegioarquitectos.com\/noticias\/#organization\"},\"image\":{\"@id\":\"https:\/\/colegioarquitectos.com\/noticias\/?p=1587#primaryimage\"},\"thumbnailUrl\":\"http:\/\/colegioarquitectos.com\/noticias\/wp-content\/uploads\/2012\/07\/DSC06516.jpg\",\"articleSection\":[\"Actividades\",\"Colegio\"],\"inLanguage\":\"es\",\"potentialAction\":[{\"@type\":\"CommentAction\",\"name\":\"Comment\",\"target\":[\"https:\/\/colegioarquitectos.com\/noticias\/?p=1587#respond\"]}]},{\"@type\":\"WebPage\",\"@id\":\"https:\/\/colegioarquitectos.com\/noticias\/?p=1587\",\"url\":\"https:\/\/colegioarquitectos.com\/noticias\/?p=1587\",\"name\":\"Con gran afluencia de arquitectos se realiz\u00f3 la Charla T\u00e9cnica \u201cXIPEX\u00ae IMPERMEABILIZACI\u00d3N POR CRISTALIZACI\u00d3N\u201d - Sede Colegio de Arquitectos - COLEGIO DE ARQUITECTOS DE CHILE\",\"isPartOf\":{\"@id\":\"https:\/\/colegioarquitectos.com\/noticias\/#website\"},\"primaryImageOfPage\":{\"@id\":\"https:\/\/colegioarquitectos.com\/noticias\/?p=1587#primaryimage\"},\"image\":{\"@id\":\"https:\/\/colegioarquitectos.com\/noticias\/?p=1587#primaryimage\"},\"thumbnailUrl\":\"http:\/\/colegioarquitectos.com\/noticias\/wp-content\/uploads\/2012\/07\/DSC06516.jpg\",\"datePublished\":\"2012-07-01T18:54:52+00:00\",\"dateModified\":\"2012-07-23T17:52:58+00:00\",\"breadcrumb\":{\"@id\":\"https:\/\/colegioarquitectos.com\/noticias\/?p=1587#breadcrumb\"},\"inLanguage\":\"es\",\"potentialAction\":[{\"@type\":\"ReadAction\",\"target\":[\"https:\/\/colegioarquitectos.com\/noticias\/?p=1587\"]}]},{\"@type\":\"ImageObject\",\"inLanguage\":\"es\",\"@id\":\"https:\/\/colegioarquitectos.com\/noticias\/?p=1587#primaryimage\",\"url\":\"http:\/\/colegioarquitectos.com\/noticias\/wp-content\/uploads\/2012\/07\/DSC06516.jpg\",\"contentUrl\":\"http:\/\/colegioarquitectos.com\/noticias\/wp-content\/uploads\/2012\/07\/DSC06516.jpg\"},{\"@type\":\"BreadcrumbList\",\"@id\":\"https:\/\/colegioarquitectos.com\/noticias\/?p=1587#breadcrumb\",\"itemListElement\":[{\"@type\":\"ListItem\",\"position\":1,\"name\":\"Portada\",\"item\":\"https:\/\/colegioarquitectos.com\/noticias\"},{\"@type\":\"ListItem\",\"position\":2,\"name\":\"Con gran afluencia de arquitectos se realiz\u00f3 la Charla T\u00e9cnica \u201cXIPEX\u00ae IMPERMEABILIZACI\u00d3N POR CRISTALIZACI\u00d3N\u201d &#8211; Sede Colegio de Arquitectos\"}]},{\"@type\":\"WebSite\",\"@id\":\"https:\/\/colegioarquitectos.com\/noticias\/#website\",\"url\":\"https:\/\/colegioarquitectos.com\/noticias\/\",\"name\":\"COLEGIO DE ARQUITECTOS DE CHILE\",\"description\":\"\",\"publisher\":{\"@id\":\"https:\/\/colegioarquitectos.com\/noticias\/#organization\"},\"potentialAction\":[{\"@type\":\"SearchAction\",\"target\":{\"@type\":\"EntryPoint\",\"urlTemplate\":\"https:\/\/colegioarquitectos.com\/noticias\/?s={search_term_string}\"},\"query-input\":{\"@type\":\"PropertyValueSpecification\",\"valueRequired\":true,\"valueName\":\"search_term_string\"}}],\"inLanguage\":\"es\"},{\"@type\":\"Organization\",\"@id\":\"https:\/\/colegioarquitectos.com\/noticias\/#organization\",\"name\":\"COLEGIO DE ARQUITECTOS DE CHILE\",\"url\":\"https:\/\/colegioarquitectos.com\/noticias\/\",\"logo\":{\"@type\":\"ImageObject\",\"inLanguage\":\"es\",\"@id\":\"https:\/\/colegioarquitectos.com\/noticias\/#\/schema\/logo\/image\/\",\"url\":\"https:\/\/colegioarquitectos.com\/noticias\/wp-content\/uploads\/2021\/05\/ENCABEZADO-LOGO-CA.jpg\",\"contentUrl\":\"https:\/\/colegioarquitectos.com\/noticias\/wp-content\/uploads\/2021\/05\/ENCABEZADO-LOGO-CA.jpg\",\"width\":690,\"height\":350,\"caption\":\"COLEGIO DE ARQUITECTOS DE CHILE\"},\"image\":{\"@id\":\"https:\/\/colegioarquitectos.com\/noticias\/#\/schema\/logo\/image\/\"},\"sameAs\":[\"https:\/\/facebook.com\/Colegioarq\/\",\"https:\/\/x.com\/colegioarq\",\"https:\/\/instagram.com\/colegioarq\",\"https:\/\/youtube.com\/@ColegiodeArquitectosdeChile\"]},{\"@type\":\"Person\",\"@id\":\"https:\/\/colegioarquitectos.com\/noticias\/#\/schema\/person\/b6c7e912cd1283c089114093ed09741f\",\"name\":\"Gabriel Salgado S.\",\"url\":\"https:\/\/colegioarquitectos.com\/noticias\/?author=1\"}]}<\/script>\n<!-- \/ Yoast SEO plugin. -->","yoast_head_json":{"title":"Con gran afluencia de arquitectos se realiz\u00f3 la Charla T\u00e9cnica \u201cXIPEX\u00ae IMPERMEABILIZACI\u00d3N POR CRISTALIZACI\u00d3N\u201d - Sede Colegio de Arquitectos - COLEGIO DE ARQUITECTOS DE CHILE","robots":{"index":"index","follow":"follow","max-snippet":"max-snippet:-1","max-image-preview":"max-image-preview:large","max-video-preview":"max-video-preview:-1"},"canonical":"https:\/\/colegioarquitectos.com\/noticias\/?p=1587","og_locale":"es_ES","og_type":"article","og_title":"Con gran afluencia de arquitectos se realiz\u00f3 la Charla T\u00e9cnica \u201cXIPEX\u00ae IMPERMEABILIZACI\u00d3N POR CRISTALIZACI\u00d3N\u201d - Sede Colegio de Arquitectos - COLEGIO DE ARQUITECTOS DE CHILE","og_description":"Colegio de Arquitectos de Chile y XIPEX\u00ae, a trav\u00e9s del distribuidor exclusivo PROTEX \u00a0 Con gran afluencia de arquitectos interesados en conocer esta nueva soluci\u00f3n para la construcci\u00f3n, XIPEX -a trav\u00e9s del distribuidor exclusivo PROTEX CHILE- y Colegio de Arquitectos &hellip; ver m\u00e1s","og_url":"https:\/\/colegioarquitectos.com\/noticias\/?p=1587","og_site_name":"COLEGIO DE ARQUITECTOS DE CHILE","article_publisher":"https:\/\/facebook.com\/Colegioarq\/","article_published_time":"2012-07-01T18:54:52+00:00","article_modified_time":"2012-07-23T17:52:58+00:00","og_image":[{"url":"http:\/\/colegioarquitectos.com\/noticias\/wp-content\/uploads\/2012\/07\/DSC06516.jpg","type":"","width":"","height":""}],"author":"Gabriel Salgado S.","twitter_card":"summary_large_image","twitter_creator":"@colegioarq","twitter_site":"@colegioarq","twitter_misc":{"Escrito por":"Gabriel Salgado S.","Tiempo de lectura":"2 minutos"},"schema":{"@context":"https:\/\/schema.org","@graph":[{"@type":"Article","@id":"https:\/\/colegioarquitectos.com\/noticias\/?p=1587#article","isPartOf":{"@id":"https:\/\/colegioarquitectos.com\/noticias\/?p=1587"},"author":{"name":"Gabriel Salgado S.","@id":"https:\/\/colegioarquitectos.com\/noticias\/#\/schema\/person\/b6c7e912cd1283c089114093ed09741f"},"headline":"Con gran afluencia de arquitectos se realiz\u00f3 la Charla T\u00e9cnica \u201cXIPEX\u00ae IMPERMEABILIZACI\u00d3N POR CRISTALIZACI\u00d3N\u201d &#8211; Sede Colegio de Arquitectos","datePublished":"2012-07-01T18:54:52+00:00","dateModified":"2012-07-23T17:52:58+00:00","mainEntityOfPage":{"@id":"https:\/\/colegioarquitectos.com\/noticias\/?p=1587"},"wordCount":423,"commentCount":0,"publisher":{"@id":"https:\/\/colegioarquitectos.com\/noticias\/#organization"},"image":{"@id":"https:\/\/colegioarquitectos.com\/noticias\/?p=1587#primaryimage"},"thumbnailUrl":"http:\/\/colegioarquitectos.com\/noticias\/wp-content\/uploads\/2012\/07\/DSC06516.jpg","articleSection":["Actividades","Colegio"],"inLanguage":"es","potentialAction":[{"@type":"CommentAction","name":"Comment","target":["https:\/\/colegioarquitectos.com\/noticias\/?p=1587#respond"]}]},{"@type":"WebPage","@id":"https:\/\/colegioarquitectos.com\/noticias\/?p=1587","url":"https:\/\/colegioarquitectos.com\/noticias\/?p=1587","name":"Con gran afluencia de arquitectos se realiz\u00f3 la Charla T\u00e9cnica \u201cXIPEX\u00ae IMPERMEABILIZACI\u00d3N POR CRISTALIZACI\u00d3N\u201d - Sede Colegio de Arquitectos - COLEGIO DE ARQUITECTOS DE CHILE","isPartOf":{"@id":"https:\/\/colegioarquitectos.com\/noticias\/#website"},"primaryImageOfPage":{"@id":"https:\/\/colegioarquitectos.com\/noticias\/?p=1587#primaryimage"},"image":{"@id":"https:\/\/colegioarquitectos.com\/noticias\/?p=1587#primaryimage"},"thumbnailUrl":"http:\/\/colegioarquitectos.com\/noticias\/wp-content\/uploads\/2012\/07\/DSC06516.jpg","datePublished":"2012-07-01T18:54:52+00:00","dateModified":"2012-07-23T17:52:58+00:00","breadcrumb":{"@id":"https:\/\/colegioarquitectos.com\/noticias\/?p=1587#breadcrumb"},"inLanguage":"es","potentialAction":[{"@type":"ReadAction","target":["https:\/\/colegioarquitectos.com\/noticias\/?p=1587"]}]},{"@type":"ImageObject","inLanguage":"es","@id":"https:\/\/colegioarquitectos.com\/noticias\/?p=1587#primaryimage","url":"http:\/\/colegioarquitectos.com\/noticias\/wp-content\/uploads\/2012\/07\/DSC06516.jpg","contentUrl":"http:\/\/colegioarquitectos.com\/noticias\/wp-content\/uploads\/2012\/07\/DSC06516.jpg"},{"@type":"BreadcrumbList","@id":"https:\/\/colegioarquitectos.com\/noticias\/?p=1587#breadcrumb","itemListElement":[{"@type":"ListItem","position":1,"name":"Portada","item":"https:\/\/colegioarquitectos.com\/noticias"},{"@type":"ListItem","position":2,"name":"Con gran afluencia de arquitectos se realiz\u00f3 la Charla T\u00e9cnica \u201cXIPEX\u00ae IMPERMEABILIZACI\u00d3N POR CRISTALIZACI\u00d3N\u201d &#8211; Sede Colegio de Arquitectos"}]},{"@type":"WebSite","@id":"https:\/\/colegioarquitectos.com\/noticias\/#website","url":"https:\/\/colegioarquitectos.com\/noticias\/","name":"COLEGIO DE ARQUITECTOS DE CHILE","description":"","publisher":{"@id":"https:\/\/colegioarquitectos.com\/noticias\/#organization"},"potentialAction":[{"@type":"SearchAction","target":{"@type":"EntryPoint","urlTemplate":"https:\/\/colegioarquitectos.com\/noticias\/?s={search_term_string}"},"query-input":{"@type":"PropertyValueSpecification","valueRequired":true,"valueName":"search_term_string"}}],"inLanguage":"es"},{"@type":"Organization","@id":"https:\/\/colegioarquitectos.com\/noticias\/#organization","name":"COLEGIO DE ARQUITECTOS DE CHILE","url":"https:\/\/colegioarquitectos.com\/noticias\/","logo":{"@type":"ImageObject","inLanguage":"es","@id":"https:\/\/colegioarquitectos.com\/noticias\/#\/schema\/logo\/image\/","url":"https:\/\/colegioarquitectos.com\/noticias\/wp-content\/uploads\/2021\/05\/ENCABEZADO-LOGO-CA.jpg","contentUrl":"https:\/\/colegioarquitectos.com\/noticias\/wp-content\/uploads\/2021\/05\/ENCABEZADO-LOGO-CA.jpg","width":690,"height":350,"caption":"COLEGIO DE ARQUITECTOS DE CHILE"},"image":{"@id":"https:\/\/colegioarquitectos.com\/noticias\/#\/schema\/logo\/image\/"},"sameAs":["https:\/\/facebook.com\/Colegioarq\/","https:\/\/x.com\/colegioarq","https:\/\/instagram.com\/colegioarq","https:\/\/youtube.com\/@ColegiodeArquitectosdeChile"]},{"@type":"Person","@id":"https:\/\/colegioarquitectos.com\/noticias\/#\/schema\/person\/b6c7e912cd1283c089114093ed09741f","name":"Gabriel Salgado S.","url":"https:\/\/colegioarquitectos.com\/noticias\/?author=1"}]}},"_links":{"self":[{"href":"https:\/\/colegioarquitectos.com\/noticias\/index.php?rest_route=\/wp\/v2\/posts\/1587","targetHints":{"allow":["GET"]}}],"collection":[{"href":"https:\/\/colegioarquitectos.com\/noticias\/index.php?rest_route=\/wp\/v2\/posts"}],"about":[{"href":"https:\/\/colegioarquitectos.com\/noticias\/index.php?rest_route=\/wp\/v2\/types\/post"}],"author":[{"embeddable":true,"href":"https:\/\/colegioarquitectos.com\/noticias\/index.php?rest_route=\/wp\/v2\/users\/1"}],"replies":[{"embeddable":true,"href":"https:\/\/colegioarquitectos.com\/noticias\/index.php?rest_route=%2Fwp%2Fv2%2Fcomments&post=1587"}],"version-history":[{"count":0,"href":"https:\/\/colegioarquitectos.com\/noticias\/index.php?rest_route=\/wp\/v2\/posts\/1587\/revisions"}],"wp:attachment":[{"href":"https:\/\/colegioarquitectos.com\/noticias\/index.php?rest_route=%2Fwp%2Fv2%2Fmedia&parent=1587"}],"wp:term":[{"taxonomy":"category","embeddable":true,"href":"https:\/\/colegioarquitectos.com\/noticias\/index.php?rest_route=%2Fwp%2Fv2%2Fcategories&post=1587"},{"taxonomy":"post_tag","embeddable":true,"href":"https:\/\/colegioarquitectos.com\/noticias\/index.php?rest_route=%2Fwp%2Fv2%2Ftags&post=1587"}],"curies":[{"name":"wp","href":"https:\/\/api.w.org\/{rel}","templated":true}]}}