
{"id":160,"date":"2012-01-05T09:00:03","date_gmt":"2012-01-05T09:00:03","guid":{"rendered":"http:\/\/colegioarquitectos.com\/noticias\/?p=160"},"modified":"2012-01-05T13:03:14","modified_gmt":"2012-01-05T13:03:14","slug":"solidaridad-y-preocupacion-declaracion-del-comite-de-habitat-y-vivienda-colegio-de-arquitectos-de-chile","status":"publish","type":"post","link":"https:\/\/colegioarquitectos.com\/noticias\/?p=160","title":{"rendered":"\u00abSolidaridad y preocupaci\u00f3n\u00bb. Declaraci\u00f3n del Comit\u00e9 de H\u00e1bitat y Vivienda &#8211; Colegio de Arquitectos de Chile"},"content":{"rendered":"<p>&nbsp;<\/p>\n<p>Vivimos en ciudades marcadas por una inequidad urbana b\u00e1sica: ni los gobiernos ni el mercado han sido capaces de proveer viviendas ni entornos adecuados para las personas de bajos ingresos. M\u00e1s a\u00fan, con las pol\u00edticas cuantitativas de vivienda social y la inexistencia de planificaci\u00f3n y de pol\u00edtica urbana \u2013incluida la carencia de gesti\u00f3n p\u00fablica de suelo con fines habitacionales- hemos reproducido y aumentado la inequidad, gracias a la masiva construcci\u00f3n de viviendas de m\u00ednimo est\u00e1ndar en nuestras periferias.<\/p>\n<p>Pensamos que la ciudad es un artefacto colectivo en cuya creaci\u00f3n los ciudadanos tienen derecho a intervenir activamente, no solo respecto a lo existente sino a lo que puede llegar a ser; a definir lo que queremos y esperamos de la ciudad. En esa direcci\u00f3n, vemos a los ciudadanos como agentes activos de construcci\u00f3n y desarrollo de las pol\u00edticas urbanas y no como meros receptores pasivos de las mismas.<\/p>\n<p>Por ello, valoramos y solidarizamos con los procesos de autogesti\u00f3n adelantados por movimientos como el Movimiento de Pobladores en Lucha (MPL) y sus Inmuebles Recuperados por Autogesti\u00f3n (IRA) en la medida que representan nuevas modalidades propositivas para participar en la gesti\u00f3n urbana, para disminuir las inequidades urbanas y para hacer efectivo el derecho de permanecer en la comuna de Santiago.\u00a0 Estas experiencias nos demuestran que existe capacidad de encuentro de intereses comunes y no excluyentes que permiten construir identidades comunes y esa idea de ciudad que queremos desde una nueva noci\u00f3n de lo com\u00fan, lo p\u00fablico y el derecho a la ciudad.<\/p>\n<p>Nos preocupa que pese a que desde varios meses atr\u00e1s estar\u00eda operando una mesa de di\u00e1logo y negociaci\u00f3n con SERVIU y el Ministerio de Bienes Nacionales, este \u00faltimo ha conminado a los pobladores ocupantes de IRA a abandonar las propiedades, que ser\u00edan licitadas a empresas inmobiliarias y no vendidas a sus actuales ocupantes para desarrollar un programa de vivienda social.<\/p>\n<p>Esta actitud no se condice con la pr\u00e1ctica habitual de dicho ministerio que ha cedido innumerable cantidad de inmuebles y propiedades de todas las chilenas y chilenos a intereses particulares e individuales y, sin embargo, pone reparos cuando se trata de un inter\u00e9s colectivo como el de los vecinos que han recuperado con su esfuerzo y su trabajo voluntario inmuebles que estaban en completo abandono y semi-destrucci\u00f3n.<\/p>\n<p>Instamos al Ministerio de Bienes Nacionales y al MINVU a continuar con las conversaciones de la mesa y a perseverar en la b\u00fasqueda de soluciones que pongan en pr\u00e1ctica el discurso del Presidente de la Rep\u00fablica cuando anuncia que no s\u00f3lo lo econ\u00f3mico es importante sino que los ciudadanos deben ser defendidos.<\/p>\n<p><strong><em>Comit\u00e9 de H\u00e1bitat y Vivienda\u00a0 &#8211; Colegio de Arquitectos de Chile<\/em><\/strong><\/p>\n<p><strong><em>Santiago, 4 de enero 2012<\/em><\/strong><strong><em><\/em><\/strong><\/p>\n<p><\/p>","protected":false},"excerpt":{"rendered":"<p>&nbsp; Vivimos en ciudades marcadas por una inequidad urbana b\u00e1sica: ni los gobiernos ni el mercado han sido capaces de proveer viviendas ni entornos adecuados para las personas de bajos ingresos. M\u00e1s a\u00fan, con las pol\u00edticas cuantitativas de vivienda social &hellip; <a class=\"more-link\" href=\"https:\/\/colegioarquitectos.com\/noticias\/?p=160\">ver m\u00e1s<\/a><\/p>","protected":false},"author":1,"featured_media":0,"comment_status":"open","ping_status":"open","sticky":false,"template":"","format":"standard","meta":{"footnotes":""},"categories":[8,9,7],"tags":[],"class_list":["post-160","post","type-post","status-publish","format-standard","hentry","category-colegio-de-arquitectos","category-comites","category-declaraciones"],"yoast_head":"<!-- This site is optimized with the Yoast SEO plugin v24.2 - https:\/\/yoast.com\/wordpress\/plugins\/seo\/ -->\n<title>&quot;Solidaridad y preocupaci\u00f3n&quot;. Declaraci\u00f3n del Comit\u00e9 de H\u00e1bitat y Vivienda - Colegio de Arquitectos de Chile - COLEGIO DE ARQUITECTOS DE CHILE<\/title>\n<meta name=\"robots\" content=\"index, follow, max-snippet:-1, max-image-preview:large, max-video-preview:-1\" \/>\n<link rel=\"canonical\" href=\"https:\/\/colegioarquitectos.com\/noticias\/?p=160\" \/>\n<meta property=\"og:locale\" content=\"es_ES\" \/>\n<meta property=\"og:type\" content=\"article\" \/>\n<meta property=\"og:title\" content=\"&quot;Solidaridad y preocupaci\u00f3n&quot;. Declaraci\u00f3n del Comit\u00e9 de H\u00e1bitat y Vivienda - Colegio de Arquitectos de Chile - COLEGIO DE ARQUITECTOS DE CHILE\" \/>\n<meta property=\"og:description\" content=\"&nbsp; Vivimos en ciudades marcadas por una inequidad urbana b\u00e1sica: ni los gobiernos ni el mercado han sido capaces de proveer viviendas ni entornos adecuados para las personas de bajos ingresos. M\u00e1s a\u00fan, con las pol\u00edticas cuantitativas de vivienda social &hellip; ver m\u00e1s\" \/>\n<meta property=\"og:url\" content=\"https:\/\/colegioarquitectos.com\/noticias\/?p=160\" \/>\n<meta property=\"og:site_name\" content=\"COLEGIO DE ARQUITECTOS DE CHILE\" \/>\n<meta property=\"article:publisher\" content=\"https:\/\/facebook.com\/Colegioarq\/\" \/>\n<meta property=\"article:published_time\" content=\"2012-01-05T09:00:03+00:00\" \/>\n<meta property=\"article:modified_time\" content=\"2012-01-05T13:03:14+00:00\" \/>\n<meta name=\"author\" content=\"Gabriel Salgado S.\" \/>\n<meta name=\"twitter:card\" content=\"summary_large_image\" \/>\n<meta name=\"twitter:creator\" content=\"@colegioarq\" \/>\n<meta name=\"twitter:site\" content=\"@colegioarq\" \/>\n<meta name=\"twitter:label1\" content=\"Escrito por\" \/>\n\t<meta name=\"twitter:data1\" content=\"Gabriel Salgado S.\" \/>\n\t<meta name=\"twitter:label2\" content=\"Tiempo de lectura\" \/>\n\t<meta name=\"twitter:data2\" content=\"2 minutos\" \/>\n<script type=\"application\/ld+json\" class=\"yoast-schema-graph\">{\"@context\":\"https:\/\/schema.org\",\"@graph\":[{\"@type\":\"Article\",\"@id\":\"https:\/\/colegioarquitectos.com\/noticias\/?p=160#article\",\"isPartOf\":{\"@id\":\"https:\/\/colegioarquitectos.com\/noticias\/?p=160\"},\"author\":{\"name\":\"Gabriel Salgado S.\",\"@id\":\"https:\/\/colegioarquitectos.com\/noticias\/#\/schema\/person\/b6c7e912cd1283c089114093ed09741f\"},\"headline\":\"\u00abSolidaridad y preocupaci\u00f3n\u00bb. Declaraci\u00f3n del Comit\u00e9 de H\u00e1bitat y Vivienda &#8211; Colegio de Arquitectos de Chile\",\"datePublished\":\"2012-01-05T09:00:03+00:00\",\"dateModified\":\"2012-01-05T13:03:14+00:00\",\"mainEntityOfPage\":{\"@id\":\"https:\/\/colegioarquitectos.com\/noticias\/?p=160\"},\"wordCount\":497,\"commentCount\":2,\"publisher\":{\"@id\":\"https:\/\/colegioarquitectos.com\/noticias\/#organization\"},\"articleSection\":[\"Colegio\",\"Comit\u00e9s\",\"Declaraciones\"],\"inLanguage\":\"es\",\"potentialAction\":[{\"@type\":\"CommentAction\",\"name\":\"Comment\",\"target\":[\"https:\/\/colegioarquitectos.com\/noticias\/?p=160#respond\"]}]},{\"@type\":\"WebPage\",\"@id\":\"https:\/\/colegioarquitectos.com\/noticias\/?p=160\",\"url\":\"https:\/\/colegioarquitectos.com\/noticias\/?p=160\",\"name\":\"\\\"Solidaridad y preocupaci\u00f3n\\\". Declaraci\u00f3n del Comit\u00e9 de H\u00e1bitat y Vivienda - Colegio de Arquitectos de Chile - COLEGIO DE ARQUITECTOS DE CHILE\",\"isPartOf\":{\"@id\":\"https:\/\/colegioarquitectos.com\/noticias\/#website\"},\"datePublished\":\"2012-01-05T09:00:03+00:00\",\"dateModified\":\"2012-01-05T13:03:14+00:00\",\"breadcrumb\":{\"@id\":\"https:\/\/colegioarquitectos.com\/noticias\/?p=160#breadcrumb\"},\"inLanguage\":\"es\",\"potentialAction\":[{\"@type\":\"ReadAction\",\"target\":[\"https:\/\/colegioarquitectos.com\/noticias\/?p=160\"]}]},{\"@type\":\"BreadcrumbList\",\"@id\":\"https:\/\/colegioarquitectos.com\/noticias\/?p=160#breadcrumb\",\"itemListElement\":[{\"@type\":\"ListItem\",\"position\":1,\"name\":\"Portada\",\"item\":\"https:\/\/colegioarquitectos.com\/noticias\"},{\"@type\":\"ListItem\",\"position\":2,\"name\":\"\u00abSolidaridad y preocupaci\u00f3n\u00bb. Declaraci\u00f3n del Comit\u00e9 de H\u00e1bitat y Vivienda &#8211; Colegio de Arquitectos de Chile\"}]},{\"@type\":\"WebSite\",\"@id\":\"https:\/\/colegioarquitectos.com\/noticias\/#website\",\"url\":\"https:\/\/colegioarquitectos.com\/noticias\/\",\"name\":\"COLEGIO DE ARQUITECTOS DE CHILE\",\"description\":\"\",\"publisher\":{\"@id\":\"https:\/\/colegioarquitectos.com\/noticias\/#organization\"},\"potentialAction\":[{\"@type\":\"SearchAction\",\"target\":{\"@type\":\"EntryPoint\",\"urlTemplate\":\"https:\/\/colegioarquitectos.com\/noticias\/?s={search_term_string}\"},\"query-input\":{\"@type\":\"PropertyValueSpecification\",\"valueRequired\":true,\"valueName\":\"search_term_string\"}}],\"inLanguage\":\"es\"},{\"@type\":\"Organization\",\"@id\":\"https:\/\/colegioarquitectos.com\/noticias\/#organization\",\"name\":\"COLEGIO DE ARQUITECTOS DE CHILE\",\"url\":\"https:\/\/colegioarquitectos.com\/noticias\/\",\"logo\":{\"@type\":\"ImageObject\",\"inLanguage\":\"es\",\"@id\":\"https:\/\/colegioarquitectos.com\/noticias\/#\/schema\/logo\/image\/\",\"url\":\"https:\/\/colegioarquitectos.com\/noticias\/wp-content\/uploads\/2021\/05\/ENCABEZADO-LOGO-CA.jpg\",\"contentUrl\":\"https:\/\/colegioarquitectos.com\/noticias\/wp-content\/uploads\/2021\/05\/ENCABEZADO-LOGO-CA.jpg\",\"width\":690,\"height\":350,\"caption\":\"COLEGIO DE ARQUITECTOS DE CHILE\"},\"image\":{\"@id\":\"https:\/\/colegioarquitectos.com\/noticias\/#\/schema\/logo\/image\/\"},\"sameAs\":[\"https:\/\/facebook.com\/Colegioarq\/\",\"https:\/\/x.com\/colegioarq\",\"https:\/\/instagram.com\/colegioarq\",\"https:\/\/youtube.com\/@ColegiodeArquitectosdeChile\"]},{\"@type\":\"Person\",\"@id\":\"https:\/\/colegioarquitectos.com\/noticias\/#\/schema\/person\/b6c7e912cd1283c089114093ed09741f\",\"name\":\"Gabriel Salgado S.\",\"url\":\"https:\/\/colegioarquitectos.com\/noticias\/?author=1\"}]}<\/script>\n<!-- \/ Yoast SEO plugin. -->","yoast_head_json":{"title":"\"Solidaridad y preocupaci\u00f3n\". Declaraci\u00f3n del Comit\u00e9 de H\u00e1bitat y Vivienda - Colegio de Arquitectos de Chile - COLEGIO DE ARQUITECTOS DE CHILE","robots":{"index":"index","follow":"follow","max-snippet":"max-snippet:-1","max-image-preview":"max-image-preview:large","max-video-preview":"max-video-preview:-1"},"canonical":"https:\/\/colegioarquitectos.com\/noticias\/?p=160","og_locale":"es_ES","og_type":"article","og_title":"\"Solidaridad y preocupaci\u00f3n\". Declaraci\u00f3n del Comit\u00e9 de H\u00e1bitat y Vivienda - Colegio de Arquitectos de Chile - COLEGIO DE ARQUITECTOS DE CHILE","og_description":"&nbsp; Vivimos en ciudades marcadas por una inequidad urbana b\u00e1sica: ni los gobiernos ni el mercado han sido capaces de proveer viviendas ni entornos adecuados para las personas de bajos ingresos. M\u00e1s a\u00fan, con las pol\u00edticas cuantitativas de vivienda social &hellip; ver m\u00e1s","og_url":"https:\/\/colegioarquitectos.com\/noticias\/?p=160","og_site_name":"COLEGIO DE ARQUITECTOS DE CHILE","article_publisher":"https:\/\/facebook.com\/Colegioarq\/","article_published_time":"2012-01-05T09:00:03+00:00","article_modified_time":"2012-01-05T13:03:14+00:00","author":"Gabriel Salgado S.","twitter_card":"summary_large_image","twitter_creator":"@colegioarq","twitter_site":"@colegioarq","twitter_misc":{"Escrito por":"Gabriel Salgado S.","Tiempo de lectura":"2 minutos"},"schema":{"@context":"https:\/\/schema.org","@graph":[{"@type":"Article","@id":"https:\/\/colegioarquitectos.com\/noticias\/?p=160#article","isPartOf":{"@id":"https:\/\/colegioarquitectos.com\/noticias\/?p=160"},"author":{"name":"Gabriel Salgado S.","@id":"https:\/\/colegioarquitectos.com\/noticias\/#\/schema\/person\/b6c7e912cd1283c089114093ed09741f"},"headline":"\u00abSolidaridad y preocupaci\u00f3n\u00bb. Declaraci\u00f3n del Comit\u00e9 de H\u00e1bitat y Vivienda &#8211; Colegio de Arquitectos de Chile","datePublished":"2012-01-05T09:00:03+00:00","dateModified":"2012-01-05T13:03:14+00:00","mainEntityOfPage":{"@id":"https:\/\/colegioarquitectos.com\/noticias\/?p=160"},"wordCount":497,"commentCount":2,"publisher":{"@id":"https:\/\/colegioarquitectos.com\/noticias\/#organization"},"articleSection":["Colegio","Comit\u00e9s","Declaraciones"],"inLanguage":"es","potentialAction":[{"@type":"CommentAction","name":"Comment","target":["https:\/\/colegioarquitectos.com\/noticias\/?p=160#respond"]}]},{"@type":"WebPage","@id":"https:\/\/colegioarquitectos.com\/noticias\/?p=160","url":"https:\/\/colegioarquitectos.com\/noticias\/?p=160","name":"\"Solidaridad y preocupaci\u00f3n\". Declaraci\u00f3n del Comit\u00e9 de H\u00e1bitat y Vivienda - Colegio de Arquitectos de Chile - COLEGIO DE ARQUITECTOS DE CHILE","isPartOf":{"@id":"https:\/\/colegioarquitectos.com\/noticias\/#website"},"datePublished":"2012-01-05T09:00:03+00:00","dateModified":"2012-01-05T13:03:14+00:00","breadcrumb":{"@id":"https:\/\/colegioarquitectos.com\/noticias\/?p=160#breadcrumb"},"inLanguage":"es","potentialAction":[{"@type":"ReadAction","target":["https:\/\/colegioarquitectos.com\/noticias\/?p=160"]}]},{"@type":"BreadcrumbList","@id":"https:\/\/colegioarquitectos.com\/noticias\/?p=160#breadcrumb","itemListElement":[{"@type":"ListItem","position":1,"name":"Portada","item":"https:\/\/colegioarquitectos.com\/noticias"},{"@type":"ListItem","position":2,"name":"\u00abSolidaridad y preocupaci\u00f3n\u00bb. Declaraci\u00f3n del Comit\u00e9 de H\u00e1bitat y Vivienda &#8211; Colegio de Arquitectos de Chile"}]},{"@type":"WebSite","@id":"https:\/\/colegioarquitectos.com\/noticias\/#website","url":"https:\/\/colegioarquitectos.com\/noticias\/","name":"COLEGIO DE ARQUITECTOS DE CHILE","description":"","publisher":{"@id":"https:\/\/colegioarquitectos.com\/noticias\/#organization"},"potentialAction":[{"@type":"SearchAction","target":{"@type":"EntryPoint","urlTemplate":"https:\/\/colegioarquitectos.com\/noticias\/?s={search_term_string}"},"query-input":{"@type":"PropertyValueSpecification","valueRequired":true,"valueName":"search_term_string"}}],"inLanguage":"es"},{"@type":"Organization","@id":"https:\/\/colegioarquitectos.com\/noticias\/#organization","name":"COLEGIO DE ARQUITECTOS DE CHILE","url":"https:\/\/colegioarquitectos.com\/noticias\/","logo":{"@type":"ImageObject","inLanguage":"es","@id":"https:\/\/colegioarquitectos.com\/noticias\/#\/schema\/logo\/image\/","url":"https:\/\/colegioarquitectos.com\/noticias\/wp-content\/uploads\/2021\/05\/ENCABEZADO-LOGO-CA.jpg","contentUrl":"https:\/\/colegioarquitectos.com\/noticias\/wp-content\/uploads\/2021\/05\/ENCABEZADO-LOGO-CA.jpg","width":690,"height":350,"caption":"COLEGIO DE ARQUITECTOS DE CHILE"},"image":{"@id":"https:\/\/colegioarquitectos.com\/noticias\/#\/schema\/logo\/image\/"},"sameAs":["https:\/\/facebook.com\/Colegioarq\/","https:\/\/x.com\/colegioarq","https:\/\/instagram.com\/colegioarq","https:\/\/youtube.com\/@ColegiodeArquitectosdeChile"]},{"@type":"Person","@id":"https:\/\/colegioarquitectos.com\/noticias\/#\/schema\/person\/b6c7e912cd1283c089114093ed09741f","name":"Gabriel Salgado S.","url":"https:\/\/colegioarquitectos.com\/noticias\/?author=1"}]}},"_links":{"self":[{"href":"https:\/\/colegioarquitectos.com\/noticias\/index.php?rest_route=\/wp\/v2\/posts\/160","targetHints":{"allow":["GET"]}}],"collection":[{"href":"https:\/\/colegioarquitectos.com\/noticias\/index.php?rest_route=\/wp\/v2\/posts"}],"about":[{"href":"https:\/\/colegioarquitectos.com\/noticias\/index.php?rest_route=\/wp\/v2\/types\/post"}],"author":[{"embeddable":true,"href":"https:\/\/colegioarquitectos.com\/noticias\/index.php?rest_route=\/wp\/v2\/users\/1"}],"replies":[{"embeddable":true,"href":"https:\/\/colegioarquitectos.com\/noticias\/index.php?rest_route=%2Fwp%2Fv2%2Fcomments&post=160"}],"version-history":[{"count":0,"href":"https:\/\/colegioarquitectos.com\/noticias\/index.php?rest_route=\/wp\/v2\/posts\/160\/revisions"}],"wp:attachment":[{"href":"https:\/\/colegioarquitectos.com\/noticias\/index.php?rest_route=%2Fwp%2Fv2%2Fmedia&parent=160"}],"wp:term":[{"taxonomy":"category","embeddable":true,"href":"https:\/\/colegioarquitectos.com\/noticias\/index.php?rest_route=%2Fwp%2Fv2%2Fcategories&post=160"},{"taxonomy":"post_tag","embeddable":true,"href":"https:\/\/colegioarquitectos.com\/noticias\/index.php?rest_route=%2Fwp%2Fv2%2Ftags&post=160"}],"curies":[{"name":"wp","href":"https:\/\/api.w.org\/{rel}","templated":true}]}}