
{"id":1657,"date":"2012-07-01T18:54:43","date_gmt":"2012-07-01T18:54:43","guid":{"rendered":"http:\/\/colegioarquitectos.com\/noticias\/?p=1657"},"modified":"2012-07-24T16:18:29","modified_gmt":"2012-07-24T16:18:29","slug":"abiertas-inscripciones-para-diplomado-en-diseno-bioambiental-dictado-por-la-universidad-central","status":"publish","type":"post","link":"https:\/\/colegioarquitectos.com\/noticias\/?p=1657","title":{"rendered":"Abiertas inscripciones para diplomado en dise\u00f1o bioambiental dictado por la Universidad Central"},"content":{"rendered":"<p style=\"text-align: justify;\">Para mediados de agosto se program\u00f3 el inicio de las clases correspondientes a\u00a0 la s\u00e9ptima versi\u00f3n de este diplomado, que imparte el Laboratorio de Bioclim\u00e1tica (LABBIO) de la Facultad de Arquitectura, Urbanismo y Paisaje (FAUP) de la Universidad Central.<\/p>\n<p style=\"text-align: justify;\">El programa est\u00e1 orientado a profundizar en torno a la arquitectura sustentable y la realizaci\u00f3n de un correcto dise\u00f1o arquitect\u00f3nico, considerando las condiciones del\u00a0 territorio, el medio ambiente, la ciudad y\u00a0 las edificaciones existentes en el lugar. Es por ello, que est\u00e1 dirigido a licenciados y profesionales arquitectos, planificadores, paisajistas, ingenieros, constructores, ge\u00f3grafos y especialistas de otras carreras afines.<\/p>\n<p style=\"text-align: justify;\">De acuerdo a la directora del LABBIO, Gabriela Armijo, se pretende \u201cpotenciar el dise\u00f1o ambiental del territorio y la arquitectura, porque para hacer arquitectura sustentable es necesario abarcar desde el ordenamiento del territorio y el dise\u00f1o urbano, hasta la orientaci\u00f3n, la forma y los detalles constructivos del edificio que se va a proyectar\u201d.<\/p>\n<p style=\"text-align: justify;\">Entre los temas que se abordar\u00e1n est\u00e1n el dise\u00f1o arquitect\u00f3nico sostenible, el dise\u00f1ar en climas extremos, la contaminaci\u00f3n en la ciudad, los temas claves de la sostenibilidad para este siglo, la planificaci\u00f3n del territorio natural, urbano y rural, entre otros.<\/p>\n<p style=\"text-align: justify;\">En este contexto, enfatiza que la experiencia de seis a\u00f1os dictando este diplomado, se han entregado los conocimientos necesarios para que sus alumnos conozcan c\u00f3mo ocurren y de qu\u00e9 factores dependen que el aire, el agua y el ruido contaminen un territorio.<\/p>\n<p style=\"text-align: justify;\">Asimismo, se trabaja desde una perspectiva distinta a la habitual, pudiendo los estudiantes visualizar el territorio y los impactos de la planificaci\u00f3n en el microcosmos del medio construido. A modo de ejemplo, la docente dice que \u201csi un edificio altera el r\u00e9gimen de vientos y de sombras en su entorno\u00a0 m\u00e1s inmediato, la suma de muchos de estas edificaciones modificar\u00e1 el clima de la ciudad y del territorio\u201d.<\/p>\n<p style=\"text-align: justify;\">El programa est\u00e1 conformado por clases te\u00f3ricas, talleres, an\u00e1lisis de casos, visitas a terreno y capacitaci\u00f3n en el uso de software de simulaci\u00f3n de eficiencia energ\u00e9tica y confort.<\/p>\n<p style=\"text-align: justify;\">Adem\u00e1s, el Laboratorio de Bioclim\u00e1tica facilita a sus alumnos el uso de instrumentos como el t\u00fanel de viento, heliod\u00f3n o simulador de paso de sol, term\u00f3metros, son\u00f3metros, lux\u00f3metros y\u00a0 medidores de la calidad de aire interior, entre otros para que puedan realizar evaluaciones y diagn\u00f3sticos.<\/p>\n<p style=\"text-align: justify;\">Los interesados en informarse mejor acerca de este programa, pueden escribir al e-mail <span style=\"color: #0000ff;\"><a href=\"mailto:infofaup@ucentral.cl\"><span style=\"color: #0000ff;\">infofaup@ucentral.cl<\/span><\/a> \u00a0<\/span>\u00a0\u00a0o llamar a los tel\u00e9fonos 582 6925 y 582 6902.<\/p>\n<p>&nbsp;<\/p>\n<p><a href=\"http:\/\/colegioarquitectos.com\/noticias\/wp-content\/uploads\/2012\/07\/diplomado_bioclimatica_2012.jpg\"><img loading=\"lazy\" decoding=\"async\" class=\"alignnone size-full wp-image-1658\" title=\"diplomado_bioclimatica_2012\" src=\"http:\/\/colegioarquitectos.com\/noticias\/wp-content\/uploads\/2012\/07\/diplomado_bioclimatica_2012.jpg\" alt=\"\" width=\"548\" height=\"235\" srcset=\"https:\/\/colegioarquitectos.com\/noticias\/wp-content\/uploads\/2012\/07\/diplomado_bioclimatica_2012.jpg 548w, https:\/\/colegioarquitectos.com\/noticias\/wp-content\/uploads\/2012\/07\/diplomado_bioclimatica_2012-300x128.jpg 300w\" sizes=\"auto, (max-width: 548px) 100vw, 548px\" \/><\/a><\/p>\n<p><\/p>","protected":false},"excerpt":{"rendered":"<p>Para mediados de agosto se program\u00f3 el inicio de las clases correspondientes a\u00a0 la s\u00e9ptima versi\u00f3n de este diplomado, que imparte el Laboratorio de Bioclim\u00e1tica (LABBIO) de la Facultad de Arquitectura, Urbanismo y Paisaje (FAUP) de la Universidad Central. El &hellip; <a class=\"more-link\" href=\"https:\/\/colegioarquitectos.com\/noticias\/?p=1657\">ver m\u00e1s<\/a><\/p>","protected":false},"author":1,"featured_media":0,"comment_status":"open","ping_status":"open","sticky":false,"template":"","format":"standard","meta":{"footnotes":""},"categories":[19,23],"tags":[],"class_list":["post-1657","post","type-post","status-publish","format-standard","hentry","category-actividades","category-postgrado"],"yoast_head":"<!-- This site is optimized with the Yoast SEO plugin v24.2 - https:\/\/yoast.com\/wordpress\/plugins\/seo\/ -->\n<title>Abiertas inscripciones para diplomado en dise\u00f1o bioambiental dictado por la Universidad Central - COLEGIO DE ARQUITECTOS DE CHILE<\/title>\n<meta name=\"robots\" content=\"index, follow, max-snippet:-1, max-image-preview:large, max-video-preview:-1\" \/>\n<link rel=\"canonical\" href=\"https:\/\/colegioarquitectos.com\/noticias\/?p=1657\" \/>\n<meta property=\"og:locale\" content=\"es_ES\" \/>\n<meta property=\"og:type\" content=\"article\" \/>\n<meta property=\"og:title\" content=\"Abiertas inscripciones para diplomado en dise\u00f1o bioambiental dictado por la Universidad Central - COLEGIO DE ARQUITECTOS DE CHILE\" \/>\n<meta property=\"og:description\" content=\"Para mediados de agosto se program\u00f3 el inicio de las clases correspondientes a\u00a0 la s\u00e9ptima versi\u00f3n de este diplomado, que imparte el Laboratorio de Bioclim\u00e1tica (LABBIO) de la Facultad de Arquitectura, Urbanismo y Paisaje (FAUP) de la Universidad Central. El &hellip; ver m\u00e1s\" \/>\n<meta property=\"og:url\" content=\"https:\/\/colegioarquitectos.com\/noticias\/?p=1657\" \/>\n<meta property=\"og:site_name\" content=\"COLEGIO DE ARQUITECTOS DE CHILE\" \/>\n<meta property=\"article:publisher\" content=\"https:\/\/facebook.com\/Colegioarq\/\" \/>\n<meta property=\"article:published_time\" content=\"2012-07-01T18:54:43+00:00\" \/>\n<meta property=\"article:modified_time\" content=\"2012-07-24T16:18:29+00:00\" \/>\n<meta property=\"og:image\" content=\"http:\/\/colegioarquitectos.com\/noticias\/wp-content\/uploads\/2012\/07\/diplomado_bioclimatica_2012.jpg\" \/>\n<meta name=\"author\" content=\"Gabriel Salgado S.\" \/>\n<meta name=\"twitter:card\" content=\"summary_large_image\" \/>\n<meta name=\"twitter:creator\" content=\"@colegioarq\" \/>\n<meta name=\"twitter:site\" content=\"@colegioarq\" \/>\n<meta name=\"twitter:label1\" content=\"Escrito por\" \/>\n\t<meta name=\"twitter:data1\" content=\"Gabriel Salgado S.\" \/>\n\t<meta name=\"twitter:label2\" content=\"Tiempo de lectura\" \/>\n\t<meta name=\"twitter:data2\" content=\"2 minutos\" \/>\n<script type=\"application\/ld+json\" class=\"yoast-schema-graph\">{\"@context\":\"https:\/\/schema.org\",\"@graph\":[{\"@type\":\"Article\",\"@id\":\"https:\/\/colegioarquitectos.com\/noticias\/?p=1657#article\",\"isPartOf\":{\"@id\":\"https:\/\/colegioarquitectos.com\/noticias\/?p=1657\"},\"author\":{\"name\":\"Gabriel Salgado S.\",\"@id\":\"https:\/\/colegioarquitectos.com\/noticias\/#\/schema\/person\/b6c7e912cd1283c089114093ed09741f\"},\"headline\":\"Abiertas inscripciones para diplomado en dise\u00f1o bioambiental dictado por la Universidad Central\",\"datePublished\":\"2012-07-01T18:54:43+00:00\",\"dateModified\":\"2012-07-24T16:18:29+00:00\",\"mainEntityOfPage\":{\"@id\":\"https:\/\/colegioarquitectos.com\/noticias\/?p=1657\"},\"wordCount\":446,\"commentCount\":0,\"publisher\":{\"@id\":\"https:\/\/colegioarquitectos.com\/noticias\/#organization\"},\"image\":{\"@id\":\"https:\/\/colegioarquitectos.com\/noticias\/?p=1657#primaryimage\"},\"thumbnailUrl\":\"http:\/\/colegioarquitectos.com\/noticias\/wp-content\/uploads\/2012\/07\/diplomado_bioclimatica_2012.jpg\",\"articleSection\":[\"Actividades\",\"Postgrado\"],\"inLanguage\":\"es\",\"potentialAction\":[{\"@type\":\"CommentAction\",\"name\":\"Comment\",\"target\":[\"https:\/\/colegioarquitectos.com\/noticias\/?p=1657#respond\"]}]},{\"@type\":\"WebPage\",\"@id\":\"https:\/\/colegioarquitectos.com\/noticias\/?p=1657\",\"url\":\"https:\/\/colegioarquitectos.com\/noticias\/?p=1657\",\"name\":\"Abiertas inscripciones para diplomado en dise\u00f1o bioambiental dictado por la Universidad Central - COLEGIO DE ARQUITECTOS DE CHILE\",\"isPartOf\":{\"@id\":\"https:\/\/colegioarquitectos.com\/noticias\/#website\"},\"primaryImageOfPage\":{\"@id\":\"https:\/\/colegioarquitectos.com\/noticias\/?p=1657#primaryimage\"},\"image\":{\"@id\":\"https:\/\/colegioarquitectos.com\/noticias\/?p=1657#primaryimage\"},\"thumbnailUrl\":\"http:\/\/colegioarquitectos.com\/noticias\/wp-content\/uploads\/2012\/07\/diplomado_bioclimatica_2012.jpg\",\"datePublished\":\"2012-07-01T18:54:43+00:00\",\"dateModified\":\"2012-07-24T16:18:29+00:00\",\"breadcrumb\":{\"@id\":\"https:\/\/colegioarquitectos.com\/noticias\/?p=1657#breadcrumb\"},\"inLanguage\":\"es\",\"potentialAction\":[{\"@type\":\"ReadAction\",\"target\":[\"https:\/\/colegioarquitectos.com\/noticias\/?p=1657\"]}]},{\"@type\":\"ImageObject\",\"inLanguage\":\"es\",\"@id\":\"https:\/\/colegioarquitectos.com\/noticias\/?p=1657#primaryimage\",\"url\":\"http:\/\/colegioarquitectos.com\/noticias\/wp-content\/uploads\/2012\/07\/diplomado_bioclimatica_2012.jpg\",\"contentUrl\":\"http:\/\/colegioarquitectos.com\/noticias\/wp-content\/uploads\/2012\/07\/diplomado_bioclimatica_2012.jpg\"},{\"@type\":\"BreadcrumbList\",\"@id\":\"https:\/\/colegioarquitectos.com\/noticias\/?p=1657#breadcrumb\",\"itemListElement\":[{\"@type\":\"ListItem\",\"position\":1,\"name\":\"Portada\",\"item\":\"https:\/\/colegioarquitectos.com\/noticias\"},{\"@type\":\"ListItem\",\"position\":2,\"name\":\"Abiertas inscripciones para diplomado en dise\u00f1o bioambiental dictado por la Universidad Central\"}]},{\"@type\":\"WebSite\",\"@id\":\"https:\/\/colegioarquitectos.com\/noticias\/#website\",\"url\":\"https:\/\/colegioarquitectos.com\/noticias\/\",\"name\":\"COLEGIO DE ARQUITECTOS DE CHILE\",\"description\":\"\",\"publisher\":{\"@id\":\"https:\/\/colegioarquitectos.com\/noticias\/#organization\"},\"potentialAction\":[{\"@type\":\"SearchAction\",\"target\":{\"@type\":\"EntryPoint\",\"urlTemplate\":\"https:\/\/colegioarquitectos.com\/noticias\/?s={search_term_string}\"},\"query-input\":{\"@type\":\"PropertyValueSpecification\",\"valueRequired\":true,\"valueName\":\"search_term_string\"}}],\"inLanguage\":\"es\"},{\"@type\":\"Organization\",\"@id\":\"https:\/\/colegioarquitectos.com\/noticias\/#organization\",\"name\":\"COLEGIO DE ARQUITECTOS DE CHILE\",\"url\":\"https:\/\/colegioarquitectos.com\/noticias\/\",\"logo\":{\"@type\":\"ImageObject\",\"inLanguage\":\"es\",\"@id\":\"https:\/\/colegioarquitectos.com\/noticias\/#\/schema\/logo\/image\/\",\"url\":\"https:\/\/colegioarquitectos.com\/noticias\/wp-content\/uploads\/2021\/05\/ENCABEZADO-LOGO-CA.jpg\",\"contentUrl\":\"https:\/\/colegioarquitectos.com\/noticias\/wp-content\/uploads\/2021\/05\/ENCABEZADO-LOGO-CA.jpg\",\"width\":690,\"height\":350,\"caption\":\"COLEGIO DE ARQUITECTOS DE CHILE\"},\"image\":{\"@id\":\"https:\/\/colegioarquitectos.com\/noticias\/#\/schema\/logo\/image\/\"},\"sameAs\":[\"https:\/\/facebook.com\/Colegioarq\/\",\"https:\/\/x.com\/colegioarq\",\"https:\/\/instagram.com\/colegioarq\",\"https:\/\/youtube.com\/@ColegiodeArquitectosdeChile\"]},{\"@type\":\"Person\",\"@id\":\"https:\/\/colegioarquitectos.com\/noticias\/#\/schema\/person\/b6c7e912cd1283c089114093ed09741f\",\"name\":\"Gabriel Salgado S.\",\"url\":\"https:\/\/colegioarquitectos.com\/noticias\/?author=1\"}]}<\/script>\n<!-- \/ Yoast SEO plugin. -->","yoast_head_json":{"title":"Abiertas inscripciones para diplomado en dise\u00f1o bioambiental dictado por la Universidad Central - COLEGIO DE ARQUITECTOS DE CHILE","robots":{"index":"index","follow":"follow","max-snippet":"max-snippet:-1","max-image-preview":"max-image-preview:large","max-video-preview":"max-video-preview:-1"},"canonical":"https:\/\/colegioarquitectos.com\/noticias\/?p=1657","og_locale":"es_ES","og_type":"article","og_title":"Abiertas inscripciones para diplomado en dise\u00f1o bioambiental dictado por la Universidad Central - COLEGIO DE ARQUITECTOS DE CHILE","og_description":"Para mediados de agosto se program\u00f3 el inicio de las clases correspondientes a\u00a0 la s\u00e9ptima versi\u00f3n de este diplomado, que imparte el Laboratorio de Bioclim\u00e1tica (LABBIO) de la Facultad de Arquitectura, Urbanismo y Paisaje (FAUP) de la Universidad Central. El &hellip; ver m\u00e1s","og_url":"https:\/\/colegioarquitectos.com\/noticias\/?p=1657","og_site_name":"COLEGIO DE ARQUITECTOS DE CHILE","article_publisher":"https:\/\/facebook.com\/Colegioarq\/","article_published_time":"2012-07-01T18:54:43+00:00","article_modified_time":"2012-07-24T16:18:29+00:00","og_image":[{"url":"http:\/\/colegioarquitectos.com\/noticias\/wp-content\/uploads\/2012\/07\/diplomado_bioclimatica_2012.jpg","type":"","width":"","height":""}],"author":"Gabriel Salgado S.","twitter_card":"summary_large_image","twitter_creator":"@colegioarq","twitter_site":"@colegioarq","twitter_misc":{"Escrito por":"Gabriel Salgado S.","Tiempo de lectura":"2 minutos"},"schema":{"@context":"https:\/\/schema.org","@graph":[{"@type":"Article","@id":"https:\/\/colegioarquitectos.com\/noticias\/?p=1657#article","isPartOf":{"@id":"https:\/\/colegioarquitectos.com\/noticias\/?p=1657"},"author":{"name":"Gabriel Salgado S.","@id":"https:\/\/colegioarquitectos.com\/noticias\/#\/schema\/person\/b6c7e912cd1283c089114093ed09741f"},"headline":"Abiertas inscripciones para diplomado en dise\u00f1o bioambiental dictado por la Universidad Central","datePublished":"2012-07-01T18:54:43+00:00","dateModified":"2012-07-24T16:18:29+00:00","mainEntityOfPage":{"@id":"https:\/\/colegioarquitectos.com\/noticias\/?p=1657"},"wordCount":446,"commentCount":0,"publisher":{"@id":"https:\/\/colegioarquitectos.com\/noticias\/#organization"},"image":{"@id":"https:\/\/colegioarquitectos.com\/noticias\/?p=1657#primaryimage"},"thumbnailUrl":"http:\/\/colegioarquitectos.com\/noticias\/wp-content\/uploads\/2012\/07\/diplomado_bioclimatica_2012.jpg","articleSection":["Actividades","Postgrado"],"inLanguage":"es","potentialAction":[{"@type":"CommentAction","name":"Comment","target":["https:\/\/colegioarquitectos.com\/noticias\/?p=1657#respond"]}]},{"@type":"WebPage","@id":"https:\/\/colegioarquitectos.com\/noticias\/?p=1657","url":"https:\/\/colegioarquitectos.com\/noticias\/?p=1657","name":"Abiertas inscripciones para diplomado en dise\u00f1o bioambiental dictado por la Universidad Central - COLEGIO DE ARQUITECTOS DE CHILE","isPartOf":{"@id":"https:\/\/colegioarquitectos.com\/noticias\/#website"},"primaryImageOfPage":{"@id":"https:\/\/colegioarquitectos.com\/noticias\/?p=1657#primaryimage"},"image":{"@id":"https:\/\/colegioarquitectos.com\/noticias\/?p=1657#primaryimage"},"thumbnailUrl":"http:\/\/colegioarquitectos.com\/noticias\/wp-content\/uploads\/2012\/07\/diplomado_bioclimatica_2012.jpg","datePublished":"2012-07-01T18:54:43+00:00","dateModified":"2012-07-24T16:18:29+00:00","breadcrumb":{"@id":"https:\/\/colegioarquitectos.com\/noticias\/?p=1657#breadcrumb"},"inLanguage":"es","potentialAction":[{"@type":"ReadAction","target":["https:\/\/colegioarquitectos.com\/noticias\/?p=1657"]}]},{"@type":"ImageObject","inLanguage":"es","@id":"https:\/\/colegioarquitectos.com\/noticias\/?p=1657#primaryimage","url":"http:\/\/colegioarquitectos.com\/noticias\/wp-content\/uploads\/2012\/07\/diplomado_bioclimatica_2012.jpg","contentUrl":"http:\/\/colegioarquitectos.com\/noticias\/wp-content\/uploads\/2012\/07\/diplomado_bioclimatica_2012.jpg"},{"@type":"BreadcrumbList","@id":"https:\/\/colegioarquitectos.com\/noticias\/?p=1657#breadcrumb","itemListElement":[{"@type":"ListItem","position":1,"name":"Portada","item":"https:\/\/colegioarquitectos.com\/noticias"},{"@type":"ListItem","position":2,"name":"Abiertas inscripciones para diplomado en dise\u00f1o bioambiental dictado por la Universidad Central"}]},{"@type":"WebSite","@id":"https:\/\/colegioarquitectos.com\/noticias\/#website","url":"https:\/\/colegioarquitectos.com\/noticias\/","name":"COLEGIO DE ARQUITECTOS DE CHILE","description":"","publisher":{"@id":"https:\/\/colegioarquitectos.com\/noticias\/#organization"},"potentialAction":[{"@type":"SearchAction","target":{"@type":"EntryPoint","urlTemplate":"https:\/\/colegioarquitectos.com\/noticias\/?s={search_term_string}"},"query-input":{"@type":"PropertyValueSpecification","valueRequired":true,"valueName":"search_term_string"}}],"inLanguage":"es"},{"@type":"Organization","@id":"https:\/\/colegioarquitectos.com\/noticias\/#organization","name":"COLEGIO DE ARQUITECTOS DE CHILE","url":"https:\/\/colegioarquitectos.com\/noticias\/","logo":{"@type":"ImageObject","inLanguage":"es","@id":"https:\/\/colegioarquitectos.com\/noticias\/#\/schema\/logo\/image\/","url":"https:\/\/colegioarquitectos.com\/noticias\/wp-content\/uploads\/2021\/05\/ENCABEZADO-LOGO-CA.jpg","contentUrl":"https:\/\/colegioarquitectos.com\/noticias\/wp-content\/uploads\/2021\/05\/ENCABEZADO-LOGO-CA.jpg","width":690,"height":350,"caption":"COLEGIO DE ARQUITECTOS DE CHILE"},"image":{"@id":"https:\/\/colegioarquitectos.com\/noticias\/#\/schema\/logo\/image\/"},"sameAs":["https:\/\/facebook.com\/Colegioarq\/","https:\/\/x.com\/colegioarq","https:\/\/instagram.com\/colegioarq","https:\/\/youtube.com\/@ColegiodeArquitectosdeChile"]},{"@type":"Person","@id":"https:\/\/colegioarquitectos.com\/noticias\/#\/schema\/person\/b6c7e912cd1283c089114093ed09741f","name":"Gabriel Salgado S.","url":"https:\/\/colegioarquitectos.com\/noticias\/?author=1"}]}},"_links":{"self":[{"href":"https:\/\/colegioarquitectos.com\/noticias\/index.php?rest_route=\/wp\/v2\/posts\/1657","targetHints":{"allow":["GET"]}}],"collection":[{"href":"https:\/\/colegioarquitectos.com\/noticias\/index.php?rest_route=\/wp\/v2\/posts"}],"about":[{"href":"https:\/\/colegioarquitectos.com\/noticias\/index.php?rest_route=\/wp\/v2\/types\/post"}],"author":[{"embeddable":true,"href":"https:\/\/colegioarquitectos.com\/noticias\/index.php?rest_route=\/wp\/v2\/users\/1"}],"replies":[{"embeddable":true,"href":"https:\/\/colegioarquitectos.com\/noticias\/index.php?rest_route=%2Fwp%2Fv2%2Fcomments&post=1657"}],"version-history":[{"count":0,"href":"https:\/\/colegioarquitectos.com\/noticias\/index.php?rest_route=\/wp\/v2\/posts\/1657\/revisions"}],"wp:attachment":[{"href":"https:\/\/colegioarquitectos.com\/noticias\/index.php?rest_route=%2Fwp%2Fv2%2Fmedia&parent=1657"}],"wp:term":[{"taxonomy":"category","embeddable":true,"href":"https:\/\/colegioarquitectos.com\/noticias\/index.php?rest_route=%2Fwp%2Fv2%2Fcategories&post=1657"},{"taxonomy":"post_tag","embeddable":true,"href":"https:\/\/colegioarquitectos.com\/noticias\/index.php?rest_route=%2Fwp%2Fv2%2Ftags&post=1657"}],"curies":[{"name":"wp","href":"https:\/\/api.w.org\/{rel}","templated":true}]}}