
{"id":16921,"date":"2017-04-04T21:00:05","date_gmt":"2017-04-04T21:00:05","guid":{"rendered":"http:\/\/colegioarquitectos.com\/?p=16921"},"modified":"2017-04-05T15:34:18","modified_gmt":"2017-04-05T15:34:18","slug":"__trashed","status":"publish","type":"post","link":"https:\/\/colegioarquitectos.com\/noticias\/?p=16921","title":{"rendered":"Encuesta CA \u00bfCu\u00e1l es la realidad de los arquitectos chilenos?"},"content":{"rendered":"<p>Para conocer la situaci\u00f3n laboral de nuestros arquitectos nacionales, el Colegio de Arquitectos de Chile elabor\u00f3 una investigaci\u00f3n que se hizo a trav\u00e9s de una encuesta f\u00edsica y online a nuestros colegiados, la que nos permiti\u00f3 recopilar datos fundamentales sobre los profesionales del \u00e1rea.<\/p>\n<p>Los resultados nos revelan que cerca del 50% de los arquitectos trabaja en el ejercicio privado, mientras un 22% lo hace en el sector p\u00fablico. A su vez, m\u00e1s de un tercio de los encuestados trabaja sin contrato y otro porcentaje igual\u00a0con contrato indefinido.<\/p>\n<p>&nbsp;<\/p>\n<p><img loading=\"lazy\" decoding=\"async\" class=\"alignnone wp-image-16924 \" src=\"http:\/\/colegioarquitectos.com\/noticias\/wp-content\/uploads\/2017\/04\/06_DESEMPE\u00d1O-LABORAL-1.jpg\" alt=\"\" width=\"455\" height=\"296\" srcset=\"https:\/\/colegioarquitectos.com\/noticias\/wp-content\/uploads\/2017\/04\/06_DESEMPE\u00d1O-LABORAL-1.jpg 640w, https:\/\/colegioarquitectos.com\/noticias\/wp-content\/uploads\/2017\/04\/06_DESEMPE\u00d1O-LABORAL-1-300x195.jpg 300w\" sizes=\"auto, (max-width: 455px) 100vw, 455px\" \/><\/p>\n<p>&nbsp;<\/p>\n<p><img loading=\"lazy\" decoding=\"async\" class=\"alignnone wp-image-16932 \" src=\"http:\/\/colegioarquitectos.com\/noticias\/wp-content\/uploads\/2017\/04\/07_FORMA-DE-CONTRATACION-1.jpg\" alt=\"\" width=\"446\" height=\"290\" srcset=\"https:\/\/colegioarquitectos.com\/noticias\/wp-content\/uploads\/2017\/04\/07_FORMA-DE-CONTRATACION-1.jpg 640w, https:\/\/colegioarquitectos.com\/noticias\/wp-content\/uploads\/2017\/04\/07_FORMA-DE-CONTRATACION-1-300x195.jpg 300w\" sizes=\"auto, (max-width: 446px) 100vw, 446px\" \/><\/p>\n<p>&nbsp;<\/p>\n<p>Se observa que existe un aumento progresivo en la cantidad de encuestados recibiendo el rango m\u00e1s alto de ingresos. Tambi\u00e9n, existe una tendencia inversa en el caso de los ingresos m\u00e1s bajos; ya que en la medida que se avanza en edad, se reduce la cantidad de profesionales recibiendo menores ingresos.<\/p>\n<p><img loading=\"lazy\" decoding=\"async\" class=\"wp-image-16928 size-full\" src=\"http:\/\/colegioarquitectos.com\/noticias\/wp-content\/uploads\/2017\/04\/11_CRUCE-EDAD-INGRESO.jpg\" alt=\"\" width=\"640\" height=\"367\" srcset=\"https:\/\/colegioarquitectos.com\/noticias\/wp-content\/uploads\/2017\/04\/11_CRUCE-EDAD-INGRESO.jpg 640w, https:\/\/colegioarquitectos.com\/noticias\/wp-content\/uploads\/2017\/04\/11_CRUCE-EDAD-INGRESO-300x172.jpg 300w\" sizes=\"auto, (max-width: 640px) 100vw, 640px\" \/><\/p>\n<p>&nbsp;<\/p>\n<p>En un segundo cruce de variables, se ve c\u00f3mo influyen los estudios de postgrados en los ingresos y cabe destacar que el estrato m\u00e1s alto (que percibe ingresos mensuales por sobre los $3 millones de pesos) son profesionales que re\u00fanen diplomado, magister y tambi\u00e9n doctorado.<\/p>\n<p><img loading=\"lazy\" decoding=\"async\" class=\"alignnone wp-image-16929 size-full\" src=\"http:\/\/colegioarquitectos.com\/noticias\/wp-content\/uploads\/2017\/04\/12_CRUCE-POSTGRADO-INGRESO.jpg\" alt=\"\" width=\"640\" height=\"265\" srcset=\"https:\/\/colegioarquitectos.com\/noticias\/wp-content\/uploads\/2017\/04\/12_CRUCE-POSTGRADO-INGRESO.jpg 640w, https:\/\/colegioarquitectos.com\/noticias\/wp-content\/uploads\/2017\/04\/12_CRUCE-POSTGRADO-INGRESO-300x124.jpg 300w\" sizes=\"auto, (max-width: 640px) 100vw, 640px\" \/><\/p>\n<p>&nbsp;<\/p>\n<p>Tres gr\u00e1ficos explican las diferencias en los tipos de contrataci\u00f3n, dependiendo del sector de desempe\u00f1o laboral, como por ejemplo en el sector p\u00fablico existe un 47% de profesionales trabajando a honorarios, versus un 0% en la academia y un 4% del sector privado.<\/p>\n<p>&nbsp;<\/p>\n<p><img loading=\"lazy\" decoding=\"async\" class=\"alignnone wp-image-16927 size-full\" src=\"http:\/\/colegioarquitectos.com\/noticias\/wp-content\/uploads\/2017\/04\/F13_WEB.jpg\" alt=\"\" width=\"640\" height=\"212\" srcset=\"https:\/\/colegioarquitectos.com\/noticias\/wp-content\/uploads\/2017\/04\/F13_WEB.jpg 640w, https:\/\/colegioarquitectos.com\/noticias\/wp-content\/uploads\/2017\/04\/F13_WEB-300x99.jpg 300w\" sizes=\"auto, (max-width: 640px) 100vw, 640px\" \/><\/p>\n<p>&nbsp;<\/p>\n<p>&nbsp;<\/p>\n<p>Te invitamos a revisar todos los resultados de la Encuesta 2015-2016 en un <a href=\"http:\/\/colegioarquitectos.com\/noticias\/wp-content\/uploads\/2017\/04\/20170403_INFORME-DE-ENCUESTA-2015.pdf\">completo informe (pincha aqu\u00ed)<\/a><\/p>\n<p>Pronto lanzaremos una nueva encuesta, esta vez abierta a todos los arquitectos de Chile, en la que esperamos recopilar nuevos antecedentes que nos permitan elaborar diagn\u00f3sticos en los \u00e1mbitos gremiales, acad\u00e9micos y profesionales.<\/p>\n<p><\/p>","protected":false},"excerpt":{"rendered":"<p>Para conocer la situaci\u00f3n laboral de nuestros arquitectos nacionales, el Colegio de Arquitectos de Chile elabor\u00f3 una investigaci\u00f3n que se hizo a trav\u00e9s de una encuesta f\u00edsica y online a nuestros colegiados, la que nos permiti\u00f3 recopilar datos fundamentales sobre &hellip; <a class=\"more-link\" href=\"https:\/\/colegioarquitectos.com\/noticias\/?p=16921\">ver m\u00e1s<\/a><\/p>","protected":false},"author":4,"featured_media":16940,"comment_status":"closed","ping_status":"closed","sticky":false,"template":"","format":"standard","meta":{"footnotes":""},"categories":[8],"tags":[],"class_list":["post-16921","post","type-post","status-publish","format-standard","has-post-thumbnail","hentry","category-colegio-de-arquitectos"],"yoast_head":"<!-- This site is optimized with the Yoast SEO plugin v24.2 - https:\/\/yoast.com\/wordpress\/plugins\/seo\/ -->\n<title>Encuesta CA \u00bfCu\u00e1l es la realidad de los arquitectos chilenos? - COLEGIO DE ARQUITECTOS DE CHILE<\/title>\n<meta name=\"robots\" content=\"index, follow, max-snippet:-1, max-image-preview:large, max-video-preview:-1\" \/>\n<link rel=\"canonical\" href=\"https:\/\/colegioarquitectos.com\/noticias\/?p=16921\" \/>\n<meta property=\"og:locale\" content=\"es_ES\" \/>\n<meta property=\"og:type\" content=\"article\" \/>\n<meta property=\"og:title\" content=\"Encuesta CA \u00bfCu\u00e1l es la realidad de los arquitectos chilenos? - COLEGIO DE ARQUITECTOS DE CHILE\" \/>\n<meta property=\"og:description\" content=\"Para conocer la situaci\u00f3n laboral de nuestros arquitectos nacionales, el Colegio de Arquitectos de Chile elabor\u00f3 una investigaci\u00f3n que se hizo a trav\u00e9s de una encuesta f\u00edsica y online a nuestros colegiados, la que nos permiti\u00f3 recopilar datos fundamentales sobre &hellip; ver m\u00e1s\" \/>\n<meta property=\"og:url\" content=\"https:\/\/colegioarquitectos.com\/noticias\/?p=16921\" \/>\n<meta property=\"og:site_name\" content=\"COLEGIO DE ARQUITECTOS DE CHILE\" \/>\n<meta property=\"article:publisher\" content=\"https:\/\/facebook.com\/Colegioarq\/\" \/>\n<meta property=\"article:published_time\" content=\"2017-04-04T21:00:05+00:00\" \/>\n<meta property=\"article:modified_time\" content=\"2017-04-05T15:34:18+00:00\" \/>\n<meta property=\"og:image\" content=\"https:\/\/colegioarquitectos.com\/noticias\/wp-content\/uploads\/2017\/04\/Banner-noticia-3.jpg\" \/>\n\t<meta property=\"og:image:width\" content=\"690\" \/>\n\t<meta property=\"og:image:height\" content=\"350\" \/>\n\t<meta property=\"og:image:type\" content=\"image\/jpeg\" \/>\n<meta name=\"author\" content=\"Colegio de Arquitectos de Chile\" \/>\n<meta name=\"twitter:card\" content=\"summary_large_image\" \/>\n<meta name=\"twitter:creator\" content=\"@colegioarq\" \/>\n<meta name=\"twitter:site\" content=\"@colegioarq\" \/>\n<meta name=\"twitter:label1\" content=\"Escrito por\" \/>\n\t<meta name=\"twitter:data1\" content=\"Colegio de Arquitectos de Chile\" \/>\n\t<meta name=\"twitter:label2\" content=\"Tiempo de lectura\" \/>\n\t<meta name=\"twitter:data2\" content=\"1 minuto\" \/>\n<script type=\"application\/ld+json\" class=\"yoast-schema-graph\">{\"@context\":\"https:\/\/schema.org\",\"@graph\":[{\"@type\":\"Article\",\"@id\":\"https:\/\/colegioarquitectos.com\/noticias\/?p=16921#article\",\"isPartOf\":{\"@id\":\"https:\/\/colegioarquitectos.com\/noticias\/?p=16921\"},\"author\":{\"name\":\"Colegio de Arquitectos de Chile\",\"@id\":\"https:\/\/colegioarquitectos.com\/noticias\/#\/schema\/person\/685cc0aad148303c5608f049af8285ad\"},\"headline\":\"Encuesta CA \u00bfCu\u00e1l es la realidad de los arquitectos chilenos?\",\"datePublished\":\"2017-04-04T21:00:05+00:00\",\"dateModified\":\"2017-04-05T15:34:18+00:00\",\"mainEntityOfPage\":{\"@id\":\"https:\/\/colegioarquitectos.com\/noticias\/?p=16921\"},\"wordCount\":310,\"publisher\":{\"@id\":\"https:\/\/colegioarquitectos.com\/noticias\/#organization\"},\"image\":{\"@id\":\"https:\/\/colegioarquitectos.com\/noticias\/?p=16921#primaryimage\"},\"thumbnailUrl\":\"https:\/\/colegioarquitectos.com\/noticias\/wp-content\/uploads\/2017\/04\/Banner-noticia-3.jpg\",\"articleSection\":[\"Colegio\"],\"inLanguage\":\"es\"},{\"@type\":\"WebPage\",\"@id\":\"https:\/\/colegioarquitectos.com\/noticias\/?p=16921\",\"url\":\"https:\/\/colegioarquitectos.com\/noticias\/?p=16921\",\"name\":\"Encuesta CA \u00bfCu\u00e1l es la realidad de los arquitectos chilenos? - COLEGIO DE ARQUITECTOS DE CHILE\",\"isPartOf\":{\"@id\":\"https:\/\/colegioarquitectos.com\/noticias\/#website\"},\"primaryImageOfPage\":{\"@id\":\"https:\/\/colegioarquitectos.com\/noticias\/?p=16921#primaryimage\"},\"image\":{\"@id\":\"https:\/\/colegioarquitectos.com\/noticias\/?p=16921#primaryimage\"},\"thumbnailUrl\":\"https:\/\/colegioarquitectos.com\/noticias\/wp-content\/uploads\/2017\/04\/Banner-noticia-3.jpg\",\"datePublished\":\"2017-04-04T21:00:05+00:00\",\"dateModified\":\"2017-04-05T15:34:18+00:00\",\"breadcrumb\":{\"@id\":\"https:\/\/colegioarquitectos.com\/noticias\/?p=16921#breadcrumb\"},\"inLanguage\":\"es\",\"potentialAction\":[{\"@type\":\"ReadAction\",\"target\":[\"https:\/\/colegioarquitectos.com\/noticias\/?p=16921\"]}]},{\"@type\":\"ImageObject\",\"inLanguage\":\"es\",\"@id\":\"https:\/\/colegioarquitectos.com\/noticias\/?p=16921#primaryimage\",\"url\":\"https:\/\/colegioarquitectos.com\/noticias\/wp-content\/uploads\/2017\/04\/Banner-noticia-3.jpg\",\"contentUrl\":\"https:\/\/colegioarquitectos.com\/noticias\/wp-content\/uploads\/2017\/04\/Banner-noticia-3.jpg\",\"width\":690,\"height\":350},{\"@type\":\"BreadcrumbList\",\"@id\":\"https:\/\/colegioarquitectos.com\/noticias\/?p=16921#breadcrumb\",\"itemListElement\":[{\"@type\":\"ListItem\",\"position\":1,\"name\":\"Portada\",\"item\":\"https:\/\/colegioarquitectos.com\/noticias\"},{\"@type\":\"ListItem\",\"position\":2,\"name\":\"Encuesta CA \u00bfCu\u00e1l es la realidad de los arquitectos chilenos?\"}]},{\"@type\":\"WebSite\",\"@id\":\"https:\/\/colegioarquitectos.com\/noticias\/#website\",\"url\":\"https:\/\/colegioarquitectos.com\/noticias\/\",\"name\":\"COLEGIO DE ARQUITECTOS DE CHILE\",\"description\":\"\",\"publisher\":{\"@id\":\"https:\/\/colegioarquitectos.com\/noticias\/#organization\"},\"potentialAction\":[{\"@type\":\"SearchAction\",\"target\":{\"@type\":\"EntryPoint\",\"urlTemplate\":\"https:\/\/colegioarquitectos.com\/noticias\/?s={search_term_string}\"},\"query-input\":{\"@type\":\"PropertyValueSpecification\",\"valueRequired\":true,\"valueName\":\"search_term_string\"}}],\"inLanguage\":\"es\"},{\"@type\":\"Organization\",\"@id\":\"https:\/\/colegioarquitectos.com\/noticias\/#organization\",\"name\":\"COLEGIO DE ARQUITECTOS DE CHILE\",\"url\":\"https:\/\/colegioarquitectos.com\/noticias\/\",\"logo\":{\"@type\":\"ImageObject\",\"inLanguage\":\"es\",\"@id\":\"https:\/\/colegioarquitectos.com\/noticias\/#\/schema\/logo\/image\/\",\"url\":\"https:\/\/colegioarquitectos.com\/noticias\/wp-content\/uploads\/2021\/05\/ENCABEZADO-LOGO-CA.jpg\",\"contentUrl\":\"https:\/\/colegioarquitectos.com\/noticias\/wp-content\/uploads\/2021\/05\/ENCABEZADO-LOGO-CA.jpg\",\"width\":690,\"height\":350,\"caption\":\"COLEGIO DE ARQUITECTOS DE CHILE\"},\"image\":{\"@id\":\"https:\/\/colegioarquitectos.com\/noticias\/#\/schema\/logo\/image\/\"},\"sameAs\":[\"https:\/\/facebook.com\/Colegioarq\/\",\"https:\/\/x.com\/colegioarq\",\"https:\/\/instagram.com\/colegioarq\",\"https:\/\/youtube.com\/@ColegiodeArquitectosdeChile\"]},{\"@type\":\"Person\",\"@id\":\"https:\/\/colegioarquitectos.com\/noticias\/#\/schema\/person\/685cc0aad148303c5608f049af8285ad\",\"name\":\"Colegio de Arquitectos de Chile\",\"url\":\"https:\/\/colegioarquitectos.com\/noticias\/?author=4\"}]}<\/script>\n<!-- \/ Yoast SEO plugin. -->","yoast_head_json":{"title":"Encuesta CA \u00bfCu\u00e1l es la realidad de los arquitectos chilenos? - COLEGIO DE ARQUITECTOS DE CHILE","robots":{"index":"index","follow":"follow","max-snippet":"max-snippet:-1","max-image-preview":"max-image-preview:large","max-video-preview":"max-video-preview:-1"},"canonical":"https:\/\/colegioarquitectos.com\/noticias\/?p=16921","og_locale":"es_ES","og_type":"article","og_title":"Encuesta CA \u00bfCu\u00e1l es la realidad de los arquitectos chilenos? - COLEGIO DE ARQUITECTOS DE CHILE","og_description":"Para conocer la situaci\u00f3n laboral de nuestros arquitectos nacionales, el Colegio de Arquitectos de Chile elabor\u00f3 una investigaci\u00f3n que se hizo a trav\u00e9s de una encuesta f\u00edsica y online a nuestros colegiados, la que nos permiti\u00f3 recopilar datos fundamentales sobre &hellip; ver m\u00e1s","og_url":"https:\/\/colegioarquitectos.com\/noticias\/?p=16921","og_site_name":"COLEGIO DE ARQUITECTOS DE CHILE","article_publisher":"https:\/\/facebook.com\/Colegioarq\/","article_published_time":"2017-04-04T21:00:05+00:00","article_modified_time":"2017-04-05T15:34:18+00:00","og_image":[{"width":690,"height":350,"url":"https:\/\/colegioarquitectos.com\/noticias\/wp-content\/uploads\/2017\/04\/Banner-noticia-3.jpg","type":"image\/jpeg"}],"author":"Colegio de Arquitectos de Chile","twitter_card":"summary_large_image","twitter_creator":"@colegioarq","twitter_site":"@colegioarq","twitter_misc":{"Escrito por":"Colegio de Arquitectos de Chile","Tiempo de lectura":"1 minuto"},"schema":{"@context":"https:\/\/schema.org","@graph":[{"@type":"Article","@id":"https:\/\/colegioarquitectos.com\/noticias\/?p=16921#article","isPartOf":{"@id":"https:\/\/colegioarquitectos.com\/noticias\/?p=16921"},"author":{"name":"Colegio de Arquitectos de Chile","@id":"https:\/\/colegioarquitectos.com\/noticias\/#\/schema\/person\/685cc0aad148303c5608f049af8285ad"},"headline":"Encuesta CA \u00bfCu\u00e1l es la realidad de los arquitectos chilenos?","datePublished":"2017-04-04T21:00:05+00:00","dateModified":"2017-04-05T15:34:18+00:00","mainEntityOfPage":{"@id":"https:\/\/colegioarquitectos.com\/noticias\/?p=16921"},"wordCount":310,"publisher":{"@id":"https:\/\/colegioarquitectos.com\/noticias\/#organization"},"image":{"@id":"https:\/\/colegioarquitectos.com\/noticias\/?p=16921#primaryimage"},"thumbnailUrl":"https:\/\/colegioarquitectos.com\/noticias\/wp-content\/uploads\/2017\/04\/Banner-noticia-3.jpg","articleSection":["Colegio"],"inLanguage":"es"},{"@type":"WebPage","@id":"https:\/\/colegioarquitectos.com\/noticias\/?p=16921","url":"https:\/\/colegioarquitectos.com\/noticias\/?p=16921","name":"Encuesta CA \u00bfCu\u00e1l es la realidad de los arquitectos chilenos? - COLEGIO DE ARQUITECTOS DE CHILE","isPartOf":{"@id":"https:\/\/colegioarquitectos.com\/noticias\/#website"},"primaryImageOfPage":{"@id":"https:\/\/colegioarquitectos.com\/noticias\/?p=16921#primaryimage"},"image":{"@id":"https:\/\/colegioarquitectos.com\/noticias\/?p=16921#primaryimage"},"thumbnailUrl":"https:\/\/colegioarquitectos.com\/noticias\/wp-content\/uploads\/2017\/04\/Banner-noticia-3.jpg","datePublished":"2017-04-04T21:00:05+00:00","dateModified":"2017-04-05T15:34:18+00:00","breadcrumb":{"@id":"https:\/\/colegioarquitectos.com\/noticias\/?p=16921#breadcrumb"},"inLanguage":"es","potentialAction":[{"@type":"ReadAction","target":["https:\/\/colegioarquitectos.com\/noticias\/?p=16921"]}]},{"@type":"ImageObject","inLanguage":"es","@id":"https:\/\/colegioarquitectos.com\/noticias\/?p=16921#primaryimage","url":"https:\/\/colegioarquitectos.com\/noticias\/wp-content\/uploads\/2017\/04\/Banner-noticia-3.jpg","contentUrl":"https:\/\/colegioarquitectos.com\/noticias\/wp-content\/uploads\/2017\/04\/Banner-noticia-3.jpg","width":690,"height":350},{"@type":"BreadcrumbList","@id":"https:\/\/colegioarquitectos.com\/noticias\/?p=16921#breadcrumb","itemListElement":[{"@type":"ListItem","position":1,"name":"Portada","item":"https:\/\/colegioarquitectos.com\/noticias"},{"@type":"ListItem","position":2,"name":"Encuesta CA \u00bfCu\u00e1l es la realidad de los arquitectos chilenos?"}]},{"@type":"WebSite","@id":"https:\/\/colegioarquitectos.com\/noticias\/#website","url":"https:\/\/colegioarquitectos.com\/noticias\/","name":"COLEGIO DE ARQUITECTOS DE CHILE","description":"","publisher":{"@id":"https:\/\/colegioarquitectos.com\/noticias\/#organization"},"potentialAction":[{"@type":"SearchAction","target":{"@type":"EntryPoint","urlTemplate":"https:\/\/colegioarquitectos.com\/noticias\/?s={search_term_string}"},"query-input":{"@type":"PropertyValueSpecification","valueRequired":true,"valueName":"search_term_string"}}],"inLanguage":"es"},{"@type":"Organization","@id":"https:\/\/colegioarquitectos.com\/noticias\/#organization","name":"COLEGIO DE ARQUITECTOS DE CHILE","url":"https:\/\/colegioarquitectos.com\/noticias\/","logo":{"@type":"ImageObject","inLanguage":"es","@id":"https:\/\/colegioarquitectos.com\/noticias\/#\/schema\/logo\/image\/","url":"https:\/\/colegioarquitectos.com\/noticias\/wp-content\/uploads\/2021\/05\/ENCABEZADO-LOGO-CA.jpg","contentUrl":"https:\/\/colegioarquitectos.com\/noticias\/wp-content\/uploads\/2021\/05\/ENCABEZADO-LOGO-CA.jpg","width":690,"height":350,"caption":"COLEGIO DE ARQUITECTOS DE CHILE"},"image":{"@id":"https:\/\/colegioarquitectos.com\/noticias\/#\/schema\/logo\/image\/"},"sameAs":["https:\/\/facebook.com\/Colegioarq\/","https:\/\/x.com\/colegioarq","https:\/\/instagram.com\/colegioarq","https:\/\/youtube.com\/@ColegiodeArquitectosdeChile"]},{"@type":"Person","@id":"https:\/\/colegioarquitectos.com\/noticias\/#\/schema\/person\/685cc0aad148303c5608f049af8285ad","name":"Colegio de Arquitectos de Chile","url":"https:\/\/colegioarquitectos.com\/noticias\/?author=4"}]}},"_links":{"self":[{"href":"https:\/\/colegioarquitectos.com\/noticias\/index.php?rest_route=\/wp\/v2\/posts\/16921","targetHints":{"allow":["GET"]}}],"collection":[{"href":"https:\/\/colegioarquitectos.com\/noticias\/index.php?rest_route=\/wp\/v2\/posts"}],"about":[{"href":"https:\/\/colegioarquitectos.com\/noticias\/index.php?rest_route=\/wp\/v2\/types\/post"}],"author":[{"embeddable":true,"href":"https:\/\/colegioarquitectos.com\/noticias\/index.php?rest_route=\/wp\/v2\/users\/4"}],"replies":[{"embeddable":true,"href":"https:\/\/colegioarquitectos.com\/noticias\/index.php?rest_route=%2Fwp%2Fv2%2Fcomments&post=16921"}],"version-history":[{"count":0,"href":"https:\/\/colegioarquitectos.com\/noticias\/index.php?rest_route=\/wp\/v2\/posts\/16921\/revisions"}],"wp:featuredmedia":[{"embeddable":true,"href":"https:\/\/colegioarquitectos.com\/noticias\/index.php?rest_route=\/wp\/v2\/media\/16940"}],"wp:attachment":[{"href":"https:\/\/colegioarquitectos.com\/noticias\/index.php?rest_route=%2Fwp%2Fv2%2Fmedia&parent=16921"}],"wp:term":[{"taxonomy":"category","embeddable":true,"href":"https:\/\/colegioarquitectos.com\/noticias\/index.php?rest_route=%2Fwp%2Fv2%2Fcategories&post=16921"},{"taxonomy":"post_tag","embeddable":true,"href":"https:\/\/colegioarquitectos.com\/noticias\/index.php?rest_route=%2Fwp%2Fv2%2Ftags&post=16921"}],"curies":[{"name":"wp","href":"https:\/\/api.w.org\/{rel}","templated":true}]}}