
{"id":16955,"date":"2017-04-05T20:44:36","date_gmt":"2017-04-05T20:44:36","guid":{"rendered":"http:\/\/colegioarquitectos.com\/?p=16955"},"modified":"2017-04-12T19:24:35","modified_gmt":"2017-04-12T19:24:35","slug":"retrospectiva-a-emilio-duhart-harosteguy-premio-nacional-1977","status":"publish","type":"post","link":"https:\/\/colegioarquitectos.com\/noticias\/?p=16955","title":{"rendered":"Retrospectiva de Emilio Duhart Harosteguy, Premio Nacional 1977"},"content":{"rendered":"<p>Emilio Duhart Harosteguy es uno de los arquitectos modernos m\u00e1s importantes de la escena nacional; su nombre y trayectoria han sido destacados por la historiagraf\u00eda latinoamericana junto a emblem\u00e1ticas figuras como Oscar Niemeyer en Brasil, Carlos Ra\u00fal Villanueva en Venezuela o Luis Barrag\u00e1n en M\u00e9xico.<\/p>\n<p><em><a href=\"http:\/\/www.plataformaarquitectura.cl\/cl\/867931\/retrospectiva-a-emilio-duhart-harosteguy-las-cinco-dimensiones-para-entender-al-arquitecto\">Por Jos\u00e9 \u00c1ngel Brunel\/ Investigaci\u00f3n: Ver\u00f3nica Esparza. Publicado en Plataforma Arquitectura<\/a>.<\/em><\/p>\n<p>&nbsp;<\/p>\n<p><img loading=\"lazy\" decoding=\"async\" class=\"alignnone wp-image-16957 size-full\" src=\"http:\/\/colegioarquitectos.com\/noticias\/wp-content\/uploads\/2017\/04\/2-Cepal.jpg\" alt=\"\" width=\"708\" height=\"376\" srcset=\"https:\/\/colegioarquitectos.com\/noticias\/wp-content\/uploads\/2017\/04\/2-Cepal.jpg 708w, https:\/\/colegioarquitectos.com\/noticias\/wp-content\/uploads\/2017\/04\/2-Cepal-300x159.jpg 300w\" sizes=\"auto, (max-width: 708px) 100vw, 708px\" \/><\/p>\n<p>La historia de la arquitectura chilena destaca el Edificio de la Naciones Unidas, hoy CEPAL (1960 &#8211; 1966), como uno de los edificios m\u00e1s relevantes de la modernidad junto a la Unidad Vecinal Portales (1956-1968) de la oficina Bresciani, Vald\u00e9s, Castillo, Huidobro y la Capilla Benedictina de las Condes (1962-1964) de los Hnos. Gabriel Guarda y Mart\u00edn Correa, proyectos contempor\u00e1neos ampliamente difundidos por los medios especializados.<\/p>\n<p>En el 2015, el Museo de Arte Contempor\u00e1neo de New York, MoMA vuelve a poner en valor la obra de las personalidades ya consagradas de la Modernidad as\u00ed como a otros arquitectos a los que la historiograf\u00eda no hizo justicia en su momento a trav\u00e9s del catalogo y exposici\u00f3n: Latin America in Construction Architecture 1955 \u2013 1980, a cargo de\u00a0 Barry Bergdoll, Carlos Eduardo Comas, Jorge Francisco Liernur y Patricio del Real. La instancia se organiza para conmemorar el 60 aniversario de la exposici\u00f3n Latin American Architecture Since 1945 realizada en 1955 por H. R. Hitchcock, aqu\u00ed nuevamente Emilio Duhart es uno de los arquitectos elegidos para representar la modernidad nacional, ahora junto a la oficina BVCH,\u00a0 a los Hnos. Guarda y Correa, a la arquitectura realizada por la escuela de Arquitectura de la Universidad Cat\u00f3lica de Valpara\u00edso a trav\u00e9s de la Cooperativa y ciudad Amereida en Ritoque, a Juan Borchers y\u00a0 Jos\u00e9 Covachevich.<\/p>\n<p>Es necesario destacar tambi\u00e9n que solo existen dos libros dedicados en exclusiva y espec\u00edfico a Duhart en el contexto nacional y que son bibliograf\u00eda b\u00e1sica para el estudio del arquitecto. Emilio Duhart Arquitecto fue publicado en diciembre de 1994 como una investigaci\u00f3n realizada por Alberto Montealegre K., fue editada por Ediciones ARQ de la Pontificia Universidad Cat\u00f3lica de Chile como para de la Serie Monograf\u00edas de Arquitectura Chilena contempor\u00e1nea con el objeto de presentar b\u00e1sicamente obras y proyectos del arquitecto entre 1941 y 1992. La otra publicaci\u00f3n es Cepal 1962_1966 United Nations Building Emilio Duhart Arquitecto a cargo de Jeannette Plaut y Marcelo Sarovic como editores de la editorial Constructo, fue publicado en el 2012 y supone un recorrido que va desde el inicio de la construcci\u00f3n del edificio hasta su inauguraci\u00f3n, y en el que se incluyen archivos hist\u00f3ricos, planos, fotograf\u00edas in\u00e9ditas, recortes de prensa y textos especialmente preparados para esta publicaci\u00f3n por destacadas figuras.<\/p>\n<p>&nbsp;<\/p>\n<p><img loading=\"lazy\" decoding=\"async\" class=\"alignnone wp-image-16958 size-full\" src=\"http:\/\/colegioarquitectos.com\/noticias\/wp-content\/uploads\/2017\/04\/3.jpg\" alt=\"\" width=\"620\" height=\"413\" srcset=\"https:\/\/colegioarquitectos.com\/noticias\/wp-content\/uploads\/2017\/04\/3.jpg 620w, https:\/\/colegioarquitectos.com\/noticias\/wp-content\/uploads\/2017\/04\/3-300x200.jpg 300w\" sizes=\"auto, (max-width: 620px) 100vw, 620px\" \/><\/p>\n<p>Con este marco general, y tras cuarenta a\u00f1os de que se le otorgara el Premio Nacional de Arquitectura, nos parece importante, en una mirada retrospectiva, revisar la relevancia de este arquitecto a trav\u00e9s la investigaci\u00f3n de Ver\u00f3nica Esparza. Su tesis doctoral \u00abEmilio Duhart Harosteguy: Un arquitecto integral. 1935-1992\u00bb servir\u00e1 de base para explicar las m\u00faltiples facetas del quehacer profesional del arquitecto y la complejidad y envergadura de su trabajo.<\/p>\n<p>Ver\u00f3nica Esparza S. es arquitecto e historiadora. Graduada de la Universidad del Desarrollo, posee un Doctorado en Teor\u00eda e Historia de la Arquitectura por la Universidad Polit\u00e9cnica de Catalu\u00f1a, Espa\u00f1a. Como investigadora a participado en conferencias y seminarios destacando en los \u00faltimos a\u00f1os su presencia en calidad de expositor en eventos en Madrid (Espa\u00f1a), Porto Alegre (Brasil), y M\u00e9xico DF (M\u00e9xico) as\u00ed como en varios eventos en Chile. Con m\u00e1s de 15 a\u00f1os de experiencia acad\u00e9mica se ha desempe\u00f1ado en diversos cargos, centrando su labor en la docencia universitaria y la investigaci\u00f3n. Es miembro de Docomomo Chile.<\/p>\n<p><img loading=\"lazy\" decoding=\"async\" class=\"alignnone wp-image-16959 size-full\" src=\"http:\/\/colegioarquitectos.com\/noticias\/wp-content\/uploads\/2017\/04\/8.jpg\" alt=\"\" width=\"620\" height=\"413\" srcset=\"https:\/\/colegioarquitectos.com\/noticias\/wp-content\/uploads\/2017\/04\/8.jpg 620w, https:\/\/colegioarquitectos.com\/noticias\/wp-content\/uploads\/2017\/04\/8-300x200.jpg 300w\" sizes=\"auto, (max-width: 620px) 100vw, 620px\" \/><\/p>\n<p>A trav\u00e9s de breves art\u00edculos se sintetizar\u00e1n cinco dimensiones del arquitecto. Emilio Duhart estudiante, arquitecto, urbanista, acad\u00e9mico y escritor, con el objeto de demostrar c\u00f3mo en cada uno de sus proyectos e intereses, el arquitecto intent\u00f3 trasladar las ideas de la arquitectura racionalista de vanguardia de manera consciente y sint\u00e9tica, logrando una adaptaci\u00f3n arm\u00f3nica y coherente con la potencia paisaj\u00edstica y la idiosincrasia local sobre todo en la etapa chilena de su trabajo, actitud que se ve desdibujada en su obra en Francia.<\/p>\n<p>Ahora bien, \u00bfpor qu\u00e9 desmembrar, porque parcelar o dividir la personalidad profesional de Duhart? Fundamentalmente porque la explicaci\u00f3n brindada por la historiograf\u00eda es parcial e insuficiente para comprender a cabalidad la compleja personalidad creativa de uno de los arquitectos m\u00e1s importantes del siglo XX en Chile. En este sentido, la tesis de la Dra. Esparza desea brindar una mirada panor\u00e1mica, amplia pero no por ello menos profunda de las distintas dimensiones del arquitecto y de sus obras m\u00e1s significativas.<\/p>\n<p>&nbsp;<\/p>\n<p><img loading=\"lazy\" decoding=\"async\" class=\"alignnone wp-image-16960 size-medium\" src=\"http:\/\/colegioarquitectos.com\/noticias\/wp-content\/uploads\/2017\/04\/6-300x200.jpg\" alt=\"\" width=\"300\" height=\"200\" srcset=\"https:\/\/colegioarquitectos.com\/noticias\/wp-content\/uploads\/2017\/04\/6-300x200.jpg 300w, https:\/\/colegioarquitectos.com\/noticias\/wp-content\/uploads\/2017\/04\/6.jpg 620w\" sizes=\"auto, (max-width: 300px) 100vw, 300px\" \/><\/p>\n<p>&nbsp;<\/p>\n<p>Los cinco art\u00edculos de la retrospectiva:<\/p>\n<p><a href=\"http:\/\/www.plataformaarquitectura.cl\/cl\/868485\/retrospectiva-emilio-duhart-como-estudiante\">\u00a01. Emilio Duhart como estudiante (revisa el art\u00edculo completo)<\/a><\/p>\n<p><img loading=\"lazy\" decoding=\"async\" class=\"alignnone size-medium wp-image-16961\" src=\"http:\/\/colegioarquitectos.com\/noticias\/wp-content\/uploads\/2017\/04\/10-300x201.jpg\" alt=\"\" width=\"300\" height=\"201\" srcset=\"https:\/\/colegioarquitectos.com\/noticias\/wp-content\/uploads\/2017\/04\/10-300x201.jpg 300w, https:\/\/colegioarquitectos.com\/noticias\/wp-content\/uploads\/2017\/04\/10-768x514.jpg 768w, https:\/\/colegioarquitectos.com\/noticias\/wp-content\/uploads\/2017\/04\/10.jpg 860w\" sizes=\"auto, (max-width: 300px) 100vw, 300px\" \/><\/p>\n<p><a href=\"http:\/\/www.plataformaarquitectura.cl\/cl\/868982\/retrospectiva-emilio-duhart-como-arquitecto\">2. Emilio Duhart arquitecto (art\u00edculo completo)<\/a><\/p>\n<p><img loading=\"lazy\" decoding=\"async\" class=\"alignnone size-medium wp-image-17086\" src=\"http:\/\/colegioarquitectos.com\/noticias\/wp-content\/uploads\/2017\/04\/pa-la-web-abajo-300x201.jpg\" alt=\"\" width=\"300\" height=\"201\" srcset=\"https:\/\/colegioarquitectos.com\/noticias\/wp-content\/uploads\/2017\/04\/pa-la-web-abajo-300x201.jpg 300w, https:\/\/colegioarquitectos.com\/noticias\/wp-content\/uploads\/2017\/04\/pa-la-web-abajo-768x514.jpg 768w, https:\/\/colegioarquitectos.com\/noticias\/wp-content\/uploads\/2017\/04\/pa-la-web-abajo.jpg 860w\" sizes=\"auto, (max-width: 300px) 100vw, 300px\" \/><\/p>\n<p>&nbsp;<\/p>\n<p><\/p>","protected":false},"excerpt":{"rendered":"<p>Emilio Duhart Harosteguy es uno de los arquitectos modernos m\u00e1s importantes de la escena nacional; su nombre y trayectoria han sido destacados por la historiagraf\u00eda latinoamericana junto a emblem\u00e1ticas figuras como Oscar Niemeyer en Brasil, Carlos Ra\u00fal Villanueva en Venezuela &hellip; <a class=\"more-link\" href=\"https:\/\/colegioarquitectos.com\/noticias\/?p=16955\">ver m\u00e1s<\/a><\/p>","protected":false},"author":4,"featured_media":16956,"comment_status":"closed","ping_status":"closed","sticky":false,"template":"","format":"standard","meta":{"footnotes":""},"categories":[3],"tags":[],"class_list":["post-16955","post","type-post","status-publish","format-standard","has-post-thumbnail","hentry","category-noticias"],"yoast_head":"<!-- This site is optimized with the Yoast SEO plugin v24.2 - https:\/\/yoast.com\/wordpress\/plugins\/seo\/ -->\n<title>Retrospectiva de Emilio Duhart Harosteguy, Premio Nacional 1977 - COLEGIO DE ARQUITECTOS DE CHILE<\/title>\n<meta name=\"robots\" content=\"index, follow, max-snippet:-1, max-image-preview:large, max-video-preview:-1\" \/>\n<link rel=\"canonical\" href=\"https:\/\/colegioarquitectos.com\/noticias\/?p=16955\" \/>\n<meta property=\"og:locale\" content=\"es_ES\" \/>\n<meta property=\"og:type\" content=\"article\" \/>\n<meta property=\"og:title\" content=\"Retrospectiva de Emilio Duhart Harosteguy, Premio Nacional 1977 - COLEGIO DE ARQUITECTOS DE CHILE\" \/>\n<meta property=\"og:description\" content=\"Emilio Duhart Harosteguy es uno de los arquitectos modernos m\u00e1s importantes de la escena nacional; su nombre y trayectoria han sido destacados por la historiagraf\u00eda latinoamericana junto a emblem\u00e1ticas figuras como Oscar Niemeyer en Brasil, Carlos Ra\u00fal Villanueva en Venezuela &hellip; ver m\u00e1s\" \/>\n<meta property=\"og:url\" content=\"https:\/\/colegioarquitectos.com\/noticias\/?p=16955\" \/>\n<meta property=\"og:site_name\" content=\"COLEGIO DE ARQUITECTOS DE CHILE\" \/>\n<meta property=\"article:publisher\" content=\"https:\/\/facebook.com\/Colegioarq\/\" \/>\n<meta property=\"article:published_time\" content=\"2017-04-05T20:44:36+00:00\" \/>\n<meta property=\"article:modified_time\" content=\"2017-04-12T19:24:35+00:00\" \/>\n<meta property=\"og:image\" content=\"https:\/\/colegioarquitectos.com\/noticias\/wp-content\/uploads\/2017\/04\/1.-Duhart_Maqueta.jpg\" \/>\n\t<meta property=\"og:image:width\" content=\"690\" \/>\n\t<meta property=\"og:image:height\" content=\"350\" \/>\n\t<meta property=\"og:image:type\" content=\"image\/jpeg\" \/>\n<meta name=\"author\" content=\"Colegio de Arquitectos de Chile\" \/>\n<meta name=\"twitter:card\" content=\"summary_large_image\" \/>\n<meta name=\"twitter:creator\" content=\"@colegioarq\" \/>\n<meta name=\"twitter:site\" content=\"@colegioarq\" \/>\n<meta name=\"twitter:label1\" content=\"Escrito por\" \/>\n\t<meta name=\"twitter:data1\" content=\"Colegio de Arquitectos de Chile\" \/>\n\t<meta name=\"twitter:label2\" content=\"Tiempo de lectura\" \/>\n\t<meta name=\"twitter:data2\" content=\"4 minutos\" \/>\n<script type=\"application\/ld+json\" class=\"yoast-schema-graph\">{\"@context\":\"https:\/\/schema.org\",\"@graph\":[{\"@type\":\"Article\",\"@id\":\"https:\/\/colegioarquitectos.com\/noticias\/?p=16955#article\",\"isPartOf\":{\"@id\":\"https:\/\/colegioarquitectos.com\/noticias\/?p=16955\"},\"author\":{\"name\":\"Colegio de Arquitectos de Chile\",\"@id\":\"https:\/\/colegioarquitectos.com\/noticias\/#\/schema\/person\/685cc0aad148303c5608f049af8285ad\"},\"headline\":\"Retrospectiva de Emilio Duhart Harosteguy, Premio Nacional 1977\",\"datePublished\":\"2017-04-05T20:44:36+00:00\",\"dateModified\":\"2017-04-12T19:24:35+00:00\",\"mainEntityOfPage\":{\"@id\":\"https:\/\/colegioarquitectos.com\/noticias\/?p=16955\"},\"wordCount\":848,\"publisher\":{\"@id\":\"https:\/\/colegioarquitectos.com\/noticias\/#organization\"},\"image\":{\"@id\":\"https:\/\/colegioarquitectos.com\/noticias\/?p=16955#primaryimage\"},\"thumbnailUrl\":\"https:\/\/colegioarquitectos.com\/noticias\/wp-content\/uploads\/2017\/04\/1.-Duhart_Maqueta.jpg\",\"articleSection\":[\"Noticias\"],\"inLanguage\":\"es\"},{\"@type\":\"WebPage\",\"@id\":\"https:\/\/colegioarquitectos.com\/noticias\/?p=16955\",\"url\":\"https:\/\/colegioarquitectos.com\/noticias\/?p=16955\",\"name\":\"Retrospectiva de Emilio Duhart Harosteguy, Premio Nacional 1977 - COLEGIO DE ARQUITECTOS DE CHILE\",\"isPartOf\":{\"@id\":\"https:\/\/colegioarquitectos.com\/noticias\/#website\"},\"primaryImageOfPage\":{\"@id\":\"https:\/\/colegioarquitectos.com\/noticias\/?p=16955#primaryimage\"},\"image\":{\"@id\":\"https:\/\/colegioarquitectos.com\/noticias\/?p=16955#primaryimage\"},\"thumbnailUrl\":\"https:\/\/colegioarquitectos.com\/noticias\/wp-content\/uploads\/2017\/04\/1.-Duhart_Maqueta.jpg\",\"datePublished\":\"2017-04-05T20:44:36+00:00\",\"dateModified\":\"2017-04-12T19:24:35+00:00\",\"breadcrumb\":{\"@id\":\"https:\/\/colegioarquitectos.com\/noticias\/?p=16955#breadcrumb\"},\"inLanguage\":\"es\",\"potentialAction\":[{\"@type\":\"ReadAction\",\"target\":[\"https:\/\/colegioarquitectos.com\/noticias\/?p=16955\"]}]},{\"@type\":\"ImageObject\",\"inLanguage\":\"es\",\"@id\":\"https:\/\/colegioarquitectos.com\/noticias\/?p=16955#primaryimage\",\"url\":\"https:\/\/colegioarquitectos.com\/noticias\/wp-content\/uploads\/2017\/04\/1.-Duhart_Maqueta.jpg\",\"contentUrl\":\"https:\/\/colegioarquitectos.com\/noticias\/wp-content\/uploads\/2017\/04\/1.-Duhart_Maqueta.jpg\",\"width\":690,\"height\":350},{\"@type\":\"BreadcrumbList\",\"@id\":\"https:\/\/colegioarquitectos.com\/noticias\/?p=16955#breadcrumb\",\"itemListElement\":[{\"@type\":\"ListItem\",\"position\":1,\"name\":\"Portada\",\"item\":\"https:\/\/colegioarquitectos.com\/noticias\"},{\"@type\":\"ListItem\",\"position\":2,\"name\":\"Retrospectiva de Emilio Duhart Harosteguy, Premio Nacional 1977\"}]},{\"@type\":\"WebSite\",\"@id\":\"https:\/\/colegioarquitectos.com\/noticias\/#website\",\"url\":\"https:\/\/colegioarquitectos.com\/noticias\/\",\"name\":\"COLEGIO DE ARQUITECTOS DE CHILE\",\"description\":\"\",\"publisher\":{\"@id\":\"https:\/\/colegioarquitectos.com\/noticias\/#organization\"},\"potentialAction\":[{\"@type\":\"SearchAction\",\"target\":{\"@type\":\"EntryPoint\",\"urlTemplate\":\"https:\/\/colegioarquitectos.com\/noticias\/?s={search_term_string}\"},\"query-input\":{\"@type\":\"PropertyValueSpecification\",\"valueRequired\":true,\"valueName\":\"search_term_string\"}}],\"inLanguage\":\"es\"},{\"@type\":\"Organization\",\"@id\":\"https:\/\/colegioarquitectos.com\/noticias\/#organization\",\"name\":\"COLEGIO DE ARQUITECTOS DE CHILE\",\"url\":\"https:\/\/colegioarquitectos.com\/noticias\/\",\"logo\":{\"@type\":\"ImageObject\",\"inLanguage\":\"es\",\"@id\":\"https:\/\/colegioarquitectos.com\/noticias\/#\/schema\/logo\/image\/\",\"url\":\"https:\/\/colegioarquitectos.com\/noticias\/wp-content\/uploads\/2021\/05\/ENCABEZADO-LOGO-CA.jpg\",\"contentUrl\":\"https:\/\/colegioarquitectos.com\/noticias\/wp-content\/uploads\/2021\/05\/ENCABEZADO-LOGO-CA.jpg\",\"width\":690,\"height\":350,\"caption\":\"COLEGIO DE ARQUITECTOS DE CHILE\"},\"image\":{\"@id\":\"https:\/\/colegioarquitectos.com\/noticias\/#\/schema\/logo\/image\/\"},\"sameAs\":[\"https:\/\/facebook.com\/Colegioarq\/\",\"https:\/\/x.com\/colegioarq\",\"https:\/\/instagram.com\/colegioarq\",\"https:\/\/youtube.com\/@ColegiodeArquitectosdeChile\"]},{\"@type\":\"Person\",\"@id\":\"https:\/\/colegioarquitectos.com\/noticias\/#\/schema\/person\/685cc0aad148303c5608f049af8285ad\",\"name\":\"Colegio de Arquitectos de Chile\",\"url\":\"https:\/\/colegioarquitectos.com\/noticias\/?author=4\"}]}<\/script>\n<!-- \/ Yoast SEO plugin. -->","yoast_head_json":{"title":"Retrospectiva de Emilio Duhart Harosteguy, Premio Nacional 1977 - COLEGIO DE ARQUITECTOS DE CHILE","robots":{"index":"index","follow":"follow","max-snippet":"max-snippet:-1","max-image-preview":"max-image-preview:large","max-video-preview":"max-video-preview:-1"},"canonical":"https:\/\/colegioarquitectos.com\/noticias\/?p=16955","og_locale":"es_ES","og_type":"article","og_title":"Retrospectiva de Emilio Duhart Harosteguy, Premio Nacional 1977 - COLEGIO DE ARQUITECTOS DE CHILE","og_description":"Emilio Duhart Harosteguy es uno de los arquitectos modernos m\u00e1s importantes de la escena nacional; su nombre y trayectoria han sido destacados por la historiagraf\u00eda latinoamericana junto a emblem\u00e1ticas figuras como Oscar Niemeyer en Brasil, Carlos Ra\u00fal Villanueva en Venezuela &hellip; ver m\u00e1s","og_url":"https:\/\/colegioarquitectos.com\/noticias\/?p=16955","og_site_name":"COLEGIO DE ARQUITECTOS DE CHILE","article_publisher":"https:\/\/facebook.com\/Colegioarq\/","article_published_time":"2017-04-05T20:44:36+00:00","article_modified_time":"2017-04-12T19:24:35+00:00","og_image":[{"width":690,"height":350,"url":"https:\/\/colegioarquitectos.com\/noticias\/wp-content\/uploads\/2017\/04\/1.-Duhart_Maqueta.jpg","type":"image\/jpeg"}],"author":"Colegio de Arquitectos de Chile","twitter_card":"summary_large_image","twitter_creator":"@colegioarq","twitter_site":"@colegioarq","twitter_misc":{"Escrito por":"Colegio de Arquitectos de Chile","Tiempo de lectura":"4 minutos"},"schema":{"@context":"https:\/\/schema.org","@graph":[{"@type":"Article","@id":"https:\/\/colegioarquitectos.com\/noticias\/?p=16955#article","isPartOf":{"@id":"https:\/\/colegioarquitectos.com\/noticias\/?p=16955"},"author":{"name":"Colegio de Arquitectos de Chile","@id":"https:\/\/colegioarquitectos.com\/noticias\/#\/schema\/person\/685cc0aad148303c5608f049af8285ad"},"headline":"Retrospectiva de Emilio Duhart Harosteguy, Premio Nacional 1977","datePublished":"2017-04-05T20:44:36+00:00","dateModified":"2017-04-12T19:24:35+00:00","mainEntityOfPage":{"@id":"https:\/\/colegioarquitectos.com\/noticias\/?p=16955"},"wordCount":848,"publisher":{"@id":"https:\/\/colegioarquitectos.com\/noticias\/#organization"},"image":{"@id":"https:\/\/colegioarquitectos.com\/noticias\/?p=16955#primaryimage"},"thumbnailUrl":"https:\/\/colegioarquitectos.com\/noticias\/wp-content\/uploads\/2017\/04\/1.-Duhart_Maqueta.jpg","articleSection":["Noticias"],"inLanguage":"es"},{"@type":"WebPage","@id":"https:\/\/colegioarquitectos.com\/noticias\/?p=16955","url":"https:\/\/colegioarquitectos.com\/noticias\/?p=16955","name":"Retrospectiva de Emilio Duhart Harosteguy, Premio Nacional 1977 - COLEGIO DE ARQUITECTOS DE CHILE","isPartOf":{"@id":"https:\/\/colegioarquitectos.com\/noticias\/#website"},"primaryImageOfPage":{"@id":"https:\/\/colegioarquitectos.com\/noticias\/?p=16955#primaryimage"},"image":{"@id":"https:\/\/colegioarquitectos.com\/noticias\/?p=16955#primaryimage"},"thumbnailUrl":"https:\/\/colegioarquitectos.com\/noticias\/wp-content\/uploads\/2017\/04\/1.-Duhart_Maqueta.jpg","datePublished":"2017-04-05T20:44:36+00:00","dateModified":"2017-04-12T19:24:35+00:00","breadcrumb":{"@id":"https:\/\/colegioarquitectos.com\/noticias\/?p=16955#breadcrumb"},"inLanguage":"es","potentialAction":[{"@type":"ReadAction","target":["https:\/\/colegioarquitectos.com\/noticias\/?p=16955"]}]},{"@type":"ImageObject","inLanguage":"es","@id":"https:\/\/colegioarquitectos.com\/noticias\/?p=16955#primaryimage","url":"https:\/\/colegioarquitectos.com\/noticias\/wp-content\/uploads\/2017\/04\/1.-Duhart_Maqueta.jpg","contentUrl":"https:\/\/colegioarquitectos.com\/noticias\/wp-content\/uploads\/2017\/04\/1.-Duhart_Maqueta.jpg","width":690,"height":350},{"@type":"BreadcrumbList","@id":"https:\/\/colegioarquitectos.com\/noticias\/?p=16955#breadcrumb","itemListElement":[{"@type":"ListItem","position":1,"name":"Portada","item":"https:\/\/colegioarquitectos.com\/noticias"},{"@type":"ListItem","position":2,"name":"Retrospectiva de Emilio Duhart Harosteguy, Premio Nacional 1977"}]},{"@type":"WebSite","@id":"https:\/\/colegioarquitectos.com\/noticias\/#website","url":"https:\/\/colegioarquitectos.com\/noticias\/","name":"COLEGIO DE ARQUITECTOS DE CHILE","description":"","publisher":{"@id":"https:\/\/colegioarquitectos.com\/noticias\/#organization"},"potentialAction":[{"@type":"SearchAction","target":{"@type":"EntryPoint","urlTemplate":"https:\/\/colegioarquitectos.com\/noticias\/?s={search_term_string}"},"query-input":{"@type":"PropertyValueSpecification","valueRequired":true,"valueName":"search_term_string"}}],"inLanguage":"es"},{"@type":"Organization","@id":"https:\/\/colegioarquitectos.com\/noticias\/#organization","name":"COLEGIO DE ARQUITECTOS DE CHILE","url":"https:\/\/colegioarquitectos.com\/noticias\/","logo":{"@type":"ImageObject","inLanguage":"es","@id":"https:\/\/colegioarquitectos.com\/noticias\/#\/schema\/logo\/image\/","url":"https:\/\/colegioarquitectos.com\/noticias\/wp-content\/uploads\/2021\/05\/ENCABEZADO-LOGO-CA.jpg","contentUrl":"https:\/\/colegioarquitectos.com\/noticias\/wp-content\/uploads\/2021\/05\/ENCABEZADO-LOGO-CA.jpg","width":690,"height":350,"caption":"COLEGIO DE ARQUITECTOS DE CHILE"},"image":{"@id":"https:\/\/colegioarquitectos.com\/noticias\/#\/schema\/logo\/image\/"},"sameAs":["https:\/\/facebook.com\/Colegioarq\/","https:\/\/x.com\/colegioarq","https:\/\/instagram.com\/colegioarq","https:\/\/youtube.com\/@ColegiodeArquitectosdeChile"]},{"@type":"Person","@id":"https:\/\/colegioarquitectos.com\/noticias\/#\/schema\/person\/685cc0aad148303c5608f049af8285ad","name":"Colegio de Arquitectos de Chile","url":"https:\/\/colegioarquitectos.com\/noticias\/?author=4"}]}},"_links":{"self":[{"href":"https:\/\/colegioarquitectos.com\/noticias\/index.php?rest_route=\/wp\/v2\/posts\/16955","targetHints":{"allow":["GET"]}}],"collection":[{"href":"https:\/\/colegioarquitectos.com\/noticias\/index.php?rest_route=\/wp\/v2\/posts"}],"about":[{"href":"https:\/\/colegioarquitectos.com\/noticias\/index.php?rest_route=\/wp\/v2\/types\/post"}],"author":[{"embeddable":true,"href":"https:\/\/colegioarquitectos.com\/noticias\/index.php?rest_route=\/wp\/v2\/users\/4"}],"replies":[{"embeddable":true,"href":"https:\/\/colegioarquitectos.com\/noticias\/index.php?rest_route=%2Fwp%2Fv2%2Fcomments&post=16955"}],"version-history":[{"count":0,"href":"https:\/\/colegioarquitectos.com\/noticias\/index.php?rest_route=\/wp\/v2\/posts\/16955\/revisions"}],"wp:featuredmedia":[{"embeddable":true,"href":"https:\/\/colegioarquitectos.com\/noticias\/index.php?rest_route=\/wp\/v2\/media\/16956"}],"wp:attachment":[{"href":"https:\/\/colegioarquitectos.com\/noticias\/index.php?rest_route=%2Fwp%2Fv2%2Fmedia&parent=16955"}],"wp:term":[{"taxonomy":"category","embeddable":true,"href":"https:\/\/colegioarquitectos.com\/noticias\/index.php?rest_route=%2Fwp%2Fv2%2Fcategories&post=16955"},{"taxonomy":"post_tag","embeddable":true,"href":"https:\/\/colegioarquitectos.com\/noticias\/index.php?rest_route=%2Fwp%2Fv2%2Ftags&post=16955"}],"curies":[{"name":"wp","href":"https:\/\/api.w.org\/{rel}","templated":true}]}}