
{"id":16973,"date":"2017-04-07T14:40:51","date_gmt":"2017-04-07T14:40:51","guid":{"rendered":"http:\/\/colegioarquitectos.com\/?p=16973"},"modified":"2017-04-07T14:44:44","modified_gmt":"2017-04-07T14:44:44","slug":"27-de-abril-seminario-de-arquitectura-y-especialidades-hospitalarias","status":"publish","type":"post","link":"https:\/\/colegioarquitectos.com\/noticias\/?p=16973","title":{"rendered":"Seminario de arquitectura y especialidades hospitalarias"},"content":{"rendered":"<p>La instancia organizada por AARQHOS y CDT convoca a arquitectos, ingenieros, proyectistas de especialidades, m\u00e9dicos, t\u00e9cnicos, b\u00edoingenieros, entre otros profesionales relacionados a la infraestructura hospitalaria.<\/p>\n<p>El pr\u00f3ximo 26 de abril y bajo la organizaci\u00f3n de la Asociaci\u00f3n Chilena de Arquitectura y Especialidades Hospitalarias y la Corporaci\u00f3n de Desarrollo Tecnol\u00f3gico de la C\u00e1mara Chilena de la Construcci\u00f3n (CDT), se realizar\u00e1 el Seminario de Arquitectura y Especialidades Hospitalarias: \u201cMitigaci\u00f3n de la Vulnerabilidad en Elementos no Estructurales\u201d, instancia que busca dar a conocer los aspectos t\u00e9cnicos y pr\u00e1cticos de la Norma de Elementos No Estructurales a nivel de infraestructura en salud.<\/p>\n<p>El evento que tendr\u00e1 lugar en el auditorio de la C\u00e1mara Chilena de la Construcci\u00f3n, est\u00e1 dirigido a arquitectos, ingenieros, proyectistas de especialidades, m\u00e9dicos, t\u00e9cnicos, bioingenieros, entre otros profesionales relacionados a la infraestructura hospitalaria, y contar\u00e1 con destacados expertos en la materia, quienes analizar\u00e1n diversos aspectos de la normativa, la experiencia de su aplicaci\u00f3n en el escenario nacional y abordar\u00e1n las soluciones constructivas disponibles en el mercado chileno.<\/p>\n<p>Abrir\u00e1 el seminario \u201cDise\u00f1o S\u00edsmico de Componentes y Sistemas No Estructurales: Elementos Arquitect\u00f3nicos, Sistemas El\u00e9ctricos y Mec\u00e1nicos\u201d, charla a cargo del Ingeniero Civil Rodrigo Retamales, especialista en dise\u00f1o s\u00edsmico y estructural y con postdoctorado en calificaci\u00f3n s\u00edsmica experimental de sistemas no estructurales de la Universidad de New York, quien ha presidido los comit\u00e9s a cargo de desarrollar las normas para el dise\u00f1o s\u00edsmico de componentes no estructurales y para el an\u00e1lisis y dise\u00f1o de edificaciones con aislaci\u00f3n s\u00edsmica.<\/p>\n<p>En tanto, la charla te\u00f3rico-pr\u00e1ctica \u201cLos Conceptos de f\u00edsica y sismos: Aplicados a elementos comunes de un hospital para determinar su estabilidad frente a aceleraciones s\u00edsmicas\u201d, ser\u00e1 presentada por Agust\u00edn Gallardo I\u00f1iguez, Ingeniero Civil y profesor de la Escuela de Salud P\u00fablica de la Universidad de Chile y Consultor de la Organizaci\u00f3n Panamericana de la Salud, quien cuenta con amplia experiencia en ingenier\u00eda hospitalaria en el \u00e1rea de estructuras, instalaciones, mantenci\u00f3n y seguridad.<\/p>\n<p>Cerrar\u00e1 la jornada \u201cLa Experiencia del Hospital de Talca en la Estructuraci\u00f3n de Elementos No Estructurales\u201d, charla a cargo del arquitecto \u00c1lvaro Prieto, especialista en arquitectura hospitalaria, y que desde 1969 ha liderado importantes proyectos en el \u00e1rea en todo Chile, tanto en el sector p\u00fablico como en el privado.<\/p>\n<p>Cabe destacar que la inscripci\u00f3n es gratuita, aunque los cupos son limitados, por lo que quienes quieran participar del evento pueden hacerlo visitando la web de la asociaci\u00f3n <a href=\"http:\/\/www.aarqhos.cl\">www.aarqhos.cl<\/a>.<\/p>\n\n\t\t<style type=\"text\/css\">\n\t\t\t#gallery-1 {\n\t\t\t\tmargin: auto;\n\t\t\t}\n\t\t\t#gallery-1 .gallery-item {\n\t\t\t\tfloat: left;\n\t\t\t\tmargin-top: 10px;\n\t\t\t\ttext-align: center;\n\t\t\t\twidth: 33%;\n\t\t\t}\n\t\t\t#gallery-1 img {\n\t\t\t\tborder: 2px solid #cfcfcf;\n\t\t\t}\n\t\t\t#gallery-1 .gallery-caption {\n\t\t\t\tmargin-left: 0;\n\t\t\t}\n\t\t\t\/* see gallery_shortcode() in wp-includes\/media.php *\/\n\t\t<\/style>\n\t\t<div id='gallery-1' class='gallery galleryid-16973 gallery-columns-3 gallery-size-thumbnail'><dl class='gallery-item'>\n\t\t\t<dt class='gallery-icon landscape'>\n\t\t\t\t<a href='https:\/\/colegioarquitectos.com\/noticias\/?attachment_id=16975'><img loading=\"lazy\" decoding=\"async\" width=\"180\" height=\"180\" src=\"https:\/\/colegioarquitectos.com\/noticias\/wp-content\/uploads\/2017\/04\/Seminario-AARQHOS-CDT-2-180x180.jpg\" class=\"attachment-thumbnail size-thumbnail\" alt=\"\" \/><\/a>\n\t\t\t<\/dt><\/dl><dl class='gallery-item'>\n\t\t\t<dt class='gallery-icon landscape'>\n\t\t\t\t<a href='https:\/\/colegioarquitectos.com\/noticias\/?attachment_id=16976'><img loading=\"lazy\" decoding=\"async\" width=\"180\" height=\"180\" src=\"https:\/\/colegioarquitectos.com\/noticias\/wp-content\/uploads\/2017\/04\/Seminario-AARQHOS-CDT-180x180.jpg\" class=\"attachment-thumbnail size-thumbnail\" alt=\"\" \/><\/a>\n\t\t\t<\/dt><\/dl>\n\t\t\t<br style='clear: both' \/>\n\t\t<\/div>\n\n<p><\/p>","protected":false},"excerpt":{"rendered":"<p>La instancia organizada por AARQHOS y CDT convoca a arquitectos, ingenieros, proyectistas de especialidades, m\u00e9dicos, t\u00e9cnicos, b\u00edoingenieros, entre otros profesionales relacionados a la infraestructura hospitalaria. El pr\u00f3ximo 26 de abril y bajo la organizaci\u00f3n de la Asociaci\u00f3n Chilena de Arquitectura &hellip; <a class=\"more-link\" href=\"https:\/\/colegioarquitectos.com\/noticias\/?p=16973\">ver m\u00e1s<\/a><\/p>","protected":false},"author":4,"featured_media":16974,"comment_status":"closed","ping_status":"closed","sticky":false,"template":"","format":"standard","meta":{"footnotes":""},"categories":[19],"tags":[],"class_list":["post-16973","post","type-post","status-publish","format-standard","has-post-thumbnail","hentry","category-actividades"],"yoast_head":"<!-- This site is optimized with the Yoast SEO plugin v24.2 - https:\/\/yoast.com\/wordpress\/plugins\/seo\/ -->\n<title>Seminario de arquitectura y especialidades hospitalarias - COLEGIO DE ARQUITECTOS DE CHILE<\/title>\n<meta name=\"robots\" content=\"index, follow, max-snippet:-1, max-image-preview:large, max-video-preview:-1\" \/>\n<link rel=\"canonical\" href=\"https:\/\/colegioarquitectos.com\/noticias\/?p=16973\" \/>\n<meta property=\"og:locale\" content=\"es_ES\" \/>\n<meta property=\"og:type\" content=\"article\" \/>\n<meta property=\"og:title\" content=\"Seminario de arquitectura y especialidades hospitalarias - COLEGIO DE ARQUITECTOS DE CHILE\" \/>\n<meta property=\"og:description\" content=\"La instancia organizada por AARQHOS y CDT convoca a arquitectos, ingenieros, proyectistas de especialidades, m\u00e9dicos, t\u00e9cnicos, b\u00edoingenieros, entre otros profesionales relacionados a la infraestructura hospitalaria. El pr\u00f3ximo 26 de abril y bajo la organizaci\u00f3n de la Asociaci\u00f3n Chilena de Arquitectura &hellip; ver m\u00e1s\" \/>\n<meta property=\"og:url\" content=\"https:\/\/colegioarquitectos.com\/noticias\/?p=16973\" \/>\n<meta property=\"og:site_name\" content=\"COLEGIO DE ARQUITECTOS DE CHILE\" \/>\n<meta property=\"article:publisher\" content=\"https:\/\/facebook.com\/Colegioarq\/\" \/>\n<meta property=\"article:published_time\" content=\"2017-04-07T14:40:51+00:00\" \/>\n<meta property=\"article:modified_time\" content=\"2017-04-07T14:44:44+00:00\" \/>\n<meta property=\"og:image\" content=\"https:\/\/colegioarquitectos.com\/noticias\/wp-content\/uploads\/2017\/04\/Seminario-Arquitectura-Hospitalaria-2017.jpg\" \/>\n\t<meta property=\"og:image:width\" content=\"690\" \/>\n\t<meta property=\"og:image:height\" content=\"350\" \/>\n\t<meta property=\"og:image:type\" content=\"image\/jpeg\" \/>\n<meta name=\"author\" content=\"Colegio de Arquitectos de Chile\" \/>\n<meta name=\"twitter:card\" content=\"summary_large_image\" \/>\n<meta name=\"twitter:creator\" content=\"@colegioarq\" \/>\n<meta name=\"twitter:site\" content=\"@colegioarq\" \/>\n<meta name=\"twitter:label1\" content=\"Escrito por\" \/>\n\t<meta name=\"twitter:data1\" content=\"Colegio de Arquitectos de Chile\" \/>\n\t<meta name=\"twitter:label2\" content=\"Tiempo de lectura\" \/>\n\t<meta name=\"twitter:data2\" content=\"2 minutos\" \/>\n<script type=\"application\/ld+json\" class=\"yoast-schema-graph\">{\"@context\":\"https:\/\/schema.org\",\"@graph\":[{\"@type\":\"Article\",\"@id\":\"https:\/\/colegioarquitectos.com\/noticias\/?p=16973#article\",\"isPartOf\":{\"@id\":\"https:\/\/colegioarquitectos.com\/noticias\/?p=16973\"},\"author\":{\"name\":\"Colegio de Arquitectos de Chile\",\"@id\":\"https:\/\/colegioarquitectos.com\/noticias\/#\/schema\/person\/685cc0aad148303c5608f049af8285ad\"},\"headline\":\"Seminario de arquitectura y especialidades hospitalarias\",\"datePublished\":\"2017-04-07T14:40:51+00:00\",\"dateModified\":\"2017-04-07T14:44:44+00:00\",\"mainEntityOfPage\":{\"@id\":\"https:\/\/colegioarquitectos.com\/noticias\/?p=16973\"},\"wordCount\":454,\"publisher\":{\"@id\":\"https:\/\/colegioarquitectos.com\/noticias\/#organization\"},\"image\":{\"@id\":\"https:\/\/colegioarquitectos.com\/noticias\/?p=16973#primaryimage\"},\"thumbnailUrl\":\"https:\/\/colegioarquitectos.com\/noticias\/wp-content\/uploads\/2017\/04\/Seminario-Arquitectura-Hospitalaria-2017.jpg\",\"articleSection\":[\"Actividades\"],\"inLanguage\":\"es\"},{\"@type\":\"WebPage\",\"@id\":\"https:\/\/colegioarquitectos.com\/noticias\/?p=16973\",\"url\":\"https:\/\/colegioarquitectos.com\/noticias\/?p=16973\",\"name\":\"Seminario de arquitectura y especialidades hospitalarias - COLEGIO DE ARQUITECTOS DE CHILE\",\"isPartOf\":{\"@id\":\"https:\/\/colegioarquitectos.com\/noticias\/#website\"},\"primaryImageOfPage\":{\"@id\":\"https:\/\/colegioarquitectos.com\/noticias\/?p=16973#primaryimage\"},\"image\":{\"@id\":\"https:\/\/colegioarquitectos.com\/noticias\/?p=16973#primaryimage\"},\"thumbnailUrl\":\"https:\/\/colegioarquitectos.com\/noticias\/wp-content\/uploads\/2017\/04\/Seminario-Arquitectura-Hospitalaria-2017.jpg\",\"datePublished\":\"2017-04-07T14:40:51+00:00\",\"dateModified\":\"2017-04-07T14:44:44+00:00\",\"breadcrumb\":{\"@id\":\"https:\/\/colegioarquitectos.com\/noticias\/?p=16973#breadcrumb\"},\"inLanguage\":\"es\",\"potentialAction\":[{\"@type\":\"ReadAction\",\"target\":[\"https:\/\/colegioarquitectos.com\/noticias\/?p=16973\"]}]},{\"@type\":\"ImageObject\",\"inLanguage\":\"es\",\"@id\":\"https:\/\/colegioarquitectos.com\/noticias\/?p=16973#primaryimage\",\"url\":\"https:\/\/colegioarquitectos.com\/noticias\/wp-content\/uploads\/2017\/04\/Seminario-Arquitectura-Hospitalaria-2017.jpg\",\"contentUrl\":\"https:\/\/colegioarquitectos.com\/noticias\/wp-content\/uploads\/2017\/04\/Seminario-Arquitectura-Hospitalaria-2017.jpg\",\"width\":690,\"height\":350},{\"@type\":\"BreadcrumbList\",\"@id\":\"https:\/\/colegioarquitectos.com\/noticias\/?p=16973#breadcrumb\",\"itemListElement\":[{\"@type\":\"ListItem\",\"position\":1,\"name\":\"Portada\",\"item\":\"https:\/\/colegioarquitectos.com\/noticias\"},{\"@type\":\"ListItem\",\"position\":2,\"name\":\"Seminario de arquitectura y especialidades hospitalarias\"}]},{\"@type\":\"WebSite\",\"@id\":\"https:\/\/colegioarquitectos.com\/noticias\/#website\",\"url\":\"https:\/\/colegioarquitectos.com\/noticias\/\",\"name\":\"COLEGIO DE ARQUITECTOS DE CHILE\",\"description\":\"\",\"publisher\":{\"@id\":\"https:\/\/colegioarquitectos.com\/noticias\/#organization\"},\"potentialAction\":[{\"@type\":\"SearchAction\",\"target\":{\"@type\":\"EntryPoint\",\"urlTemplate\":\"https:\/\/colegioarquitectos.com\/noticias\/?s={search_term_string}\"},\"query-input\":{\"@type\":\"PropertyValueSpecification\",\"valueRequired\":true,\"valueName\":\"search_term_string\"}}],\"inLanguage\":\"es\"},{\"@type\":\"Organization\",\"@id\":\"https:\/\/colegioarquitectos.com\/noticias\/#organization\",\"name\":\"COLEGIO DE ARQUITECTOS DE CHILE\",\"url\":\"https:\/\/colegioarquitectos.com\/noticias\/\",\"logo\":{\"@type\":\"ImageObject\",\"inLanguage\":\"es\",\"@id\":\"https:\/\/colegioarquitectos.com\/noticias\/#\/schema\/logo\/image\/\",\"url\":\"https:\/\/colegioarquitectos.com\/noticias\/wp-content\/uploads\/2021\/05\/ENCABEZADO-LOGO-CA.jpg\",\"contentUrl\":\"https:\/\/colegioarquitectos.com\/noticias\/wp-content\/uploads\/2021\/05\/ENCABEZADO-LOGO-CA.jpg\",\"width\":690,\"height\":350,\"caption\":\"COLEGIO DE ARQUITECTOS DE CHILE\"},\"image\":{\"@id\":\"https:\/\/colegioarquitectos.com\/noticias\/#\/schema\/logo\/image\/\"},\"sameAs\":[\"https:\/\/facebook.com\/Colegioarq\/\",\"https:\/\/x.com\/colegioarq\",\"https:\/\/instagram.com\/colegioarq\",\"https:\/\/youtube.com\/@ColegiodeArquitectosdeChile\"]},{\"@type\":\"Person\",\"@id\":\"https:\/\/colegioarquitectos.com\/noticias\/#\/schema\/person\/685cc0aad148303c5608f049af8285ad\",\"name\":\"Colegio de Arquitectos de Chile\",\"url\":\"https:\/\/colegioarquitectos.com\/noticias\/?author=4\"}]}<\/script>\n<!-- \/ Yoast SEO plugin. -->","yoast_head_json":{"title":"Seminario de arquitectura y especialidades hospitalarias - COLEGIO DE ARQUITECTOS DE CHILE","robots":{"index":"index","follow":"follow","max-snippet":"max-snippet:-1","max-image-preview":"max-image-preview:large","max-video-preview":"max-video-preview:-1"},"canonical":"https:\/\/colegioarquitectos.com\/noticias\/?p=16973","og_locale":"es_ES","og_type":"article","og_title":"Seminario de arquitectura y especialidades hospitalarias - COLEGIO DE ARQUITECTOS DE CHILE","og_description":"La instancia organizada por AARQHOS y CDT convoca a arquitectos, ingenieros, proyectistas de especialidades, m\u00e9dicos, t\u00e9cnicos, b\u00edoingenieros, entre otros profesionales relacionados a la infraestructura hospitalaria. El pr\u00f3ximo 26 de abril y bajo la organizaci\u00f3n de la Asociaci\u00f3n Chilena de Arquitectura &hellip; ver m\u00e1s","og_url":"https:\/\/colegioarquitectos.com\/noticias\/?p=16973","og_site_name":"COLEGIO DE ARQUITECTOS DE CHILE","article_publisher":"https:\/\/facebook.com\/Colegioarq\/","article_published_time":"2017-04-07T14:40:51+00:00","article_modified_time":"2017-04-07T14:44:44+00:00","og_image":[{"width":690,"height":350,"url":"https:\/\/colegioarquitectos.com\/noticias\/wp-content\/uploads\/2017\/04\/Seminario-Arquitectura-Hospitalaria-2017.jpg","type":"image\/jpeg"}],"author":"Colegio de Arquitectos de Chile","twitter_card":"summary_large_image","twitter_creator":"@colegioarq","twitter_site":"@colegioarq","twitter_misc":{"Escrito por":"Colegio de Arquitectos de Chile","Tiempo de lectura":"2 minutos"},"schema":{"@context":"https:\/\/schema.org","@graph":[{"@type":"Article","@id":"https:\/\/colegioarquitectos.com\/noticias\/?p=16973#article","isPartOf":{"@id":"https:\/\/colegioarquitectos.com\/noticias\/?p=16973"},"author":{"name":"Colegio de Arquitectos de Chile","@id":"https:\/\/colegioarquitectos.com\/noticias\/#\/schema\/person\/685cc0aad148303c5608f049af8285ad"},"headline":"Seminario de arquitectura y especialidades hospitalarias","datePublished":"2017-04-07T14:40:51+00:00","dateModified":"2017-04-07T14:44:44+00:00","mainEntityOfPage":{"@id":"https:\/\/colegioarquitectos.com\/noticias\/?p=16973"},"wordCount":454,"publisher":{"@id":"https:\/\/colegioarquitectos.com\/noticias\/#organization"},"image":{"@id":"https:\/\/colegioarquitectos.com\/noticias\/?p=16973#primaryimage"},"thumbnailUrl":"https:\/\/colegioarquitectos.com\/noticias\/wp-content\/uploads\/2017\/04\/Seminario-Arquitectura-Hospitalaria-2017.jpg","articleSection":["Actividades"],"inLanguage":"es"},{"@type":"WebPage","@id":"https:\/\/colegioarquitectos.com\/noticias\/?p=16973","url":"https:\/\/colegioarquitectos.com\/noticias\/?p=16973","name":"Seminario de arquitectura y especialidades hospitalarias - COLEGIO DE ARQUITECTOS DE CHILE","isPartOf":{"@id":"https:\/\/colegioarquitectos.com\/noticias\/#website"},"primaryImageOfPage":{"@id":"https:\/\/colegioarquitectos.com\/noticias\/?p=16973#primaryimage"},"image":{"@id":"https:\/\/colegioarquitectos.com\/noticias\/?p=16973#primaryimage"},"thumbnailUrl":"https:\/\/colegioarquitectos.com\/noticias\/wp-content\/uploads\/2017\/04\/Seminario-Arquitectura-Hospitalaria-2017.jpg","datePublished":"2017-04-07T14:40:51+00:00","dateModified":"2017-04-07T14:44:44+00:00","breadcrumb":{"@id":"https:\/\/colegioarquitectos.com\/noticias\/?p=16973#breadcrumb"},"inLanguage":"es","potentialAction":[{"@type":"ReadAction","target":["https:\/\/colegioarquitectos.com\/noticias\/?p=16973"]}]},{"@type":"ImageObject","inLanguage":"es","@id":"https:\/\/colegioarquitectos.com\/noticias\/?p=16973#primaryimage","url":"https:\/\/colegioarquitectos.com\/noticias\/wp-content\/uploads\/2017\/04\/Seminario-Arquitectura-Hospitalaria-2017.jpg","contentUrl":"https:\/\/colegioarquitectos.com\/noticias\/wp-content\/uploads\/2017\/04\/Seminario-Arquitectura-Hospitalaria-2017.jpg","width":690,"height":350},{"@type":"BreadcrumbList","@id":"https:\/\/colegioarquitectos.com\/noticias\/?p=16973#breadcrumb","itemListElement":[{"@type":"ListItem","position":1,"name":"Portada","item":"https:\/\/colegioarquitectos.com\/noticias"},{"@type":"ListItem","position":2,"name":"Seminario de arquitectura y especialidades hospitalarias"}]},{"@type":"WebSite","@id":"https:\/\/colegioarquitectos.com\/noticias\/#website","url":"https:\/\/colegioarquitectos.com\/noticias\/","name":"COLEGIO DE ARQUITECTOS DE CHILE","description":"","publisher":{"@id":"https:\/\/colegioarquitectos.com\/noticias\/#organization"},"potentialAction":[{"@type":"SearchAction","target":{"@type":"EntryPoint","urlTemplate":"https:\/\/colegioarquitectos.com\/noticias\/?s={search_term_string}"},"query-input":{"@type":"PropertyValueSpecification","valueRequired":true,"valueName":"search_term_string"}}],"inLanguage":"es"},{"@type":"Organization","@id":"https:\/\/colegioarquitectos.com\/noticias\/#organization","name":"COLEGIO DE ARQUITECTOS DE CHILE","url":"https:\/\/colegioarquitectos.com\/noticias\/","logo":{"@type":"ImageObject","inLanguage":"es","@id":"https:\/\/colegioarquitectos.com\/noticias\/#\/schema\/logo\/image\/","url":"https:\/\/colegioarquitectos.com\/noticias\/wp-content\/uploads\/2021\/05\/ENCABEZADO-LOGO-CA.jpg","contentUrl":"https:\/\/colegioarquitectos.com\/noticias\/wp-content\/uploads\/2021\/05\/ENCABEZADO-LOGO-CA.jpg","width":690,"height":350,"caption":"COLEGIO DE ARQUITECTOS DE CHILE"},"image":{"@id":"https:\/\/colegioarquitectos.com\/noticias\/#\/schema\/logo\/image\/"},"sameAs":["https:\/\/facebook.com\/Colegioarq\/","https:\/\/x.com\/colegioarq","https:\/\/instagram.com\/colegioarq","https:\/\/youtube.com\/@ColegiodeArquitectosdeChile"]},{"@type":"Person","@id":"https:\/\/colegioarquitectos.com\/noticias\/#\/schema\/person\/685cc0aad148303c5608f049af8285ad","name":"Colegio de Arquitectos de Chile","url":"https:\/\/colegioarquitectos.com\/noticias\/?author=4"}]}},"_links":{"self":[{"href":"https:\/\/colegioarquitectos.com\/noticias\/index.php?rest_route=\/wp\/v2\/posts\/16973","targetHints":{"allow":["GET"]}}],"collection":[{"href":"https:\/\/colegioarquitectos.com\/noticias\/index.php?rest_route=\/wp\/v2\/posts"}],"about":[{"href":"https:\/\/colegioarquitectos.com\/noticias\/index.php?rest_route=\/wp\/v2\/types\/post"}],"author":[{"embeddable":true,"href":"https:\/\/colegioarquitectos.com\/noticias\/index.php?rest_route=\/wp\/v2\/users\/4"}],"replies":[{"embeddable":true,"href":"https:\/\/colegioarquitectos.com\/noticias\/index.php?rest_route=%2Fwp%2Fv2%2Fcomments&post=16973"}],"version-history":[{"count":0,"href":"https:\/\/colegioarquitectos.com\/noticias\/index.php?rest_route=\/wp\/v2\/posts\/16973\/revisions"}],"wp:featuredmedia":[{"embeddable":true,"href":"https:\/\/colegioarquitectos.com\/noticias\/index.php?rest_route=\/wp\/v2\/media\/16974"}],"wp:attachment":[{"href":"https:\/\/colegioarquitectos.com\/noticias\/index.php?rest_route=%2Fwp%2Fv2%2Fmedia&parent=16973"}],"wp:term":[{"taxonomy":"category","embeddable":true,"href":"https:\/\/colegioarquitectos.com\/noticias\/index.php?rest_route=%2Fwp%2Fv2%2Fcategories&post=16973"},{"taxonomy":"post_tag","embeddable":true,"href":"https:\/\/colegioarquitectos.com\/noticias\/index.php?rest_route=%2Fwp%2Fv2%2Ftags&post=16973"}],"curies":[{"name":"wp","href":"https:\/\/api.w.org\/{rel}","templated":true}]}}