
{"id":17279,"date":"2017-05-21T15:15:29","date_gmt":"2017-05-21T15:15:29","guid":{"rendered":"http:\/\/colegioarquitectos.com\/?p=17279"},"modified":"2017-05-22T19:17:51","modified_gmt":"2017-05-22T19:17:51","slug":"domingo-28-de-mayo-dia-del-patrimonio","status":"publish","type":"post","link":"https:\/\/colegioarquitectos.com\/noticias\/?p=17279","title":{"rendered":"Domingo 28 de mayo: D\u00eda del Patrimonio"},"content":{"rendered":"<p>El D\u00eda del Patrimonio Cultural de Chile se celebra desde el a\u00f1o 2000, cada \u00faltimo domingo de mayo, con el objetivo realizar una jornada festiva y de reflexi\u00f3n sobre los valores, el rol y el significado de nuestra herencia cultural.<\/p>\n<p>La fiesta nacional, desde alg\u00fan tiempo ha buscado relevar la relaci\u00f3n entre patrimonio y diferentes conceptos que logren una reflexi\u00f3n por parte de la ciudadan\u00eda. Es as\u00ed como este a\u00f1o el Consejo de Monumentos Nacionales ha querido dar una mirada a la memoria popular valorando el juego y el deporte como instancias de encuentro colectivas.<\/p>\n<p>\u00abEl objetivo este a\u00f1o es dar una mirada al deporte y el juego como expresi\u00f3n de la memoria popular, valorando y resignificando estos ritos colectivos, como otra forma de aproximarnos a nuestra historia, a apropiarnos de nuestro patrimonio, revivirlo, protegerlo y conservarlo\u00bb, sostiene \u00c1ngel Cabeza, director de la Dibam y vicepresidente del CMN.<\/p>\n<p>Por su parte Ana Paz C\u00e1rdenas, Secretaria T\u00e9cnica del CMN destac\u00f3 los desaf\u00edos para este a\u00f1o. \u00abNuestra idea es lograr ampliar la masiva participaci\u00f3n que logramos el a\u00f1o 2016, de modo de llegar a la mayor cantidad de chilenas y chilenos, donde podamos tener a lo menos una actividad por comuna, creando un dialogo entre la comunidad, su patrimonio y sentarnos a discutir, porque el desconocimiento se traduce en la destrucci\u00f3n de nuestro patrimonio\u00bb, dijo C\u00e1rdenas.<\/p>\n<p>Los interesados en participar deber\u00e1n inscribir sus actividades, aperturas de edificios, recorridos patrimoniales y\/ actividades culturales hasta el domingo 30 de abril para ser incluidos en formato impreso y hasta el 22 de mayo para plataformas digitales. Todos los que se sumen ser\u00e1n parte de la programaci\u00f3n oficial del D\u00eda del Patrimonio Cultural 2017 y de las diferentes plataformas de difusi\u00f3n de este evento, entre las que se encuentra la aplicaci\u00f3n m\u00f3vil Diapatrimonio, herramienta que permite ver de manera georreferenciada los diferentes lugares que podr\u00e1n ser visitados durante ese d\u00eda.<\/p>\n<p><strong>En el Colegio de Arquitectos de Chile una vez m\u00e1s nos sumamos a esta fiesta y abriremos las puertas para que todos puedan visitar nuestra Sede Nacional en Santiago, Monumento Nacional\u00a0<\/strong><a href=\"http:\/\/colegioarquitectos.com\/noticias\/?page_id=4680\">(ver fotos de la Sede Nacional)<\/a>.<\/p>\n<p>Junto al Consejo de Monumentos Nacionales te invitamos a ser parte de este gran encuentro con nuestra historia y a jug\u00e1rtela por nuestro patrimonio.<\/p>\n<p>M\u00e1s informaci\u00f3n en\u00a0<a href=\"http:\/\/www.diadelpatrimonio.cl\/\">www.diadelpatrimonio.cl<\/a><\/p>\n<p>&nbsp;<\/p>\n<p><img loading=\"lazy\" decoding=\"async\" class=\"alignnone wp-image-17281 size-full\" src=\"http:\/\/colegioarquitectos.com\/noticias\/wp-content\/uploads\/2017\/05\/Afiche_Oficial_DPC_2017-baja.jpg\" alt=\"\" width=\"571\" height=\"800\" srcset=\"https:\/\/colegioarquitectos.com\/noticias\/wp-content\/uploads\/2017\/05\/Afiche_Oficial_DPC_2017-baja.jpg 571w, https:\/\/colegioarquitectos.com\/noticias\/wp-content\/uploads\/2017\/05\/Afiche_Oficial_DPC_2017-baja-214x300.jpg 214w\" sizes=\"auto, (max-width: 571px) 100vw, 571px\" \/><\/p>\n<p><\/p>","protected":false},"excerpt":{"rendered":"<p>El D\u00eda del Patrimonio Cultural de Chile se celebra desde el a\u00f1o 2000, cada \u00faltimo domingo de mayo, con el objetivo realizar una jornada festiva y de reflexi\u00f3n sobre los valores, el rol y el significado de nuestra herencia cultural. &hellip; <a class=\"more-link\" href=\"https:\/\/colegioarquitectos.com\/noticias\/?p=17279\">ver m\u00e1s<\/a><\/p>","protected":false},"author":4,"featured_media":17280,"comment_status":"closed","ping_status":"closed","sticky":false,"template":"","format":"standard","meta":{"footnotes":""},"categories":[19],"tags":[],"class_list":["post-17279","post","type-post","status-publish","format-standard","has-post-thumbnail","hentry","category-actividades"],"yoast_head":"<!-- This site is optimized with the Yoast SEO plugin v24.2 - https:\/\/yoast.com\/wordpress\/plugins\/seo\/ -->\n<title>Domingo 28 de mayo: D\u00eda del Patrimonio - COLEGIO DE ARQUITECTOS DE CHILE<\/title>\n<meta name=\"robots\" content=\"index, follow, max-snippet:-1, max-image-preview:large, max-video-preview:-1\" \/>\n<link rel=\"canonical\" href=\"https:\/\/colegioarquitectos.com\/noticias\/?p=17279\" \/>\n<meta property=\"og:locale\" content=\"es_ES\" \/>\n<meta property=\"og:type\" content=\"article\" \/>\n<meta property=\"og:title\" content=\"Domingo 28 de mayo: D\u00eda del Patrimonio - COLEGIO DE ARQUITECTOS DE CHILE\" \/>\n<meta property=\"og:description\" content=\"El D\u00eda del Patrimonio Cultural de Chile se celebra desde el a\u00f1o 2000, cada \u00faltimo domingo de mayo, con el objetivo realizar una jornada festiva y de reflexi\u00f3n sobre los valores, el rol y el significado de nuestra herencia cultural. &hellip; ver m\u00e1s\" \/>\n<meta property=\"og:url\" content=\"https:\/\/colegioarquitectos.com\/noticias\/?p=17279\" \/>\n<meta property=\"og:site_name\" content=\"COLEGIO DE ARQUITECTOS DE CHILE\" \/>\n<meta property=\"article:publisher\" content=\"https:\/\/facebook.com\/Colegioarq\/\" \/>\n<meta property=\"article:published_time\" content=\"2017-05-21T15:15:29+00:00\" \/>\n<meta property=\"article:modified_time\" content=\"2017-05-22T19:17:51+00:00\" \/>\n<meta property=\"og:image\" content=\"https:\/\/colegioarquitectos.com\/noticias\/wp-content\/uploads\/2017\/05\/portada.jpg\" \/>\n\t<meta property=\"og:image:width\" content=\"690\" \/>\n\t<meta property=\"og:image:height\" content=\"350\" \/>\n\t<meta property=\"og:image:type\" content=\"image\/jpeg\" \/>\n<meta name=\"author\" content=\"Colegio de Arquitectos de Chile\" \/>\n<meta name=\"twitter:card\" content=\"summary_large_image\" \/>\n<meta name=\"twitter:creator\" content=\"@colegioarq\" \/>\n<meta name=\"twitter:site\" content=\"@colegioarq\" \/>\n<meta name=\"twitter:label1\" content=\"Escrito por\" \/>\n\t<meta name=\"twitter:data1\" content=\"Colegio de Arquitectos de Chile\" \/>\n\t<meta name=\"twitter:label2\" content=\"Tiempo de lectura\" \/>\n\t<meta name=\"twitter:data2\" content=\"2 minutos\" \/>\n<script type=\"application\/ld+json\" class=\"yoast-schema-graph\">{\"@context\":\"https:\/\/schema.org\",\"@graph\":[{\"@type\":\"Article\",\"@id\":\"https:\/\/colegioarquitectos.com\/noticias\/?p=17279#article\",\"isPartOf\":{\"@id\":\"https:\/\/colegioarquitectos.com\/noticias\/?p=17279\"},\"author\":{\"name\":\"Colegio de Arquitectos de Chile\",\"@id\":\"https:\/\/colegioarquitectos.com\/noticias\/#\/schema\/person\/685cc0aad148303c5608f049af8285ad\"},\"headline\":\"Domingo 28 de mayo: D\u00eda del Patrimonio\",\"datePublished\":\"2017-05-21T15:15:29+00:00\",\"dateModified\":\"2017-05-22T19:17:51+00:00\",\"mainEntityOfPage\":{\"@id\":\"https:\/\/colegioarquitectos.com\/noticias\/?p=17279\"},\"wordCount\":415,\"publisher\":{\"@id\":\"https:\/\/colegioarquitectos.com\/noticias\/#organization\"},\"image\":{\"@id\":\"https:\/\/colegioarquitectos.com\/noticias\/?p=17279#primaryimage\"},\"thumbnailUrl\":\"https:\/\/colegioarquitectos.com\/noticias\/wp-content\/uploads\/2017\/05\/portada.jpg\",\"articleSection\":[\"Actividades\"],\"inLanguage\":\"es\"},{\"@type\":\"WebPage\",\"@id\":\"https:\/\/colegioarquitectos.com\/noticias\/?p=17279\",\"url\":\"https:\/\/colegioarquitectos.com\/noticias\/?p=17279\",\"name\":\"Domingo 28 de mayo: D\u00eda del Patrimonio - COLEGIO DE ARQUITECTOS DE CHILE\",\"isPartOf\":{\"@id\":\"https:\/\/colegioarquitectos.com\/noticias\/#website\"},\"primaryImageOfPage\":{\"@id\":\"https:\/\/colegioarquitectos.com\/noticias\/?p=17279#primaryimage\"},\"image\":{\"@id\":\"https:\/\/colegioarquitectos.com\/noticias\/?p=17279#primaryimage\"},\"thumbnailUrl\":\"https:\/\/colegioarquitectos.com\/noticias\/wp-content\/uploads\/2017\/05\/portada.jpg\",\"datePublished\":\"2017-05-21T15:15:29+00:00\",\"dateModified\":\"2017-05-22T19:17:51+00:00\",\"breadcrumb\":{\"@id\":\"https:\/\/colegioarquitectos.com\/noticias\/?p=17279#breadcrumb\"},\"inLanguage\":\"es\",\"potentialAction\":[{\"@type\":\"ReadAction\",\"target\":[\"https:\/\/colegioarquitectos.com\/noticias\/?p=17279\"]}]},{\"@type\":\"ImageObject\",\"inLanguage\":\"es\",\"@id\":\"https:\/\/colegioarquitectos.com\/noticias\/?p=17279#primaryimage\",\"url\":\"https:\/\/colegioarquitectos.com\/noticias\/wp-content\/uploads\/2017\/05\/portada.jpg\",\"contentUrl\":\"https:\/\/colegioarquitectos.com\/noticias\/wp-content\/uploads\/2017\/05\/portada.jpg\",\"width\":690,\"height\":350},{\"@type\":\"BreadcrumbList\",\"@id\":\"https:\/\/colegioarquitectos.com\/noticias\/?p=17279#breadcrumb\",\"itemListElement\":[{\"@type\":\"ListItem\",\"position\":1,\"name\":\"Portada\",\"item\":\"https:\/\/colegioarquitectos.com\/noticias\"},{\"@type\":\"ListItem\",\"position\":2,\"name\":\"Domingo 28 de mayo: D\u00eda del Patrimonio\"}]},{\"@type\":\"WebSite\",\"@id\":\"https:\/\/colegioarquitectos.com\/noticias\/#website\",\"url\":\"https:\/\/colegioarquitectos.com\/noticias\/\",\"name\":\"COLEGIO DE ARQUITECTOS DE CHILE\",\"description\":\"\",\"publisher\":{\"@id\":\"https:\/\/colegioarquitectos.com\/noticias\/#organization\"},\"potentialAction\":[{\"@type\":\"SearchAction\",\"target\":{\"@type\":\"EntryPoint\",\"urlTemplate\":\"https:\/\/colegioarquitectos.com\/noticias\/?s={search_term_string}\"},\"query-input\":{\"@type\":\"PropertyValueSpecification\",\"valueRequired\":true,\"valueName\":\"search_term_string\"}}],\"inLanguage\":\"es\"},{\"@type\":\"Organization\",\"@id\":\"https:\/\/colegioarquitectos.com\/noticias\/#organization\",\"name\":\"COLEGIO DE ARQUITECTOS DE CHILE\",\"url\":\"https:\/\/colegioarquitectos.com\/noticias\/\",\"logo\":{\"@type\":\"ImageObject\",\"inLanguage\":\"es\",\"@id\":\"https:\/\/colegioarquitectos.com\/noticias\/#\/schema\/logo\/image\/\",\"url\":\"https:\/\/colegioarquitectos.com\/noticias\/wp-content\/uploads\/2021\/05\/ENCABEZADO-LOGO-CA.jpg\",\"contentUrl\":\"https:\/\/colegioarquitectos.com\/noticias\/wp-content\/uploads\/2021\/05\/ENCABEZADO-LOGO-CA.jpg\",\"width\":690,\"height\":350,\"caption\":\"COLEGIO DE ARQUITECTOS DE CHILE\"},\"image\":{\"@id\":\"https:\/\/colegioarquitectos.com\/noticias\/#\/schema\/logo\/image\/\"},\"sameAs\":[\"https:\/\/facebook.com\/Colegioarq\/\",\"https:\/\/x.com\/colegioarq\",\"https:\/\/instagram.com\/colegioarq\",\"https:\/\/youtube.com\/@ColegiodeArquitectosdeChile\"]},{\"@type\":\"Person\",\"@id\":\"https:\/\/colegioarquitectos.com\/noticias\/#\/schema\/person\/685cc0aad148303c5608f049af8285ad\",\"name\":\"Colegio de Arquitectos de Chile\",\"url\":\"https:\/\/colegioarquitectos.com\/noticias\/?author=4\"}]}<\/script>\n<!-- \/ Yoast SEO plugin. -->","yoast_head_json":{"title":"Domingo 28 de mayo: D\u00eda del Patrimonio - COLEGIO DE ARQUITECTOS DE CHILE","robots":{"index":"index","follow":"follow","max-snippet":"max-snippet:-1","max-image-preview":"max-image-preview:large","max-video-preview":"max-video-preview:-1"},"canonical":"https:\/\/colegioarquitectos.com\/noticias\/?p=17279","og_locale":"es_ES","og_type":"article","og_title":"Domingo 28 de mayo: D\u00eda del Patrimonio - COLEGIO DE ARQUITECTOS DE CHILE","og_description":"El D\u00eda del Patrimonio Cultural de Chile se celebra desde el a\u00f1o 2000, cada \u00faltimo domingo de mayo, con el objetivo realizar una jornada festiva y de reflexi\u00f3n sobre los valores, el rol y el significado de nuestra herencia cultural. &hellip; ver m\u00e1s","og_url":"https:\/\/colegioarquitectos.com\/noticias\/?p=17279","og_site_name":"COLEGIO DE ARQUITECTOS DE CHILE","article_publisher":"https:\/\/facebook.com\/Colegioarq\/","article_published_time":"2017-05-21T15:15:29+00:00","article_modified_time":"2017-05-22T19:17:51+00:00","og_image":[{"width":690,"height":350,"url":"https:\/\/colegioarquitectos.com\/noticias\/wp-content\/uploads\/2017\/05\/portada.jpg","type":"image\/jpeg"}],"author":"Colegio de Arquitectos de Chile","twitter_card":"summary_large_image","twitter_creator":"@colegioarq","twitter_site":"@colegioarq","twitter_misc":{"Escrito por":"Colegio de Arquitectos de Chile","Tiempo de lectura":"2 minutos"},"schema":{"@context":"https:\/\/schema.org","@graph":[{"@type":"Article","@id":"https:\/\/colegioarquitectos.com\/noticias\/?p=17279#article","isPartOf":{"@id":"https:\/\/colegioarquitectos.com\/noticias\/?p=17279"},"author":{"name":"Colegio de Arquitectos de Chile","@id":"https:\/\/colegioarquitectos.com\/noticias\/#\/schema\/person\/685cc0aad148303c5608f049af8285ad"},"headline":"Domingo 28 de mayo: D\u00eda del Patrimonio","datePublished":"2017-05-21T15:15:29+00:00","dateModified":"2017-05-22T19:17:51+00:00","mainEntityOfPage":{"@id":"https:\/\/colegioarquitectos.com\/noticias\/?p=17279"},"wordCount":415,"publisher":{"@id":"https:\/\/colegioarquitectos.com\/noticias\/#organization"},"image":{"@id":"https:\/\/colegioarquitectos.com\/noticias\/?p=17279#primaryimage"},"thumbnailUrl":"https:\/\/colegioarquitectos.com\/noticias\/wp-content\/uploads\/2017\/05\/portada.jpg","articleSection":["Actividades"],"inLanguage":"es"},{"@type":"WebPage","@id":"https:\/\/colegioarquitectos.com\/noticias\/?p=17279","url":"https:\/\/colegioarquitectos.com\/noticias\/?p=17279","name":"Domingo 28 de mayo: D\u00eda del Patrimonio - COLEGIO DE ARQUITECTOS DE CHILE","isPartOf":{"@id":"https:\/\/colegioarquitectos.com\/noticias\/#website"},"primaryImageOfPage":{"@id":"https:\/\/colegioarquitectos.com\/noticias\/?p=17279#primaryimage"},"image":{"@id":"https:\/\/colegioarquitectos.com\/noticias\/?p=17279#primaryimage"},"thumbnailUrl":"https:\/\/colegioarquitectos.com\/noticias\/wp-content\/uploads\/2017\/05\/portada.jpg","datePublished":"2017-05-21T15:15:29+00:00","dateModified":"2017-05-22T19:17:51+00:00","breadcrumb":{"@id":"https:\/\/colegioarquitectos.com\/noticias\/?p=17279#breadcrumb"},"inLanguage":"es","potentialAction":[{"@type":"ReadAction","target":["https:\/\/colegioarquitectos.com\/noticias\/?p=17279"]}]},{"@type":"ImageObject","inLanguage":"es","@id":"https:\/\/colegioarquitectos.com\/noticias\/?p=17279#primaryimage","url":"https:\/\/colegioarquitectos.com\/noticias\/wp-content\/uploads\/2017\/05\/portada.jpg","contentUrl":"https:\/\/colegioarquitectos.com\/noticias\/wp-content\/uploads\/2017\/05\/portada.jpg","width":690,"height":350},{"@type":"BreadcrumbList","@id":"https:\/\/colegioarquitectos.com\/noticias\/?p=17279#breadcrumb","itemListElement":[{"@type":"ListItem","position":1,"name":"Portada","item":"https:\/\/colegioarquitectos.com\/noticias"},{"@type":"ListItem","position":2,"name":"Domingo 28 de mayo: D\u00eda del Patrimonio"}]},{"@type":"WebSite","@id":"https:\/\/colegioarquitectos.com\/noticias\/#website","url":"https:\/\/colegioarquitectos.com\/noticias\/","name":"COLEGIO DE ARQUITECTOS DE CHILE","description":"","publisher":{"@id":"https:\/\/colegioarquitectos.com\/noticias\/#organization"},"potentialAction":[{"@type":"SearchAction","target":{"@type":"EntryPoint","urlTemplate":"https:\/\/colegioarquitectos.com\/noticias\/?s={search_term_string}"},"query-input":{"@type":"PropertyValueSpecification","valueRequired":true,"valueName":"search_term_string"}}],"inLanguage":"es"},{"@type":"Organization","@id":"https:\/\/colegioarquitectos.com\/noticias\/#organization","name":"COLEGIO DE ARQUITECTOS DE CHILE","url":"https:\/\/colegioarquitectos.com\/noticias\/","logo":{"@type":"ImageObject","inLanguage":"es","@id":"https:\/\/colegioarquitectos.com\/noticias\/#\/schema\/logo\/image\/","url":"https:\/\/colegioarquitectos.com\/noticias\/wp-content\/uploads\/2021\/05\/ENCABEZADO-LOGO-CA.jpg","contentUrl":"https:\/\/colegioarquitectos.com\/noticias\/wp-content\/uploads\/2021\/05\/ENCABEZADO-LOGO-CA.jpg","width":690,"height":350,"caption":"COLEGIO DE ARQUITECTOS DE CHILE"},"image":{"@id":"https:\/\/colegioarquitectos.com\/noticias\/#\/schema\/logo\/image\/"},"sameAs":["https:\/\/facebook.com\/Colegioarq\/","https:\/\/x.com\/colegioarq","https:\/\/instagram.com\/colegioarq","https:\/\/youtube.com\/@ColegiodeArquitectosdeChile"]},{"@type":"Person","@id":"https:\/\/colegioarquitectos.com\/noticias\/#\/schema\/person\/685cc0aad148303c5608f049af8285ad","name":"Colegio de Arquitectos de Chile","url":"https:\/\/colegioarquitectos.com\/noticias\/?author=4"}]}},"_links":{"self":[{"href":"https:\/\/colegioarquitectos.com\/noticias\/index.php?rest_route=\/wp\/v2\/posts\/17279","targetHints":{"allow":["GET"]}}],"collection":[{"href":"https:\/\/colegioarquitectos.com\/noticias\/index.php?rest_route=\/wp\/v2\/posts"}],"about":[{"href":"https:\/\/colegioarquitectos.com\/noticias\/index.php?rest_route=\/wp\/v2\/types\/post"}],"author":[{"embeddable":true,"href":"https:\/\/colegioarquitectos.com\/noticias\/index.php?rest_route=\/wp\/v2\/users\/4"}],"replies":[{"embeddable":true,"href":"https:\/\/colegioarquitectos.com\/noticias\/index.php?rest_route=%2Fwp%2Fv2%2Fcomments&post=17279"}],"version-history":[{"count":0,"href":"https:\/\/colegioarquitectos.com\/noticias\/index.php?rest_route=\/wp\/v2\/posts\/17279\/revisions"}],"wp:featuredmedia":[{"embeddable":true,"href":"https:\/\/colegioarquitectos.com\/noticias\/index.php?rest_route=\/wp\/v2\/media\/17280"}],"wp:attachment":[{"href":"https:\/\/colegioarquitectos.com\/noticias\/index.php?rest_route=%2Fwp%2Fv2%2Fmedia&parent=17279"}],"wp:term":[{"taxonomy":"category","embeddable":true,"href":"https:\/\/colegioarquitectos.com\/noticias\/index.php?rest_route=%2Fwp%2Fv2%2Fcategories&post=17279"},{"taxonomy":"post_tag","embeddable":true,"href":"https:\/\/colegioarquitectos.com\/noticias\/index.php?rest_route=%2Fwp%2Fv2%2Ftags&post=17279"}],"curies":[{"name":"wp","href":"https:\/\/api.w.org\/{rel}","templated":true}]}}