
{"id":17458,"date":"2017-05-11T14:53:05","date_gmt":"2017-05-11T14:53:05","guid":{"rendered":"http:\/\/colegioarquitectos.com\/?p=17458"},"modified":"2017-05-11T14:53:05","modified_gmt":"2017-05-11T14:53:05","slug":"celebracion-dia-de-la-ingenieria","status":"publish","type":"post","link":"https:\/\/colegioarquitectos.com\/noticias\/?p=17458","title":{"rendered":"Celebraci\u00f3n D\u00eda de la Ingenier\u00eda"},"content":{"rendered":"<p>Este domingo 14 de mayo se celebra el D\u00eda de la Ingenier\u00eda en Chile y para compartir que #LaIngenier\u00edaHaceBien. El colectivo Aldea en conjunto con la Corporaci\u00f3n de Desarrollo Tecnol\u00f3gico, CDT de la C\u00e1mara Chilena de la Construcci\u00f3n han organizado dos recorridos guiados por el edificio que pr\u00f3ximamente acoger\u00e1 sus nuevas oficinas.<\/p>\n<p>El edificio se emplaza en la comuna de Las Condes y cuenta con una serie de innovaciones a nivel de ingenier\u00eda y arquitectura que lo hacen muy interesante de visitar, destacando a simple vista el sistema de control de vibraciones s\u00edsmicas que se materializar\u00e1 en una esfera de 150 toneladas en la azotea de la construcci\u00f3n.<\/p>\n<p>Habr\u00e1n dos visitas este domingo pudiendo asistir a las 10.00 u 11.00 de la ma\u00f1ana y ser\u00e1n acompa\u00f1adas por los dise\u00f1adores del proyecto Leonardo Breschi y Sebasti\u00e1n di Gir\u00f3lamo, de VMB <a href=\"http:\/\/www.vmb.cl\/www.vmb.cl\/equipo\">Ingenier\u00eda Estructural<\/a> y A4 Arquitectos, respectivamente.<\/p>\n<p>Cabe destacar que el D\u00eda de la Ingenier\u00eda en Chile se celebra el 14 de mayo por ser el d\u00eda posterior al Gran Terremoto del 13 de mayo de 1647, d\u00eda en que se inicia el proceso de reconstrucci\u00f3n del pa\u00eds. M\u00e1s informaci\u00f3n en:\u00a0<a href=\"http:\/\/www.cgi.cl\/Dia_de_la_Ingenieria_SC.doc\">http:\/\/www.cgi.cl\/Dia_de_la_Ingenieria_SC.doc<\/a><\/p>\n<p>Las inscripciones son gratuitas y a trav\u00e9s del siguiente link: www.<a href=\"http:\/\/goo.gl\/9q2jxz\">goo.gl\/9q2jxz<\/a><\/p>\n<p>&nbsp;<\/p>\n<p><strong>Contacto<\/strong><\/p>\n<p>Correo:\u00a0<a href=\"mailto:somosaldea@gmail.com\">somosaldea@gmail.com<\/a><\/p>\n<p>Tel:+56984494102<\/p>\n<p>Facebook:\u00a0@<a href=\"http:\/\/facebook.com\/somosaldea\">somosaldea<\/a><\/p>\n<p>Instagram y Twitter:\u00a0@somos_aldea<\/p>\n<p>Twitter:\u00a0@oh_stgo<\/p>\n<p>Facebook y Instagram:\u00a0@ohstgo<\/p>\n<p>&nbsp;<\/p>\n<p><img loading=\"lazy\" decoding=\"async\" class=\"alignnone wp-image-17460 size-full\" src=\"http:\/\/colegioarquitectos.com\/noticias\/wp-content\/uploads\/2017\/05\/Afiche-D\u00eda-de-la-Ingenier\u00eda.jpg\" alt=\"\" width=\"649\" height=\"600\" srcset=\"https:\/\/colegioarquitectos.com\/noticias\/wp-content\/uploads\/2017\/05\/Afiche-D\u00eda-de-la-Ingenier\u00eda.jpg 649w, https:\/\/colegioarquitectos.com\/noticias\/wp-content\/uploads\/2017\/05\/Afiche-D\u00eda-de-la-Ingenier\u00eda-300x277.jpg 300w\" sizes=\"auto, (max-width: 649px) 100vw, 649px\" \/><\/p>\n<p><\/p>","protected":false},"excerpt":{"rendered":"<p>Este domingo 14 de mayo se celebra el D\u00eda de la Ingenier\u00eda en Chile y para compartir que #LaIngenier\u00edaHaceBien. El colectivo Aldea en conjunto con la Corporaci\u00f3n de Desarrollo Tecnol\u00f3gico, CDT de la C\u00e1mara Chilena de la Construcci\u00f3n han organizado &hellip; <a class=\"more-link\" href=\"https:\/\/colegioarquitectos.com\/noticias\/?p=17458\">ver m\u00e1s<\/a><\/p>","protected":false},"author":4,"featured_media":17459,"comment_status":"closed","ping_status":"closed","sticky":false,"template":"","format":"standard","meta":{"footnotes":""},"categories":[19],"tags":[],"class_list":["post-17458","post","type-post","status-publish","format-standard","has-post-thumbnail","hentry","category-actividades"],"yoast_head":"<!-- This site is optimized with the Yoast SEO plugin v24.2 - https:\/\/yoast.com\/wordpress\/plugins\/seo\/ -->\n<title>Celebraci\u00f3n D\u00eda de la Ingenier\u00eda - COLEGIO DE ARQUITECTOS DE CHILE<\/title>\n<meta name=\"robots\" content=\"index, follow, max-snippet:-1, max-image-preview:large, max-video-preview:-1\" \/>\n<link rel=\"canonical\" href=\"https:\/\/colegioarquitectos.com\/noticias\/?p=17458\" \/>\n<meta property=\"og:locale\" content=\"es_ES\" \/>\n<meta property=\"og:type\" content=\"article\" \/>\n<meta property=\"og:title\" content=\"Celebraci\u00f3n D\u00eda de la Ingenier\u00eda - COLEGIO DE ARQUITECTOS DE CHILE\" \/>\n<meta property=\"og:description\" content=\"Este domingo 14 de mayo se celebra el D\u00eda de la Ingenier\u00eda en Chile y para compartir que #LaIngenier\u00edaHaceBien. El colectivo Aldea en conjunto con la Corporaci\u00f3n de Desarrollo Tecnol\u00f3gico, CDT de la C\u00e1mara Chilena de la Construcci\u00f3n han organizado &hellip; ver m\u00e1s\" \/>\n<meta property=\"og:url\" content=\"https:\/\/colegioarquitectos.com\/noticias\/?p=17458\" \/>\n<meta property=\"og:site_name\" content=\"COLEGIO DE ARQUITECTOS DE CHILE\" \/>\n<meta property=\"article:publisher\" content=\"https:\/\/facebook.com\/Colegioarq\/\" \/>\n<meta property=\"article:published_time\" content=\"2017-05-11T14:53:05+00:00\" \/>\n<meta property=\"og:image\" content=\"https:\/\/colegioarquitectos.com\/noticias\/wp-content\/uploads\/2017\/05\/Somos-Aldea.jpg\" \/>\n\t<meta property=\"og:image:width\" content=\"690\" \/>\n\t<meta property=\"og:image:height\" content=\"350\" \/>\n\t<meta property=\"og:image:type\" content=\"image\/jpeg\" \/>\n<meta name=\"author\" content=\"Colegio de Arquitectos de Chile\" \/>\n<meta name=\"twitter:card\" content=\"summary_large_image\" \/>\n<meta name=\"twitter:creator\" content=\"@colegioarq\" \/>\n<meta name=\"twitter:site\" content=\"@colegioarq\" \/>\n<meta name=\"twitter:label1\" content=\"Escrito por\" \/>\n\t<meta name=\"twitter:data1\" content=\"Colegio de Arquitectos de Chile\" \/>\n\t<meta name=\"twitter:label2\" content=\"Tiempo de lectura\" \/>\n\t<meta name=\"twitter:data2\" content=\"1 minuto\" \/>\n<script type=\"application\/ld+json\" class=\"yoast-schema-graph\">{\"@context\":\"https:\/\/schema.org\",\"@graph\":[{\"@type\":\"Article\",\"@id\":\"https:\/\/colegioarquitectos.com\/noticias\/?p=17458#article\",\"isPartOf\":{\"@id\":\"https:\/\/colegioarquitectos.com\/noticias\/?p=17458\"},\"author\":{\"name\":\"Colegio de Arquitectos de Chile\",\"@id\":\"https:\/\/colegioarquitectos.com\/noticias\/#\/schema\/person\/685cc0aad148303c5608f049af8285ad\"},\"headline\":\"Celebraci\u00f3n D\u00eda de la Ingenier\u00eda\",\"datePublished\":\"2017-05-11T14:53:05+00:00\",\"dateModified\":\"2017-05-11T14:53:05+00:00\",\"mainEntityOfPage\":{\"@id\":\"https:\/\/colegioarquitectos.com\/noticias\/?p=17458\"},\"wordCount\":265,\"publisher\":{\"@id\":\"https:\/\/colegioarquitectos.com\/noticias\/#organization\"},\"image\":{\"@id\":\"https:\/\/colegioarquitectos.com\/noticias\/?p=17458#primaryimage\"},\"thumbnailUrl\":\"https:\/\/colegioarquitectos.com\/noticias\/wp-content\/uploads\/2017\/05\/Somos-Aldea.jpg\",\"articleSection\":[\"Actividades\"],\"inLanguage\":\"es\"},{\"@type\":\"WebPage\",\"@id\":\"https:\/\/colegioarquitectos.com\/noticias\/?p=17458\",\"url\":\"https:\/\/colegioarquitectos.com\/noticias\/?p=17458\",\"name\":\"Celebraci\u00f3n D\u00eda de la Ingenier\u00eda - COLEGIO DE ARQUITECTOS DE CHILE\",\"isPartOf\":{\"@id\":\"https:\/\/colegioarquitectos.com\/noticias\/#website\"},\"primaryImageOfPage\":{\"@id\":\"https:\/\/colegioarquitectos.com\/noticias\/?p=17458#primaryimage\"},\"image\":{\"@id\":\"https:\/\/colegioarquitectos.com\/noticias\/?p=17458#primaryimage\"},\"thumbnailUrl\":\"https:\/\/colegioarquitectos.com\/noticias\/wp-content\/uploads\/2017\/05\/Somos-Aldea.jpg\",\"datePublished\":\"2017-05-11T14:53:05+00:00\",\"dateModified\":\"2017-05-11T14:53:05+00:00\",\"breadcrumb\":{\"@id\":\"https:\/\/colegioarquitectos.com\/noticias\/?p=17458#breadcrumb\"},\"inLanguage\":\"es\",\"potentialAction\":[{\"@type\":\"ReadAction\",\"target\":[\"https:\/\/colegioarquitectos.com\/noticias\/?p=17458\"]}]},{\"@type\":\"ImageObject\",\"inLanguage\":\"es\",\"@id\":\"https:\/\/colegioarquitectos.com\/noticias\/?p=17458#primaryimage\",\"url\":\"https:\/\/colegioarquitectos.com\/noticias\/wp-content\/uploads\/2017\/05\/Somos-Aldea.jpg\",\"contentUrl\":\"https:\/\/colegioarquitectos.com\/noticias\/wp-content\/uploads\/2017\/05\/Somos-Aldea.jpg\",\"width\":690,\"height\":350},{\"@type\":\"BreadcrumbList\",\"@id\":\"https:\/\/colegioarquitectos.com\/noticias\/?p=17458#breadcrumb\",\"itemListElement\":[{\"@type\":\"ListItem\",\"position\":1,\"name\":\"Portada\",\"item\":\"https:\/\/colegioarquitectos.com\/noticias\"},{\"@type\":\"ListItem\",\"position\":2,\"name\":\"Celebraci\u00f3n D\u00eda de la Ingenier\u00eda\"}]},{\"@type\":\"WebSite\",\"@id\":\"https:\/\/colegioarquitectos.com\/noticias\/#website\",\"url\":\"https:\/\/colegioarquitectos.com\/noticias\/\",\"name\":\"COLEGIO DE ARQUITECTOS DE CHILE\",\"description\":\"\",\"publisher\":{\"@id\":\"https:\/\/colegioarquitectos.com\/noticias\/#organization\"},\"potentialAction\":[{\"@type\":\"SearchAction\",\"target\":{\"@type\":\"EntryPoint\",\"urlTemplate\":\"https:\/\/colegioarquitectos.com\/noticias\/?s={search_term_string}\"},\"query-input\":{\"@type\":\"PropertyValueSpecification\",\"valueRequired\":true,\"valueName\":\"search_term_string\"}}],\"inLanguage\":\"es\"},{\"@type\":\"Organization\",\"@id\":\"https:\/\/colegioarquitectos.com\/noticias\/#organization\",\"name\":\"COLEGIO DE ARQUITECTOS DE CHILE\",\"url\":\"https:\/\/colegioarquitectos.com\/noticias\/\",\"logo\":{\"@type\":\"ImageObject\",\"inLanguage\":\"es\",\"@id\":\"https:\/\/colegioarquitectos.com\/noticias\/#\/schema\/logo\/image\/\",\"url\":\"https:\/\/colegioarquitectos.com\/noticias\/wp-content\/uploads\/2021\/05\/ENCABEZADO-LOGO-CA.jpg\",\"contentUrl\":\"https:\/\/colegioarquitectos.com\/noticias\/wp-content\/uploads\/2021\/05\/ENCABEZADO-LOGO-CA.jpg\",\"width\":690,\"height\":350,\"caption\":\"COLEGIO DE ARQUITECTOS DE CHILE\"},\"image\":{\"@id\":\"https:\/\/colegioarquitectos.com\/noticias\/#\/schema\/logo\/image\/\"},\"sameAs\":[\"https:\/\/facebook.com\/Colegioarq\/\",\"https:\/\/x.com\/colegioarq\",\"https:\/\/instagram.com\/colegioarq\",\"https:\/\/youtube.com\/@ColegiodeArquitectosdeChile\"]},{\"@type\":\"Person\",\"@id\":\"https:\/\/colegioarquitectos.com\/noticias\/#\/schema\/person\/685cc0aad148303c5608f049af8285ad\",\"name\":\"Colegio de Arquitectos de Chile\",\"url\":\"https:\/\/colegioarquitectos.com\/noticias\/?author=4\"}]}<\/script>\n<!-- \/ Yoast SEO plugin. -->","yoast_head_json":{"title":"Celebraci\u00f3n D\u00eda de la Ingenier\u00eda - COLEGIO DE ARQUITECTOS DE CHILE","robots":{"index":"index","follow":"follow","max-snippet":"max-snippet:-1","max-image-preview":"max-image-preview:large","max-video-preview":"max-video-preview:-1"},"canonical":"https:\/\/colegioarquitectos.com\/noticias\/?p=17458","og_locale":"es_ES","og_type":"article","og_title":"Celebraci\u00f3n D\u00eda de la Ingenier\u00eda - COLEGIO DE ARQUITECTOS DE CHILE","og_description":"Este domingo 14 de mayo se celebra el D\u00eda de la Ingenier\u00eda en Chile y para compartir que #LaIngenier\u00edaHaceBien. El colectivo Aldea en conjunto con la Corporaci\u00f3n de Desarrollo Tecnol\u00f3gico, CDT de la C\u00e1mara Chilena de la Construcci\u00f3n han organizado &hellip; ver m\u00e1s","og_url":"https:\/\/colegioarquitectos.com\/noticias\/?p=17458","og_site_name":"COLEGIO DE ARQUITECTOS DE CHILE","article_publisher":"https:\/\/facebook.com\/Colegioarq\/","article_published_time":"2017-05-11T14:53:05+00:00","og_image":[{"width":690,"height":350,"url":"https:\/\/colegioarquitectos.com\/noticias\/wp-content\/uploads\/2017\/05\/Somos-Aldea.jpg","type":"image\/jpeg"}],"author":"Colegio de Arquitectos de Chile","twitter_card":"summary_large_image","twitter_creator":"@colegioarq","twitter_site":"@colegioarq","twitter_misc":{"Escrito por":"Colegio de Arquitectos de Chile","Tiempo de lectura":"1 minuto"},"schema":{"@context":"https:\/\/schema.org","@graph":[{"@type":"Article","@id":"https:\/\/colegioarquitectos.com\/noticias\/?p=17458#article","isPartOf":{"@id":"https:\/\/colegioarquitectos.com\/noticias\/?p=17458"},"author":{"name":"Colegio de Arquitectos de Chile","@id":"https:\/\/colegioarquitectos.com\/noticias\/#\/schema\/person\/685cc0aad148303c5608f049af8285ad"},"headline":"Celebraci\u00f3n D\u00eda de la Ingenier\u00eda","datePublished":"2017-05-11T14:53:05+00:00","dateModified":"2017-05-11T14:53:05+00:00","mainEntityOfPage":{"@id":"https:\/\/colegioarquitectos.com\/noticias\/?p=17458"},"wordCount":265,"publisher":{"@id":"https:\/\/colegioarquitectos.com\/noticias\/#organization"},"image":{"@id":"https:\/\/colegioarquitectos.com\/noticias\/?p=17458#primaryimage"},"thumbnailUrl":"https:\/\/colegioarquitectos.com\/noticias\/wp-content\/uploads\/2017\/05\/Somos-Aldea.jpg","articleSection":["Actividades"],"inLanguage":"es"},{"@type":"WebPage","@id":"https:\/\/colegioarquitectos.com\/noticias\/?p=17458","url":"https:\/\/colegioarquitectos.com\/noticias\/?p=17458","name":"Celebraci\u00f3n D\u00eda de la Ingenier\u00eda - COLEGIO DE ARQUITECTOS DE CHILE","isPartOf":{"@id":"https:\/\/colegioarquitectos.com\/noticias\/#website"},"primaryImageOfPage":{"@id":"https:\/\/colegioarquitectos.com\/noticias\/?p=17458#primaryimage"},"image":{"@id":"https:\/\/colegioarquitectos.com\/noticias\/?p=17458#primaryimage"},"thumbnailUrl":"https:\/\/colegioarquitectos.com\/noticias\/wp-content\/uploads\/2017\/05\/Somos-Aldea.jpg","datePublished":"2017-05-11T14:53:05+00:00","dateModified":"2017-05-11T14:53:05+00:00","breadcrumb":{"@id":"https:\/\/colegioarquitectos.com\/noticias\/?p=17458#breadcrumb"},"inLanguage":"es","potentialAction":[{"@type":"ReadAction","target":["https:\/\/colegioarquitectos.com\/noticias\/?p=17458"]}]},{"@type":"ImageObject","inLanguage":"es","@id":"https:\/\/colegioarquitectos.com\/noticias\/?p=17458#primaryimage","url":"https:\/\/colegioarquitectos.com\/noticias\/wp-content\/uploads\/2017\/05\/Somos-Aldea.jpg","contentUrl":"https:\/\/colegioarquitectos.com\/noticias\/wp-content\/uploads\/2017\/05\/Somos-Aldea.jpg","width":690,"height":350},{"@type":"BreadcrumbList","@id":"https:\/\/colegioarquitectos.com\/noticias\/?p=17458#breadcrumb","itemListElement":[{"@type":"ListItem","position":1,"name":"Portada","item":"https:\/\/colegioarquitectos.com\/noticias"},{"@type":"ListItem","position":2,"name":"Celebraci\u00f3n D\u00eda de la Ingenier\u00eda"}]},{"@type":"WebSite","@id":"https:\/\/colegioarquitectos.com\/noticias\/#website","url":"https:\/\/colegioarquitectos.com\/noticias\/","name":"COLEGIO DE ARQUITECTOS DE CHILE","description":"","publisher":{"@id":"https:\/\/colegioarquitectos.com\/noticias\/#organization"},"potentialAction":[{"@type":"SearchAction","target":{"@type":"EntryPoint","urlTemplate":"https:\/\/colegioarquitectos.com\/noticias\/?s={search_term_string}"},"query-input":{"@type":"PropertyValueSpecification","valueRequired":true,"valueName":"search_term_string"}}],"inLanguage":"es"},{"@type":"Organization","@id":"https:\/\/colegioarquitectos.com\/noticias\/#organization","name":"COLEGIO DE ARQUITECTOS DE CHILE","url":"https:\/\/colegioarquitectos.com\/noticias\/","logo":{"@type":"ImageObject","inLanguage":"es","@id":"https:\/\/colegioarquitectos.com\/noticias\/#\/schema\/logo\/image\/","url":"https:\/\/colegioarquitectos.com\/noticias\/wp-content\/uploads\/2021\/05\/ENCABEZADO-LOGO-CA.jpg","contentUrl":"https:\/\/colegioarquitectos.com\/noticias\/wp-content\/uploads\/2021\/05\/ENCABEZADO-LOGO-CA.jpg","width":690,"height":350,"caption":"COLEGIO DE ARQUITECTOS DE CHILE"},"image":{"@id":"https:\/\/colegioarquitectos.com\/noticias\/#\/schema\/logo\/image\/"},"sameAs":["https:\/\/facebook.com\/Colegioarq\/","https:\/\/x.com\/colegioarq","https:\/\/instagram.com\/colegioarq","https:\/\/youtube.com\/@ColegiodeArquitectosdeChile"]},{"@type":"Person","@id":"https:\/\/colegioarquitectos.com\/noticias\/#\/schema\/person\/685cc0aad148303c5608f049af8285ad","name":"Colegio de Arquitectos de Chile","url":"https:\/\/colegioarquitectos.com\/noticias\/?author=4"}]}},"_links":{"self":[{"href":"https:\/\/colegioarquitectos.com\/noticias\/index.php?rest_route=\/wp\/v2\/posts\/17458","targetHints":{"allow":["GET"]}}],"collection":[{"href":"https:\/\/colegioarquitectos.com\/noticias\/index.php?rest_route=\/wp\/v2\/posts"}],"about":[{"href":"https:\/\/colegioarquitectos.com\/noticias\/index.php?rest_route=\/wp\/v2\/types\/post"}],"author":[{"embeddable":true,"href":"https:\/\/colegioarquitectos.com\/noticias\/index.php?rest_route=\/wp\/v2\/users\/4"}],"replies":[{"embeddable":true,"href":"https:\/\/colegioarquitectos.com\/noticias\/index.php?rest_route=%2Fwp%2Fv2%2Fcomments&post=17458"}],"version-history":[{"count":0,"href":"https:\/\/colegioarquitectos.com\/noticias\/index.php?rest_route=\/wp\/v2\/posts\/17458\/revisions"}],"wp:featuredmedia":[{"embeddable":true,"href":"https:\/\/colegioarquitectos.com\/noticias\/index.php?rest_route=\/wp\/v2\/media\/17459"}],"wp:attachment":[{"href":"https:\/\/colegioarquitectos.com\/noticias\/index.php?rest_route=%2Fwp%2Fv2%2Fmedia&parent=17458"}],"wp:term":[{"taxonomy":"category","embeddable":true,"href":"https:\/\/colegioarquitectos.com\/noticias\/index.php?rest_route=%2Fwp%2Fv2%2Fcategories&post=17458"},{"taxonomy":"post_tag","embeddable":true,"href":"https:\/\/colegioarquitectos.com\/noticias\/index.php?rest_route=%2Fwp%2Fv2%2Ftags&post=17458"}],"curies":[{"name":"wp","href":"https:\/\/api.w.org\/{rel}","templated":true}]}}