
{"id":17463,"date":"2017-05-11T18:00:58","date_gmt":"2017-05-11T18:00:58","guid":{"rendered":"http:\/\/colegioarquitectos.com\/?p=17463"},"modified":"2017-05-17T15:09:44","modified_gmt":"2017-05-17T15:09:44","slug":"xx-bienal-de-arquitectura-y-urbanismo-de-chile-anuncia-sus-participantes","status":"publish","type":"post","link":"https:\/\/colegioarquitectos.com\/noticias\/?p=17463","title":{"rendered":"XX Bienal de Arquitectura y Urbanismo anuncia a sus participantes"},"content":{"rendered":"<p>La XX Bienal de Arquitectura y Urbanismo de Chile a trav\u00e9s de la tem\u00e1tica \u201cDi\u00e1logos Impostergables\u201d invit\u00f3 a acad\u00e9micos, profesionales, activistas y al sector p\u00fablico de todas partes del mundo, a reflexionar en torno a aquellos temas que hemos dejado de lado en la construcci\u00f3n de nuestras ciudades y que a estas alturas son ineludibles.<\/p>\n<p>Luego de una exitosa convocatoria realizada a finales del a\u00f1o pasado, en la que se recibieron m\u00e1s de 400 propuestas, ha quedado claro que hoy es fundamental establecer y reforzar v\u00ednculos entre los pa\u00edses del sur que enfrentan problem\u00e1ticas similares, repensar la relaci\u00f3n con las fuerzas que gobiernan las ciudades, e incluir de manera efectiva a aquellos que residen al margen.<\/p>\n<p>Una selecci\u00f3n de proyectos presentados al llamado bienal junto con proyectos invitados directamente por el equipo curatorial conforman los 218 trabajos que ser\u00e1n exhibidos en la Muestra Internacional \u201cDi\u00e1logos Impostergables\u201d que representa a arquitectos, acad\u00e9micos, activistas y organizaciones gubernamentales provenientes de m\u00e1s de 26 pa\u00edses.<\/p>\n<p><img loading=\"lazy\" decoding=\"async\" class=\"alignnone wp-image-17464 size-full\" src=\"http:\/\/colegioarquitectos.com\/noticias\/wp-content\/uploads\/2017\/05\/06.jpg\" alt=\"\" width=\"399\" height=\"800\" srcset=\"https:\/\/colegioarquitectos.com\/noticias\/wp-content\/uploads\/2017\/05\/06.jpg 399w, https:\/\/colegioarquitectos.com\/noticias\/wp-content\/uploads\/2017\/05\/06-150x300.jpg 150w\" sizes=\"auto, (max-width: 399px) 100vw, 399px\" \/><\/p>\n<p>El activismo, reconocido como fuerza emergente en la configuraci\u00f3n de nuestro entorno construido, ser\u00e1 un eje fundamental de los \u201cDi\u00e1logos Impostergables\u201d y por primera vez ser\u00e1 parte de las contribuciones que se presenten en la Muestra Internacional:<\/p>\n<p><em>\u201cBajo este t\u00e9rmino no entendemos solamente las acciones voluntarias y de resistencia de unos individuos idealistas, sino la participaci\u00f3n ciudadana como ejercicio democr\u00e1tico en todas sus formas y manifestaciones. Para entender su din\u00e1mica, no nos limitaremos a presentar el mero resultado de una determinada acci\u00f3n, sino que haremos especial hincapi\u00e9 en los procesos, metodolog\u00edas e indicadores, esperando que la muestra entregue herramientas activas para los arquitectos del futuro\u201d.\u00a0<\/em>Claudio Magrini, Curador \u00c1rea Activismo y Territorializaci\u00f3n Valpara\u00edso.<\/p>\n<p>La totalidad de la exhibici\u00f3n de la XX Bienal de Arquitectura y Urbanismo situar\u00e1 las obras en medio de un paisaje de rostros de chilenos e inmigrantes, capturado por el fot\u00f3grafo Jorge Brantmayer.<\/p>\n<p>&nbsp;<\/p>\n<p><strong>Participantes invitados a la muestra:<\/strong><\/p>\n<p>&nbsp;<\/p>\n<ul>\n<li>51-1, Per\u00fa<\/li>\n<li>a77, Argentina<\/li>\n<li>AA Landscape Urbanism, UK<\/li>\n<li>AAA, Francia<\/li>\n<li>Aal (Advanced Architecture Lab), China<\/li>\n<li>\u00c1balos + Sentkiewicz, Espa\u00f1a<\/li>\n<li>After Belonging Agency, Espa\u00f1a<\/li>\n<li>AGENdA, Colombia<\/li>\n<li>Al Borde, Ecuador<\/li>\n<li>al911, M\u00e9xico<\/li>\n<li>Alcald\u00eda Ciudadana de la Municipalidad de Valpara\u00edso, Chile<\/li>\n<li>Aldea, Chile<\/li>\n<li>Alejandra Celed\u00f3n + Eneritz Hern\u00e1ndez, Chile<\/li>\n<li>Alejandro Crispiani + Tom\u00e1s Err\u00e1zuriz, Chile<\/li>\n<li>Alejandro De Castro +Adelaida Albit + Jos\u00e9 Lema\u00eetre + Yashesh Panchal, Espa\u00f1a<\/li>\n<li>Alejandro Haiek Coll, Venezuela<\/li>\n<li>Alexandros Tsamis, Chile<\/li>\n<li>Alfredo Hidalgo Rasmussen, M\u00e9xico<\/li>\n<li>Ambiente Arquitetura, Brasil<\/li>\n<li>Ana Mar\u00eda Dur\u00e1n, Ecuador<\/li>\n<li>Andreina Seijas Jaspe, Venezuela<\/li>\n<li>\u00c1ngel Mart\u00ednez, Espa\u00f1a<\/li>\n<li>Anjalendran, Sri Lanka<\/li>\n<li>Anna Puigjaner, Espa\u00f1a<\/li>\n<li>Anupama Kundoo, India<\/li>\n<li>arizt\u00edaLAB, Chile<\/li>\n<li>Arquitectura Emergencia y Derechos Humanos (EARH), Chile<\/li>\n<li>Arturo Ortiz Struck, M\u00e9xico<\/li>\n<li>Ateliermob &#8211; Arquitectura, Design e Urbanismo, Portugal<\/li>\n<li>Basurama, Espa\u00f1a<\/li>\n<li>Bilgrami, Pakist\u00e1n<\/li>\n<li>BIOME Environmental Solutions, India<\/li>\n<li>MSc Building and Urban Design in Development, DPU, UCL, UK<\/li>\n<li>Carlos D\u00edaz-Recasens + Gonzalo D\u00edaz-Recasens, Espa\u00f1a<\/li>\n<li>Carlos Llop Torne, Espa\u00f1a<\/li>\n<li>Carmen Mendoza Arroyo, Espa\u00f1a<\/li>\n<li>Casa de la Paz, Chile<\/li>\n<li>CatalyticAction, UK<\/li>\n<li>Caz\u00fa Zegers, Chile<\/li>\n<li>Christian Werthmann, Alemania<\/li>\n<li>Ciudad Emergente, Chile<\/li>\n<li>Ciudad Viva, Chile<\/li>\n<li>Colectivo Mu\u00e9vete, Chile<\/li>\n<li>Colegio de Arquitectos Valpara\u00edso, Chile<\/li>\n<li>Colonia Guerrero, M\u00e9xico<\/li>\n<li>Comit\u00e9 Arquitectos J\u00f3venes Colegio de Arquitectos, Chile<\/li>\n<li>Comite\u0301 Ha\u0301bitat y Vivienda Colegio de Arquitectos, \u00a1Chile<\/li>\n<li>Cooperativa Palo Alto, M\u00e9xico<\/li>\n<li>Daniel Feldman, Colombia<\/li>\n<li>Daniel Moreno + Sebasti\u00e1n Calero, Ecuador<\/li>\n<li>Design Earth, USA<\/li>\n<li>Empresas de Servicios P\u00fablicos de Energ\u00eda y Aguas de Medell\u00edn, Colombia<\/li>\n<li>Enable Foundation, China<\/li>\n<li>Enlace Arquitectura, Venezuela<\/li>\n<li>Entre Nos Atelier, Costa Rica<\/li>\n<li>Espacio Santa Ana + CRAC Valpara\u00edso, Chile<\/li>\n<li>Esteban De Manuel Jerez, Espa\u00f1a<\/li>\n<li>Estudi d\u2019arquitectura Toni Giron\u00e8s, Espa\u00f1a<\/li>\n<li>Estudio Borrachia, Argentina<\/li>\n<li>Flavio Janches + Lisa Diedrich + Mara Anselmi + Diego Sep\u00falveda, Argentina\/ Suecia<\/li>\n<li>Fundaci\u00f3n Junto al Barrio, Chile<\/li>\n<li>Fundaci\u00f3n Mi Parque, Chile<\/li>\n<li>GA Collaborative, USA<\/li>\n<li>Gabriel Salazar, Chile<\/li>\n<li>Hola Vecino ONG, M\u00e9xico<\/li>\n<li>IF Valpara\u00edso, Chile<\/li>\n<li>Interboro Partners + Tim Davis, USA<\/li>\n<li>I\u00f1aqui Carnicero &#8211; RICA Studio, Espa\u00f1a<\/li>\n<li>Iv\u00e1n Theoduloz, Chile<\/li>\n<li>Jaime Lerner Arquitetos Associados, Brasil<\/li>\n<li>Jorge Mario Jauregui, Argentina<\/li>\n<li>Jos\u00e9 Ram\u00f3n Sierra + Jaime Daroca, Espa\u00f1a<\/li>\n<li>L\u00e9opold Lambert, Francia<\/li>\n<li>Maddalena Dalfonso, Italia<\/li>\n<li>Manuel Herz, Suiza<\/li>\n<li>Mapocho Pedaleable, Chile<\/li>\n<li>MARC2\/2, Filipinas\/ Rusia<\/li>\n<li>Matharoo Associates, India<\/li>\n<li>Max Rohm, Argentina<\/li>\n<li>Migraplan, Argentina<\/li>\n<li>MIL M2, Chile<\/li>\n<li>Minga Valpo, Chile<\/li>\n<li>MIT Urban RISK Lab, USA<\/li>\n<li>Movimiento Furiosos Ciclistas Porte\u00f1os, Chile<\/li>\n<li>Natura Futura Arquitectura, Ecuador<\/li>\n<li>ONG Vivienda Local, Chile<\/li>\n<li>Organizaci\u00f3n Comunitaria Funcional Meta, Chile<\/li>\n<li>Pablo Brugnoli, Chile<\/li>\n<li>Parasite 2.0, Italia<\/li>\n<li>Pasarelas Verdes, Chile<\/li>\n<li>Pedro Henrique De Cristo, Brasil<\/li>\n<li>Peter M\u00f6rtenb\u00f6ck + Helge Mooshammer, UK<\/li>\n<li>Pladeco Valpara\u00edso, Chile<\/li>\n<li>Plan Cerro, Chile<\/li>\n<li>Plan Com\u00fan, Chile<\/li>\n<li>Plan:B Arquitectos, Colombia<\/li>\n<li>Programa Cecrea del Consejo Nacional de la Cultura de Chile, Chile<\/li>\n<li>Programa VACA, M\u00e9xico<\/li>\n<li>Quiero Mi Barrio, Chile<\/li>\n<li>Rebuild By Design, USA<\/li>\n<li>Recetas Urbanas, Espa\u00f1a<\/li>\n<li>Reclaiming Heritage, Alemania\/ Chile<\/li>\n<li>Rep\u00fablica Portatil, Chile<\/li>\n<li>Rozana Montiel | Estudio de Arquitectura, M\u00e9xico<\/li>\n<li>S-AR, M\u00e9xico<\/li>\n<li>Samuel Bravo, Chile<\/li>\n<li>Sitio Eriazo, Chile<\/li>\n<li>Supersudaca, Chile<\/li>\n<li>Surco Studio, Chile<\/li>\n<li>Taller de Acci\u00f3n Comunitaria Cerro Cordillera \/ TAC, Chile<\/li>\n<li>Taller de Dise\u00f1o EDU (Empresas de Desarrollo Urbano de Medell\u00edn), Colombia<\/li>\n<li>Tatiana Bilbao Arquitectos, M\u00e9xico<\/li>\n<li>Terra e Tuma Arquitetos Associados + Pedro Kok, Brasil<\/li>\n<li>TOMA, Chile<\/li>\n<li>Tyin Tegnestue, Noruega<\/li>\n<li>Ukamau, Chile<\/li>\n<li>URBAM, Colombia<\/li>\n<li>Urban Design Lab, LATAM<\/li>\n<li>Urbanismo Social, Chile<\/li>\n<li>USINA, Brasil<\/li>\n<li>Vo Trong Nghia, Vietnam<\/li>\n<\/ul>\n<p>&nbsp;<\/p>\n<p><strong>Participantes seleccionados como resultados de la convocatoria:<\/strong><\/p>\n<p>&nbsp;<\/p>\n<ul>\n<li>A-RU \/ Agencia de Resiliencia Urbana, M\u00e9xico<\/li>\n<li>Agustina Gonz\u00e1lez Cid, Argentina<\/li>\n<li>Alfombra Roja, Per\u00fa<\/li>\n<li>Anagramma Arquitectos, Chile<\/li>\n<li>Arquitectos Por La Reconstrucci\u00f3n, Chile<\/li>\n<li>Arquitectura Subalterna, Espa\u00f1a<\/li>\n<li>Atelier Da Rua Curitiba, Brasil<\/li>\n<li>Autoridad Sanitaria Recife, Brasil<\/li>\n<li>Balmori Associates, USA<\/li>\n<li>Catalina Pollak, UK<\/li>\n<li>CC Arquitectos, M\u00e9xico<\/li>\n<li>Celine Verissimo + Andreia Moassab, Brasil<\/li>\n<li>Colectivo Complementarias (Ctct), Chile<\/li>\n<li>Colectivo Mob, Brasil<\/li>\n<li>Corporaci\u00f3n Patrimonio y Paisaje CP&amp;P, Chile<\/li>\n<li>Crescente B\u00f6hme, Chile<\/li>\n<li>Crist\u00f3bal Tirado, Chile<\/li>\n<li>Danika Cooper, USA<\/li>\n<li>Domingo Arancibia, Chile<\/li>\n<li>Elisa C. Cattaneo, Italia<\/li>\n<li>Elton-Leniz, Chile<\/li>\n<li>Espacio L\u00fadico, Chile<\/li>\n<li>FORMS &#8211; Fern\u00e1ndez Ortega Research Modelling Studio, Chile<\/li>\n<li>Francisco Izquierdo Arquitectos, Chile<\/li>\n<li>Francisco Le\u00f3n + Alicia Ross Arquitectos, Chile<\/li>\n<li>Fundaci\u00f3n Juligon, Colombia<\/li>\n<li>Gobierno Regional Metropolitano de Santiago, Chile<\/li>\n<li>Gonzalo Mardones, Chile<\/li>\n<li>Habitabilidad FOSIS, Chile<\/li>\n<li>Instituto Cultural Bah\u00eda Blanca, Argentina<\/li>\n<li>Intendencia Montevideo, Uruguay<\/li>\n<li>Jaime Ovando Cid &#8211; Dideco Colina &#8211; La Cisterna, Chile<\/li>\n<li>Jean Araya Gladinier + Miguel Casasus Rodi\u00f1o, Chile<\/li>\n<li>Johan Mottelson + J\u00f8rgen Eskemose+ Raul Machaieie, Dinamarca<\/li>\n<li>Junta Nacional de Jardines Infantiles \u2013 JUNJI, Chile<\/li>\n<li>La Companhia de Desenvolvimento Habitacional do Distrito Federal (CODHAB-DF), Brasil<\/li>\n<li>Luis Darmendrail + Patricio Zeiss + Alexander Bustos, Chile<\/li>\n<li>Mag\u00edster de Territorio y Paisaje UDP + Instituto de Geograf\u00eda PUCV, Chile<\/li>\n<li>Mapocho 42k Lab, Chile<\/li>\n<li>Marsino, Chile<\/li>\n<li>Mayors Challenge: Municipalidades de Pudahuel + Valdivia + Estaci\u00f3n Central + Santiago, Chile<\/li>\n<li>Melina Pozo + Esther Mayoral Campa, Espa\u00f1a<\/li>\n<li>Mendaro Arquitectos &#8211; Ignacio Mendaro, M\u00e9xico<\/li>\n<li>Municipalidad Coyhaique, Chile<\/li>\n<li>Owar, Chile<\/li>\n<li>Parque Metropolitano de Santiago de Chile, Chile<\/li>\n<li>Paur\/ Paisaje Urbano, Chile<\/li>\n<li>Pedro Gubbins + Pablo Talhouk + Antonio Polidura, Chile<\/li>\n<li>Ricardo Az\u00f3car + Carolina Catr\u00f3n, Chile<\/li>\n<li>Ruta 4 Arquitectura, Colombia<\/li>\n<li>Sebasti\u00e1n Contreras, Colombia<\/li>\n<li>SECPLAN Municipalidad de Santiago, Chile<\/li>\n<li>Seremi Minvu Regi\u00f3n Los Lagos, Chile<\/li>\n<li>Servicio Nacional de la Discapacidad, Chile<\/li>\n<li>Subsecretaria de H\u00e1bitat y Desarrollo Humano, Argentina<\/li>\n<li>T\u00c1CTI.CO Taller de Arquitectura, Ecuador<\/li>\n<li>Vivienda Social Manaus, Brasil<\/li>\n<li>Zannah Matson + Jacob Moginot, Canad\u00e1<\/li>\n<\/ul>\n<p>&nbsp;<\/p>\n<p><strong>Universidades nacionales participantes de la muestra<\/strong>:<\/p>\n<p>&nbsp;<\/p>\n<ul>\n<li>Pontificia Universidad Cat\u00f3lica de Chile<\/li>\n<li>Pontificia Universidad Cat\u00f3lica de Valpara\u00edso<\/li>\n<li>Universidad de las Artes Ciencias y Comunicaci\u00f3n, Chile<\/li>\n<li>Universidad Adolfo Ib\u00e1\u00f1ez, Chile<\/li>\n<li>Universidad Arturo Prat, Chile<\/li>\n<li>Universidad Aut\u00f3noma, Chile<\/li>\n<li>Universidad Central, Chile<\/li>\n<li>Universidad de Chile, Chile<\/li>\n<li>Universidad de las Am\u00e9ricas, Chile<\/li>\n<li>Universidad de Santiago de Chile, Chile<\/li>\n<li>Universidad de Valpara\u00edso, Chile<\/li>\n<li>Universidad de Vi\u00f1a del Mar, Chile<\/li>\n<li>Universidad del Desarrollo, Chile<\/li>\n<li>Universidad Diego Portales, Chile<\/li>\n<li>Universidad Finis Terrae, Chile<\/li>\n<li>Universidad Mayor, Chile<\/li>\n<li>Universidad San Sebasti\u00e1n, Chile<\/li>\n<li>Universidad T\u00e9cnica Federico Santa Mar\u00eda, Chile<\/li>\n<li>Universidad Tecnol\u00f3gica Metropolitana, Chile<\/li>\n<\/ul>\n<p>&nbsp;<\/p>\n<p><strong>Instituciones p\u00fablicas participantes de la muestra:<\/strong><\/p>\n<p>&nbsp;<\/p>\n<ul>\n<li>Consejo Nacional de la Cultura y las Artes<\/li>\n<li>Ministerio de Obras P\u00fablicas<\/li>\n<li>Ministerio de Vivienda y Urbanismo<\/li>\n<li>Ministerio de Energ\u00eda<\/li>\n<li>Subsecretaria de Desarrollo Regional y Administrativo del Ministerio del Interior<\/li>\n<li>Intendencia Regi\u00f3n Valpara\u00edso<\/li>\n<li>Intendencia Regi\u00f3n Metropolitana<\/li>\n<li>Oficina Nacional de Emergencia del Ministerio del Interior<\/li>\n<li>Banco Interamericano de Desarrollo<\/li>\n<li>Banco Mundial<\/li>\n<\/ul>\n<p>&nbsp;<\/p>\n<p>Esta Bienal busca poner en evidencia que el fen\u00f3meno de la arquitectura va m\u00e1s all\u00e1 de las edificaciones y cobra real sentido cuando impacta en las personas. Por esto, se ha realizado adem\u00e1s una selecci\u00f3n especial de invitados, nacionales e internacionales, que pondr\u00e1n en evidencia la necesidad de tener en cuenta a las personas antes que los proyectos de arquitectura.<\/p>\n<p><em>\u201cEl trabajo que se presentar\u00e1 en la muestra de invitados especiales no ser\u00e1 solamente de arquitectos, y tendr\u00e1 la misi\u00f3n de poner en evidencia la relevancia de la necesidad de arquitecturas integradoras en el sentido m\u00e1s amplio, para mantener y promover nuevas formas de intercambio y di\u00e1logo entre personas\u2026 personas antes que proyectos. Se trata de contribuir al medio donde vivimos con una mirada m\u00e1s transversal acerca de los di\u00e1logos que no podemos dejar de tener, en relaci\u00f3n al entorno en que vivimos y que vemos en deterioro por diversas razones\u201d.\u00a0<\/em>Rodrigo Tisi, Director Creativo y Curador Proyectos Especiales.<\/p>\n<p>&nbsp;<\/p>\n<p>Los invitados de esta sala utilizar\u00e1n recursos tecnol\u00f3gicos y de representaci\u00f3n novedosa con objeto de llegar de manera m\u00e1s directa a un p\u00fablico amplio. Con humor y dramatismo se explican muchos de los problemas que est\u00e1n teniendo las personas en relaci\u00f3n al lugar y medio ambiente donde desarrollan su vida. La sala de Proyectos Especiales va a invitar a los espectadores de la Bienal a mirar el entorno que es de todos, global, desde un punto de vista cr\u00edtico y reflexivo, para ir m\u00e1s all\u00e1 de los impactos convencionales de la arquitectura.<\/p>\n<p>&nbsp;<\/p>\n<p><img loading=\"lazy\" decoding=\"async\" class=\"wp-image-17465 size-full\" src=\"http:\/\/colegioarquitectos.com\/noticias\/wp-content\/uploads\/2017\/05\/04.jpg\" alt=\"\" width=\"600\" height=\"601\" srcset=\"https:\/\/colegioarquitectos.com\/noticias\/wp-content\/uploads\/2017\/05\/04.jpg 600w, https:\/\/colegioarquitectos.com\/noticias\/wp-content\/uploads\/2017\/05\/04-180x180.jpg 180w, https:\/\/colegioarquitectos.com\/noticias\/wp-content\/uploads\/2017\/05\/04-300x300.jpg 300w\" sizes=\"auto, (max-width: 600px) 100vw, 600px\" \/><\/p>\n<p>Distintos artistas interesados en la arquitectura y a nociones m\u00e1s amplias de la idea de espacio ser\u00e1n parte de esta muestra. Se presentar\u00e1 la obra de grandes arquitectos de talla mundial y local, como el reciente ganador del Premio Nacional de Arquitectura 2017, el arquitecto chileno establecido en Chilo\u00e9, Edward Rojas.<\/p>\n<p>Este a\u00f1o se celebran adem\u00e1s los 40 a\u00f1os de la Bienal de Arquitectura y Urbanismo de Chile y el equipo curatorial ha querido realizar una serie de actividades paralelas a las muestras, dentro de las que destacan una retrospectiva hist\u00f3rica de la bienales en Chile, el proyecto \u201cCartas al Alcalde\u201d liderado por Storefront for Art and Architecture y el ya tradicional workshop que este a\u00f1o funcionar\u00e1 como un puente directo de comunicaci\u00f3n y di\u00e1logo cr\u00edtico entre estudiantes de arquitectura, acad\u00e9micos, instituciones p\u00fablicas y colectivos ciudadanos.<\/p>\n<p>La XX Bienal de Arquitectura y Urbanismo de Chile es organizada por el Colegio de Arquitectos de Chile en colaboraci\u00f3n con la Asociaci\u00f3n de Oficinas de Arquitectura y la Red de Escuelas de Arquitectura. Colaboran Consejo Nacional de la Cultura y las Artes, Ministerio de Obras P\u00fablicas, Ministerio de Vivienda y Urbanismo, Ministerio de Energ\u00eda, Subsecretaria de Desarrollo Regional y Administrativo del Ministerio del Interior, Intendencia Regi\u00f3n Valpara\u00edso, Intendencia Regi\u00f3n Metropolitana, Oficina Nacional de Emergencia del Ministerio del Interior. Apoyan Empresas Socovesa y Antofagasta Minerals.<\/p>\n<p>&nbsp;<\/p>\n<p>&nbsp;<\/p>\n<p><img loading=\"lazy\" decoding=\"async\" class=\"alignnone wp-image-17466 size-full\" src=\"http:\/\/colegioarquitectos.com\/noticias\/wp-content\/uploads\/2017\/05\/05.jpg\" alt=\"\" width=\"800\" height=\"534\" srcset=\"https:\/\/colegioarquitectos.com\/noticias\/wp-content\/uploads\/2017\/05\/05.jpg 800w, https:\/\/colegioarquitectos.com\/noticias\/wp-content\/uploads\/2017\/05\/05-300x200.jpg 300w, https:\/\/colegioarquitectos.com\/noticias\/wp-content\/uploads\/2017\/05\/05-768x513.jpg 768w\" sizes=\"auto, (max-width: 800px) 100vw, 800px\" \/><\/p>\n<p>&nbsp;<\/p>\n<p>Felipe Vera: Curador General y Director Ejecutivo<\/p>\n<p>Rodrigo Tisi: \u200bD\u200birector Creativo y Curador Proyectos Especiales<\/p>\n<p>\u200bJ\u200beannette Sordi\u200b: Curadora Academia<\/p>\n<p>Pablo Navarrete\u200b: \u200bCurador Sector P\u00fablico<\/p>\n<p>Pola Mora\u200b: \u200bCuradora Profesionales<\/p>\n<p>Jos\u00e9 Mayoral\u200b: \u200bCurador\u200b \u200bAcademia<\/p>\n<p>Claudio Magrini\u200b: Curador Activismo\u200b y \u200bTerritorializaci\u00f3n Valpara\u00edso<\/p>\n<p>Miguel Cancino\u200b: Curador Activismo<\/p>\n<p>&nbsp;<\/p>\n<p><strong>COORDINACI\u00d3N Y PRODUCCI\u00d3N<\/strong><\/p>\n<p>Coordinaci\u00f3n General: Carolina Sep\u00falveda<\/p>\n<p>Producci\u00f3n \/ Coordinaci\u00f3n Sector P\u00fablico y Universidades: Fernando Toro<\/p>\n<p>Editora de Contenidos: Constanza Larach<\/p>\n<p>Coordinaci\u00f3n de Contenidos: Ignacia Acevedo<\/p>\n<p>Coordinador Territorializaci\u00f3n Valpara\u00edso: Ren\u00e9 Reyes<\/p>\n<p>Workshop: Le\u00f3n Duval, Jos\u00e9 Mayoral, Luis Felipe Venegas<\/p>\n<p>Comunicaciones: GRIETA &#8211; Sebasti\u00e1n Herrera<\/p>\n<p>&nbsp;<\/p>\n<p><strong>Colaboradores<\/strong>:<\/p>\n<p>Piero Mangiamarchi, Diego Pinochet, Sebasti\u00e1n Cuevas, Anton Knyphausen, Tom\u00e1s Rodr\u00edguez, Blanca Vald\u00e9s y Catalina Losada.<\/p>\n<p>&nbsp;<\/p>\n<div id=\"attachment_17467\" style=\"width: 610px\" class=\"wp-caption alignnone\"><img loading=\"lazy\" decoding=\"async\" aria-describedby=\"caption-attachment-17467\" class=\"wp-image-17467 size-full\" src=\"http:\/\/colegioarquitectos.com\/noticias\/wp-content\/uploads\/2017\/05\/03.jpg\" alt=\"\" width=\"600\" height=\"602\" srcset=\"https:\/\/colegioarquitectos.com\/noticias\/wp-content\/uploads\/2017\/05\/03.jpg 600w, https:\/\/colegioarquitectos.com\/noticias\/wp-content\/uploads\/2017\/05\/03-180x180.jpg 180w, https:\/\/colegioarquitectos.com\/noticias\/wp-content\/uploads\/2017\/05\/03-300x300.jpg 300w\" sizes=\"auto, (max-width: 600px) 100vw, 600px\" \/><p id=\"caption-attachment-17467\" class=\"wp-caption-text\">desplegable_bienalARQrev06<\/p><\/div>\n<p><\/p>","protected":false},"excerpt":{"rendered":"<p>La XX Bienal de Arquitectura y Urbanismo de Chile a trav\u00e9s de la tem\u00e1tica \u201cDi\u00e1logos Impostergables\u201d invit\u00f3 a acad\u00e9micos, profesionales, activistas y al sector p\u00fablico de todas partes del mundo, a reflexionar en torno a aquellos temas que hemos dejado &hellip; <a class=\"more-link\" href=\"https:\/\/colegioarquitectos.com\/noticias\/?p=17463\">ver m\u00e1s<\/a><\/p>","protected":false},"author":4,"featured_media":17468,"comment_status":"closed","ping_status":"closed","sticky":false,"template":"","format":"standard","meta":{"footnotes":""},"categories":[59],"tags":[],"class_list":["post-17463","post","type-post","status-publish","format-standard","has-post-thumbnail","hentry","category-bienal"],"yoast_head":"<!-- This site is optimized with the Yoast SEO plugin v24.2 - https:\/\/yoast.com\/wordpress\/plugins\/seo\/ -->\n<title>XX Bienal de Arquitectura y Urbanismo anuncia a sus participantes - COLEGIO DE ARQUITECTOS DE CHILE<\/title>\n<meta name=\"robots\" content=\"index, follow, max-snippet:-1, max-image-preview:large, max-video-preview:-1\" \/>\n<link rel=\"canonical\" href=\"https:\/\/colegioarquitectos.com\/noticias\/?p=17463\" \/>\n<meta property=\"og:locale\" content=\"es_ES\" \/>\n<meta property=\"og:type\" content=\"article\" \/>\n<meta property=\"og:title\" content=\"XX Bienal de Arquitectura y Urbanismo anuncia a sus participantes - COLEGIO DE ARQUITECTOS DE CHILE\" \/>\n<meta property=\"og:description\" content=\"La XX Bienal de Arquitectura y Urbanismo de Chile a trav\u00e9s de la tem\u00e1tica \u201cDi\u00e1logos Impostergables\u201d invit\u00f3 a acad\u00e9micos, profesionales, activistas y al sector p\u00fablico de todas partes del mundo, a reflexionar en torno a aquellos temas que hemos dejado &hellip; ver m\u00e1s\" \/>\n<meta property=\"og:url\" content=\"https:\/\/colegioarquitectos.com\/noticias\/?p=17463\" \/>\n<meta property=\"og:site_name\" content=\"COLEGIO DE ARQUITECTOS DE CHILE\" \/>\n<meta property=\"article:publisher\" content=\"https:\/\/facebook.com\/Colegioarq\/\" \/>\n<meta property=\"article:published_time\" content=\"2017-05-11T18:00:58+00:00\" \/>\n<meta property=\"article:modified_time\" content=\"2017-05-17T15:09:44+00:00\" \/>\n<meta property=\"og:image\" content=\"https:\/\/colegioarquitectos.com\/noticias\/wp-content\/uploads\/2017\/05\/Lanzamiento-Bienal.jpg\" \/>\n\t<meta property=\"og:image:width\" content=\"690\" \/>\n\t<meta property=\"og:image:height\" content=\"350\" \/>\n\t<meta property=\"og:image:type\" content=\"image\/jpeg\" \/>\n<meta name=\"author\" content=\"Colegio de Arquitectos de Chile\" \/>\n<meta name=\"twitter:card\" content=\"summary_large_image\" \/>\n<meta name=\"twitter:creator\" content=\"@colegioarq\" \/>\n<meta name=\"twitter:site\" content=\"@colegioarq\" \/>\n<meta name=\"twitter:label1\" content=\"Escrito por\" \/>\n\t<meta name=\"twitter:data1\" content=\"Colegio de Arquitectos de Chile\" \/>\n\t<meta name=\"twitter:label2\" content=\"Tiempo de lectura\" \/>\n\t<meta name=\"twitter:data2\" content=\"10 minutos\" \/>\n<script type=\"application\/ld+json\" class=\"yoast-schema-graph\">{\"@context\":\"https:\/\/schema.org\",\"@graph\":[{\"@type\":\"Article\",\"@id\":\"https:\/\/colegioarquitectos.com\/noticias\/?p=17463#article\",\"isPartOf\":{\"@id\":\"https:\/\/colegioarquitectos.com\/noticias\/?p=17463\"},\"author\":{\"name\":\"Colegio de Arquitectos de Chile\",\"@id\":\"https:\/\/colegioarquitectos.com\/noticias\/#\/schema\/person\/685cc0aad148303c5608f049af8285ad\"},\"headline\":\"XX Bienal de Arquitectura y Urbanismo anuncia a sus participantes\",\"datePublished\":\"2017-05-11T18:00:58+00:00\",\"dateModified\":\"2017-05-17T15:09:44+00:00\",\"mainEntityOfPage\":{\"@id\":\"https:\/\/colegioarquitectos.com\/noticias\/?p=17463\"},\"wordCount\":2051,\"publisher\":{\"@id\":\"https:\/\/colegioarquitectos.com\/noticias\/#organization\"},\"image\":{\"@id\":\"https:\/\/colegioarquitectos.com\/noticias\/?p=17463#primaryimage\"},\"thumbnailUrl\":\"https:\/\/colegioarquitectos.com\/noticias\/wp-content\/uploads\/2017\/05\/Lanzamiento-Bienal.jpg\",\"articleSection\":[\"Bienal\"],\"inLanguage\":\"es\"},{\"@type\":\"WebPage\",\"@id\":\"https:\/\/colegioarquitectos.com\/noticias\/?p=17463\",\"url\":\"https:\/\/colegioarquitectos.com\/noticias\/?p=17463\",\"name\":\"XX Bienal de Arquitectura y Urbanismo anuncia a sus participantes - COLEGIO DE ARQUITECTOS DE CHILE\",\"isPartOf\":{\"@id\":\"https:\/\/colegioarquitectos.com\/noticias\/#website\"},\"primaryImageOfPage\":{\"@id\":\"https:\/\/colegioarquitectos.com\/noticias\/?p=17463#primaryimage\"},\"image\":{\"@id\":\"https:\/\/colegioarquitectos.com\/noticias\/?p=17463#primaryimage\"},\"thumbnailUrl\":\"https:\/\/colegioarquitectos.com\/noticias\/wp-content\/uploads\/2017\/05\/Lanzamiento-Bienal.jpg\",\"datePublished\":\"2017-05-11T18:00:58+00:00\",\"dateModified\":\"2017-05-17T15:09:44+00:00\",\"breadcrumb\":{\"@id\":\"https:\/\/colegioarquitectos.com\/noticias\/?p=17463#breadcrumb\"},\"inLanguage\":\"es\",\"potentialAction\":[{\"@type\":\"ReadAction\",\"target\":[\"https:\/\/colegioarquitectos.com\/noticias\/?p=17463\"]}]},{\"@type\":\"ImageObject\",\"inLanguage\":\"es\",\"@id\":\"https:\/\/colegioarquitectos.com\/noticias\/?p=17463#primaryimage\",\"url\":\"https:\/\/colegioarquitectos.com\/noticias\/wp-content\/uploads\/2017\/05\/Lanzamiento-Bienal.jpg\",\"contentUrl\":\"https:\/\/colegioarquitectos.com\/noticias\/wp-content\/uploads\/2017\/05\/Lanzamiento-Bienal.jpg\",\"width\":690,\"height\":350},{\"@type\":\"BreadcrumbList\",\"@id\":\"https:\/\/colegioarquitectos.com\/noticias\/?p=17463#breadcrumb\",\"itemListElement\":[{\"@type\":\"ListItem\",\"position\":1,\"name\":\"Portada\",\"item\":\"https:\/\/colegioarquitectos.com\/noticias\"},{\"@type\":\"ListItem\",\"position\":2,\"name\":\"XX Bienal de Arquitectura y Urbanismo anuncia a sus participantes\"}]},{\"@type\":\"WebSite\",\"@id\":\"https:\/\/colegioarquitectos.com\/noticias\/#website\",\"url\":\"https:\/\/colegioarquitectos.com\/noticias\/\",\"name\":\"COLEGIO DE ARQUITECTOS DE CHILE\",\"description\":\"\",\"publisher\":{\"@id\":\"https:\/\/colegioarquitectos.com\/noticias\/#organization\"},\"potentialAction\":[{\"@type\":\"SearchAction\",\"target\":{\"@type\":\"EntryPoint\",\"urlTemplate\":\"https:\/\/colegioarquitectos.com\/noticias\/?s={search_term_string}\"},\"query-input\":{\"@type\":\"PropertyValueSpecification\",\"valueRequired\":true,\"valueName\":\"search_term_string\"}}],\"inLanguage\":\"es\"},{\"@type\":\"Organization\",\"@id\":\"https:\/\/colegioarquitectos.com\/noticias\/#organization\",\"name\":\"COLEGIO DE ARQUITECTOS DE CHILE\",\"url\":\"https:\/\/colegioarquitectos.com\/noticias\/\",\"logo\":{\"@type\":\"ImageObject\",\"inLanguage\":\"es\",\"@id\":\"https:\/\/colegioarquitectos.com\/noticias\/#\/schema\/logo\/image\/\",\"url\":\"https:\/\/colegioarquitectos.com\/noticias\/wp-content\/uploads\/2021\/05\/ENCABEZADO-LOGO-CA.jpg\",\"contentUrl\":\"https:\/\/colegioarquitectos.com\/noticias\/wp-content\/uploads\/2021\/05\/ENCABEZADO-LOGO-CA.jpg\",\"width\":690,\"height\":350,\"caption\":\"COLEGIO DE ARQUITECTOS DE CHILE\"},\"image\":{\"@id\":\"https:\/\/colegioarquitectos.com\/noticias\/#\/schema\/logo\/image\/\"},\"sameAs\":[\"https:\/\/facebook.com\/Colegioarq\/\",\"https:\/\/x.com\/colegioarq\",\"https:\/\/instagram.com\/colegioarq\",\"https:\/\/youtube.com\/@ColegiodeArquitectosdeChile\"]},{\"@type\":\"Person\",\"@id\":\"https:\/\/colegioarquitectos.com\/noticias\/#\/schema\/person\/685cc0aad148303c5608f049af8285ad\",\"name\":\"Colegio de Arquitectos de Chile\",\"url\":\"https:\/\/colegioarquitectos.com\/noticias\/?author=4\"}]}<\/script>\n<!-- \/ Yoast SEO plugin. -->","yoast_head_json":{"title":"XX Bienal de Arquitectura y Urbanismo anuncia a sus participantes - COLEGIO DE ARQUITECTOS DE CHILE","robots":{"index":"index","follow":"follow","max-snippet":"max-snippet:-1","max-image-preview":"max-image-preview:large","max-video-preview":"max-video-preview:-1"},"canonical":"https:\/\/colegioarquitectos.com\/noticias\/?p=17463","og_locale":"es_ES","og_type":"article","og_title":"XX Bienal de Arquitectura y Urbanismo anuncia a sus participantes - COLEGIO DE ARQUITECTOS DE CHILE","og_description":"La XX Bienal de Arquitectura y Urbanismo de Chile a trav\u00e9s de la tem\u00e1tica \u201cDi\u00e1logos Impostergables\u201d invit\u00f3 a acad\u00e9micos, profesionales, activistas y al sector p\u00fablico de todas partes del mundo, a reflexionar en torno a aquellos temas que hemos dejado &hellip; ver m\u00e1s","og_url":"https:\/\/colegioarquitectos.com\/noticias\/?p=17463","og_site_name":"COLEGIO DE ARQUITECTOS DE CHILE","article_publisher":"https:\/\/facebook.com\/Colegioarq\/","article_published_time":"2017-05-11T18:00:58+00:00","article_modified_time":"2017-05-17T15:09:44+00:00","og_image":[{"width":690,"height":350,"url":"https:\/\/colegioarquitectos.com\/noticias\/wp-content\/uploads\/2017\/05\/Lanzamiento-Bienal.jpg","type":"image\/jpeg"}],"author":"Colegio de Arquitectos de Chile","twitter_card":"summary_large_image","twitter_creator":"@colegioarq","twitter_site":"@colegioarq","twitter_misc":{"Escrito por":"Colegio de Arquitectos de Chile","Tiempo de lectura":"10 minutos"},"schema":{"@context":"https:\/\/schema.org","@graph":[{"@type":"Article","@id":"https:\/\/colegioarquitectos.com\/noticias\/?p=17463#article","isPartOf":{"@id":"https:\/\/colegioarquitectos.com\/noticias\/?p=17463"},"author":{"name":"Colegio de Arquitectos de Chile","@id":"https:\/\/colegioarquitectos.com\/noticias\/#\/schema\/person\/685cc0aad148303c5608f049af8285ad"},"headline":"XX Bienal de Arquitectura y Urbanismo anuncia a sus participantes","datePublished":"2017-05-11T18:00:58+00:00","dateModified":"2017-05-17T15:09:44+00:00","mainEntityOfPage":{"@id":"https:\/\/colegioarquitectos.com\/noticias\/?p=17463"},"wordCount":2051,"publisher":{"@id":"https:\/\/colegioarquitectos.com\/noticias\/#organization"},"image":{"@id":"https:\/\/colegioarquitectos.com\/noticias\/?p=17463#primaryimage"},"thumbnailUrl":"https:\/\/colegioarquitectos.com\/noticias\/wp-content\/uploads\/2017\/05\/Lanzamiento-Bienal.jpg","articleSection":["Bienal"],"inLanguage":"es"},{"@type":"WebPage","@id":"https:\/\/colegioarquitectos.com\/noticias\/?p=17463","url":"https:\/\/colegioarquitectos.com\/noticias\/?p=17463","name":"XX Bienal de Arquitectura y Urbanismo anuncia a sus participantes - COLEGIO DE ARQUITECTOS DE CHILE","isPartOf":{"@id":"https:\/\/colegioarquitectos.com\/noticias\/#website"},"primaryImageOfPage":{"@id":"https:\/\/colegioarquitectos.com\/noticias\/?p=17463#primaryimage"},"image":{"@id":"https:\/\/colegioarquitectos.com\/noticias\/?p=17463#primaryimage"},"thumbnailUrl":"https:\/\/colegioarquitectos.com\/noticias\/wp-content\/uploads\/2017\/05\/Lanzamiento-Bienal.jpg","datePublished":"2017-05-11T18:00:58+00:00","dateModified":"2017-05-17T15:09:44+00:00","breadcrumb":{"@id":"https:\/\/colegioarquitectos.com\/noticias\/?p=17463#breadcrumb"},"inLanguage":"es","potentialAction":[{"@type":"ReadAction","target":["https:\/\/colegioarquitectos.com\/noticias\/?p=17463"]}]},{"@type":"ImageObject","inLanguage":"es","@id":"https:\/\/colegioarquitectos.com\/noticias\/?p=17463#primaryimage","url":"https:\/\/colegioarquitectos.com\/noticias\/wp-content\/uploads\/2017\/05\/Lanzamiento-Bienal.jpg","contentUrl":"https:\/\/colegioarquitectos.com\/noticias\/wp-content\/uploads\/2017\/05\/Lanzamiento-Bienal.jpg","width":690,"height":350},{"@type":"BreadcrumbList","@id":"https:\/\/colegioarquitectos.com\/noticias\/?p=17463#breadcrumb","itemListElement":[{"@type":"ListItem","position":1,"name":"Portada","item":"https:\/\/colegioarquitectos.com\/noticias"},{"@type":"ListItem","position":2,"name":"XX Bienal de Arquitectura y Urbanismo anuncia a sus participantes"}]},{"@type":"WebSite","@id":"https:\/\/colegioarquitectos.com\/noticias\/#website","url":"https:\/\/colegioarquitectos.com\/noticias\/","name":"COLEGIO DE ARQUITECTOS DE CHILE","description":"","publisher":{"@id":"https:\/\/colegioarquitectos.com\/noticias\/#organization"},"potentialAction":[{"@type":"SearchAction","target":{"@type":"EntryPoint","urlTemplate":"https:\/\/colegioarquitectos.com\/noticias\/?s={search_term_string}"},"query-input":{"@type":"PropertyValueSpecification","valueRequired":true,"valueName":"search_term_string"}}],"inLanguage":"es"},{"@type":"Organization","@id":"https:\/\/colegioarquitectos.com\/noticias\/#organization","name":"COLEGIO DE ARQUITECTOS DE CHILE","url":"https:\/\/colegioarquitectos.com\/noticias\/","logo":{"@type":"ImageObject","inLanguage":"es","@id":"https:\/\/colegioarquitectos.com\/noticias\/#\/schema\/logo\/image\/","url":"https:\/\/colegioarquitectos.com\/noticias\/wp-content\/uploads\/2021\/05\/ENCABEZADO-LOGO-CA.jpg","contentUrl":"https:\/\/colegioarquitectos.com\/noticias\/wp-content\/uploads\/2021\/05\/ENCABEZADO-LOGO-CA.jpg","width":690,"height":350,"caption":"COLEGIO DE ARQUITECTOS DE CHILE"},"image":{"@id":"https:\/\/colegioarquitectos.com\/noticias\/#\/schema\/logo\/image\/"},"sameAs":["https:\/\/facebook.com\/Colegioarq\/","https:\/\/x.com\/colegioarq","https:\/\/instagram.com\/colegioarq","https:\/\/youtube.com\/@ColegiodeArquitectosdeChile"]},{"@type":"Person","@id":"https:\/\/colegioarquitectos.com\/noticias\/#\/schema\/person\/685cc0aad148303c5608f049af8285ad","name":"Colegio de Arquitectos de Chile","url":"https:\/\/colegioarquitectos.com\/noticias\/?author=4"}]}},"_links":{"self":[{"href":"https:\/\/colegioarquitectos.com\/noticias\/index.php?rest_route=\/wp\/v2\/posts\/17463","targetHints":{"allow":["GET"]}}],"collection":[{"href":"https:\/\/colegioarquitectos.com\/noticias\/index.php?rest_route=\/wp\/v2\/posts"}],"about":[{"href":"https:\/\/colegioarquitectos.com\/noticias\/index.php?rest_route=\/wp\/v2\/types\/post"}],"author":[{"embeddable":true,"href":"https:\/\/colegioarquitectos.com\/noticias\/index.php?rest_route=\/wp\/v2\/users\/4"}],"replies":[{"embeddable":true,"href":"https:\/\/colegioarquitectos.com\/noticias\/index.php?rest_route=%2Fwp%2Fv2%2Fcomments&post=17463"}],"version-history":[{"count":0,"href":"https:\/\/colegioarquitectos.com\/noticias\/index.php?rest_route=\/wp\/v2\/posts\/17463\/revisions"}],"wp:featuredmedia":[{"embeddable":true,"href":"https:\/\/colegioarquitectos.com\/noticias\/index.php?rest_route=\/wp\/v2\/media\/17468"}],"wp:attachment":[{"href":"https:\/\/colegioarquitectos.com\/noticias\/index.php?rest_route=%2Fwp%2Fv2%2Fmedia&parent=17463"}],"wp:term":[{"taxonomy":"category","embeddable":true,"href":"https:\/\/colegioarquitectos.com\/noticias\/index.php?rest_route=%2Fwp%2Fv2%2Fcategories&post=17463"},{"taxonomy":"post_tag","embeddable":true,"href":"https:\/\/colegioarquitectos.com\/noticias\/index.php?rest_route=%2Fwp%2Fv2%2Ftags&post=17463"}],"curies":[{"name":"wp","href":"https:\/\/api.w.org\/{rel}","templated":true}]}}