
{"id":17478,"date":"2017-05-15T15:13:36","date_gmt":"2017-05-15T15:13:36","guid":{"rendered":"http:\/\/colegioarquitectos.com\/?p=17478"},"modified":"2017-05-15T16:39:45","modified_gmt":"2017-05-15T16:39:45","slug":"arquitectos-internacionales-y-locales-se-reunen-para-fomentar-relaciones-bilaterales","status":"publish","type":"post","link":"https:\/\/colegioarquitectos.com\/noticias\/?p=17478","title":{"rendered":"Arquitectos internacionales y locales se re\u00fanen para fomentar relaciones bilaterales"},"content":{"rendered":"<p>En la Asociaci\u00f3n de Oficinas de Arquitectos de Chile (AOA) se realiz\u00f3 un encuentro con representantes de destacadas firmas de arquitectura provenientes de Holanda, Inglaterra, Colombia, Paraguay, Bolivia y Per\u00fa. Todos ellos expositores de ENEXPRO 2017, el encuentro exportador de Chile al mundo, organizado por ProChile.<\/p>\n<p>La instancia surgi\u00f3 con el motivo de fomentar lazos de networking entre las distintas oficinas, impulsar la marca sectorial Arquitectura de Chile (iniciativa de ProChile en conjunto con la Asociaci\u00f3n de Oficinas de Arquitectos y el Colegio de Arquitectos de Chile), conocer proyectos y la oferta chilena de dise\u00f1o y construcci\u00f3n. As\u00ed lo propuso Ver\u00f3nica Tramer, directora comercial de ProChile: \u201cNuestro objetivo es encontrar nichos para colaborar juntos y salir a exportar al mundo\u201d.<\/p>\n<p>El encuentro fue presidido por Pablo Larra\u00edn, Presidente de la AOA, y organizado por M\u00f3nica P\u00e9rez y Fernando Mar\u00edn, representantes de la marca sectorial Arquitectura de Chile quienes dieron la bienvenida a los m\u00e1s de 40 asistentes a un proceso de cooperaci\u00f3n bilateral entre las oficinas. \u201cEntendemos la exportaci\u00f3n de servicios de arquitectura como una relaci\u00f3n bidireccional, esto es estableciendo redes con oficinas de arquitectura e inversionistas extranjeros para mercados internacionales, as\u00ed como para el nuestro\u201d asegur\u00f3 Mar\u00edn.<\/p>\n<p>Durante la primera parte, se expusieron los atributos de la arquitectura chilena: la resiliencia ante cat\u00e1strofes, la arquitectura antis\u00edsmica, arquitectura sustentable y los hitos de la construcci\u00f3n c\u00f3mo la Torre Titanium, que se caracteriza por sus disipadores s\u00edsmicos y el Costanera Center, considerada la torre m\u00e1s alta de am\u00e9rica latina en el pa\u00eds m\u00e1s s\u00edsmico del mundo.<\/p>\n<p>Desde el gobierno, Crist\u00f3bal Molina, coordinador del \u00e1rea de arquitectura del Consejo Nacional de la Cultura, valid\u00f3 la importancia de la consolidaci\u00f3n de la marca Arquitectura de Chile se\u00f1alando que: \u201cEsta instancia es de gran relevancia para promover la arquitectura como una expresi\u00f3n cultural y reconocer su contribuci\u00f3n a la imagen pa\u00eds\u201d.<\/p>\n<p>&nbsp;<\/p>\n<p><strong>Arquitectura latinoamericana<\/strong><\/p>\n<p><strong>\u00a0<\/strong>Sergio Suazn\u00e1bar, arquitecto de Grupo Lafuente, el grupo empresarial m\u00e1s importante en Bolivia, se refiri\u00f3 al desarrollo de la Ciudad Productiva Integrada en Santa Cruz, Bolivia. Un megaproyecto destinado a convertirse en una de las metr\u00f3polis de mayor bienestar y progreso en Am\u00e9rica Latina.<\/p>\n<p>Diana Salazar, directora de planeaci\u00f3n estrat\u00e9gica de VIVA, Empresa de Vivienda de Antioquia en Colombia, exhibi\u00f3 el sistema de formulaci\u00f3n arquitect\u00f3nica, t\u00e9cnica y jur\u00eddica de la empresa estatal, que surgi\u00f3 para apoyar la perdida de subsidio habitacional de 250 familias colombianas. La directora hizo hincapi\u00e9 en que las fortalezas de la arquitectura chilena se complementan con su proyecto. \u201cPodemos aprender de la experiencia de construir viviendas seguras como las que hay en Chile\u201d.<\/p>\n<p>Asimismo, presentaron los representantes de Veza Constructora S.A. de Paraguay, Alberto Vellacich y Marcus de Monzarz Villa de ODM Arquitectura, Construcci\u00f3n e Ingenier\u00eda de Per\u00fa. Ambas empresas encargadas de dise\u00f1ar y construir residencias, universidades, edificios, hospitales, almacenes y hoteles, como parte del crecimiento y desarrollo econ\u00f3mico de sus respectivos pa\u00edses.<\/p>\n<p>&nbsp;<\/p>\n<p><strong>Arquitectura europea<\/strong><\/p>\n<p>El holand\u00e9s Jacob Van Rijs de MVRDV, mostr\u00f3 algunos proyectos emblem\u00e1ticos de los m\u00e1s de 750 que han sido construidos en 36 pa\u00edses desde la fundaci\u00f3n de la firma en 1993, tales como: el edificio Silodam en \u00c1msterdam, el edificio Mirador en Madrid y el parque m\u00f3vil en Hamburgo, entre otros.<\/p>\n<p>El fundador de MVRDV, declar\u00f3 estar encantado con la diversidad arquitect\u00f3nica del pa\u00eds: \u201cVer edificios de los sesenta junto a edificaciones modernas, un poco de arquitectura escandinava, el lado informal y formal de la construcci\u00f3n, los edificios de alta tecnolog\u00eda\u2026 La arquitectura chilena es como un secreto bien guardado que ha sido recientemente descubierto y que debe ser potenciado con alianzas entre oficinas que desconozcan sus atributos\u201d.<\/p>\n<p>Holanda es el motor de la arquitectura contempor\u00e1nea europea desde hace m\u00e1s de dos d\u00e9cadas, es por esto que la mayor convocatoria fue de firmas provenientes de los Pa\u00edses Bajos.<\/p>\n<p>Continu\u00f3 el arquitecto Duzan Dopel, co-fundador de Doepel Strijker, la firma a cargo del famoso \u201cDutch Windwheel\u201d, un molino de viento de 61,000 m2 habitables que estar\u00e1 terminado en 2025. El molino se ha transformado en el hito arquitect\u00f3nico de Rotterdam y es la transici\u00f3n a una econom\u00eda de tecnolog\u00eda limpia y sustentable para resolver el crecimiento del flujo tur\u00edstico en la ciudad.<\/p>\n<p>Gabriel Pe\u00f1a, arquitecto de Pe\u00f1a Architecture ubicada en Rotterdam, Holanda, es socio de la AOA desde el a\u00f1o 2016 surgiendo esta relaci\u00f3n luego de la misi\u00f3n tecnol\u00f3gica AOA a Pa\u00edses Bajos 2016. Es uno de los encargados de detallar la experiencia de importaciones de servicios, al ser dise\u00f1ador del proyecto TIP Magallanes en conjunto con Archiplan, un terminal portuario de cruceros que se construir\u00e1 en Punta Arenas.<\/p>\n<p>Concluy\u00f3 el encuentro, el arquitecto chileno radicado en Londres: Ignacio Amunategui, de la oficina Foster + Partners de Inglaterra, considerado uno de los estudios de arquitectura y dise\u00f1o integrado m\u00e1s innovadores del mundo. \u201cSomos una marca muy definida dentro de la arquitectura y tenemos grandes embajadores que han ayudado a poner la marca en el mundo. As\u00ed lo confirma la premiaci\u00f3n a Alejandro Aravena y los arquitectos que dan clases en universidades de prestigio en Estados Unidos como Cecilia Puga, Mathias Klotz y Smiljan Radic\u201d, afirm\u00f3.<\/p>\n<p>&nbsp;<\/p>\n<p>Fotos del encuentro<\/p>\n\n\t\t<style type=\"text\/css\">\n\t\t\t#gallery-1 {\n\t\t\t\tmargin: auto;\n\t\t\t}\n\t\t\t#gallery-1 .gallery-item {\n\t\t\t\tfloat: left;\n\t\t\t\tmargin-top: 10px;\n\t\t\t\ttext-align: center;\n\t\t\t\twidth: 33%;\n\t\t\t}\n\t\t\t#gallery-1 img {\n\t\t\t\tborder: 2px solid #cfcfcf;\n\t\t\t}\n\t\t\t#gallery-1 .gallery-caption {\n\t\t\t\tmargin-left: 0;\n\t\t\t}\n\t\t\t\/* see gallery_shortcode() in wp-includes\/media.php *\/\n\t\t<\/style>\n\t\t<div id='gallery-1' class='gallery galleryid-17478 gallery-columns-3 gallery-size-thumbnail'><dl class='gallery-item'>\n\t\t\t<dt class='gallery-icon landscape'>\n\t\t\t\t<a href='https:\/\/colegioarquitectos.com\/noticias\/?attachment_id=17481'><img loading=\"lazy\" decoding=\"async\" width=\"180\" height=\"180\" src=\"https:\/\/colegioarquitectos.com\/noticias\/wp-content\/uploads\/2017\/05\/2-180x180.jpg\" class=\"attachment-thumbnail size-thumbnail\" alt=\"\" \/><\/a>\n\t\t\t<\/dt><\/dl><dl class='gallery-item'>\n\t\t\t<dt class='gallery-icon landscape'>\n\t\t\t\t<a href='https:\/\/colegioarquitectos.com\/noticias\/?attachment_id=17482'><img loading=\"lazy\" decoding=\"async\" width=\"180\" height=\"180\" src=\"https:\/\/colegioarquitectos.com\/noticias\/wp-content\/uploads\/2017\/05\/3-180x180.jpg\" class=\"attachment-thumbnail size-thumbnail\" alt=\"\" aria-describedby=\"gallery-1-17482\" \/><\/a>\n\t\t\t<\/dt>\n\t\t\t\t<dd class='wp-caption-text gallery-caption' id='gallery-1-17482'>\n\t\t\t\tFernando Mar\u00edn\n\t\t\t\t<\/dd><\/dl><dl class='gallery-item'>\n\t\t\t<dt class='gallery-icon landscape'>\n\t\t\t\t<a href='https:\/\/colegioarquitectos.com\/noticias\/?attachment_id=17483'><img loading=\"lazy\" decoding=\"async\" width=\"180\" height=\"180\" src=\"https:\/\/colegioarquitectos.com\/noticias\/wp-content\/uploads\/2017\/05\/4-180x180.jpg\" class=\"attachment-thumbnail size-thumbnail\" alt=\"\" aria-describedby=\"gallery-1-17483\" \/><\/a>\n\t\t\t<\/dt>\n\t\t\t\t<dd class='wp-caption-text gallery-caption' id='gallery-1-17483'>\n\t\t\t\tPablo Larra\u00edn y Rodrigo Tisi\n\t\t\t\t<\/dd><\/dl><br style=\"clear: both\" \/><dl class='gallery-item'>\n\t\t\t<dt class='gallery-icon landscape'>\n\t\t\t\t<a href='https:\/\/colegioarquitectos.com\/noticias\/?attachment_id=17484'><img loading=\"lazy\" decoding=\"async\" width=\"180\" height=\"180\" src=\"https:\/\/colegioarquitectos.com\/noticias\/wp-content\/uploads\/2017\/05\/5-180x180.jpg\" class=\"attachment-thumbnail size-thumbnail\" alt=\"\" aria-describedby=\"gallery-1-17484\" \/><\/a>\n\t\t\t<\/dt>\n\t\t\t\t<dd class='wp-caption-text gallery-caption' id='gallery-1-17484'>\n\t\t\t\tSergio Suaznabar\n\t\t\t\t<\/dd><\/dl><dl class='gallery-item'>\n\t\t\t<dt class='gallery-icon landscape'>\n\t\t\t\t<a href='https:\/\/colegioarquitectos.com\/noticias\/?attachment_id=17485'><img loading=\"lazy\" decoding=\"async\" width=\"180\" height=\"180\" src=\"https:\/\/colegioarquitectos.com\/noticias\/wp-content\/uploads\/2017\/05\/6-180x180.jpg\" class=\"attachment-thumbnail size-thumbnail\" alt=\"\" aria-describedby=\"gallery-1-17485\" \/><\/a>\n\t\t\t<\/dt>\n\t\t\t\t<dd class='wp-caption-text gallery-caption' id='gallery-1-17485'>\n\t\t\t\t Duzan Doepel\n\t\t\t\t<\/dd><\/dl><dl class='gallery-item'>\n\t\t\t<dt class='gallery-icon landscape'>\n\t\t\t\t<a href='https:\/\/colegioarquitectos.com\/noticias\/?attachment_id=17480'><img loading=\"lazy\" decoding=\"async\" width=\"180\" height=\"180\" src=\"https:\/\/colegioarquitectos.com\/noticias\/wp-content\/uploads\/2017\/05\/1-180x180.jpg\" class=\"attachment-thumbnail size-thumbnail\" alt=\"\" \/><\/a>\n\t\t\t<\/dt><\/dl><br style=\"clear: both\" \/>\n\t\t<\/div>\n\n<p><\/p>","protected":false},"excerpt":{"rendered":"<p>En la Asociaci\u00f3n de Oficinas de Arquitectos de Chile (AOA) se realiz\u00f3 un encuentro con representantes de destacadas firmas de arquitectura provenientes de Holanda, Inglaterra, Colombia, Paraguay, Bolivia y Per\u00fa. Todos ellos expositores de ENEXPRO 2017, el encuentro exportador de &hellip; <a class=\"more-link\" href=\"https:\/\/colegioarquitectos.com\/noticias\/?p=17478\">ver m\u00e1s<\/a><\/p>","protected":false},"author":4,"featured_media":17479,"comment_status":"closed","ping_status":"closed","sticky":false,"template":"","format":"standard","meta":{"footnotes":""},"categories":[3],"tags":[],"class_list":["post-17478","post","type-post","status-publish","format-standard","has-post-thumbnail","hentry","category-noticias"],"yoast_head":"<!-- This site is optimized with the Yoast SEO plugin v24.2 - https:\/\/yoast.com\/wordpress\/plugins\/seo\/ -->\n<title>Arquitectos internacionales y locales se re\u00fanen para fomentar relaciones bilaterales - COLEGIO DE ARQUITECTOS DE CHILE<\/title>\n<meta name=\"robots\" content=\"index, follow, max-snippet:-1, max-image-preview:large, max-video-preview:-1\" \/>\n<link rel=\"canonical\" href=\"https:\/\/colegioarquitectos.com\/noticias\/?p=17478\" \/>\n<meta property=\"og:locale\" content=\"es_ES\" \/>\n<meta property=\"og:type\" content=\"article\" \/>\n<meta property=\"og:title\" content=\"Arquitectos internacionales y locales se re\u00fanen para fomentar relaciones bilaterales - COLEGIO DE ARQUITECTOS DE CHILE\" \/>\n<meta property=\"og:description\" content=\"En la Asociaci\u00f3n de Oficinas de Arquitectos de Chile (AOA) se realiz\u00f3 un encuentro con representantes de destacadas firmas de arquitectura provenientes de Holanda, Inglaterra, Colombia, Paraguay, Bolivia y Per\u00fa. Todos ellos expositores de ENEXPRO 2017, el encuentro exportador de &hellip; ver m\u00e1s\" \/>\n<meta property=\"og:url\" content=\"https:\/\/colegioarquitectos.com\/noticias\/?p=17478\" \/>\n<meta property=\"og:site_name\" content=\"COLEGIO DE ARQUITECTOS DE CHILE\" \/>\n<meta property=\"article:publisher\" content=\"https:\/\/facebook.com\/Colegioarq\/\" \/>\n<meta property=\"article:published_time\" content=\"2017-05-15T15:13:36+00:00\" \/>\n<meta property=\"article:modified_time\" content=\"2017-05-15T16:39:45+00:00\" \/>\n<meta property=\"og:image\" content=\"https:\/\/colegioarquitectos.com\/noticias\/wp-content\/uploads\/2017\/05\/ENEXPRO.jpg\" \/>\n\t<meta property=\"og:image:width\" content=\"690\" \/>\n\t<meta property=\"og:image:height\" content=\"350\" \/>\n\t<meta property=\"og:image:type\" content=\"image\/jpeg\" \/>\n<meta name=\"author\" content=\"Colegio de Arquitectos de Chile\" \/>\n<meta name=\"twitter:card\" content=\"summary_large_image\" \/>\n<meta name=\"twitter:creator\" content=\"@colegioarq\" \/>\n<meta name=\"twitter:site\" content=\"@colegioarq\" \/>\n<meta name=\"twitter:label1\" content=\"Escrito por\" \/>\n\t<meta name=\"twitter:data1\" content=\"Colegio de Arquitectos de Chile\" \/>\n\t<meta name=\"twitter:label2\" content=\"Tiempo de lectura\" \/>\n\t<meta name=\"twitter:data2\" content=\"5 minutos\" \/>\n<script type=\"application\/ld+json\" class=\"yoast-schema-graph\">{\"@context\":\"https:\/\/schema.org\",\"@graph\":[{\"@type\":\"Article\",\"@id\":\"https:\/\/colegioarquitectos.com\/noticias\/?p=17478#article\",\"isPartOf\":{\"@id\":\"https:\/\/colegioarquitectos.com\/noticias\/?p=17478\"},\"author\":{\"name\":\"Colegio de Arquitectos de Chile\",\"@id\":\"https:\/\/colegioarquitectos.com\/noticias\/#\/schema\/person\/685cc0aad148303c5608f049af8285ad\"},\"headline\":\"Arquitectos internacionales y locales se re\u00fanen para fomentar relaciones bilaterales\",\"datePublished\":\"2017-05-15T15:13:36+00:00\",\"dateModified\":\"2017-05-15T16:39:45+00:00\",\"mainEntityOfPage\":{\"@id\":\"https:\/\/colegioarquitectos.com\/noticias\/?p=17478\"},\"wordCount\":926,\"publisher\":{\"@id\":\"https:\/\/colegioarquitectos.com\/noticias\/#organization\"},\"image\":{\"@id\":\"https:\/\/colegioarquitectos.com\/noticias\/?p=17478#primaryimage\"},\"thumbnailUrl\":\"https:\/\/colegioarquitectos.com\/noticias\/wp-content\/uploads\/2017\/05\/ENEXPRO.jpg\",\"articleSection\":[\"Noticias\"],\"inLanguage\":\"es\"},{\"@type\":\"WebPage\",\"@id\":\"https:\/\/colegioarquitectos.com\/noticias\/?p=17478\",\"url\":\"https:\/\/colegioarquitectos.com\/noticias\/?p=17478\",\"name\":\"Arquitectos internacionales y locales se re\u00fanen para fomentar relaciones bilaterales - COLEGIO DE ARQUITECTOS DE CHILE\",\"isPartOf\":{\"@id\":\"https:\/\/colegioarquitectos.com\/noticias\/#website\"},\"primaryImageOfPage\":{\"@id\":\"https:\/\/colegioarquitectos.com\/noticias\/?p=17478#primaryimage\"},\"image\":{\"@id\":\"https:\/\/colegioarquitectos.com\/noticias\/?p=17478#primaryimage\"},\"thumbnailUrl\":\"https:\/\/colegioarquitectos.com\/noticias\/wp-content\/uploads\/2017\/05\/ENEXPRO.jpg\",\"datePublished\":\"2017-05-15T15:13:36+00:00\",\"dateModified\":\"2017-05-15T16:39:45+00:00\",\"breadcrumb\":{\"@id\":\"https:\/\/colegioarquitectos.com\/noticias\/?p=17478#breadcrumb\"},\"inLanguage\":\"es\",\"potentialAction\":[{\"@type\":\"ReadAction\",\"target\":[\"https:\/\/colegioarquitectos.com\/noticias\/?p=17478\"]}]},{\"@type\":\"ImageObject\",\"inLanguage\":\"es\",\"@id\":\"https:\/\/colegioarquitectos.com\/noticias\/?p=17478#primaryimage\",\"url\":\"https:\/\/colegioarquitectos.com\/noticias\/wp-content\/uploads\/2017\/05\/ENEXPRO.jpg\",\"contentUrl\":\"https:\/\/colegioarquitectos.com\/noticias\/wp-content\/uploads\/2017\/05\/ENEXPRO.jpg\",\"width\":690,\"height\":350},{\"@type\":\"BreadcrumbList\",\"@id\":\"https:\/\/colegioarquitectos.com\/noticias\/?p=17478#breadcrumb\",\"itemListElement\":[{\"@type\":\"ListItem\",\"position\":1,\"name\":\"Portada\",\"item\":\"https:\/\/colegioarquitectos.com\/noticias\"},{\"@type\":\"ListItem\",\"position\":2,\"name\":\"Arquitectos internacionales y locales se re\u00fanen para fomentar relaciones bilaterales\"}]},{\"@type\":\"WebSite\",\"@id\":\"https:\/\/colegioarquitectos.com\/noticias\/#website\",\"url\":\"https:\/\/colegioarquitectos.com\/noticias\/\",\"name\":\"COLEGIO DE ARQUITECTOS DE CHILE\",\"description\":\"\",\"publisher\":{\"@id\":\"https:\/\/colegioarquitectos.com\/noticias\/#organization\"},\"potentialAction\":[{\"@type\":\"SearchAction\",\"target\":{\"@type\":\"EntryPoint\",\"urlTemplate\":\"https:\/\/colegioarquitectos.com\/noticias\/?s={search_term_string}\"},\"query-input\":{\"@type\":\"PropertyValueSpecification\",\"valueRequired\":true,\"valueName\":\"search_term_string\"}}],\"inLanguage\":\"es\"},{\"@type\":\"Organization\",\"@id\":\"https:\/\/colegioarquitectos.com\/noticias\/#organization\",\"name\":\"COLEGIO DE ARQUITECTOS DE CHILE\",\"url\":\"https:\/\/colegioarquitectos.com\/noticias\/\",\"logo\":{\"@type\":\"ImageObject\",\"inLanguage\":\"es\",\"@id\":\"https:\/\/colegioarquitectos.com\/noticias\/#\/schema\/logo\/image\/\",\"url\":\"https:\/\/colegioarquitectos.com\/noticias\/wp-content\/uploads\/2021\/05\/ENCABEZADO-LOGO-CA.jpg\",\"contentUrl\":\"https:\/\/colegioarquitectos.com\/noticias\/wp-content\/uploads\/2021\/05\/ENCABEZADO-LOGO-CA.jpg\",\"width\":690,\"height\":350,\"caption\":\"COLEGIO DE ARQUITECTOS DE CHILE\"},\"image\":{\"@id\":\"https:\/\/colegioarquitectos.com\/noticias\/#\/schema\/logo\/image\/\"},\"sameAs\":[\"https:\/\/facebook.com\/Colegioarq\/\",\"https:\/\/x.com\/colegioarq\",\"https:\/\/instagram.com\/colegioarq\",\"https:\/\/youtube.com\/@ColegiodeArquitectosdeChile\"]},{\"@type\":\"Person\",\"@id\":\"https:\/\/colegioarquitectos.com\/noticias\/#\/schema\/person\/685cc0aad148303c5608f049af8285ad\",\"name\":\"Colegio de Arquitectos de Chile\",\"url\":\"https:\/\/colegioarquitectos.com\/noticias\/?author=4\"}]}<\/script>\n<!-- \/ Yoast SEO plugin. -->","yoast_head_json":{"title":"Arquitectos internacionales y locales se re\u00fanen para fomentar relaciones bilaterales - COLEGIO DE ARQUITECTOS DE CHILE","robots":{"index":"index","follow":"follow","max-snippet":"max-snippet:-1","max-image-preview":"max-image-preview:large","max-video-preview":"max-video-preview:-1"},"canonical":"https:\/\/colegioarquitectos.com\/noticias\/?p=17478","og_locale":"es_ES","og_type":"article","og_title":"Arquitectos internacionales y locales se re\u00fanen para fomentar relaciones bilaterales - COLEGIO DE ARQUITECTOS DE CHILE","og_description":"En la Asociaci\u00f3n de Oficinas de Arquitectos de Chile (AOA) se realiz\u00f3 un encuentro con representantes de destacadas firmas de arquitectura provenientes de Holanda, Inglaterra, Colombia, Paraguay, Bolivia y Per\u00fa. Todos ellos expositores de ENEXPRO 2017, el encuentro exportador de &hellip; ver m\u00e1s","og_url":"https:\/\/colegioarquitectos.com\/noticias\/?p=17478","og_site_name":"COLEGIO DE ARQUITECTOS DE CHILE","article_publisher":"https:\/\/facebook.com\/Colegioarq\/","article_published_time":"2017-05-15T15:13:36+00:00","article_modified_time":"2017-05-15T16:39:45+00:00","og_image":[{"width":690,"height":350,"url":"https:\/\/colegioarquitectos.com\/noticias\/wp-content\/uploads\/2017\/05\/ENEXPRO.jpg","type":"image\/jpeg"}],"author":"Colegio de Arquitectos de Chile","twitter_card":"summary_large_image","twitter_creator":"@colegioarq","twitter_site":"@colegioarq","twitter_misc":{"Escrito por":"Colegio de Arquitectos de Chile","Tiempo de lectura":"5 minutos"},"schema":{"@context":"https:\/\/schema.org","@graph":[{"@type":"Article","@id":"https:\/\/colegioarquitectos.com\/noticias\/?p=17478#article","isPartOf":{"@id":"https:\/\/colegioarquitectos.com\/noticias\/?p=17478"},"author":{"name":"Colegio de Arquitectos de Chile","@id":"https:\/\/colegioarquitectos.com\/noticias\/#\/schema\/person\/685cc0aad148303c5608f049af8285ad"},"headline":"Arquitectos internacionales y locales se re\u00fanen para fomentar relaciones bilaterales","datePublished":"2017-05-15T15:13:36+00:00","dateModified":"2017-05-15T16:39:45+00:00","mainEntityOfPage":{"@id":"https:\/\/colegioarquitectos.com\/noticias\/?p=17478"},"wordCount":926,"publisher":{"@id":"https:\/\/colegioarquitectos.com\/noticias\/#organization"},"image":{"@id":"https:\/\/colegioarquitectos.com\/noticias\/?p=17478#primaryimage"},"thumbnailUrl":"https:\/\/colegioarquitectos.com\/noticias\/wp-content\/uploads\/2017\/05\/ENEXPRO.jpg","articleSection":["Noticias"],"inLanguage":"es"},{"@type":"WebPage","@id":"https:\/\/colegioarquitectos.com\/noticias\/?p=17478","url":"https:\/\/colegioarquitectos.com\/noticias\/?p=17478","name":"Arquitectos internacionales y locales se re\u00fanen para fomentar relaciones bilaterales - COLEGIO DE ARQUITECTOS DE CHILE","isPartOf":{"@id":"https:\/\/colegioarquitectos.com\/noticias\/#website"},"primaryImageOfPage":{"@id":"https:\/\/colegioarquitectos.com\/noticias\/?p=17478#primaryimage"},"image":{"@id":"https:\/\/colegioarquitectos.com\/noticias\/?p=17478#primaryimage"},"thumbnailUrl":"https:\/\/colegioarquitectos.com\/noticias\/wp-content\/uploads\/2017\/05\/ENEXPRO.jpg","datePublished":"2017-05-15T15:13:36+00:00","dateModified":"2017-05-15T16:39:45+00:00","breadcrumb":{"@id":"https:\/\/colegioarquitectos.com\/noticias\/?p=17478#breadcrumb"},"inLanguage":"es","potentialAction":[{"@type":"ReadAction","target":["https:\/\/colegioarquitectos.com\/noticias\/?p=17478"]}]},{"@type":"ImageObject","inLanguage":"es","@id":"https:\/\/colegioarquitectos.com\/noticias\/?p=17478#primaryimage","url":"https:\/\/colegioarquitectos.com\/noticias\/wp-content\/uploads\/2017\/05\/ENEXPRO.jpg","contentUrl":"https:\/\/colegioarquitectos.com\/noticias\/wp-content\/uploads\/2017\/05\/ENEXPRO.jpg","width":690,"height":350},{"@type":"BreadcrumbList","@id":"https:\/\/colegioarquitectos.com\/noticias\/?p=17478#breadcrumb","itemListElement":[{"@type":"ListItem","position":1,"name":"Portada","item":"https:\/\/colegioarquitectos.com\/noticias"},{"@type":"ListItem","position":2,"name":"Arquitectos internacionales y locales se re\u00fanen para fomentar relaciones bilaterales"}]},{"@type":"WebSite","@id":"https:\/\/colegioarquitectos.com\/noticias\/#website","url":"https:\/\/colegioarquitectos.com\/noticias\/","name":"COLEGIO DE ARQUITECTOS DE CHILE","description":"","publisher":{"@id":"https:\/\/colegioarquitectos.com\/noticias\/#organization"},"potentialAction":[{"@type":"SearchAction","target":{"@type":"EntryPoint","urlTemplate":"https:\/\/colegioarquitectos.com\/noticias\/?s={search_term_string}"},"query-input":{"@type":"PropertyValueSpecification","valueRequired":true,"valueName":"search_term_string"}}],"inLanguage":"es"},{"@type":"Organization","@id":"https:\/\/colegioarquitectos.com\/noticias\/#organization","name":"COLEGIO DE ARQUITECTOS DE CHILE","url":"https:\/\/colegioarquitectos.com\/noticias\/","logo":{"@type":"ImageObject","inLanguage":"es","@id":"https:\/\/colegioarquitectos.com\/noticias\/#\/schema\/logo\/image\/","url":"https:\/\/colegioarquitectos.com\/noticias\/wp-content\/uploads\/2021\/05\/ENCABEZADO-LOGO-CA.jpg","contentUrl":"https:\/\/colegioarquitectos.com\/noticias\/wp-content\/uploads\/2021\/05\/ENCABEZADO-LOGO-CA.jpg","width":690,"height":350,"caption":"COLEGIO DE ARQUITECTOS DE CHILE"},"image":{"@id":"https:\/\/colegioarquitectos.com\/noticias\/#\/schema\/logo\/image\/"},"sameAs":["https:\/\/facebook.com\/Colegioarq\/","https:\/\/x.com\/colegioarq","https:\/\/instagram.com\/colegioarq","https:\/\/youtube.com\/@ColegiodeArquitectosdeChile"]},{"@type":"Person","@id":"https:\/\/colegioarquitectos.com\/noticias\/#\/schema\/person\/685cc0aad148303c5608f049af8285ad","name":"Colegio de Arquitectos de Chile","url":"https:\/\/colegioarquitectos.com\/noticias\/?author=4"}]}},"_links":{"self":[{"href":"https:\/\/colegioarquitectos.com\/noticias\/index.php?rest_route=\/wp\/v2\/posts\/17478","targetHints":{"allow":["GET"]}}],"collection":[{"href":"https:\/\/colegioarquitectos.com\/noticias\/index.php?rest_route=\/wp\/v2\/posts"}],"about":[{"href":"https:\/\/colegioarquitectos.com\/noticias\/index.php?rest_route=\/wp\/v2\/types\/post"}],"author":[{"embeddable":true,"href":"https:\/\/colegioarquitectos.com\/noticias\/index.php?rest_route=\/wp\/v2\/users\/4"}],"replies":[{"embeddable":true,"href":"https:\/\/colegioarquitectos.com\/noticias\/index.php?rest_route=%2Fwp%2Fv2%2Fcomments&post=17478"}],"version-history":[{"count":0,"href":"https:\/\/colegioarquitectos.com\/noticias\/index.php?rest_route=\/wp\/v2\/posts\/17478\/revisions"}],"wp:featuredmedia":[{"embeddable":true,"href":"https:\/\/colegioarquitectos.com\/noticias\/index.php?rest_route=\/wp\/v2\/media\/17479"}],"wp:attachment":[{"href":"https:\/\/colegioarquitectos.com\/noticias\/index.php?rest_route=%2Fwp%2Fv2%2Fmedia&parent=17478"}],"wp:term":[{"taxonomy":"category","embeddable":true,"href":"https:\/\/colegioarquitectos.com\/noticias\/index.php?rest_route=%2Fwp%2Fv2%2Fcategories&post=17478"},{"taxonomy":"post_tag","embeddable":true,"href":"https:\/\/colegioarquitectos.com\/noticias\/index.php?rest_route=%2Fwp%2Fv2%2Ftags&post=17478"}],"curies":[{"name":"wp","href":"https:\/\/api.w.org\/{rel}","templated":true}]}}