
{"id":17494,"date":"2017-05-17T15:08:38","date_gmt":"2017-05-17T15:08:38","guid":{"rendered":"http:\/\/colegioarquitectos.com\/?p=17494"},"modified":"2017-05-23T15:10:20","modified_gmt":"2017-05-23T15:10:20","slug":"se-lanza-oficialmente-la-xx-bienal-de-arquitectura-y-se-revela-a-sus-participantes-escogidos-de-todo-el-mundo","status":"publish","type":"post","link":"https:\/\/colegioarquitectos.com\/noticias\/?p=17494","title":{"rendered":"Se lanza la XX Bienal y se anuncian sus participantes de veintis\u00e9is pa\u00edses"},"content":{"rendered":"<p><em>\u201cDi\u00e1logos Impostergables. Identidad y futuro\u201d es el nombre de la XX Bienal, que se realizar\u00e1 en octubre y noviembre en nuestro pa\u00eds.<\/em><\/p>\n<p><em>La actividad se desarrollar\u00e1 luego de una hist\u00f3rica convocatoria que reuni\u00f3 a un total de 424 propuestas.<\/em><\/p>\n<p>El resultado de la convocatoria internacional, parte de las actividades programadas, tanto para la muestra, como para el resto del a\u00f1o, y la entrega del Premio Nacional de Arquitectura para Edward Rojas, quien adem\u00e1s dio una charla magistral (<a href=\"http:\/\/www.plataformaarquitectura.cl\/cl\/871376\/edward-rojas-premio-nacional-de-arquitectura-2016-necesitamos-recuperar-la-tuicion-etica-del-ejercicio-de-nuestra-profesion\">lee la charla magistral aqu\u00ed)<\/a>, fueron s\u00f3lo algunas de las sorpresas que se revelaron, en el Centro Cultural Gabriela Mistral (GAM), como primera acci\u00f3n oficial que desarroll\u00f3 el equipo curador de la XX Bienal de Arquitectura y Urbanismo, titulada \u201cDi\u00e1logos Impostergables. Identidad y Futuro\u201d.<\/p>\n<p>La actividad sirvi\u00f3 para dar a conocer parte del extenso proceso de selecci\u00f3n de la muestra, la cual se basar\u00e1 en la relaci\u00f3n entre la arquitectura, dise\u00f1o, arte y el respectivo di\u00e1logo de estas disciplinas con 7 tem\u00e1ticas de gran urgencia tanto para nuestro pa\u00eds, como para la regi\u00f3n y que se presentar\u00e1n del siguiente modo: Di\u00e1logos sobre lo com\u00fan, el cual buscar\u00e1 establecer una reflexi\u00f3n sobre el acceso democr\u00e1tico al espacio urbano; Di\u00e1logos sobre la participaci\u00f3n, el que explorar\u00e1 las nuevas formas de involucrar a las personas en torno a la arquitectura, ciudad y su contexto dentro de lo que para ellos es urgente; Di\u00e1logos sobre la integraci\u00f3n, donde se profundizar\u00e1 sobre la falta de dise\u00f1o arquitect\u00f3nico inclusivo y de estrategias urbanas que difuminen las diferencias sociales y que restringen el acceso a los atributos de la ciudad; Di\u00e1logos sobre la vulnerabilidad, que establecer\u00e1 un an\u00e1lisis sobre la actual crisis de los campos pol\u00edticos, econ\u00f3micos y medioambientales que han dejado al ciudadano en un estado de creciente abandono; Di\u00e1logos sobre los recursos; que buscar\u00e1 responder c\u00f3mo dise\u00f1aremos procesos y se reformular\u00e1 la estructura urbana de cara al nuevo panorama de recursos naturales y sint\u00e9ticos; Di\u00e1logos sobre la identidad, que abordar\u00e1 el dise\u00f1o de las tradiciones del futuro y el reconocimiento de la nueva naturaleza de la identidad; y, finalmente, Di\u00e1logos sobre el futuro, que indagar\u00e1 en torno a c\u00f3mo se avanzar\u00e1 y re-imaginar\u00e1 la arquitectura de cara a lo que se viene.<\/p>\n<p>La XX Bienal de Arquitectura que se desarrollar\u00e1 en Valpara\u00edso, ser\u00e1 el resultado de un llamado p\u00fablico internacional, que recibi\u00f3\u00a0424 proyectos, de distintas partes del mundo, donde s\u00f3lo\u00a0algunos fueron los escogidos para representar, a sus respectivos pa\u00edses.<\/p>\n<p>La selecci\u00f3n es tan heterog\u00e9nea que ha logrado dar visibilidad no s\u00f3lo a Chile, sino tambi\u00e9n a otros 26 pa\u00edses, dentro de los que se encuentran: Estados Unidos, Canad\u00e1, M\u00e9xico, Puerto Rico, Costa Rica, Venezuela, Colombia, Ecuador, Per\u00fa, Bolivia, Brasil, Argentina, Uruguay, Noruega, Inglaterra, Holanda, Alemania, Francia, Portugal, Suiza, Hungr\u00eda, Italia, Espa\u00f1a, Turqu\u00eda, China, Pakistan, Kuwait, India, Sri Lanka, Vietnam y Australia.<\/p>\n<p>Durante la actividad, adem\u00e1s, se revel\u00f3 los nombres de los\u00a0106 participantes internacionales, dentro de los que se destacan\u00a0I\u00f1aki\u00a0\u00c1balos + Renata Sentkiewics, de Espa\u00f1a; Camilo Restrepo, de Colombia;\u00a0Anupama\u200b Kundoo, de India; Jaime Lerner, de Brasil; I\u00f1aki Carnicero, de Espa\u00f1a;\u00a0Roz\u200bana Montiel\u00a0y Tatiana Bilbao, de M\u00e9xico; Alejandro Echeverri, de Colombia; Al Borde, de Ecuador;\u00a0entre otros participantes de distintos puntos que dan vida a la muestra.<\/p>\n<p>La presencia nacional ser\u00e1 otro hito importante de esta XX Bienal, donde se contar\u00e1 con 104 contribuciones, destacando los trabajos de\u00a0Gabriel Salazar, Caz\u00fa Zegers,\u00a0Elton-Leniz,\u00a0Gonzalo Mardones, Plan Com\u00fan,\u00a0Ciudad Emergente, Elemental, Jorge Lobos\u00a0y\u00a0Pedro Gubbins + Pablo Talhouk + Antonio Polidura.<\/p>\n<p>El mundo acad\u00e9mico tambi\u00e9n tendr\u00e1 cabida en el encuentro, con un total de 50 proyectos, como los de\u00a0Alexandros Tsamis, de Chile, L\u00e9opold Lambert, de Francia, y \u200bAlejandro de Castro, de Espa\u00f1a,\u200b que compartir\u00e1n con las 62 propuestas profesionales, resaltando el trabajo de\u00a0Al Borde, de Ecuador y Rozana Montiel, proveniente de M\u00e9xico; adem\u00e1s de\u00a024 contribuciones del sector p\u00fablico, donde a diferencia de otras bienales,\u00a0no s\u00f3lo el MINVU y MOP tendr\u00e1n vitrina, sino que participar\u00e1n el ministerio de Energ\u00eda, Transporte, e Interior, entre otros, destacando las propuestas del\u00a0Banco Interamericano de Desarrollo, el Gobierno Regional Metropolitano de Santiago &#8211; GORE\u00a0(con el \u200bproyecto Alameda Providencia)\u200b, y la Subsecretaria de H\u00e1bitat y Desarrollo Humano, \u200bde Argentina.<\/p>\n<p>El proceso de selecci\u00f3n marc\u00f3 un hito, no s\u00f3lo en t\u00e9rminos de masividad y alcance, sino que adem\u00e1s en el modelo organizacional y estructural del equipo que encabeza esta XX versi\u00f3n, la cual cuenta con una curator\u00eda, liderada por destacados arquitectos y acad\u00e9micos:\u00a0Felipe Vera,\u00a0Curador General y Director Ejecutivo;\u00a0Rodrigo Tisi,\u00a0\u200bDirector Creativo y Curador Proyectos Especiales; Jeanette Sordi y\u00a0Jos\u00e9 Mayoral,\u00a0Curadores \u00c1rea Acad\u00e9mica;\u00a0Pola Mora, Curadora \u00c1rea Profesionales, Pablo Navarrete, Curador \u00c1rea Sector P\u00fablico;\u00a0Claudio Magrini y Miguel Cancino, Curadores \u00c1rea Activismo. Adem\u00e1s, Claudio Magrini estimula el contexto de la muestra sensibilizando la\u00a0territorializaci\u00f3n de Valpara\u00edso y acerc\u00e1ndonos a las preguntas disciplinares de la arquitectura.<\/p>\n<p>El equipo ha logrado por primera vez dar un cariz distinto a esta bienal, gracias a que cada miembro logr\u00f3 articular y dar vida a la muestra, buscando acercar la arquitectura y discusiones sobre la ciudad, al mismo tiempo que se intent\u00f3 posicionar a Chile como un referente latinoamericano y mundial en este campo, generando\u00a0una instancia de di\u00e1logo en el que participen las diferentes fuerzas que dan forma a las ciudades, establecer un nexo con los dem\u00e1s pa\u00edses del sur global e incluir en la discusi\u00f3n a aquellos que han sido hist\u00f3ricamente postergados.<\/p>\n\n\t\t<style type=\"text\/css\">\n\t\t\t#gallery-1 {\n\t\t\t\tmargin: auto;\n\t\t\t}\n\t\t\t#gallery-1 .gallery-item {\n\t\t\t\tfloat: left;\n\t\t\t\tmargin-top: 10px;\n\t\t\t\ttext-align: center;\n\t\t\t\twidth: 33%;\n\t\t\t}\n\t\t\t#gallery-1 img {\n\t\t\t\tborder: 2px solid #cfcfcf;\n\t\t\t}\n\t\t\t#gallery-1 .gallery-caption {\n\t\t\t\tmargin-left: 0;\n\t\t\t}\n\t\t\t\/* see gallery_shortcode() in wp-includes\/media.php *\/\n\t\t<\/style>\n\t\t<div id='gallery-1' class='gallery galleryid-17494 gallery-columns-3 gallery-size-thumbnail'><dl class='gallery-item'>\n\t\t\t<dt class='gallery-icon landscape'>\n\t\t\t\t<a href='https:\/\/colegioarquitectos.com\/noticias\/?attachment_id=17495'><img loading=\"lazy\" decoding=\"async\" width=\"180\" height=\"180\" src=\"https:\/\/colegioarquitectos.com\/noticias\/wp-content\/uploads\/2017\/05\/MG_6719-180x180.jpg\" class=\"attachment-thumbnail size-thumbnail\" alt=\"\" aria-describedby=\"gallery-1-17495\" \/><\/a>\n\t\t\t<\/dt>\n\t\t\t\t<dd class='wp-caption-text gallery-caption' id='gallery-1-17495'>\n\t\t\t\tLa Ministra de Vivienda y Urbanismo, Paulina Saball\n\t\t\t\t<\/dd><\/dl><dl class='gallery-item'>\n\t\t\t<dt class='gallery-icon landscape'>\n\t\t\t\t<a href='https:\/\/colegioarquitectos.com\/noticias\/?attachment_id=17496'><img loading=\"lazy\" decoding=\"async\" width=\"180\" height=\"180\" src=\"https:\/\/colegioarquitectos.com\/noticias\/wp-content\/uploads\/2017\/05\/MG_6720-180x180.jpg\" class=\"attachment-thumbnail size-thumbnail\" alt=\"\" \/><\/a>\n\t\t\t<\/dt><\/dl><dl class='gallery-item'>\n\t\t\t<dt class='gallery-icon portrait'>\n\t\t\t\t<a href='https:\/\/colegioarquitectos.com\/noticias\/?attachment_id=17497'><img loading=\"lazy\" decoding=\"async\" width=\"180\" height=\"180\" src=\"https:\/\/colegioarquitectos.com\/noticias\/wp-content\/uploads\/2017\/05\/MG_6731-180x180.jpg\" class=\"attachment-thumbnail size-thumbnail\" alt=\"\" aria-describedby=\"gallery-1-17497\" \/><\/a>\n\t\t\t<\/dt>\n\t\t\t\t<dd class='wp-caption-text gallery-caption' id='gallery-1-17497'>\n\t\t\t\tClaudia Silva, Directora Nacional  de Arquitectura del Ministerio de Obras P\u00fablicas\n\t\t\t\t<\/dd><\/dl><br style=\"clear: both\" \/><dl class='gallery-item'>\n\t\t\t<dt class='gallery-icon portrait'>\n\t\t\t\t<a href='https:\/\/colegioarquitectos.com\/noticias\/?attachment_id=17498'><img loading=\"lazy\" decoding=\"async\" width=\"180\" height=\"180\" src=\"https:\/\/colegioarquitectos.com\/noticias\/wp-content\/uploads\/2017\/05\/MG_6741-180x180.jpg\" class=\"attachment-thumbnail size-thumbnail\" alt=\"\" aria-describedby=\"gallery-1-17498\" \/><\/a>\n\t\t\t<\/dt>\n\t\t\t\t<dd class='wp-caption-text gallery-caption' id='gallery-1-17498'>\n\t\t\t\tFelipe Vera, Curador General y Director Ejecutivo de la XX Bienal\n\t\t\t\t<\/dd><\/dl><dl class='gallery-item'>\n\t\t\t<dt class='gallery-icon landscape'>\n\t\t\t\t<a href='https:\/\/colegioarquitectos.com\/noticias\/?attachment_id=17499'><img loading=\"lazy\" decoding=\"async\" width=\"180\" height=\"180\" src=\"https:\/\/colegioarquitectos.com\/noticias\/wp-content\/uploads\/2017\/05\/MG_6770-180x180.jpg\" class=\"attachment-thumbnail size-thumbnail\" alt=\"\" aria-describedby=\"gallery-1-17499\" \/><\/a>\n\t\t\t<\/dt>\n\t\t\t\t<dd class='wp-caption-text gallery-caption' id='gallery-1-17499'>\n\t\t\t\tRodrigo Tisi, \u200bD\u200birector Creativo y Curador de Proyectos Especiales\n\t\t\t\t<\/dd><\/dl><dl class='gallery-item'>\n\t\t\t<dt class='gallery-icon landscape'>\n\t\t\t\t<a href='https:\/\/colegioarquitectos.com\/noticias\/?attachment_id=17500'><img loading=\"lazy\" decoding=\"async\" width=\"180\" height=\"180\" src=\"https:\/\/colegioarquitectos.com\/noticias\/wp-content\/uploads\/2017\/05\/MG_6779-180x180.jpg\" class=\"attachment-thumbnail size-thumbnail\" alt=\"\" aria-describedby=\"gallery-1-17500\" \/><\/a>\n\t\t\t<\/dt>\n\t\t\t\t<dd class='wp-caption-text gallery-caption' id='gallery-1-17500'>\n\t\t\t\tEl equipo curatorial: Felipe Vera, \u200bJ\u200beannette Sordi\u200b, Jos\u00e9 Mayoral, Pola Mora, Claudio Magrini y Rodrigo Tisi\n\t\t\t\t<\/dd><\/dl><br style=\"clear: both\" \/><dl class='gallery-item'>\n\t\t\t<dt class='gallery-icon portrait'>\n\t\t\t\t<a href='https:\/\/colegioarquitectos.com\/noticias\/?attachment_id=17501'><img loading=\"lazy\" decoding=\"async\" width=\"180\" height=\"180\" src=\"https:\/\/colegioarquitectos.com\/noticias\/wp-content\/uploads\/2017\/05\/MG_6831-180x180.jpg\" class=\"attachment-thumbnail size-thumbnail\" alt=\"\" aria-describedby=\"gallery-1-17501\" \/><\/a>\n\t\t\t<\/dt>\n\t\t\t\t<dd class='wp-caption-text gallery-caption' id='gallery-1-17501'>\n\t\t\t\tPola Mora, \u200bCuradora \u00c1rea Profesionales\n\t\t\t\t<\/dd><\/dl><dl class='gallery-item'>\n\t\t\t<dt class='gallery-icon landscape'>\n\t\t\t\t<a href='https:\/\/colegioarquitectos.com\/noticias\/?attachment_id=17502'><img loading=\"lazy\" decoding=\"async\" width=\"180\" height=\"180\" src=\"https:\/\/colegioarquitectos.com\/noticias\/wp-content\/uploads\/2017\/05\/MG_6881-180x180.jpg\" class=\"attachment-thumbnail size-thumbnail\" alt=\"\" aria-describedby=\"gallery-1-17502\" \/><\/a>\n\t\t\t<\/dt>\n\t\t\t\t<dd class='wp-caption-text gallery-caption' id='gallery-1-17502'>\n\t\t\t\tPilar Urrejola, Presidenta CA entrega el Premio Nacional de Arquitectura a Edward Rojas\n\t\t\t\t<\/dd><\/dl><dl class='gallery-item'>\n\t\t\t<dt class='gallery-icon landscape'>\n\t\t\t\t<a href='https:\/\/colegioarquitectos.com\/noticias\/?attachment_id=17503'><img loading=\"lazy\" decoding=\"async\" width=\"180\" height=\"180\" src=\"https:\/\/colegioarquitectos.com\/noticias\/wp-content\/uploads\/2017\/05\/MG_6884-180x180.jpg\" class=\"attachment-thumbnail size-thumbnail\" alt=\"\" aria-describedby=\"gallery-1-17503\" \/><\/a>\n\t\t\t<\/dt>\n\t\t\t\t<dd class='wp-caption-text gallery-caption' id='gallery-1-17503'>\n\t\t\t\tEdward Rojas, Premio Nacional de Arquitectura 2016\n\t\t\t\t<\/dd><\/dl><br style=\"clear: both\" \/><dl class='gallery-item'>\n\t\t\t<dt class='gallery-icon landscape'>\n\t\t\t\t<a href='https:\/\/colegioarquitectos.com\/noticias\/?attachment_id=17504'><img loading=\"lazy\" decoding=\"async\" width=\"180\" height=\"180\" src=\"https:\/\/colegioarquitectos.com\/noticias\/wp-content\/uploads\/2017\/05\/MG_6899-180x180.jpg\" class=\"attachment-thumbnail size-thumbnail\" alt=\"\" \/><\/a>\n\t\t\t<\/dt><\/dl><dl class='gallery-item'>\n\t\t\t<dt class='gallery-icon landscape'>\n\t\t\t\t<a href='https:\/\/colegioarquitectos.com\/noticias\/?attachment_id=17505'><img loading=\"lazy\" decoding=\"async\" width=\"180\" height=\"180\" src=\"https:\/\/colegioarquitectos.com\/noticias\/wp-content\/uploads\/2017\/05\/MG_6935-180x180.jpg\" class=\"attachment-thumbnail size-thumbnail\" alt=\"\" aria-describedby=\"gallery-1-17505\" \/><\/a>\n\t\t\t<\/dt>\n\t\t\t\t<dd class='wp-caption-text gallery-caption' id='gallery-1-17505'>\n\t\t\t\tEdward Rojas dicta una charla magistral\n\t\t\t\t<\/dd><\/dl>\n\t\t\t<br style='clear: both' \/>\n\t\t<\/div>\n\n<p>Para Felipe Vera, Curador General y Director Ejecutivo, esta bienal \u201cEs una invitaci\u00f3n a tomar partido, por lo que invitamos tanto a profesionales, l\u00edderes pol\u00edticos, activistas ciudadanos, intelectuales, sean de universidades, centros de investigaci\u00f3n o pensadores independientes y a la sociedad civil en general, a contribuir con provocaciones o proyectos que nos obliguen a dialogar de forma radical y nos empujen a actuar por la construcci\u00f3n de una ciudad simult\u00e1neamente \u00e9tica y est\u00e9tica, y que sea para todos\u201d.<\/p>\n<p>Durante la actividad desarrollada en el GAM, adem\u00e1s, se revelaron las actividades paralelas a la muestra, dentro de las que destacan: una serie de workshops que, este a\u00f1o, funcionar\u00e1n como puente directo de comunicaci\u00f3n y dialogo entre estudiantes de arquitectura, acad\u00e9micos, instituciones p\u00fablicas y colectivos ciudadanos, entre otras importantes actividades, como los di\u00e1logos preliminares a la muestra, los que se desarrollar\u00e1n en distintas regiones del pa\u00eds, durante los meses de julio, agosto y septiembre y que servir\u00e1n de antesala al encuentro.<\/p>\n<p>Esta bienal a\u00fan guarda varias sorpresas, como la sala de proyectos, que tendr\u00e1 15 participantes especiales y un \u00e1rea focalizada puntualmente a Valpara\u00edso. Prontamente, adem\u00e1s, se har\u00e1 una nueva convocatoria solo para esta ciudad, con el objeto de instigar una participaci\u00f3n mucho m\u00e1s amplia de las nuevas generaciones de estudiantes y reci\u00e9n titulados en esa \u00e1rea del pa\u00eds. Tambi\u00e9n se realizar\u00e1n una serie de pre-di\u00e1logos en el sur, norte y centro del pa\u00eds con objeto de sensibilizar los 7 ejes tem\u00e1ticos, lo cual ser\u00e1 anunciado dentro de los pr\u00f3ximos meses.<\/p>\n<p>La XX Bienal \u201cDi\u00e1logos Impostergables. Identidad y futuro\u201d se desarrollar\u00e1 a partir del 26 de octubre, en el Parque Cultural de Valpara\u00edso y congregar\u00e1 a los m\u00e1s importantes arquitectos, acad\u00e9micos, activistas y organizaciones gubernamentales, provenientes de todo el mundo y quienes ser\u00e1n los encargados de exhibir y reflexionar sobre los temas que hoy son ineludibles, dando\u00a0voz a las actuales Instituciones p\u00fablicas, profesionales, acad\u00e9micas, estudiantiles y movimientos y demandas sociales que co-existen tanto en Chile como en toda la regi\u00f3n.<\/p>\n<p>Para conocer el listado total de participantes y actividades que se desarrollar\u00e1n, ingresa a\u00a0<u><a href=\"http:\/\/www.impostergable.cl\/\">www.impostergable.cl<\/a><\/u><\/p>\n<p>&nbsp;<\/p>\n<p><em>Im\u00e1genes del coctail del lanzamiento\u00a0<\/em><\/p>\n\n\t\t<style type=\"text\/css\">\n\t\t\t#gallery-2 {\n\t\t\t\tmargin: auto;\n\t\t\t}\n\t\t\t#gallery-2 .gallery-item {\n\t\t\t\tfloat: left;\n\t\t\t\tmargin-top: 10px;\n\t\t\t\ttext-align: center;\n\t\t\t\twidth: 33%;\n\t\t\t}\n\t\t\t#gallery-2 img {\n\t\t\t\tborder: 2px solid #cfcfcf;\n\t\t\t}\n\t\t\t#gallery-2 .gallery-caption {\n\t\t\t\tmargin-left: 0;\n\t\t\t}\n\t\t\t\/* see gallery_shortcode() in wp-includes\/media.php *\/\n\t\t<\/style>\n\t\t<div id='gallery-2' class='gallery galleryid-17494 gallery-columns-3 gallery-size-thumbnail'><dl class='gallery-item'>\n\t\t\t<dt class='gallery-icon landscape'>\n\t\t\t\t<a href='https:\/\/colegioarquitectos.com\/noticias\/?attachment_id=17506'><img loading=\"lazy\" decoding=\"async\" width=\"180\" height=\"180\" src=\"https:\/\/colegioarquitectos.com\/noticias\/wp-content\/uploads\/2017\/05\/MG_6973-180x180.jpg\" class=\"attachment-thumbnail size-thumbnail\" alt=\"\" \/><\/a>\n\t\t\t<\/dt><\/dl><dl class='gallery-item'>\n\t\t\t<dt class='gallery-icon landscape'>\n\t\t\t\t<a href='https:\/\/colegioarquitectos.com\/noticias\/?attachment_id=17507'><img loading=\"lazy\" decoding=\"async\" width=\"180\" height=\"180\" src=\"https:\/\/colegioarquitectos.com\/noticias\/wp-content\/uploads\/2017\/05\/MG_6976-180x180.jpg\" class=\"attachment-thumbnail size-thumbnail\" alt=\"\" \/><\/a>\n\t\t\t<\/dt><\/dl><dl class='gallery-item'>\n\t\t\t<dt class='gallery-icon landscape'>\n\t\t\t\t<a href='https:\/\/colegioarquitectos.com\/noticias\/?attachment_id=17508'><img loading=\"lazy\" decoding=\"async\" width=\"180\" height=\"180\" src=\"https:\/\/colegioarquitectos.com\/noticias\/wp-content\/uploads\/2017\/05\/MG_7019-180x180.jpg\" class=\"attachment-thumbnail size-thumbnail\" alt=\"\" \/><\/a>\n\t\t\t<\/dt><\/dl><br style=\"clear: both\" \/><dl class='gallery-item'>\n\t\t\t<dt class='gallery-icon landscape'>\n\t\t\t\t<a href='https:\/\/colegioarquitectos.com\/noticias\/?attachment_id=17509'><img loading=\"lazy\" decoding=\"async\" width=\"180\" height=\"180\" src=\"https:\/\/colegioarquitectos.com\/noticias\/wp-content\/uploads\/2017\/05\/MG_7033-180x180.jpg\" class=\"attachment-thumbnail size-thumbnail\" alt=\"\" \/><\/a>\n\t\t\t<\/dt><\/dl><dl class='gallery-item'>\n\t\t\t<dt class='gallery-icon landscape'>\n\t\t\t\t<a href='https:\/\/colegioarquitectos.com\/noticias\/?attachment_id=17510'><img loading=\"lazy\" decoding=\"async\" width=\"180\" height=\"180\" src=\"https:\/\/colegioarquitectos.com\/noticias\/wp-content\/uploads\/2017\/05\/MG_7036-180x180.jpg\" class=\"attachment-thumbnail size-thumbnail\" alt=\"\" \/><\/a>\n\t\t\t<\/dt><\/dl><dl class='gallery-item'>\n\t\t\t<dt class='gallery-icon landscape'>\n\t\t\t\t<a href='https:\/\/colegioarquitectos.com\/noticias\/?attachment_id=17511'><img loading=\"lazy\" decoding=\"async\" width=\"180\" height=\"180\" src=\"https:\/\/colegioarquitectos.com\/noticias\/wp-content\/uploads\/2017\/05\/MG_7066-180x180.jpg\" class=\"attachment-thumbnail size-thumbnail\" alt=\"\" \/><\/a>\n\t\t\t<\/dt><\/dl><br style=\"clear: both\" \/><dl class='gallery-item'>\n\t\t\t<dt class='gallery-icon landscape'>\n\t\t\t\t<a href='https:\/\/colegioarquitectos.com\/noticias\/?attachment_id=17512'><img loading=\"lazy\" decoding=\"async\" width=\"180\" height=\"180\" src=\"https:\/\/colegioarquitectos.com\/noticias\/wp-content\/uploads\/2017\/05\/MG_7082-180x180.jpg\" class=\"attachment-thumbnail size-thumbnail\" alt=\"\" \/><\/a>\n\t\t\t<\/dt><\/dl><dl class='gallery-item'>\n\t\t\t<dt class='gallery-icon landscape'>\n\t\t\t\t<a href='https:\/\/colegioarquitectos.com\/noticias\/?attachment_id=17513'><img loading=\"lazy\" decoding=\"async\" width=\"180\" height=\"180\" src=\"https:\/\/colegioarquitectos.com\/noticias\/wp-content\/uploads\/2017\/05\/MG_7100-180x180.jpg\" class=\"attachment-thumbnail size-thumbnail\" alt=\"\" \/><\/a>\n\t\t\t<\/dt><\/dl>\n\t\t\t<br style='clear: both' \/>\n\t\t<\/div>\n\n<p>&nbsp;<\/p>\n<p><\/p>","protected":false},"excerpt":{"rendered":"<p>\u201cDi\u00e1logos Impostergables. Identidad y futuro\u201d es el nombre de la XX Bienal, que se realizar\u00e1 en octubre y noviembre en nuestro pa\u00eds. La actividad se desarrollar\u00e1 luego de una hist\u00f3rica convocatoria que reuni\u00f3 a un total de 424 propuestas. El &hellip; <a class=\"more-link\" href=\"https:\/\/colegioarquitectos.com\/noticias\/?p=17494\">ver m\u00e1s<\/a><\/p>","protected":false},"author":4,"featured_media":17514,"comment_status":"closed","ping_status":"closed","sticky":false,"template":"","format":"standard","meta":{"footnotes":""},"categories":[59],"tags":[],"class_list":["post-17494","post","type-post","status-publish","format-standard","has-post-thumbnail","hentry","category-bienal"],"yoast_head":"<!-- This site is optimized with the Yoast SEO plugin v24.2 - https:\/\/yoast.com\/wordpress\/plugins\/seo\/ -->\n<title>Se lanza la XX Bienal y se anuncian sus participantes de veintis\u00e9is pa\u00edses - COLEGIO DE ARQUITECTOS DE CHILE<\/title>\n<meta name=\"robots\" content=\"index, follow, max-snippet:-1, max-image-preview:large, max-video-preview:-1\" \/>\n<link rel=\"canonical\" href=\"https:\/\/colegioarquitectos.com\/noticias\/?p=17494\" \/>\n<meta property=\"og:locale\" content=\"es_ES\" \/>\n<meta property=\"og:type\" content=\"article\" \/>\n<meta property=\"og:title\" content=\"Se lanza la XX Bienal y se anuncian sus participantes de veintis\u00e9is pa\u00edses - COLEGIO DE ARQUITECTOS DE CHILE\" \/>\n<meta property=\"og:description\" content=\"\u201cDi\u00e1logos Impostergables. Identidad y futuro\u201d es el nombre de la XX Bienal, que se realizar\u00e1 en octubre y noviembre en nuestro pa\u00eds. La actividad se desarrollar\u00e1 luego de una hist\u00f3rica convocatoria que reuni\u00f3 a un total de 424 propuestas. El &hellip; ver m\u00e1s\" \/>\n<meta property=\"og:url\" content=\"https:\/\/colegioarquitectos.com\/noticias\/?p=17494\" \/>\n<meta property=\"og:site_name\" content=\"COLEGIO DE ARQUITECTOS DE CHILE\" \/>\n<meta property=\"article:publisher\" content=\"https:\/\/facebook.com\/Colegioarq\/\" \/>\n<meta property=\"article:published_time\" content=\"2017-05-17T15:08:38+00:00\" \/>\n<meta property=\"article:modified_time\" content=\"2017-05-23T15:10:20+00:00\" \/>\n<meta property=\"og:image\" content=\"https:\/\/colegioarquitectos.com\/noticias\/wp-content\/uploads\/2017\/05\/Lanzamiento-XX-Bienal.jpg\" \/>\n\t<meta property=\"og:image:width\" content=\"690\" \/>\n\t<meta property=\"og:image:height\" content=\"350\" \/>\n\t<meta property=\"og:image:type\" content=\"image\/jpeg\" \/>\n<meta name=\"author\" content=\"Colegio de Arquitectos de Chile\" \/>\n<meta name=\"twitter:card\" content=\"summary_large_image\" \/>\n<meta name=\"twitter:creator\" content=\"@colegioarq\" \/>\n<meta name=\"twitter:site\" content=\"@colegioarq\" \/>\n<meta name=\"twitter:label1\" content=\"Escrito por\" \/>\n\t<meta name=\"twitter:data1\" content=\"Colegio de Arquitectos de Chile\" \/>\n\t<meta name=\"twitter:label2\" content=\"Tiempo de lectura\" \/>\n\t<meta name=\"twitter:data2\" content=\"7 minutos\" \/>\n<script type=\"application\/ld+json\" class=\"yoast-schema-graph\">{\"@context\":\"https:\/\/schema.org\",\"@graph\":[{\"@type\":\"Article\",\"@id\":\"https:\/\/colegioarquitectos.com\/noticias\/?p=17494#article\",\"isPartOf\":{\"@id\":\"https:\/\/colegioarquitectos.com\/noticias\/?p=17494\"},\"author\":{\"name\":\"Colegio de Arquitectos de Chile\",\"@id\":\"https:\/\/colegioarquitectos.com\/noticias\/#\/schema\/person\/685cc0aad148303c5608f049af8285ad\"},\"headline\":\"Se lanza la XX Bienal y se anuncian sus participantes de veintis\u00e9is pa\u00edses\",\"datePublished\":\"2017-05-17T15:08:38+00:00\",\"dateModified\":\"2017-05-23T15:10:20+00:00\",\"mainEntityOfPage\":{\"@id\":\"https:\/\/colegioarquitectos.com\/noticias\/?p=17494\"},\"wordCount\":1384,\"publisher\":{\"@id\":\"https:\/\/colegioarquitectos.com\/noticias\/#organization\"},\"image\":{\"@id\":\"https:\/\/colegioarquitectos.com\/noticias\/?p=17494#primaryimage\"},\"thumbnailUrl\":\"https:\/\/colegioarquitectos.com\/noticias\/wp-content\/uploads\/2017\/05\/Lanzamiento-XX-Bienal.jpg\",\"articleSection\":[\"Bienal\"],\"inLanguage\":\"es\"},{\"@type\":\"WebPage\",\"@id\":\"https:\/\/colegioarquitectos.com\/noticias\/?p=17494\",\"url\":\"https:\/\/colegioarquitectos.com\/noticias\/?p=17494\",\"name\":\"Se lanza la XX Bienal y se anuncian sus participantes de veintis\u00e9is pa\u00edses - COLEGIO DE ARQUITECTOS DE CHILE\",\"isPartOf\":{\"@id\":\"https:\/\/colegioarquitectos.com\/noticias\/#website\"},\"primaryImageOfPage\":{\"@id\":\"https:\/\/colegioarquitectos.com\/noticias\/?p=17494#primaryimage\"},\"image\":{\"@id\":\"https:\/\/colegioarquitectos.com\/noticias\/?p=17494#primaryimage\"},\"thumbnailUrl\":\"https:\/\/colegioarquitectos.com\/noticias\/wp-content\/uploads\/2017\/05\/Lanzamiento-XX-Bienal.jpg\",\"datePublished\":\"2017-05-17T15:08:38+00:00\",\"dateModified\":\"2017-05-23T15:10:20+00:00\",\"breadcrumb\":{\"@id\":\"https:\/\/colegioarquitectos.com\/noticias\/?p=17494#breadcrumb\"},\"inLanguage\":\"es\",\"potentialAction\":[{\"@type\":\"ReadAction\",\"target\":[\"https:\/\/colegioarquitectos.com\/noticias\/?p=17494\"]}]},{\"@type\":\"ImageObject\",\"inLanguage\":\"es\",\"@id\":\"https:\/\/colegioarquitectos.com\/noticias\/?p=17494#primaryimage\",\"url\":\"https:\/\/colegioarquitectos.com\/noticias\/wp-content\/uploads\/2017\/05\/Lanzamiento-XX-Bienal.jpg\",\"contentUrl\":\"https:\/\/colegioarquitectos.com\/noticias\/wp-content\/uploads\/2017\/05\/Lanzamiento-XX-Bienal.jpg\",\"width\":690,\"height\":350},{\"@type\":\"BreadcrumbList\",\"@id\":\"https:\/\/colegioarquitectos.com\/noticias\/?p=17494#breadcrumb\",\"itemListElement\":[{\"@type\":\"ListItem\",\"position\":1,\"name\":\"Portada\",\"item\":\"https:\/\/colegioarquitectos.com\/noticias\"},{\"@type\":\"ListItem\",\"position\":2,\"name\":\"Se lanza la XX Bienal y se anuncian sus participantes de veintis\u00e9is pa\u00edses\"}]},{\"@type\":\"WebSite\",\"@id\":\"https:\/\/colegioarquitectos.com\/noticias\/#website\",\"url\":\"https:\/\/colegioarquitectos.com\/noticias\/\",\"name\":\"COLEGIO DE ARQUITECTOS DE CHILE\",\"description\":\"\",\"publisher\":{\"@id\":\"https:\/\/colegioarquitectos.com\/noticias\/#organization\"},\"potentialAction\":[{\"@type\":\"SearchAction\",\"target\":{\"@type\":\"EntryPoint\",\"urlTemplate\":\"https:\/\/colegioarquitectos.com\/noticias\/?s={search_term_string}\"},\"query-input\":{\"@type\":\"PropertyValueSpecification\",\"valueRequired\":true,\"valueName\":\"search_term_string\"}}],\"inLanguage\":\"es\"},{\"@type\":\"Organization\",\"@id\":\"https:\/\/colegioarquitectos.com\/noticias\/#organization\",\"name\":\"COLEGIO DE ARQUITECTOS DE CHILE\",\"url\":\"https:\/\/colegioarquitectos.com\/noticias\/\",\"logo\":{\"@type\":\"ImageObject\",\"inLanguage\":\"es\",\"@id\":\"https:\/\/colegioarquitectos.com\/noticias\/#\/schema\/logo\/image\/\",\"url\":\"https:\/\/colegioarquitectos.com\/noticias\/wp-content\/uploads\/2021\/05\/ENCABEZADO-LOGO-CA.jpg\",\"contentUrl\":\"https:\/\/colegioarquitectos.com\/noticias\/wp-content\/uploads\/2021\/05\/ENCABEZADO-LOGO-CA.jpg\",\"width\":690,\"height\":350,\"caption\":\"COLEGIO DE ARQUITECTOS DE CHILE\"},\"image\":{\"@id\":\"https:\/\/colegioarquitectos.com\/noticias\/#\/schema\/logo\/image\/\"},\"sameAs\":[\"https:\/\/facebook.com\/Colegioarq\/\",\"https:\/\/x.com\/colegioarq\",\"https:\/\/instagram.com\/colegioarq\",\"https:\/\/youtube.com\/@ColegiodeArquitectosdeChile\"]},{\"@type\":\"Person\",\"@id\":\"https:\/\/colegioarquitectos.com\/noticias\/#\/schema\/person\/685cc0aad148303c5608f049af8285ad\",\"name\":\"Colegio de Arquitectos de Chile\",\"url\":\"https:\/\/colegioarquitectos.com\/noticias\/?author=4\"}]}<\/script>\n<!-- \/ Yoast SEO plugin. -->","yoast_head_json":{"title":"Se lanza la XX Bienal y se anuncian sus participantes de veintis\u00e9is pa\u00edses - COLEGIO DE ARQUITECTOS DE CHILE","robots":{"index":"index","follow":"follow","max-snippet":"max-snippet:-1","max-image-preview":"max-image-preview:large","max-video-preview":"max-video-preview:-1"},"canonical":"https:\/\/colegioarquitectos.com\/noticias\/?p=17494","og_locale":"es_ES","og_type":"article","og_title":"Se lanza la XX Bienal y se anuncian sus participantes de veintis\u00e9is pa\u00edses - COLEGIO DE ARQUITECTOS DE CHILE","og_description":"\u201cDi\u00e1logos Impostergables. Identidad y futuro\u201d es el nombre de la XX Bienal, que se realizar\u00e1 en octubre y noviembre en nuestro pa\u00eds. La actividad se desarrollar\u00e1 luego de una hist\u00f3rica convocatoria que reuni\u00f3 a un total de 424 propuestas. El &hellip; ver m\u00e1s","og_url":"https:\/\/colegioarquitectos.com\/noticias\/?p=17494","og_site_name":"COLEGIO DE ARQUITECTOS DE CHILE","article_publisher":"https:\/\/facebook.com\/Colegioarq\/","article_published_time":"2017-05-17T15:08:38+00:00","article_modified_time":"2017-05-23T15:10:20+00:00","og_image":[{"width":690,"height":350,"url":"https:\/\/colegioarquitectos.com\/noticias\/wp-content\/uploads\/2017\/05\/Lanzamiento-XX-Bienal.jpg","type":"image\/jpeg"}],"author":"Colegio de Arquitectos de Chile","twitter_card":"summary_large_image","twitter_creator":"@colegioarq","twitter_site":"@colegioarq","twitter_misc":{"Escrito por":"Colegio de Arquitectos de Chile","Tiempo de lectura":"7 minutos"},"schema":{"@context":"https:\/\/schema.org","@graph":[{"@type":"Article","@id":"https:\/\/colegioarquitectos.com\/noticias\/?p=17494#article","isPartOf":{"@id":"https:\/\/colegioarquitectos.com\/noticias\/?p=17494"},"author":{"name":"Colegio de Arquitectos de Chile","@id":"https:\/\/colegioarquitectos.com\/noticias\/#\/schema\/person\/685cc0aad148303c5608f049af8285ad"},"headline":"Se lanza la XX Bienal y se anuncian sus participantes de veintis\u00e9is pa\u00edses","datePublished":"2017-05-17T15:08:38+00:00","dateModified":"2017-05-23T15:10:20+00:00","mainEntityOfPage":{"@id":"https:\/\/colegioarquitectos.com\/noticias\/?p=17494"},"wordCount":1384,"publisher":{"@id":"https:\/\/colegioarquitectos.com\/noticias\/#organization"},"image":{"@id":"https:\/\/colegioarquitectos.com\/noticias\/?p=17494#primaryimage"},"thumbnailUrl":"https:\/\/colegioarquitectos.com\/noticias\/wp-content\/uploads\/2017\/05\/Lanzamiento-XX-Bienal.jpg","articleSection":["Bienal"],"inLanguage":"es"},{"@type":"WebPage","@id":"https:\/\/colegioarquitectos.com\/noticias\/?p=17494","url":"https:\/\/colegioarquitectos.com\/noticias\/?p=17494","name":"Se lanza la XX Bienal y se anuncian sus participantes de veintis\u00e9is pa\u00edses - COLEGIO DE ARQUITECTOS DE CHILE","isPartOf":{"@id":"https:\/\/colegioarquitectos.com\/noticias\/#website"},"primaryImageOfPage":{"@id":"https:\/\/colegioarquitectos.com\/noticias\/?p=17494#primaryimage"},"image":{"@id":"https:\/\/colegioarquitectos.com\/noticias\/?p=17494#primaryimage"},"thumbnailUrl":"https:\/\/colegioarquitectos.com\/noticias\/wp-content\/uploads\/2017\/05\/Lanzamiento-XX-Bienal.jpg","datePublished":"2017-05-17T15:08:38+00:00","dateModified":"2017-05-23T15:10:20+00:00","breadcrumb":{"@id":"https:\/\/colegioarquitectos.com\/noticias\/?p=17494#breadcrumb"},"inLanguage":"es","potentialAction":[{"@type":"ReadAction","target":["https:\/\/colegioarquitectos.com\/noticias\/?p=17494"]}]},{"@type":"ImageObject","inLanguage":"es","@id":"https:\/\/colegioarquitectos.com\/noticias\/?p=17494#primaryimage","url":"https:\/\/colegioarquitectos.com\/noticias\/wp-content\/uploads\/2017\/05\/Lanzamiento-XX-Bienal.jpg","contentUrl":"https:\/\/colegioarquitectos.com\/noticias\/wp-content\/uploads\/2017\/05\/Lanzamiento-XX-Bienal.jpg","width":690,"height":350},{"@type":"BreadcrumbList","@id":"https:\/\/colegioarquitectos.com\/noticias\/?p=17494#breadcrumb","itemListElement":[{"@type":"ListItem","position":1,"name":"Portada","item":"https:\/\/colegioarquitectos.com\/noticias"},{"@type":"ListItem","position":2,"name":"Se lanza la XX Bienal y se anuncian sus participantes de veintis\u00e9is pa\u00edses"}]},{"@type":"WebSite","@id":"https:\/\/colegioarquitectos.com\/noticias\/#website","url":"https:\/\/colegioarquitectos.com\/noticias\/","name":"COLEGIO DE ARQUITECTOS DE CHILE","description":"","publisher":{"@id":"https:\/\/colegioarquitectos.com\/noticias\/#organization"},"potentialAction":[{"@type":"SearchAction","target":{"@type":"EntryPoint","urlTemplate":"https:\/\/colegioarquitectos.com\/noticias\/?s={search_term_string}"},"query-input":{"@type":"PropertyValueSpecification","valueRequired":true,"valueName":"search_term_string"}}],"inLanguage":"es"},{"@type":"Organization","@id":"https:\/\/colegioarquitectos.com\/noticias\/#organization","name":"COLEGIO DE ARQUITECTOS DE CHILE","url":"https:\/\/colegioarquitectos.com\/noticias\/","logo":{"@type":"ImageObject","inLanguage":"es","@id":"https:\/\/colegioarquitectos.com\/noticias\/#\/schema\/logo\/image\/","url":"https:\/\/colegioarquitectos.com\/noticias\/wp-content\/uploads\/2021\/05\/ENCABEZADO-LOGO-CA.jpg","contentUrl":"https:\/\/colegioarquitectos.com\/noticias\/wp-content\/uploads\/2021\/05\/ENCABEZADO-LOGO-CA.jpg","width":690,"height":350,"caption":"COLEGIO DE ARQUITECTOS DE CHILE"},"image":{"@id":"https:\/\/colegioarquitectos.com\/noticias\/#\/schema\/logo\/image\/"},"sameAs":["https:\/\/facebook.com\/Colegioarq\/","https:\/\/x.com\/colegioarq","https:\/\/instagram.com\/colegioarq","https:\/\/youtube.com\/@ColegiodeArquitectosdeChile"]},{"@type":"Person","@id":"https:\/\/colegioarquitectos.com\/noticias\/#\/schema\/person\/685cc0aad148303c5608f049af8285ad","name":"Colegio de Arquitectos de Chile","url":"https:\/\/colegioarquitectos.com\/noticias\/?author=4"}]}},"_links":{"self":[{"href":"https:\/\/colegioarquitectos.com\/noticias\/index.php?rest_route=\/wp\/v2\/posts\/17494","targetHints":{"allow":["GET"]}}],"collection":[{"href":"https:\/\/colegioarquitectos.com\/noticias\/index.php?rest_route=\/wp\/v2\/posts"}],"about":[{"href":"https:\/\/colegioarquitectos.com\/noticias\/index.php?rest_route=\/wp\/v2\/types\/post"}],"author":[{"embeddable":true,"href":"https:\/\/colegioarquitectos.com\/noticias\/index.php?rest_route=\/wp\/v2\/users\/4"}],"replies":[{"embeddable":true,"href":"https:\/\/colegioarquitectos.com\/noticias\/index.php?rest_route=%2Fwp%2Fv2%2Fcomments&post=17494"}],"version-history":[{"count":0,"href":"https:\/\/colegioarquitectos.com\/noticias\/index.php?rest_route=\/wp\/v2\/posts\/17494\/revisions"}],"wp:featuredmedia":[{"embeddable":true,"href":"https:\/\/colegioarquitectos.com\/noticias\/index.php?rest_route=\/wp\/v2\/media\/17514"}],"wp:attachment":[{"href":"https:\/\/colegioarquitectos.com\/noticias\/index.php?rest_route=%2Fwp%2Fv2%2Fmedia&parent=17494"}],"wp:term":[{"taxonomy":"category","embeddable":true,"href":"https:\/\/colegioarquitectos.com\/noticias\/index.php?rest_route=%2Fwp%2Fv2%2Fcategories&post=17494"},{"taxonomy":"post_tag","embeddable":true,"href":"https:\/\/colegioarquitectos.com\/noticias\/index.php?rest_route=%2Fwp%2Fv2%2Ftags&post=17494"}],"curies":[{"name":"wp","href":"https:\/\/api.w.org\/{rel}","templated":true}]}}