
{"id":17547,"date":"2017-05-17T17:20:42","date_gmt":"2017-05-17T17:20:42","guid":{"rendered":"http:\/\/colegioarquitectos.com\/?p=17547"},"modified":"2017-05-29T18:43:48","modified_gmt":"2017-05-29T18:43:48","slug":"conversatorio-navegao-celebracion-del-dia-del-patrimonio-en-chiloe","status":"publish","type":"post","link":"https:\/\/colegioarquitectos.com\/noticias\/?p=17547","title":{"rendered":"La Celebraci\u00f3n del D\u00eda del Patrimonio en Chilo\u00e9"},"content":{"rendered":"<p>Arquitectos y comunidad:<\/p>\n<p>La Delegaci\u00f3n Chilo\u00e9 del Colegio de Arquitectos de Chile invita cordialmente a celebrar el D\u00eda del Patrimonio Cultural, participando de un espacio ciudadano de reflexi\u00f3n y discusi\u00f3n sobre la identidad y desarrollo del archipi\u00e9lago: el Conversatorio Navega\u2019o.<\/p>\n<p>S\u00e1bado <strong>27 de mayo<\/strong> en el Restaurant Octavio (Pedro Montt #261, Castro), 18:30 hrs.<\/p>\n<p>Inscripciones\u00a0a <a href=\"mailto:ong.ceuach@gmail.com\">ong.ceuach@gmail.com<\/a><\/p>\n<p>&nbsp;<\/p>\n<p><img loading=\"lazy\" decoding=\"async\" class=\"alignnone wp-image-17549 size-full\" src=\"http:\/\/colegioarquitectos.com\/noticias\/wp-content\/uploads\/2017\/05\/IMG_4091.jpg\" alt=\"\" width=\"568\" height=\"800\" srcset=\"https:\/\/colegioarquitectos.com\/noticias\/wp-content\/uploads\/2017\/05\/IMG_4091.jpg 568w, https:\/\/colegioarquitectos.com\/noticias\/wp-content\/uploads\/2017\/05\/IMG_4091-213x300.jpg 213w\" sizes=\"auto, (max-width: 568px) 100vw, 568px\" \/><\/p>\n<p>&nbsp;<\/p>\n<p>Adem\u00e1s:<\/p>\n<p>El<strong> domingo 27 de mayo<\/strong>\u00a0ser\u00e1 la entrega del\u00a0<strong>PREMIO ARQUITECTURA PATRIMONIAL CHILOTA DE LA DELEGACI\u00d3N CHILO\u00c9 DEL COLEGIO DE ARQUITECTOS DE CHILE.<\/strong><\/p>\n<p>El esp\u00edritu del premio ARQUITECTURA PATRIMONIAL CHILOTA es a partir de esta, su segunda versi\u00f3n, reconocer anualmente a un propietario\u00a0de\u00a0inmueble chilote por el gran esfuerzo que significa la valoraci\u00f3n, cuidado y mantenci\u00f3n\u00a0de\u00a0construcciones patrimoniales en Chilo\u00e9.<\/p>\n<p>Es por lo anterior que la Delegaci\u00f3n Chilo\u00e9 del Colegio de Arquitectos de Chile, reconoce a la <strong>CASA SALDIVIA<\/strong>, inmueble ubicado en Los aromos 5040, localidad de Nerc\u00f3n, de propiedad de la <strong>Sra. Mirta Saldivia<\/strong> con el premio: \u201cARQUITECTURA PATRIMONIAL CHILOTA \u201d,\u00a0 en la versi\u00f3n 2017.<\/p>\n<p>El proceso de selecci\u00f3n incluy\u00f3 una exhaustiva calificaci\u00f3n de sus particularidades, siendo <strong>la CASA SALDIVIA <\/strong>quien obtuvo la m\u00e1s alta valoraci\u00f3n, conforme a los atributos evaluados, que fueron determinantes en cuanto a:<\/p>\n<ul>\n<li>Valores Urbanos de Imagen, Conjunto y Entorno Patrimonial.<\/li>\n<li>Valores Arquitect\u00f3nicos y Constructivos de Representatividad, Singularidad, Forma y Sistema constructivo.<\/li>\n<li>Valores Hist\u00f3ricos de Relevancia y Reconocimiento especializado.<\/li>\n<li>Valores Sociales de Reconocimiento de la Comunidad, Uso, Del propietario en la Identificaci\u00f3n del bien, Memorias y Proyecciones.<\/li>\n<li>Valores Econ\u00f3micos en Estado de Conservaci\u00f3n del Inmueble, Estado de Conservaci\u00f3n del entorno e Intervenciones.<\/li>\n<\/ul>\n<p>La <strong>Casa Saldivia<\/strong> es un edificio muy vistoso que destaca en el paisaje por su dise\u00f1o \u00fanico y proporciones. Su estil\u00edstica delata su data de construcci\u00f3n, siendo la casona m\u00e1s antigua del lugar, ha sido construida con el sistema tradicional chilote, que utiliza piezas de grandes escuadr\u00eda unidas a trav\u00e9s de ensambles y empalmes, cuya estructura se posa sobre piedras fundacionales, simplemente apoyadas en el terreno.<\/p>\n<p>&nbsp;<\/p>\n<p><img loading=\"lazy\" decoding=\"async\" class=\"alignnone wp-image-17625 \" src=\"http:\/\/colegioarquitectos.com\/noticias\/wp-content\/uploads\/2017\/05\/DSC_0186.jpg\" alt=\"\" width=\"473\" height=\"315\" srcset=\"https:\/\/colegioarquitectos.com\/noticias\/wp-content\/uploads\/2017\/05\/DSC_0186.jpg 640w, https:\/\/colegioarquitectos.com\/noticias\/wp-content\/uploads\/2017\/05\/DSC_0186-300x200.jpg 300w\" sizes=\"auto, (max-width: 473px) 100vw, 473px\" \/><\/p>\n<p>&nbsp;<\/p>\n<p>&nbsp;<\/p>\n<p>&nbsp;<\/p>\n<p>&nbsp;<\/p>\n<p><\/p>","protected":false},"excerpt":{"rendered":"<p>Arquitectos y comunidad: La Delegaci\u00f3n Chilo\u00e9 del Colegio de Arquitectos de Chile invita cordialmente a celebrar el D\u00eda del Patrimonio Cultural, participando de un espacio ciudadano de reflexi\u00f3n y discusi\u00f3n sobre la identidad y desarrollo del archipi\u00e9lago: el Conversatorio Navega\u2019o. &hellip; <a class=\"more-link\" href=\"https:\/\/colegioarquitectos.com\/noticias\/?p=17547\">ver m\u00e1s<\/a><\/p>","protected":false},"author":4,"featured_media":17548,"comment_status":"closed","ping_status":"closed","sticky":false,"template":"","format":"standard","meta":{"footnotes":""},"categories":[10],"tags":[],"class_list":["post-17547","post","type-post","status-publish","format-standard","has-post-thumbnail","hentry","category-delegaciones-zonales"],"yoast_head":"<!-- This site is optimized with the Yoast SEO plugin v24.2 - https:\/\/yoast.com\/wordpress\/plugins\/seo\/ -->\n<title>La Celebraci\u00f3n del D\u00eda del Patrimonio en Chilo\u00e9 - COLEGIO DE ARQUITECTOS DE CHILE<\/title>\n<meta name=\"robots\" content=\"index, follow, max-snippet:-1, max-image-preview:large, max-video-preview:-1\" \/>\n<link rel=\"canonical\" href=\"https:\/\/colegioarquitectos.com\/noticias\/?p=17547\" \/>\n<meta property=\"og:locale\" content=\"es_ES\" \/>\n<meta property=\"og:type\" content=\"article\" \/>\n<meta property=\"og:title\" content=\"La Celebraci\u00f3n del D\u00eda del Patrimonio en Chilo\u00e9 - COLEGIO DE ARQUITECTOS DE CHILE\" \/>\n<meta property=\"og:description\" content=\"Arquitectos y comunidad: La Delegaci\u00f3n Chilo\u00e9 del Colegio de Arquitectos de Chile invita cordialmente a celebrar el D\u00eda del Patrimonio Cultural, participando de un espacio ciudadano de reflexi\u00f3n y discusi\u00f3n sobre la identidad y desarrollo del archipi\u00e9lago: el Conversatorio Navega\u2019o. &hellip; ver m\u00e1s\" \/>\n<meta property=\"og:url\" content=\"https:\/\/colegioarquitectos.com\/noticias\/?p=17547\" \/>\n<meta property=\"og:site_name\" content=\"COLEGIO DE ARQUITECTOS DE CHILE\" \/>\n<meta property=\"article:publisher\" content=\"https:\/\/facebook.com\/Colegioarq\/\" \/>\n<meta property=\"article:published_time\" content=\"2017-05-17T17:20:42+00:00\" \/>\n<meta property=\"article:modified_time\" content=\"2017-05-29T18:43:48+00:00\" \/>\n<meta property=\"og:image\" content=\"https:\/\/colegioarquitectos.com\/noticias\/wp-content\/uploads\/2017\/05\/D\u00eda-del-Patrimonio-Chilo\u00e9.jpg\" \/>\n\t<meta property=\"og:image:width\" content=\"690\" \/>\n\t<meta property=\"og:image:height\" content=\"350\" \/>\n\t<meta property=\"og:image:type\" content=\"image\/jpeg\" \/>\n<meta name=\"author\" content=\"Colegio de Arquitectos de Chile\" \/>\n<meta name=\"twitter:card\" content=\"summary_large_image\" \/>\n<meta name=\"twitter:creator\" content=\"@colegioarq\" \/>\n<meta name=\"twitter:site\" content=\"@colegioarq\" \/>\n<meta name=\"twitter:label1\" content=\"Escrito por\" \/>\n\t<meta name=\"twitter:data1\" content=\"Colegio de Arquitectos de Chile\" \/>\n\t<meta name=\"twitter:label2\" content=\"Tiempo de lectura\" \/>\n\t<meta name=\"twitter:data2\" content=\"2 minutos\" \/>\n<script type=\"application\/ld+json\" class=\"yoast-schema-graph\">{\"@context\":\"https:\/\/schema.org\",\"@graph\":[{\"@type\":\"Article\",\"@id\":\"https:\/\/colegioarquitectos.com\/noticias\/?p=17547#article\",\"isPartOf\":{\"@id\":\"https:\/\/colegioarquitectos.com\/noticias\/?p=17547\"},\"author\":{\"name\":\"Colegio de Arquitectos de Chile\",\"@id\":\"https:\/\/colegioarquitectos.com\/noticias\/#\/schema\/person\/685cc0aad148303c5608f049af8285ad\"},\"headline\":\"La Celebraci\u00f3n del D\u00eda del Patrimonio en Chilo\u00e9\",\"datePublished\":\"2017-05-17T17:20:42+00:00\",\"dateModified\":\"2017-05-29T18:43:48+00:00\",\"mainEntityOfPage\":{\"@id\":\"https:\/\/colegioarquitectos.com\/noticias\/?p=17547\"},\"wordCount\":368,\"publisher\":{\"@id\":\"https:\/\/colegioarquitectos.com\/noticias\/#organization\"},\"image\":{\"@id\":\"https:\/\/colegioarquitectos.com\/noticias\/?p=17547#primaryimage\"},\"thumbnailUrl\":\"https:\/\/colegioarquitectos.com\/noticias\/wp-content\/uploads\/2017\/05\/D\u00eda-del-Patrimonio-Chilo\u00e9.jpg\",\"articleSection\":[\"Delegaciones\"],\"inLanguage\":\"es\"},{\"@type\":\"WebPage\",\"@id\":\"https:\/\/colegioarquitectos.com\/noticias\/?p=17547\",\"url\":\"https:\/\/colegioarquitectos.com\/noticias\/?p=17547\",\"name\":\"La Celebraci\u00f3n del D\u00eda del Patrimonio en Chilo\u00e9 - COLEGIO DE ARQUITECTOS DE CHILE\",\"isPartOf\":{\"@id\":\"https:\/\/colegioarquitectos.com\/noticias\/#website\"},\"primaryImageOfPage\":{\"@id\":\"https:\/\/colegioarquitectos.com\/noticias\/?p=17547#primaryimage\"},\"image\":{\"@id\":\"https:\/\/colegioarquitectos.com\/noticias\/?p=17547#primaryimage\"},\"thumbnailUrl\":\"https:\/\/colegioarquitectos.com\/noticias\/wp-content\/uploads\/2017\/05\/D\u00eda-del-Patrimonio-Chilo\u00e9.jpg\",\"datePublished\":\"2017-05-17T17:20:42+00:00\",\"dateModified\":\"2017-05-29T18:43:48+00:00\",\"breadcrumb\":{\"@id\":\"https:\/\/colegioarquitectos.com\/noticias\/?p=17547#breadcrumb\"},\"inLanguage\":\"es\",\"potentialAction\":[{\"@type\":\"ReadAction\",\"target\":[\"https:\/\/colegioarquitectos.com\/noticias\/?p=17547\"]}]},{\"@type\":\"ImageObject\",\"inLanguage\":\"es\",\"@id\":\"https:\/\/colegioarquitectos.com\/noticias\/?p=17547#primaryimage\",\"url\":\"https:\/\/colegioarquitectos.com\/noticias\/wp-content\/uploads\/2017\/05\/D\u00eda-del-Patrimonio-Chilo\u00e9.jpg\",\"contentUrl\":\"https:\/\/colegioarquitectos.com\/noticias\/wp-content\/uploads\/2017\/05\/D\u00eda-del-Patrimonio-Chilo\u00e9.jpg\",\"width\":690,\"height\":350},{\"@type\":\"BreadcrumbList\",\"@id\":\"https:\/\/colegioarquitectos.com\/noticias\/?p=17547#breadcrumb\",\"itemListElement\":[{\"@type\":\"ListItem\",\"position\":1,\"name\":\"Portada\",\"item\":\"https:\/\/colegioarquitectos.com\/noticias\"},{\"@type\":\"ListItem\",\"position\":2,\"name\":\"La Celebraci\u00f3n del D\u00eda del Patrimonio en Chilo\u00e9\"}]},{\"@type\":\"WebSite\",\"@id\":\"https:\/\/colegioarquitectos.com\/noticias\/#website\",\"url\":\"https:\/\/colegioarquitectos.com\/noticias\/\",\"name\":\"COLEGIO DE ARQUITECTOS DE CHILE\",\"description\":\"\",\"publisher\":{\"@id\":\"https:\/\/colegioarquitectos.com\/noticias\/#organization\"},\"potentialAction\":[{\"@type\":\"SearchAction\",\"target\":{\"@type\":\"EntryPoint\",\"urlTemplate\":\"https:\/\/colegioarquitectos.com\/noticias\/?s={search_term_string}\"},\"query-input\":{\"@type\":\"PropertyValueSpecification\",\"valueRequired\":true,\"valueName\":\"search_term_string\"}}],\"inLanguage\":\"es\"},{\"@type\":\"Organization\",\"@id\":\"https:\/\/colegioarquitectos.com\/noticias\/#organization\",\"name\":\"COLEGIO DE ARQUITECTOS DE CHILE\",\"url\":\"https:\/\/colegioarquitectos.com\/noticias\/\",\"logo\":{\"@type\":\"ImageObject\",\"inLanguage\":\"es\",\"@id\":\"https:\/\/colegioarquitectos.com\/noticias\/#\/schema\/logo\/image\/\",\"url\":\"https:\/\/colegioarquitectos.com\/noticias\/wp-content\/uploads\/2021\/05\/ENCABEZADO-LOGO-CA.jpg\",\"contentUrl\":\"https:\/\/colegioarquitectos.com\/noticias\/wp-content\/uploads\/2021\/05\/ENCABEZADO-LOGO-CA.jpg\",\"width\":690,\"height\":350,\"caption\":\"COLEGIO DE ARQUITECTOS DE CHILE\"},\"image\":{\"@id\":\"https:\/\/colegioarquitectos.com\/noticias\/#\/schema\/logo\/image\/\"},\"sameAs\":[\"https:\/\/facebook.com\/Colegioarq\/\",\"https:\/\/x.com\/colegioarq\",\"https:\/\/instagram.com\/colegioarq\",\"https:\/\/youtube.com\/@ColegiodeArquitectosdeChile\"]},{\"@type\":\"Person\",\"@id\":\"https:\/\/colegioarquitectos.com\/noticias\/#\/schema\/person\/685cc0aad148303c5608f049af8285ad\",\"name\":\"Colegio de Arquitectos de Chile\",\"url\":\"https:\/\/colegioarquitectos.com\/noticias\/?author=4\"}]}<\/script>\n<!-- \/ Yoast SEO plugin. -->","yoast_head_json":{"title":"La Celebraci\u00f3n del D\u00eda del Patrimonio en Chilo\u00e9 - COLEGIO DE ARQUITECTOS DE CHILE","robots":{"index":"index","follow":"follow","max-snippet":"max-snippet:-1","max-image-preview":"max-image-preview:large","max-video-preview":"max-video-preview:-1"},"canonical":"https:\/\/colegioarquitectos.com\/noticias\/?p=17547","og_locale":"es_ES","og_type":"article","og_title":"La Celebraci\u00f3n del D\u00eda del Patrimonio en Chilo\u00e9 - COLEGIO DE ARQUITECTOS DE CHILE","og_description":"Arquitectos y comunidad: La Delegaci\u00f3n Chilo\u00e9 del Colegio de Arquitectos de Chile invita cordialmente a celebrar el D\u00eda del Patrimonio Cultural, participando de un espacio ciudadano de reflexi\u00f3n y discusi\u00f3n sobre la identidad y desarrollo del archipi\u00e9lago: el Conversatorio Navega\u2019o. &hellip; ver m\u00e1s","og_url":"https:\/\/colegioarquitectos.com\/noticias\/?p=17547","og_site_name":"COLEGIO DE ARQUITECTOS DE CHILE","article_publisher":"https:\/\/facebook.com\/Colegioarq\/","article_published_time":"2017-05-17T17:20:42+00:00","article_modified_time":"2017-05-29T18:43:48+00:00","og_image":[{"width":690,"height":350,"url":"https:\/\/colegioarquitectos.com\/noticias\/wp-content\/uploads\/2017\/05\/D\u00eda-del-Patrimonio-Chilo\u00e9.jpg","type":"image\/jpeg"}],"author":"Colegio de Arquitectos de Chile","twitter_card":"summary_large_image","twitter_creator":"@colegioarq","twitter_site":"@colegioarq","twitter_misc":{"Escrito por":"Colegio de Arquitectos de Chile","Tiempo de lectura":"2 minutos"},"schema":{"@context":"https:\/\/schema.org","@graph":[{"@type":"Article","@id":"https:\/\/colegioarquitectos.com\/noticias\/?p=17547#article","isPartOf":{"@id":"https:\/\/colegioarquitectos.com\/noticias\/?p=17547"},"author":{"name":"Colegio de Arquitectos de Chile","@id":"https:\/\/colegioarquitectos.com\/noticias\/#\/schema\/person\/685cc0aad148303c5608f049af8285ad"},"headline":"La Celebraci\u00f3n del D\u00eda del Patrimonio en Chilo\u00e9","datePublished":"2017-05-17T17:20:42+00:00","dateModified":"2017-05-29T18:43:48+00:00","mainEntityOfPage":{"@id":"https:\/\/colegioarquitectos.com\/noticias\/?p=17547"},"wordCount":368,"publisher":{"@id":"https:\/\/colegioarquitectos.com\/noticias\/#organization"},"image":{"@id":"https:\/\/colegioarquitectos.com\/noticias\/?p=17547#primaryimage"},"thumbnailUrl":"https:\/\/colegioarquitectos.com\/noticias\/wp-content\/uploads\/2017\/05\/D\u00eda-del-Patrimonio-Chilo\u00e9.jpg","articleSection":["Delegaciones"],"inLanguage":"es"},{"@type":"WebPage","@id":"https:\/\/colegioarquitectos.com\/noticias\/?p=17547","url":"https:\/\/colegioarquitectos.com\/noticias\/?p=17547","name":"La Celebraci\u00f3n del D\u00eda del Patrimonio en Chilo\u00e9 - COLEGIO DE ARQUITECTOS DE CHILE","isPartOf":{"@id":"https:\/\/colegioarquitectos.com\/noticias\/#website"},"primaryImageOfPage":{"@id":"https:\/\/colegioarquitectos.com\/noticias\/?p=17547#primaryimage"},"image":{"@id":"https:\/\/colegioarquitectos.com\/noticias\/?p=17547#primaryimage"},"thumbnailUrl":"https:\/\/colegioarquitectos.com\/noticias\/wp-content\/uploads\/2017\/05\/D\u00eda-del-Patrimonio-Chilo\u00e9.jpg","datePublished":"2017-05-17T17:20:42+00:00","dateModified":"2017-05-29T18:43:48+00:00","breadcrumb":{"@id":"https:\/\/colegioarquitectos.com\/noticias\/?p=17547#breadcrumb"},"inLanguage":"es","potentialAction":[{"@type":"ReadAction","target":["https:\/\/colegioarquitectos.com\/noticias\/?p=17547"]}]},{"@type":"ImageObject","inLanguage":"es","@id":"https:\/\/colegioarquitectos.com\/noticias\/?p=17547#primaryimage","url":"https:\/\/colegioarquitectos.com\/noticias\/wp-content\/uploads\/2017\/05\/D\u00eda-del-Patrimonio-Chilo\u00e9.jpg","contentUrl":"https:\/\/colegioarquitectos.com\/noticias\/wp-content\/uploads\/2017\/05\/D\u00eda-del-Patrimonio-Chilo\u00e9.jpg","width":690,"height":350},{"@type":"BreadcrumbList","@id":"https:\/\/colegioarquitectos.com\/noticias\/?p=17547#breadcrumb","itemListElement":[{"@type":"ListItem","position":1,"name":"Portada","item":"https:\/\/colegioarquitectos.com\/noticias"},{"@type":"ListItem","position":2,"name":"La Celebraci\u00f3n del D\u00eda del Patrimonio en Chilo\u00e9"}]},{"@type":"WebSite","@id":"https:\/\/colegioarquitectos.com\/noticias\/#website","url":"https:\/\/colegioarquitectos.com\/noticias\/","name":"COLEGIO DE ARQUITECTOS DE CHILE","description":"","publisher":{"@id":"https:\/\/colegioarquitectos.com\/noticias\/#organization"},"potentialAction":[{"@type":"SearchAction","target":{"@type":"EntryPoint","urlTemplate":"https:\/\/colegioarquitectos.com\/noticias\/?s={search_term_string}"},"query-input":{"@type":"PropertyValueSpecification","valueRequired":true,"valueName":"search_term_string"}}],"inLanguage":"es"},{"@type":"Organization","@id":"https:\/\/colegioarquitectos.com\/noticias\/#organization","name":"COLEGIO DE ARQUITECTOS DE CHILE","url":"https:\/\/colegioarquitectos.com\/noticias\/","logo":{"@type":"ImageObject","inLanguage":"es","@id":"https:\/\/colegioarquitectos.com\/noticias\/#\/schema\/logo\/image\/","url":"https:\/\/colegioarquitectos.com\/noticias\/wp-content\/uploads\/2021\/05\/ENCABEZADO-LOGO-CA.jpg","contentUrl":"https:\/\/colegioarquitectos.com\/noticias\/wp-content\/uploads\/2021\/05\/ENCABEZADO-LOGO-CA.jpg","width":690,"height":350,"caption":"COLEGIO DE ARQUITECTOS DE CHILE"},"image":{"@id":"https:\/\/colegioarquitectos.com\/noticias\/#\/schema\/logo\/image\/"},"sameAs":["https:\/\/facebook.com\/Colegioarq\/","https:\/\/x.com\/colegioarq","https:\/\/instagram.com\/colegioarq","https:\/\/youtube.com\/@ColegiodeArquitectosdeChile"]},{"@type":"Person","@id":"https:\/\/colegioarquitectos.com\/noticias\/#\/schema\/person\/685cc0aad148303c5608f049af8285ad","name":"Colegio de Arquitectos de Chile","url":"https:\/\/colegioarquitectos.com\/noticias\/?author=4"}]}},"_links":{"self":[{"href":"https:\/\/colegioarquitectos.com\/noticias\/index.php?rest_route=\/wp\/v2\/posts\/17547","targetHints":{"allow":["GET"]}}],"collection":[{"href":"https:\/\/colegioarquitectos.com\/noticias\/index.php?rest_route=\/wp\/v2\/posts"}],"about":[{"href":"https:\/\/colegioarquitectos.com\/noticias\/index.php?rest_route=\/wp\/v2\/types\/post"}],"author":[{"embeddable":true,"href":"https:\/\/colegioarquitectos.com\/noticias\/index.php?rest_route=\/wp\/v2\/users\/4"}],"replies":[{"embeddable":true,"href":"https:\/\/colegioarquitectos.com\/noticias\/index.php?rest_route=%2Fwp%2Fv2%2Fcomments&post=17547"}],"version-history":[{"count":0,"href":"https:\/\/colegioarquitectos.com\/noticias\/index.php?rest_route=\/wp\/v2\/posts\/17547\/revisions"}],"wp:featuredmedia":[{"embeddable":true,"href":"https:\/\/colegioarquitectos.com\/noticias\/index.php?rest_route=\/wp\/v2\/media\/17548"}],"wp:attachment":[{"href":"https:\/\/colegioarquitectos.com\/noticias\/index.php?rest_route=%2Fwp%2Fv2%2Fmedia&parent=17547"}],"wp:term":[{"taxonomy":"category","embeddable":true,"href":"https:\/\/colegioarquitectos.com\/noticias\/index.php?rest_route=%2Fwp%2Fv2%2Fcategories&post=17547"},{"taxonomy":"post_tag","embeddable":true,"href":"https:\/\/colegioarquitectos.com\/noticias\/index.php?rest_route=%2Fwp%2Fv2%2Ftags&post=17547"}],"curies":[{"name":"wp","href":"https:\/\/api.w.org\/{rel}","templated":true}]}}