
{"id":17601,"date":"2017-05-18T21:38:02","date_gmt":"2017-05-18T21:38:02","guid":{"rendered":"http:\/\/colegioarquitectos.com\/?p=17601"},"modified":"2017-05-25T16:17:14","modified_gmt":"2017-05-25T16:17:14","slug":"declaracion-publica-delegacion-chiloe-salvemos-la-comisaria-el-patrimonio-no-espera","status":"publish","type":"post","link":"https:\/\/colegioarquitectos.com\/noticias\/?p=17601","title":{"rendered":"Declaraci\u00f3n P\u00fablica Delegaci\u00f3n Chilo\u00e9: Salvemos la comisar\u00eda, el patrimonio no espera"},"content":{"rendered":"<p>Por medio del presente texto, queremos transmitir nuestra preocupaci\u00f3n por el estado actual del conjunto del edificio de la \u201cComisar\u00eda de Ancud y su Plaza Centenario\u201d, que se deterioran progresivamente debido a los efectos del clima, el paso de los a\u00f1os, y la falta de destinaci\u00f3n de recursos para su conservaci\u00f3n. Estos fueron declarados Monumento Nacional en la categor\u00eda de Monumento Hist\u00f3rico por Decreto Supremo N\u00b0 535 del 2015.<\/p>\n<p>El Estado de Chile es responsable y debe hacerse cargo de esta situaci\u00f3n, que implica la p\u00e9rdida sostenida e irrecuperable de nuestro patrimonio hist\u00f3rico y arquitect\u00f3nico, as\u00ed tambi\u00e9n como la de mantener a la instituci\u00f3n y funcionarios de Carabineros de Chile desempe\u00f1ando sus labores diarias en un espacio que no cumple con adecuadas condiciones de habitabilidad.<\/p>\n<p>En sus inicios, el edificio fue la casa habitaci\u00f3n del Brigadier Carlos de Beranger, posteriormente del Gobernador Antonio de Quintanilla y desde el a\u00f1o 1894 alberga la Comisar\u00eda de Ancud. El edificio y el conjunto poseen un alto valor hist\u00f3rico, urban\u00edstico, arquitect\u00f3nico y social, siendo reconocidos por la comunidad como un hito urbano y parte importante de su historia.<\/p>\n<p>Se encuentra situado en el \u00e1rea fundacional de la comuna; debido a su emplazamiento, y por los servicios que presta Carabineros de Chile, se ha constituido en un recurso estrat\u00e9gico para la comunidad, una ZONA DE RESGUARDO Y SEGURIDAD frente a cat\u00e1strofes que nuestra comuna ha sufrido, como el terremoto y tsunami del 22 de mayo de 1960.<\/p>\n<p>El a\u00f1o 2014, en el marco del proceso de licitaci\u00f3n que propon\u00eda construir una nueva Comisar\u00eda, sin realizar ning\u00fan estudio hist\u00f3rico de lo existente, el edificio se vio amenazado de ser demolido. Nos alegra profundamente haber contribuido a impedirlo.<\/p>\n<p>Hoy desde la Delegaci\u00f3n Chilo\u00e9 del Colegio de Arquitectos de Chile, nos dirigimos a la comunidad y autoridades debido a la preocupaci\u00f3n que nos embarga al ser testigos del actual deterioro sistem\u00e1tico del edificio, y hacemos un nuevo llamado al estado de Chile, a trav\u00e9s de las entidades t\u00e9cnicas pertinentes, a que retomen la iniciativa de inversi\u00f3n de un proyecto para la Comisar\u00eda de Carabineros de Ancud, incorporando ahora, los valores que la hicieron ser declarada Monumento Nacional, ya que sin esta medida de car\u00e1cter urgente, nuestra ciudad nuevamente se puede ver afectada por otra significativa p\u00e9rdida patrimonial arquitect\u00f3nica urbana, como lo fue la lamentable p\u00e9rdida de la catedral.<\/p>\n<p>Los arquitectos de Chilo\u00e9, considerando el estado actual del inmueble Comisar\u00eda de Ancud en conjunto con la Plaza Centenario, y frente al abandono de un Patrimonio Hist\u00f3rico declaramos lo siguiente:<\/p>\n<p>1.- Se da inicio a una gran campa\u00f1a: \u201cSalvemos la Comisar\u00eda, el patrimonio no espera\u201d, con el fin de aunar esfuerzos de todos los actores involucrados para que el proyecto de mantenci\u00f3n\/ restauraci\u00f3n y puesta en valor del edificio de la actual Comisar\u00eda, se retome y se lleve a cabo, dotando a la instituci\u00f3n y sus funcionarios de una infraestructura apta y suficiente para el desempe\u00f1o de sus labores diarias.<\/p>\n<p>El objetivo de esta acci\u00f3n es la de proteger nuestro patrimonio al alero de un renovado proyecto de infraestructura para Carabineros de Ancud. Consideramos necesario que esta campa\u00f1a logre sensibilizar y comunicar sobre las posibilidades de c\u00f3mo abordar esta iniciativa de acuerdo al SNI (Sistema Nacional de Inversiones), adem\u00e1s de educar sobre la necesidad de proteger nuestro patrimonio y llamar a participar de las acciones a desarrollar.<\/p>\n<p>2.- Esperamos contar con la necesaria colaboraci\u00f3n de todos los involucrados en esta acci\u00f3n conjunta, que debiera ser promovida por la instituci\u00f3n de Carabineros de Chile y el Ministerio de Obras P\u00fablicas a trav\u00e9s del Departamento de Arquitectura a nivel central y regional, entre otras.<\/p>\n<p>Desde la comunidad local, creemos necesario contar con el apoyo y la colaboraci\u00f3n en acciones concretas por parte de la Municipalidad de Ancud a trav\u00e9s de su Alcalde y el Concejo Municipal.<\/p>\n<p>Tambi\u00e9n invitamos a toda la comunidad, a las juntas de vecinos y a las organizaciones territoriales y funcionales a sumarse, colaborar e informarse de esta iniciativa y sus implicancias.<\/p>\n<p>3.- Hacemos un URGENTE llamado para que Carabineros de Chile y el Ministerio de Obras P\u00fablicas entregue a la comunidad toda la informaci\u00f3n sobre este proyecto actualmente congelado.<\/p>\n<p>4.- Llamamos a apoyar la difusi\u00f3n de las diversas acciones y actividades que la Delegaci\u00f3n Chilo\u00e9 del Colegio de Arquitectos de Chile en conjunto con la comunidad desarrollaremos de aqu\u00ed a futuro, hasta lograr la protecci\u00f3n efectiva de este patrimonio arquitect\u00f3nico e hist\u00f3rico de la comuna de Ancud, en la Provincia de Chilo\u00e9.<\/p>\n<p>COMO INSTITUCI\u00d3N PROVINCIAL, CREEMOS QUE LA COMUNA DE ANCUD Y SUS HABITANTES, TIENEN EL DERECHO A PROTEGER EL PATRIMONIO DEL EDIFICIO DE CARABINEROS, PARA LO CUAL RESULTA NECESARIO QUE EL PROYECTO DE MEJORA DE SU INFRAESTRUCTURA VUELVA A SER PARTE DE LA CARTERA DE PROYECTOS PRIORITARIOS DE NUESTRAS AUTORIDADES, COMO UN PROYECTO DE RESCATE PATRIMONIAL.<\/p>\n<p>DELEGACI\u00d3N CHILO\u00c9, DEL COLEGIO DE ARQUITECTOS DE CHILE<\/p>\n<p><\/p>","protected":false},"excerpt":{"rendered":"<p>Por medio del presente texto, queremos transmitir nuestra preocupaci\u00f3n por el estado actual del conjunto del edificio de la \u201cComisar\u00eda de Ancud y su Plaza Centenario\u201d, que se deterioran progresivamente debido a los efectos del clima, el paso de los &hellip; <a class=\"more-link\" href=\"https:\/\/colegioarquitectos.com\/noticias\/?p=17601\">ver m\u00e1s<\/a><\/p>","protected":false},"author":4,"featured_media":17602,"comment_status":"closed","ping_status":"closed","sticky":false,"template":"","format":"standard","meta":{"footnotes":""},"categories":[3],"tags":[],"class_list":["post-17601","post","type-post","status-publish","format-standard","has-post-thumbnail","hentry","category-noticias"],"yoast_head":"<!-- This site is optimized with the Yoast SEO plugin v24.2 - https:\/\/yoast.com\/wordpress\/plugins\/seo\/ -->\n<title>Declaraci\u00f3n P\u00fablica Delegaci\u00f3n Chilo\u00e9: Salvemos la comisar\u00eda, el patrimonio no espera - COLEGIO DE ARQUITECTOS DE CHILE<\/title>\n<meta name=\"robots\" content=\"index, follow, max-snippet:-1, max-image-preview:large, max-video-preview:-1\" \/>\n<link rel=\"canonical\" href=\"https:\/\/colegioarquitectos.com\/noticias\/?p=17601\" \/>\n<meta property=\"og:locale\" content=\"es_ES\" \/>\n<meta property=\"og:type\" content=\"article\" \/>\n<meta property=\"og:title\" content=\"Declaraci\u00f3n P\u00fablica Delegaci\u00f3n Chilo\u00e9: Salvemos la comisar\u00eda, el patrimonio no espera - COLEGIO DE ARQUITECTOS DE CHILE\" \/>\n<meta property=\"og:description\" content=\"Por medio del presente texto, queremos transmitir nuestra preocupaci\u00f3n por el estado actual del conjunto del edificio de la \u201cComisar\u00eda de Ancud y su Plaza Centenario\u201d, que se deterioran progresivamente debido a los efectos del clima, el paso de los &hellip; ver m\u00e1s\" \/>\n<meta property=\"og:url\" content=\"https:\/\/colegioarquitectos.com\/noticias\/?p=17601\" \/>\n<meta property=\"og:site_name\" content=\"COLEGIO DE ARQUITECTOS DE CHILE\" \/>\n<meta property=\"article:publisher\" content=\"https:\/\/facebook.com\/Colegioarq\/\" \/>\n<meta property=\"article:published_time\" content=\"2017-05-18T21:38:02+00:00\" \/>\n<meta property=\"article:modified_time\" content=\"2017-05-25T16:17:14+00:00\" \/>\n<meta property=\"og:image\" content=\"https:\/\/colegioarquitectos.com\/noticias\/wp-content\/uploads\/2017\/05\/Comisar\u00eda-Ancud.jpg\" \/>\n\t<meta property=\"og:image:width\" content=\"690\" \/>\n\t<meta property=\"og:image:height\" content=\"350\" \/>\n\t<meta property=\"og:image:type\" content=\"image\/jpeg\" \/>\n<meta name=\"author\" content=\"Colegio de Arquitectos de Chile\" \/>\n<meta name=\"twitter:card\" content=\"summary_large_image\" \/>\n<meta name=\"twitter:creator\" content=\"@colegioarq\" \/>\n<meta name=\"twitter:site\" content=\"@colegioarq\" \/>\n<meta name=\"twitter:label1\" content=\"Escrito por\" \/>\n\t<meta name=\"twitter:data1\" content=\"Colegio de Arquitectos de Chile\" \/>\n\t<meta name=\"twitter:label2\" content=\"Tiempo de lectura\" \/>\n\t<meta name=\"twitter:data2\" content=\"4 minutos\" \/>\n<script type=\"application\/ld+json\" class=\"yoast-schema-graph\">{\"@context\":\"https:\/\/schema.org\",\"@graph\":[{\"@type\":\"Article\",\"@id\":\"https:\/\/colegioarquitectos.com\/noticias\/?p=17601#article\",\"isPartOf\":{\"@id\":\"https:\/\/colegioarquitectos.com\/noticias\/?p=17601\"},\"author\":{\"name\":\"Colegio de Arquitectos de Chile\",\"@id\":\"https:\/\/colegioarquitectos.com\/noticias\/#\/schema\/person\/685cc0aad148303c5608f049af8285ad\"},\"headline\":\"Declaraci\u00f3n P\u00fablica Delegaci\u00f3n Chilo\u00e9: Salvemos la comisar\u00eda, el patrimonio no espera\",\"datePublished\":\"2017-05-18T21:38:02+00:00\",\"dateModified\":\"2017-05-25T16:17:14+00:00\",\"mainEntityOfPage\":{\"@id\":\"https:\/\/colegioarquitectos.com\/noticias\/?p=17601\"},\"wordCount\":885,\"publisher\":{\"@id\":\"https:\/\/colegioarquitectos.com\/noticias\/#organization\"},\"image\":{\"@id\":\"https:\/\/colegioarquitectos.com\/noticias\/?p=17601#primaryimage\"},\"thumbnailUrl\":\"https:\/\/colegioarquitectos.com\/noticias\/wp-content\/uploads\/2017\/05\/Comisar\u00eda-Ancud.jpg\",\"articleSection\":[\"Noticias\"],\"inLanguage\":\"es\"},{\"@type\":\"WebPage\",\"@id\":\"https:\/\/colegioarquitectos.com\/noticias\/?p=17601\",\"url\":\"https:\/\/colegioarquitectos.com\/noticias\/?p=17601\",\"name\":\"Declaraci\u00f3n P\u00fablica Delegaci\u00f3n Chilo\u00e9: Salvemos la comisar\u00eda, el patrimonio no espera - COLEGIO DE ARQUITECTOS DE CHILE\",\"isPartOf\":{\"@id\":\"https:\/\/colegioarquitectos.com\/noticias\/#website\"},\"primaryImageOfPage\":{\"@id\":\"https:\/\/colegioarquitectos.com\/noticias\/?p=17601#primaryimage\"},\"image\":{\"@id\":\"https:\/\/colegioarquitectos.com\/noticias\/?p=17601#primaryimage\"},\"thumbnailUrl\":\"https:\/\/colegioarquitectos.com\/noticias\/wp-content\/uploads\/2017\/05\/Comisar\u00eda-Ancud.jpg\",\"datePublished\":\"2017-05-18T21:38:02+00:00\",\"dateModified\":\"2017-05-25T16:17:14+00:00\",\"breadcrumb\":{\"@id\":\"https:\/\/colegioarquitectos.com\/noticias\/?p=17601#breadcrumb\"},\"inLanguage\":\"es\",\"potentialAction\":[{\"@type\":\"ReadAction\",\"target\":[\"https:\/\/colegioarquitectos.com\/noticias\/?p=17601\"]}]},{\"@type\":\"ImageObject\",\"inLanguage\":\"es\",\"@id\":\"https:\/\/colegioarquitectos.com\/noticias\/?p=17601#primaryimage\",\"url\":\"https:\/\/colegioarquitectos.com\/noticias\/wp-content\/uploads\/2017\/05\/Comisar\u00eda-Ancud.jpg\",\"contentUrl\":\"https:\/\/colegioarquitectos.com\/noticias\/wp-content\/uploads\/2017\/05\/Comisar\u00eda-Ancud.jpg\",\"width\":690,\"height\":350},{\"@type\":\"BreadcrumbList\",\"@id\":\"https:\/\/colegioarquitectos.com\/noticias\/?p=17601#breadcrumb\",\"itemListElement\":[{\"@type\":\"ListItem\",\"position\":1,\"name\":\"Portada\",\"item\":\"https:\/\/colegioarquitectos.com\/noticias\"},{\"@type\":\"ListItem\",\"position\":2,\"name\":\"Declaraci\u00f3n P\u00fablica Delegaci\u00f3n Chilo\u00e9: Salvemos la comisar\u00eda, el patrimonio no espera\"}]},{\"@type\":\"WebSite\",\"@id\":\"https:\/\/colegioarquitectos.com\/noticias\/#website\",\"url\":\"https:\/\/colegioarquitectos.com\/noticias\/\",\"name\":\"COLEGIO DE ARQUITECTOS DE CHILE\",\"description\":\"\",\"publisher\":{\"@id\":\"https:\/\/colegioarquitectos.com\/noticias\/#organization\"},\"potentialAction\":[{\"@type\":\"SearchAction\",\"target\":{\"@type\":\"EntryPoint\",\"urlTemplate\":\"https:\/\/colegioarquitectos.com\/noticias\/?s={search_term_string}\"},\"query-input\":{\"@type\":\"PropertyValueSpecification\",\"valueRequired\":true,\"valueName\":\"search_term_string\"}}],\"inLanguage\":\"es\"},{\"@type\":\"Organization\",\"@id\":\"https:\/\/colegioarquitectos.com\/noticias\/#organization\",\"name\":\"COLEGIO DE ARQUITECTOS DE CHILE\",\"url\":\"https:\/\/colegioarquitectos.com\/noticias\/\",\"logo\":{\"@type\":\"ImageObject\",\"inLanguage\":\"es\",\"@id\":\"https:\/\/colegioarquitectos.com\/noticias\/#\/schema\/logo\/image\/\",\"url\":\"https:\/\/colegioarquitectos.com\/noticias\/wp-content\/uploads\/2021\/05\/ENCABEZADO-LOGO-CA.jpg\",\"contentUrl\":\"https:\/\/colegioarquitectos.com\/noticias\/wp-content\/uploads\/2021\/05\/ENCABEZADO-LOGO-CA.jpg\",\"width\":690,\"height\":350,\"caption\":\"COLEGIO DE ARQUITECTOS DE CHILE\"},\"image\":{\"@id\":\"https:\/\/colegioarquitectos.com\/noticias\/#\/schema\/logo\/image\/\"},\"sameAs\":[\"https:\/\/facebook.com\/Colegioarq\/\",\"https:\/\/x.com\/colegioarq\",\"https:\/\/instagram.com\/colegioarq\",\"https:\/\/youtube.com\/@ColegiodeArquitectosdeChile\"]},{\"@type\":\"Person\",\"@id\":\"https:\/\/colegioarquitectos.com\/noticias\/#\/schema\/person\/685cc0aad148303c5608f049af8285ad\",\"name\":\"Colegio de Arquitectos de Chile\",\"url\":\"https:\/\/colegioarquitectos.com\/noticias\/?author=4\"}]}<\/script>\n<!-- \/ Yoast SEO plugin. -->","yoast_head_json":{"title":"Declaraci\u00f3n P\u00fablica Delegaci\u00f3n Chilo\u00e9: Salvemos la comisar\u00eda, el patrimonio no espera - COLEGIO DE ARQUITECTOS DE CHILE","robots":{"index":"index","follow":"follow","max-snippet":"max-snippet:-1","max-image-preview":"max-image-preview:large","max-video-preview":"max-video-preview:-1"},"canonical":"https:\/\/colegioarquitectos.com\/noticias\/?p=17601","og_locale":"es_ES","og_type":"article","og_title":"Declaraci\u00f3n P\u00fablica Delegaci\u00f3n Chilo\u00e9: Salvemos la comisar\u00eda, el patrimonio no espera - COLEGIO DE ARQUITECTOS DE CHILE","og_description":"Por medio del presente texto, queremos transmitir nuestra preocupaci\u00f3n por el estado actual del conjunto del edificio de la \u201cComisar\u00eda de Ancud y su Plaza Centenario\u201d, que se deterioran progresivamente debido a los efectos del clima, el paso de los &hellip; ver m\u00e1s","og_url":"https:\/\/colegioarquitectos.com\/noticias\/?p=17601","og_site_name":"COLEGIO DE ARQUITECTOS DE CHILE","article_publisher":"https:\/\/facebook.com\/Colegioarq\/","article_published_time":"2017-05-18T21:38:02+00:00","article_modified_time":"2017-05-25T16:17:14+00:00","og_image":[{"width":690,"height":350,"url":"https:\/\/colegioarquitectos.com\/noticias\/wp-content\/uploads\/2017\/05\/Comisar\u00eda-Ancud.jpg","type":"image\/jpeg"}],"author":"Colegio de Arquitectos de Chile","twitter_card":"summary_large_image","twitter_creator":"@colegioarq","twitter_site":"@colegioarq","twitter_misc":{"Escrito por":"Colegio de Arquitectos de Chile","Tiempo de lectura":"4 minutos"},"schema":{"@context":"https:\/\/schema.org","@graph":[{"@type":"Article","@id":"https:\/\/colegioarquitectos.com\/noticias\/?p=17601#article","isPartOf":{"@id":"https:\/\/colegioarquitectos.com\/noticias\/?p=17601"},"author":{"name":"Colegio de Arquitectos de Chile","@id":"https:\/\/colegioarquitectos.com\/noticias\/#\/schema\/person\/685cc0aad148303c5608f049af8285ad"},"headline":"Declaraci\u00f3n P\u00fablica Delegaci\u00f3n Chilo\u00e9: Salvemos la comisar\u00eda, el patrimonio no espera","datePublished":"2017-05-18T21:38:02+00:00","dateModified":"2017-05-25T16:17:14+00:00","mainEntityOfPage":{"@id":"https:\/\/colegioarquitectos.com\/noticias\/?p=17601"},"wordCount":885,"publisher":{"@id":"https:\/\/colegioarquitectos.com\/noticias\/#organization"},"image":{"@id":"https:\/\/colegioarquitectos.com\/noticias\/?p=17601#primaryimage"},"thumbnailUrl":"https:\/\/colegioarquitectos.com\/noticias\/wp-content\/uploads\/2017\/05\/Comisar\u00eda-Ancud.jpg","articleSection":["Noticias"],"inLanguage":"es"},{"@type":"WebPage","@id":"https:\/\/colegioarquitectos.com\/noticias\/?p=17601","url":"https:\/\/colegioarquitectos.com\/noticias\/?p=17601","name":"Declaraci\u00f3n P\u00fablica Delegaci\u00f3n Chilo\u00e9: Salvemos la comisar\u00eda, el patrimonio no espera - COLEGIO DE ARQUITECTOS DE CHILE","isPartOf":{"@id":"https:\/\/colegioarquitectos.com\/noticias\/#website"},"primaryImageOfPage":{"@id":"https:\/\/colegioarquitectos.com\/noticias\/?p=17601#primaryimage"},"image":{"@id":"https:\/\/colegioarquitectos.com\/noticias\/?p=17601#primaryimage"},"thumbnailUrl":"https:\/\/colegioarquitectos.com\/noticias\/wp-content\/uploads\/2017\/05\/Comisar\u00eda-Ancud.jpg","datePublished":"2017-05-18T21:38:02+00:00","dateModified":"2017-05-25T16:17:14+00:00","breadcrumb":{"@id":"https:\/\/colegioarquitectos.com\/noticias\/?p=17601#breadcrumb"},"inLanguage":"es","potentialAction":[{"@type":"ReadAction","target":["https:\/\/colegioarquitectos.com\/noticias\/?p=17601"]}]},{"@type":"ImageObject","inLanguage":"es","@id":"https:\/\/colegioarquitectos.com\/noticias\/?p=17601#primaryimage","url":"https:\/\/colegioarquitectos.com\/noticias\/wp-content\/uploads\/2017\/05\/Comisar\u00eda-Ancud.jpg","contentUrl":"https:\/\/colegioarquitectos.com\/noticias\/wp-content\/uploads\/2017\/05\/Comisar\u00eda-Ancud.jpg","width":690,"height":350},{"@type":"BreadcrumbList","@id":"https:\/\/colegioarquitectos.com\/noticias\/?p=17601#breadcrumb","itemListElement":[{"@type":"ListItem","position":1,"name":"Portada","item":"https:\/\/colegioarquitectos.com\/noticias"},{"@type":"ListItem","position":2,"name":"Declaraci\u00f3n P\u00fablica Delegaci\u00f3n Chilo\u00e9: Salvemos la comisar\u00eda, el patrimonio no espera"}]},{"@type":"WebSite","@id":"https:\/\/colegioarquitectos.com\/noticias\/#website","url":"https:\/\/colegioarquitectos.com\/noticias\/","name":"COLEGIO DE ARQUITECTOS DE CHILE","description":"","publisher":{"@id":"https:\/\/colegioarquitectos.com\/noticias\/#organization"},"potentialAction":[{"@type":"SearchAction","target":{"@type":"EntryPoint","urlTemplate":"https:\/\/colegioarquitectos.com\/noticias\/?s={search_term_string}"},"query-input":{"@type":"PropertyValueSpecification","valueRequired":true,"valueName":"search_term_string"}}],"inLanguage":"es"},{"@type":"Organization","@id":"https:\/\/colegioarquitectos.com\/noticias\/#organization","name":"COLEGIO DE ARQUITECTOS DE CHILE","url":"https:\/\/colegioarquitectos.com\/noticias\/","logo":{"@type":"ImageObject","inLanguage":"es","@id":"https:\/\/colegioarquitectos.com\/noticias\/#\/schema\/logo\/image\/","url":"https:\/\/colegioarquitectos.com\/noticias\/wp-content\/uploads\/2021\/05\/ENCABEZADO-LOGO-CA.jpg","contentUrl":"https:\/\/colegioarquitectos.com\/noticias\/wp-content\/uploads\/2021\/05\/ENCABEZADO-LOGO-CA.jpg","width":690,"height":350,"caption":"COLEGIO DE ARQUITECTOS DE CHILE"},"image":{"@id":"https:\/\/colegioarquitectos.com\/noticias\/#\/schema\/logo\/image\/"},"sameAs":["https:\/\/facebook.com\/Colegioarq\/","https:\/\/x.com\/colegioarq","https:\/\/instagram.com\/colegioarq","https:\/\/youtube.com\/@ColegiodeArquitectosdeChile"]},{"@type":"Person","@id":"https:\/\/colegioarquitectos.com\/noticias\/#\/schema\/person\/685cc0aad148303c5608f049af8285ad","name":"Colegio de Arquitectos de Chile","url":"https:\/\/colegioarquitectos.com\/noticias\/?author=4"}]}},"_links":{"self":[{"href":"https:\/\/colegioarquitectos.com\/noticias\/index.php?rest_route=\/wp\/v2\/posts\/17601","targetHints":{"allow":["GET"]}}],"collection":[{"href":"https:\/\/colegioarquitectos.com\/noticias\/index.php?rest_route=\/wp\/v2\/posts"}],"about":[{"href":"https:\/\/colegioarquitectos.com\/noticias\/index.php?rest_route=\/wp\/v2\/types\/post"}],"author":[{"embeddable":true,"href":"https:\/\/colegioarquitectos.com\/noticias\/index.php?rest_route=\/wp\/v2\/users\/4"}],"replies":[{"embeddable":true,"href":"https:\/\/colegioarquitectos.com\/noticias\/index.php?rest_route=%2Fwp%2Fv2%2Fcomments&post=17601"}],"version-history":[{"count":0,"href":"https:\/\/colegioarquitectos.com\/noticias\/index.php?rest_route=\/wp\/v2\/posts\/17601\/revisions"}],"wp:featuredmedia":[{"embeddable":true,"href":"https:\/\/colegioarquitectos.com\/noticias\/index.php?rest_route=\/wp\/v2\/media\/17602"}],"wp:attachment":[{"href":"https:\/\/colegioarquitectos.com\/noticias\/index.php?rest_route=%2Fwp%2Fv2%2Fmedia&parent=17601"}],"wp:term":[{"taxonomy":"category","embeddable":true,"href":"https:\/\/colegioarquitectos.com\/noticias\/index.php?rest_route=%2Fwp%2Fv2%2Fcategories&post=17601"},{"taxonomy":"post_tag","embeddable":true,"href":"https:\/\/colegioarquitectos.com\/noticias\/index.php?rest_route=%2Fwp%2Fv2%2Ftags&post=17601"}],"curies":[{"name":"wp","href":"https:\/\/api.w.org\/{rel}","templated":true}]}}