
{"id":17604,"date":"2017-05-23T21:59:03","date_gmt":"2017-05-23T21:59:03","guid":{"rendered":"http:\/\/colegioarquitectos.com\/?p=17604"},"modified":"2017-05-23T21:59:03","modified_gmt":"2017-05-23T21:59:03","slug":"conferencia-fernando-perez-o-lanzamiento-libro-umbral-metropolitano","status":"publish","type":"post","link":"https:\/\/colegioarquitectos.com\/noticias\/?p=17604","title":{"rendered":"Conferencia Fernando P\u00e9rez O.\/ Lanzamiento Libro Umbral Metropolitano"},"content":{"rendered":"<p>La Escuela de Arquitectura de la Pontificia Universidad Cat\u00f3lica invita a dos actividades los d\u00edas 30 de mayo y 1 de junio:<\/p>\n<p>&nbsp;<\/p>\n<p><strong>1. Conferencia Fernando P\u00e9rez O.<\/strong><\/p>\n<p>En el marco del Diplomado en Patrimonio Cultural<\/p>\n<p>Fernando P\u00e9rez O. se presentar\u00e1 en el contexto de las actividades del Diplomado en Patrimonio Cultural que dicta la Educaci\u00f3n Continua en la Escuela de Arquitectura UC el pr\u00f3ximo martes 30 de mayo en el Auditorio Arquitectura. Evento abierto a todo p\u00fablico.<\/p>\n<p>&nbsp;<\/p>\n<p>Fecha_<\/p>\n<p>Martes 30 de mayo de 2017, 18.30 hrs.<\/p>\n<p>&nbsp;<\/p>\n<p>Lugar_<\/p>\n<p>Auditorio Arquitectura, Campus Lo Contador. El Comendador 1936, Providencia<\/p>\n<p>&nbsp;<\/p>\n<p>Organiza_<\/p>\n<p>Diplomado en Patrimonio Cultural<\/p>\n<p>Arquitectura UC<\/p>\n<p><img loading=\"lazy\" decoding=\"async\" class=\"alignnone wp-image-17607 \" src=\"http:\/\/colegioarquitectos.com\/noticias\/wp-content\/uploads\/2017\/05\/b2f3db54-00a3-4996-8ee1-449f90cf8940-683x1024.jpg\" alt=\"\" width=\"420\" height=\"630\" srcset=\"https:\/\/colegioarquitectos.com\/noticias\/wp-content\/uploads\/2017\/05\/b2f3db54-00a3-4996-8ee1-449f90cf8940-683x1024.jpg 683w, https:\/\/colegioarquitectos.com\/noticias\/wp-content\/uploads\/2017\/05\/b2f3db54-00a3-4996-8ee1-449f90cf8940-200x300.jpg 200w, https:\/\/colegioarquitectos.com\/noticias\/wp-content\/uploads\/2017\/05\/b2f3db54-00a3-4996-8ee1-449f90cf8940-768x1152.jpg 768w, https:\/\/colegioarquitectos.com\/noticias\/wp-content\/uploads\/2017\/05\/b2f3db54-00a3-4996-8ee1-449f90cf8940.jpg 1772w\" sizes=\"auto, (max-width: 420px) 100vw, 420px\" \/><\/p>\n<p><img loading=\"lazy\" decoding=\"async\" class=\"alignnone wp-image-17608 size-full\" src=\"http:\/\/colegioarquitectos.com\/noticias\/wp-content\/uploads\/2017\/05\/576460c0-e438-42d0-bfa6-151d820fc20d.jpg\" alt=\"\" width=\"180\" height=\"155\" \/><\/p>\n<p>&nbsp;<\/p>\n<p><strong>2. Umbral Metropolitano<\/strong><\/p>\n<p>El jueves 1 de junio de 2017 se realizar\u00e1 el lanzamiento del libro Umbral Metropolitano: Reflexiones en Torno a las Torres de Tajamar, editado por Ediciones ARQ y la Municipalidad de Providencia. El lanzamiento contar\u00e1 con comentarios de Denisse Espinoza, Rodrigo Guendelman y Sebasti\u00e1n Gray.<\/p>\n<p>&nbsp;<\/p>\n<p>Fecha_<\/p>\n<p>Jueves 1 de junio de 2017, a las 18.30 hrs<\/p>\n<p>&nbsp;<\/p>\n<p>Lugar_<\/p>\n<p>Auditorio FADEU, Campus Lo Contador UC. El Comendador 1916, Providencia<\/p>\n<p>&nbsp;<\/p>\n<p>Invita_<\/p>\n<p>Municipalidad de Providencia<\/p>\n<p>Ediciones ARQ<\/p>\n<p>Arquitectura UC<\/p>\n<p>&nbsp;<\/p>\n<p><img loading=\"lazy\" decoding=\"async\" class=\"alignnone wp-image-17605 size-full\" src=\"http:\/\/colegioarquitectos.com\/noticias\/wp-content\/uploads\/2017\/05\/86aa37ba-8960-4e9d-9572-aa41ecedee9d.jpg\" alt=\"\" width=\"550\" height=\"356\" srcset=\"https:\/\/colegioarquitectos.com\/noticias\/wp-content\/uploads\/2017\/05\/86aa37ba-8960-4e9d-9572-aa41ecedee9d.jpg 550w, https:\/\/colegioarquitectos.com\/noticias\/wp-content\/uploads\/2017\/05\/86aa37ba-8960-4e9d-9572-aa41ecedee9d-300x194.jpg 300w\" sizes=\"auto, (max-width: 550px) 100vw, 550px\" \/><\/p>\n<p><img loading=\"lazy\" decoding=\"async\" class=\"alignnone wp-image-17606 size-full\" src=\"http:\/\/colegioarquitectos.com\/noticias\/wp-content\/uploads\/2017\/05\/754c5861-08f7-4135-994c-93c1e03e8203.jpg\" alt=\"\" width=\"550\" height=\"356\" srcset=\"https:\/\/colegioarquitectos.com\/noticias\/wp-content\/uploads\/2017\/05\/754c5861-08f7-4135-994c-93c1e03e8203.jpg 550w, https:\/\/colegioarquitectos.com\/noticias\/wp-content\/uploads\/2017\/05\/754c5861-08f7-4135-994c-93c1e03e8203-300x194.jpg 300w\" sizes=\"auto, (max-width: 550px) 100vw, 550px\" \/><\/p>\n<p><\/p>","protected":false},"excerpt":{"rendered":"<p>La Escuela de Arquitectura de la Pontificia Universidad Cat\u00f3lica invita a dos actividades los d\u00edas 30 de mayo y 1 de junio: &nbsp; 1. Conferencia Fernando P\u00e9rez O. En el marco del Diplomado en Patrimonio Cultural Fernando P\u00e9rez O. se &hellip; <a class=\"more-link\" href=\"https:\/\/colegioarquitectos.com\/noticias\/?p=17604\">ver m\u00e1s<\/a><\/p>","protected":false},"author":4,"featured_media":17609,"comment_status":"closed","ping_status":"closed","sticky":false,"template":"","format":"standard","meta":{"footnotes":""},"categories":[35],"tags":[],"class_list":["post-17604","post","type-post","status-publish","format-standard","has-post-thumbnail","hentry","category-universidades"],"yoast_head":"<!-- This site is optimized with the Yoast SEO plugin v24.2 - https:\/\/yoast.com\/wordpress\/plugins\/seo\/ -->\n<title>Conferencia Fernando P\u00e9rez O.\/ Lanzamiento Libro Umbral Metropolitano - COLEGIO DE ARQUITECTOS DE CHILE<\/title>\n<meta name=\"robots\" content=\"index, follow, max-snippet:-1, max-image-preview:large, max-video-preview:-1\" \/>\n<link rel=\"canonical\" href=\"https:\/\/colegioarquitectos.com\/noticias\/?p=17604\" \/>\n<meta property=\"og:locale\" content=\"es_ES\" \/>\n<meta property=\"og:type\" content=\"article\" \/>\n<meta property=\"og:title\" content=\"Conferencia Fernando P\u00e9rez O.\/ Lanzamiento Libro Umbral Metropolitano - COLEGIO DE ARQUITECTOS DE CHILE\" \/>\n<meta property=\"og:description\" content=\"La Escuela de Arquitectura de la Pontificia Universidad Cat\u00f3lica invita a dos actividades los d\u00edas 30 de mayo y 1 de junio: &nbsp; 1. Conferencia Fernando P\u00e9rez O. En el marco del Diplomado en Patrimonio Cultural Fernando P\u00e9rez O. se &hellip; ver m\u00e1s\" \/>\n<meta property=\"og:url\" content=\"https:\/\/colegioarquitectos.com\/noticias\/?p=17604\" \/>\n<meta property=\"og:site_name\" content=\"COLEGIO DE ARQUITECTOS DE CHILE\" \/>\n<meta property=\"article:publisher\" content=\"https:\/\/facebook.com\/Colegioarq\/\" \/>\n<meta property=\"article:published_time\" content=\"2017-05-23T21:59:03+00:00\" \/>\n<meta property=\"og:image\" content=\"https:\/\/colegioarquitectos.com\/noticias\/wp-content\/uploads\/2017\/05\/ARQUC_LOGO-2015.png\" \/>\n\t<meta property=\"og:image:width\" content=\"602\" \/>\n\t<meta property=\"og:image:height\" content=\"409\" \/>\n\t<meta property=\"og:image:type\" content=\"image\/png\" \/>\n<meta name=\"author\" content=\"Colegio de Arquitectos de Chile\" \/>\n<meta name=\"twitter:card\" content=\"summary_large_image\" \/>\n<meta name=\"twitter:creator\" content=\"@colegioarq\" \/>\n<meta name=\"twitter:site\" content=\"@colegioarq\" \/>\n<meta name=\"twitter:label1\" content=\"Escrito por\" \/>\n\t<meta name=\"twitter:data1\" content=\"Colegio de Arquitectos de Chile\" \/>\n\t<meta name=\"twitter:label2\" content=\"Tiempo de lectura\" \/>\n\t<meta name=\"twitter:data2\" content=\"1 minuto\" \/>\n<script type=\"application\/ld+json\" class=\"yoast-schema-graph\">{\"@context\":\"https:\/\/schema.org\",\"@graph\":[{\"@type\":\"Article\",\"@id\":\"https:\/\/colegioarquitectos.com\/noticias\/?p=17604#article\",\"isPartOf\":{\"@id\":\"https:\/\/colegioarquitectos.com\/noticias\/?p=17604\"},\"author\":{\"name\":\"Colegio de Arquitectos de Chile\",\"@id\":\"https:\/\/colegioarquitectos.com\/noticias\/#\/schema\/person\/685cc0aad148303c5608f049af8285ad\"},\"headline\":\"Conferencia Fernando P\u00e9rez O.\/ Lanzamiento Libro Umbral Metropolitano\",\"datePublished\":\"2017-05-23T21:59:03+00:00\",\"dateModified\":\"2017-05-23T21:59:03+00:00\",\"mainEntityOfPage\":{\"@id\":\"https:\/\/colegioarquitectos.com\/noticias\/?p=17604\"},\"wordCount\":192,\"publisher\":{\"@id\":\"https:\/\/colegioarquitectos.com\/noticias\/#organization\"},\"image\":{\"@id\":\"https:\/\/colegioarquitectos.com\/noticias\/?p=17604#primaryimage\"},\"thumbnailUrl\":\"https:\/\/colegioarquitectos.com\/noticias\/wp-content\/uploads\/2017\/05\/ARQUC_LOGO-2015.png\",\"articleSection\":[\"Universidades\"],\"inLanguage\":\"es\"},{\"@type\":\"WebPage\",\"@id\":\"https:\/\/colegioarquitectos.com\/noticias\/?p=17604\",\"url\":\"https:\/\/colegioarquitectos.com\/noticias\/?p=17604\",\"name\":\"Conferencia Fernando P\u00e9rez O.\/ Lanzamiento Libro Umbral Metropolitano - COLEGIO DE ARQUITECTOS DE CHILE\",\"isPartOf\":{\"@id\":\"https:\/\/colegioarquitectos.com\/noticias\/#website\"},\"primaryImageOfPage\":{\"@id\":\"https:\/\/colegioarquitectos.com\/noticias\/?p=17604#primaryimage\"},\"image\":{\"@id\":\"https:\/\/colegioarquitectos.com\/noticias\/?p=17604#primaryimage\"},\"thumbnailUrl\":\"https:\/\/colegioarquitectos.com\/noticias\/wp-content\/uploads\/2017\/05\/ARQUC_LOGO-2015.png\",\"datePublished\":\"2017-05-23T21:59:03+00:00\",\"dateModified\":\"2017-05-23T21:59:03+00:00\",\"breadcrumb\":{\"@id\":\"https:\/\/colegioarquitectos.com\/noticias\/?p=17604#breadcrumb\"},\"inLanguage\":\"es\",\"potentialAction\":[{\"@type\":\"ReadAction\",\"target\":[\"https:\/\/colegioarquitectos.com\/noticias\/?p=17604\"]}]},{\"@type\":\"ImageObject\",\"inLanguage\":\"es\",\"@id\":\"https:\/\/colegioarquitectos.com\/noticias\/?p=17604#primaryimage\",\"url\":\"https:\/\/colegioarquitectos.com\/noticias\/wp-content\/uploads\/2017\/05\/ARQUC_LOGO-2015.png\",\"contentUrl\":\"https:\/\/colegioarquitectos.com\/noticias\/wp-content\/uploads\/2017\/05\/ARQUC_LOGO-2015.png\",\"width\":602,\"height\":409},{\"@type\":\"BreadcrumbList\",\"@id\":\"https:\/\/colegioarquitectos.com\/noticias\/?p=17604#breadcrumb\",\"itemListElement\":[{\"@type\":\"ListItem\",\"position\":1,\"name\":\"Portada\",\"item\":\"https:\/\/colegioarquitectos.com\/noticias\"},{\"@type\":\"ListItem\",\"position\":2,\"name\":\"Conferencia Fernando P\u00e9rez O.\/ Lanzamiento Libro Umbral Metropolitano\"}]},{\"@type\":\"WebSite\",\"@id\":\"https:\/\/colegioarquitectos.com\/noticias\/#website\",\"url\":\"https:\/\/colegioarquitectos.com\/noticias\/\",\"name\":\"COLEGIO DE ARQUITECTOS DE CHILE\",\"description\":\"\",\"publisher\":{\"@id\":\"https:\/\/colegioarquitectos.com\/noticias\/#organization\"},\"potentialAction\":[{\"@type\":\"SearchAction\",\"target\":{\"@type\":\"EntryPoint\",\"urlTemplate\":\"https:\/\/colegioarquitectos.com\/noticias\/?s={search_term_string}\"},\"query-input\":{\"@type\":\"PropertyValueSpecification\",\"valueRequired\":true,\"valueName\":\"search_term_string\"}}],\"inLanguage\":\"es\"},{\"@type\":\"Organization\",\"@id\":\"https:\/\/colegioarquitectos.com\/noticias\/#organization\",\"name\":\"COLEGIO DE ARQUITECTOS DE CHILE\",\"url\":\"https:\/\/colegioarquitectos.com\/noticias\/\",\"logo\":{\"@type\":\"ImageObject\",\"inLanguage\":\"es\",\"@id\":\"https:\/\/colegioarquitectos.com\/noticias\/#\/schema\/logo\/image\/\",\"url\":\"https:\/\/colegioarquitectos.com\/noticias\/wp-content\/uploads\/2021\/05\/ENCABEZADO-LOGO-CA.jpg\",\"contentUrl\":\"https:\/\/colegioarquitectos.com\/noticias\/wp-content\/uploads\/2021\/05\/ENCABEZADO-LOGO-CA.jpg\",\"width\":690,\"height\":350,\"caption\":\"COLEGIO DE ARQUITECTOS DE CHILE\"},\"image\":{\"@id\":\"https:\/\/colegioarquitectos.com\/noticias\/#\/schema\/logo\/image\/\"},\"sameAs\":[\"https:\/\/facebook.com\/Colegioarq\/\",\"https:\/\/x.com\/colegioarq\",\"https:\/\/instagram.com\/colegioarq\",\"https:\/\/youtube.com\/@ColegiodeArquitectosdeChile\"]},{\"@type\":\"Person\",\"@id\":\"https:\/\/colegioarquitectos.com\/noticias\/#\/schema\/person\/685cc0aad148303c5608f049af8285ad\",\"name\":\"Colegio de Arquitectos de Chile\",\"url\":\"https:\/\/colegioarquitectos.com\/noticias\/?author=4\"}]}<\/script>\n<!-- \/ Yoast SEO plugin. -->","yoast_head_json":{"title":"Conferencia Fernando P\u00e9rez O.\/ Lanzamiento Libro Umbral Metropolitano - COLEGIO DE ARQUITECTOS DE CHILE","robots":{"index":"index","follow":"follow","max-snippet":"max-snippet:-1","max-image-preview":"max-image-preview:large","max-video-preview":"max-video-preview:-1"},"canonical":"https:\/\/colegioarquitectos.com\/noticias\/?p=17604","og_locale":"es_ES","og_type":"article","og_title":"Conferencia Fernando P\u00e9rez O.\/ Lanzamiento Libro Umbral Metropolitano - COLEGIO DE ARQUITECTOS DE CHILE","og_description":"La Escuela de Arquitectura de la Pontificia Universidad Cat\u00f3lica invita a dos actividades los d\u00edas 30 de mayo y 1 de junio: &nbsp; 1. Conferencia Fernando P\u00e9rez O. En el marco del Diplomado en Patrimonio Cultural Fernando P\u00e9rez O. se &hellip; ver m\u00e1s","og_url":"https:\/\/colegioarquitectos.com\/noticias\/?p=17604","og_site_name":"COLEGIO DE ARQUITECTOS DE CHILE","article_publisher":"https:\/\/facebook.com\/Colegioarq\/","article_published_time":"2017-05-23T21:59:03+00:00","og_image":[{"width":602,"height":409,"url":"https:\/\/colegioarquitectos.com\/noticias\/wp-content\/uploads\/2017\/05\/ARQUC_LOGO-2015.png","type":"image\/png"}],"author":"Colegio de Arquitectos de Chile","twitter_card":"summary_large_image","twitter_creator":"@colegioarq","twitter_site":"@colegioarq","twitter_misc":{"Escrito por":"Colegio de Arquitectos de Chile","Tiempo de lectura":"1 minuto"},"schema":{"@context":"https:\/\/schema.org","@graph":[{"@type":"Article","@id":"https:\/\/colegioarquitectos.com\/noticias\/?p=17604#article","isPartOf":{"@id":"https:\/\/colegioarquitectos.com\/noticias\/?p=17604"},"author":{"name":"Colegio de Arquitectos de Chile","@id":"https:\/\/colegioarquitectos.com\/noticias\/#\/schema\/person\/685cc0aad148303c5608f049af8285ad"},"headline":"Conferencia Fernando P\u00e9rez O.\/ Lanzamiento Libro Umbral Metropolitano","datePublished":"2017-05-23T21:59:03+00:00","dateModified":"2017-05-23T21:59:03+00:00","mainEntityOfPage":{"@id":"https:\/\/colegioarquitectos.com\/noticias\/?p=17604"},"wordCount":192,"publisher":{"@id":"https:\/\/colegioarquitectos.com\/noticias\/#organization"},"image":{"@id":"https:\/\/colegioarquitectos.com\/noticias\/?p=17604#primaryimage"},"thumbnailUrl":"https:\/\/colegioarquitectos.com\/noticias\/wp-content\/uploads\/2017\/05\/ARQUC_LOGO-2015.png","articleSection":["Universidades"],"inLanguage":"es"},{"@type":"WebPage","@id":"https:\/\/colegioarquitectos.com\/noticias\/?p=17604","url":"https:\/\/colegioarquitectos.com\/noticias\/?p=17604","name":"Conferencia Fernando P\u00e9rez O.\/ Lanzamiento Libro Umbral Metropolitano - COLEGIO DE ARQUITECTOS DE CHILE","isPartOf":{"@id":"https:\/\/colegioarquitectos.com\/noticias\/#website"},"primaryImageOfPage":{"@id":"https:\/\/colegioarquitectos.com\/noticias\/?p=17604#primaryimage"},"image":{"@id":"https:\/\/colegioarquitectos.com\/noticias\/?p=17604#primaryimage"},"thumbnailUrl":"https:\/\/colegioarquitectos.com\/noticias\/wp-content\/uploads\/2017\/05\/ARQUC_LOGO-2015.png","datePublished":"2017-05-23T21:59:03+00:00","dateModified":"2017-05-23T21:59:03+00:00","breadcrumb":{"@id":"https:\/\/colegioarquitectos.com\/noticias\/?p=17604#breadcrumb"},"inLanguage":"es","potentialAction":[{"@type":"ReadAction","target":["https:\/\/colegioarquitectos.com\/noticias\/?p=17604"]}]},{"@type":"ImageObject","inLanguage":"es","@id":"https:\/\/colegioarquitectos.com\/noticias\/?p=17604#primaryimage","url":"https:\/\/colegioarquitectos.com\/noticias\/wp-content\/uploads\/2017\/05\/ARQUC_LOGO-2015.png","contentUrl":"https:\/\/colegioarquitectos.com\/noticias\/wp-content\/uploads\/2017\/05\/ARQUC_LOGO-2015.png","width":602,"height":409},{"@type":"BreadcrumbList","@id":"https:\/\/colegioarquitectos.com\/noticias\/?p=17604#breadcrumb","itemListElement":[{"@type":"ListItem","position":1,"name":"Portada","item":"https:\/\/colegioarquitectos.com\/noticias"},{"@type":"ListItem","position":2,"name":"Conferencia Fernando P\u00e9rez O.\/ Lanzamiento Libro Umbral Metropolitano"}]},{"@type":"WebSite","@id":"https:\/\/colegioarquitectos.com\/noticias\/#website","url":"https:\/\/colegioarquitectos.com\/noticias\/","name":"COLEGIO DE ARQUITECTOS DE CHILE","description":"","publisher":{"@id":"https:\/\/colegioarquitectos.com\/noticias\/#organization"},"potentialAction":[{"@type":"SearchAction","target":{"@type":"EntryPoint","urlTemplate":"https:\/\/colegioarquitectos.com\/noticias\/?s={search_term_string}"},"query-input":{"@type":"PropertyValueSpecification","valueRequired":true,"valueName":"search_term_string"}}],"inLanguage":"es"},{"@type":"Organization","@id":"https:\/\/colegioarquitectos.com\/noticias\/#organization","name":"COLEGIO DE ARQUITECTOS DE CHILE","url":"https:\/\/colegioarquitectos.com\/noticias\/","logo":{"@type":"ImageObject","inLanguage":"es","@id":"https:\/\/colegioarquitectos.com\/noticias\/#\/schema\/logo\/image\/","url":"https:\/\/colegioarquitectos.com\/noticias\/wp-content\/uploads\/2021\/05\/ENCABEZADO-LOGO-CA.jpg","contentUrl":"https:\/\/colegioarquitectos.com\/noticias\/wp-content\/uploads\/2021\/05\/ENCABEZADO-LOGO-CA.jpg","width":690,"height":350,"caption":"COLEGIO DE ARQUITECTOS DE CHILE"},"image":{"@id":"https:\/\/colegioarquitectos.com\/noticias\/#\/schema\/logo\/image\/"},"sameAs":["https:\/\/facebook.com\/Colegioarq\/","https:\/\/x.com\/colegioarq","https:\/\/instagram.com\/colegioarq","https:\/\/youtube.com\/@ColegiodeArquitectosdeChile"]},{"@type":"Person","@id":"https:\/\/colegioarquitectos.com\/noticias\/#\/schema\/person\/685cc0aad148303c5608f049af8285ad","name":"Colegio de Arquitectos de Chile","url":"https:\/\/colegioarquitectos.com\/noticias\/?author=4"}]}},"_links":{"self":[{"href":"https:\/\/colegioarquitectos.com\/noticias\/index.php?rest_route=\/wp\/v2\/posts\/17604","targetHints":{"allow":["GET"]}}],"collection":[{"href":"https:\/\/colegioarquitectos.com\/noticias\/index.php?rest_route=\/wp\/v2\/posts"}],"about":[{"href":"https:\/\/colegioarquitectos.com\/noticias\/index.php?rest_route=\/wp\/v2\/types\/post"}],"author":[{"embeddable":true,"href":"https:\/\/colegioarquitectos.com\/noticias\/index.php?rest_route=\/wp\/v2\/users\/4"}],"replies":[{"embeddable":true,"href":"https:\/\/colegioarquitectos.com\/noticias\/index.php?rest_route=%2Fwp%2Fv2%2Fcomments&post=17604"}],"version-history":[{"count":0,"href":"https:\/\/colegioarquitectos.com\/noticias\/index.php?rest_route=\/wp\/v2\/posts\/17604\/revisions"}],"wp:featuredmedia":[{"embeddable":true,"href":"https:\/\/colegioarquitectos.com\/noticias\/index.php?rest_route=\/wp\/v2\/media\/17609"}],"wp:attachment":[{"href":"https:\/\/colegioarquitectos.com\/noticias\/index.php?rest_route=%2Fwp%2Fv2%2Fmedia&parent=17604"}],"wp:term":[{"taxonomy":"category","embeddable":true,"href":"https:\/\/colegioarquitectos.com\/noticias\/index.php?rest_route=%2Fwp%2Fv2%2Fcategories&post=17604"},{"taxonomy":"post_tag","embeddable":true,"href":"https:\/\/colegioarquitectos.com\/noticias\/index.php?rest_route=%2Fwp%2Fv2%2Ftags&post=17604"}],"curies":[{"name":"wp","href":"https:\/\/api.w.org\/{rel}","templated":true}]}}