
{"id":17611,"date":"2017-05-13T16:42:36","date_gmt":"2017-05-13T16:42:36","guid":{"rendered":"http:\/\/colegioarquitectos.com\/?p=17611"},"modified":"2017-05-24T16:51:20","modified_gmt":"2017-05-24T16:51:20","slug":"edward-rojas-recibe-premio-nacional-de-arquitectura-2016","status":"publish","type":"post","link":"https:\/\/colegioarquitectos.com\/noticias\/?p=17611","title":{"rendered":"Edward Rojas recibe Premio Nacional de Arquitectura 2016"},"content":{"rendered":"<p><em>El Centro Cultural Gabriela Mistral de Santiago fue el escenario para que Edward Rojas recibiera el\u00a0 galard\u00f3n y diploma que lo acredita como Premio Nacional de Arquitectura 2016, coronando de este modo una trayectoria profesional que alcanza las cuatro d\u00e9cadas.<\/em><\/p>\n<p><em>\u00a0<\/em>Chilo\u00e9 y su identidad. Chilo\u00e9 y su patrimonio. Chilo\u00e9 y su arquitectura. Estas parecieran ser las razones que atrajeron a Edward Rojas al Archipi\u00e9lago hace 40 a\u00f1os y que, maravillado por el clima, la naturaleza, su singular arquitectura, permitieron hacer de \u00e9ste su hogar. Una historia que fue presentada como una clase magistral titulada \u201c<a href=\"http:\/\/www.plataformaarquitectura.cl\/cl\/871376\/edward-rojas-premio-nacional-de-arquitectura-2016-necesitamos-recuperar-la-tuicion-etica-del-ejercicio-de-nuestra-profesion\">El collage: amalgama de la arquitectura del lugar\u201d (lee aqu\u00ed la clase magistral completa<\/a>), el d\u00eda viernes 12 de mayo en el Centro Cultural Gabriela Mistral (GAM), ocasi\u00f3n en que se hizo oficial su nombramiento como Premio Nacional de Arquitectura.<\/p>\n<p>Pilar Urrejola, Presidenta del Colegio de Arquitectos de Chile, fue quien hizo entrega del diploma y de una escultura del renombrado artista visual Iv\u00e1n Daiber, y quien destac\u00f3 parte de la trayectoria del arquitecto y de las razones que pesaron para ser merecedor reconocimiento.<\/p>\n<p><img loading=\"lazy\" decoding=\"async\" class=\"alignnone wp-image-17613 \" src=\"http:\/\/colegioarquitectos.com\/noticias\/wp-content\/uploads\/2017\/05\/MG_6881-1.jpg\" alt=\"\" width=\"456\" height=\"309\" srcset=\"https:\/\/colegioarquitectos.com\/noticias\/wp-content\/uploads\/2017\/05\/MG_6881-1.jpg 800w, https:\/\/colegioarquitectos.com\/noticias\/wp-content\/uploads\/2017\/05\/MG_6881-1-300x203.jpg 300w, https:\/\/colegioarquitectos.com\/noticias\/wp-content\/uploads\/2017\/05\/MG_6881-1-768x520.jpg 768w\" sizes=\"auto, (max-width: 456px) 100vw, 456px\" \/><\/p>\n<p>&nbsp;<\/p>\n<p>\u201cRecibir el Premio Nacional de Arquitectura significa un gran orgullo y un honor, porque \u00e9ste es entregado por mis pares, que reconocen una labor y una obra que es parte de un proceso cultural que ha puesto en valor el patrimonio, la cultura y la arquitectura contempor\u00e1nea\u201d, expres\u00f3 el arquitecto.<\/p>\n<p>A su vez destac\u00f3 que este premio \u201csignifica tambi\u00e9n la enorme responsabilidad de ser parte de un grupo selecto de arquitectos chilenos que a lo largo de la historia han hecho una importante contribuci\u00f3n al pa\u00eds. Lo que me compromete en seguir desarrollando una obra sustentable y pertinente, y aportando mi experiencia en la orientaci\u00f3n y formaci\u00f3n de los arquitectos del futuro\u201d.<\/p>\n<p>&nbsp;<\/p>\n<p><img loading=\"lazy\" decoding=\"async\" class=\"alignnone wp-image-17615 \" src=\"http:\/\/colegioarquitectos.com\/noticias\/wp-content\/uploads\/2017\/05\/MG_6911.jpg\" alt=\"\" width=\"473\" height=\"315\" srcset=\"https:\/\/colegioarquitectos.com\/noticias\/wp-content\/uploads\/2017\/05\/MG_6911.jpg 800w, https:\/\/colegioarquitectos.com\/noticias\/wp-content\/uploads\/2017\/05\/MG_6911-300x200.jpg 300w, https:\/\/colegioarquitectos.com\/noticias\/wp-content\/uploads\/2017\/05\/MG_6911-768x512.jpg 768w\" sizes=\"auto, (max-width: 473px) 100vw, 473px\" \/><\/p>\n<p><img loading=\"lazy\" decoding=\"async\" class=\"alignnone wp-image-17614 \" src=\"http:\/\/colegioarquitectos.com\/noticias\/wp-content\/uploads\/2017\/05\/MG_6899-1.jpg\" alt=\"\" width=\"473\" height=\"315\" srcset=\"https:\/\/colegioarquitectos.com\/noticias\/wp-content\/uploads\/2017\/05\/MG_6899-1.jpg 800w, https:\/\/colegioarquitectos.com\/noticias\/wp-content\/uploads\/2017\/05\/MG_6899-1-300x200.jpg 300w, https:\/\/colegioarquitectos.com\/noticias\/wp-content\/uploads\/2017\/05\/MG_6899-1-768x512.jpg 768w\" sizes=\"auto, (max-width: 473px) 100vw, 473px\" \/><\/p>\n<p>&nbsp;<\/p>\n<p><strong>\u201cDIALOGOS IMPOSTERGABLES\u201d<\/strong><\/p>\n<p>La ceremonia de entrega del Premio Nacional de Arquitectura 2016, estuvo enmarcada en el lanzamiento de la 20\u00b0 Bienal de Arquitectura y Urbanismo\u00a0 titulada \u201cDi\u00e1logos impostergables\u201d, iniciativa del Colegio de Arquitectos de Chile en colaboraci\u00f3n con la Asociaci\u00f3n de Oficinas de Arquitectos y la Red de Escuelas de Arquitectura y Urbanismo de Chile.<\/p>\n<p>Este evento, que tendr\u00e1 su sede en Valpara\u00edso, adem\u00e1s de actividades en otros puntos del pa\u00eds y fuera de Chile, se realizar\u00e1 en el mes de octubre.\u00a0 A diferencia de a\u00f1os anteriores, esta bienal cuenta con un equipo curatorial que, durante la ceremonia, expuso los temas que se trabajar\u00e1n a los presentes en el Centro Cultural Gabriela Mistral, p\u00fablico en el que se encontraban Paulina Saball, Ministra de Vivienda y Urbanismo; Claudia Silva, Directora Nacional de Arquitectura del Ministerio de Obras P\u00fablicas, y Pablo Larra\u00edn, Presidente de la Asociaci\u00f3n de Oficinas de Arquitectos de Chile.<\/p>\n<p><\/p>","protected":false},"excerpt":{"rendered":"<p>El Centro Cultural Gabriela Mistral de Santiago fue el escenario para que Edward Rojas recibiera el\u00a0 galard\u00f3n y diploma que lo acredita como Premio Nacional de Arquitectura 2016, coronando de este modo una trayectoria profesional que alcanza las cuatro d\u00e9cadas. &hellip; <a class=\"more-link\" href=\"https:\/\/colegioarquitectos.com\/noticias\/?p=17611\">ver m\u00e1s<\/a><\/p>","protected":false},"author":4,"featured_media":17612,"comment_status":"closed","ping_status":"closed","sticky":false,"template":"","format":"standard","meta":{"footnotes":""},"categories":[10],"tags":[],"class_list":["post-17611","post","type-post","status-publish","format-standard","has-post-thumbnail","hentry","category-delegaciones-zonales"],"yoast_head":"<!-- This site is optimized with the Yoast SEO plugin v24.2 - https:\/\/yoast.com\/wordpress\/plugins\/seo\/ -->\n<title>Edward Rojas recibe Premio Nacional de Arquitectura 2016 - COLEGIO DE ARQUITECTOS DE CHILE<\/title>\n<meta name=\"robots\" content=\"index, follow, max-snippet:-1, max-image-preview:large, max-video-preview:-1\" \/>\n<link rel=\"canonical\" href=\"https:\/\/colegioarquitectos.com\/noticias\/?p=17611\" \/>\n<meta property=\"og:locale\" content=\"es_ES\" \/>\n<meta property=\"og:type\" content=\"article\" \/>\n<meta property=\"og:title\" content=\"Edward Rojas recibe Premio Nacional de Arquitectura 2016 - COLEGIO DE ARQUITECTOS DE CHILE\" \/>\n<meta property=\"og:description\" content=\"El Centro Cultural Gabriela Mistral de Santiago fue el escenario para que Edward Rojas recibiera el\u00a0 galard\u00f3n y diploma que lo acredita como Premio Nacional de Arquitectura 2016, coronando de este modo una trayectoria profesional que alcanza las cuatro d\u00e9cadas. &hellip; ver m\u00e1s\" \/>\n<meta property=\"og:url\" content=\"https:\/\/colegioarquitectos.com\/noticias\/?p=17611\" \/>\n<meta property=\"og:site_name\" content=\"COLEGIO DE ARQUITECTOS DE CHILE\" \/>\n<meta property=\"article:publisher\" content=\"https:\/\/facebook.com\/Colegioarq\/\" \/>\n<meta property=\"article:published_time\" content=\"2017-05-13T16:42:36+00:00\" \/>\n<meta property=\"article:modified_time\" content=\"2017-05-24T16:51:20+00:00\" \/>\n<meta property=\"og:image\" content=\"https:\/\/colegioarquitectos.com\/noticias\/wp-content\/uploads\/2017\/05\/Edward-Rojas-Premio-Nacional-de-Arquitectura.jpg\" \/>\n\t<meta property=\"og:image:width\" content=\"690\" \/>\n\t<meta property=\"og:image:height\" content=\"350\" \/>\n\t<meta property=\"og:image:type\" content=\"image\/jpeg\" \/>\n<meta name=\"author\" content=\"Colegio de Arquitectos de Chile\" \/>\n<meta name=\"twitter:card\" content=\"summary_large_image\" \/>\n<meta name=\"twitter:creator\" content=\"@colegioarq\" \/>\n<meta name=\"twitter:site\" content=\"@colegioarq\" \/>\n<meta name=\"twitter:label1\" content=\"Escrito por\" \/>\n\t<meta name=\"twitter:data1\" content=\"Colegio de Arquitectos de Chile\" \/>\n\t<meta name=\"twitter:label2\" content=\"Tiempo de lectura\" \/>\n\t<meta name=\"twitter:data2\" content=\"2 minutos\" \/>\n<script type=\"application\/ld+json\" class=\"yoast-schema-graph\">{\"@context\":\"https:\/\/schema.org\",\"@graph\":[{\"@type\":\"Article\",\"@id\":\"https:\/\/colegioarquitectos.com\/noticias\/?p=17611#article\",\"isPartOf\":{\"@id\":\"https:\/\/colegioarquitectos.com\/noticias\/?p=17611\"},\"author\":{\"name\":\"Colegio de Arquitectos de Chile\",\"@id\":\"https:\/\/colegioarquitectos.com\/noticias\/#\/schema\/person\/685cc0aad148303c5608f049af8285ad\"},\"headline\":\"Edward Rojas recibe Premio Nacional de Arquitectura 2016\",\"datePublished\":\"2017-05-13T16:42:36+00:00\",\"dateModified\":\"2017-05-24T16:51:20+00:00\",\"mainEntityOfPage\":{\"@id\":\"https:\/\/colegioarquitectos.com\/noticias\/?p=17611\"},\"wordCount\":470,\"publisher\":{\"@id\":\"https:\/\/colegioarquitectos.com\/noticias\/#organization\"},\"image\":{\"@id\":\"https:\/\/colegioarquitectos.com\/noticias\/?p=17611#primaryimage\"},\"thumbnailUrl\":\"https:\/\/colegioarquitectos.com\/noticias\/wp-content\/uploads\/2017\/05\/Edward-Rojas-Premio-Nacional-de-Arquitectura.jpg\",\"articleSection\":[\"Delegaciones\"],\"inLanguage\":\"es\"},{\"@type\":\"WebPage\",\"@id\":\"https:\/\/colegioarquitectos.com\/noticias\/?p=17611\",\"url\":\"https:\/\/colegioarquitectos.com\/noticias\/?p=17611\",\"name\":\"Edward Rojas recibe Premio Nacional de Arquitectura 2016 - COLEGIO DE ARQUITECTOS DE CHILE\",\"isPartOf\":{\"@id\":\"https:\/\/colegioarquitectos.com\/noticias\/#website\"},\"primaryImageOfPage\":{\"@id\":\"https:\/\/colegioarquitectos.com\/noticias\/?p=17611#primaryimage\"},\"image\":{\"@id\":\"https:\/\/colegioarquitectos.com\/noticias\/?p=17611#primaryimage\"},\"thumbnailUrl\":\"https:\/\/colegioarquitectos.com\/noticias\/wp-content\/uploads\/2017\/05\/Edward-Rojas-Premio-Nacional-de-Arquitectura.jpg\",\"datePublished\":\"2017-05-13T16:42:36+00:00\",\"dateModified\":\"2017-05-24T16:51:20+00:00\",\"breadcrumb\":{\"@id\":\"https:\/\/colegioarquitectos.com\/noticias\/?p=17611#breadcrumb\"},\"inLanguage\":\"es\",\"potentialAction\":[{\"@type\":\"ReadAction\",\"target\":[\"https:\/\/colegioarquitectos.com\/noticias\/?p=17611\"]}]},{\"@type\":\"ImageObject\",\"inLanguage\":\"es\",\"@id\":\"https:\/\/colegioarquitectos.com\/noticias\/?p=17611#primaryimage\",\"url\":\"https:\/\/colegioarquitectos.com\/noticias\/wp-content\/uploads\/2017\/05\/Edward-Rojas-Premio-Nacional-de-Arquitectura.jpg\",\"contentUrl\":\"https:\/\/colegioarquitectos.com\/noticias\/wp-content\/uploads\/2017\/05\/Edward-Rojas-Premio-Nacional-de-Arquitectura.jpg\",\"width\":690,\"height\":350},{\"@type\":\"BreadcrumbList\",\"@id\":\"https:\/\/colegioarquitectos.com\/noticias\/?p=17611#breadcrumb\",\"itemListElement\":[{\"@type\":\"ListItem\",\"position\":1,\"name\":\"Portada\",\"item\":\"https:\/\/colegioarquitectos.com\/noticias\"},{\"@type\":\"ListItem\",\"position\":2,\"name\":\"Edward Rojas recibe Premio Nacional de Arquitectura 2016\"}]},{\"@type\":\"WebSite\",\"@id\":\"https:\/\/colegioarquitectos.com\/noticias\/#website\",\"url\":\"https:\/\/colegioarquitectos.com\/noticias\/\",\"name\":\"COLEGIO DE ARQUITECTOS DE CHILE\",\"description\":\"\",\"publisher\":{\"@id\":\"https:\/\/colegioarquitectos.com\/noticias\/#organization\"},\"potentialAction\":[{\"@type\":\"SearchAction\",\"target\":{\"@type\":\"EntryPoint\",\"urlTemplate\":\"https:\/\/colegioarquitectos.com\/noticias\/?s={search_term_string}\"},\"query-input\":{\"@type\":\"PropertyValueSpecification\",\"valueRequired\":true,\"valueName\":\"search_term_string\"}}],\"inLanguage\":\"es\"},{\"@type\":\"Organization\",\"@id\":\"https:\/\/colegioarquitectos.com\/noticias\/#organization\",\"name\":\"COLEGIO DE ARQUITECTOS DE CHILE\",\"url\":\"https:\/\/colegioarquitectos.com\/noticias\/\",\"logo\":{\"@type\":\"ImageObject\",\"inLanguage\":\"es\",\"@id\":\"https:\/\/colegioarquitectos.com\/noticias\/#\/schema\/logo\/image\/\",\"url\":\"https:\/\/colegioarquitectos.com\/noticias\/wp-content\/uploads\/2021\/05\/ENCABEZADO-LOGO-CA.jpg\",\"contentUrl\":\"https:\/\/colegioarquitectos.com\/noticias\/wp-content\/uploads\/2021\/05\/ENCABEZADO-LOGO-CA.jpg\",\"width\":690,\"height\":350,\"caption\":\"COLEGIO DE ARQUITECTOS DE CHILE\"},\"image\":{\"@id\":\"https:\/\/colegioarquitectos.com\/noticias\/#\/schema\/logo\/image\/\"},\"sameAs\":[\"https:\/\/facebook.com\/Colegioarq\/\",\"https:\/\/x.com\/colegioarq\",\"https:\/\/instagram.com\/colegioarq\",\"https:\/\/youtube.com\/@ColegiodeArquitectosdeChile\"]},{\"@type\":\"Person\",\"@id\":\"https:\/\/colegioarquitectos.com\/noticias\/#\/schema\/person\/685cc0aad148303c5608f049af8285ad\",\"name\":\"Colegio de Arquitectos de Chile\",\"url\":\"https:\/\/colegioarquitectos.com\/noticias\/?author=4\"}]}<\/script>\n<!-- \/ Yoast SEO plugin. -->","yoast_head_json":{"title":"Edward Rojas recibe Premio Nacional de Arquitectura 2016 - COLEGIO DE ARQUITECTOS DE CHILE","robots":{"index":"index","follow":"follow","max-snippet":"max-snippet:-1","max-image-preview":"max-image-preview:large","max-video-preview":"max-video-preview:-1"},"canonical":"https:\/\/colegioarquitectos.com\/noticias\/?p=17611","og_locale":"es_ES","og_type":"article","og_title":"Edward Rojas recibe Premio Nacional de Arquitectura 2016 - COLEGIO DE ARQUITECTOS DE CHILE","og_description":"El Centro Cultural Gabriela Mistral de Santiago fue el escenario para que Edward Rojas recibiera el\u00a0 galard\u00f3n y diploma que lo acredita como Premio Nacional de Arquitectura 2016, coronando de este modo una trayectoria profesional que alcanza las cuatro d\u00e9cadas. &hellip; ver m\u00e1s","og_url":"https:\/\/colegioarquitectos.com\/noticias\/?p=17611","og_site_name":"COLEGIO DE ARQUITECTOS DE CHILE","article_publisher":"https:\/\/facebook.com\/Colegioarq\/","article_published_time":"2017-05-13T16:42:36+00:00","article_modified_time":"2017-05-24T16:51:20+00:00","og_image":[{"width":690,"height":350,"url":"https:\/\/colegioarquitectos.com\/noticias\/wp-content\/uploads\/2017\/05\/Edward-Rojas-Premio-Nacional-de-Arquitectura.jpg","type":"image\/jpeg"}],"author":"Colegio de Arquitectos de Chile","twitter_card":"summary_large_image","twitter_creator":"@colegioarq","twitter_site":"@colegioarq","twitter_misc":{"Escrito por":"Colegio de Arquitectos de Chile","Tiempo de lectura":"2 minutos"},"schema":{"@context":"https:\/\/schema.org","@graph":[{"@type":"Article","@id":"https:\/\/colegioarquitectos.com\/noticias\/?p=17611#article","isPartOf":{"@id":"https:\/\/colegioarquitectos.com\/noticias\/?p=17611"},"author":{"name":"Colegio de Arquitectos de Chile","@id":"https:\/\/colegioarquitectos.com\/noticias\/#\/schema\/person\/685cc0aad148303c5608f049af8285ad"},"headline":"Edward Rojas recibe Premio Nacional de Arquitectura 2016","datePublished":"2017-05-13T16:42:36+00:00","dateModified":"2017-05-24T16:51:20+00:00","mainEntityOfPage":{"@id":"https:\/\/colegioarquitectos.com\/noticias\/?p=17611"},"wordCount":470,"publisher":{"@id":"https:\/\/colegioarquitectos.com\/noticias\/#organization"},"image":{"@id":"https:\/\/colegioarquitectos.com\/noticias\/?p=17611#primaryimage"},"thumbnailUrl":"https:\/\/colegioarquitectos.com\/noticias\/wp-content\/uploads\/2017\/05\/Edward-Rojas-Premio-Nacional-de-Arquitectura.jpg","articleSection":["Delegaciones"],"inLanguage":"es"},{"@type":"WebPage","@id":"https:\/\/colegioarquitectos.com\/noticias\/?p=17611","url":"https:\/\/colegioarquitectos.com\/noticias\/?p=17611","name":"Edward Rojas recibe Premio Nacional de Arquitectura 2016 - COLEGIO DE ARQUITECTOS DE CHILE","isPartOf":{"@id":"https:\/\/colegioarquitectos.com\/noticias\/#website"},"primaryImageOfPage":{"@id":"https:\/\/colegioarquitectos.com\/noticias\/?p=17611#primaryimage"},"image":{"@id":"https:\/\/colegioarquitectos.com\/noticias\/?p=17611#primaryimage"},"thumbnailUrl":"https:\/\/colegioarquitectos.com\/noticias\/wp-content\/uploads\/2017\/05\/Edward-Rojas-Premio-Nacional-de-Arquitectura.jpg","datePublished":"2017-05-13T16:42:36+00:00","dateModified":"2017-05-24T16:51:20+00:00","breadcrumb":{"@id":"https:\/\/colegioarquitectos.com\/noticias\/?p=17611#breadcrumb"},"inLanguage":"es","potentialAction":[{"@type":"ReadAction","target":["https:\/\/colegioarquitectos.com\/noticias\/?p=17611"]}]},{"@type":"ImageObject","inLanguage":"es","@id":"https:\/\/colegioarquitectos.com\/noticias\/?p=17611#primaryimage","url":"https:\/\/colegioarquitectos.com\/noticias\/wp-content\/uploads\/2017\/05\/Edward-Rojas-Premio-Nacional-de-Arquitectura.jpg","contentUrl":"https:\/\/colegioarquitectos.com\/noticias\/wp-content\/uploads\/2017\/05\/Edward-Rojas-Premio-Nacional-de-Arquitectura.jpg","width":690,"height":350},{"@type":"BreadcrumbList","@id":"https:\/\/colegioarquitectos.com\/noticias\/?p=17611#breadcrumb","itemListElement":[{"@type":"ListItem","position":1,"name":"Portada","item":"https:\/\/colegioarquitectos.com\/noticias"},{"@type":"ListItem","position":2,"name":"Edward Rojas recibe Premio Nacional de Arquitectura 2016"}]},{"@type":"WebSite","@id":"https:\/\/colegioarquitectos.com\/noticias\/#website","url":"https:\/\/colegioarquitectos.com\/noticias\/","name":"COLEGIO DE ARQUITECTOS DE CHILE","description":"","publisher":{"@id":"https:\/\/colegioarquitectos.com\/noticias\/#organization"},"potentialAction":[{"@type":"SearchAction","target":{"@type":"EntryPoint","urlTemplate":"https:\/\/colegioarquitectos.com\/noticias\/?s={search_term_string}"},"query-input":{"@type":"PropertyValueSpecification","valueRequired":true,"valueName":"search_term_string"}}],"inLanguage":"es"},{"@type":"Organization","@id":"https:\/\/colegioarquitectos.com\/noticias\/#organization","name":"COLEGIO DE ARQUITECTOS DE CHILE","url":"https:\/\/colegioarquitectos.com\/noticias\/","logo":{"@type":"ImageObject","inLanguage":"es","@id":"https:\/\/colegioarquitectos.com\/noticias\/#\/schema\/logo\/image\/","url":"https:\/\/colegioarquitectos.com\/noticias\/wp-content\/uploads\/2021\/05\/ENCABEZADO-LOGO-CA.jpg","contentUrl":"https:\/\/colegioarquitectos.com\/noticias\/wp-content\/uploads\/2021\/05\/ENCABEZADO-LOGO-CA.jpg","width":690,"height":350,"caption":"COLEGIO DE ARQUITECTOS DE CHILE"},"image":{"@id":"https:\/\/colegioarquitectos.com\/noticias\/#\/schema\/logo\/image\/"},"sameAs":["https:\/\/facebook.com\/Colegioarq\/","https:\/\/x.com\/colegioarq","https:\/\/instagram.com\/colegioarq","https:\/\/youtube.com\/@ColegiodeArquitectosdeChile"]},{"@type":"Person","@id":"https:\/\/colegioarquitectos.com\/noticias\/#\/schema\/person\/685cc0aad148303c5608f049af8285ad","name":"Colegio de Arquitectos de Chile","url":"https:\/\/colegioarquitectos.com\/noticias\/?author=4"}]}},"_links":{"self":[{"href":"https:\/\/colegioarquitectos.com\/noticias\/index.php?rest_route=\/wp\/v2\/posts\/17611","targetHints":{"allow":["GET"]}}],"collection":[{"href":"https:\/\/colegioarquitectos.com\/noticias\/index.php?rest_route=\/wp\/v2\/posts"}],"about":[{"href":"https:\/\/colegioarquitectos.com\/noticias\/index.php?rest_route=\/wp\/v2\/types\/post"}],"author":[{"embeddable":true,"href":"https:\/\/colegioarquitectos.com\/noticias\/index.php?rest_route=\/wp\/v2\/users\/4"}],"replies":[{"embeddable":true,"href":"https:\/\/colegioarquitectos.com\/noticias\/index.php?rest_route=%2Fwp%2Fv2%2Fcomments&post=17611"}],"version-history":[{"count":0,"href":"https:\/\/colegioarquitectos.com\/noticias\/index.php?rest_route=\/wp\/v2\/posts\/17611\/revisions"}],"wp:featuredmedia":[{"embeddable":true,"href":"https:\/\/colegioarquitectos.com\/noticias\/index.php?rest_route=\/wp\/v2\/media\/17612"}],"wp:attachment":[{"href":"https:\/\/colegioarquitectos.com\/noticias\/index.php?rest_route=%2Fwp%2Fv2%2Fmedia&parent=17611"}],"wp:term":[{"taxonomy":"category","embeddable":true,"href":"https:\/\/colegioarquitectos.com\/noticias\/index.php?rest_route=%2Fwp%2Fv2%2Fcategories&post=17611"},{"taxonomy":"post_tag","embeddable":true,"href":"https:\/\/colegioarquitectos.com\/noticias\/index.php?rest_route=%2Fwp%2Fv2%2Ftags&post=17611"}],"curies":[{"name":"wp","href":"https:\/\/api.w.org\/{rel}","templated":true}]}}