
{"id":18068,"date":"2017-08-21T14:28:51","date_gmt":"2017-08-21T14:28:51","guid":{"rendered":"http:\/\/colegioarquitectos.com\/?p=18068"},"modified":"2017-08-29T15:47:41","modified_gmt":"2017-08-29T15:47:41","slug":"la-tercera-la-apuesta-internacional-de-la-bienal-de-arquitectura","status":"publish","type":"post","link":"https:\/\/colegioarquitectos.com\/noticias\/?p=18068","title":{"rendered":"La Tercera: La apuesta internacional de la XX Bienal"},"content":{"rendered":"<p>Por primera vez el evento que parte el 26 de octubre en Valpara\u00edso trae proyectos de autores de reconocimiento mundial, como Alejandro Aravena, Michael Wang y Diller, Scofidio+Renfro.<\/p>\n<p>Despu\u00e9s de la pol\u00e9mica inauguraci\u00f3n de 2015, que incluy\u00f3 manifestaciones p\u00fablicas de vecinos contra el proyecto inmobiliario en el Cerro Bar\u00f3n, de Mathias Klotz, se intu\u00eda que algo hab\u00eda cambiado para siempre en la historia de la Bienal de Arquitectura y Urbanismo local. De alguna forma, esa versi\u00f3n, que por primera vez se mov\u00eda de Santiago a regiones, abri\u00f3 la puerta a un encuentro m\u00e1s cercano al p\u00fablico, que result\u00f3 en un asistencia in\u00e9dita de 30 mil personas. \u201cHasta hace unos a\u00f1os la bienal a\u00fan era un entusiasmo de los arquitectos, pero eso se ha ido ampliando cada vez en m\u00e1s un encuentro entre la ciudadan\u00eda y los arquitectos\u201d, dec\u00eda Pilar Urrejola, presidenta del Colegio de Arquitectos, organismo a cargo del evento que este a\u00f1o regresar\u00e1 al Parque Cultural Valpara\u00edso (PCV), del 26 de octubre al 9 de noviembre con el lema Di\u00e1logos Impostergables.<\/p>\n<p>Este a\u00f1o, bajo la curator\u00eda general de Felipe Vera, la bienal apunta a dos frentes que aspiran a consolidar su car\u00e1cter ciudadano: darle espacio a grupos sociales por lo general marginados del debate, como pueblos ind\u00edgenas, inmigrantes y activistas sociales, y adem\u00e1s invitar a autores de nivel internacional a la muestra central.<\/p>\n<p>De este \u00faltimo \u00edtem est\u00e1 a cargo el arquitecto y curador Rodrigo Tisi, quien lider\u00f3 en 2010 SCL, emblem\u00e1tica muestra en el MAC que invitaba a proyectar la ciudad en 100 a\u00f1os, y quien ahora adelanta los proyectos internacionales que por primera vez se dar\u00e1n cita en la bienal local con versiones renovadas. Adem\u00e1s, la mayor\u00eda de los autores dar\u00e1 conferencias.<\/p>\n<p>La curator\u00eda de Tisi responde a los siete grandes temas del encuentro: comunidad, integraci\u00f3n, participaci\u00f3n, vulnerabilidad, recursos, identidad y futuro. \u201cEn ese sentido fuimos a buscar trabajos a bienales que no son s\u00f3lo de arquitectura, sino que van m\u00e1s all\u00e1 y abordan temas que son relevantes hoy, como el cambio clim\u00e1tico, la cultura y la inmigraci\u00f3n\u201d, dice el arquitecto.<\/p>\n<p>Entre los autores invitados hay nombres locales de reconocimiento mundial. Uno de ellos es el artista Alfredo Jaar, quien reeditar\u00e1 Estudios sobre la felicidad, una de sus obras seminales de los 80 antes de radicarse en EEUU, donde a trav\u00e9s de instalaciones fotogr\u00e1ficas urbanas hac\u00eda preguntas entre simples y controvertidas en pleno r\u00e9gimen militar, como \u00bfEs usted feliz?<\/p>\n<p>Tambi\u00e9n estar\u00e1 el Pritzker chileno Alejandro Aravena, quien dirigi\u00f3 la Bienal de Arquitectura de Venecia en 2016, y ahora presentar\u00e1 junto a su oficina Elemental el proyecto Somos Choapa: en alianza con Minera los Pelambres han desarrollado desde 2013 diversos programas de infraestructura, espacio p\u00fablico y otras actividades ciudadanas en la regi\u00f3n. En el PCV exhibir\u00e1n 60 iniciativas e instalar\u00e1n un juego para ni\u00f1os que incentiva el uso de las \u00e1reas verdes y que tras la bienal ser\u00e1 trasladado a Los Vilos.<\/p>\n<p>Entre los extranjeros invitados destaca la oficina Diller, Scofidio + Renfro, radicada en Nueva York, que trae a Valpara\u00edso la instalaci\u00f3n digital e interactiva Exit, presentada en el Palais de Tokyo en Par\u00eds en 2015, que plantea el problema global del cambio clim\u00e1tico. En la misma l\u00ednea, el estadounidense Michael Wang presentar\u00e1 su proyecto Extint in the wild, que se exhibi\u00f3 en la Fundaci\u00f3n Prada de Mil\u00e1n en 2016 (curada por Rem Koolhaas), donde reflexiona sobre la extinci\u00f3n de las especies tomando como met\u00e1fora inicial el mundo vegetal para derivar en la raza humana.<\/p>\n<p>Los peruanos Barclay and Crousse traer\u00e1n Nuestro Frente Amaz\u00f3nico, proyecto que exhibieron en la pasada Bienal de Venecia donde enfrentan el problema de la pobreza y la preservaci\u00f3n del Amazonas a trav\u00e9s de la educaci\u00f3n. La australiana Dorita Hannah, quien mezcla arte, arquitectura y teatro, exhibir\u00e1 su proyecto sobre las ciudades bombardeadas de Medio Oriente y el desplazamiento de las personas, y se expondr\u00e1 la obra del fallecido Charles Correa, conocido como \u201cel arquitecto m\u00e1s grande de la India\u201d, y su aporte a la vivienda social.<\/p>\n<p>El estudio LOT-EK, con base en Nueva York, plantear\u00e1 un sistema de transporte integrado para la V Regi\u00f3n, mientras que el Premio Nacional de la disciplina Edward Rojas mostrar\u00e1 su trabajo de 40 a\u00f1os en Chilo\u00e9, que rescata las tradiciones arquitect\u00f3nicas locales y los recursos naturales de la zona.<\/p>\n<p>\u201cEsta ser\u00e1 una bienal m\u00e1s reflexiva. No ser\u00e1 s\u00f3lo una exhibici\u00f3n de obras, sino que buscamos contribuir con ideas y debates a escala de las personas. Creemos que debemos relevar la dimensi\u00f3n humana de la arquitectura, es necesario integrar a todos para encontrar las soluciones correctas\u201d, resume Tisi.<\/p>\n<p>Por Denisse Espinoza<\/p>\n<p><a href=\"http:\/\/culto.latercera.com\/2017\/08\/19\/la-apuesta-internacional-la-bienal-arquitectura\/\">Publicado en La Tercera, s\u00e1bado 19 de agosto de 2017<\/a><\/p>\n<p><\/p>","protected":false},"excerpt":{"rendered":"<p>Por primera vez el evento que parte el 26 de octubre en Valpara\u00edso trae proyectos de autores de reconocimiento mundial, como Alejandro Aravena, Michael Wang y Diller, Scofidio+Renfro. Despu\u00e9s de la pol\u00e9mica inauguraci\u00f3n de 2015, que incluy\u00f3 manifestaciones p\u00fablicas de &hellip; <a class=\"more-link\" href=\"https:\/\/colegioarquitectos.com\/noticias\/?p=18068\">ver m\u00e1s<\/a><\/p>","protected":false},"author":4,"featured_media":18070,"comment_status":"closed","ping_status":"closed","sticky":false,"template":"","format":"standard","meta":{"footnotes":""},"categories":[59],"tags":[],"class_list":["post-18068","post","type-post","status-publish","format-standard","has-post-thumbnail","hentry","category-bienal"],"yoast_head":"<!-- This site is optimized with the Yoast SEO plugin v24.2 - https:\/\/yoast.com\/wordpress\/plugins\/seo\/ -->\n<title>La Tercera: La apuesta internacional de la XX Bienal - COLEGIO DE ARQUITECTOS DE CHILE<\/title>\n<meta name=\"robots\" content=\"index, follow, max-snippet:-1, max-image-preview:large, max-video-preview:-1\" \/>\n<link rel=\"canonical\" href=\"https:\/\/colegioarquitectos.com\/noticias\/?p=18068\" \/>\n<meta property=\"og:locale\" content=\"es_ES\" \/>\n<meta property=\"og:type\" content=\"article\" \/>\n<meta property=\"og:title\" content=\"La Tercera: La apuesta internacional de la XX Bienal - COLEGIO DE ARQUITECTOS DE CHILE\" \/>\n<meta property=\"og:description\" content=\"Por primera vez el evento que parte el 26 de octubre en Valpara\u00edso trae proyectos de autores de reconocimiento mundial, como Alejandro Aravena, Michael Wang y Diller, Scofidio+Renfro. Despu\u00e9s de la pol\u00e9mica inauguraci\u00f3n de 2015, que incluy\u00f3 manifestaciones p\u00fablicas de &hellip; ver m\u00e1s\" \/>\n<meta property=\"og:url\" content=\"https:\/\/colegioarquitectos.com\/noticias\/?p=18068\" \/>\n<meta property=\"og:site_name\" content=\"COLEGIO DE ARQUITECTOS DE CHILE\" \/>\n<meta property=\"article:publisher\" content=\"https:\/\/facebook.com\/Colegioarq\/\" \/>\n<meta property=\"article:published_time\" content=\"2017-08-21T14:28:51+00:00\" \/>\n<meta property=\"article:modified_time\" content=\"2017-08-29T15:47:41+00:00\" \/>\n<meta property=\"og:image\" content=\"https:\/\/colegioarquitectos.com\/noticias\/wp-content\/uploads\/2017\/08\/XX-Bienal-de-Arquitectura-La-Tercera.jpg\" \/>\n\t<meta property=\"og:image:width\" content=\"690\" \/>\n\t<meta property=\"og:image:height\" content=\"350\" \/>\n\t<meta property=\"og:image:type\" content=\"image\/jpeg\" \/>\n<meta name=\"author\" content=\"Colegio de Arquitectos de Chile\" \/>\n<meta name=\"twitter:card\" content=\"summary_large_image\" \/>\n<meta name=\"twitter:creator\" content=\"@colegioarq\" \/>\n<meta name=\"twitter:site\" content=\"@colegioarq\" \/>\n<meta name=\"twitter:label1\" content=\"Escrito por\" \/>\n\t<meta name=\"twitter:data1\" content=\"Colegio de Arquitectos de Chile\" \/>\n\t<meta name=\"twitter:label2\" content=\"Tiempo de lectura\" \/>\n\t<meta name=\"twitter:data2\" content=\"4 minutos\" \/>\n<script type=\"application\/ld+json\" class=\"yoast-schema-graph\">{\"@context\":\"https:\/\/schema.org\",\"@graph\":[{\"@type\":\"Article\",\"@id\":\"https:\/\/colegioarquitectos.com\/noticias\/?p=18068#article\",\"isPartOf\":{\"@id\":\"https:\/\/colegioarquitectos.com\/noticias\/?p=18068\"},\"author\":{\"name\":\"Colegio de Arquitectos de Chile\",\"@id\":\"https:\/\/colegioarquitectos.com\/noticias\/#\/schema\/person\/685cc0aad148303c5608f049af8285ad\"},\"headline\":\"La Tercera: La apuesta internacional de la XX Bienal\",\"datePublished\":\"2017-08-21T14:28:51+00:00\",\"dateModified\":\"2017-08-29T15:47:41+00:00\",\"mainEntityOfPage\":{\"@id\":\"https:\/\/colegioarquitectos.com\/noticias\/?p=18068\"},\"wordCount\":838,\"publisher\":{\"@id\":\"https:\/\/colegioarquitectos.com\/noticias\/#organization\"},\"image\":{\"@id\":\"https:\/\/colegioarquitectos.com\/noticias\/?p=18068#primaryimage\"},\"thumbnailUrl\":\"https:\/\/colegioarquitectos.com\/noticias\/wp-content\/uploads\/2017\/08\/XX-Bienal-de-Arquitectura-La-Tercera.jpg\",\"articleSection\":[\"Bienal\"],\"inLanguage\":\"es\"},{\"@type\":\"WebPage\",\"@id\":\"https:\/\/colegioarquitectos.com\/noticias\/?p=18068\",\"url\":\"https:\/\/colegioarquitectos.com\/noticias\/?p=18068\",\"name\":\"La Tercera: La apuesta internacional de la XX Bienal - COLEGIO DE ARQUITECTOS DE CHILE\",\"isPartOf\":{\"@id\":\"https:\/\/colegioarquitectos.com\/noticias\/#website\"},\"primaryImageOfPage\":{\"@id\":\"https:\/\/colegioarquitectos.com\/noticias\/?p=18068#primaryimage\"},\"image\":{\"@id\":\"https:\/\/colegioarquitectos.com\/noticias\/?p=18068#primaryimage\"},\"thumbnailUrl\":\"https:\/\/colegioarquitectos.com\/noticias\/wp-content\/uploads\/2017\/08\/XX-Bienal-de-Arquitectura-La-Tercera.jpg\",\"datePublished\":\"2017-08-21T14:28:51+00:00\",\"dateModified\":\"2017-08-29T15:47:41+00:00\",\"breadcrumb\":{\"@id\":\"https:\/\/colegioarquitectos.com\/noticias\/?p=18068#breadcrumb\"},\"inLanguage\":\"es\",\"potentialAction\":[{\"@type\":\"ReadAction\",\"target\":[\"https:\/\/colegioarquitectos.com\/noticias\/?p=18068\"]}]},{\"@type\":\"ImageObject\",\"inLanguage\":\"es\",\"@id\":\"https:\/\/colegioarquitectos.com\/noticias\/?p=18068#primaryimage\",\"url\":\"https:\/\/colegioarquitectos.com\/noticias\/wp-content\/uploads\/2017\/08\/XX-Bienal-de-Arquitectura-La-Tercera.jpg\",\"contentUrl\":\"https:\/\/colegioarquitectos.com\/noticias\/wp-content\/uploads\/2017\/08\/XX-Bienal-de-Arquitectura-La-Tercera.jpg\",\"width\":690,\"height\":350},{\"@type\":\"BreadcrumbList\",\"@id\":\"https:\/\/colegioarquitectos.com\/noticias\/?p=18068#breadcrumb\",\"itemListElement\":[{\"@type\":\"ListItem\",\"position\":1,\"name\":\"Portada\",\"item\":\"https:\/\/colegioarquitectos.com\/noticias\"},{\"@type\":\"ListItem\",\"position\":2,\"name\":\"La Tercera: La apuesta internacional de la XX Bienal\"}]},{\"@type\":\"WebSite\",\"@id\":\"https:\/\/colegioarquitectos.com\/noticias\/#website\",\"url\":\"https:\/\/colegioarquitectos.com\/noticias\/\",\"name\":\"COLEGIO DE ARQUITECTOS DE CHILE\",\"description\":\"\",\"publisher\":{\"@id\":\"https:\/\/colegioarquitectos.com\/noticias\/#organization\"},\"potentialAction\":[{\"@type\":\"SearchAction\",\"target\":{\"@type\":\"EntryPoint\",\"urlTemplate\":\"https:\/\/colegioarquitectos.com\/noticias\/?s={search_term_string}\"},\"query-input\":{\"@type\":\"PropertyValueSpecification\",\"valueRequired\":true,\"valueName\":\"search_term_string\"}}],\"inLanguage\":\"es\"},{\"@type\":\"Organization\",\"@id\":\"https:\/\/colegioarquitectos.com\/noticias\/#organization\",\"name\":\"COLEGIO DE ARQUITECTOS DE CHILE\",\"url\":\"https:\/\/colegioarquitectos.com\/noticias\/\",\"logo\":{\"@type\":\"ImageObject\",\"inLanguage\":\"es\",\"@id\":\"https:\/\/colegioarquitectos.com\/noticias\/#\/schema\/logo\/image\/\",\"url\":\"https:\/\/colegioarquitectos.com\/noticias\/wp-content\/uploads\/2021\/05\/ENCABEZADO-LOGO-CA.jpg\",\"contentUrl\":\"https:\/\/colegioarquitectos.com\/noticias\/wp-content\/uploads\/2021\/05\/ENCABEZADO-LOGO-CA.jpg\",\"width\":690,\"height\":350,\"caption\":\"COLEGIO DE ARQUITECTOS DE CHILE\"},\"image\":{\"@id\":\"https:\/\/colegioarquitectos.com\/noticias\/#\/schema\/logo\/image\/\"},\"sameAs\":[\"https:\/\/facebook.com\/Colegioarq\/\",\"https:\/\/x.com\/colegioarq\",\"https:\/\/instagram.com\/colegioarq\",\"https:\/\/youtube.com\/@ColegiodeArquitectosdeChile\"]},{\"@type\":\"Person\",\"@id\":\"https:\/\/colegioarquitectos.com\/noticias\/#\/schema\/person\/685cc0aad148303c5608f049af8285ad\",\"name\":\"Colegio de Arquitectos de Chile\",\"url\":\"https:\/\/colegioarquitectos.com\/noticias\/?author=4\"}]}<\/script>\n<!-- \/ Yoast SEO plugin. -->","yoast_head_json":{"title":"La Tercera: La apuesta internacional de la XX Bienal - COLEGIO DE ARQUITECTOS DE CHILE","robots":{"index":"index","follow":"follow","max-snippet":"max-snippet:-1","max-image-preview":"max-image-preview:large","max-video-preview":"max-video-preview:-1"},"canonical":"https:\/\/colegioarquitectos.com\/noticias\/?p=18068","og_locale":"es_ES","og_type":"article","og_title":"La Tercera: La apuesta internacional de la XX Bienal - COLEGIO DE ARQUITECTOS DE CHILE","og_description":"Por primera vez el evento que parte el 26 de octubre en Valpara\u00edso trae proyectos de autores de reconocimiento mundial, como Alejandro Aravena, Michael Wang y Diller, Scofidio+Renfro. Despu\u00e9s de la pol\u00e9mica inauguraci\u00f3n de 2015, que incluy\u00f3 manifestaciones p\u00fablicas de &hellip; ver m\u00e1s","og_url":"https:\/\/colegioarquitectos.com\/noticias\/?p=18068","og_site_name":"COLEGIO DE ARQUITECTOS DE CHILE","article_publisher":"https:\/\/facebook.com\/Colegioarq\/","article_published_time":"2017-08-21T14:28:51+00:00","article_modified_time":"2017-08-29T15:47:41+00:00","og_image":[{"width":690,"height":350,"url":"https:\/\/colegioarquitectos.com\/noticias\/wp-content\/uploads\/2017\/08\/XX-Bienal-de-Arquitectura-La-Tercera.jpg","type":"image\/jpeg"}],"author":"Colegio de Arquitectos de Chile","twitter_card":"summary_large_image","twitter_creator":"@colegioarq","twitter_site":"@colegioarq","twitter_misc":{"Escrito por":"Colegio de Arquitectos de Chile","Tiempo de lectura":"4 minutos"},"schema":{"@context":"https:\/\/schema.org","@graph":[{"@type":"Article","@id":"https:\/\/colegioarquitectos.com\/noticias\/?p=18068#article","isPartOf":{"@id":"https:\/\/colegioarquitectos.com\/noticias\/?p=18068"},"author":{"name":"Colegio de Arquitectos de Chile","@id":"https:\/\/colegioarquitectos.com\/noticias\/#\/schema\/person\/685cc0aad148303c5608f049af8285ad"},"headline":"La Tercera: La apuesta internacional de la XX Bienal","datePublished":"2017-08-21T14:28:51+00:00","dateModified":"2017-08-29T15:47:41+00:00","mainEntityOfPage":{"@id":"https:\/\/colegioarquitectos.com\/noticias\/?p=18068"},"wordCount":838,"publisher":{"@id":"https:\/\/colegioarquitectos.com\/noticias\/#organization"},"image":{"@id":"https:\/\/colegioarquitectos.com\/noticias\/?p=18068#primaryimage"},"thumbnailUrl":"https:\/\/colegioarquitectos.com\/noticias\/wp-content\/uploads\/2017\/08\/XX-Bienal-de-Arquitectura-La-Tercera.jpg","articleSection":["Bienal"],"inLanguage":"es"},{"@type":"WebPage","@id":"https:\/\/colegioarquitectos.com\/noticias\/?p=18068","url":"https:\/\/colegioarquitectos.com\/noticias\/?p=18068","name":"La Tercera: La apuesta internacional de la XX Bienal - COLEGIO DE ARQUITECTOS DE CHILE","isPartOf":{"@id":"https:\/\/colegioarquitectos.com\/noticias\/#website"},"primaryImageOfPage":{"@id":"https:\/\/colegioarquitectos.com\/noticias\/?p=18068#primaryimage"},"image":{"@id":"https:\/\/colegioarquitectos.com\/noticias\/?p=18068#primaryimage"},"thumbnailUrl":"https:\/\/colegioarquitectos.com\/noticias\/wp-content\/uploads\/2017\/08\/XX-Bienal-de-Arquitectura-La-Tercera.jpg","datePublished":"2017-08-21T14:28:51+00:00","dateModified":"2017-08-29T15:47:41+00:00","breadcrumb":{"@id":"https:\/\/colegioarquitectos.com\/noticias\/?p=18068#breadcrumb"},"inLanguage":"es","potentialAction":[{"@type":"ReadAction","target":["https:\/\/colegioarquitectos.com\/noticias\/?p=18068"]}]},{"@type":"ImageObject","inLanguage":"es","@id":"https:\/\/colegioarquitectos.com\/noticias\/?p=18068#primaryimage","url":"https:\/\/colegioarquitectos.com\/noticias\/wp-content\/uploads\/2017\/08\/XX-Bienal-de-Arquitectura-La-Tercera.jpg","contentUrl":"https:\/\/colegioarquitectos.com\/noticias\/wp-content\/uploads\/2017\/08\/XX-Bienal-de-Arquitectura-La-Tercera.jpg","width":690,"height":350},{"@type":"BreadcrumbList","@id":"https:\/\/colegioarquitectos.com\/noticias\/?p=18068#breadcrumb","itemListElement":[{"@type":"ListItem","position":1,"name":"Portada","item":"https:\/\/colegioarquitectos.com\/noticias"},{"@type":"ListItem","position":2,"name":"La Tercera: La apuesta internacional de la XX Bienal"}]},{"@type":"WebSite","@id":"https:\/\/colegioarquitectos.com\/noticias\/#website","url":"https:\/\/colegioarquitectos.com\/noticias\/","name":"COLEGIO DE ARQUITECTOS DE CHILE","description":"","publisher":{"@id":"https:\/\/colegioarquitectos.com\/noticias\/#organization"},"potentialAction":[{"@type":"SearchAction","target":{"@type":"EntryPoint","urlTemplate":"https:\/\/colegioarquitectos.com\/noticias\/?s={search_term_string}"},"query-input":{"@type":"PropertyValueSpecification","valueRequired":true,"valueName":"search_term_string"}}],"inLanguage":"es"},{"@type":"Organization","@id":"https:\/\/colegioarquitectos.com\/noticias\/#organization","name":"COLEGIO DE ARQUITECTOS DE CHILE","url":"https:\/\/colegioarquitectos.com\/noticias\/","logo":{"@type":"ImageObject","inLanguage":"es","@id":"https:\/\/colegioarquitectos.com\/noticias\/#\/schema\/logo\/image\/","url":"https:\/\/colegioarquitectos.com\/noticias\/wp-content\/uploads\/2021\/05\/ENCABEZADO-LOGO-CA.jpg","contentUrl":"https:\/\/colegioarquitectos.com\/noticias\/wp-content\/uploads\/2021\/05\/ENCABEZADO-LOGO-CA.jpg","width":690,"height":350,"caption":"COLEGIO DE ARQUITECTOS DE CHILE"},"image":{"@id":"https:\/\/colegioarquitectos.com\/noticias\/#\/schema\/logo\/image\/"},"sameAs":["https:\/\/facebook.com\/Colegioarq\/","https:\/\/x.com\/colegioarq","https:\/\/instagram.com\/colegioarq","https:\/\/youtube.com\/@ColegiodeArquitectosdeChile"]},{"@type":"Person","@id":"https:\/\/colegioarquitectos.com\/noticias\/#\/schema\/person\/685cc0aad148303c5608f049af8285ad","name":"Colegio de Arquitectos de Chile","url":"https:\/\/colegioarquitectos.com\/noticias\/?author=4"}]}},"_links":{"self":[{"href":"https:\/\/colegioarquitectos.com\/noticias\/index.php?rest_route=\/wp\/v2\/posts\/18068","targetHints":{"allow":["GET"]}}],"collection":[{"href":"https:\/\/colegioarquitectos.com\/noticias\/index.php?rest_route=\/wp\/v2\/posts"}],"about":[{"href":"https:\/\/colegioarquitectos.com\/noticias\/index.php?rest_route=\/wp\/v2\/types\/post"}],"author":[{"embeddable":true,"href":"https:\/\/colegioarquitectos.com\/noticias\/index.php?rest_route=\/wp\/v2\/users\/4"}],"replies":[{"embeddable":true,"href":"https:\/\/colegioarquitectos.com\/noticias\/index.php?rest_route=%2Fwp%2Fv2%2Fcomments&post=18068"}],"version-history":[{"count":0,"href":"https:\/\/colegioarquitectos.com\/noticias\/index.php?rest_route=\/wp\/v2\/posts\/18068\/revisions"}],"wp:featuredmedia":[{"embeddable":true,"href":"https:\/\/colegioarquitectos.com\/noticias\/index.php?rest_route=\/wp\/v2\/media\/18070"}],"wp:attachment":[{"href":"https:\/\/colegioarquitectos.com\/noticias\/index.php?rest_route=%2Fwp%2Fv2%2Fmedia&parent=18068"}],"wp:term":[{"taxonomy":"category","embeddable":true,"href":"https:\/\/colegioarquitectos.com\/noticias\/index.php?rest_route=%2Fwp%2Fv2%2Fcategories&post=18068"},{"taxonomy":"post_tag","embeddable":true,"href":"https:\/\/colegioarquitectos.com\/noticias\/index.php?rest_route=%2Fwp%2Fv2%2Ftags&post=18068"}],"curies":[{"name":"wp","href":"https:\/\/api.w.org\/{rel}","templated":true}]}}