
{"id":18093,"date":"2017-08-21T16:10:16","date_gmt":"2017-08-21T16:10:16","guid":{"rendered":"http:\/\/colegioarquitectos.com\/?p=18093"},"modified":"2017-08-22T19:24:07","modified_gmt":"2017-08-22T19:24:07","slug":"edward-rojas-carta-saludo-por-75-anos-del-colegio-de-arquitectos","status":"publish","type":"post","link":"https:\/\/colegioarquitectos.com\/noticias\/?p=18093","title":{"rendered":"Edward Rojas: Carta saludo por 75 a\u00f1os del Colegio de Arquitectos"},"content":{"rendered":"<p>Se\u00f1or:<\/p>\n<p>Alberto Texido<\/p>\n<p>Presidente Directorio Nacional<\/p>\n<p>Colegio de\u00a0 Arquitectos\u00a0 de Chile<\/p>\n<p>&nbsp;<\/p>\n<p>Estimado Alberto:<\/p>\n<p>Junto con saludarte y saludar\u00a0 a los miembros de la Mesa Directiva por\u00a0 los 75 a\u00f1os de vida de nuestro Colegio, quisiera hacerte saber que ac\u00e1 en la provincia y a trav\u00e9s de las redes sociales, hemos seguido muy de cerca la Ceremonia de Aniversario, la que nos da cuenta, de que aquella embarcaci\u00f3n que el arquitecto Alberto Risopatr\u00f3n, nuestro primer presidente y sus tripulantes lanzaron al mar de la vida, cerca de la mitad del siglo XX, que sigue a flote y navegando, a pesar de los fuertes temporales con sus\u00a0 m\u00faltiples aguas tormentosas que ha tenido que sortear a lo largo de su existencia,\u00a0 as\u00ed como los del\u00a0 lluvioso invierno de este\u00a0 a\u00f1o.<\/p>\n<p>Ceremonia en la que nuestro Colegio, como en cada aniversario, distingui\u00f3 a un grupo de honorables colegas como miembros\u00a0 vitalicios y honorarios de la orden. Premi\u00f3 a otro grupo selecto de colegas por su importante contribuci\u00f3n al gremio y\u00a0 la disciplina. Y\u00a0 homenaje\u00f3\u00a0 a trav\u00e9s de sus familiares a los colegas amigos que ya no est\u00e1n con nosotros. A todos ellos y a trav\u00e9s tuyo env\u00edo un gran saludo.<\/p>\n<p>Por otro lado, quisiera comentarte que ayer recib\u00ed del Consejo Nacional de Presidentes de Delegaciones Zonales, copia de la carta de apoyo y agradecimiento a la toda la gesti\u00f3n y esfuerzo que est\u00e1 realizando la Mesa Directiva y el Comit\u00e9 de Crisis para mantener nuestra\u00a0 embarcaci\u00f3n a flote y enmendar el rumbo, con decisi\u00f3n, altura de miras y\u00a0 transparencia, la cual suscribo plenamente.<\/p>\n<p>Ac\u00e1 en el Archipi\u00e9lago de Chilo\u00e9, en los largos viajes en lancha, cuando nos hemos visto atrapados en medio de fuertes temporales y\u00a0 un mar embravecido, que\u00a0 alguna vez\u00a0 nos han tenido al borde del naufragio, hemos\u00a0 aprendido que para sortear un temporal, es fundamental confiar en el capit\u00e1n y con la tripulaci\u00f3n apechugar juntos.<\/p>\n<p>Y por lo mismo espero que la gesti\u00f3n para superar la Crisis Financiera y Reestructurar nuestro Colegio, que tanto la\u00a0 Mesa Directiva y el Comit\u00e9 han asumido de manera voluntaria, sea apoyada por todos los arquitectos colegiados, con la pasi\u00f3n y entrega que caracteriza a quienes ejercemos nuestro noble oficio.<\/p>\n<p>Te agradecer\u00e9 puedas\u00a0 difundir este saludo a todas y todos\u00a0 los colegas asociados a nuestro querido Colegio de Arquitectos de Chile, con la esperanza y convicci\u00f3n de que juntos lograremos en el Siglo XXI, dar\u00a0 buen rumbo a la proa\u00a0 de nuestra embarcaci\u00f3n.<\/p>\n<p>&nbsp;<\/p>\n<p>Desde Chilo\u00e9\u00a0 les env\u00edo\u00a0 un fuerte abrazo.<\/p>\n<p>&nbsp;<\/p>\n<p><strong>Edward Rojas Vega<\/strong><\/p>\n<p>Arquitecto ICA 3411<\/p>\n<p>Miembro Honorario del C.A. de Chile<\/p>\n<p>Premio Nacional de Arquitectura 2016.<\/p>\n<p>&nbsp;<\/p>\n<p style=\"text-align: right;\"><em>Castro, 9 de Agosto de 2017<\/em><\/p>\n<p><\/p>","protected":false},"excerpt":{"rendered":"<p>Se\u00f1or: Alberto Texido Presidente Directorio Nacional Colegio de\u00a0 Arquitectos\u00a0 de Chile &nbsp; Estimado Alberto: Junto con saludarte y saludar\u00a0 a los miembros de la Mesa Directiva por\u00a0 los 75 a\u00f1os de vida de nuestro Colegio, quisiera hacerte saber que ac\u00e1 &hellip; <a class=\"more-link\" href=\"https:\/\/colegioarquitectos.com\/noticias\/?p=18093\">ver m\u00e1s<\/a><\/p>","protected":false},"author":4,"featured_media":18103,"comment_status":"closed","ping_status":"closed","sticky":false,"template":"","format":"standard","meta":{"footnotes":""},"categories":[8],"tags":[],"class_list":["post-18093","post","type-post","status-publish","format-standard","has-post-thumbnail","hentry","category-colegio-de-arquitectos"],"yoast_head":"<!-- This site is optimized with the Yoast SEO plugin v24.2 - https:\/\/yoast.com\/wordpress\/plugins\/seo\/ -->\n<title>Edward Rojas: Carta saludo por 75 a\u00f1os del Colegio de Arquitectos - COLEGIO DE ARQUITECTOS DE CHILE<\/title>\n<meta name=\"robots\" content=\"index, follow, max-snippet:-1, max-image-preview:large, max-video-preview:-1\" \/>\n<link rel=\"canonical\" href=\"https:\/\/colegioarquitectos.com\/noticias\/?p=18093\" \/>\n<meta property=\"og:locale\" content=\"es_ES\" \/>\n<meta property=\"og:type\" content=\"article\" \/>\n<meta property=\"og:title\" content=\"Edward Rojas: Carta saludo por 75 a\u00f1os del Colegio de Arquitectos - COLEGIO DE ARQUITECTOS DE CHILE\" \/>\n<meta property=\"og:description\" content=\"Se\u00f1or: Alberto Texido Presidente Directorio Nacional Colegio de\u00a0 Arquitectos\u00a0 de Chile &nbsp; Estimado Alberto: Junto con saludarte y saludar\u00a0 a los miembros de la Mesa Directiva por\u00a0 los 75 a\u00f1os de vida de nuestro Colegio, quisiera hacerte saber que ac\u00e1 &hellip; ver m\u00e1s\" \/>\n<meta property=\"og:url\" content=\"https:\/\/colegioarquitectos.com\/noticias\/?p=18093\" \/>\n<meta property=\"og:site_name\" content=\"COLEGIO DE ARQUITECTOS DE CHILE\" \/>\n<meta property=\"article:publisher\" content=\"https:\/\/facebook.com\/Colegioarq\/\" \/>\n<meta property=\"article:published_time\" content=\"2017-08-21T16:10:16+00:00\" \/>\n<meta property=\"article:modified_time\" content=\"2017-08-22T19:24:07+00:00\" \/>\n<meta property=\"og:image\" content=\"https:\/\/colegioarquitectos.com\/noticias\/wp-content\/uploads\/2017\/08\/Edward-Rojas-1.jpg\" \/>\n\t<meta property=\"og:image:width\" content=\"690\" \/>\n\t<meta property=\"og:image:height\" content=\"350\" \/>\n\t<meta property=\"og:image:type\" content=\"image\/jpeg\" \/>\n<meta name=\"author\" content=\"Colegio de Arquitectos de Chile\" \/>\n<meta name=\"twitter:card\" content=\"summary_large_image\" \/>\n<meta name=\"twitter:creator\" content=\"@colegioarq\" \/>\n<meta name=\"twitter:site\" content=\"@colegioarq\" \/>\n<meta name=\"twitter:label1\" content=\"Escrito por\" \/>\n\t<meta name=\"twitter:data1\" content=\"Colegio de Arquitectos de Chile\" \/>\n\t<meta name=\"twitter:label2\" content=\"Tiempo de lectura\" \/>\n\t<meta name=\"twitter:data2\" content=\"2 minutos\" \/>\n<script type=\"application\/ld+json\" class=\"yoast-schema-graph\">{\"@context\":\"https:\/\/schema.org\",\"@graph\":[{\"@type\":\"Article\",\"@id\":\"https:\/\/colegioarquitectos.com\/noticias\/?p=18093#article\",\"isPartOf\":{\"@id\":\"https:\/\/colegioarquitectos.com\/noticias\/?p=18093\"},\"author\":{\"name\":\"Colegio de Arquitectos de Chile\",\"@id\":\"https:\/\/colegioarquitectos.com\/noticias\/#\/schema\/person\/685cc0aad148303c5608f049af8285ad\"},\"headline\":\"Edward Rojas: Carta saludo por 75 a\u00f1os del Colegio de Arquitectos\",\"datePublished\":\"2017-08-21T16:10:16+00:00\",\"dateModified\":\"2017-08-22T19:24:07+00:00\",\"mainEntityOfPage\":{\"@id\":\"https:\/\/colegioarquitectos.com\/noticias\/?p=18093\"},\"wordCount\":472,\"publisher\":{\"@id\":\"https:\/\/colegioarquitectos.com\/noticias\/#organization\"},\"image\":{\"@id\":\"https:\/\/colegioarquitectos.com\/noticias\/?p=18093#primaryimage\"},\"thumbnailUrl\":\"https:\/\/colegioarquitectos.com\/noticias\/wp-content\/uploads\/2017\/08\/Edward-Rojas-1.jpg\",\"articleSection\":[\"Colegio\"],\"inLanguage\":\"es\"},{\"@type\":\"WebPage\",\"@id\":\"https:\/\/colegioarquitectos.com\/noticias\/?p=18093\",\"url\":\"https:\/\/colegioarquitectos.com\/noticias\/?p=18093\",\"name\":\"Edward Rojas: Carta saludo por 75 a\u00f1os del Colegio de Arquitectos - COLEGIO DE ARQUITECTOS DE CHILE\",\"isPartOf\":{\"@id\":\"https:\/\/colegioarquitectos.com\/noticias\/#website\"},\"primaryImageOfPage\":{\"@id\":\"https:\/\/colegioarquitectos.com\/noticias\/?p=18093#primaryimage\"},\"image\":{\"@id\":\"https:\/\/colegioarquitectos.com\/noticias\/?p=18093#primaryimage\"},\"thumbnailUrl\":\"https:\/\/colegioarquitectos.com\/noticias\/wp-content\/uploads\/2017\/08\/Edward-Rojas-1.jpg\",\"datePublished\":\"2017-08-21T16:10:16+00:00\",\"dateModified\":\"2017-08-22T19:24:07+00:00\",\"breadcrumb\":{\"@id\":\"https:\/\/colegioarquitectos.com\/noticias\/?p=18093#breadcrumb\"},\"inLanguage\":\"es\",\"potentialAction\":[{\"@type\":\"ReadAction\",\"target\":[\"https:\/\/colegioarquitectos.com\/noticias\/?p=18093\"]}]},{\"@type\":\"ImageObject\",\"inLanguage\":\"es\",\"@id\":\"https:\/\/colegioarquitectos.com\/noticias\/?p=18093#primaryimage\",\"url\":\"https:\/\/colegioarquitectos.com\/noticias\/wp-content\/uploads\/2017\/08\/Edward-Rojas-1.jpg\",\"contentUrl\":\"https:\/\/colegioarquitectos.com\/noticias\/wp-content\/uploads\/2017\/08\/Edward-Rojas-1.jpg\",\"width\":690,\"height\":350},{\"@type\":\"BreadcrumbList\",\"@id\":\"https:\/\/colegioarquitectos.com\/noticias\/?p=18093#breadcrumb\",\"itemListElement\":[{\"@type\":\"ListItem\",\"position\":1,\"name\":\"Portada\",\"item\":\"https:\/\/colegioarquitectos.com\/noticias\"},{\"@type\":\"ListItem\",\"position\":2,\"name\":\"Edward Rojas: Carta saludo por 75 a\u00f1os del Colegio de Arquitectos\"}]},{\"@type\":\"WebSite\",\"@id\":\"https:\/\/colegioarquitectos.com\/noticias\/#website\",\"url\":\"https:\/\/colegioarquitectos.com\/noticias\/\",\"name\":\"COLEGIO DE ARQUITECTOS DE CHILE\",\"description\":\"\",\"publisher\":{\"@id\":\"https:\/\/colegioarquitectos.com\/noticias\/#organization\"},\"potentialAction\":[{\"@type\":\"SearchAction\",\"target\":{\"@type\":\"EntryPoint\",\"urlTemplate\":\"https:\/\/colegioarquitectos.com\/noticias\/?s={search_term_string}\"},\"query-input\":{\"@type\":\"PropertyValueSpecification\",\"valueRequired\":true,\"valueName\":\"search_term_string\"}}],\"inLanguage\":\"es\"},{\"@type\":\"Organization\",\"@id\":\"https:\/\/colegioarquitectos.com\/noticias\/#organization\",\"name\":\"COLEGIO DE ARQUITECTOS DE CHILE\",\"url\":\"https:\/\/colegioarquitectos.com\/noticias\/\",\"logo\":{\"@type\":\"ImageObject\",\"inLanguage\":\"es\",\"@id\":\"https:\/\/colegioarquitectos.com\/noticias\/#\/schema\/logo\/image\/\",\"url\":\"https:\/\/colegioarquitectos.com\/noticias\/wp-content\/uploads\/2021\/05\/ENCABEZADO-LOGO-CA.jpg\",\"contentUrl\":\"https:\/\/colegioarquitectos.com\/noticias\/wp-content\/uploads\/2021\/05\/ENCABEZADO-LOGO-CA.jpg\",\"width\":690,\"height\":350,\"caption\":\"COLEGIO DE ARQUITECTOS DE CHILE\"},\"image\":{\"@id\":\"https:\/\/colegioarquitectos.com\/noticias\/#\/schema\/logo\/image\/\"},\"sameAs\":[\"https:\/\/facebook.com\/Colegioarq\/\",\"https:\/\/x.com\/colegioarq\",\"https:\/\/instagram.com\/colegioarq\",\"https:\/\/youtube.com\/@ColegiodeArquitectosdeChile\"]},{\"@type\":\"Person\",\"@id\":\"https:\/\/colegioarquitectos.com\/noticias\/#\/schema\/person\/685cc0aad148303c5608f049af8285ad\",\"name\":\"Colegio de Arquitectos de Chile\",\"url\":\"https:\/\/colegioarquitectos.com\/noticias\/?author=4\"}]}<\/script>\n<!-- \/ Yoast SEO plugin. -->","yoast_head_json":{"title":"Edward Rojas: Carta saludo por 75 a\u00f1os del Colegio de Arquitectos - COLEGIO DE ARQUITECTOS DE CHILE","robots":{"index":"index","follow":"follow","max-snippet":"max-snippet:-1","max-image-preview":"max-image-preview:large","max-video-preview":"max-video-preview:-1"},"canonical":"https:\/\/colegioarquitectos.com\/noticias\/?p=18093","og_locale":"es_ES","og_type":"article","og_title":"Edward Rojas: Carta saludo por 75 a\u00f1os del Colegio de Arquitectos - COLEGIO DE ARQUITECTOS DE CHILE","og_description":"Se\u00f1or: Alberto Texido Presidente Directorio Nacional Colegio de\u00a0 Arquitectos\u00a0 de Chile &nbsp; Estimado Alberto: Junto con saludarte y saludar\u00a0 a los miembros de la Mesa Directiva por\u00a0 los 75 a\u00f1os de vida de nuestro Colegio, quisiera hacerte saber que ac\u00e1 &hellip; ver m\u00e1s","og_url":"https:\/\/colegioarquitectos.com\/noticias\/?p=18093","og_site_name":"COLEGIO DE ARQUITECTOS DE CHILE","article_publisher":"https:\/\/facebook.com\/Colegioarq\/","article_published_time":"2017-08-21T16:10:16+00:00","article_modified_time":"2017-08-22T19:24:07+00:00","og_image":[{"width":690,"height":350,"url":"https:\/\/colegioarquitectos.com\/noticias\/wp-content\/uploads\/2017\/08\/Edward-Rojas-1.jpg","type":"image\/jpeg"}],"author":"Colegio de Arquitectos de Chile","twitter_card":"summary_large_image","twitter_creator":"@colegioarq","twitter_site":"@colegioarq","twitter_misc":{"Escrito por":"Colegio de Arquitectos de Chile","Tiempo de lectura":"2 minutos"},"schema":{"@context":"https:\/\/schema.org","@graph":[{"@type":"Article","@id":"https:\/\/colegioarquitectos.com\/noticias\/?p=18093#article","isPartOf":{"@id":"https:\/\/colegioarquitectos.com\/noticias\/?p=18093"},"author":{"name":"Colegio de Arquitectos de Chile","@id":"https:\/\/colegioarquitectos.com\/noticias\/#\/schema\/person\/685cc0aad148303c5608f049af8285ad"},"headline":"Edward Rojas: Carta saludo por 75 a\u00f1os del Colegio de Arquitectos","datePublished":"2017-08-21T16:10:16+00:00","dateModified":"2017-08-22T19:24:07+00:00","mainEntityOfPage":{"@id":"https:\/\/colegioarquitectos.com\/noticias\/?p=18093"},"wordCount":472,"publisher":{"@id":"https:\/\/colegioarquitectos.com\/noticias\/#organization"},"image":{"@id":"https:\/\/colegioarquitectos.com\/noticias\/?p=18093#primaryimage"},"thumbnailUrl":"https:\/\/colegioarquitectos.com\/noticias\/wp-content\/uploads\/2017\/08\/Edward-Rojas-1.jpg","articleSection":["Colegio"],"inLanguage":"es"},{"@type":"WebPage","@id":"https:\/\/colegioarquitectos.com\/noticias\/?p=18093","url":"https:\/\/colegioarquitectos.com\/noticias\/?p=18093","name":"Edward Rojas: Carta saludo por 75 a\u00f1os del Colegio de Arquitectos - COLEGIO DE ARQUITECTOS DE CHILE","isPartOf":{"@id":"https:\/\/colegioarquitectos.com\/noticias\/#website"},"primaryImageOfPage":{"@id":"https:\/\/colegioarquitectos.com\/noticias\/?p=18093#primaryimage"},"image":{"@id":"https:\/\/colegioarquitectos.com\/noticias\/?p=18093#primaryimage"},"thumbnailUrl":"https:\/\/colegioarquitectos.com\/noticias\/wp-content\/uploads\/2017\/08\/Edward-Rojas-1.jpg","datePublished":"2017-08-21T16:10:16+00:00","dateModified":"2017-08-22T19:24:07+00:00","breadcrumb":{"@id":"https:\/\/colegioarquitectos.com\/noticias\/?p=18093#breadcrumb"},"inLanguage":"es","potentialAction":[{"@type":"ReadAction","target":["https:\/\/colegioarquitectos.com\/noticias\/?p=18093"]}]},{"@type":"ImageObject","inLanguage":"es","@id":"https:\/\/colegioarquitectos.com\/noticias\/?p=18093#primaryimage","url":"https:\/\/colegioarquitectos.com\/noticias\/wp-content\/uploads\/2017\/08\/Edward-Rojas-1.jpg","contentUrl":"https:\/\/colegioarquitectos.com\/noticias\/wp-content\/uploads\/2017\/08\/Edward-Rojas-1.jpg","width":690,"height":350},{"@type":"BreadcrumbList","@id":"https:\/\/colegioarquitectos.com\/noticias\/?p=18093#breadcrumb","itemListElement":[{"@type":"ListItem","position":1,"name":"Portada","item":"https:\/\/colegioarquitectos.com\/noticias"},{"@type":"ListItem","position":2,"name":"Edward Rojas: Carta saludo por 75 a\u00f1os del Colegio de Arquitectos"}]},{"@type":"WebSite","@id":"https:\/\/colegioarquitectos.com\/noticias\/#website","url":"https:\/\/colegioarquitectos.com\/noticias\/","name":"COLEGIO DE ARQUITECTOS DE CHILE","description":"","publisher":{"@id":"https:\/\/colegioarquitectos.com\/noticias\/#organization"},"potentialAction":[{"@type":"SearchAction","target":{"@type":"EntryPoint","urlTemplate":"https:\/\/colegioarquitectos.com\/noticias\/?s={search_term_string}"},"query-input":{"@type":"PropertyValueSpecification","valueRequired":true,"valueName":"search_term_string"}}],"inLanguage":"es"},{"@type":"Organization","@id":"https:\/\/colegioarquitectos.com\/noticias\/#organization","name":"COLEGIO DE ARQUITECTOS DE CHILE","url":"https:\/\/colegioarquitectos.com\/noticias\/","logo":{"@type":"ImageObject","inLanguage":"es","@id":"https:\/\/colegioarquitectos.com\/noticias\/#\/schema\/logo\/image\/","url":"https:\/\/colegioarquitectos.com\/noticias\/wp-content\/uploads\/2021\/05\/ENCABEZADO-LOGO-CA.jpg","contentUrl":"https:\/\/colegioarquitectos.com\/noticias\/wp-content\/uploads\/2021\/05\/ENCABEZADO-LOGO-CA.jpg","width":690,"height":350,"caption":"COLEGIO DE ARQUITECTOS DE CHILE"},"image":{"@id":"https:\/\/colegioarquitectos.com\/noticias\/#\/schema\/logo\/image\/"},"sameAs":["https:\/\/facebook.com\/Colegioarq\/","https:\/\/x.com\/colegioarq","https:\/\/instagram.com\/colegioarq","https:\/\/youtube.com\/@ColegiodeArquitectosdeChile"]},{"@type":"Person","@id":"https:\/\/colegioarquitectos.com\/noticias\/#\/schema\/person\/685cc0aad148303c5608f049af8285ad","name":"Colegio de Arquitectos de Chile","url":"https:\/\/colegioarquitectos.com\/noticias\/?author=4"}]}},"_links":{"self":[{"href":"https:\/\/colegioarquitectos.com\/noticias\/index.php?rest_route=\/wp\/v2\/posts\/18093","targetHints":{"allow":["GET"]}}],"collection":[{"href":"https:\/\/colegioarquitectos.com\/noticias\/index.php?rest_route=\/wp\/v2\/posts"}],"about":[{"href":"https:\/\/colegioarquitectos.com\/noticias\/index.php?rest_route=\/wp\/v2\/types\/post"}],"author":[{"embeddable":true,"href":"https:\/\/colegioarquitectos.com\/noticias\/index.php?rest_route=\/wp\/v2\/users\/4"}],"replies":[{"embeddable":true,"href":"https:\/\/colegioarquitectos.com\/noticias\/index.php?rest_route=%2Fwp%2Fv2%2Fcomments&post=18093"}],"version-history":[{"count":0,"href":"https:\/\/colegioarquitectos.com\/noticias\/index.php?rest_route=\/wp\/v2\/posts\/18093\/revisions"}],"wp:featuredmedia":[{"embeddable":true,"href":"https:\/\/colegioarquitectos.com\/noticias\/index.php?rest_route=\/wp\/v2\/media\/18103"}],"wp:attachment":[{"href":"https:\/\/colegioarquitectos.com\/noticias\/index.php?rest_route=%2Fwp%2Fv2%2Fmedia&parent=18093"}],"wp:term":[{"taxonomy":"category","embeddable":true,"href":"https:\/\/colegioarquitectos.com\/noticias\/index.php?rest_route=%2Fwp%2Fv2%2Fcategories&post=18093"},{"taxonomy":"post_tag","embeddable":true,"href":"https:\/\/colegioarquitectos.com\/noticias\/index.php?rest_route=%2Fwp%2Fv2%2Ftags&post=18093"}],"curies":[{"name":"wp","href":"https:\/\/api.w.org\/{rel}","templated":true}]}}