
{"id":18099,"date":"2017-08-21T17:10:23","date_gmt":"2017-08-21T17:10:23","guid":{"rendered":"http:\/\/colegioarquitectos.com\/?p=18099"},"modified":"2017-08-23T15:59:28","modified_gmt":"2017-08-23T15:59:28","slug":"conversatorio-en-el-marco-de-la-xx-bienal-de-arquitectura-y-urbanismo-2017","status":"publish","type":"post","link":"https:\/\/colegioarquitectos.com\/noticias\/?p=18099","title":{"rendered":"Conversatorio en el marco de la XX Bienal de Arquitectura y Urbanismo 2017"},"content":{"rendered":"<p>El Decano de La Facultad de Arquitectura , Dise\u00f1o y Artes Visuales de UNIACC, Juan Luis Ramirez PhD, invita a este conversatorio\u00a0<strong>BARRIOS, PATRIMONIO Y GENTRIFICACI\u00d3N, <\/strong>desarrollado en el marco de la participaci\u00f3n de la Facultad de Arquitectura, Dise\u00f1o y Artes Visuales en la XX Bienal de arquitectura de Chile; <em>Di\u00e1logos Impostergables<\/em>. Esta actividad busca generar una instancia de interacci\u00f3n entre profesores, alumnos y la comunidad, en torno a la tem\u00e1tica abordada por la escuela de arquitectura para su presentaci\u00f3n en la XX Bienal 2017, <strong>Destrucci\u00f3n de la memoria patrimonial obrera e industrial en Santiago de Chile<\/strong>; <em>Estrategias para su conservaci\u00f3n, conversi\u00f3n y puesta en valor como herramienta para el desarrollo territorial.<\/em><\/p>\n<p>En comunas como Santiago, San Bernardo, Providencia y muchas otras, a\u00fan es posible encontrar vestigios y preexistencias de este patrimonio <strong>NO MONUMENTAL<\/strong>\u00a0que incluye f\u00e1bricas, equipamiento comunitario y vivienda social obrera. Se trata de sectores de la ciudad en transformaci\u00f3n que conviven constantemente en conflictos sociales y urbanos que ocurren muchas veces, ante la mirada impotente de las comunidades herederas de esta memoria.<\/p>\n<p>En el encuentro participar\u00e1n los arquitectos Juan Luis Ram\u00edrez, Decano de la Facultad de Arquitectura, Dise\u00f1o y Artes Visuales (UNIACC), Sergio Salazar (Investigador), Luis Rolando Rojas (Colectivo Rescata), Nicol\u00e1s Ca\u00f1as F. (Municipalidad de Providencia), Mat\u00edas Leal Ya\u00f1ez (investigador), Rodrigo Ort\u00edz (Comit\u00e9 de Arquitectos J\u00f3venes del CA), los cuales discutir\u00e1n las transformaciones poco generosas con los barrios vinculados a los procesos de industrializaci\u00f3n desde la d\u00e9cada de 1860 hasta mediados del Siglo XX en la ciudad de Santiago.<\/p>\n<p>Se invita a las nuevas generaciones de j\u00f3venes arquitectos, planificadores, autoridades y comunidad en general, a promover proyectos de desarrollo urbano que contemplen un uso sustentable del patrimonio cultural arquitect\u00f3nico, comprendiendo que la satisfacci\u00f3n de las necesidades actuales de la sociedad debe permitir que, en el futuro, las nuevas generaciones tambi\u00e9n puedan satisfacer las suyas, pudiendo disfrutar del valor y sentido humano <strong>de este recurso NO RENOVABLE<\/strong>.<\/p>\n<p>&nbsp;<\/p>\n<p><strong>Fecha: S\u00e1bado 26 de agosto de 2017, 11:00 horas.<\/strong><\/p>\n<p><strong>Lugar: Los Jesuitas N\u00b0 599, Campus Poniente-Providencia.<\/strong><\/p>\n<p><strong>\u00a0<\/strong><\/p>\n<p><img loading=\"lazy\" decoding=\"async\" class=\"alignnone wp-image-18101 size-full\" src=\"http:\/\/colegioarquitectos.com\/noticias\/wp-content\/uploads\/2017\/08\/ConversatorioAfiche.jpg\" alt=\"\" width=\"800\" height=\"488\" srcset=\"https:\/\/colegioarquitectos.com\/noticias\/wp-content\/uploads\/2017\/08\/ConversatorioAfiche.jpg 800w, https:\/\/colegioarquitectos.com\/noticias\/wp-content\/uploads\/2017\/08\/ConversatorioAfiche-300x183.jpg 300w, https:\/\/colegioarquitectos.com\/noticias\/wp-content\/uploads\/2017\/08\/ConversatorioAfiche-768x468.jpg 768w\" sizes=\"auto, (max-width: 800px) 100vw, 800px\" \/><\/p>\n<p>&nbsp;<\/p>\n<p>&nbsp;<\/p>\n<p><\/p>","protected":false},"excerpt":{"rendered":"<p>El Decano de La Facultad de Arquitectura , Dise\u00f1o y Artes Visuales de UNIACC, Juan Luis Ramirez PhD, invita a este conversatorio\u00a0BARRIOS, PATRIMONIO Y GENTRIFICACI\u00d3N, desarrollado en el marco de la participaci\u00f3n de la Facultad de Arquitectura, Dise\u00f1o y Artes &hellip; <a class=\"more-link\" href=\"https:\/\/colegioarquitectos.com\/noticias\/?p=18099\">ver m\u00e1s<\/a><\/p>","protected":false},"author":4,"featured_media":18100,"comment_status":"closed","ping_status":"closed","sticky":false,"template":"","format":"standard","meta":{"footnotes":""},"categories":[35],"tags":[],"class_list":["post-18099","post","type-post","status-publish","format-standard","has-post-thumbnail","hentry","category-universidades"],"yoast_head":"<!-- This site is optimized with the Yoast SEO plugin v24.2 - https:\/\/yoast.com\/wordpress\/plugins\/seo\/ -->\n<title>Conversatorio en el marco de la XX Bienal de Arquitectura y Urbanismo 2017 - COLEGIO DE ARQUITECTOS DE CHILE<\/title>\n<meta name=\"robots\" content=\"index, follow, max-snippet:-1, max-image-preview:large, max-video-preview:-1\" \/>\n<link rel=\"canonical\" href=\"https:\/\/colegioarquitectos.com\/noticias\/?p=18099\" \/>\n<meta property=\"og:locale\" content=\"es_ES\" \/>\n<meta property=\"og:type\" content=\"article\" \/>\n<meta property=\"og:title\" content=\"Conversatorio en el marco de la XX Bienal de Arquitectura y Urbanismo 2017 - COLEGIO DE ARQUITECTOS DE CHILE\" \/>\n<meta property=\"og:description\" content=\"El Decano de La Facultad de Arquitectura , Dise\u00f1o y Artes Visuales de UNIACC, Juan Luis Ramirez PhD, invita a este conversatorio\u00a0BARRIOS, PATRIMONIO Y GENTRIFICACI\u00d3N, desarrollado en el marco de la participaci\u00f3n de la Facultad de Arquitectura, Dise\u00f1o y Artes &hellip; ver m\u00e1s\" \/>\n<meta property=\"og:url\" content=\"https:\/\/colegioarquitectos.com\/noticias\/?p=18099\" \/>\n<meta property=\"og:site_name\" content=\"COLEGIO DE ARQUITECTOS DE CHILE\" \/>\n<meta property=\"article:publisher\" content=\"https:\/\/facebook.com\/Colegioarq\/\" \/>\n<meta property=\"article:published_time\" content=\"2017-08-21T17:10:23+00:00\" \/>\n<meta property=\"article:modified_time\" content=\"2017-08-23T15:59:28+00:00\" \/>\n<meta property=\"og:image\" content=\"https:\/\/colegioarquitectos.com\/noticias\/wp-content\/uploads\/2017\/08\/UNIACC.jpg\" \/>\n\t<meta property=\"og:image:width\" content=\"690\" \/>\n\t<meta property=\"og:image:height\" content=\"350\" \/>\n\t<meta property=\"og:image:type\" content=\"image\/jpeg\" \/>\n<meta name=\"author\" content=\"Colegio de Arquitectos de Chile\" \/>\n<meta name=\"twitter:card\" content=\"summary_large_image\" \/>\n<meta name=\"twitter:creator\" content=\"@colegioarq\" \/>\n<meta name=\"twitter:site\" content=\"@colegioarq\" \/>\n<meta name=\"twitter:label1\" content=\"Escrito por\" \/>\n\t<meta name=\"twitter:data1\" content=\"Colegio de Arquitectos de Chile\" \/>\n\t<meta name=\"twitter:label2\" content=\"Tiempo de lectura\" \/>\n\t<meta name=\"twitter:data2\" content=\"2 minutos\" \/>\n<script type=\"application\/ld+json\" class=\"yoast-schema-graph\">{\"@context\":\"https:\/\/schema.org\",\"@graph\":[{\"@type\":\"Article\",\"@id\":\"https:\/\/colegioarquitectos.com\/noticias\/?p=18099#article\",\"isPartOf\":{\"@id\":\"https:\/\/colegioarquitectos.com\/noticias\/?p=18099\"},\"author\":{\"name\":\"Colegio de Arquitectos de Chile\",\"@id\":\"https:\/\/colegioarquitectos.com\/noticias\/#\/schema\/person\/685cc0aad148303c5608f049af8285ad\"},\"headline\":\"Conversatorio en el marco de la XX Bienal de Arquitectura y Urbanismo 2017\",\"datePublished\":\"2017-08-21T17:10:23+00:00\",\"dateModified\":\"2017-08-23T15:59:28+00:00\",\"mainEntityOfPage\":{\"@id\":\"https:\/\/colegioarquitectos.com\/noticias\/?p=18099\"},\"wordCount\":374,\"publisher\":{\"@id\":\"https:\/\/colegioarquitectos.com\/noticias\/#organization\"},\"image\":{\"@id\":\"https:\/\/colegioarquitectos.com\/noticias\/?p=18099#primaryimage\"},\"thumbnailUrl\":\"https:\/\/colegioarquitectos.com\/noticias\/wp-content\/uploads\/2017\/08\/UNIACC.jpg\",\"articleSection\":[\"Universidades\"],\"inLanguage\":\"es\"},{\"@type\":\"WebPage\",\"@id\":\"https:\/\/colegioarquitectos.com\/noticias\/?p=18099\",\"url\":\"https:\/\/colegioarquitectos.com\/noticias\/?p=18099\",\"name\":\"Conversatorio en el marco de la XX Bienal de Arquitectura y Urbanismo 2017 - COLEGIO DE ARQUITECTOS DE CHILE\",\"isPartOf\":{\"@id\":\"https:\/\/colegioarquitectos.com\/noticias\/#website\"},\"primaryImageOfPage\":{\"@id\":\"https:\/\/colegioarquitectos.com\/noticias\/?p=18099#primaryimage\"},\"image\":{\"@id\":\"https:\/\/colegioarquitectos.com\/noticias\/?p=18099#primaryimage\"},\"thumbnailUrl\":\"https:\/\/colegioarquitectos.com\/noticias\/wp-content\/uploads\/2017\/08\/UNIACC.jpg\",\"datePublished\":\"2017-08-21T17:10:23+00:00\",\"dateModified\":\"2017-08-23T15:59:28+00:00\",\"breadcrumb\":{\"@id\":\"https:\/\/colegioarquitectos.com\/noticias\/?p=18099#breadcrumb\"},\"inLanguage\":\"es\",\"potentialAction\":[{\"@type\":\"ReadAction\",\"target\":[\"https:\/\/colegioarquitectos.com\/noticias\/?p=18099\"]}]},{\"@type\":\"ImageObject\",\"inLanguage\":\"es\",\"@id\":\"https:\/\/colegioarquitectos.com\/noticias\/?p=18099#primaryimage\",\"url\":\"https:\/\/colegioarquitectos.com\/noticias\/wp-content\/uploads\/2017\/08\/UNIACC.jpg\",\"contentUrl\":\"https:\/\/colegioarquitectos.com\/noticias\/wp-content\/uploads\/2017\/08\/UNIACC.jpg\",\"width\":690,\"height\":350},{\"@type\":\"BreadcrumbList\",\"@id\":\"https:\/\/colegioarquitectos.com\/noticias\/?p=18099#breadcrumb\",\"itemListElement\":[{\"@type\":\"ListItem\",\"position\":1,\"name\":\"Portada\",\"item\":\"https:\/\/colegioarquitectos.com\/noticias\"},{\"@type\":\"ListItem\",\"position\":2,\"name\":\"Conversatorio en el marco de la XX Bienal de Arquitectura y Urbanismo 2017\"}]},{\"@type\":\"WebSite\",\"@id\":\"https:\/\/colegioarquitectos.com\/noticias\/#website\",\"url\":\"https:\/\/colegioarquitectos.com\/noticias\/\",\"name\":\"COLEGIO DE ARQUITECTOS DE CHILE\",\"description\":\"\",\"publisher\":{\"@id\":\"https:\/\/colegioarquitectos.com\/noticias\/#organization\"},\"potentialAction\":[{\"@type\":\"SearchAction\",\"target\":{\"@type\":\"EntryPoint\",\"urlTemplate\":\"https:\/\/colegioarquitectos.com\/noticias\/?s={search_term_string}\"},\"query-input\":{\"@type\":\"PropertyValueSpecification\",\"valueRequired\":true,\"valueName\":\"search_term_string\"}}],\"inLanguage\":\"es\"},{\"@type\":\"Organization\",\"@id\":\"https:\/\/colegioarquitectos.com\/noticias\/#organization\",\"name\":\"COLEGIO DE ARQUITECTOS DE CHILE\",\"url\":\"https:\/\/colegioarquitectos.com\/noticias\/\",\"logo\":{\"@type\":\"ImageObject\",\"inLanguage\":\"es\",\"@id\":\"https:\/\/colegioarquitectos.com\/noticias\/#\/schema\/logo\/image\/\",\"url\":\"https:\/\/colegioarquitectos.com\/noticias\/wp-content\/uploads\/2021\/05\/ENCABEZADO-LOGO-CA.jpg\",\"contentUrl\":\"https:\/\/colegioarquitectos.com\/noticias\/wp-content\/uploads\/2021\/05\/ENCABEZADO-LOGO-CA.jpg\",\"width\":690,\"height\":350,\"caption\":\"COLEGIO DE ARQUITECTOS DE CHILE\"},\"image\":{\"@id\":\"https:\/\/colegioarquitectos.com\/noticias\/#\/schema\/logo\/image\/\"},\"sameAs\":[\"https:\/\/facebook.com\/Colegioarq\/\",\"https:\/\/x.com\/colegioarq\",\"https:\/\/instagram.com\/colegioarq\",\"https:\/\/youtube.com\/@ColegiodeArquitectosdeChile\"]},{\"@type\":\"Person\",\"@id\":\"https:\/\/colegioarquitectos.com\/noticias\/#\/schema\/person\/685cc0aad148303c5608f049af8285ad\",\"name\":\"Colegio de Arquitectos de Chile\",\"url\":\"https:\/\/colegioarquitectos.com\/noticias\/?author=4\"}]}<\/script>\n<!-- \/ Yoast SEO plugin. -->","yoast_head_json":{"title":"Conversatorio en el marco de la XX Bienal de Arquitectura y Urbanismo 2017 - COLEGIO DE ARQUITECTOS DE CHILE","robots":{"index":"index","follow":"follow","max-snippet":"max-snippet:-1","max-image-preview":"max-image-preview:large","max-video-preview":"max-video-preview:-1"},"canonical":"https:\/\/colegioarquitectos.com\/noticias\/?p=18099","og_locale":"es_ES","og_type":"article","og_title":"Conversatorio en el marco de la XX Bienal de Arquitectura y Urbanismo 2017 - COLEGIO DE ARQUITECTOS DE CHILE","og_description":"El Decano de La Facultad de Arquitectura , Dise\u00f1o y Artes Visuales de UNIACC, Juan Luis Ramirez PhD, invita a este conversatorio\u00a0BARRIOS, PATRIMONIO Y GENTRIFICACI\u00d3N, desarrollado en el marco de la participaci\u00f3n de la Facultad de Arquitectura, Dise\u00f1o y Artes &hellip; ver m\u00e1s","og_url":"https:\/\/colegioarquitectos.com\/noticias\/?p=18099","og_site_name":"COLEGIO DE ARQUITECTOS DE CHILE","article_publisher":"https:\/\/facebook.com\/Colegioarq\/","article_published_time":"2017-08-21T17:10:23+00:00","article_modified_time":"2017-08-23T15:59:28+00:00","og_image":[{"width":690,"height":350,"url":"https:\/\/colegioarquitectos.com\/noticias\/wp-content\/uploads\/2017\/08\/UNIACC.jpg","type":"image\/jpeg"}],"author":"Colegio de Arquitectos de Chile","twitter_card":"summary_large_image","twitter_creator":"@colegioarq","twitter_site":"@colegioarq","twitter_misc":{"Escrito por":"Colegio de Arquitectos de Chile","Tiempo de lectura":"2 minutos"},"schema":{"@context":"https:\/\/schema.org","@graph":[{"@type":"Article","@id":"https:\/\/colegioarquitectos.com\/noticias\/?p=18099#article","isPartOf":{"@id":"https:\/\/colegioarquitectos.com\/noticias\/?p=18099"},"author":{"name":"Colegio de Arquitectos de Chile","@id":"https:\/\/colegioarquitectos.com\/noticias\/#\/schema\/person\/685cc0aad148303c5608f049af8285ad"},"headline":"Conversatorio en el marco de la XX Bienal de Arquitectura y Urbanismo 2017","datePublished":"2017-08-21T17:10:23+00:00","dateModified":"2017-08-23T15:59:28+00:00","mainEntityOfPage":{"@id":"https:\/\/colegioarquitectos.com\/noticias\/?p=18099"},"wordCount":374,"publisher":{"@id":"https:\/\/colegioarquitectos.com\/noticias\/#organization"},"image":{"@id":"https:\/\/colegioarquitectos.com\/noticias\/?p=18099#primaryimage"},"thumbnailUrl":"https:\/\/colegioarquitectos.com\/noticias\/wp-content\/uploads\/2017\/08\/UNIACC.jpg","articleSection":["Universidades"],"inLanguage":"es"},{"@type":"WebPage","@id":"https:\/\/colegioarquitectos.com\/noticias\/?p=18099","url":"https:\/\/colegioarquitectos.com\/noticias\/?p=18099","name":"Conversatorio en el marco de la XX Bienal de Arquitectura y Urbanismo 2017 - COLEGIO DE ARQUITECTOS DE CHILE","isPartOf":{"@id":"https:\/\/colegioarquitectos.com\/noticias\/#website"},"primaryImageOfPage":{"@id":"https:\/\/colegioarquitectos.com\/noticias\/?p=18099#primaryimage"},"image":{"@id":"https:\/\/colegioarquitectos.com\/noticias\/?p=18099#primaryimage"},"thumbnailUrl":"https:\/\/colegioarquitectos.com\/noticias\/wp-content\/uploads\/2017\/08\/UNIACC.jpg","datePublished":"2017-08-21T17:10:23+00:00","dateModified":"2017-08-23T15:59:28+00:00","breadcrumb":{"@id":"https:\/\/colegioarquitectos.com\/noticias\/?p=18099#breadcrumb"},"inLanguage":"es","potentialAction":[{"@type":"ReadAction","target":["https:\/\/colegioarquitectos.com\/noticias\/?p=18099"]}]},{"@type":"ImageObject","inLanguage":"es","@id":"https:\/\/colegioarquitectos.com\/noticias\/?p=18099#primaryimage","url":"https:\/\/colegioarquitectos.com\/noticias\/wp-content\/uploads\/2017\/08\/UNIACC.jpg","contentUrl":"https:\/\/colegioarquitectos.com\/noticias\/wp-content\/uploads\/2017\/08\/UNIACC.jpg","width":690,"height":350},{"@type":"BreadcrumbList","@id":"https:\/\/colegioarquitectos.com\/noticias\/?p=18099#breadcrumb","itemListElement":[{"@type":"ListItem","position":1,"name":"Portada","item":"https:\/\/colegioarquitectos.com\/noticias"},{"@type":"ListItem","position":2,"name":"Conversatorio en el marco de la XX Bienal de Arquitectura y Urbanismo 2017"}]},{"@type":"WebSite","@id":"https:\/\/colegioarquitectos.com\/noticias\/#website","url":"https:\/\/colegioarquitectos.com\/noticias\/","name":"COLEGIO DE ARQUITECTOS DE CHILE","description":"","publisher":{"@id":"https:\/\/colegioarquitectos.com\/noticias\/#organization"},"potentialAction":[{"@type":"SearchAction","target":{"@type":"EntryPoint","urlTemplate":"https:\/\/colegioarquitectos.com\/noticias\/?s={search_term_string}"},"query-input":{"@type":"PropertyValueSpecification","valueRequired":true,"valueName":"search_term_string"}}],"inLanguage":"es"},{"@type":"Organization","@id":"https:\/\/colegioarquitectos.com\/noticias\/#organization","name":"COLEGIO DE ARQUITECTOS DE CHILE","url":"https:\/\/colegioarquitectos.com\/noticias\/","logo":{"@type":"ImageObject","inLanguage":"es","@id":"https:\/\/colegioarquitectos.com\/noticias\/#\/schema\/logo\/image\/","url":"https:\/\/colegioarquitectos.com\/noticias\/wp-content\/uploads\/2021\/05\/ENCABEZADO-LOGO-CA.jpg","contentUrl":"https:\/\/colegioarquitectos.com\/noticias\/wp-content\/uploads\/2021\/05\/ENCABEZADO-LOGO-CA.jpg","width":690,"height":350,"caption":"COLEGIO DE ARQUITECTOS DE CHILE"},"image":{"@id":"https:\/\/colegioarquitectos.com\/noticias\/#\/schema\/logo\/image\/"},"sameAs":["https:\/\/facebook.com\/Colegioarq\/","https:\/\/x.com\/colegioarq","https:\/\/instagram.com\/colegioarq","https:\/\/youtube.com\/@ColegiodeArquitectosdeChile"]},{"@type":"Person","@id":"https:\/\/colegioarquitectos.com\/noticias\/#\/schema\/person\/685cc0aad148303c5608f049af8285ad","name":"Colegio de Arquitectos de Chile","url":"https:\/\/colegioarquitectos.com\/noticias\/?author=4"}]}},"_links":{"self":[{"href":"https:\/\/colegioarquitectos.com\/noticias\/index.php?rest_route=\/wp\/v2\/posts\/18099","targetHints":{"allow":["GET"]}}],"collection":[{"href":"https:\/\/colegioarquitectos.com\/noticias\/index.php?rest_route=\/wp\/v2\/posts"}],"about":[{"href":"https:\/\/colegioarquitectos.com\/noticias\/index.php?rest_route=\/wp\/v2\/types\/post"}],"author":[{"embeddable":true,"href":"https:\/\/colegioarquitectos.com\/noticias\/index.php?rest_route=\/wp\/v2\/users\/4"}],"replies":[{"embeddable":true,"href":"https:\/\/colegioarquitectos.com\/noticias\/index.php?rest_route=%2Fwp%2Fv2%2Fcomments&post=18099"}],"version-history":[{"count":0,"href":"https:\/\/colegioarquitectos.com\/noticias\/index.php?rest_route=\/wp\/v2\/posts\/18099\/revisions"}],"wp:featuredmedia":[{"embeddable":true,"href":"https:\/\/colegioarquitectos.com\/noticias\/index.php?rest_route=\/wp\/v2\/media\/18100"}],"wp:attachment":[{"href":"https:\/\/colegioarquitectos.com\/noticias\/index.php?rest_route=%2Fwp%2Fv2%2Fmedia&parent=18099"}],"wp:term":[{"taxonomy":"category","embeddable":true,"href":"https:\/\/colegioarquitectos.com\/noticias\/index.php?rest_route=%2Fwp%2Fv2%2Fcategories&post=18099"},{"taxonomy":"post_tag","embeddable":true,"href":"https:\/\/colegioarquitectos.com\/noticias\/index.php?rest_route=%2Fwp%2Fv2%2Ftags&post=18099"}],"curies":[{"name":"wp","href":"https:\/\/api.w.org\/{rel}","templated":true}]}}