
{"id":18286,"date":"2017-09-21T20:21:07","date_gmt":"2017-09-21T20:21:07","guid":{"rendered":"http:\/\/colegioarquitectos.com\/?p=18286"},"modified":"2017-09-21T20:21:32","modified_gmt":"2017-09-21T20:21:32","slug":"foro-internacionalizacion-de-la-ingenieria-chilena","status":"publish","type":"post","link":"https:\/\/colegioarquitectos.com\/noticias\/?p=18286","title":{"rendered":"Foro: Internacionalizaci\u00f3n de la Ingenier\u00eda Chilena"},"content":{"rendered":"<p>El d\u00eda 16 de octubre del 2017, el Colegio de Ingenieros de Chile realizar\u00e1 el Foro: \u201cInternacionalizaci\u00f3n de la Ingenier\u00eda Chilena\u201d, organizado por la Comisi\u00f3n de Educaci\u00f3n y Comisi\u00f3n de Ejercicio Profesional de esta Instituci\u00f3n. El encuentro tiene como objetivo consolidar criterios en torno a la habilitaci\u00f3n profesional, facilitar la inserci\u00f3n del ingeniero chileno a nivel mundial, y explorar los desaf\u00edos del ingeniero global.<\/p>\n<p>La jornada que se llevar\u00e1 a cabo en el Auditorio de la Universidad Aut\u00f3noma de Chile, contar\u00e1 con seis relatores pertenecientes a las organizaciones de SOCHEDI, CONDEFI, CORFO, Colegio de Ingenieros de Chile y Colegio de Ingenieros del Per\u00fa, quienes se reunir\u00e1n y analizaran la situaci\u00f3n de la formaci\u00f3n, la habilitaci\u00f3n profesional y la internacionalizaci\u00f3n de la ingenier\u00eda chilena.<\/p>\n<p>&nbsp;<\/p>\n<table width=\"583\">\n<tbody>\n<tr>\n<td width=\"300\"><strong><u>Expositor<\/u><\/strong><\/td>\n<td width=\"16\"><strong>\u00a0<\/strong><\/td>\n<td width=\"267\"><strong><u>Tema<\/u><\/strong><\/td>\n<\/tr>\n<tr>\n<td width=\"300\">\n<ol>\n<li>Dr. Mario Letelier, presidente SOCHEDI<\/li>\n<\/ol>\n<\/td>\n<td width=\"16\"><\/td>\n<td width=\"267\">Formaci\u00f3n y duraci\u00f3n de las carreras de ingenier\u00eda.<\/td>\n<\/tr>\n<tr>\n<td width=\"300\">\n<ol>\n<li>Dr. Juan Carlos Espinoza, presidente CONDEFI<\/li>\n<\/ol>\n<\/td>\n<td width=\"16\"><\/td>\n<td width=\"267\">Rol de las Facultades de Ingenier\u00eda en la inserci\u00f3n global del ingeniero.<\/td>\n<\/tr>\n<tr>\n<td width=\"300\">\n<ol>\n<li>Ing. Marcia Varela, subgerente de Transferencia Tecnol\u00f3gica de CORFO<\/li>\n<\/ol>\n<\/td>\n<td width=\"16\"><\/td>\n<td width=\"267\">Avances del Programa Ingenier\u00eda 2030.<\/td>\n<\/tr>\n<tr>\n<td width=\"300\">\n<ol>\n<li>Dra. Felisa C\u00f3rdova, presidenta Comisi\u00f3n de Educaci\u00f3n Colegio de Ingenieros<\/li>\n<\/ol>\n<\/td>\n<td width=\"16\"><\/td>\n<td width=\"267\">Formaci\u00f3n del ingeniero y calidad de la educaci\u00f3n de ingenier\u00eda.<\/td>\n<\/tr>\n<tr>\n<td width=\"300\">\n<ol>\n<li>Ing. Carlos Andreani, presidente Comisi\u00f3n de Ejercicio Profesional Colegio de Ingenieros<\/li>\n<\/ol>\n<\/td>\n<td width=\"16\"><\/td>\n<td width=\"267\">Habilitaci\u00f3n profesional de los ingenieros chilenos.<\/td>\n<\/tr>\n<tr>\n<td width=\"300\">\n<ol>\n<li>Ing. Doris Rojas, vicepresidenta Colegio de Ingenieros del Per\u00fa<\/li>\n<\/ol>\n<\/td>\n<td width=\"16\"><\/td>\n<td width=\"267\">La Experiencia del Colegio de Ingenieros del Per\u00fa APEC Engineers.<\/td>\n<\/tr>\n<\/tbody>\n<\/table>\n<p>&nbsp;<\/p>\n<p>*El evento es abierto al p\u00fablico previo a inscripci\u00f3n <a href=\"https:\/\/docs.google.com\/forms\/d\/e\/1FAIpQLSc-5FHi8CnvKdiq1dFNFvz7JMi4XQXGBjeTHoEmO4r4C0zS0g\/viewform\">Aqu\u00ed<\/a><br \/>\nM\u00e1s informaci\u00f3n: <a href=\"http:\/\/www.ingenieros.cl\/event\/foro-internalizacion-de-la-ingenieria-chilena\/\">http:\/\/www.ingenieros.cl\/event\/foro-internalizacion-de-la-ingenieria-chilena\/<\/a><\/p>\n<p>Fecha: 16 de octubre 2017<br \/>\nHora: 08:30 a 13:30hrs.<br \/>\nLugar: <a href=\"https:\/\/maps.google.com\/?q=Av.+Pedro+de+Valdivia+425&amp;entry=gmail&amp;source=g\">Av. Pedro de Valdivia 425<\/a><\/p>\n<p>&nbsp;<\/p>\n<p><img loading=\"lazy\" decoding=\"async\" class=\"alignnone wp-image-18289 size-full\" src=\"http:\/\/colegioarquitectos.com\/noticias\/wp-content\/uploads\/2017\/09\/Foro_CICh2017_600px.jpg\" alt=\"\" width=\"600\" height=\"842\" srcset=\"https:\/\/colegioarquitectos.com\/noticias\/wp-content\/uploads\/2017\/09\/Foro_CICh2017_600px.jpg 600w, https:\/\/colegioarquitectos.com\/noticias\/wp-content\/uploads\/2017\/09\/Foro_CICh2017_600px-214x300.jpg 214w\" sizes=\"auto, (max-width: 600px) 100vw, 600px\" \/><\/p>\n<p>&nbsp;<\/p>\n<p>&nbsp;<\/p>\n<p>&nbsp;<\/p>\n<p><\/p>","protected":false},"excerpt":{"rendered":"<p>El d\u00eda 16 de octubre del 2017, el Colegio de Ingenieros de Chile realizar\u00e1 el Foro: \u201cInternacionalizaci\u00f3n de la Ingenier\u00eda Chilena\u201d, organizado por la Comisi\u00f3n de Educaci\u00f3n y Comisi\u00f3n de Ejercicio Profesional de esta Instituci\u00f3n. El encuentro tiene como objetivo &hellip; <a class=\"more-link\" href=\"https:\/\/colegioarquitectos.com\/noticias\/?p=18286\">ver m\u00e1s<\/a><\/p>","protected":false},"author":4,"featured_media":18287,"comment_status":"closed","ping_status":"closed","sticky":false,"template":"","format":"standard","meta":{"footnotes":""},"categories":[19],"tags":[],"class_list":["post-18286","post","type-post","status-publish","format-standard","has-post-thumbnail","hentry","category-actividades"],"yoast_head":"<!-- This site is optimized with the Yoast SEO plugin v24.2 - https:\/\/yoast.com\/wordpress\/plugins\/seo\/ -->\n<title>Foro: Internacionalizaci\u00f3n de la Ingenier\u00eda Chilena - COLEGIO DE ARQUITECTOS DE CHILE<\/title>\n<meta name=\"robots\" content=\"index, follow, max-snippet:-1, max-image-preview:large, max-video-preview:-1\" \/>\n<link rel=\"canonical\" href=\"https:\/\/colegioarquitectos.com\/noticias\/?p=18286\" \/>\n<meta property=\"og:locale\" content=\"es_ES\" \/>\n<meta property=\"og:type\" content=\"article\" \/>\n<meta property=\"og:title\" content=\"Foro: Internacionalizaci\u00f3n de la Ingenier\u00eda Chilena - COLEGIO DE ARQUITECTOS DE CHILE\" \/>\n<meta property=\"og:description\" content=\"El d\u00eda 16 de octubre del 2017, el Colegio de Ingenieros de Chile realizar\u00e1 el Foro: \u201cInternacionalizaci\u00f3n de la Ingenier\u00eda Chilena\u201d, organizado por la Comisi\u00f3n de Educaci\u00f3n y Comisi\u00f3n de Ejercicio Profesional de esta Instituci\u00f3n. El encuentro tiene como objetivo &hellip; ver m\u00e1s\" \/>\n<meta property=\"og:url\" content=\"https:\/\/colegioarquitectos.com\/noticias\/?p=18286\" \/>\n<meta property=\"og:site_name\" content=\"COLEGIO DE ARQUITECTOS DE CHILE\" \/>\n<meta property=\"article:publisher\" content=\"https:\/\/facebook.com\/Colegioarq\/\" \/>\n<meta property=\"article:published_time\" content=\"2017-09-21T20:21:07+00:00\" \/>\n<meta property=\"article:modified_time\" content=\"2017-09-21T20:21:32+00:00\" \/>\n<meta property=\"og:image\" content=\"https:\/\/colegioarquitectos.com\/noticias\/wp-content\/uploads\/2017\/09\/Colegio-de-Ingenieros.jpg\" \/>\n\t<meta property=\"og:image:width\" content=\"690\" \/>\n\t<meta property=\"og:image:height\" content=\"350\" \/>\n\t<meta property=\"og:image:type\" content=\"image\/jpeg\" \/>\n<meta name=\"author\" content=\"Colegio de Arquitectos de Chile\" \/>\n<meta name=\"twitter:card\" content=\"summary_large_image\" \/>\n<meta name=\"twitter:creator\" content=\"@colegioarq\" \/>\n<meta name=\"twitter:site\" content=\"@colegioarq\" \/>\n<meta name=\"twitter:label1\" content=\"Escrito por\" \/>\n\t<meta name=\"twitter:data1\" content=\"Colegio de Arquitectos de Chile\" \/>\n\t<meta name=\"twitter:label2\" content=\"Tiempo de lectura\" \/>\n\t<meta name=\"twitter:data2\" content=\"1 minuto\" \/>\n<script type=\"application\/ld+json\" class=\"yoast-schema-graph\">{\"@context\":\"https:\/\/schema.org\",\"@graph\":[{\"@type\":\"Article\",\"@id\":\"https:\/\/colegioarquitectos.com\/noticias\/?p=18286#article\",\"isPartOf\":{\"@id\":\"https:\/\/colegioarquitectos.com\/noticias\/?p=18286\"},\"author\":{\"name\":\"Colegio de Arquitectos de Chile\",\"@id\":\"https:\/\/colegioarquitectos.com\/noticias\/#\/schema\/person\/685cc0aad148303c5608f049af8285ad\"},\"headline\":\"Foro: Internacionalizaci\u00f3n de la Ingenier\u00eda Chilena\",\"datePublished\":\"2017-09-21T20:21:07+00:00\",\"dateModified\":\"2017-09-21T20:21:32+00:00\",\"mainEntityOfPage\":{\"@id\":\"https:\/\/colegioarquitectos.com\/noticias\/?p=18286\"},\"wordCount\":302,\"publisher\":{\"@id\":\"https:\/\/colegioarquitectos.com\/noticias\/#organization\"},\"image\":{\"@id\":\"https:\/\/colegioarquitectos.com\/noticias\/?p=18286#primaryimage\"},\"thumbnailUrl\":\"https:\/\/colegioarquitectos.com\/noticias\/wp-content\/uploads\/2017\/09\/Colegio-de-Ingenieros.jpg\",\"articleSection\":[\"Actividades\"],\"inLanguage\":\"es\"},{\"@type\":\"WebPage\",\"@id\":\"https:\/\/colegioarquitectos.com\/noticias\/?p=18286\",\"url\":\"https:\/\/colegioarquitectos.com\/noticias\/?p=18286\",\"name\":\"Foro: Internacionalizaci\u00f3n de la Ingenier\u00eda Chilena - COLEGIO DE ARQUITECTOS DE CHILE\",\"isPartOf\":{\"@id\":\"https:\/\/colegioarquitectos.com\/noticias\/#website\"},\"primaryImageOfPage\":{\"@id\":\"https:\/\/colegioarquitectos.com\/noticias\/?p=18286#primaryimage\"},\"image\":{\"@id\":\"https:\/\/colegioarquitectos.com\/noticias\/?p=18286#primaryimage\"},\"thumbnailUrl\":\"https:\/\/colegioarquitectos.com\/noticias\/wp-content\/uploads\/2017\/09\/Colegio-de-Ingenieros.jpg\",\"datePublished\":\"2017-09-21T20:21:07+00:00\",\"dateModified\":\"2017-09-21T20:21:32+00:00\",\"breadcrumb\":{\"@id\":\"https:\/\/colegioarquitectos.com\/noticias\/?p=18286#breadcrumb\"},\"inLanguage\":\"es\",\"potentialAction\":[{\"@type\":\"ReadAction\",\"target\":[\"https:\/\/colegioarquitectos.com\/noticias\/?p=18286\"]}]},{\"@type\":\"ImageObject\",\"inLanguage\":\"es\",\"@id\":\"https:\/\/colegioarquitectos.com\/noticias\/?p=18286#primaryimage\",\"url\":\"https:\/\/colegioarquitectos.com\/noticias\/wp-content\/uploads\/2017\/09\/Colegio-de-Ingenieros.jpg\",\"contentUrl\":\"https:\/\/colegioarquitectos.com\/noticias\/wp-content\/uploads\/2017\/09\/Colegio-de-Ingenieros.jpg\",\"width\":690,\"height\":350},{\"@type\":\"BreadcrumbList\",\"@id\":\"https:\/\/colegioarquitectos.com\/noticias\/?p=18286#breadcrumb\",\"itemListElement\":[{\"@type\":\"ListItem\",\"position\":1,\"name\":\"Portada\",\"item\":\"https:\/\/colegioarquitectos.com\/noticias\"},{\"@type\":\"ListItem\",\"position\":2,\"name\":\"Foro: Internacionalizaci\u00f3n de la Ingenier\u00eda Chilena\"}]},{\"@type\":\"WebSite\",\"@id\":\"https:\/\/colegioarquitectos.com\/noticias\/#website\",\"url\":\"https:\/\/colegioarquitectos.com\/noticias\/\",\"name\":\"COLEGIO DE ARQUITECTOS DE CHILE\",\"description\":\"\",\"publisher\":{\"@id\":\"https:\/\/colegioarquitectos.com\/noticias\/#organization\"},\"potentialAction\":[{\"@type\":\"SearchAction\",\"target\":{\"@type\":\"EntryPoint\",\"urlTemplate\":\"https:\/\/colegioarquitectos.com\/noticias\/?s={search_term_string}\"},\"query-input\":{\"@type\":\"PropertyValueSpecification\",\"valueRequired\":true,\"valueName\":\"search_term_string\"}}],\"inLanguage\":\"es\"},{\"@type\":\"Organization\",\"@id\":\"https:\/\/colegioarquitectos.com\/noticias\/#organization\",\"name\":\"COLEGIO DE ARQUITECTOS DE CHILE\",\"url\":\"https:\/\/colegioarquitectos.com\/noticias\/\",\"logo\":{\"@type\":\"ImageObject\",\"inLanguage\":\"es\",\"@id\":\"https:\/\/colegioarquitectos.com\/noticias\/#\/schema\/logo\/image\/\",\"url\":\"https:\/\/colegioarquitectos.com\/noticias\/wp-content\/uploads\/2021\/05\/ENCABEZADO-LOGO-CA.jpg\",\"contentUrl\":\"https:\/\/colegioarquitectos.com\/noticias\/wp-content\/uploads\/2021\/05\/ENCABEZADO-LOGO-CA.jpg\",\"width\":690,\"height\":350,\"caption\":\"COLEGIO DE ARQUITECTOS DE CHILE\"},\"image\":{\"@id\":\"https:\/\/colegioarquitectos.com\/noticias\/#\/schema\/logo\/image\/\"},\"sameAs\":[\"https:\/\/facebook.com\/Colegioarq\/\",\"https:\/\/x.com\/colegioarq\",\"https:\/\/instagram.com\/colegioarq\",\"https:\/\/youtube.com\/@ColegiodeArquitectosdeChile\"]},{\"@type\":\"Person\",\"@id\":\"https:\/\/colegioarquitectos.com\/noticias\/#\/schema\/person\/685cc0aad148303c5608f049af8285ad\",\"name\":\"Colegio de Arquitectos de Chile\",\"url\":\"https:\/\/colegioarquitectos.com\/noticias\/?author=4\"}]}<\/script>\n<!-- \/ Yoast SEO plugin. -->","yoast_head_json":{"title":"Foro: Internacionalizaci\u00f3n de la Ingenier\u00eda Chilena - COLEGIO DE ARQUITECTOS DE CHILE","robots":{"index":"index","follow":"follow","max-snippet":"max-snippet:-1","max-image-preview":"max-image-preview:large","max-video-preview":"max-video-preview:-1"},"canonical":"https:\/\/colegioarquitectos.com\/noticias\/?p=18286","og_locale":"es_ES","og_type":"article","og_title":"Foro: Internacionalizaci\u00f3n de la Ingenier\u00eda Chilena - COLEGIO DE ARQUITECTOS DE CHILE","og_description":"El d\u00eda 16 de octubre del 2017, el Colegio de Ingenieros de Chile realizar\u00e1 el Foro: \u201cInternacionalizaci\u00f3n de la Ingenier\u00eda Chilena\u201d, organizado por la Comisi\u00f3n de Educaci\u00f3n y Comisi\u00f3n de Ejercicio Profesional de esta Instituci\u00f3n. El encuentro tiene como objetivo &hellip; ver m\u00e1s","og_url":"https:\/\/colegioarquitectos.com\/noticias\/?p=18286","og_site_name":"COLEGIO DE ARQUITECTOS DE CHILE","article_publisher":"https:\/\/facebook.com\/Colegioarq\/","article_published_time":"2017-09-21T20:21:07+00:00","article_modified_time":"2017-09-21T20:21:32+00:00","og_image":[{"width":690,"height":350,"url":"https:\/\/colegioarquitectos.com\/noticias\/wp-content\/uploads\/2017\/09\/Colegio-de-Ingenieros.jpg","type":"image\/jpeg"}],"author":"Colegio de Arquitectos de Chile","twitter_card":"summary_large_image","twitter_creator":"@colegioarq","twitter_site":"@colegioarq","twitter_misc":{"Escrito por":"Colegio de Arquitectos de Chile","Tiempo de lectura":"1 minuto"},"schema":{"@context":"https:\/\/schema.org","@graph":[{"@type":"Article","@id":"https:\/\/colegioarquitectos.com\/noticias\/?p=18286#article","isPartOf":{"@id":"https:\/\/colegioarquitectos.com\/noticias\/?p=18286"},"author":{"name":"Colegio de Arquitectos de Chile","@id":"https:\/\/colegioarquitectos.com\/noticias\/#\/schema\/person\/685cc0aad148303c5608f049af8285ad"},"headline":"Foro: Internacionalizaci\u00f3n de la Ingenier\u00eda Chilena","datePublished":"2017-09-21T20:21:07+00:00","dateModified":"2017-09-21T20:21:32+00:00","mainEntityOfPage":{"@id":"https:\/\/colegioarquitectos.com\/noticias\/?p=18286"},"wordCount":302,"publisher":{"@id":"https:\/\/colegioarquitectos.com\/noticias\/#organization"},"image":{"@id":"https:\/\/colegioarquitectos.com\/noticias\/?p=18286#primaryimage"},"thumbnailUrl":"https:\/\/colegioarquitectos.com\/noticias\/wp-content\/uploads\/2017\/09\/Colegio-de-Ingenieros.jpg","articleSection":["Actividades"],"inLanguage":"es"},{"@type":"WebPage","@id":"https:\/\/colegioarquitectos.com\/noticias\/?p=18286","url":"https:\/\/colegioarquitectos.com\/noticias\/?p=18286","name":"Foro: Internacionalizaci\u00f3n de la Ingenier\u00eda Chilena - COLEGIO DE ARQUITECTOS DE CHILE","isPartOf":{"@id":"https:\/\/colegioarquitectos.com\/noticias\/#website"},"primaryImageOfPage":{"@id":"https:\/\/colegioarquitectos.com\/noticias\/?p=18286#primaryimage"},"image":{"@id":"https:\/\/colegioarquitectos.com\/noticias\/?p=18286#primaryimage"},"thumbnailUrl":"https:\/\/colegioarquitectos.com\/noticias\/wp-content\/uploads\/2017\/09\/Colegio-de-Ingenieros.jpg","datePublished":"2017-09-21T20:21:07+00:00","dateModified":"2017-09-21T20:21:32+00:00","breadcrumb":{"@id":"https:\/\/colegioarquitectos.com\/noticias\/?p=18286#breadcrumb"},"inLanguage":"es","potentialAction":[{"@type":"ReadAction","target":["https:\/\/colegioarquitectos.com\/noticias\/?p=18286"]}]},{"@type":"ImageObject","inLanguage":"es","@id":"https:\/\/colegioarquitectos.com\/noticias\/?p=18286#primaryimage","url":"https:\/\/colegioarquitectos.com\/noticias\/wp-content\/uploads\/2017\/09\/Colegio-de-Ingenieros.jpg","contentUrl":"https:\/\/colegioarquitectos.com\/noticias\/wp-content\/uploads\/2017\/09\/Colegio-de-Ingenieros.jpg","width":690,"height":350},{"@type":"BreadcrumbList","@id":"https:\/\/colegioarquitectos.com\/noticias\/?p=18286#breadcrumb","itemListElement":[{"@type":"ListItem","position":1,"name":"Portada","item":"https:\/\/colegioarquitectos.com\/noticias"},{"@type":"ListItem","position":2,"name":"Foro: Internacionalizaci\u00f3n de la Ingenier\u00eda Chilena"}]},{"@type":"WebSite","@id":"https:\/\/colegioarquitectos.com\/noticias\/#website","url":"https:\/\/colegioarquitectos.com\/noticias\/","name":"COLEGIO DE ARQUITECTOS DE CHILE","description":"","publisher":{"@id":"https:\/\/colegioarquitectos.com\/noticias\/#organization"},"potentialAction":[{"@type":"SearchAction","target":{"@type":"EntryPoint","urlTemplate":"https:\/\/colegioarquitectos.com\/noticias\/?s={search_term_string}"},"query-input":{"@type":"PropertyValueSpecification","valueRequired":true,"valueName":"search_term_string"}}],"inLanguage":"es"},{"@type":"Organization","@id":"https:\/\/colegioarquitectos.com\/noticias\/#organization","name":"COLEGIO DE ARQUITECTOS DE CHILE","url":"https:\/\/colegioarquitectos.com\/noticias\/","logo":{"@type":"ImageObject","inLanguage":"es","@id":"https:\/\/colegioarquitectos.com\/noticias\/#\/schema\/logo\/image\/","url":"https:\/\/colegioarquitectos.com\/noticias\/wp-content\/uploads\/2021\/05\/ENCABEZADO-LOGO-CA.jpg","contentUrl":"https:\/\/colegioarquitectos.com\/noticias\/wp-content\/uploads\/2021\/05\/ENCABEZADO-LOGO-CA.jpg","width":690,"height":350,"caption":"COLEGIO DE ARQUITECTOS DE CHILE"},"image":{"@id":"https:\/\/colegioarquitectos.com\/noticias\/#\/schema\/logo\/image\/"},"sameAs":["https:\/\/facebook.com\/Colegioarq\/","https:\/\/x.com\/colegioarq","https:\/\/instagram.com\/colegioarq","https:\/\/youtube.com\/@ColegiodeArquitectosdeChile"]},{"@type":"Person","@id":"https:\/\/colegioarquitectos.com\/noticias\/#\/schema\/person\/685cc0aad148303c5608f049af8285ad","name":"Colegio de Arquitectos de Chile","url":"https:\/\/colegioarquitectos.com\/noticias\/?author=4"}]}},"_links":{"self":[{"href":"https:\/\/colegioarquitectos.com\/noticias\/index.php?rest_route=\/wp\/v2\/posts\/18286","targetHints":{"allow":["GET"]}}],"collection":[{"href":"https:\/\/colegioarquitectos.com\/noticias\/index.php?rest_route=\/wp\/v2\/posts"}],"about":[{"href":"https:\/\/colegioarquitectos.com\/noticias\/index.php?rest_route=\/wp\/v2\/types\/post"}],"author":[{"embeddable":true,"href":"https:\/\/colegioarquitectos.com\/noticias\/index.php?rest_route=\/wp\/v2\/users\/4"}],"replies":[{"embeddable":true,"href":"https:\/\/colegioarquitectos.com\/noticias\/index.php?rest_route=%2Fwp%2Fv2%2Fcomments&post=18286"}],"version-history":[{"count":0,"href":"https:\/\/colegioarquitectos.com\/noticias\/index.php?rest_route=\/wp\/v2\/posts\/18286\/revisions"}],"wp:featuredmedia":[{"embeddable":true,"href":"https:\/\/colegioarquitectos.com\/noticias\/index.php?rest_route=\/wp\/v2\/media\/18287"}],"wp:attachment":[{"href":"https:\/\/colegioarquitectos.com\/noticias\/index.php?rest_route=%2Fwp%2Fv2%2Fmedia&parent=18286"}],"wp:term":[{"taxonomy":"category","embeddable":true,"href":"https:\/\/colegioarquitectos.com\/noticias\/index.php?rest_route=%2Fwp%2Fv2%2Fcategories&post=18286"},{"taxonomy":"post_tag","embeddable":true,"href":"https:\/\/colegioarquitectos.com\/noticias\/index.php?rest_route=%2Fwp%2Fv2%2Ftags&post=18286"}],"curies":[{"name":"wp","href":"https:\/\/api.w.org\/{rel}","templated":true}]}}