
{"id":18292,"date":"2017-09-21T10:00:58","date_gmt":"2017-09-21T10:00:58","guid":{"rendered":"http:\/\/colegioarquitectos.com\/?p=18292"},"modified":"2017-09-21T20:49:25","modified_gmt":"2017-09-21T20:49:25","slug":"seminario-construccion-industrializada","status":"publish","type":"post","link":"https:\/\/colegioarquitectos.com\/noticias\/?p=18292","title":{"rendered":"Seminario Construcci\u00f3n Industrializada"},"content":{"rendered":"<p>El pr\u00f3ximo martes 26 de septiembre, AARQHOS y el Programa Construye2025, impulsado por Transfroma de CORFO, realizar\u00e1n el <strong>\u201cSeminario Construcci\u00f3n Industrializada: Una Alternativa para Mejorar la Productividad y Sustentabilidad en Proyectos de Salud\u201d<\/strong> en el Auditorio del Edificio Moneda Bicentenario, Teatinos 92, Santiago Centro, entre las 08:30 y 13:30 hrs.<\/p>\n<p>La alianza de Construye2025 con AARQHOS \u2013Asociaci\u00f3n Chilena de Arquitectura y Especialidades Hospitalarias- para este seminario, se enfoca en dar a conocer las ventajas de la Construcci\u00f3n Industrializada y la metodolog\u00eda BIM, para mejorar la productividad, calidad y sustentabilidad en proyectos de infraestructura hospitalaria, en las etapas de dise\u00f1o, construcci\u00f3n y operaci\u00f3n, para de esta forma aportar a la eficiencia en el uso de los recursos en el \u00e1rea de la salud, mejorando la calidad, disminuyendo los costos y plazos de la construcci\u00f3n de los edificios hospitalarios en el pa\u00eds .<\/p>\n<p>Entre los conferencistas de este evento gratuito previa inscripci\u00f3n, se encuentra Carlos Azolas, arquitecto de la oficina norteamericana NBBJ \u2013Empresa que lider\u00f3 uno de los proyectos emblem\u00e1ticos en materia BIM y Construcci\u00f3n Industrializada: el Miami Valley Hospital-; Gonzalo Aparicio, Gerente de Proyectos y Consultor en Arquitectura e Ingenier\u00eda Astudillo Consultores, quien hablar\u00e1 sobre los beneficios de la Construcci\u00f3n Industrializada: mayor productividad en la etapa de dise\u00f1o, y mejor calidad y sustentabilidad en la etapa de construcci\u00f3n y operaci\u00f3n; Marcos Brito, Gerente de Construye2025 y Carolina Soto, Directora Ejecutiva de Planbim; entre otros expertos relacionados al \u00e1rea salud.<\/p>\n<p>Seg\u00fan un estudio de la C\u00e1mara Chilena de Construcci\u00f3n (CChC), en promedio, m\u00e1s del 39% de los hospitales construidos con fondos sectoriales sufri\u00f3 un incremento en el plazo de su entrega, con respecto a lo establecido en sus contratos. En cuanto a los costos, aumentaron en promedio un 10,28%. En este estudio se estipul\u00f3 que el aumento en la fecha de entregas y de los costos se vieron influenciados porque las bases de licitaci\u00f3n eran dis\u00edmiles entre los servicios, los proyectos presentados eran inmaduros, la capacidad t\u00e9cnica no era la suficiente y no hubo un mayor involucramiento por parte de las autoridades.<\/p>\n<p>En virtud de lo anterior, surge una oportunidad a trav\u00e9s de la industrializaci\u00f3n y del uso de BIM, para lo cual este seminario espera entregar informaci\u00f3n sobre tecnolog\u00edas y metodolog\u00edas, que permita a las empresas ser m\u00e1s competitivas, aportando a aumentar la productividad y la sustentabilidad, abordando diversos temas, tales como: energ\u00e9ticos, calidad del ambiente interior de los hospitales, reducci\u00f3n de impactos de la construcci\u00f3n, calidad en los recintos de la salud, mantenci\u00f3n y operaci\u00f3n de las obras, disminuci\u00f3n los plazos de entrega, certeza en los costos y de esta forma.<\/p>\n<p>Para m\u00e1s informaci\u00f3n e inscripciones al seminario, consulte los sitios <a href=\"http:\/\/www.aarqhos.cl\">www.aarqhos.cl<\/a> y <a href=\"http:\/\/www.construye2025.cl\">www.construye2025.cl<\/a><\/p>\n<p>&nbsp;<\/p>\n<p><img loading=\"lazy\" decoding=\"async\" class=\"alignnone wp-image-18294 size-full\" src=\"http:\/\/colegioarquitectos.com\/noticias\/wp-content\/uploads\/2017\/09\/Seminario_infraestructurahospitalaria.png\" alt=\"\" width=\"571\" height=\"800\" srcset=\"https:\/\/colegioarquitectos.com\/noticias\/wp-content\/uploads\/2017\/09\/Seminario_infraestructurahospitalaria.png 571w, https:\/\/colegioarquitectos.com\/noticias\/wp-content\/uploads\/2017\/09\/Seminario_infraestructurahospitalaria-214x300.png 214w\" sizes=\"auto, (max-width: 571px) 100vw, 571px\" \/><\/p>\n<p><\/p>","protected":false},"excerpt":{"rendered":"<p>El pr\u00f3ximo martes 26 de septiembre, AARQHOS y el Programa Construye2025, impulsado por Transfroma de CORFO, realizar\u00e1n el \u201cSeminario Construcci\u00f3n Industrializada: Una Alternativa para Mejorar la Productividad y Sustentabilidad en Proyectos de Salud\u201d en el Auditorio del Edificio Moneda Bicentenario, &hellip; <a class=\"more-link\" href=\"https:\/\/colegioarquitectos.com\/noticias\/?p=18292\">ver m\u00e1s<\/a><\/p>","protected":false},"author":4,"featured_media":18293,"comment_status":"closed","ping_status":"closed","sticky":false,"template":"","format":"standard","meta":{"footnotes":""},"categories":[19],"tags":[],"class_list":["post-18292","post","type-post","status-publish","format-standard","has-post-thumbnail","hentry","category-actividades"],"yoast_head":"<!-- This site is optimized with the Yoast SEO plugin v24.2 - https:\/\/yoast.com\/wordpress\/plugins\/seo\/ -->\n<title>Seminario Construcci\u00f3n Industrializada - COLEGIO DE ARQUITECTOS DE CHILE<\/title>\n<meta name=\"robots\" content=\"index, follow, max-snippet:-1, max-image-preview:large, max-video-preview:-1\" \/>\n<link rel=\"canonical\" href=\"https:\/\/colegioarquitectos.com\/noticias\/?p=18292\" \/>\n<meta property=\"og:locale\" content=\"es_ES\" \/>\n<meta property=\"og:type\" content=\"article\" \/>\n<meta property=\"og:title\" content=\"Seminario Construcci\u00f3n Industrializada - COLEGIO DE ARQUITECTOS DE CHILE\" \/>\n<meta property=\"og:description\" content=\"El pr\u00f3ximo martes 26 de septiembre, AARQHOS y el Programa Construye2025, impulsado por Transfroma de CORFO, realizar\u00e1n el \u201cSeminario Construcci\u00f3n Industrializada: Una Alternativa para Mejorar la Productividad y Sustentabilidad en Proyectos de Salud\u201d en el Auditorio del Edificio Moneda Bicentenario, &hellip; ver m\u00e1s\" \/>\n<meta property=\"og:url\" content=\"https:\/\/colegioarquitectos.com\/noticias\/?p=18292\" \/>\n<meta property=\"og:site_name\" content=\"COLEGIO DE ARQUITECTOS DE CHILE\" \/>\n<meta property=\"article:publisher\" content=\"https:\/\/facebook.com\/Colegioarq\/\" \/>\n<meta property=\"article:published_time\" content=\"2017-09-21T10:00:58+00:00\" \/>\n<meta property=\"article:modified_time\" content=\"2017-09-21T20:49:25+00:00\" \/>\n<meta property=\"og:image\" content=\"https:\/\/colegioarquitectos.com\/noticias\/wp-content\/uploads\/2017\/09\/Seminario_infraestructurahospitalaria.jpg\" \/>\n\t<meta property=\"og:image:width\" content=\"690\" \/>\n\t<meta property=\"og:image:height\" content=\"350\" \/>\n\t<meta property=\"og:image:type\" content=\"image\/jpeg\" \/>\n<meta name=\"author\" content=\"Colegio de Arquitectos de Chile\" \/>\n<meta name=\"twitter:card\" content=\"summary_large_image\" \/>\n<meta name=\"twitter:creator\" content=\"@colegioarq\" \/>\n<meta name=\"twitter:site\" content=\"@colegioarq\" \/>\n<meta name=\"twitter:label1\" content=\"Escrito por\" \/>\n\t<meta name=\"twitter:data1\" content=\"Colegio de Arquitectos de Chile\" \/>\n\t<meta name=\"twitter:label2\" content=\"Tiempo de lectura\" \/>\n\t<meta name=\"twitter:data2\" content=\"2 minutos\" \/>\n<script type=\"application\/ld+json\" class=\"yoast-schema-graph\">{\"@context\":\"https:\/\/schema.org\",\"@graph\":[{\"@type\":\"Article\",\"@id\":\"https:\/\/colegioarquitectos.com\/noticias\/?p=18292#article\",\"isPartOf\":{\"@id\":\"https:\/\/colegioarquitectos.com\/noticias\/?p=18292\"},\"author\":{\"name\":\"Colegio de Arquitectos de Chile\",\"@id\":\"https:\/\/colegioarquitectos.com\/noticias\/#\/schema\/person\/685cc0aad148303c5608f049af8285ad\"},\"headline\":\"Seminario Construcci\u00f3n Industrializada\",\"datePublished\":\"2017-09-21T10:00:58+00:00\",\"dateModified\":\"2017-09-21T20:49:25+00:00\",\"mainEntityOfPage\":{\"@id\":\"https:\/\/colegioarquitectos.com\/noticias\/?p=18292\"},\"wordCount\":486,\"publisher\":{\"@id\":\"https:\/\/colegioarquitectos.com\/noticias\/#organization\"},\"image\":{\"@id\":\"https:\/\/colegioarquitectos.com\/noticias\/?p=18292#primaryimage\"},\"thumbnailUrl\":\"https:\/\/colegioarquitectos.com\/noticias\/wp-content\/uploads\/2017\/09\/Seminario_infraestructurahospitalaria.jpg\",\"articleSection\":[\"Actividades\"],\"inLanguage\":\"es\"},{\"@type\":\"WebPage\",\"@id\":\"https:\/\/colegioarquitectos.com\/noticias\/?p=18292\",\"url\":\"https:\/\/colegioarquitectos.com\/noticias\/?p=18292\",\"name\":\"Seminario Construcci\u00f3n Industrializada - COLEGIO DE ARQUITECTOS DE CHILE\",\"isPartOf\":{\"@id\":\"https:\/\/colegioarquitectos.com\/noticias\/#website\"},\"primaryImageOfPage\":{\"@id\":\"https:\/\/colegioarquitectos.com\/noticias\/?p=18292#primaryimage\"},\"image\":{\"@id\":\"https:\/\/colegioarquitectos.com\/noticias\/?p=18292#primaryimage\"},\"thumbnailUrl\":\"https:\/\/colegioarquitectos.com\/noticias\/wp-content\/uploads\/2017\/09\/Seminario_infraestructurahospitalaria.jpg\",\"datePublished\":\"2017-09-21T10:00:58+00:00\",\"dateModified\":\"2017-09-21T20:49:25+00:00\",\"breadcrumb\":{\"@id\":\"https:\/\/colegioarquitectos.com\/noticias\/?p=18292#breadcrumb\"},\"inLanguage\":\"es\",\"potentialAction\":[{\"@type\":\"ReadAction\",\"target\":[\"https:\/\/colegioarquitectos.com\/noticias\/?p=18292\"]}]},{\"@type\":\"ImageObject\",\"inLanguage\":\"es\",\"@id\":\"https:\/\/colegioarquitectos.com\/noticias\/?p=18292#primaryimage\",\"url\":\"https:\/\/colegioarquitectos.com\/noticias\/wp-content\/uploads\/2017\/09\/Seminario_infraestructurahospitalaria.jpg\",\"contentUrl\":\"https:\/\/colegioarquitectos.com\/noticias\/wp-content\/uploads\/2017\/09\/Seminario_infraestructurahospitalaria.jpg\",\"width\":690,\"height\":350},{\"@type\":\"BreadcrumbList\",\"@id\":\"https:\/\/colegioarquitectos.com\/noticias\/?p=18292#breadcrumb\",\"itemListElement\":[{\"@type\":\"ListItem\",\"position\":1,\"name\":\"Portada\",\"item\":\"https:\/\/colegioarquitectos.com\/noticias\"},{\"@type\":\"ListItem\",\"position\":2,\"name\":\"Seminario Construcci\u00f3n Industrializada\"}]},{\"@type\":\"WebSite\",\"@id\":\"https:\/\/colegioarquitectos.com\/noticias\/#website\",\"url\":\"https:\/\/colegioarquitectos.com\/noticias\/\",\"name\":\"COLEGIO DE ARQUITECTOS DE CHILE\",\"description\":\"\",\"publisher\":{\"@id\":\"https:\/\/colegioarquitectos.com\/noticias\/#organization\"},\"potentialAction\":[{\"@type\":\"SearchAction\",\"target\":{\"@type\":\"EntryPoint\",\"urlTemplate\":\"https:\/\/colegioarquitectos.com\/noticias\/?s={search_term_string}\"},\"query-input\":{\"@type\":\"PropertyValueSpecification\",\"valueRequired\":true,\"valueName\":\"search_term_string\"}}],\"inLanguage\":\"es\"},{\"@type\":\"Organization\",\"@id\":\"https:\/\/colegioarquitectos.com\/noticias\/#organization\",\"name\":\"COLEGIO DE ARQUITECTOS DE CHILE\",\"url\":\"https:\/\/colegioarquitectos.com\/noticias\/\",\"logo\":{\"@type\":\"ImageObject\",\"inLanguage\":\"es\",\"@id\":\"https:\/\/colegioarquitectos.com\/noticias\/#\/schema\/logo\/image\/\",\"url\":\"https:\/\/colegioarquitectos.com\/noticias\/wp-content\/uploads\/2021\/05\/ENCABEZADO-LOGO-CA.jpg\",\"contentUrl\":\"https:\/\/colegioarquitectos.com\/noticias\/wp-content\/uploads\/2021\/05\/ENCABEZADO-LOGO-CA.jpg\",\"width\":690,\"height\":350,\"caption\":\"COLEGIO DE ARQUITECTOS DE CHILE\"},\"image\":{\"@id\":\"https:\/\/colegioarquitectos.com\/noticias\/#\/schema\/logo\/image\/\"},\"sameAs\":[\"https:\/\/facebook.com\/Colegioarq\/\",\"https:\/\/x.com\/colegioarq\",\"https:\/\/instagram.com\/colegioarq\",\"https:\/\/youtube.com\/@ColegiodeArquitectosdeChile\"]},{\"@type\":\"Person\",\"@id\":\"https:\/\/colegioarquitectos.com\/noticias\/#\/schema\/person\/685cc0aad148303c5608f049af8285ad\",\"name\":\"Colegio de Arquitectos de Chile\",\"url\":\"https:\/\/colegioarquitectos.com\/noticias\/?author=4\"}]}<\/script>\n<!-- \/ Yoast SEO plugin. -->","yoast_head_json":{"title":"Seminario Construcci\u00f3n Industrializada - COLEGIO DE ARQUITECTOS DE CHILE","robots":{"index":"index","follow":"follow","max-snippet":"max-snippet:-1","max-image-preview":"max-image-preview:large","max-video-preview":"max-video-preview:-1"},"canonical":"https:\/\/colegioarquitectos.com\/noticias\/?p=18292","og_locale":"es_ES","og_type":"article","og_title":"Seminario Construcci\u00f3n Industrializada - COLEGIO DE ARQUITECTOS DE CHILE","og_description":"El pr\u00f3ximo martes 26 de septiembre, AARQHOS y el Programa Construye2025, impulsado por Transfroma de CORFO, realizar\u00e1n el \u201cSeminario Construcci\u00f3n Industrializada: Una Alternativa para Mejorar la Productividad y Sustentabilidad en Proyectos de Salud\u201d en el Auditorio del Edificio Moneda Bicentenario, &hellip; ver m\u00e1s","og_url":"https:\/\/colegioarquitectos.com\/noticias\/?p=18292","og_site_name":"COLEGIO DE ARQUITECTOS DE CHILE","article_publisher":"https:\/\/facebook.com\/Colegioarq\/","article_published_time":"2017-09-21T10:00:58+00:00","article_modified_time":"2017-09-21T20:49:25+00:00","og_image":[{"width":690,"height":350,"url":"https:\/\/colegioarquitectos.com\/noticias\/wp-content\/uploads\/2017\/09\/Seminario_infraestructurahospitalaria.jpg","type":"image\/jpeg"}],"author":"Colegio de Arquitectos de Chile","twitter_card":"summary_large_image","twitter_creator":"@colegioarq","twitter_site":"@colegioarq","twitter_misc":{"Escrito por":"Colegio de Arquitectos de Chile","Tiempo de lectura":"2 minutos"},"schema":{"@context":"https:\/\/schema.org","@graph":[{"@type":"Article","@id":"https:\/\/colegioarquitectos.com\/noticias\/?p=18292#article","isPartOf":{"@id":"https:\/\/colegioarquitectos.com\/noticias\/?p=18292"},"author":{"name":"Colegio de Arquitectos de Chile","@id":"https:\/\/colegioarquitectos.com\/noticias\/#\/schema\/person\/685cc0aad148303c5608f049af8285ad"},"headline":"Seminario Construcci\u00f3n Industrializada","datePublished":"2017-09-21T10:00:58+00:00","dateModified":"2017-09-21T20:49:25+00:00","mainEntityOfPage":{"@id":"https:\/\/colegioarquitectos.com\/noticias\/?p=18292"},"wordCount":486,"publisher":{"@id":"https:\/\/colegioarquitectos.com\/noticias\/#organization"},"image":{"@id":"https:\/\/colegioarquitectos.com\/noticias\/?p=18292#primaryimage"},"thumbnailUrl":"https:\/\/colegioarquitectos.com\/noticias\/wp-content\/uploads\/2017\/09\/Seminario_infraestructurahospitalaria.jpg","articleSection":["Actividades"],"inLanguage":"es"},{"@type":"WebPage","@id":"https:\/\/colegioarquitectos.com\/noticias\/?p=18292","url":"https:\/\/colegioarquitectos.com\/noticias\/?p=18292","name":"Seminario Construcci\u00f3n Industrializada - COLEGIO DE ARQUITECTOS DE CHILE","isPartOf":{"@id":"https:\/\/colegioarquitectos.com\/noticias\/#website"},"primaryImageOfPage":{"@id":"https:\/\/colegioarquitectos.com\/noticias\/?p=18292#primaryimage"},"image":{"@id":"https:\/\/colegioarquitectos.com\/noticias\/?p=18292#primaryimage"},"thumbnailUrl":"https:\/\/colegioarquitectos.com\/noticias\/wp-content\/uploads\/2017\/09\/Seminario_infraestructurahospitalaria.jpg","datePublished":"2017-09-21T10:00:58+00:00","dateModified":"2017-09-21T20:49:25+00:00","breadcrumb":{"@id":"https:\/\/colegioarquitectos.com\/noticias\/?p=18292#breadcrumb"},"inLanguage":"es","potentialAction":[{"@type":"ReadAction","target":["https:\/\/colegioarquitectos.com\/noticias\/?p=18292"]}]},{"@type":"ImageObject","inLanguage":"es","@id":"https:\/\/colegioarquitectos.com\/noticias\/?p=18292#primaryimage","url":"https:\/\/colegioarquitectos.com\/noticias\/wp-content\/uploads\/2017\/09\/Seminario_infraestructurahospitalaria.jpg","contentUrl":"https:\/\/colegioarquitectos.com\/noticias\/wp-content\/uploads\/2017\/09\/Seminario_infraestructurahospitalaria.jpg","width":690,"height":350},{"@type":"BreadcrumbList","@id":"https:\/\/colegioarquitectos.com\/noticias\/?p=18292#breadcrumb","itemListElement":[{"@type":"ListItem","position":1,"name":"Portada","item":"https:\/\/colegioarquitectos.com\/noticias"},{"@type":"ListItem","position":2,"name":"Seminario Construcci\u00f3n Industrializada"}]},{"@type":"WebSite","@id":"https:\/\/colegioarquitectos.com\/noticias\/#website","url":"https:\/\/colegioarquitectos.com\/noticias\/","name":"COLEGIO DE ARQUITECTOS DE CHILE","description":"","publisher":{"@id":"https:\/\/colegioarquitectos.com\/noticias\/#organization"},"potentialAction":[{"@type":"SearchAction","target":{"@type":"EntryPoint","urlTemplate":"https:\/\/colegioarquitectos.com\/noticias\/?s={search_term_string}"},"query-input":{"@type":"PropertyValueSpecification","valueRequired":true,"valueName":"search_term_string"}}],"inLanguage":"es"},{"@type":"Organization","@id":"https:\/\/colegioarquitectos.com\/noticias\/#organization","name":"COLEGIO DE ARQUITECTOS DE CHILE","url":"https:\/\/colegioarquitectos.com\/noticias\/","logo":{"@type":"ImageObject","inLanguage":"es","@id":"https:\/\/colegioarquitectos.com\/noticias\/#\/schema\/logo\/image\/","url":"https:\/\/colegioarquitectos.com\/noticias\/wp-content\/uploads\/2021\/05\/ENCABEZADO-LOGO-CA.jpg","contentUrl":"https:\/\/colegioarquitectos.com\/noticias\/wp-content\/uploads\/2021\/05\/ENCABEZADO-LOGO-CA.jpg","width":690,"height":350,"caption":"COLEGIO DE ARQUITECTOS DE CHILE"},"image":{"@id":"https:\/\/colegioarquitectos.com\/noticias\/#\/schema\/logo\/image\/"},"sameAs":["https:\/\/facebook.com\/Colegioarq\/","https:\/\/x.com\/colegioarq","https:\/\/instagram.com\/colegioarq","https:\/\/youtube.com\/@ColegiodeArquitectosdeChile"]},{"@type":"Person","@id":"https:\/\/colegioarquitectos.com\/noticias\/#\/schema\/person\/685cc0aad148303c5608f049af8285ad","name":"Colegio de Arquitectos de Chile","url":"https:\/\/colegioarquitectos.com\/noticias\/?author=4"}]}},"_links":{"self":[{"href":"https:\/\/colegioarquitectos.com\/noticias\/index.php?rest_route=\/wp\/v2\/posts\/18292","targetHints":{"allow":["GET"]}}],"collection":[{"href":"https:\/\/colegioarquitectos.com\/noticias\/index.php?rest_route=\/wp\/v2\/posts"}],"about":[{"href":"https:\/\/colegioarquitectos.com\/noticias\/index.php?rest_route=\/wp\/v2\/types\/post"}],"author":[{"embeddable":true,"href":"https:\/\/colegioarquitectos.com\/noticias\/index.php?rest_route=\/wp\/v2\/users\/4"}],"replies":[{"embeddable":true,"href":"https:\/\/colegioarquitectos.com\/noticias\/index.php?rest_route=%2Fwp%2Fv2%2Fcomments&post=18292"}],"version-history":[{"count":0,"href":"https:\/\/colegioarquitectos.com\/noticias\/index.php?rest_route=\/wp\/v2\/posts\/18292\/revisions"}],"wp:featuredmedia":[{"embeddable":true,"href":"https:\/\/colegioarquitectos.com\/noticias\/index.php?rest_route=\/wp\/v2\/media\/18293"}],"wp:attachment":[{"href":"https:\/\/colegioarquitectos.com\/noticias\/index.php?rest_route=%2Fwp%2Fv2%2Fmedia&parent=18292"}],"wp:term":[{"taxonomy":"category","embeddable":true,"href":"https:\/\/colegioarquitectos.com\/noticias\/index.php?rest_route=%2Fwp%2Fv2%2Fcategories&post=18292"},{"taxonomy":"post_tag","embeddable":true,"href":"https:\/\/colegioarquitectos.com\/noticias\/index.php?rest_route=%2Fwp%2Fv2%2Ftags&post=18292"}],"curies":[{"name":"wp","href":"https:\/\/api.w.org\/{rel}","templated":true}]}}