
{"id":18301,"date":"2017-09-25T14:35:45","date_gmt":"2017-09-25T14:35:45","guid":{"rendered":"http:\/\/colegioarquitectos.com\/?p=18301"},"modified":"2017-09-25T14:37:52","modified_gmt":"2017-09-25T14:37:52","slug":"carta-al-director-tecnica-y-etica-para-la-mejor-ciudad","status":"publish","type":"post","link":"https:\/\/colegioarquitectos.com\/noticias\/?p=18301","title":{"rendered":"Carta al Director: T\u00e9cnica y \u00c9tica para la mejor ciudad"},"content":{"rendered":"<p>El Colegio de Arquitectos de Chile, en conjunto con el Colegio de Ingenieros y el Colegio de Constructores (los tres colegios profesionales del \u00e1rea de la construcci\u00f3n) quisieron manifestarse a ra\u00edz de las consecuencias del reciente terremoto en M\u00e9xico, y a trav\u00e9s de una <a href=\"http:\/\/impresa.elmercurio.com\/Pages\/NewsDetail.aspx?dt=2017-09-23&amp;dtB=23-09-2017%200:00:00&amp;PaginaId=2&amp;bodyid=1\">carta al Diario El Mercurio (ver)<\/a> compararon la situaci\u00f3n chilena con la mexicana y plantearon la necesidad de organizarse como gremios para evitar situaciones como graves derrumbes y p\u00e9rdidas de vida.<\/p>\n<p>Alberto Texido (Presidente del Colegio de Arquitectos), Cristian Hermansen (Presidente del Colegio de Ingenieros) y Jos\u00e9 Miguel Correa (Presidente del Colegio de Constructores) sostienen que para esto es urgente reactivar la tramitaci\u00f3n del proyecto de ley de Colegios Profesionales.<\/p>\n<p>Lee la carta completa:<\/p>\n<p>&nbsp;<\/p>\n<p><strong>T\u00e9cnica y \u00e9tica para la mejor ciudad<\/strong><\/p>\n<p>El terremoto de M\u00e9xico nos trae el recuerdo de nuestros propios aciertos y desaciertos para la construcci\u00f3n de edificios, experiencias que ya hemos ofrecido compartir a trav\u00e9s de su embajada en Chile.<\/p>\n<p>Casos como los que ocurrieron en Concepci\u00f3n tras el terremoto de 2010 nos recuerdan la necesidad permanente de adaptarnos a un entorno de riesgo y vulnerabilidad, que obliga a una convivencia en aprendizaje de normas, dise\u00f1os y emplazamientos que resguarden la calidad de vida de los habitantes.<\/p>\n<p>Fortalecer la regulaci\u00f3n \u00e9tica de la profesi\u00f3n es tambi\u00e9n garant\u00eda del mejor resultado t\u00e9cnico, el que, materializado en una normativa que se perfecciona con el tiempo, es acompa\u00f1ado del resguardo de los pares, evitando que por c\u00e1lculos mezquinos, errores de procedimiento u omisiones formativas lamentemos la destrucci\u00f3n de bienes, o tard\u00edamente la inaceptable p\u00e9rdida de vidas.<\/p>\n<p>Junto a diversas asociaciones gremiales coincidimos en la urgencia de regular el ejercicio profesional a trav\u00e9s de un registro nacional, y en lo espec\u00edfico para las disciplinas que proyectan y construyen nuestras ciudades e infraestructuras respaldamos la necesidad de reactivar la urgencia parlamentaria del proyecto de ley de Colegios Profesionales, lo que nos reincorpora a un ritmo global predominante de resguardo de la calidad del trabajo que realizamos cada d\u00eda para perfeccionar normativas, dise\u00f1ar edificios y construir mejores obras p\u00fablicas, privadas y mixtas.<\/p>\n<p>En un contexto electoral, estamos convencidos de que su avance ser\u00e1 resguardo de mejores lugares para vivir, proyectando hacia el futuro nuestras disciplinas en cuanto a su capacidad t\u00e9cnica y \u00e9tica de aportar con ingenier\u00eda, construcci\u00f3n y arquitectura de clase mundial en nuestros edificios, ciudades y territorios, y donde nuestra acci\u00f3n creativa al servicio colectivo se consolida como la misi\u00f3n que nos da sentido.<\/p>\n<p>&nbsp;<\/p>\n<p>Cristi\u00e1n Hermansen Rebolledo<\/p>\n<p>Presidente Colegio de Ingenieros<\/p>\n<p>&nbsp;<\/p>\n<p>Jos\u00e9 Miguel Correa Alliende<\/p>\n<p>Presidente Colegio de Constructores<\/p>\n<p>&nbsp;<\/p>\n<p>Alberto Texido Zlatar<\/p>\n<p>Presidente Colegio de Arquitectos<\/p>\n<p><\/p>","protected":false},"excerpt":{"rendered":"<p>El Colegio de Arquitectos de Chile, en conjunto con el Colegio de Ingenieros y el Colegio de Constructores (los tres colegios profesionales del \u00e1rea de la construcci\u00f3n) quisieron manifestarse a ra\u00edz de las consecuencias del reciente terremoto en M\u00e9xico, y &hellip; <a class=\"more-link\" href=\"https:\/\/colegioarquitectos.com\/noticias\/?p=18301\">ver m\u00e1s<\/a><\/p>","protected":false},"author":4,"featured_media":18302,"comment_status":"closed","ping_status":"closed","sticky":false,"template":"","format":"standard","meta":{"footnotes":""},"categories":[8],"tags":[],"class_list":["post-18301","post","type-post","status-publish","format-standard","has-post-thumbnail","hentry","category-colegio-de-arquitectos"],"yoast_head":"<!-- This site is optimized with the Yoast SEO plugin v24.2 - https:\/\/yoast.com\/wordpress\/plugins\/seo\/ -->\n<title>Carta al Director: T\u00e9cnica y \u00c9tica para la mejor ciudad - COLEGIO DE ARQUITECTOS DE CHILE<\/title>\n<meta name=\"robots\" content=\"index, follow, max-snippet:-1, max-image-preview:large, max-video-preview:-1\" \/>\n<link rel=\"canonical\" href=\"https:\/\/colegioarquitectos.com\/noticias\/?p=18301\" \/>\n<meta property=\"og:locale\" content=\"es_ES\" \/>\n<meta property=\"og:type\" content=\"article\" \/>\n<meta property=\"og:title\" content=\"Carta al Director: T\u00e9cnica y \u00c9tica para la mejor ciudad - COLEGIO DE ARQUITECTOS DE CHILE\" \/>\n<meta property=\"og:description\" content=\"El Colegio de Arquitectos de Chile, en conjunto con el Colegio de Ingenieros y el Colegio de Constructores (los tres colegios profesionales del \u00e1rea de la construcci\u00f3n) quisieron manifestarse a ra\u00edz de las consecuencias del reciente terremoto en M\u00e9xico, y &hellip; ver m\u00e1s\" \/>\n<meta property=\"og:url\" content=\"https:\/\/colegioarquitectos.com\/noticias\/?p=18301\" \/>\n<meta property=\"og:site_name\" content=\"COLEGIO DE ARQUITECTOS DE CHILE\" \/>\n<meta property=\"article:publisher\" content=\"https:\/\/facebook.com\/Colegioarq\/\" \/>\n<meta property=\"article:published_time\" content=\"2017-09-25T14:35:45+00:00\" \/>\n<meta property=\"article:modified_time\" content=\"2017-09-25T14:37:52+00:00\" \/>\n<meta property=\"og:image\" content=\"https:\/\/colegioarquitectos.com\/noticias\/wp-content\/uploads\/2017\/09\/T\u00e9cnica-y-\u00c9tica.jpg\" \/>\n\t<meta property=\"og:image:width\" content=\"690\" \/>\n\t<meta property=\"og:image:height\" content=\"350\" \/>\n\t<meta property=\"og:image:type\" content=\"image\/jpeg\" \/>\n<meta name=\"author\" content=\"Colegio de Arquitectos de Chile\" \/>\n<meta name=\"twitter:card\" content=\"summary_large_image\" \/>\n<meta name=\"twitter:creator\" content=\"@colegioarq\" \/>\n<meta name=\"twitter:site\" content=\"@colegioarq\" \/>\n<meta name=\"twitter:label1\" content=\"Escrito por\" \/>\n\t<meta name=\"twitter:data1\" content=\"Colegio de Arquitectos de Chile\" \/>\n\t<meta name=\"twitter:label2\" content=\"Tiempo de lectura\" \/>\n\t<meta name=\"twitter:data2\" content=\"2 minutos\" \/>\n<script type=\"application\/ld+json\" class=\"yoast-schema-graph\">{\"@context\":\"https:\/\/schema.org\",\"@graph\":[{\"@type\":\"Article\",\"@id\":\"https:\/\/colegioarquitectos.com\/noticias\/?p=18301#article\",\"isPartOf\":{\"@id\":\"https:\/\/colegioarquitectos.com\/noticias\/?p=18301\"},\"author\":{\"name\":\"Colegio de Arquitectos de Chile\",\"@id\":\"https:\/\/colegioarquitectos.com\/noticias\/#\/schema\/person\/685cc0aad148303c5608f049af8285ad\"},\"headline\":\"Carta al Director: T\u00e9cnica y \u00c9tica para la mejor ciudad\",\"datePublished\":\"2017-09-25T14:35:45+00:00\",\"dateModified\":\"2017-09-25T14:37:52+00:00\",\"mainEntityOfPage\":{\"@id\":\"https:\/\/colegioarquitectos.com\/noticias\/?p=18301\"},\"wordCount\":477,\"publisher\":{\"@id\":\"https:\/\/colegioarquitectos.com\/noticias\/#organization\"},\"image\":{\"@id\":\"https:\/\/colegioarquitectos.com\/noticias\/?p=18301#primaryimage\"},\"thumbnailUrl\":\"https:\/\/colegioarquitectos.com\/noticias\/wp-content\/uploads\/2017\/09\/T\u00e9cnica-y-\u00c9tica.jpg\",\"articleSection\":[\"Colegio\"],\"inLanguage\":\"es\"},{\"@type\":\"WebPage\",\"@id\":\"https:\/\/colegioarquitectos.com\/noticias\/?p=18301\",\"url\":\"https:\/\/colegioarquitectos.com\/noticias\/?p=18301\",\"name\":\"Carta al Director: T\u00e9cnica y \u00c9tica para la mejor ciudad - COLEGIO DE ARQUITECTOS DE CHILE\",\"isPartOf\":{\"@id\":\"https:\/\/colegioarquitectos.com\/noticias\/#website\"},\"primaryImageOfPage\":{\"@id\":\"https:\/\/colegioarquitectos.com\/noticias\/?p=18301#primaryimage\"},\"image\":{\"@id\":\"https:\/\/colegioarquitectos.com\/noticias\/?p=18301#primaryimage\"},\"thumbnailUrl\":\"https:\/\/colegioarquitectos.com\/noticias\/wp-content\/uploads\/2017\/09\/T\u00e9cnica-y-\u00c9tica.jpg\",\"datePublished\":\"2017-09-25T14:35:45+00:00\",\"dateModified\":\"2017-09-25T14:37:52+00:00\",\"breadcrumb\":{\"@id\":\"https:\/\/colegioarquitectos.com\/noticias\/?p=18301#breadcrumb\"},\"inLanguage\":\"es\",\"potentialAction\":[{\"@type\":\"ReadAction\",\"target\":[\"https:\/\/colegioarquitectos.com\/noticias\/?p=18301\"]}]},{\"@type\":\"ImageObject\",\"inLanguage\":\"es\",\"@id\":\"https:\/\/colegioarquitectos.com\/noticias\/?p=18301#primaryimage\",\"url\":\"https:\/\/colegioarquitectos.com\/noticias\/wp-content\/uploads\/2017\/09\/T\u00e9cnica-y-\u00c9tica.jpg\",\"contentUrl\":\"https:\/\/colegioarquitectos.com\/noticias\/wp-content\/uploads\/2017\/09\/T\u00e9cnica-y-\u00c9tica.jpg\",\"width\":690,\"height\":350},{\"@type\":\"BreadcrumbList\",\"@id\":\"https:\/\/colegioarquitectos.com\/noticias\/?p=18301#breadcrumb\",\"itemListElement\":[{\"@type\":\"ListItem\",\"position\":1,\"name\":\"Portada\",\"item\":\"https:\/\/colegioarquitectos.com\/noticias\"},{\"@type\":\"ListItem\",\"position\":2,\"name\":\"Carta al Director: T\u00e9cnica y \u00c9tica para la mejor ciudad\"}]},{\"@type\":\"WebSite\",\"@id\":\"https:\/\/colegioarquitectos.com\/noticias\/#website\",\"url\":\"https:\/\/colegioarquitectos.com\/noticias\/\",\"name\":\"COLEGIO DE ARQUITECTOS DE CHILE\",\"description\":\"\",\"publisher\":{\"@id\":\"https:\/\/colegioarquitectos.com\/noticias\/#organization\"},\"potentialAction\":[{\"@type\":\"SearchAction\",\"target\":{\"@type\":\"EntryPoint\",\"urlTemplate\":\"https:\/\/colegioarquitectos.com\/noticias\/?s={search_term_string}\"},\"query-input\":{\"@type\":\"PropertyValueSpecification\",\"valueRequired\":true,\"valueName\":\"search_term_string\"}}],\"inLanguage\":\"es\"},{\"@type\":\"Organization\",\"@id\":\"https:\/\/colegioarquitectos.com\/noticias\/#organization\",\"name\":\"COLEGIO DE ARQUITECTOS DE CHILE\",\"url\":\"https:\/\/colegioarquitectos.com\/noticias\/\",\"logo\":{\"@type\":\"ImageObject\",\"inLanguage\":\"es\",\"@id\":\"https:\/\/colegioarquitectos.com\/noticias\/#\/schema\/logo\/image\/\",\"url\":\"https:\/\/colegioarquitectos.com\/noticias\/wp-content\/uploads\/2021\/05\/ENCABEZADO-LOGO-CA.jpg\",\"contentUrl\":\"https:\/\/colegioarquitectos.com\/noticias\/wp-content\/uploads\/2021\/05\/ENCABEZADO-LOGO-CA.jpg\",\"width\":690,\"height\":350,\"caption\":\"COLEGIO DE ARQUITECTOS DE CHILE\"},\"image\":{\"@id\":\"https:\/\/colegioarquitectos.com\/noticias\/#\/schema\/logo\/image\/\"},\"sameAs\":[\"https:\/\/facebook.com\/Colegioarq\/\",\"https:\/\/x.com\/colegioarq\",\"https:\/\/instagram.com\/colegioarq\",\"https:\/\/youtube.com\/@ColegiodeArquitectosdeChile\"]},{\"@type\":\"Person\",\"@id\":\"https:\/\/colegioarquitectos.com\/noticias\/#\/schema\/person\/685cc0aad148303c5608f049af8285ad\",\"name\":\"Colegio de Arquitectos de Chile\",\"url\":\"https:\/\/colegioarquitectos.com\/noticias\/?author=4\"}]}<\/script>\n<!-- \/ Yoast SEO plugin. -->","yoast_head_json":{"title":"Carta al Director: T\u00e9cnica y \u00c9tica para la mejor ciudad - COLEGIO DE ARQUITECTOS DE CHILE","robots":{"index":"index","follow":"follow","max-snippet":"max-snippet:-1","max-image-preview":"max-image-preview:large","max-video-preview":"max-video-preview:-1"},"canonical":"https:\/\/colegioarquitectos.com\/noticias\/?p=18301","og_locale":"es_ES","og_type":"article","og_title":"Carta al Director: T\u00e9cnica y \u00c9tica para la mejor ciudad - COLEGIO DE ARQUITECTOS DE CHILE","og_description":"El Colegio de Arquitectos de Chile, en conjunto con el Colegio de Ingenieros y el Colegio de Constructores (los tres colegios profesionales del \u00e1rea de la construcci\u00f3n) quisieron manifestarse a ra\u00edz de las consecuencias del reciente terremoto en M\u00e9xico, y &hellip; ver m\u00e1s","og_url":"https:\/\/colegioarquitectos.com\/noticias\/?p=18301","og_site_name":"COLEGIO DE ARQUITECTOS DE CHILE","article_publisher":"https:\/\/facebook.com\/Colegioarq\/","article_published_time":"2017-09-25T14:35:45+00:00","article_modified_time":"2017-09-25T14:37:52+00:00","og_image":[{"width":690,"height":350,"url":"https:\/\/colegioarquitectos.com\/noticias\/wp-content\/uploads\/2017\/09\/T\u00e9cnica-y-\u00c9tica.jpg","type":"image\/jpeg"}],"author":"Colegio de Arquitectos de Chile","twitter_card":"summary_large_image","twitter_creator":"@colegioarq","twitter_site":"@colegioarq","twitter_misc":{"Escrito por":"Colegio de Arquitectos de Chile","Tiempo de lectura":"2 minutos"},"schema":{"@context":"https:\/\/schema.org","@graph":[{"@type":"Article","@id":"https:\/\/colegioarquitectos.com\/noticias\/?p=18301#article","isPartOf":{"@id":"https:\/\/colegioarquitectos.com\/noticias\/?p=18301"},"author":{"name":"Colegio de Arquitectos de Chile","@id":"https:\/\/colegioarquitectos.com\/noticias\/#\/schema\/person\/685cc0aad148303c5608f049af8285ad"},"headline":"Carta al Director: T\u00e9cnica y \u00c9tica para la mejor ciudad","datePublished":"2017-09-25T14:35:45+00:00","dateModified":"2017-09-25T14:37:52+00:00","mainEntityOfPage":{"@id":"https:\/\/colegioarquitectos.com\/noticias\/?p=18301"},"wordCount":477,"publisher":{"@id":"https:\/\/colegioarquitectos.com\/noticias\/#organization"},"image":{"@id":"https:\/\/colegioarquitectos.com\/noticias\/?p=18301#primaryimage"},"thumbnailUrl":"https:\/\/colegioarquitectos.com\/noticias\/wp-content\/uploads\/2017\/09\/T\u00e9cnica-y-\u00c9tica.jpg","articleSection":["Colegio"],"inLanguage":"es"},{"@type":"WebPage","@id":"https:\/\/colegioarquitectos.com\/noticias\/?p=18301","url":"https:\/\/colegioarquitectos.com\/noticias\/?p=18301","name":"Carta al Director: T\u00e9cnica y \u00c9tica para la mejor ciudad - COLEGIO DE ARQUITECTOS DE CHILE","isPartOf":{"@id":"https:\/\/colegioarquitectos.com\/noticias\/#website"},"primaryImageOfPage":{"@id":"https:\/\/colegioarquitectos.com\/noticias\/?p=18301#primaryimage"},"image":{"@id":"https:\/\/colegioarquitectos.com\/noticias\/?p=18301#primaryimage"},"thumbnailUrl":"https:\/\/colegioarquitectos.com\/noticias\/wp-content\/uploads\/2017\/09\/T\u00e9cnica-y-\u00c9tica.jpg","datePublished":"2017-09-25T14:35:45+00:00","dateModified":"2017-09-25T14:37:52+00:00","breadcrumb":{"@id":"https:\/\/colegioarquitectos.com\/noticias\/?p=18301#breadcrumb"},"inLanguage":"es","potentialAction":[{"@type":"ReadAction","target":["https:\/\/colegioarquitectos.com\/noticias\/?p=18301"]}]},{"@type":"ImageObject","inLanguage":"es","@id":"https:\/\/colegioarquitectos.com\/noticias\/?p=18301#primaryimage","url":"https:\/\/colegioarquitectos.com\/noticias\/wp-content\/uploads\/2017\/09\/T\u00e9cnica-y-\u00c9tica.jpg","contentUrl":"https:\/\/colegioarquitectos.com\/noticias\/wp-content\/uploads\/2017\/09\/T\u00e9cnica-y-\u00c9tica.jpg","width":690,"height":350},{"@type":"BreadcrumbList","@id":"https:\/\/colegioarquitectos.com\/noticias\/?p=18301#breadcrumb","itemListElement":[{"@type":"ListItem","position":1,"name":"Portada","item":"https:\/\/colegioarquitectos.com\/noticias"},{"@type":"ListItem","position":2,"name":"Carta al Director: T\u00e9cnica y \u00c9tica para la mejor ciudad"}]},{"@type":"WebSite","@id":"https:\/\/colegioarquitectos.com\/noticias\/#website","url":"https:\/\/colegioarquitectos.com\/noticias\/","name":"COLEGIO DE ARQUITECTOS DE CHILE","description":"","publisher":{"@id":"https:\/\/colegioarquitectos.com\/noticias\/#organization"},"potentialAction":[{"@type":"SearchAction","target":{"@type":"EntryPoint","urlTemplate":"https:\/\/colegioarquitectos.com\/noticias\/?s={search_term_string}"},"query-input":{"@type":"PropertyValueSpecification","valueRequired":true,"valueName":"search_term_string"}}],"inLanguage":"es"},{"@type":"Organization","@id":"https:\/\/colegioarquitectos.com\/noticias\/#organization","name":"COLEGIO DE ARQUITECTOS DE CHILE","url":"https:\/\/colegioarquitectos.com\/noticias\/","logo":{"@type":"ImageObject","inLanguage":"es","@id":"https:\/\/colegioarquitectos.com\/noticias\/#\/schema\/logo\/image\/","url":"https:\/\/colegioarquitectos.com\/noticias\/wp-content\/uploads\/2021\/05\/ENCABEZADO-LOGO-CA.jpg","contentUrl":"https:\/\/colegioarquitectos.com\/noticias\/wp-content\/uploads\/2021\/05\/ENCABEZADO-LOGO-CA.jpg","width":690,"height":350,"caption":"COLEGIO DE ARQUITECTOS DE CHILE"},"image":{"@id":"https:\/\/colegioarquitectos.com\/noticias\/#\/schema\/logo\/image\/"},"sameAs":["https:\/\/facebook.com\/Colegioarq\/","https:\/\/x.com\/colegioarq","https:\/\/instagram.com\/colegioarq","https:\/\/youtube.com\/@ColegiodeArquitectosdeChile"]},{"@type":"Person","@id":"https:\/\/colegioarquitectos.com\/noticias\/#\/schema\/person\/685cc0aad148303c5608f049af8285ad","name":"Colegio de Arquitectos de Chile","url":"https:\/\/colegioarquitectos.com\/noticias\/?author=4"}]}},"_links":{"self":[{"href":"https:\/\/colegioarquitectos.com\/noticias\/index.php?rest_route=\/wp\/v2\/posts\/18301","targetHints":{"allow":["GET"]}}],"collection":[{"href":"https:\/\/colegioarquitectos.com\/noticias\/index.php?rest_route=\/wp\/v2\/posts"}],"about":[{"href":"https:\/\/colegioarquitectos.com\/noticias\/index.php?rest_route=\/wp\/v2\/types\/post"}],"author":[{"embeddable":true,"href":"https:\/\/colegioarquitectos.com\/noticias\/index.php?rest_route=\/wp\/v2\/users\/4"}],"replies":[{"embeddable":true,"href":"https:\/\/colegioarquitectos.com\/noticias\/index.php?rest_route=%2Fwp%2Fv2%2Fcomments&post=18301"}],"version-history":[{"count":0,"href":"https:\/\/colegioarquitectos.com\/noticias\/index.php?rest_route=\/wp\/v2\/posts\/18301\/revisions"}],"wp:featuredmedia":[{"embeddable":true,"href":"https:\/\/colegioarquitectos.com\/noticias\/index.php?rest_route=\/wp\/v2\/media\/18302"}],"wp:attachment":[{"href":"https:\/\/colegioarquitectos.com\/noticias\/index.php?rest_route=%2Fwp%2Fv2%2Fmedia&parent=18301"}],"wp:term":[{"taxonomy":"category","embeddable":true,"href":"https:\/\/colegioarquitectos.com\/noticias\/index.php?rest_route=%2Fwp%2Fv2%2Fcategories&post=18301"},{"taxonomy":"post_tag","embeddable":true,"href":"https:\/\/colegioarquitectos.com\/noticias\/index.php?rest_route=%2Fwp%2Fv2%2Ftags&post=18301"}],"curies":[{"name":"wp","href":"https:\/\/api.w.org\/{rel}","templated":true}]}}