
{"id":18386,"date":"2017-09-29T18:45:30","date_gmt":"2017-09-29T18:45:30","guid":{"rendered":"http:\/\/colegioarquitectos.com\/?p=18386"},"modified":"2017-10-04T13:22:57","modified_gmt":"2017-10-04T13:22:57","slug":"martes-3-de-octubre-dialogo-preliminar-xx-bienal-en-centro-gam","status":"publish","type":"post","link":"https:\/\/colegioarquitectos.com\/noticias\/?p=18386","title":{"rendered":"Martes 3 de octubre: Di\u00e1logo Preliminar XX Bienal en Centro GAM"},"content":{"rendered":"<p>La XX Bienal de Arquitectura y Urbanismo de Chile \u201cDi\u00e1logos Impostergables\u201d, organizada por el Colegio de Arquitectos en conjunto con la Asociaci\u00f3n de Oficinas de Arquitectos y la Red de Escuelas de Arquitectura, invitan a una nueva sesi\u00f3n de di\u00e1logos preliminares esta vez en Santiago, en el Centro Gabriela Mistral (GAM).<\/p>\n<p>El programa considera una conversaci\u00f3n en torno a fragmentos del documental: <em>JAAR el lamento de las im\u00e1genes, <\/em>que retrata el proceso creativo del artista chileno Alfredo Jaar, quien tendr\u00e1 una importante participaci\u00f3n como expositor y conferencista en la XX Bienal. Las piezas audiovisuales ser\u00e1n presentadas por sus realizadoras: Paula Rodr\u00edguez (direcci\u00f3n y gui\u00f3n) y Paola Castillo (producci\u00f3n ejecutiva).<\/p>\n<p>Con la idea de estimular este di\u00e1logo impostergable en el marco de la arquitectura y el urbanismo, contaremos con la participaci\u00f3n de los arquitectos Juan Pablo Corval\u00e1n y Jos\u00e9 Abasolo, junto a Enrique Rivera, Curador de la pr\u00f3xima 12 Bienal de Artes Mediales, adem\u00e1s de Silvia Veloso, abogada y poeta.<\/p>\n<p>Estos di\u00e1logos preliminares tienen por objeto preparar desde Santiago el contexto de los temas que se discutir\u00e1n en la pr\u00f3xima XX Bienal de Arquitectura y Urbanismo de Chile, a inaugurarse el 26 de octubre en el Parque Cultural de Valpara\u00edso.<\/p>\n<p>Conversaremos acerca de los asuntos esenciales de la profesi\u00f3n del arquitecto y sus alcances en cuanto al rol social y p\u00fablico, en un pa\u00eds que crece y se desarrolla, donde la equidad y la accesibilidad son temas para forjar un futuro m\u00e1s inclusivo.<\/p>\n<p>Modera Rodrigo Tisi, Arquitecto y Cocurador de la XX Bienal de Arquitectura<\/p>\n<p>&nbsp;<\/p>\n<p>Martes 3 de octubre 2017, de 18.00 a 20.00 hrs.<\/p>\n<p>&nbsp;<\/p>\n<p><strong>Programa<\/strong><\/p>\n<p>18.00 \u2013 18.10: Palabras de inicio<\/p>\n<p>18.10 \u2013 18.45: Presentaci\u00f3n de fragmentos <em>JAAR el lamento de las im\u00e1genes<\/em><\/p>\n<p>18.45 \u2013 19.45: Di\u00e1logos entre invitados, especialistas y p\u00fablico en sala<\/p>\n<p>19.45 \u2013 20.00: Reflexiones finales<\/p>\n<p>&nbsp;<\/p>\n<p><strong>Centro GAM<\/strong> (Av. Libertador Bernardo O&#8217;Higgins 227, Santiago).<\/p>\n<p>&nbsp;<\/p>\n<p>&nbsp;<\/p>\n<p><\/p>","protected":false},"excerpt":{"rendered":"<p>La XX Bienal de Arquitectura y Urbanismo de Chile \u201cDi\u00e1logos Impostergables\u201d, organizada por el Colegio de Arquitectos en conjunto con la Asociaci\u00f3n de Oficinas de Arquitectos y la Red de Escuelas de Arquitectura, invitan a una nueva sesi\u00f3n de di\u00e1logos &hellip; <a class=\"more-link\" href=\"https:\/\/colegioarquitectos.com\/noticias\/?p=18386\">ver m\u00e1s<\/a><\/p>","protected":false},"author":4,"featured_media":18387,"comment_status":"closed","ping_status":"closed","sticky":false,"template":"","format":"standard","meta":{"footnotes":""},"categories":[59],"tags":[],"class_list":["post-18386","post","type-post","status-publish","format-standard","has-post-thumbnail","hentry","category-bienal"],"yoast_head":"<!-- This site is optimized with the Yoast SEO plugin v24.2 - https:\/\/yoast.com\/wordpress\/plugins\/seo\/ -->\n<title>Martes 3 de octubre: Di\u00e1logo Preliminar XX Bienal en Centro GAM - COLEGIO DE ARQUITECTOS DE CHILE<\/title>\n<meta name=\"robots\" content=\"index, follow, max-snippet:-1, max-image-preview:large, max-video-preview:-1\" \/>\n<link rel=\"canonical\" href=\"https:\/\/colegioarquitectos.com\/noticias\/?p=18386\" \/>\n<meta property=\"og:locale\" content=\"es_ES\" \/>\n<meta property=\"og:type\" content=\"article\" \/>\n<meta property=\"og:title\" content=\"Martes 3 de octubre: Di\u00e1logo Preliminar XX Bienal en Centro GAM - COLEGIO DE ARQUITECTOS DE CHILE\" \/>\n<meta property=\"og:description\" content=\"La XX Bienal de Arquitectura y Urbanismo de Chile \u201cDi\u00e1logos Impostergables\u201d, organizada por el Colegio de Arquitectos en conjunto con la Asociaci\u00f3n de Oficinas de Arquitectos y la Red de Escuelas de Arquitectura, invitan a una nueva sesi\u00f3n de di\u00e1logos &hellip; ver m\u00e1s\" \/>\n<meta property=\"og:url\" content=\"https:\/\/colegioarquitectos.com\/noticias\/?p=18386\" \/>\n<meta property=\"og:site_name\" content=\"COLEGIO DE ARQUITECTOS DE CHILE\" \/>\n<meta property=\"article:publisher\" content=\"https:\/\/facebook.com\/Colegioarq\/\" \/>\n<meta property=\"article:published_time\" content=\"2017-09-29T18:45:30+00:00\" \/>\n<meta property=\"article:modified_time\" content=\"2017-10-04T13:22:57+00:00\" \/>\n<meta property=\"og:image\" content=\"https:\/\/colegioarquitectos.com\/noticias\/wp-content\/uploads\/2017\/09\/Di\u00e1logo-Premilimna-GAM-03-de-Octubre.jpg\" \/>\n\t<meta property=\"og:image:width\" content=\"690\" \/>\n\t<meta property=\"og:image:height\" content=\"350\" \/>\n\t<meta property=\"og:image:type\" content=\"image\/jpeg\" \/>\n<meta name=\"author\" content=\"Colegio de Arquitectos de Chile\" \/>\n<meta name=\"twitter:card\" content=\"summary_large_image\" \/>\n<meta name=\"twitter:creator\" content=\"@colegioarq\" \/>\n<meta name=\"twitter:site\" content=\"@colegioarq\" \/>\n<meta name=\"twitter:label1\" content=\"Escrito por\" \/>\n\t<meta name=\"twitter:data1\" content=\"Colegio de Arquitectos de Chile\" \/>\n\t<meta name=\"twitter:label2\" content=\"Tiempo de lectura\" \/>\n\t<meta name=\"twitter:data2\" content=\"2 minutos\" \/>\n<script type=\"application\/ld+json\" class=\"yoast-schema-graph\">{\"@context\":\"https:\/\/schema.org\",\"@graph\":[{\"@type\":\"Article\",\"@id\":\"https:\/\/colegioarquitectos.com\/noticias\/?p=18386#article\",\"isPartOf\":{\"@id\":\"https:\/\/colegioarquitectos.com\/noticias\/?p=18386\"},\"author\":{\"name\":\"Colegio de Arquitectos de Chile\",\"@id\":\"https:\/\/colegioarquitectos.com\/noticias\/#\/schema\/person\/685cc0aad148303c5608f049af8285ad\"},\"headline\":\"Martes 3 de octubre: Di\u00e1logo Preliminar XX Bienal en Centro GAM\",\"datePublished\":\"2017-09-29T18:45:30+00:00\",\"dateModified\":\"2017-10-04T13:22:57+00:00\",\"mainEntityOfPage\":{\"@id\":\"https:\/\/colegioarquitectos.com\/noticias\/?p=18386\"},\"wordCount\":334,\"publisher\":{\"@id\":\"https:\/\/colegioarquitectos.com\/noticias\/#organization\"},\"image\":{\"@id\":\"https:\/\/colegioarquitectos.com\/noticias\/?p=18386#primaryimage\"},\"thumbnailUrl\":\"https:\/\/colegioarquitectos.com\/noticias\/wp-content\/uploads\/2017\/09\/Di\u00e1logo-Premilimna-GAM-03-de-Octubre.jpg\",\"articleSection\":[\"Bienal\"],\"inLanguage\":\"es\"},{\"@type\":\"WebPage\",\"@id\":\"https:\/\/colegioarquitectos.com\/noticias\/?p=18386\",\"url\":\"https:\/\/colegioarquitectos.com\/noticias\/?p=18386\",\"name\":\"Martes 3 de octubre: Di\u00e1logo Preliminar XX Bienal en Centro GAM - COLEGIO DE ARQUITECTOS DE CHILE\",\"isPartOf\":{\"@id\":\"https:\/\/colegioarquitectos.com\/noticias\/#website\"},\"primaryImageOfPage\":{\"@id\":\"https:\/\/colegioarquitectos.com\/noticias\/?p=18386#primaryimage\"},\"image\":{\"@id\":\"https:\/\/colegioarquitectos.com\/noticias\/?p=18386#primaryimage\"},\"thumbnailUrl\":\"https:\/\/colegioarquitectos.com\/noticias\/wp-content\/uploads\/2017\/09\/Di\u00e1logo-Premilimna-GAM-03-de-Octubre.jpg\",\"datePublished\":\"2017-09-29T18:45:30+00:00\",\"dateModified\":\"2017-10-04T13:22:57+00:00\",\"breadcrumb\":{\"@id\":\"https:\/\/colegioarquitectos.com\/noticias\/?p=18386#breadcrumb\"},\"inLanguage\":\"es\",\"potentialAction\":[{\"@type\":\"ReadAction\",\"target\":[\"https:\/\/colegioarquitectos.com\/noticias\/?p=18386\"]}]},{\"@type\":\"ImageObject\",\"inLanguage\":\"es\",\"@id\":\"https:\/\/colegioarquitectos.com\/noticias\/?p=18386#primaryimage\",\"url\":\"https:\/\/colegioarquitectos.com\/noticias\/wp-content\/uploads\/2017\/09\/Di\u00e1logo-Premilimna-GAM-03-de-Octubre.jpg\",\"contentUrl\":\"https:\/\/colegioarquitectos.com\/noticias\/wp-content\/uploads\/2017\/09\/Di\u00e1logo-Premilimna-GAM-03-de-Octubre.jpg\",\"width\":690,\"height\":350},{\"@type\":\"BreadcrumbList\",\"@id\":\"https:\/\/colegioarquitectos.com\/noticias\/?p=18386#breadcrumb\",\"itemListElement\":[{\"@type\":\"ListItem\",\"position\":1,\"name\":\"Portada\",\"item\":\"https:\/\/colegioarquitectos.com\/noticias\"},{\"@type\":\"ListItem\",\"position\":2,\"name\":\"Martes 3 de octubre: Di\u00e1logo Preliminar XX Bienal en Centro GAM\"}]},{\"@type\":\"WebSite\",\"@id\":\"https:\/\/colegioarquitectos.com\/noticias\/#website\",\"url\":\"https:\/\/colegioarquitectos.com\/noticias\/\",\"name\":\"COLEGIO DE ARQUITECTOS DE CHILE\",\"description\":\"\",\"publisher\":{\"@id\":\"https:\/\/colegioarquitectos.com\/noticias\/#organization\"},\"potentialAction\":[{\"@type\":\"SearchAction\",\"target\":{\"@type\":\"EntryPoint\",\"urlTemplate\":\"https:\/\/colegioarquitectos.com\/noticias\/?s={search_term_string}\"},\"query-input\":{\"@type\":\"PropertyValueSpecification\",\"valueRequired\":true,\"valueName\":\"search_term_string\"}}],\"inLanguage\":\"es\"},{\"@type\":\"Organization\",\"@id\":\"https:\/\/colegioarquitectos.com\/noticias\/#organization\",\"name\":\"COLEGIO DE ARQUITECTOS DE CHILE\",\"url\":\"https:\/\/colegioarquitectos.com\/noticias\/\",\"logo\":{\"@type\":\"ImageObject\",\"inLanguage\":\"es\",\"@id\":\"https:\/\/colegioarquitectos.com\/noticias\/#\/schema\/logo\/image\/\",\"url\":\"https:\/\/colegioarquitectos.com\/noticias\/wp-content\/uploads\/2021\/05\/ENCABEZADO-LOGO-CA.jpg\",\"contentUrl\":\"https:\/\/colegioarquitectos.com\/noticias\/wp-content\/uploads\/2021\/05\/ENCABEZADO-LOGO-CA.jpg\",\"width\":690,\"height\":350,\"caption\":\"COLEGIO DE ARQUITECTOS DE CHILE\"},\"image\":{\"@id\":\"https:\/\/colegioarquitectos.com\/noticias\/#\/schema\/logo\/image\/\"},\"sameAs\":[\"https:\/\/facebook.com\/Colegioarq\/\",\"https:\/\/x.com\/colegioarq\",\"https:\/\/instagram.com\/colegioarq\",\"https:\/\/youtube.com\/@ColegiodeArquitectosdeChile\"]},{\"@type\":\"Person\",\"@id\":\"https:\/\/colegioarquitectos.com\/noticias\/#\/schema\/person\/685cc0aad148303c5608f049af8285ad\",\"name\":\"Colegio de Arquitectos de Chile\",\"url\":\"https:\/\/colegioarquitectos.com\/noticias\/?author=4\"}]}<\/script>\n<!-- \/ Yoast SEO plugin. -->","yoast_head_json":{"title":"Martes 3 de octubre: Di\u00e1logo Preliminar XX Bienal en Centro GAM - COLEGIO DE ARQUITECTOS DE CHILE","robots":{"index":"index","follow":"follow","max-snippet":"max-snippet:-1","max-image-preview":"max-image-preview:large","max-video-preview":"max-video-preview:-1"},"canonical":"https:\/\/colegioarquitectos.com\/noticias\/?p=18386","og_locale":"es_ES","og_type":"article","og_title":"Martes 3 de octubre: Di\u00e1logo Preliminar XX Bienal en Centro GAM - COLEGIO DE ARQUITECTOS DE CHILE","og_description":"La XX Bienal de Arquitectura y Urbanismo de Chile \u201cDi\u00e1logos Impostergables\u201d, organizada por el Colegio de Arquitectos en conjunto con la Asociaci\u00f3n de Oficinas de Arquitectos y la Red de Escuelas de Arquitectura, invitan a una nueva sesi\u00f3n de di\u00e1logos &hellip; ver m\u00e1s","og_url":"https:\/\/colegioarquitectos.com\/noticias\/?p=18386","og_site_name":"COLEGIO DE ARQUITECTOS DE CHILE","article_publisher":"https:\/\/facebook.com\/Colegioarq\/","article_published_time":"2017-09-29T18:45:30+00:00","article_modified_time":"2017-10-04T13:22:57+00:00","og_image":[{"width":690,"height":350,"url":"https:\/\/colegioarquitectos.com\/noticias\/wp-content\/uploads\/2017\/09\/Di\u00e1logo-Premilimna-GAM-03-de-Octubre.jpg","type":"image\/jpeg"}],"author":"Colegio de Arquitectos de Chile","twitter_card":"summary_large_image","twitter_creator":"@colegioarq","twitter_site":"@colegioarq","twitter_misc":{"Escrito por":"Colegio de Arquitectos de Chile","Tiempo de lectura":"2 minutos"},"schema":{"@context":"https:\/\/schema.org","@graph":[{"@type":"Article","@id":"https:\/\/colegioarquitectos.com\/noticias\/?p=18386#article","isPartOf":{"@id":"https:\/\/colegioarquitectos.com\/noticias\/?p=18386"},"author":{"name":"Colegio de Arquitectos de Chile","@id":"https:\/\/colegioarquitectos.com\/noticias\/#\/schema\/person\/685cc0aad148303c5608f049af8285ad"},"headline":"Martes 3 de octubre: Di\u00e1logo Preliminar XX Bienal en Centro GAM","datePublished":"2017-09-29T18:45:30+00:00","dateModified":"2017-10-04T13:22:57+00:00","mainEntityOfPage":{"@id":"https:\/\/colegioarquitectos.com\/noticias\/?p=18386"},"wordCount":334,"publisher":{"@id":"https:\/\/colegioarquitectos.com\/noticias\/#organization"},"image":{"@id":"https:\/\/colegioarquitectos.com\/noticias\/?p=18386#primaryimage"},"thumbnailUrl":"https:\/\/colegioarquitectos.com\/noticias\/wp-content\/uploads\/2017\/09\/Di\u00e1logo-Premilimna-GAM-03-de-Octubre.jpg","articleSection":["Bienal"],"inLanguage":"es"},{"@type":"WebPage","@id":"https:\/\/colegioarquitectos.com\/noticias\/?p=18386","url":"https:\/\/colegioarquitectos.com\/noticias\/?p=18386","name":"Martes 3 de octubre: Di\u00e1logo Preliminar XX Bienal en Centro GAM - COLEGIO DE ARQUITECTOS DE CHILE","isPartOf":{"@id":"https:\/\/colegioarquitectos.com\/noticias\/#website"},"primaryImageOfPage":{"@id":"https:\/\/colegioarquitectos.com\/noticias\/?p=18386#primaryimage"},"image":{"@id":"https:\/\/colegioarquitectos.com\/noticias\/?p=18386#primaryimage"},"thumbnailUrl":"https:\/\/colegioarquitectos.com\/noticias\/wp-content\/uploads\/2017\/09\/Di\u00e1logo-Premilimna-GAM-03-de-Octubre.jpg","datePublished":"2017-09-29T18:45:30+00:00","dateModified":"2017-10-04T13:22:57+00:00","breadcrumb":{"@id":"https:\/\/colegioarquitectos.com\/noticias\/?p=18386#breadcrumb"},"inLanguage":"es","potentialAction":[{"@type":"ReadAction","target":["https:\/\/colegioarquitectos.com\/noticias\/?p=18386"]}]},{"@type":"ImageObject","inLanguage":"es","@id":"https:\/\/colegioarquitectos.com\/noticias\/?p=18386#primaryimage","url":"https:\/\/colegioarquitectos.com\/noticias\/wp-content\/uploads\/2017\/09\/Di\u00e1logo-Premilimna-GAM-03-de-Octubre.jpg","contentUrl":"https:\/\/colegioarquitectos.com\/noticias\/wp-content\/uploads\/2017\/09\/Di\u00e1logo-Premilimna-GAM-03-de-Octubre.jpg","width":690,"height":350},{"@type":"BreadcrumbList","@id":"https:\/\/colegioarquitectos.com\/noticias\/?p=18386#breadcrumb","itemListElement":[{"@type":"ListItem","position":1,"name":"Portada","item":"https:\/\/colegioarquitectos.com\/noticias"},{"@type":"ListItem","position":2,"name":"Martes 3 de octubre: Di\u00e1logo Preliminar XX Bienal en Centro GAM"}]},{"@type":"WebSite","@id":"https:\/\/colegioarquitectos.com\/noticias\/#website","url":"https:\/\/colegioarquitectos.com\/noticias\/","name":"COLEGIO DE ARQUITECTOS DE CHILE","description":"","publisher":{"@id":"https:\/\/colegioarquitectos.com\/noticias\/#organization"},"potentialAction":[{"@type":"SearchAction","target":{"@type":"EntryPoint","urlTemplate":"https:\/\/colegioarquitectos.com\/noticias\/?s={search_term_string}"},"query-input":{"@type":"PropertyValueSpecification","valueRequired":true,"valueName":"search_term_string"}}],"inLanguage":"es"},{"@type":"Organization","@id":"https:\/\/colegioarquitectos.com\/noticias\/#organization","name":"COLEGIO DE ARQUITECTOS DE CHILE","url":"https:\/\/colegioarquitectos.com\/noticias\/","logo":{"@type":"ImageObject","inLanguage":"es","@id":"https:\/\/colegioarquitectos.com\/noticias\/#\/schema\/logo\/image\/","url":"https:\/\/colegioarquitectos.com\/noticias\/wp-content\/uploads\/2021\/05\/ENCABEZADO-LOGO-CA.jpg","contentUrl":"https:\/\/colegioarquitectos.com\/noticias\/wp-content\/uploads\/2021\/05\/ENCABEZADO-LOGO-CA.jpg","width":690,"height":350,"caption":"COLEGIO DE ARQUITECTOS DE CHILE"},"image":{"@id":"https:\/\/colegioarquitectos.com\/noticias\/#\/schema\/logo\/image\/"},"sameAs":["https:\/\/facebook.com\/Colegioarq\/","https:\/\/x.com\/colegioarq","https:\/\/instagram.com\/colegioarq","https:\/\/youtube.com\/@ColegiodeArquitectosdeChile"]},{"@type":"Person","@id":"https:\/\/colegioarquitectos.com\/noticias\/#\/schema\/person\/685cc0aad148303c5608f049af8285ad","name":"Colegio de Arquitectos de Chile","url":"https:\/\/colegioarquitectos.com\/noticias\/?author=4"}]}},"_links":{"self":[{"href":"https:\/\/colegioarquitectos.com\/noticias\/index.php?rest_route=\/wp\/v2\/posts\/18386","targetHints":{"allow":["GET"]}}],"collection":[{"href":"https:\/\/colegioarquitectos.com\/noticias\/index.php?rest_route=\/wp\/v2\/posts"}],"about":[{"href":"https:\/\/colegioarquitectos.com\/noticias\/index.php?rest_route=\/wp\/v2\/types\/post"}],"author":[{"embeddable":true,"href":"https:\/\/colegioarquitectos.com\/noticias\/index.php?rest_route=\/wp\/v2\/users\/4"}],"replies":[{"embeddable":true,"href":"https:\/\/colegioarquitectos.com\/noticias\/index.php?rest_route=%2Fwp%2Fv2%2Fcomments&post=18386"}],"version-history":[{"count":0,"href":"https:\/\/colegioarquitectos.com\/noticias\/index.php?rest_route=\/wp\/v2\/posts\/18386\/revisions"}],"wp:featuredmedia":[{"embeddable":true,"href":"https:\/\/colegioarquitectos.com\/noticias\/index.php?rest_route=\/wp\/v2\/media\/18387"}],"wp:attachment":[{"href":"https:\/\/colegioarquitectos.com\/noticias\/index.php?rest_route=%2Fwp%2Fv2%2Fmedia&parent=18386"}],"wp:term":[{"taxonomy":"category","embeddable":true,"href":"https:\/\/colegioarquitectos.com\/noticias\/index.php?rest_route=%2Fwp%2Fv2%2Fcategories&post=18386"},{"taxonomy":"post_tag","embeddable":true,"href":"https:\/\/colegioarquitectos.com\/noticias\/index.php?rest_route=%2Fwp%2Fv2%2Ftags&post=18386"}],"curies":[{"name":"wp","href":"https:\/\/api.w.org\/{rel}","templated":true}]}}