
{"id":18389,"date":"2017-09-28T14:01:24","date_gmt":"2017-09-28T14:01:24","guid":{"rendered":"http:\/\/colegioarquitectos.com\/?p=18389"},"modified":"2017-10-05T13:56:59","modified_gmt":"2017-10-05T13:56:59","slug":"lanzamiento-del-libro-idea-politica-publica","status":"publish","type":"post","link":"https:\/\/colegioarquitectos.com\/noticias\/?p=18389","title":{"rendered":"Mi\u00e9rcoles 4: Lanzamiento del libro \u00abIdea Pol\u00edtica P\u00fablica\u00bb"},"content":{"rendered":"<p>Se invita al lanzamiento y vino de honor de &#8216;Idea Pol\u00edtica P\u00fablica&#8217;, libro que re\u00fane veinte propuestas de estudiantes de arquitectura de la Universidad de Chile sobre ciudad y territorio.<\/p>\n<p>Escritos desde la perspectiva de las pol\u00edticas p\u00fablicas en siete \u00e1mbitos de acci\u00f3n, estas ideas son acompa\u00f1adas por una serie de entrevistas a destacados profesionales: el ingeniero experto en transportes Louis de Grange, el economista especialista en suelo urbano Pablo Trivelli, el periodista Rodrigo Guendelman, el director de Greenpeace en Chile Mat\u00edas As\u00fan, la soci\u00f3loga Mar\u00eda Emilia Tijoux, el director de la DIBAM, \u00c1ngel Cabeza y el economista Slaven Razmilic.<\/p>\n<p>Este mi\u00e9rcoles 4 de octubre, de 19:30 a 22:30 en nuestra Sede Nacional Colegio de Arquitectos de Chile (Av. Libertador Bernardo O&#8217;Higgins 115, Santiago).<\/p>\n<p>&nbsp;<\/p>\n<p>Para obtener el libro en preventa, acceder al siguiente link: <a href=\"http:\/\/bit.ly\/2fOQ4YP\">http:\/\/bit.ly\/2fOQ4YP<\/a><\/p>\n<p>&nbsp;<\/p>\n<p>PRECIO PREVENTA (Hasta el mi\u00e9rcoles 4 de octubre)<br \/>\n1 libro: $5.000<br \/>\n3 libros: $10.000<br \/>\n4 libros: $10.000 (Si eres miembro activo del Colegio de Arquitectos de Chile o de la AOA)<\/p>\n<p>PRECIO NORMAL (desde el 5 de octubre)<br \/>\n1 libro: $7.000<br \/>\n2 libros: $10.000<\/p>\n<p>PARA COMPRAR:<br \/>\n1- Hacer transferencia bancaria a:<br \/>\n-Banco Santander<br \/>\n-Cuenta Corriente n\u00ba 65798395<br \/>\n-Titular: Arquitectura Caliente Limitada<br \/>\n-Rut: 76.198.529-9<br \/>\n-Mail: <a href=\"mailto:info@ideapoliticapublica.cl\">info@ideapoliticapublica.cl<\/a><\/p>\n<p>&nbsp;<\/p>\n<p>Patrocina: <strong>Colegio de Arquitectos de Chile<\/strong><\/p>\n<p>Auspicia: <strong>AOA_Chile<\/strong><\/p>\n<p>Media Partner: <strong>Plataforma Arquitectura<\/strong><\/p>\n<p>Colabora: <strong>Facultad de Arquitectura y Urbanismo UChile \/ Mundo FAU<\/strong><\/p>\n<p><\/p>","protected":false},"excerpt":{"rendered":"<p>Se invita al lanzamiento y vino de honor de &#8216;Idea Pol\u00edtica P\u00fablica&#8217;, libro que re\u00fane veinte propuestas de estudiantes de arquitectura de la Universidad de Chile sobre ciudad y territorio. Escritos desde la perspectiva de las pol\u00edticas p\u00fablicas en siete &hellip; <a class=\"more-link\" href=\"https:\/\/colegioarquitectos.com\/noticias\/?p=18389\">ver m\u00e1s<\/a><\/p>","protected":false},"author":4,"featured_media":18390,"comment_status":"closed","ping_status":"closed","sticky":false,"template":"","format":"standard","meta":{"footnotes":""},"categories":[8],"tags":[],"class_list":["post-18389","post","type-post","status-publish","format-standard","has-post-thumbnail","hentry","category-colegio-de-arquitectos"],"yoast_head":"<!-- This site is optimized with the Yoast SEO plugin v24.2 - https:\/\/yoast.com\/wordpress\/plugins\/seo\/ -->\n<title>Mi\u00e9rcoles 4: Lanzamiento del libro &quot;Idea Pol\u00edtica P\u00fablica&quot; - COLEGIO DE ARQUITECTOS DE CHILE<\/title>\n<meta name=\"robots\" content=\"index, follow, max-snippet:-1, max-image-preview:large, max-video-preview:-1\" \/>\n<link rel=\"canonical\" href=\"https:\/\/colegioarquitectos.com\/noticias\/?p=18389\" \/>\n<meta property=\"og:locale\" content=\"es_ES\" \/>\n<meta property=\"og:type\" content=\"article\" \/>\n<meta property=\"og:title\" content=\"Mi\u00e9rcoles 4: Lanzamiento del libro &quot;Idea Pol\u00edtica P\u00fablica&quot; - COLEGIO DE ARQUITECTOS DE CHILE\" \/>\n<meta property=\"og:description\" content=\"Se invita al lanzamiento y vino de honor de &#8216;Idea Pol\u00edtica P\u00fablica&#8217;, libro que re\u00fane veinte propuestas de estudiantes de arquitectura de la Universidad de Chile sobre ciudad y territorio. Escritos desde la perspectiva de las pol\u00edticas p\u00fablicas en siete &hellip; ver m\u00e1s\" \/>\n<meta property=\"og:url\" content=\"https:\/\/colegioarquitectos.com\/noticias\/?p=18389\" \/>\n<meta property=\"og:site_name\" content=\"COLEGIO DE ARQUITECTOS DE CHILE\" \/>\n<meta property=\"article:publisher\" content=\"https:\/\/facebook.com\/Colegioarq\/\" \/>\n<meta property=\"article:published_time\" content=\"2017-09-28T14:01:24+00:00\" \/>\n<meta property=\"article:modified_time\" content=\"2017-10-05T13:56:59+00:00\" \/>\n<meta property=\"og:image\" content=\"https:\/\/colegioarquitectos.com\/noticias\/wp-content\/uploads\/2017\/10\/Sin-t\u00edtulo-1.jpg\" \/>\n\t<meta property=\"og:image:width\" content=\"690\" \/>\n\t<meta property=\"og:image:height\" content=\"350\" \/>\n\t<meta property=\"og:image:type\" content=\"image\/jpeg\" \/>\n<meta name=\"author\" content=\"Colegio de Arquitectos de Chile\" \/>\n<meta name=\"twitter:card\" content=\"summary_large_image\" \/>\n<meta name=\"twitter:creator\" content=\"@colegioarq\" \/>\n<meta name=\"twitter:site\" content=\"@colegioarq\" \/>\n<meta name=\"twitter:label1\" content=\"Escrito por\" \/>\n\t<meta name=\"twitter:data1\" content=\"Colegio de Arquitectos de Chile\" \/>\n\t<meta name=\"twitter:label2\" content=\"Tiempo de lectura\" \/>\n\t<meta name=\"twitter:data2\" content=\"1 minuto\" \/>\n<script type=\"application\/ld+json\" class=\"yoast-schema-graph\">{\"@context\":\"https:\/\/schema.org\",\"@graph\":[{\"@type\":\"Article\",\"@id\":\"https:\/\/colegioarquitectos.com\/noticias\/?p=18389#article\",\"isPartOf\":{\"@id\":\"https:\/\/colegioarquitectos.com\/noticias\/?p=18389\"},\"author\":{\"name\":\"Colegio de Arquitectos de Chile\",\"@id\":\"https:\/\/colegioarquitectos.com\/noticias\/#\/schema\/person\/685cc0aad148303c5608f049af8285ad\"},\"headline\":\"Mi\u00e9rcoles 4: Lanzamiento del libro \u00abIdea Pol\u00edtica P\u00fablica\u00bb\",\"datePublished\":\"2017-09-28T14:01:24+00:00\",\"dateModified\":\"2017-10-05T13:56:59+00:00\",\"mainEntityOfPage\":{\"@id\":\"https:\/\/colegioarquitectos.com\/noticias\/?p=18389\"},\"wordCount\":238,\"publisher\":{\"@id\":\"https:\/\/colegioarquitectos.com\/noticias\/#organization\"},\"image\":{\"@id\":\"https:\/\/colegioarquitectos.com\/noticias\/?p=18389#primaryimage\"},\"thumbnailUrl\":\"https:\/\/colegioarquitectos.com\/noticias\/wp-content\/uploads\/2017\/10\/Sin-t\u00edtulo-1.jpg\",\"articleSection\":[\"Colegio\"],\"inLanguage\":\"es\"},{\"@type\":\"WebPage\",\"@id\":\"https:\/\/colegioarquitectos.com\/noticias\/?p=18389\",\"url\":\"https:\/\/colegioarquitectos.com\/noticias\/?p=18389\",\"name\":\"Mi\u00e9rcoles 4: Lanzamiento del libro \\\"Idea Pol\u00edtica P\u00fablica\\\" - COLEGIO DE ARQUITECTOS DE CHILE\",\"isPartOf\":{\"@id\":\"https:\/\/colegioarquitectos.com\/noticias\/#website\"},\"primaryImageOfPage\":{\"@id\":\"https:\/\/colegioarquitectos.com\/noticias\/?p=18389#primaryimage\"},\"image\":{\"@id\":\"https:\/\/colegioarquitectos.com\/noticias\/?p=18389#primaryimage\"},\"thumbnailUrl\":\"https:\/\/colegioarquitectos.com\/noticias\/wp-content\/uploads\/2017\/10\/Sin-t\u00edtulo-1.jpg\",\"datePublished\":\"2017-09-28T14:01:24+00:00\",\"dateModified\":\"2017-10-05T13:56:59+00:00\",\"breadcrumb\":{\"@id\":\"https:\/\/colegioarquitectos.com\/noticias\/?p=18389#breadcrumb\"},\"inLanguage\":\"es\",\"potentialAction\":[{\"@type\":\"ReadAction\",\"target\":[\"https:\/\/colegioarquitectos.com\/noticias\/?p=18389\"]}]},{\"@type\":\"ImageObject\",\"inLanguage\":\"es\",\"@id\":\"https:\/\/colegioarquitectos.com\/noticias\/?p=18389#primaryimage\",\"url\":\"https:\/\/colegioarquitectos.com\/noticias\/wp-content\/uploads\/2017\/10\/Sin-t\u00edtulo-1.jpg\",\"contentUrl\":\"https:\/\/colegioarquitectos.com\/noticias\/wp-content\/uploads\/2017\/10\/Sin-t\u00edtulo-1.jpg\",\"width\":690,\"height\":350},{\"@type\":\"BreadcrumbList\",\"@id\":\"https:\/\/colegioarquitectos.com\/noticias\/?p=18389#breadcrumb\",\"itemListElement\":[{\"@type\":\"ListItem\",\"position\":1,\"name\":\"Portada\",\"item\":\"https:\/\/colegioarquitectos.com\/noticias\"},{\"@type\":\"ListItem\",\"position\":2,\"name\":\"Mi\u00e9rcoles 4: Lanzamiento del libro \u00abIdea Pol\u00edtica P\u00fablica\u00bb\"}]},{\"@type\":\"WebSite\",\"@id\":\"https:\/\/colegioarquitectos.com\/noticias\/#website\",\"url\":\"https:\/\/colegioarquitectos.com\/noticias\/\",\"name\":\"COLEGIO DE ARQUITECTOS DE CHILE\",\"description\":\"\",\"publisher\":{\"@id\":\"https:\/\/colegioarquitectos.com\/noticias\/#organization\"},\"potentialAction\":[{\"@type\":\"SearchAction\",\"target\":{\"@type\":\"EntryPoint\",\"urlTemplate\":\"https:\/\/colegioarquitectos.com\/noticias\/?s={search_term_string}\"},\"query-input\":{\"@type\":\"PropertyValueSpecification\",\"valueRequired\":true,\"valueName\":\"search_term_string\"}}],\"inLanguage\":\"es\"},{\"@type\":\"Organization\",\"@id\":\"https:\/\/colegioarquitectos.com\/noticias\/#organization\",\"name\":\"COLEGIO DE ARQUITECTOS DE CHILE\",\"url\":\"https:\/\/colegioarquitectos.com\/noticias\/\",\"logo\":{\"@type\":\"ImageObject\",\"inLanguage\":\"es\",\"@id\":\"https:\/\/colegioarquitectos.com\/noticias\/#\/schema\/logo\/image\/\",\"url\":\"https:\/\/colegioarquitectos.com\/noticias\/wp-content\/uploads\/2021\/05\/ENCABEZADO-LOGO-CA.jpg\",\"contentUrl\":\"https:\/\/colegioarquitectos.com\/noticias\/wp-content\/uploads\/2021\/05\/ENCABEZADO-LOGO-CA.jpg\",\"width\":690,\"height\":350,\"caption\":\"COLEGIO DE ARQUITECTOS DE CHILE\"},\"image\":{\"@id\":\"https:\/\/colegioarquitectos.com\/noticias\/#\/schema\/logo\/image\/\"},\"sameAs\":[\"https:\/\/facebook.com\/Colegioarq\/\",\"https:\/\/x.com\/colegioarq\",\"https:\/\/instagram.com\/colegioarq\",\"https:\/\/youtube.com\/@ColegiodeArquitectosdeChile\"]},{\"@type\":\"Person\",\"@id\":\"https:\/\/colegioarquitectos.com\/noticias\/#\/schema\/person\/685cc0aad148303c5608f049af8285ad\",\"name\":\"Colegio de Arquitectos de Chile\",\"url\":\"https:\/\/colegioarquitectos.com\/noticias\/?author=4\"}]}<\/script>\n<!-- \/ Yoast SEO plugin. -->","yoast_head_json":{"title":"Mi\u00e9rcoles 4: Lanzamiento del libro \"Idea Pol\u00edtica P\u00fablica\" - COLEGIO DE ARQUITECTOS DE CHILE","robots":{"index":"index","follow":"follow","max-snippet":"max-snippet:-1","max-image-preview":"max-image-preview:large","max-video-preview":"max-video-preview:-1"},"canonical":"https:\/\/colegioarquitectos.com\/noticias\/?p=18389","og_locale":"es_ES","og_type":"article","og_title":"Mi\u00e9rcoles 4: Lanzamiento del libro \"Idea Pol\u00edtica P\u00fablica\" - COLEGIO DE ARQUITECTOS DE CHILE","og_description":"Se invita al lanzamiento y vino de honor de &#8216;Idea Pol\u00edtica P\u00fablica&#8217;, libro que re\u00fane veinte propuestas de estudiantes de arquitectura de la Universidad de Chile sobre ciudad y territorio. Escritos desde la perspectiva de las pol\u00edticas p\u00fablicas en siete &hellip; ver m\u00e1s","og_url":"https:\/\/colegioarquitectos.com\/noticias\/?p=18389","og_site_name":"COLEGIO DE ARQUITECTOS DE CHILE","article_publisher":"https:\/\/facebook.com\/Colegioarq\/","article_published_time":"2017-09-28T14:01:24+00:00","article_modified_time":"2017-10-05T13:56:59+00:00","og_image":[{"width":690,"height":350,"url":"https:\/\/colegioarquitectos.com\/noticias\/wp-content\/uploads\/2017\/10\/Sin-t\u00edtulo-1.jpg","type":"image\/jpeg"}],"author":"Colegio de Arquitectos de Chile","twitter_card":"summary_large_image","twitter_creator":"@colegioarq","twitter_site":"@colegioarq","twitter_misc":{"Escrito por":"Colegio de Arquitectos de Chile","Tiempo de lectura":"1 minuto"},"schema":{"@context":"https:\/\/schema.org","@graph":[{"@type":"Article","@id":"https:\/\/colegioarquitectos.com\/noticias\/?p=18389#article","isPartOf":{"@id":"https:\/\/colegioarquitectos.com\/noticias\/?p=18389"},"author":{"name":"Colegio de Arquitectos de Chile","@id":"https:\/\/colegioarquitectos.com\/noticias\/#\/schema\/person\/685cc0aad148303c5608f049af8285ad"},"headline":"Mi\u00e9rcoles 4: Lanzamiento del libro \u00abIdea Pol\u00edtica P\u00fablica\u00bb","datePublished":"2017-09-28T14:01:24+00:00","dateModified":"2017-10-05T13:56:59+00:00","mainEntityOfPage":{"@id":"https:\/\/colegioarquitectos.com\/noticias\/?p=18389"},"wordCount":238,"publisher":{"@id":"https:\/\/colegioarquitectos.com\/noticias\/#organization"},"image":{"@id":"https:\/\/colegioarquitectos.com\/noticias\/?p=18389#primaryimage"},"thumbnailUrl":"https:\/\/colegioarquitectos.com\/noticias\/wp-content\/uploads\/2017\/10\/Sin-t\u00edtulo-1.jpg","articleSection":["Colegio"],"inLanguage":"es"},{"@type":"WebPage","@id":"https:\/\/colegioarquitectos.com\/noticias\/?p=18389","url":"https:\/\/colegioarquitectos.com\/noticias\/?p=18389","name":"Mi\u00e9rcoles 4: Lanzamiento del libro \"Idea Pol\u00edtica P\u00fablica\" - COLEGIO DE ARQUITECTOS DE CHILE","isPartOf":{"@id":"https:\/\/colegioarquitectos.com\/noticias\/#website"},"primaryImageOfPage":{"@id":"https:\/\/colegioarquitectos.com\/noticias\/?p=18389#primaryimage"},"image":{"@id":"https:\/\/colegioarquitectos.com\/noticias\/?p=18389#primaryimage"},"thumbnailUrl":"https:\/\/colegioarquitectos.com\/noticias\/wp-content\/uploads\/2017\/10\/Sin-t\u00edtulo-1.jpg","datePublished":"2017-09-28T14:01:24+00:00","dateModified":"2017-10-05T13:56:59+00:00","breadcrumb":{"@id":"https:\/\/colegioarquitectos.com\/noticias\/?p=18389#breadcrumb"},"inLanguage":"es","potentialAction":[{"@type":"ReadAction","target":["https:\/\/colegioarquitectos.com\/noticias\/?p=18389"]}]},{"@type":"ImageObject","inLanguage":"es","@id":"https:\/\/colegioarquitectos.com\/noticias\/?p=18389#primaryimage","url":"https:\/\/colegioarquitectos.com\/noticias\/wp-content\/uploads\/2017\/10\/Sin-t\u00edtulo-1.jpg","contentUrl":"https:\/\/colegioarquitectos.com\/noticias\/wp-content\/uploads\/2017\/10\/Sin-t\u00edtulo-1.jpg","width":690,"height":350},{"@type":"BreadcrumbList","@id":"https:\/\/colegioarquitectos.com\/noticias\/?p=18389#breadcrumb","itemListElement":[{"@type":"ListItem","position":1,"name":"Portada","item":"https:\/\/colegioarquitectos.com\/noticias"},{"@type":"ListItem","position":2,"name":"Mi\u00e9rcoles 4: Lanzamiento del libro \u00abIdea Pol\u00edtica P\u00fablica\u00bb"}]},{"@type":"WebSite","@id":"https:\/\/colegioarquitectos.com\/noticias\/#website","url":"https:\/\/colegioarquitectos.com\/noticias\/","name":"COLEGIO DE ARQUITECTOS DE CHILE","description":"","publisher":{"@id":"https:\/\/colegioarquitectos.com\/noticias\/#organization"},"potentialAction":[{"@type":"SearchAction","target":{"@type":"EntryPoint","urlTemplate":"https:\/\/colegioarquitectos.com\/noticias\/?s={search_term_string}"},"query-input":{"@type":"PropertyValueSpecification","valueRequired":true,"valueName":"search_term_string"}}],"inLanguage":"es"},{"@type":"Organization","@id":"https:\/\/colegioarquitectos.com\/noticias\/#organization","name":"COLEGIO DE ARQUITECTOS DE CHILE","url":"https:\/\/colegioarquitectos.com\/noticias\/","logo":{"@type":"ImageObject","inLanguage":"es","@id":"https:\/\/colegioarquitectos.com\/noticias\/#\/schema\/logo\/image\/","url":"https:\/\/colegioarquitectos.com\/noticias\/wp-content\/uploads\/2021\/05\/ENCABEZADO-LOGO-CA.jpg","contentUrl":"https:\/\/colegioarquitectos.com\/noticias\/wp-content\/uploads\/2021\/05\/ENCABEZADO-LOGO-CA.jpg","width":690,"height":350,"caption":"COLEGIO DE ARQUITECTOS DE CHILE"},"image":{"@id":"https:\/\/colegioarquitectos.com\/noticias\/#\/schema\/logo\/image\/"},"sameAs":["https:\/\/facebook.com\/Colegioarq\/","https:\/\/x.com\/colegioarq","https:\/\/instagram.com\/colegioarq","https:\/\/youtube.com\/@ColegiodeArquitectosdeChile"]},{"@type":"Person","@id":"https:\/\/colegioarquitectos.com\/noticias\/#\/schema\/person\/685cc0aad148303c5608f049af8285ad","name":"Colegio de Arquitectos de Chile","url":"https:\/\/colegioarquitectos.com\/noticias\/?author=4"}]}},"_links":{"self":[{"href":"https:\/\/colegioarquitectos.com\/noticias\/index.php?rest_route=\/wp\/v2\/posts\/18389","targetHints":{"allow":["GET"]}}],"collection":[{"href":"https:\/\/colegioarquitectos.com\/noticias\/index.php?rest_route=\/wp\/v2\/posts"}],"about":[{"href":"https:\/\/colegioarquitectos.com\/noticias\/index.php?rest_route=\/wp\/v2\/types\/post"}],"author":[{"embeddable":true,"href":"https:\/\/colegioarquitectos.com\/noticias\/index.php?rest_route=\/wp\/v2\/users\/4"}],"replies":[{"embeddable":true,"href":"https:\/\/colegioarquitectos.com\/noticias\/index.php?rest_route=%2Fwp%2Fv2%2Fcomments&post=18389"}],"version-history":[{"count":0,"href":"https:\/\/colegioarquitectos.com\/noticias\/index.php?rest_route=\/wp\/v2\/posts\/18389\/revisions"}],"wp:featuredmedia":[{"embeddable":true,"href":"https:\/\/colegioarquitectos.com\/noticias\/index.php?rest_route=\/wp\/v2\/media\/18390"}],"wp:attachment":[{"href":"https:\/\/colegioarquitectos.com\/noticias\/index.php?rest_route=%2Fwp%2Fv2%2Fmedia&parent=18389"}],"wp:term":[{"taxonomy":"category","embeddable":true,"href":"https:\/\/colegioarquitectos.com\/noticias\/index.php?rest_route=%2Fwp%2Fv2%2Fcategories&post=18389"},{"taxonomy":"post_tag","embeddable":true,"href":"https:\/\/colegioarquitectos.com\/noticias\/index.php?rest_route=%2Fwp%2Fv2%2Ftags&post=18389"}],"curies":[{"name":"wp","href":"https:\/\/api.w.org\/{rel}","templated":true}]}}