
{"id":18417,"date":"2017-10-03T20:21:14","date_gmt":"2017-10-03T20:21:14","guid":{"rendered":"http:\/\/colegioarquitectos.com\/?p=18417"},"modified":"2017-10-11T19:28:41","modified_gmt":"2017-10-11T19:28:41","slug":"juan-fernando-yanez-la-isla-grande-nuestro-pequeno-continente","status":"publish","type":"post","link":"https:\/\/colegioarquitectos.com\/noticias\/?p=18417","title":{"rendered":"Juan Fernando Y\u00e1\u00f1ez: \u201cLa Isla Grande, nuestro peque\u00f1o continente\u201d"},"content":{"rendered":"<p>\u201cTe vas a enterrar profesionalmente en Chilo\u00e9\u201d, fue una de las frases que el arquitecto colombiano Juan Fernando Y\u00e1\u00f1ez escuch\u00f3 cuando decidi\u00f3 junto a su esposa -la odont\u00f3loga M\u00f3nica Quintero- partir a radicarse al sur de Chile. De eso hace ya 14 a\u00f1os, y felizmente esa predicci\u00f3n no se cumpli\u00f3, sino que por el contrario, el arquitecto pudo desarrollar y consolidar su profesi\u00f3n en tierras chilotas. Y no s\u00f3lo en el \u00e1rea del dise\u00f1o y la construcci\u00f3n, tambi\u00e9n en la organizaci\u00f3n gremial y las comunicaciones.<\/p>\n<p>Juan Fernando Y\u00e1\u00f1ez Porras, es el ganador del Premio Joaqu\u00edn Toesca 2017, que otorga el Colegio de Arquitectos de Chile y que distingue a un arquitecto que si bien no naci\u00f3 en Chile, a trav\u00e9s de su trabajo ha contribuido al desarrollo de la arquitectura en nuestro pa\u00eds. La distinci\u00f3n est\u00e1 inspirada en el italiano Joaqu\u00edn Toesca, uno de los arquitectos m\u00e1s importantes del per\u00edodo colonial que dise\u00f1\u00f3 emblem\u00e1ticas obras, como el Palacio de La Moneda y la Catedral Metropolitana de Santiago.<\/p>\n<p>&nbsp;<\/p>\n<p><strong>Viaje a Chilo\u00e9<\/strong><\/p>\n<p>Juan Fernando naci\u00f3 y creci\u00f3 en C\u00facuta y posteriormente se radic\u00f3 en Bucaramanga, a donde lleg\u00f3 para realizar los estudios superiores en la Universidad Santo Tom\u00e1s de Aquino. Estas ciudades colombianas, est\u00e1n\u00a0 marcadas a fuego en el coraz\u00f3n del arquitecto, afirmando que \u201cmi hogar estaba en ambos lugares, en uno estaba el seno familiar, el calor de hogar de mis padres y hermanos (Margarita y Nicol\u00e1s) y los recuerdos y vivencias de la ni\u00f1ez, en el otro atesoraba la vida adulta, el aprendizaje, la formaci\u00f3n como individuo y profesional\u201d.<\/p>\n<p>Enfrentados a la dif\u00edcil realidad econ\u00f3mica de la \u00e9poca en Colombia, decidieron con su esposa aventurarse en busca del lugar en el cual poder hacer realidad la vida que anhelaban. As\u00ed llegaron a Santiago, de paso por dos meses, para luego partir a lo que ser\u00eda el final de esa larga e intensa b\u00fasqueda: Chilo\u00e9. \u201cEl universo nos present\u00f3 una oportunidad de viajar a Chilo\u00e9 (es importante reconocer aqu\u00ed \u2013 y hasta ofrecer disculpas, por qu\u00e9 no \u2013 que en un principio en nuestra pobre ignorancia llegamos a pensar que Chilo\u00e9 no era m\u00e1s que otra de las comunas de la Regi\u00f3n Metropolitana).\u00a0 Cu\u00e1n equivocados est\u00e1bamos al descubrir que nos deparaba un largo viaje, de casi 18 horas, con cruce del mar en transbordador incluido, a una isla que no era tan isla, pues se trataba del m\u00e1gico y hermoso archipi\u00e9lago de Chilo\u00e9, en la Patagonia insular chilena, cuya Isla Grande se ha convertido hoy en nuestro peque\u00f1o continente\u201d, recuerda.<\/p>\n<p>Al poco tiempo del arribo al Archipi\u00e9lago aprendi\u00f3 que \u201ccon madera todo es posible\u201d, al integrarse a trabajar a la oficina del arquitecto Edward Rojas. \u201cEncontr\u00e9 al arquitecto y amigo, Premio Nacional de Arquitectura, quien me abri\u00f3 las puertas de su taller para entender que en arquitectura, la modernidad se nutre y se sustenta en la tradici\u00f3n, o de lo contrario \u00e9sta carece de esp\u00edritu, y con quien he tenido la oportunidad y el orgullo de trabajar desde el momento mismo de mi llegada; taller en el que a lo largo de estos trece a\u00f1os hemos desarrollado innumerables proyectos de la m\u00e1s diversa \u00edndole, desde una peque\u00f1a caba\u00f1a en el bosque hasta la restauraci\u00f3n de un castillo espa\u00f1ol, pasando por hoteles, palafitos, iglesias, parques naturales, y tantos edificios y tan variados, en la constante b\u00fasqueda de ese equilibrio o \u2018modernidad vernacular\u2019, el de la intervenci\u00f3n respetuosa y apropiada\u201d, reconoce.<\/p>\n<p>Esta teor\u00eda tambi\u00e9n la aplica en la docencia en la escuela de arquitectura de la Universidad Arcis, sede Patagonia, siendo coordinador de carrera; en su oficina propia y en la activa participaci\u00f3n en la Delegaci\u00f3n Chilo\u00e9 del Colegio de Arquitectos: \u201cHemos conformado un equipo s\u00f3lido y proactivo, ejemplo en el pa\u00eds del quehacer gremial y de una inquieta vinculaci\u00f3n con la comunidad, preocupados por el lugar, sus habitantes, proclives a fomentar la participaci\u00f3n y el reconocimiento de aquellos que procuran realizar un aporte al desarrollo \u00b4identitario\u00b4 del territorio\u201d, explica, destacando el orgullo y el honor que siente al ser el director para la comuna de Castro de la delegaci\u00f3n Chilo\u00e9, miembro activo de la directiva, socio fundador de la Corporaci\u00f3n de Estudios Urbanos y Arquitect\u00f3nicos de Chilo\u00e9 (CEUACH), y coordinador del Sistema de Certificaci\u00f3n Normativa.<\/p>\n<p>Este trabajo se ve complementado desde hace m\u00e1s de tres a\u00f1os con un sitio de difusi\u00f3n y participaci\u00f3n por medio de un programa radial se denomina \u201cAd\u00f3nde vas Chilo\u00e9 \u2013 un espacio del Colegio de Arquitectos\u201d, el cual conduce y dirige desde su nacimiento, hace m\u00e1s de 170 programas, con el apoyo incansable y comprometido de un equipo humano que hace posible su realizaci\u00f3n y continuidad. Se trata, como su nombre lo dice, de un espacio abierto de conversaci\u00f3n en torno a tem\u00e1ticas relacionadas con la arquitectura, el patrimonio, el arte, la cultura y el desarrollo territorial, cuestionando a partir de los or\u00edgenes el rumbo a seguir, el sue\u00f1o a construir.<\/p>\n\n\t\t<style type=\"text\/css\">\n\t\t\t#gallery-1 {\n\t\t\t\tmargin: auto;\n\t\t\t}\n\t\t\t#gallery-1 .gallery-item {\n\t\t\t\tfloat: left;\n\t\t\t\tmargin-top: 10px;\n\t\t\t\ttext-align: center;\n\t\t\t\twidth: 33%;\n\t\t\t}\n\t\t\t#gallery-1 img {\n\t\t\t\tborder: 2px solid #cfcfcf;\n\t\t\t}\n\t\t\t#gallery-1 .gallery-caption {\n\t\t\t\tmargin-left: 0;\n\t\t\t}\n\t\t\t\/* see gallery_shortcode() in wp-includes\/media.php *\/\n\t\t<\/style>\n\t\t<div id='gallery-1' class='gallery galleryid-18417 gallery-columns-3 gallery-size-thumbnail'><dl class='gallery-item'>\n\t\t\t<dt class='gallery-icon landscape'>\n\t\t\t\t<a href='https:\/\/colegioarquitectos.com\/noticias\/?attachment_id=18418'><img loading=\"lazy\" decoding=\"async\" width=\"180\" height=\"180\" src=\"https:\/\/colegioarquitectos.com\/noticias\/wp-content\/uploads\/2017\/10\/con-Edward-Rojas-en-el-MAM-180x180.png\" class=\"attachment-thumbnail size-thumbnail\" alt=\"\" aria-describedby=\"gallery-1-18418\" \/><\/a>\n\t\t\t<\/dt>\n\t\t\t\t<dd class='wp-caption-text gallery-caption' id='gallery-1-18418'>\n\t\t\t\tEdward Rojas y Juan Fernando Y\u00e1\u00f1ez\n\t\t\t\t<\/dd><\/dl><dl class='gallery-item'>\n\t\t\t<dt class='gallery-icon landscape'>\n\t\t\t\t<a href='https:\/\/colegioarquitectos.com\/noticias\/?attachment_id=18419'><img loading=\"lazy\" decoding=\"async\" width=\"180\" height=\"180\" src=\"https:\/\/colegioarquitectos.com\/noticias\/wp-content\/uploads\/2017\/10\/IMG_6247-180x180.jpg\" class=\"attachment-thumbnail size-thumbnail\" alt=\"\" aria-describedby=\"gallery-1-18419\" \/><\/a>\n\t\t\t<\/dt>\n\t\t\t\t<dd class='wp-caption-text gallery-caption' id='gallery-1-18419'>\n\t\t\t\tParte de la Delegaci\u00f3n Chilo\u00e9 del Colegio de Arquitectos de Chile\n\t\t\t\t<\/dd><\/dl>\n\t\t\t<br style='clear: both' \/>\n\t\t<\/div>\n\n<p>&nbsp;<\/p>\n<p><strong>Hogar y territorio<\/strong><\/p>\n<p>Hoy, el ganador del Premio Joaqu\u00edn Toesca, reconoce que cada vez que viaja a su amada Colombia lo hace con boletos \u201cde ida y vuelta\u201d, pues junto a su esposa han encontrado y construido en Chilo\u00e9 su hogar, el que en la actualidad tambi\u00e9n lo conforman Anamar\u00eda del Mar de 11 a\u00f1os y\u00a0 Juan Alejandro de 7. \u201cLa princesa m\u00e1s hermosa que el mundo conocer\u00e1 y el hombrecito m\u00e1s encantador del planeta\u201d, seg\u00fan los define.<\/p>\n<p>\u201cSi bien, ser merecedor de este premio es un gran orgullo personal, constituye a su vez una tremenda responsabilidad, pues por intermedio de mi trabajo, m\u00e1s que una destacada labor individual da cuenta de la preocupaci\u00f3n por ser parte de un equipo, por integrarse al territorio donde se habita, por ser aporte efectivo a la comunidad desde las posibilidades personales e individuales, espero que tanto los migrantes como los nacionales reconozcamos todos nuestra responsabilidad en la construcci\u00f3n de un mejor futuro\u201d, finaliza.<\/p>\n<p>&nbsp;<\/p>\n\n\t\t<style type=\"text\/css\">\n\t\t\t#gallery-2 {\n\t\t\t\tmargin: auto;\n\t\t\t}\n\t\t\t#gallery-2 .gallery-item {\n\t\t\t\tfloat: left;\n\t\t\t\tmargin-top: 10px;\n\t\t\t\ttext-align: center;\n\t\t\t\twidth: 33%;\n\t\t\t}\n\t\t\t#gallery-2 img {\n\t\t\t\tborder: 2px solid #cfcfcf;\n\t\t\t}\n\t\t\t#gallery-2 .gallery-caption {\n\t\t\t\tmargin-left: 0;\n\t\t\t}\n\t\t\t\/* see gallery_shortcode() in wp-includes\/media.php *\/\n\t\t<\/style>\n\t\t<div id='gallery-2' class='gallery galleryid-18417 gallery-columns-3 gallery-size-thumbnail'><dl class='gallery-item'>\n\t\t\t<dt class='gallery-icon portrait'>\n\t\t\t\t<a href='https:\/\/colegioarquitectos.com\/noticias\/?attachment_id=18425'><img loading=\"lazy\" decoding=\"async\" width=\"180\" height=\"180\" src=\"https:\/\/colegioarquitectos.com\/noticias\/wp-content\/uploads\/2017\/10\/20479843_1931021217169381_4453960401857032791_n-180x180.jpg\" class=\"attachment-thumbnail size-thumbnail\" alt=\"\" aria-describedby=\"gallery-2-18425\" \/><\/a>\n\t\t\t<\/dt>\n\t\t\t\t<dd class='wp-caption-text gallery-caption' id='gallery-2-18425'>\n\t\t\t\tJuan Fernando conduce el programa \u00abA d\u00f3nde vas Chilo\u00e9\u00bb un espacio del Colegio de Arquitectos de Radio Imagen FM\n\t\t\t\t<\/dd><\/dl><dl class='gallery-item'>\n\t\t\t<dt class='gallery-icon landscape'>\n\t\t\t\t<a href='https:\/\/colegioarquitectos.com\/noticias\/?attachment_id=18423'><img loading=\"lazy\" decoding=\"async\" width=\"180\" height=\"180\" src=\"https:\/\/colegioarquitectos.com\/noticias\/wp-content\/uploads\/2017\/10\/12107720_1652336441704528_7224616785516487408_n-180x180.jpg\" class=\"attachment-thumbnail size-thumbnail\" alt=\"\" aria-describedby=\"gallery-2-18423\" \/><\/a>\n\t\t\t<\/dt>\n\t\t\t\t<dd class='wp-caption-text gallery-caption' id='gallery-2-18423'>\n\t\t\t\tJunto a Jorge Espinosa, Presidente de la Delegaci\u00f3n Chilo\u00e9 del CA\n\t\t\t\t<\/dd><\/dl><dl class='gallery-item'>\n\t\t\t<dt class='gallery-icon landscape'>\n\t\t\t\t<a href='https:\/\/colegioarquitectos.com\/noticias\/?attachment_id=18424'><img loading=\"lazy\" decoding=\"async\" width=\"180\" height=\"180\" src=\"https:\/\/colegioarquitectos.com\/noticias\/wp-content\/uploads\/2017\/10\/12347644_1660789827525856_9047462313994868007_n-180x180.jpg\" class=\"attachment-thumbnail size-thumbnail\" alt=\"\" \/><\/a>\n\t\t\t<\/dt><\/dl><br style=\"clear: both\" \/>\n\t\t<\/div>\n\n<p>&nbsp;<\/p>\n<p>Revisa la publicaci\u00f3n original en\u00a0<a href=\"http:\/\/www.adondevaschiloe.cl\/\">http:\/\/www.adondevaschiloe.cl<\/a>\u00a0por Valentina Rojas.<\/p>\n<p><\/p>","protected":false},"excerpt":{"rendered":"<p>\u201cTe vas a enterrar profesionalmente en Chilo\u00e9\u201d, fue una de las frases que el arquitecto colombiano Juan Fernando Y\u00e1\u00f1ez escuch\u00f3 cuando decidi\u00f3 junto a su esposa -la odont\u00f3loga M\u00f3nica Quintero- partir a radicarse al sur de Chile. De eso hace &hellip; <a class=\"more-link\" href=\"https:\/\/colegioarquitectos.com\/noticias\/?p=18417\">ver m\u00e1s<\/a><\/p>","protected":false},"author":4,"featured_media":18421,"comment_status":"closed","ping_status":"closed","sticky":false,"template":"","format":"standard","meta":{"footnotes":""},"categories":[10],"tags":[],"class_list":["post-18417","post","type-post","status-publish","format-standard","has-post-thumbnail","hentry","category-delegaciones-zonales"],"yoast_head":"<!-- This site is optimized with the Yoast SEO plugin v24.2 - https:\/\/yoast.com\/wordpress\/plugins\/seo\/ -->\n<title>Juan Fernando Y\u00e1\u00f1ez: \u201cLa Isla Grande, nuestro peque\u00f1o continente\u201d - COLEGIO DE ARQUITECTOS DE CHILE<\/title>\n<meta name=\"robots\" content=\"index, follow, max-snippet:-1, max-image-preview:large, max-video-preview:-1\" \/>\n<link rel=\"canonical\" href=\"https:\/\/colegioarquitectos.com\/noticias\/?p=18417\" \/>\n<meta property=\"og:locale\" content=\"es_ES\" \/>\n<meta property=\"og:type\" content=\"article\" \/>\n<meta property=\"og:title\" content=\"Juan Fernando Y\u00e1\u00f1ez: \u201cLa Isla Grande, nuestro peque\u00f1o continente\u201d - COLEGIO DE ARQUITECTOS DE CHILE\" \/>\n<meta property=\"og:description\" content=\"\u201cTe vas a enterrar profesionalmente en Chilo\u00e9\u201d, fue una de las frases que el arquitecto colombiano Juan Fernando Y\u00e1\u00f1ez escuch\u00f3 cuando decidi\u00f3 junto a su esposa -la odont\u00f3loga M\u00f3nica Quintero- partir a radicarse al sur de Chile. De eso hace &hellip; ver m\u00e1s\" \/>\n<meta property=\"og:url\" content=\"https:\/\/colegioarquitectos.com\/noticias\/?p=18417\" \/>\n<meta property=\"og:site_name\" content=\"COLEGIO DE ARQUITECTOS DE CHILE\" \/>\n<meta property=\"article:publisher\" content=\"https:\/\/facebook.com\/Colegioarq\/\" \/>\n<meta property=\"article:published_time\" content=\"2017-10-03T20:21:14+00:00\" \/>\n<meta property=\"article:modified_time\" content=\"2017-10-11T19:28:41+00:00\" \/>\n<meta property=\"og:image\" content=\"https:\/\/colegioarquitectos.com\/noticias\/wp-content\/uploads\/2017\/10\/Juan-Fernando-Y\u00e1\u00f1ez-Porras.jpg\" \/>\n\t<meta property=\"og:image:width\" content=\"690\" \/>\n\t<meta property=\"og:image:height\" content=\"350\" \/>\n\t<meta property=\"og:image:type\" content=\"image\/jpeg\" \/>\n<meta name=\"author\" content=\"Colegio de Arquitectos de Chile\" \/>\n<meta name=\"twitter:card\" content=\"summary_large_image\" \/>\n<meta name=\"twitter:creator\" content=\"@colegioarq\" \/>\n<meta name=\"twitter:site\" content=\"@colegioarq\" \/>\n<meta name=\"twitter:label1\" content=\"Escrito por\" \/>\n\t<meta name=\"twitter:data1\" content=\"Colegio de Arquitectos de Chile\" \/>\n\t<meta name=\"twitter:label2\" content=\"Tiempo de lectura\" \/>\n\t<meta name=\"twitter:data2\" content=\"5 minutos\" \/>\n<script type=\"application\/ld+json\" class=\"yoast-schema-graph\">{\"@context\":\"https:\/\/schema.org\",\"@graph\":[{\"@type\":\"Article\",\"@id\":\"https:\/\/colegioarquitectos.com\/noticias\/?p=18417#article\",\"isPartOf\":{\"@id\":\"https:\/\/colegioarquitectos.com\/noticias\/?p=18417\"},\"author\":{\"name\":\"Colegio de Arquitectos de Chile\",\"@id\":\"https:\/\/colegioarquitectos.com\/noticias\/#\/schema\/person\/685cc0aad148303c5608f049af8285ad\"},\"headline\":\"Juan Fernando Y\u00e1\u00f1ez: \u201cLa Isla Grande, nuestro peque\u00f1o continente\u201d\",\"datePublished\":\"2017-10-03T20:21:14+00:00\",\"dateModified\":\"2017-10-11T19:28:41+00:00\",\"mainEntityOfPage\":{\"@id\":\"https:\/\/colegioarquitectos.com\/noticias\/?p=18417\"},\"wordCount\":1079,\"publisher\":{\"@id\":\"https:\/\/colegioarquitectos.com\/noticias\/#organization\"},\"image\":{\"@id\":\"https:\/\/colegioarquitectos.com\/noticias\/?p=18417#primaryimage\"},\"thumbnailUrl\":\"https:\/\/colegioarquitectos.com\/noticias\/wp-content\/uploads\/2017\/10\/Juan-Fernando-Y\u00e1\u00f1ez-Porras.jpg\",\"articleSection\":[\"Delegaciones\"],\"inLanguage\":\"es\"},{\"@type\":\"WebPage\",\"@id\":\"https:\/\/colegioarquitectos.com\/noticias\/?p=18417\",\"url\":\"https:\/\/colegioarquitectos.com\/noticias\/?p=18417\",\"name\":\"Juan Fernando Y\u00e1\u00f1ez: \u201cLa Isla Grande, nuestro peque\u00f1o continente\u201d - COLEGIO DE ARQUITECTOS DE CHILE\",\"isPartOf\":{\"@id\":\"https:\/\/colegioarquitectos.com\/noticias\/#website\"},\"primaryImageOfPage\":{\"@id\":\"https:\/\/colegioarquitectos.com\/noticias\/?p=18417#primaryimage\"},\"image\":{\"@id\":\"https:\/\/colegioarquitectos.com\/noticias\/?p=18417#primaryimage\"},\"thumbnailUrl\":\"https:\/\/colegioarquitectos.com\/noticias\/wp-content\/uploads\/2017\/10\/Juan-Fernando-Y\u00e1\u00f1ez-Porras.jpg\",\"datePublished\":\"2017-10-03T20:21:14+00:00\",\"dateModified\":\"2017-10-11T19:28:41+00:00\",\"breadcrumb\":{\"@id\":\"https:\/\/colegioarquitectos.com\/noticias\/?p=18417#breadcrumb\"},\"inLanguage\":\"es\",\"potentialAction\":[{\"@type\":\"ReadAction\",\"target\":[\"https:\/\/colegioarquitectos.com\/noticias\/?p=18417\"]}]},{\"@type\":\"ImageObject\",\"inLanguage\":\"es\",\"@id\":\"https:\/\/colegioarquitectos.com\/noticias\/?p=18417#primaryimage\",\"url\":\"https:\/\/colegioarquitectos.com\/noticias\/wp-content\/uploads\/2017\/10\/Juan-Fernando-Y\u00e1\u00f1ez-Porras.jpg\",\"contentUrl\":\"https:\/\/colegioarquitectos.com\/noticias\/wp-content\/uploads\/2017\/10\/Juan-Fernando-Y\u00e1\u00f1ez-Porras.jpg\",\"width\":690,\"height\":350},{\"@type\":\"BreadcrumbList\",\"@id\":\"https:\/\/colegioarquitectos.com\/noticias\/?p=18417#breadcrumb\",\"itemListElement\":[{\"@type\":\"ListItem\",\"position\":1,\"name\":\"Portada\",\"item\":\"https:\/\/colegioarquitectos.com\/noticias\"},{\"@type\":\"ListItem\",\"position\":2,\"name\":\"Juan Fernando Y\u00e1\u00f1ez: \u201cLa Isla Grande, nuestro peque\u00f1o continente\u201d\"}]},{\"@type\":\"WebSite\",\"@id\":\"https:\/\/colegioarquitectos.com\/noticias\/#website\",\"url\":\"https:\/\/colegioarquitectos.com\/noticias\/\",\"name\":\"COLEGIO DE ARQUITECTOS DE CHILE\",\"description\":\"\",\"publisher\":{\"@id\":\"https:\/\/colegioarquitectos.com\/noticias\/#organization\"},\"potentialAction\":[{\"@type\":\"SearchAction\",\"target\":{\"@type\":\"EntryPoint\",\"urlTemplate\":\"https:\/\/colegioarquitectos.com\/noticias\/?s={search_term_string}\"},\"query-input\":{\"@type\":\"PropertyValueSpecification\",\"valueRequired\":true,\"valueName\":\"search_term_string\"}}],\"inLanguage\":\"es\"},{\"@type\":\"Organization\",\"@id\":\"https:\/\/colegioarquitectos.com\/noticias\/#organization\",\"name\":\"COLEGIO DE ARQUITECTOS DE CHILE\",\"url\":\"https:\/\/colegioarquitectos.com\/noticias\/\",\"logo\":{\"@type\":\"ImageObject\",\"inLanguage\":\"es\",\"@id\":\"https:\/\/colegioarquitectos.com\/noticias\/#\/schema\/logo\/image\/\",\"url\":\"https:\/\/colegioarquitectos.com\/noticias\/wp-content\/uploads\/2021\/05\/ENCABEZADO-LOGO-CA.jpg\",\"contentUrl\":\"https:\/\/colegioarquitectos.com\/noticias\/wp-content\/uploads\/2021\/05\/ENCABEZADO-LOGO-CA.jpg\",\"width\":690,\"height\":350,\"caption\":\"COLEGIO DE ARQUITECTOS DE CHILE\"},\"image\":{\"@id\":\"https:\/\/colegioarquitectos.com\/noticias\/#\/schema\/logo\/image\/\"},\"sameAs\":[\"https:\/\/facebook.com\/Colegioarq\/\",\"https:\/\/x.com\/colegioarq\",\"https:\/\/instagram.com\/colegioarq\",\"https:\/\/youtube.com\/@ColegiodeArquitectosdeChile\"]},{\"@type\":\"Person\",\"@id\":\"https:\/\/colegioarquitectos.com\/noticias\/#\/schema\/person\/685cc0aad148303c5608f049af8285ad\",\"name\":\"Colegio de Arquitectos de Chile\",\"url\":\"https:\/\/colegioarquitectos.com\/noticias\/?author=4\"}]}<\/script>\n<!-- \/ Yoast SEO plugin. -->","yoast_head_json":{"title":"Juan Fernando Y\u00e1\u00f1ez: \u201cLa Isla Grande, nuestro peque\u00f1o continente\u201d - COLEGIO DE ARQUITECTOS DE CHILE","robots":{"index":"index","follow":"follow","max-snippet":"max-snippet:-1","max-image-preview":"max-image-preview:large","max-video-preview":"max-video-preview:-1"},"canonical":"https:\/\/colegioarquitectos.com\/noticias\/?p=18417","og_locale":"es_ES","og_type":"article","og_title":"Juan Fernando Y\u00e1\u00f1ez: \u201cLa Isla Grande, nuestro peque\u00f1o continente\u201d - COLEGIO DE ARQUITECTOS DE CHILE","og_description":"\u201cTe vas a enterrar profesionalmente en Chilo\u00e9\u201d, fue una de las frases que el arquitecto colombiano Juan Fernando Y\u00e1\u00f1ez escuch\u00f3 cuando decidi\u00f3 junto a su esposa -la odont\u00f3loga M\u00f3nica Quintero- partir a radicarse al sur de Chile. De eso hace &hellip; ver m\u00e1s","og_url":"https:\/\/colegioarquitectos.com\/noticias\/?p=18417","og_site_name":"COLEGIO DE ARQUITECTOS DE CHILE","article_publisher":"https:\/\/facebook.com\/Colegioarq\/","article_published_time":"2017-10-03T20:21:14+00:00","article_modified_time":"2017-10-11T19:28:41+00:00","og_image":[{"width":690,"height":350,"url":"https:\/\/colegioarquitectos.com\/noticias\/wp-content\/uploads\/2017\/10\/Juan-Fernando-Y\u00e1\u00f1ez-Porras.jpg","type":"image\/jpeg"}],"author":"Colegio de Arquitectos de Chile","twitter_card":"summary_large_image","twitter_creator":"@colegioarq","twitter_site":"@colegioarq","twitter_misc":{"Escrito por":"Colegio de Arquitectos de Chile","Tiempo de lectura":"5 minutos"},"schema":{"@context":"https:\/\/schema.org","@graph":[{"@type":"Article","@id":"https:\/\/colegioarquitectos.com\/noticias\/?p=18417#article","isPartOf":{"@id":"https:\/\/colegioarquitectos.com\/noticias\/?p=18417"},"author":{"name":"Colegio de Arquitectos de Chile","@id":"https:\/\/colegioarquitectos.com\/noticias\/#\/schema\/person\/685cc0aad148303c5608f049af8285ad"},"headline":"Juan Fernando Y\u00e1\u00f1ez: \u201cLa Isla Grande, nuestro peque\u00f1o continente\u201d","datePublished":"2017-10-03T20:21:14+00:00","dateModified":"2017-10-11T19:28:41+00:00","mainEntityOfPage":{"@id":"https:\/\/colegioarquitectos.com\/noticias\/?p=18417"},"wordCount":1079,"publisher":{"@id":"https:\/\/colegioarquitectos.com\/noticias\/#organization"},"image":{"@id":"https:\/\/colegioarquitectos.com\/noticias\/?p=18417#primaryimage"},"thumbnailUrl":"https:\/\/colegioarquitectos.com\/noticias\/wp-content\/uploads\/2017\/10\/Juan-Fernando-Y\u00e1\u00f1ez-Porras.jpg","articleSection":["Delegaciones"],"inLanguage":"es"},{"@type":"WebPage","@id":"https:\/\/colegioarquitectos.com\/noticias\/?p=18417","url":"https:\/\/colegioarquitectos.com\/noticias\/?p=18417","name":"Juan Fernando Y\u00e1\u00f1ez: \u201cLa Isla Grande, nuestro peque\u00f1o continente\u201d - COLEGIO DE ARQUITECTOS DE CHILE","isPartOf":{"@id":"https:\/\/colegioarquitectos.com\/noticias\/#website"},"primaryImageOfPage":{"@id":"https:\/\/colegioarquitectos.com\/noticias\/?p=18417#primaryimage"},"image":{"@id":"https:\/\/colegioarquitectos.com\/noticias\/?p=18417#primaryimage"},"thumbnailUrl":"https:\/\/colegioarquitectos.com\/noticias\/wp-content\/uploads\/2017\/10\/Juan-Fernando-Y\u00e1\u00f1ez-Porras.jpg","datePublished":"2017-10-03T20:21:14+00:00","dateModified":"2017-10-11T19:28:41+00:00","breadcrumb":{"@id":"https:\/\/colegioarquitectos.com\/noticias\/?p=18417#breadcrumb"},"inLanguage":"es","potentialAction":[{"@type":"ReadAction","target":["https:\/\/colegioarquitectos.com\/noticias\/?p=18417"]}]},{"@type":"ImageObject","inLanguage":"es","@id":"https:\/\/colegioarquitectos.com\/noticias\/?p=18417#primaryimage","url":"https:\/\/colegioarquitectos.com\/noticias\/wp-content\/uploads\/2017\/10\/Juan-Fernando-Y\u00e1\u00f1ez-Porras.jpg","contentUrl":"https:\/\/colegioarquitectos.com\/noticias\/wp-content\/uploads\/2017\/10\/Juan-Fernando-Y\u00e1\u00f1ez-Porras.jpg","width":690,"height":350},{"@type":"BreadcrumbList","@id":"https:\/\/colegioarquitectos.com\/noticias\/?p=18417#breadcrumb","itemListElement":[{"@type":"ListItem","position":1,"name":"Portada","item":"https:\/\/colegioarquitectos.com\/noticias"},{"@type":"ListItem","position":2,"name":"Juan Fernando Y\u00e1\u00f1ez: \u201cLa Isla Grande, nuestro peque\u00f1o continente\u201d"}]},{"@type":"WebSite","@id":"https:\/\/colegioarquitectos.com\/noticias\/#website","url":"https:\/\/colegioarquitectos.com\/noticias\/","name":"COLEGIO DE ARQUITECTOS DE CHILE","description":"","publisher":{"@id":"https:\/\/colegioarquitectos.com\/noticias\/#organization"},"potentialAction":[{"@type":"SearchAction","target":{"@type":"EntryPoint","urlTemplate":"https:\/\/colegioarquitectos.com\/noticias\/?s={search_term_string}"},"query-input":{"@type":"PropertyValueSpecification","valueRequired":true,"valueName":"search_term_string"}}],"inLanguage":"es"},{"@type":"Organization","@id":"https:\/\/colegioarquitectos.com\/noticias\/#organization","name":"COLEGIO DE ARQUITECTOS DE CHILE","url":"https:\/\/colegioarquitectos.com\/noticias\/","logo":{"@type":"ImageObject","inLanguage":"es","@id":"https:\/\/colegioarquitectos.com\/noticias\/#\/schema\/logo\/image\/","url":"https:\/\/colegioarquitectos.com\/noticias\/wp-content\/uploads\/2021\/05\/ENCABEZADO-LOGO-CA.jpg","contentUrl":"https:\/\/colegioarquitectos.com\/noticias\/wp-content\/uploads\/2021\/05\/ENCABEZADO-LOGO-CA.jpg","width":690,"height":350,"caption":"COLEGIO DE ARQUITECTOS DE CHILE"},"image":{"@id":"https:\/\/colegioarquitectos.com\/noticias\/#\/schema\/logo\/image\/"},"sameAs":["https:\/\/facebook.com\/Colegioarq\/","https:\/\/x.com\/colegioarq","https:\/\/instagram.com\/colegioarq","https:\/\/youtube.com\/@ColegiodeArquitectosdeChile"]},{"@type":"Person","@id":"https:\/\/colegioarquitectos.com\/noticias\/#\/schema\/person\/685cc0aad148303c5608f049af8285ad","name":"Colegio de Arquitectos de Chile","url":"https:\/\/colegioarquitectos.com\/noticias\/?author=4"}]}},"_links":{"self":[{"href":"https:\/\/colegioarquitectos.com\/noticias\/index.php?rest_route=\/wp\/v2\/posts\/18417","targetHints":{"allow":["GET"]}}],"collection":[{"href":"https:\/\/colegioarquitectos.com\/noticias\/index.php?rest_route=\/wp\/v2\/posts"}],"about":[{"href":"https:\/\/colegioarquitectos.com\/noticias\/index.php?rest_route=\/wp\/v2\/types\/post"}],"author":[{"embeddable":true,"href":"https:\/\/colegioarquitectos.com\/noticias\/index.php?rest_route=\/wp\/v2\/users\/4"}],"replies":[{"embeddable":true,"href":"https:\/\/colegioarquitectos.com\/noticias\/index.php?rest_route=%2Fwp%2Fv2%2Fcomments&post=18417"}],"version-history":[{"count":0,"href":"https:\/\/colegioarquitectos.com\/noticias\/index.php?rest_route=\/wp\/v2\/posts\/18417\/revisions"}],"wp:featuredmedia":[{"embeddable":true,"href":"https:\/\/colegioarquitectos.com\/noticias\/index.php?rest_route=\/wp\/v2\/media\/18421"}],"wp:attachment":[{"href":"https:\/\/colegioarquitectos.com\/noticias\/index.php?rest_route=%2Fwp%2Fv2%2Fmedia&parent=18417"}],"wp:term":[{"taxonomy":"category","embeddable":true,"href":"https:\/\/colegioarquitectos.com\/noticias\/index.php?rest_route=%2Fwp%2Fv2%2Fcategories&post=18417"},{"taxonomy":"post_tag","embeddable":true,"href":"https:\/\/colegioarquitectos.com\/noticias\/index.php?rest_route=%2Fwp%2Fv2%2Ftags&post=18417"}],"curies":[{"name":"wp","href":"https:\/\/api.w.org\/{rel}","templated":true}]}}