
{"id":18431,"date":"2017-10-04T15:40:33","date_gmt":"2017-10-04T15:40:33","guid":{"rendered":"http:\/\/colegioarquitectos.com\/?p=18431"},"modified":"2017-10-04T15:51:14","modified_gmt":"2017-10-04T15:51:14","slug":"buscamos-voluntarios-para-los-dialogos-impostergables","status":"publish","type":"post","link":"https:\/\/colegioarquitectos.com\/noticias\/?p=18431","title":{"rendered":"Buscamos voluntarios para los \u00abDi\u00e1logos Impostergables\u00bb"},"content":{"rendered":"<p>Queremos lograr la mejor experiencia en esta XX Bienal de Arquitectura \u201cDi\u00e1logos Impostergables\u201d, por eso buscamos voluntarios residentes en Valpara\u00edso o Vi\u00f1a del Mar para dar la bienvenida a todos los que nos visiten desde el 26 de octubre al 10 de noviembre en el Parque Cultural de Valpara\u00edso \u00a1Necesitamos de tu ayuda!<\/p>\n<p>Los voluntarios interactuar\u00e1n con los visitantes de Chile y el mundo, muchos de los cuales viajar\u00e1n solo a la Bienal y visitar\u00e1n Valpara\u00edso por primera vez. Participar de la Bienal de Arquitectura es una experiencia enriquecedora por ser el evento de arquitectura m\u00e1s importante del pa\u00eds, teniendo contacto cercano con los participantes, creadores, curadores y cr\u00edticos.<\/p>\n<p>Los voluntarios no necesitan ser expertos en arquitectura o gu\u00edas tur\u00edsticos, pues hay una gran variedad de roles y turnos voluntarios:<\/p>\n<p>&nbsp;<\/p>\n<p><strong>ASISTENTE DE SALA<\/strong>: Los voluntarios estar\u00e1n en las distintas salas de exhibici\u00f3n en puestos fijos, recibiendo a los visitantes y cuidando del espacio asignado (del 26 de Octubre al 10 de Noviembre).<\/p>\n<p>&nbsp;<\/p>\n<p><strong>ASISTENTE DE MONTAJE<\/strong>: El voluntario apoyar\u00e1 al equipo de montaje de las distintas muestras y espacios de la Bienal (la etapa de montaje es del 16 al 26 de Octubre\/ desmontaje es del 09 al 13 de Noviembre).<\/p>\n<p>&nbsp;<\/p>\n<p><strong>ASISTENTE DE PRODUCCI\u00d3N<\/strong>: El voluntario apoyar\u00e1 al equipo de producci\u00f3n para la correcta ejecuci\u00f3n y realizaci\u00f3n de cada una de las actividades de la Bienal (26 de Octubre al 10 de Noviembre de 2017).<\/p>\n<p>&nbsp;<\/p>\n<p><a href=\"https:\/\/docs.google.com\/forms\/d\/e\/1FAIpQLSfjVUhTDVJ6ouyflXOsSeLXxNN3XcJHwA5zYvtyDJFsIGf0Ng\/viewform?usp=send_form\">SI ESTAS INTERESADO EN PARTICIPAR COMPLETA EL SIGUIENTE FORMULARIO (Aqu\u00ed)<\/a>.<\/p>\n<p><\/p>","protected":false},"excerpt":{"rendered":"<p>Queremos lograr la mejor experiencia en esta XX Bienal de Arquitectura \u201cDi\u00e1logos Impostergables\u201d, por eso buscamos voluntarios residentes en Valpara\u00edso o Vi\u00f1a del Mar para dar la bienvenida a todos los que nos visiten desde el 26 de octubre al &hellip; <a class=\"more-link\" href=\"https:\/\/colegioarquitectos.com\/noticias\/?p=18431\">ver m\u00e1s<\/a><\/p>","protected":false},"author":4,"featured_media":18433,"comment_status":"closed","ping_status":"closed","sticky":false,"template":"","format":"standard","meta":{"footnotes":""},"categories":[59,1],"tags":[],"class_list":["post-18431","post","type-post","status-publish","format-standard","has-post-thumbnail","hentry","category-bienal","category-sin-categoria"],"yoast_head":"<!-- This site is optimized with the Yoast SEO plugin v24.2 - https:\/\/yoast.com\/wordpress\/plugins\/seo\/ -->\n<title>Buscamos voluntarios para los &quot;Di\u00e1logos Impostergables&quot; - COLEGIO DE ARQUITECTOS DE CHILE<\/title>\n<meta name=\"robots\" content=\"index, follow, max-snippet:-1, max-image-preview:large, max-video-preview:-1\" \/>\n<link rel=\"canonical\" href=\"https:\/\/colegioarquitectos.com\/noticias\/?p=18431\" \/>\n<meta property=\"og:locale\" content=\"es_ES\" \/>\n<meta property=\"og:type\" content=\"article\" \/>\n<meta property=\"og:title\" content=\"Buscamos voluntarios para los &quot;Di\u00e1logos Impostergables&quot; - COLEGIO DE ARQUITECTOS DE CHILE\" \/>\n<meta property=\"og:description\" content=\"Queremos lograr la mejor experiencia en esta XX Bienal de Arquitectura \u201cDi\u00e1logos Impostergables\u201d, por eso buscamos voluntarios residentes en Valpara\u00edso o Vi\u00f1a del Mar para dar la bienvenida a todos los que nos visiten desde el 26 de octubre al &hellip; ver m\u00e1s\" \/>\n<meta property=\"og:url\" content=\"https:\/\/colegioarquitectos.com\/noticias\/?p=18431\" \/>\n<meta property=\"og:site_name\" content=\"COLEGIO DE ARQUITECTOS DE CHILE\" \/>\n<meta property=\"article:publisher\" content=\"https:\/\/facebook.com\/Colegioarq\/\" \/>\n<meta property=\"article:published_time\" content=\"2017-10-04T15:40:33+00:00\" \/>\n<meta property=\"article:modified_time\" content=\"2017-10-04T15:51:14+00:00\" \/>\n<meta property=\"og:image\" content=\"https:\/\/colegioarquitectos.com\/noticias\/wp-content\/uploads\/2017\/10\/Voluntarios-XX-Bienal.jpg\" \/>\n\t<meta property=\"og:image:width\" content=\"690\" \/>\n\t<meta property=\"og:image:height\" content=\"350\" \/>\n\t<meta property=\"og:image:type\" content=\"image\/jpeg\" \/>\n<meta name=\"author\" content=\"Colegio de Arquitectos de Chile\" \/>\n<meta name=\"twitter:card\" content=\"summary_large_image\" \/>\n<meta name=\"twitter:creator\" content=\"@colegioarq\" \/>\n<meta name=\"twitter:site\" content=\"@colegioarq\" \/>\n<meta name=\"twitter:label1\" content=\"Escrito por\" \/>\n\t<meta name=\"twitter:data1\" content=\"Colegio de Arquitectos de Chile\" \/>\n\t<meta name=\"twitter:label2\" content=\"Tiempo de lectura\" \/>\n\t<meta name=\"twitter:data2\" content=\"1 minuto\" \/>\n<script type=\"application\/ld+json\" class=\"yoast-schema-graph\">{\"@context\":\"https:\/\/schema.org\",\"@graph\":[{\"@type\":\"Article\",\"@id\":\"https:\/\/colegioarquitectos.com\/noticias\/?p=18431#article\",\"isPartOf\":{\"@id\":\"https:\/\/colegioarquitectos.com\/noticias\/?p=18431\"},\"author\":{\"name\":\"Colegio de Arquitectos de Chile\",\"@id\":\"https:\/\/colegioarquitectos.com\/noticias\/#\/schema\/person\/685cc0aad148303c5608f049af8285ad\"},\"headline\":\"Buscamos voluntarios para los \u00abDi\u00e1logos Impostergables\u00bb\",\"datePublished\":\"2017-10-04T15:40:33+00:00\",\"dateModified\":\"2017-10-04T15:51:14+00:00\",\"mainEntityOfPage\":{\"@id\":\"https:\/\/colegioarquitectos.com\/noticias\/?p=18431\"},\"wordCount\":263,\"publisher\":{\"@id\":\"https:\/\/colegioarquitectos.com\/noticias\/#organization\"},\"image\":{\"@id\":\"https:\/\/colegioarquitectos.com\/noticias\/?p=18431#primaryimage\"},\"thumbnailUrl\":\"https:\/\/colegioarquitectos.com\/noticias\/wp-content\/uploads\/2017\/10\/Voluntarios-XX-Bienal.jpg\",\"articleSection\":[\"Bienal\"],\"inLanguage\":\"es\"},{\"@type\":\"WebPage\",\"@id\":\"https:\/\/colegioarquitectos.com\/noticias\/?p=18431\",\"url\":\"https:\/\/colegioarquitectos.com\/noticias\/?p=18431\",\"name\":\"Buscamos voluntarios para los \\\"Di\u00e1logos Impostergables\\\" - COLEGIO DE ARQUITECTOS DE CHILE\",\"isPartOf\":{\"@id\":\"https:\/\/colegioarquitectos.com\/noticias\/#website\"},\"primaryImageOfPage\":{\"@id\":\"https:\/\/colegioarquitectos.com\/noticias\/?p=18431#primaryimage\"},\"image\":{\"@id\":\"https:\/\/colegioarquitectos.com\/noticias\/?p=18431#primaryimage\"},\"thumbnailUrl\":\"https:\/\/colegioarquitectos.com\/noticias\/wp-content\/uploads\/2017\/10\/Voluntarios-XX-Bienal.jpg\",\"datePublished\":\"2017-10-04T15:40:33+00:00\",\"dateModified\":\"2017-10-04T15:51:14+00:00\",\"breadcrumb\":{\"@id\":\"https:\/\/colegioarquitectos.com\/noticias\/?p=18431#breadcrumb\"},\"inLanguage\":\"es\",\"potentialAction\":[{\"@type\":\"ReadAction\",\"target\":[\"https:\/\/colegioarquitectos.com\/noticias\/?p=18431\"]}]},{\"@type\":\"ImageObject\",\"inLanguage\":\"es\",\"@id\":\"https:\/\/colegioarquitectos.com\/noticias\/?p=18431#primaryimage\",\"url\":\"https:\/\/colegioarquitectos.com\/noticias\/wp-content\/uploads\/2017\/10\/Voluntarios-XX-Bienal.jpg\",\"contentUrl\":\"https:\/\/colegioarquitectos.com\/noticias\/wp-content\/uploads\/2017\/10\/Voluntarios-XX-Bienal.jpg\",\"width\":690,\"height\":350},{\"@type\":\"BreadcrumbList\",\"@id\":\"https:\/\/colegioarquitectos.com\/noticias\/?p=18431#breadcrumb\",\"itemListElement\":[{\"@type\":\"ListItem\",\"position\":1,\"name\":\"Portada\",\"item\":\"https:\/\/colegioarquitectos.com\/noticias\"},{\"@type\":\"ListItem\",\"position\":2,\"name\":\"Buscamos voluntarios para los \u00abDi\u00e1logos Impostergables\u00bb\"}]},{\"@type\":\"WebSite\",\"@id\":\"https:\/\/colegioarquitectos.com\/noticias\/#website\",\"url\":\"https:\/\/colegioarquitectos.com\/noticias\/\",\"name\":\"COLEGIO DE ARQUITECTOS DE CHILE\",\"description\":\"\",\"publisher\":{\"@id\":\"https:\/\/colegioarquitectos.com\/noticias\/#organization\"},\"potentialAction\":[{\"@type\":\"SearchAction\",\"target\":{\"@type\":\"EntryPoint\",\"urlTemplate\":\"https:\/\/colegioarquitectos.com\/noticias\/?s={search_term_string}\"},\"query-input\":{\"@type\":\"PropertyValueSpecification\",\"valueRequired\":true,\"valueName\":\"search_term_string\"}}],\"inLanguage\":\"es\"},{\"@type\":\"Organization\",\"@id\":\"https:\/\/colegioarquitectos.com\/noticias\/#organization\",\"name\":\"COLEGIO DE ARQUITECTOS DE CHILE\",\"url\":\"https:\/\/colegioarquitectos.com\/noticias\/\",\"logo\":{\"@type\":\"ImageObject\",\"inLanguage\":\"es\",\"@id\":\"https:\/\/colegioarquitectos.com\/noticias\/#\/schema\/logo\/image\/\",\"url\":\"https:\/\/colegioarquitectos.com\/noticias\/wp-content\/uploads\/2021\/05\/ENCABEZADO-LOGO-CA.jpg\",\"contentUrl\":\"https:\/\/colegioarquitectos.com\/noticias\/wp-content\/uploads\/2021\/05\/ENCABEZADO-LOGO-CA.jpg\",\"width\":690,\"height\":350,\"caption\":\"COLEGIO DE ARQUITECTOS DE CHILE\"},\"image\":{\"@id\":\"https:\/\/colegioarquitectos.com\/noticias\/#\/schema\/logo\/image\/\"},\"sameAs\":[\"https:\/\/facebook.com\/Colegioarq\/\",\"https:\/\/x.com\/colegioarq\",\"https:\/\/instagram.com\/colegioarq\",\"https:\/\/youtube.com\/@ColegiodeArquitectosdeChile\"]},{\"@type\":\"Person\",\"@id\":\"https:\/\/colegioarquitectos.com\/noticias\/#\/schema\/person\/685cc0aad148303c5608f049af8285ad\",\"name\":\"Colegio de Arquitectos de Chile\",\"url\":\"https:\/\/colegioarquitectos.com\/noticias\/?author=4\"}]}<\/script>\n<!-- \/ Yoast SEO plugin. -->","yoast_head_json":{"title":"Buscamos voluntarios para los \"Di\u00e1logos Impostergables\" - COLEGIO DE ARQUITECTOS DE CHILE","robots":{"index":"index","follow":"follow","max-snippet":"max-snippet:-1","max-image-preview":"max-image-preview:large","max-video-preview":"max-video-preview:-1"},"canonical":"https:\/\/colegioarquitectos.com\/noticias\/?p=18431","og_locale":"es_ES","og_type":"article","og_title":"Buscamos voluntarios para los \"Di\u00e1logos Impostergables\" - COLEGIO DE ARQUITECTOS DE CHILE","og_description":"Queremos lograr la mejor experiencia en esta XX Bienal de Arquitectura \u201cDi\u00e1logos Impostergables\u201d, por eso buscamos voluntarios residentes en Valpara\u00edso o Vi\u00f1a del Mar para dar la bienvenida a todos los que nos visiten desde el 26 de octubre al &hellip; ver m\u00e1s","og_url":"https:\/\/colegioarquitectos.com\/noticias\/?p=18431","og_site_name":"COLEGIO DE ARQUITECTOS DE CHILE","article_publisher":"https:\/\/facebook.com\/Colegioarq\/","article_published_time":"2017-10-04T15:40:33+00:00","article_modified_time":"2017-10-04T15:51:14+00:00","og_image":[{"width":690,"height":350,"url":"https:\/\/colegioarquitectos.com\/noticias\/wp-content\/uploads\/2017\/10\/Voluntarios-XX-Bienal.jpg","type":"image\/jpeg"}],"author":"Colegio de Arquitectos de Chile","twitter_card":"summary_large_image","twitter_creator":"@colegioarq","twitter_site":"@colegioarq","twitter_misc":{"Escrito por":"Colegio de Arquitectos de Chile","Tiempo de lectura":"1 minuto"},"schema":{"@context":"https:\/\/schema.org","@graph":[{"@type":"Article","@id":"https:\/\/colegioarquitectos.com\/noticias\/?p=18431#article","isPartOf":{"@id":"https:\/\/colegioarquitectos.com\/noticias\/?p=18431"},"author":{"name":"Colegio de Arquitectos de Chile","@id":"https:\/\/colegioarquitectos.com\/noticias\/#\/schema\/person\/685cc0aad148303c5608f049af8285ad"},"headline":"Buscamos voluntarios para los \u00abDi\u00e1logos Impostergables\u00bb","datePublished":"2017-10-04T15:40:33+00:00","dateModified":"2017-10-04T15:51:14+00:00","mainEntityOfPage":{"@id":"https:\/\/colegioarquitectos.com\/noticias\/?p=18431"},"wordCount":263,"publisher":{"@id":"https:\/\/colegioarquitectos.com\/noticias\/#organization"},"image":{"@id":"https:\/\/colegioarquitectos.com\/noticias\/?p=18431#primaryimage"},"thumbnailUrl":"https:\/\/colegioarquitectos.com\/noticias\/wp-content\/uploads\/2017\/10\/Voluntarios-XX-Bienal.jpg","articleSection":["Bienal"],"inLanguage":"es"},{"@type":"WebPage","@id":"https:\/\/colegioarquitectos.com\/noticias\/?p=18431","url":"https:\/\/colegioarquitectos.com\/noticias\/?p=18431","name":"Buscamos voluntarios para los \"Di\u00e1logos Impostergables\" - COLEGIO DE ARQUITECTOS DE CHILE","isPartOf":{"@id":"https:\/\/colegioarquitectos.com\/noticias\/#website"},"primaryImageOfPage":{"@id":"https:\/\/colegioarquitectos.com\/noticias\/?p=18431#primaryimage"},"image":{"@id":"https:\/\/colegioarquitectos.com\/noticias\/?p=18431#primaryimage"},"thumbnailUrl":"https:\/\/colegioarquitectos.com\/noticias\/wp-content\/uploads\/2017\/10\/Voluntarios-XX-Bienal.jpg","datePublished":"2017-10-04T15:40:33+00:00","dateModified":"2017-10-04T15:51:14+00:00","breadcrumb":{"@id":"https:\/\/colegioarquitectos.com\/noticias\/?p=18431#breadcrumb"},"inLanguage":"es","potentialAction":[{"@type":"ReadAction","target":["https:\/\/colegioarquitectos.com\/noticias\/?p=18431"]}]},{"@type":"ImageObject","inLanguage":"es","@id":"https:\/\/colegioarquitectos.com\/noticias\/?p=18431#primaryimage","url":"https:\/\/colegioarquitectos.com\/noticias\/wp-content\/uploads\/2017\/10\/Voluntarios-XX-Bienal.jpg","contentUrl":"https:\/\/colegioarquitectos.com\/noticias\/wp-content\/uploads\/2017\/10\/Voluntarios-XX-Bienal.jpg","width":690,"height":350},{"@type":"BreadcrumbList","@id":"https:\/\/colegioarquitectos.com\/noticias\/?p=18431#breadcrumb","itemListElement":[{"@type":"ListItem","position":1,"name":"Portada","item":"https:\/\/colegioarquitectos.com\/noticias"},{"@type":"ListItem","position":2,"name":"Buscamos voluntarios para los \u00abDi\u00e1logos Impostergables\u00bb"}]},{"@type":"WebSite","@id":"https:\/\/colegioarquitectos.com\/noticias\/#website","url":"https:\/\/colegioarquitectos.com\/noticias\/","name":"COLEGIO DE ARQUITECTOS DE CHILE","description":"","publisher":{"@id":"https:\/\/colegioarquitectos.com\/noticias\/#organization"},"potentialAction":[{"@type":"SearchAction","target":{"@type":"EntryPoint","urlTemplate":"https:\/\/colegioarquitectos.com\/noticias\/?s={search_term_string}"},"query-input":{"@type":"PropertyValueSpecification","valueRequired":true,"valueName":"search_term_string"}}],"inLanguage":"es"},{"@type":"Organization","@id":"https:\/\/colegioarquitectos.com\/noticias\/#organization","name":"COLEGIO DE ARQUITECTOS DE CHILE","url":"https:\/\/colegioarquitectos.com\/noticias\/","logo":{"@type":"ImageObject","inLanguage":"es","@id":"https:\/\/colegioarquitectos.com\/noticias\/#\/schema\/logo\/image\/","url":"https:\/\/colegioarquitectos.com\/noticias\/wp-content\/uploads\/2021\/05\/ENCABEZADO-LOGO-CA.jpg","contentUrl":"https:\/\/colegioarquitectos.com\/noticias\/wp-content\/uploads\/2021\/05\/ENCABEZADO-LOGO-CA.jpg","width":690,"height":350,"caption":"COLEGIO DE ARQUITECTOS DE CHILE"},"image":{"@id":"https:\/\/colegioarquitectos.com\/noticias\/#\/schema\/logo\/image\/"},"sameAs":["https:\/\/facebook.com\/Colegioarq\/","https:\/\/x.com\/colegioarq","https:\/\/instagram.com\/colegioarq","https:\/\/youtube.com\/@ColegiodeArquitectosdeChile"]},{"@type":"Person","@id":"https:\/\/colegioarquitectos.com\/noticias\/#\/schema\/person\/685cc0aad148303c5608f049af8285ad","name":"Colegio de Arquitectos de Chile","url":"https:\/\/colegioarquitectos.com\/noticias\/?author=4"}]}},"_links":{"self":[{"href":"https:\/\/colegioarquitectos.com\/noticias\/index.php?rest_route=\/wp\/v2\/posts\/18431","targetHints":{"allow":["GET"]}}],"collection":[{"href":"https:\/\/colegioarquitectos.com\/noticias\/index.php?rest_route=\/wp\/v2\/posts"}],"about":[{"href":"https:\/\/colegioarquitectos.com\/noticias\/index.php?rest_route=\/wp\/v2\/types\/post"}],"author":[{"embeddable":true,"href":"https:\/\/colegioarquitectos.com\/noticias\/index.php?rest_route=\/wp\/v2\/users\/4"}],"replies":[{"embeddable":true,"href":"https:\/\/colegioarquitectos.com\/noticias\/index.php?rest_route=%2Fwp%2Fv2%2Fcomments&post=18431"}],"version-history":[{"count":0,"href":"https:\/\/colegioarquitectos.com\/noticias\/index.php?rest_route=\/wp\/v2\/posts\/18431\/revisions"}],"wp:featuredmedia":[{"embeddable":true,"href":"https:\/\/colegioarquitectos.com\/noticias\/index.php?rest_route=\/wp\/v2\/media\/18433"}],"wp:attachment":[{"href":"https:\/\/colegioarquitectos.com\/noticias\/index.php?rest_route=%2Fwp%2Fv2%2Fmedia&parent=18431"}],"wp:term":[{"taxonomy":"category","embeddable":true,"href":"https:\/\/colegioarquitectos.com\/noticias\/index.php?rest_route=%2Fwp%2Fv2%2Fcategories&post=18431"},{"taxonomy":"post_tag","embeddable":true,"href":"https:\/\/colegioarquitectos.com\/noticias\/index.php?rest_route=%2Fwp%2Fv2%2Ftags&post=18431"}],"curies":[{"name":"wp","href":"https:\/\/api.w.org\/{rel}","templated":true}]}}