
{"id":18489,"date":"2017-10-11T19:03:20","date_gmt":"2017-10-11T19:03:20","guid":{"rendered":"http:\/\/colegioarquitectos.com\/?p=18489"},"modified":"2017-10-11T19:06:16","modified_gmt":"2017-10-11T19:06:16","slug":"santiago-y-concepcion-seminarios-sobre-reparacion-estructural-e-innovacion-en-madera","status":"publish","type":"post","link":"https:\/\/colegioarquitectos.com\/noticias\/?p=18489","title":{"rendered":"Santiago y Concepci\u00f3n: Seminarios sobre reparaci\u00f3n estructural e innovaci\u00f3n en madera"},"content":{"rendered":"<p>La empresa Simpson Strog-Tie invita a los arquitectos a dos interesantes seminarios que se realizaran en Concepci\u00f3n y Santiago. Estos contar\u00e1n con destacados expositores nacionales y extranjeros:<\/p>\n<p><strong>\u00a0<\/strong><\/p>\n<p><strong>Seminario \u00abSistema de Reparaci\u00f3n y Fortalecimiento de Estructuras &#8211; Anclajes post Instalados para Reparaci\u00f3n y Fortalecimiento\u00bb <\/strong><\/p>\n<p><em>Calendario Concepci\u00f3n \/ 18 de Octubre<\/em><\/p>\n<p>Horario: 8:30 a 18:00<\/p>\n<p>Lugar: Sal\u00f3n Los Queules, Universidad San Sebasti\u00e1n. Lientur 1457, Concepci\u00f3n.<\/p>\n<p>&nbsp;<\/p>\n<p><em>Calendario Santiago \/ 25 de Octubre<\/em><\/p>\n<p>Horario: 8:30 a 18:00<\/p>\n<p>Lugar: Sal\u00f3n Principal, Escuela de Ingenier\u00eda, PUC. Avenida Vicu\u00f1a Mackenna 4860, Macul, Santiago.<\/p>\n<p>&nbsp;<\/p>\n<p>M\u00e1s info:\u00a0<a href=\"http:\/\/colegioarquitectos.com\/noticias\/wp-content\/uploads\/2017\/10\/1.-Invitaci\u00f3n-Seminario-Dise\u00f1o-RPS-y-Anclajes-18-10-17-25-10-17-def.pdf\">Invitaci\u00f3n Seminario Dise\u00f1o RPS y Anclajes 18-10-17 , 25-10-17\u00a0<\/a><\/p>\n<p>&nbsp;<\/p>\n<p><strong>Seminario: \u00bb Dise\u00f1o Estructural en Madera. Sistema Marco Plataforma. Conectores &amp; Fijadores\u00bb<\/strong><\/p>\n<p><em>Calendario Concepci\u00f3n \/ 19 de Octubre<\/em><\/p>\n<p>Horario: 8:30 a 18:00<\/p>\n<p>Lugar: Sal\u00f3n Los Queules, Universidad San Sebasti\u00e1n. Lientur 1457, Concepci\u00f3n.<\/p>\n<p>&nbsp;<\/p>\n<p><em>Calendario Santiago \/ 24 de Octubre<\/em><\/p>\n<p>Horario: 8:30 a 18:00<\/p>\n<p>Lugar: Sal\u00f3n Principal, Escuela de Ingenier\u00eda, PUC. Avenida Vicu\u00f1a Mackenna 4860, Macul, Santiago.<\/p>\n<p>&nbsp;<\/p>\n<p>M\u00e1s info:\u00a0<a href=\"http:\/\/colegioarquitectos.com\/noticias\/wp-content\/uploads\/2017\/10\/2.-Invitacio\u00ecn-Seminario-Connector-Fastener-19-10-17-24-10-17-def.pdf\">Invitaci\u00f3n Seminario Connector Fastener 19-10-17 , 24-10-17\u00a0<\/a><\/p>\n<p>&nbsp;<\/p>\n<p>Ambos seminarios son gratuitos y es necesario preinscribirse al siguiente correo: <a href=\"mailto:lurodriguez@strongtie.com\">lurodriguez@strongtie.com<\/a>.<\/p>\n<p>&nbsp;<\/p>\n<p><\/p>","protected":false},"excerpt":{"rendered":"<p>La empresa Simpson Strog-Tie invita a los arquitectos a dos interesantes seminarios que se realizaran en Concepci\u00f3n y Santiago. Estos contar\u00e1n con destacados expositores nacionales y extranjeros: \u00a0 Seminario \u00abSistema de Reparaci\u00f3n y Fortalecimiento de Estructuras &#8211; Anclajes post Instalados &hellip; <a class=\"more-link\" href=\"https:\/\/colegioarquitectos.com\/noticias\/?p=18489\">ver m\u00e1s<\/a><\/p>","protected":false},"author":4,"featured_media":18492,"comment_status":"closed","ping_status":"closed","sticky":false,"template":"","format":"standard","meta":{"footnotes":""},"categories":[19],"tags":[],"class_list":["post-18489","post","type-post","status-publish","format-standard","has-post-thumbnail","hentry","category-actividades"],"yoast_head":"<!-- This site is optimized with the Yoast SEO plugin v24.2 - https:\/\/yoast.com\/wordpress\/plugins\/seo\/ -->\n<title>Santiago y Concepci\u00f3n: Seminarios sobre reparaci\u00f3n estructural e innovaci\u00f3n en madera - COLEGIO DE ARQUITECTOS DE CHILE<\/title>\n<meta name=\"robots\" content=\"index, follow, max-snippet:-1, max-image-preview:large, max-video-preview:-1\" \/>\n<link rel=\"canonical\" href=\"https:\/\/colegioarquitectos.com\/noticias\/?p=18489\" \/>\n<meta property=\"og:locale\" content=\"es_ES\" \/>\n<meta property=\"og:type\" content=\"article\" \/>\n<meta property=\"og:title\" content=\"Santiago y Concepci\u00f3n: Seminarios sobre reparaci\u00f3n estructural e innovaci\u00f3n en madera - COLEGIO DE ARQUITECTOS DE CHILE\" \/>\n<meta property=\"og:description\" content=\"La empresa Simpson Strog-Tie invita a los arquitectos a dos interesantes seminarios que se realizaran en Concepci\u00f3n y Santiago. Estos contar\u00e1n con destacados expositores nacionales y extranjeros: \u00a0 Seminario \u00abSistema de Reparaci\u00f3n y Fortalecimiento de Estructuras &#8211; Anclajes post Instalados &hellip; ver m\u00e1s\" \/>\n<meta property=\"og:url\" content=\"https:\/\/colegioarquitectos.com\/noticias\/?p=18489\" \/>\n<meta property=\"og:site_name\" content=\"COLEGIO DE ARQUITECTOS DE CHILE\" \/>\n<meta property=\"article:publisher\" content=\"https:\/\/facebook.com\/Colegioarq\/\" \/>\n<meta property=\"article:published_time\" content=\"2017-10-11T19:03:20+00:00\" \/>\n<meta property=\"article:modified_time\" content=\"2017-10-11T19:06:16+00:00\" \/>\n<meta property=\"og:image\" content=\"https:\/\/colegioarquitectos.com\/noticias\/wp-content\/uploads\/2017\/10\/Seminarios-SIMPSON.jpg\" \/>\n\t<meta property=\"og:image:width\" content=\"690\" \/>\n\t<meta property=\"og:image:height\" content=\"350\" \/>\n\t<meta property=\"og:image:type\" content=\"image\/jpeg\" \/>\n<meta name=\"author\" content=\"Colegio de Arquitectos de Chile\" \/>\n<meta name=\"twitter:card\" content=\"summary_large_image\" \/>\n<meta name=\"twitter:creator\" content=\"@colegioarq\" \/>\n<meta name=\"twitter:site\" content=\"@colegioarq\" \/>\n<meta name=\"twitter:label1\" content=\"Escrito por\" \/>\n\t<meta name=\"twitter:data1\" content=\"Colegio de Arquitectos de Chile\" \/>\n\t<meta name=\"twitter:label2\" content=\"Tiempo de lectura\" \/>\n\t<meta name=\"twitter:data2\" content=\"1 minuto\" \/>\n<script type=\"application\/ld+json\" class=\"yoast-schema-graph\">{\"@context\":\"https:\/\/schema.org\",\"@graph\":[{\"@type\":\"Article\",\"@id\":\"https:\/\/colegioarquitectos.com\/noticias\/?p=18489#article\",\"isPartOf\":{\"@id\":\"https:\/\/colegioarquitectos.com\/noticias\/?p=18489\"},\"author\":{\"name\":\"Colegio de Arquitectos de Chile\",\"@id\":\"https:\/\/colegioarquitectos.com\/noticias\/#\/schema\/person\/685cc0aad148303c5608f049af8285ad\"},\"headline\":\"Santiago y Concepci\u00f3n: Seminarios sobre reparaci\u00f3n estructural e innovaci\u00f3n en madera\",\"datePublished\":\"2017-10-11T19:03:20+00:00\",\"dateModified\":\"2017-10-11T19:06:16+00:00\",\"mainEntityOfPage\":{\"@id\":\"https:\/\/colegioarquitectos.com\/noticias\/?p=18489\"},\"wordCount\":201,\"publisher\":{\"@id\":\"https:\/\/colegioarquitectos.com\/noticias\/#organization\"},\"image\":{\"@id\":\"https:\/\/colegioarquitectos.com\/noticias\/?p=18489#primaryimage\"},\"thumbnailUrl\":\"https:\/\/colegioarquitectos.com\/noticias\/wp-content\/uploads\/2017\/10\/Seminarios-SIMPSON.jpg\",\"articleSection\":[\"Actividades\"],\"inLanguage\":\"es\"},{\"@type\":\"WebPage\",\"@id\":\"https:\/\/colegioarquitectos.com\/noticias\/?p=18489\",\"url\":\"https:\/\/colegioarquitectos.com\/noticias\/?p=18489\",\"name\":\"Santiago y Concepci\u00f3n: Seminarios sobre reparaci\u00f3n estructural e innovaci\u00f3n en madera - COLEGIO DE ARQUITECTOS DE CHILE\",\"isPartOf\":{\"@id\":\"https:\/\/colegioarquitectos.com\/noticias\/#website\"},\"primaryImageOfPage\":{\"@id\":\"https:\/\/colegioarquitectos.com\/noticias\/?p=18489#primaryimage\"},\"image\":{\"@id\":\"https:\/\/colegioarquitectos.com\/noticias\/?p=18489#primaryimage\"},\"thumbnailUrl\":\"https:\/\/colegioarquitectos.com\/noticias\/wp-content\/uploads\/2017\/10\/Seminarios-SIMPSON.jpg\",\"datePublished\":\"2017-10-11T19:03:20+00:00\",\"dateModified\":\"2017-10-11T19:06:16+00:00\",\"breadcrumb\":{\"@id\":\"https:\/\/colegioarquitectos.com\/noticias\/?p=18489#breadcrumb\"},\"inLanguage\":\"es\",\"potentialAction\":[{\"@type\":\"ReadAction\",\"target\":[\"https:\/\/colegioarquitectos.com\/noticias\/?p=18489\"]}]},{\"@type\":\"ImageObject\",\"inLanguage\":\"es\",\"@id\":\"https:\/\/colegioarquitectos.com\/noticias\/?p=18489#primaryimage\",\"url\":\"https:\/\/colegioarquitectos.com\/noticias\/wp-content\/uploads\/2017\/10\/Seminarios-SIMPSON.jpg\",\"contentUrl\":\"https:\/\/colegioarquitectos.com\/noticias\/wp-content\/uploads\/2017\/10\/Seminarios-SIMPSON.jpg\",\"width\":690,\"height\":350},{\"@type\":\"BreadcrumbList\",\"@id\":\"https:\/\/colegioarquitectos.com\/noticias\/?p=18489#breadcrumb\",\"itemListElement\":[{\"@type\":\"ListItem\",\"position\":1,\"name\":\"Portada\",\"item\":\"https:\/\/colegioarquitectos.com\/noticias\"},{\"@type\":\"ListItem\",\"position\":2,\"name\":\"Santiago y Concepci\u00f3n: Seminarios sobre reparaci\u00f3n estructural e innovaci\u00f3n en madera\"}]},{\"@type\":\"WebSite\",\"@id\":\"https:\/\/colegioarquitectos.com\/noticias\/#website\",\"url\":\"https:\/\/colegioarquitectos.com\/noticias\/\",\"name\":\"COLEGIO DE ARQUITECTOS DE CHILE\",\"description\":\"\",\"publisher\":{\"@id\":\"https:\/\/colegioarquitectos.com\/noticias\/#organization\"},\"potentialAction\":[{\"@type\":\"SearchAction\",\"target\":{\"@type\":\"EntryPoint\",\"urlTemplate\":\"https:\/\/colegioarquitectos.com\/noticias\/?s={search_term_string}\"},\"query-input\":{\"@type\":\"PropertyValueSpecification\",\"valueRequired\":true,\"valueName\":\"search_term_string\"}}],\"inLanguage\":\"es\"},{\"@type\":\"Organization\",\"@id\":\"https:\/\/colegioarquitectos.com\/noticias\/#organization\",\"name\":\"COLEGIO DE ARQUITECTOS DE CHILE\",\"url\":\"https:\/\/colegioarquitectos.com\/noticias\/\",\"logo\":{\"@type\":\"ImageObject\",\"inLanguage\":\"es\",\"@id\":\"https:\/\/colegioarquitectos.com\/noticias\/#\/schema\/logo\/image\/\",\"url\":\"https:\/\/colegioarquitectos.com\/noticias\/wp-content\/uploads\/2021\/05\/ENCABEZADO-LOGO-CA.jpg\",\"contentUrl\":\"https:\/\/colegioarquitectos.com\/noticias\/wp-content\/uploads\/2021\/05\/ENCABEZADO-LOGO-CA.jpg\",\"width\":690,\"height\":350,\"caption\":\"COLEGIO DE ARQUITECTOS DE CHILE\"},\"image\":{\"@id\":\"https:\/\/colegioarquitectos.com\/noticias\/#\/schema\/logo\/image\/\"},\"sameAs\":[\"https:\/\/facebook.com\/Colegioarq\/\",\"https:\/\/x.com\/colegioarq\",\"https:\/\/instagram.com\/colegioarq\",\"https:\/\/youtube.com\/@ColegiodeArquitectosdeChile\"]},{\"@type\":\"Person\",\"@id\":\"https:\/\/colegioarquitectos.com\/noticias\/#\/schema\/person\/685cc0aad148303c5608f049af8285ad\",\"name\":\"Colegio de Arquitectos de Chile\",\"url\":\"https:\/\/colegioarquitectos.com\/noticias\/?author=4\"}]}<\/script>\n<!-- \/ Yoast SEO plugin. -->","yoast_head_json":{"title":"Santiago y Concepci\u00f3n: Seminarios sobre reparaci\u00f3n estructural e innovaci\u00f3n en madera - COLEGIO DE ARQUITECTOS DE CHILE","robots":{"index":"index","follow":"follow","max-snippet":"max-snippet:-1","max-image-preview":"max-image-preview:large","max-video-preview":"max-video-preview:-1"},"canonical":"https:\/\/colegioarquitectos.com\/noticias\/?p=18489","og_locale":"es_ES","og_type":"article","og_title":"Santiago y Concepci\u00f3n: Seminarios sobre reparaci\u00f3n estructural e innovaci\u00f3n en madera - COLEGIO DE ARQUITECTOS DE CHILE","og_description":"La empresa Simpson Strog-Tie invita a los arquitectos a dos interesantes seminarios que se realizaran en Concepci\u00f3n y Santiago. Estos contar\u00e1n con destacados expositores nacionales y extranjeros: \u00a0 Seminario \u00abSistema de Reparaci\u00f3n y Fortalecimiento de Estructuras &#8211; Anclajes post Instalados &hellip; ver m\u00e1s","og_url":"https:\/\/colegioarquitectos.com\/noticias\/?p=18489","og_site_name":"COLEGIO DE ARQUITECTOS DE CHILE","article_publisher":"https:\/\/facebook.com\/Colegioarq\/","article_published_time":"2017-10-11T19:03:20+00:00","article_modified_time":"2017-10-11T19:06:16+00:00","og_image":[{"width":690,"height":350,"url":"https:\/\/colegioarquitectos.com\/noticias\/wp-content\/uploads\/2017\/10\/Seminarios-SIMPSON.jpg","type":"image\/jpeg"}],"author":"Colegio de Arquitectos de Chile","twitter_card":"summary_large_image","twitter_creator":"@colegioarq","twitter_site":"@colegioarq","twitter_misc":{"Escrito por":"Colegio de Arquitectos de Chile","Tiempo de lectura":"1 minuto"},"schema":{"@context":"https:\/\/schema.org","@graph":[{"@type":"Article","@id":"https:\/\/colegioarquitectos.com\/noticias\/?p=18489#article","isPartOf":{"@id":"https:\/\/colegioarquitectos.com\/noticias\/?p=18489"},"author":{"name":"Colegio de Arquitectos de Chile","@id":"https:\/\/colegioarquitectos.com\/noticias\/#\/schema\/person\/685cc0aad148303c5608f049af8285ad"},"headline":"Santiago y Concepci\u00f3n: Seminarios sobre reparaci\u00f3n estructural e innovaci\u00f3n en madera","datePublished":"2017-10-11T19:03:20+00:00","dateModified":"2017-10-11T19:06:16+00:00","mainEntityOfPage":{"@id":"https:\/\/colegioarquitectos.com\/noticias\/?p=18489"},"wordCount":201,"publisher":{"@id":"https:\/\/colegioarquitectos.com\/noticias\/#organization"},"image":{"@id":"https:\/\/colegioarquitectos.com\/noticias\/?p=18489#primaryimage"},"thumbnailUrl":"https:\/\/colegioarquitectos.com\/noticias\/wp-content\/uploads\/2017\/10\/Seminarios-SIMPSON.jpg","articleSection":["Actividades"],"inLanguage":"es"},{"@type":"WebPage","@id":"https:\/\/colegioarquitectos.com\/noticias\/?p=18489","url":"https:\/\/colegioarquitectos.com\/noticias\/?p=18489","name":"Santiago y Concepci\u00f3n: Seminarios sobre reparaci\u00f3n estructural e innovaci\u00f3n en madera - COLEGIO DE ARQUITECTOS DE CHILE","isPartOf":{"@id":"https:\/\/colegioarquitectos.com\/noticias\/#website"},"primaryImageOfPage":{"@id":"https:\/\/colegioarquitectos.com\/noticias\/?p=18489#primaryimage"},"image":{"@id":"https:\/\/colegioarquitectos.com\/noticias\/?p=18489#primaryimage"},"thumbnailUrl":"https:\/\/colegioarquitectos.com\/noticias\/wp-content\/uploads\/2017\/10\/Seminarios-SIMPSON.jpg","datePublished":"2017-10-11T19:03:20+00:00","dateModified":"2017-10-11T19:06:16+00:00","breadcrumb":{"@id":"https:\/\/colegioarquitectos.com\/noticias\/?p=18489#breadcrumb"},"inLanguage":"es","potentialAction":[{"@type":"ReadAction","target":["https:\/\/colegioarquitectos.com\/noticias\/?p=18489"]}]},{"@type":"ImageObject","inLanguage":"es","@id":"https:\/\/colegioarquitectos.com\/noticias\/?p=18489#primaryimage","url":"https:\/\/colegioarquitectos.com\/noticias\/wp-content\/uploads\/2017\/10\/Seminarios-SIMPSON.jpg","contentUrl":"https:\/\/colegioarquitectos.com\/noticias\/wp-content\/uploads\/2017\/10\/Seminarios-SIMPSON.jpg","width":690,"height":350},{"@type":"BreadcrumbList","@id":"https:\/\/colegioarquitectos.com\/noticias\/?p=18489#breadcrumb","itemListElement":[{"@type":"ListItem","position":1,"name":"Portada","item":"https:\/\/colegioarquitectos.com\/noticias"},{"@type":"ListItem","position":2,"name":"Santiago y Concepci\u00f3n: Seminarios sobre reparaci\u00f3n estructural e innovaci\u00f3n en madera"}]},{"@type":"WebSite","@id":"https:\/\/colegioarquitectos.com\/noticias\/#website","url":"https:\/\/colegioarquitectos.com\/noticias\/","name":"COLEGIO DE ARQUITECTOS DE CHILE","description":"","publisher":{"@id":"https:\/\/colegioarquitectos.com\/noticias\/#organization"},"potentialAction":[{"@type":"SearchAction","target":{"@type":"EntryPoint","urlTemplate":"https:\/\/colegioarquitectos.com\/noticias\/?s={search_term_string}"},"query-input":{"@type":"PropertyValueSpecification","valueRequired":true,"valueName":"search_term_string"}}],"inLanguage":"es"},{"@type":"Organization","@id":"https:\/\/colegioarquitectos.com\/noticias\/#organization","name":"COLEGIO DE ARQUITECTOS DE CHILE","url":"https:\/\/colegioarquitectos.com\/noticias\/","logo":{"@type":"ImageObject","inLanguage":"es","@id":"https:\/\/colegioarquitectos.com\/noticias\/#\/schema\/logo\/image\/","url":"https:\/\/colegioarquitectos.com\/noticias\/wp-content\/uploads\/2021\/05\/ENCABEZADO-LOGO-CA.jpg","contentUrl":"https:\/\/colegioarquitectos.com\/noticias\/wp-content\/uploads\/2021\/05\/ENCABEZADO-LOGO-CA.jpg","width":690,"height":350,"caption":"COLEGIO DE ARQUITECTOS DE CHILE"},"image":{"@id":"https:\/\/colegioarquitectos.com\/noticias\/#\/schema\/logo\/image\/"},"sameAs":["https:\/\/facebook.com\/Colegioarq\/","https:\/\/x.com\/colegioarq","https:\/\/instagram.com\/colegioarq","https:\/\/youtube.com\/@ColegiodeArquitectosdeChile"]},{"@type":"Person","@id":"https:\/\/colegioarquitectos.com\/noticias\/#\/schema\/person\/685cc0aad148303c5608f049af8285ad","name":"Colegio de Arquitectos de Chile","url":"https:\/\/colegioarquitectos.com\/noticias\/?author=4"}]}},"_links":{"self":[{"href":"https:\/\/colegioarquitectos.com\/noticias\/index.php?rest_route=\/wp\/v2\/posts\/18489","targetHints":{"allow":["GET"]}}],"collection":[{"href":"https:\/\/colegioarquitectos.com\/noticias\/index.php?rest_route=\/wp\/v2\/posts"}],"about":[{"href":"https:\/\/colegioarquitectos.com\/noticias\/index.php?rest_route=\/wp\/v2\/types\/post"}],"author":[{"embeddable":true,"href":"https:\/\/colegioarquitectos.com\/noticias\/index.php?rest_route=\/wp\/v2\/users\/4"}],"replies":[{"embeddable":true,"href":"https:\/\/colegioarquitectos.com\/noticias\/index.php?rest_route=%2Fwp%2Fv2%2Fcomments&post=18489"}],"version-history":[{"count":0,"href":"https:\/\/colegioarquitectos.com\/noticias\/index.php?rest_route=\/wp\/v2\/posts\/18489\/revisions"}],"wp:featuredmedia":[{"embeddable":true,"href":"https:\/\/colegioarquitectos.com\/noticias\/index.php?rest_route=\/wp\/v2\/media\/18492"}],"wp:attachment":[{"href":"https:\/\/colegioarquitectos.com\/noticias\/index.php?rest_route=%2Fwp%2Fv2%2Fmedia&parent=18489"}],"wp:term":[{"taxonomy":"category","embeddable":true,"href":"https:\/\/colegioarquitectos.com\/noticias\/index.php?rest_route=%2Fwp%2Fv2%2Fcategories&post=18489"},{"taxonomy":"post_tag","embeddable":true,"href":"https:\/\/colegioarquitectos.com\/noticias\/index.php?rest_route=%2Fwp%2Fv2%2Ftags&post=18489"}],"curies":[{"name":"wp","href":"https:\/\/api.w.org\/{rel}","templated":true}]}}