
{"id":18508,"date":"2017-10-13T16:13:17","date_gmt":"2017-10-13T16:13:17","guid":{"rendered":"http:\/\/colegioarquitectos.com\/?p=18508"},"modified":"2017-10-13T16:13:17","modified_gmt":"2017-10-13T16:13:17","slug":"escalas-encuentros-de-arquitectura-de-estudiantes-para-estudiantes","status":"publish","type":"post","link":"https:\/\/colegioarquitectos.com\/noticias\/?p=18508","title":{"rendered":"ESCALAS: Encuentros de Arquitectura de Estudiantes para Estudiantes."},"content":{"rendered":"<p>ESCALAS es una semana de encuentros sobre arquitectura convocados por NODO CEARQ, un grupo conformado por 7 centros de estudiantes de Arquitectura de Santiago interesados en abrir y fortalecer el di\u00e1logo entre escuelas.<\/p>\n<p>Esta instancia tiene por objetivo abordar distintas discusiones de la disciplina, problematiz\u00e1ndolas junto a expertos en el tema para poder generar un debate m\u00e1s profundo y despertar el sentido cr\u00edtico de los futuros arquitectos.<\/p>\n<p>&nbsp;<\/p>\n<p>[16 Oct.]<\/p>\n<p>LO CONTADOR \/ UC: \u00bfC\u00f3mo proyectamos arquitectura?<\/p>\n<p>Con un panel de 6 arquitectos de diferentes escuelas, conversaremos sobre c\u00f3mo el enfoque de cada una determina la metodolog\u00eda y los resultados de proyecto.<\/p>\n<p>&nbsp;<\/p>\n<p>[17 Oct.]<\/p>\n<p>FAU \/ UCH: Vivienda y mercado<\/p>\n<p>Junto a 3 grandes Arquitectos dedicados a la conformaci\u00f3n del h\u00e1bitat residencial, nos preguntaremos c\u00f3mo los diferentes modelos econ\u00f3micos impactan en el dise\u00f1o y calidad de la vivienda, para tener herramientas de evasi\u00f3n a \u00e9stas reglas imperantes.<\/p>\n<p>&nbsp;<\/p>\n<p>[18 Oct.]<\/p>\n<p>VKI \/ UCEN: Ciudad y territorio<\/p>\n<p>El trabajo de arquitectos junto a uno de los barrios m\u00e1s emblem\u00e1ticos de Santiago (Barrio Yungay) ser\u00e1 tema de discusi\u00f3n, sobre c\u00f3mo aportamos a las comunidades organizadas en la defensa de sus espacios.<\/p>\n<p>&nbsp;<\/p>\n<p>[19 Oct.]<\/p>\n<p>STGO: Rutas Urbanas<\/p>\n<p>Andaremos patiperreando con 3 profesionales dedicados quienes nos ense\u00f1aran un poco m\u00e1s sobre los rincones m\u00e1s bonitos de Stgo. La Chimba, Iglesias del casco hist\u00f3rico y Croquis ser\u00e1n las rutas en las que podr\u00e1n acompa\u00f1arnos. Adem\u00e1s, los creadores de Bicipaseos Patrimoniales nos contar\u00e1n la haza\u00f1a de levantar una iniciativa as\u00ed a nivel institucional.<\/p>\n<p>&nbsp;<\/p>\n<p>[20 Oct.]<\/p>\n<p>FAAD \/ UDP: Arquitectura al l\u00edmite<\/p>\n<p>Un arquitecto y una astr\u00f3noma, nos ayudar\u00e1n a hacer volar la imaginaci\u00f3n descubriendo las posibilidades de habitar otros planetas con una arquitectura adecuada para nosotros y ese nuevo territorio.<\/p>\n<p>&nbsp;<\/p>\n<p>La invitaci\u00f3n es abierta a acad\u00e9micos, estudiantes, aficionados de la Arquitectura, futuros estudiantes y a qui\u00e9n quiera participar. \u00a1Les esperamos!<\/p>\n<p>NODO CEARQ est\u00e1 integrado por CEARQ UDP, CEARQ UCEN, CEARQ UCH, CEARQ USACH, CEARQ UMAYOR, CEARQ UC y CEARQ UFINIS.<\/p>\n<p>&nbsp;<\/p>\n<p>T\u00edtulo: ESCALAS: Encuentros de Arquitectura de Estudiantes para Estudiantes<\/p>\n<p>Tipo: \u00a0Serie de Conferencias<\/p>\n<p>Organizadores: \u00a0NODO CEARQ<\/p>\n<p>Desde: 16 de Octubre de 2017 13:00<\/p>\n<p>Hasta: 20 de Octubre de 2017 22:00<\/p>\n<p>Lugar: Lo Contador, FAU, VKI UCentral, FAAD UDP<\/p>\n<p>Direcci\u00f3n: Santiago de Chile<\/p>\n<p>&nbsp;<\/p>\n<p><a href=\"http:\/\/www.plataformaarquitectura.cl\/cl\/881520\/escalas-encuentros-de-arquitectura-de-estudiantes-para-estudiantes\">Publicado en Plataforma Arquitectura<\/a><\/p>\n<p>&nbsp;<\/p>\n<p><a href=\"http:\/\/colegioarquitectos.com\/noticias\/wp-content\/uploads\/2017\/10\/Afiche-encuentro-de-arquitectura.png\"><\/a><a href=\"http:\/\/colegioarquitectos.com\/noticias\/wp-content\/uploads\/2017\/10\/Afiche-encuentro-de-arquitectura.png\"><img loading=\"lazy\" decoding=\"async\" class=\"alignnone wp-image-18510 size-full\" src=\"http:\/\/colegioarquitectos.com\/noticias\/wp-content\/uploads\/2017\/10\/Afiche-encuentro-de-arquitectura.png\" alt=\"\" width=\"454\" height=\"636\" srcset=\"https:\/\/colegioarquitectos.com\/noticias\/wp-content\/uploads\/2017\/10\/Afiche-encuentro-de-arquitectura.png 454w, https:\/\/colegioarquitectos.com\/noticias\/wp-content\/uploads\/2017\/10\/Afiche-encuentro-de-arquitectura-214x300.png 214w\" sizes=\"auto, (max-width: 454px) 100vw, 454px\" \/><\/a><\/p>\n<p>&nbsp;<\/p>\n<p><\/p>","protected":false},"excerpt":{"rendered":"<p>ESCALAS es una semana de encuentros sobre arquitectura convocados por NODO CEARQ, un grupo conformado por 7 centros de estudiantes de Arquitectura de Santiago interesados en abrir y fortalecer el di\u00e1logo entre escuelas. Esta instancia tiene por objetivo abordar distintas &hellip; <a class=\"more-link\" href=\"https:\/\/colegioarquitectos.com\/noticias\/?p=18508\">ver m\u00e1s<\/a><\/p>","protected":false},"author":4,"featured_media":18509,"comment_status":"closed","ping_status":"closed","sticky":false,"template":"","format":"standard","meta":{"footnotes":""},"categories":[35],"tags":[],"class_list":["post-18508","post","type-post","status-publish","format-standard","has-post-thumbnail","hentry","category-universidades"],"yoast_head":"<!-- This site is optimized with the Yoast SEO plugin v24.2 - https:\/\/yoast.com\/wordpress\/plugins\/seo\/ -->\n<title>ESCALAS: Encuentros de Arquitectura de Estudiantes para Estudiantes. - COLEGIO DE ARQUITECTOS DE CHILE<\/title>\n<meta name=\"robots\" content=\"index, follow, max-snippet:-1, max-image-preview:large, max-video-preview:-1\" \/>\n<link rel=\"canonical\" href=\"https:\/\/colegioarquitectos.com\/noticias\/?p=18508\" \/>\n<meta property=\"og:locale\" content=\"es_ES\" \/>\n<meta property=\"og:type\" content=\"article\" \/>\n<meta property=\"og:title\" content=\"ESCALAS: Encuentros de Arquitectura de Estudiantes para Estudiantes. - COLEGIO DE ARQUITECTOS DE CHILE\" \/>\n<meta property=\"og:description\" content=\"ESCALAS es una semana de encuentros sobre arquitectura convocados por NODO CEARQ, un grupo conformado por 7 centros de estudiantes de Arquitectura de Santiago interesados en abrir y fortalecer el di\u00e1logo entre escuelas. Esta instancia tiene por objetivo abordar distintas &hellip; ver m\u00e1s\" \/>\n<meta property=\"og:url\" content=\"https:\/\/colegioarquitectos.com\/noticias\/?p=18508\" \/>\n<meta property=\"og:site_name\" content=\"COLEGIO DE ARQUITECTOS DE CHILE\" \/>\n<meta property=\"article:publisher\" content=\"https:\/\/facebook.com\/Colegioarq\/\" \/>\n<meta property=\"article:published_time\" content=\"2017-10-13T16:13:17+00:00\" \/>\n<meta property=\"og:image\" content=\"https:\/\/colegioarquitectos.com\/noticias\/wp-content\/uploads\/2017\/10\/Encuentro-de-arquitectura.jpg\" \/>\n\t<meta property=\"og:image:width\" content=\"690\" \/>\n\t<meta property=\"og:image:height\" content=\"350\" \/>\n\t<meta property=\"og:image:type\" content=\"image\/jpeg\" \/>\n<meta name=\"author\" content=\"Colegio de Arquitectos de Chile\" \/>\n<meta name=\"twitter:card\" content=\"summary_large_image\" \/>\n<meta name=\"twitter:creator\" content=\"@colegioarq\" \/>\n<meta name=\"twitter:site\" content=\"@colegioarq\" \/>\n<meta name=\"twitter:label1\" content=\"Escrito por\" \/>\n\t<meta name=\"twitter:data1\" content=\"Colegio de Arquitectos de Chile\" \/>\n\t<meta name=\"twitter:label2\" content=\"Tiempo de lectura\" \/>\n\t<meta name=\"twitter:data2\" content=\"2 minutos\" \/>\n<script type=\"application\/ld+json\" class=\"yoast-schema-graph\">{\"@context\":\"https:\/\/schema.org\",\"@graph\":[{\"@type\":\"Article\",\"@id\":\"https:\/\/colegioarquitectos.com\/noticias\/?p=18508#article\",\"isPartOf\":{\"@id\":\"https:\/\/colegioarquitectos.com\/noticias\/?p=18508\"},\"author\":{\"name\":\"Colegio de Arquitectos de Chile\",\"@id\":\"https:\/\/colegioarquitectos.com\/noticias\/#\/schema\/person\/685cc0aad148303c5608f049af8285ad\"},\"headline\":\"ESCALAS: Encuentros de Arquitectura de Estudiantes para Estudiantes.\",\"datePublished\":\"2017-10-13T16:13:17+00:00\",\"dateModified\":\"2017-10-13T16:13:17+00:00\",\"mainEntityOfPage\":{\"@id\":\"https:\/\/colegioarquitectos.com\/noticias\/?p=18508\"},\"wordCount\":403,\"publisher\":{\"@id\":\"https:\/\/colegioarquitectos.com\/noticias\/#organization\"},\"image\":{\"@id\":\"https:\/\/colegioarquitectos.com\/noticias\/?p=18508#primaryimage\"},\"thumbnailUrl\":\"https:\/\/colegioarquitectos.com\/noticias\/wp-content\/uploads\/2017\/10\/Encuentro-de-arquitectura.jpg\",\"articleSection\":[\"Universidades\"],\"inLanguage\":\"es\"},{\"@type\":\"WebPage\",\"@id\":\"https:\/\/colegioarquitectos.com\/noticias\/?p=18508\",\"url\":\"https:\/\/colegioarquitectos.com\/noticias\/?p=18508\",\"name\":\"ESCALAS: Encuentros de Arquitectura de Estudiantes para Estudiantes. - COLEGIO DE ARQUITECTOS DE CHILE\",\"isPartOf\":{\"@id\":\"https:\/\/colegioarquitectos.com\/noticias\/#website\"},\"primaryImageOfPage\":{\"@id\":\"https:\/\/colegioarquitectos.com\/noticias\/?p=18508#primaryimage\"},\"image\":{\"@id\":\"https:\/\/colegioarquitectos.com\/noticias\/?p=18508#primaryimage\"},\"thumbnailUrl\":\"https:\/\/colegioarquitectos.com\/noticias\/wp-content\/uploads\/2017\/10\/Encuentro-de-arquitectura.jpg\",\"datePublished\":\"2017-10-13T16:13:17+00:00\",\"dateModified\":\"2017-10-13T16:13:17+00:00\",\"breadcrumb\":{\"@id\":\"https:\/\/colegioarquitectos.com\/noticias\/?p=18508#breadcrumb\"},\"inLanguage\":\"es\",\"potentialAction\":[{\"@type\":\"ReadAction\",\"target\":[\"https:\/\/colegioarquitectos.com\/noticias\/?p=18508\"]}]},{\"@type\":\"ImageObject\",\"inLanguage\":\"es\",\"@id\":\"https:\/\/colegioarquitectos.com\/noticias\/?p=18508#primaryimage\",\"url\":\"https:\/\/colegioarquitectos.com\/noticias\/wp-content\/uploads\/2017\/10\/Encuentro-de-arquitectura.jpg\",\"contentUrl\":\"https:\/\/colegioarquitectos.com\/noticias\/wp-content\/uploads\/2017\/10\/Encuentro-de-arquitectura.jpg\",\"width\":690,\"height\":350},{\"@type\":\"BreadcrumbList\",\"@id\":\"https:\/\/colegioarquitectos.com\/noticias\/?p=18508#breadcrumb\",\"itemListElement\":[{\"@type\":\"ListItem\",\"position\":1,\"name\":\"Portada\",\"item\":\"https:\/\/colegioarquitectos.com\/noticias\"},{\"@type\":\"ListItem\",\"position\":2,\"name\":\"ESCALAS: Encuentros de Arquitectura de Estudiantes para Estudiantes.\"}]},{\"@type\":\"WebSite\",\"@id\":\"https:\/\/colegioarquitectos.com\/noticias\/#website\",\"url\":\"https:\/\/colegioarquitectos.com\/noticias\/\",\"name\":\"COLEGIO DE ARQUITECTOS DE CHILE\",\"description\":\"\",\"publisher\":{\"@id\":\"https:\/\/colegioarquitectos.com\/noticias\/#organization\"},\"potentialAction\":[{\"@type\":\"SearchAction\",\"target\":{\"@type\":\"EntryPoint\",\"urlTemplate\":\"https:\/\/colegioarquitectos.com\/noticias\/?s={search_term_string}\"},\"query-input\":{\"@type\":\"PropertyValueSpecification\",\"valueRequired\":true,\"valueName\":\"search_term_string\"}}],\"inLanguage\":\"es\"},{\"@type\":\"Organization\",\"@id\":\"https:\/\/colegioarquitectos.com\/noticias\/#organization\",\"name\":\"COLEGIO DE ARQUITECTOS DE CHILE\",\"url\":\"https:\/\/colegioarquitectos.com\/noticias\/\",\"logo\":{\"@type\":\"ImageObject\",\"inLanguage\":\"es\",\"@id\":\"https:\/\/colegioarquitectos.com\/noticias\/#\/schema\/logo\/image\/\",\"url\":\"https:\/\/colegioarquitectos.com\/noticias\/wp-content\/uploads\/2021\/05\/ENCABEZADO-LOGO-CA.jpg\",\"contentUrl\":\"https:\/\/colegioarquitectos.com\/noticias\/wp-content\/uploads\/2021\/05\/ENCABEZADO-LOGO-CA.jpg\",\"width\":690,\"height\":350,\"caption\":\"COLEGIO DE ARQUITECTOS DE CHILE\"},\"image\":{\"@id\":\"https:\/\/colegioarquitectos.com\/noticias\/#\/schema\/logo\/image\/\"},\"sameAs\":[\"https:\/\/facebook.com\/Colegioarq\/\",\"https:\/\/x.com\/colegioarq\",\"https:\/\/instagram.com\/colegioarq\",\"https:\/\/youtube.com\/@ColegiodeArquitectosdeChile\"]},{\"@type\":\"Person\",\"@id\":\"https:\/\/colegioarquitectos.com\/noticias\/#\/schema\/person\/685cc0aad148303c5608f049af8285ad\",\"name\":\"Colegio de Arquitectos de Chile\",\"url\":\"https:\/\/colegioarquitectos.com\/noticias\/?author=4\"}]}<\/script>\n<!-- \/ Yoast SEO plugin. -->","yoast_head_json":{"title":"ESCALAS: Encuentros de Arquitectura de Estudiantes para Estudiantes. - COLEGIO DE ARQUITECTOS DE CHILE","robots":{"index":"index","follow":"follow","max-snippet":"max-snippet:-1","max-image-preview":"max-image-preview:large","max-video-preview":"max-video-preview:-1"},"canonical":"https:\/\/colegioarquitectos.com\/noticias\/?p=18508","og_locale":"es_ES","og_type":"article","og_title":"ESCALAS: Encuentros de Arquitectura de Estudiantes para Estudiantes. - COLEGIO DE ARQUITECTOS DE CHILE","og_description":"ESCALAS es una semana de encuentros sobre arquitectura convocados por NODO CEARQ, un grupo conformado por 7 centros de estudiantes de Arquitectura de Santiago interesados en abrir y fortalecer el di\u00e1logo entre escuelas. Esta instancia tiene por objetivo abordar distintas &hellip; ver m\u00e1s","og_url":"https:\/\/colegioarquitectos.com\/noticias\/?p=18508","og_site_name":"COLEGIO DE ARQUITECTOS DE CHILE","article_publisher":"https:\/\/facebook.com\/Colegioarq\/","article_published_time":"2017-10-13T16:13:17+00:00","og_image":[{"width":690,"height":350,"url":"https:\/\/colegioarquitectos.com\/noticias\/wp-content\/uploads\/2017\/10\/Encuentro-de-arquitectura.jpg","type":"image\/jpeg"}],"author":"Colegio de Arquitectos de Chile","twitter_card":"summary_large_image","twitter_creator":"@colegioarq","twitter_site":"@colegioarq","twitter_misc":{"Escrito por":"Colegio de Arquitectos de Chile","Tiempo de lectura":"2 minutos"},"schema":{"@context":"https:\/\/schema.org","@graph":[{"@type":"Article","@id":"https:\/\/colegioarquitectos.com\/noticias\/?p=18508#article","isPartOf":{"@id":"https:\/\/colegioarquitectos.com\/noticias\/?p=18508"},"author":{"name":"Colegio de Arquitectos de Chile","@id":"https:\/\/colegioarquitectos.com\/noticias\/#\/schema\/person\/685cc0aad148303c5608f049af8285ad"},"headline":"ESCALAS: Encuentros de Arquitectura de Estudiantes para Estudiantes.","datePublished":"2017-10-13T16:13:17+00:00","dateModified":"2017-10-13T16:13:17+00:00","mainEntityOfPage":{"@id":"https:\/\/colegioarquitectos.com\/noticias\/?p=18508"},"wordCount":403,"publisher":{"@id":"https:\/\/colegioarquitectos.com\/noticias\/#organization"},"image":{"@id":"https:\/\/colegioarquitectos.com\/noticias\/?p=18508#primaryimage"},"thumbnailUrl":"https:\/\/colegioarquitectos.com\/noticias\/wp-content\/uploads\/2017\/10\/Encuentro-de-arquitectura.jpg","articleSection":["Universidades"],"inLanguage":"es"},{"@type":"WebPage","@id":"https:\/\/colegioarquitectos.com\/noticias\/?p=18508","url":"https:\/\/colegioarquitectos.com\/noticias\/?p=18508","name":"ESCALAS: Encuentros de Arquitectura de Estudiantes para Estudiantes. - COLEGIO DE ARQUITECTOS DE CHILE","isPartOf":{"@id":"https:\/\/colegioarquitectos.com\/noticias\/#website"},"primaryImageOfPage":{"@id":"https:\/\/colegioarquitectos.com\/noticias\/?p=18508#primaryimage"},"image":{"@id":"https:\/\/colegioarquitectos.com\/noticias\/?p=18508#primaryimage"},"thumbnailUrl":"https:\/\/colegioarquitectos.com\/noticias\/wp-content\/uploads\/2017\/10\/Encuentro-de-arquitectura.jpg","datePublished":"2017-10-13T16:13:17+00:00","dateModified":"2017-10-13T16:13:17+00:00","breadcrumb":{"@id":"https:\/\/colegioarquitectos.com\/noticias\/?p=18508#breadcrumb"},"inLanguage":"es","potentialAction":[{"@type":"ReadAction","target":["https:\/\/colegioarquitectos.com\/noticias\/?p=18508"]}]},{"@type":"ImageObject","inLanguage":"es","@id":"https:\/\/colegioarquitectos.com\/noticias\/?p=18508#primaryimage","url":"https:\/\/colegioarquitectos.com\/noticias\/wp-content\/uploads\/2017\/10\/Encuentro-de-arquitectura.jpg","contentUrl":"https:\/\/colegioarquitectos.com\/noticias\/wp-content\/uploads\/2017\/10\/Encuentro-de-arquitectura.jpg","width":690,"height":350},{"@type":"BreadcrumbList","@id":"https:\/\/colegioarquitectos.com\/noticias\/?p=18508#breadcrumb","itemListElement":[{"@type":"ListItem","position":1,"name":"Portada","item":"https:\/\/colegioarquitectos.com\/noticias"},{"@type":"ListItem","position":2,"name":"ESCALAS: Encuentros de Arquitectura de Estudiantes para Estudiantes."}]},{"@type":"WebSite","@id":"https:\/\/colegioarquitectos.com\/noticias\/#website","url":"https:\/\/colegioarquitectos.com\/noticias\/","name":"COLEGIO DE ARQUITECTOS DE CHILE","description":"","publisher":{"@id":"https:\/\/colegioarquitectos.com\/noticias\/#organization"},"potentialAction":[{"@type":"SearchAction","target":{"@type":"EntryPoint","urlTemplate":"https:\/\/colegioarquitectos.com\/noticias\/?s={search_term_string}"},"query-input":{"@type":"PropertyValueSpecification","valueRequired":true,"valueName":"search_term_string"}}],"inLanguage":"es"},{"@type":"Organization","@id":"https:\/\/colegioarquitectos.com\/noticias\/#organization","name":"COLEGIO DE ARQUITECTOS DE CHILE","url":"https:\/\/colegioarquitectos.com\/noticias\/","logo":{"@type":"ImageObject","inLanguage":"es","@id":"https:\/\/colegioarquitectos.com\/noticias\/#\/schema\/logo\/image\/","url":"https:\/\/colegioarquitectos.com\/noticias\/wp-content\/uploads\/2021\/05\/ENCABEZADO-LOGO-CA.jpg","contentUrl":"https:\/\/colegioarquitectos.com\/noticias\/wp-content\/uploads\/2021\/05\/ENCABEZADO-LOGO-CA.jpg","width":690,"height":350,"caption":"COLEGIO DE ARQUITECTOS DE CHILE"},"image":{"@id":"https:\/\/colegioarquitectos.com\/noticias\/#\/schema\/logo\/image\/"},"sameAs":["https:\/\/facebook.com\/Colegioarq\/","https:\/\/x.com\/colegioarq","https:\/\/instagram.com\/colegioarq","https:\/\/youtube.com\/@ColegiodeArquitectosdeChile"]},{"@type":"Person","@id":"https:\/\/colegioarquitectos.com\/noticias\/#\/schema\/person\/685cc0aad148303c5608f049af8285ad","name":"Colegio de Arquitectos de Chile","url":"https:\/\/colegioarquitectos.com\/noticias\/?author=4"}]}},"_links":{"self":[{"href":"https:\/\/colegioarquitectos.com\/noticias\/index.php?rest_route=\/wp\/v2\/posts\/18508","targetHints":{"allow":["GET"]}}],"collection":[{"href":"https:\/\/colegioarquitectos.com\/noticias\/index.php?rest_route=\/wp\/v2\/posts"}],"about":[{"href":"https:\/\/colegioarquitectos.com\/noticias\/index.php?rest_route=\/wp\/v2\/types\/post"}],"author":[{"embeddable":true,"href":"https:\/\/colegioarquitectos.com\/noticias\/index.php?rest_route=\/wp\/v2\/users\/4"}],"replies":[{"embeddable":true,"href":"https:\/\/colegioarquitectos.com\/noticias\/index.php?rest_route=%2Fwp%2Fv2%2Fcomments&post=18508"}],"version-history":[{"count":0,"href":"https:\/\/colegioarquitectos.com\/noticias\/index.php?rest_route=\/wp\/v2\/posts\/18508\/revisions"}],"wp:featuredmedia":[{"embeddable":true,"href":"https:\/\/colegioarquitectos.com\/noticias\/index.php?rest_route=\/wp\/v2\/media\/18509"}],"wp:attachment":[{"href":"https:\/\/colegioarquitectos.com\/noticias\/index.php?rest_route=%2Fwp%2Fv2%2Fmedia&parent=18508"}],"wp:term":[{"taxonomy":"category","embeddable":true,"href":"https:\/\/colegioarquitectos.com\/noticias\/index.php?rest_route=%2Fwp%2Fv2%2Fcategories&post=18508"},{"taxonomy":"post_tag","embeddable":true,"href":"https:\/\/colegioarquitectos.com\/noticias\/index.php?rest_route=%2Fwp%2Fv2%2Ftags&post=18508"}],"curies":[{"name":"wp","href":"https:\/\/api.w.org\/{rel}","templated":true}]}}