
{"id":18517,"date":"2017-10-13T15:04:19","date_gmt":"2017-10-13T15:04:19","guid":{"rendered":"http:\/\/colegioarquitectos.com\/?p=18517"},"modified":"2017-10-18T20:32:44","modified_gmt":"2017-10-18T20:32:44","slug":"iii-jornada-accesibilidad-universal-dialogos-ciudadanos-workshop","status":"publish","type":"post","link":"https:\/\/colegioarquitectos.com\/noticias\/?p=18517","title":{"rendered":"III Jornada Accesibilidad Universal Di\u00e1logos ciudadanos + Workshop"},"content":{"rendered":"<p>&nbsp;<\/p>\n<table width=\"671\">\n<tbody>\n<tr>\n<td colspan=\"3\" width=\"671\"><strong>PROGRAMA GENERAL<\/strong><\/td>\n<\/tr>\n<tr>\n<td width=\"113\"><strong>10,00 a 14,00<\/strong><\/td>\n<td width=\"217\">CONVERSATORIO CIUDADANO<\/td>\n<td width=\"340\">Dos bloques de presentaci\u00f3n en mesa, con preguntas por escrito en cada bloque<\/td>\n<\/tr>\n<tr>\n<td width=\"113\"><strong>14,00 a 15,00<\/strong><\/td>\n<td colspan=\"2\" width=\"558\">Almuerzo libre<\/td>\n<\/tr>\n<tr>\n<td width=\"113\"><strong>15,00 a 19,00<\/strong><\/td>\n<td width=\"217\">TALLERES T\u00c9CNICOS<\/td>\n<td width=\"340\">Cinco Mesas t\u00e9cnicas de trabajo sobre Accesibilidad<\/td>\n<\/tr>\n<\/tbody>\n<\/table>\n<ol>\n<li><strong>CONVERSATORIO CIUDADANO <\/strong>Dos paneles de conversaci\u00f3n con preguntas (escritas) del p\u00fablico sobre la Accesibilidad como un derecho y como una oportunidad<\/li>\n<\/ol>\n<p><strong>\u00a0<\/strong><\/p>\n<table width=\"671\">\n<tbody>\n<tr>\n<td colspan=\"3\" width=\"671\"><strong>BLOQUE 01 Accesibilidad como un derecho<\/strong><\/td>\n<\/tr>\n<tr>\n<td width=\"92\"><strong>HORARIO<\/strong><\/td>\n<td width=\"130\"><strong>EXPOSITOR<\/strong><\/td>\n<td width=\"449\"><\/td>\n<\/tr>\n<tr>\n<td width=\"92\"><strong>10,00 a 10,10<\/strong><\/td>\n<td width=\"130\">Inscripciones.<\/td>\n<td width=\"449\"><\/td>\n<\/tr>\n<tr>\n<td width=\"92\"><strong>10,10 a 10,20<\/strong><\/td>\n<td width=\"130\">Saludo de bienvenida<\/td>\n<td width=\"449\">Presidente C.A. y Director SENADIS<\/td>\n<\/tr>\n<tr>\n<td width=\"92\"><strong>10,20 a 10,30<\/strong><\/td>\n<td width=\"130\">Pedro Correa Maturana<\/td>\n<td width=\"449\">Coordinador Nacional de Accesibilidad SENADIS (Introducci\u00f3n conversatorio y presentaci\u00f3n corto animado)<\/td>\n<\/tr>\n<tr>\n<td width=\"92\"><strong>10,30 a 10,45<\/strong><\/td>\n<td width=\"130\">Mar\u00eda Soledad Cisternas<\/td>\n<td width=\"449\">Abogada, Docente, Enviada Especial de ONU en Discapacidad y Accesibilidad, Past President Comit\u00e9 de Derecho de las Personas con Discapacidad de ONU<\/td>\n<\/tr>\n<tr>\n<td width=\"92\"><strong>10,45 a 11,00<\/strong><\/td>\n<td width=\"130\">Daniel Concha Gamboa<\/td>\n<td width=\"449\">Director del Servicio Nacional de la Discapacidad<\/td>\n<\/tr>\n<tr>\n<td width=\"92\">11,00 a 11,15<\/td>\n<td width=\"130\">Luis Eduardo Bresciani Lecanelier<\/td>\n<td width=\"449\">Presidente del Consejo Nacional de Desarrollo\u00a0Urbano. CNPU<\/td>\n<\/tr>\n<tr>\n<td width=\"92\"><strong>11,15 a 11,55<\/strong><\/td>\n<td colspan=\"2\" width=\"579\">Respuesta a preguntas por escrito y conclusiones<\/td>\n<\/tr>\n<tr>\n<td colspan=\"3\" width=\"671\"><strong>11,55 a 12,15\u00a0\u00a0\u00a0\u00a0\u00a0 Caf\u00e9\u00a0\u00a0\u00a0\u00a0\u00a0\u00a0\u00a0\u00a0\u00a0\u00a0\u00a0\u00a0\u00a0\u00a0\u00a0\u00a0\u00a0\u00a0\u00a0\u00a0\u00a0\u00a0\u00a0\u00a0\u00a0\u00a0\u00a0\u00a0\u00a0\u00a0\u00a0\u00a0\u00a0\u00a0\u00a0\u00a0\u00a0\u00a0\u00a0\u00a0\u00a0\u00a0\u00a0\u00a0\u00a0\u00a0\u00a0\u00a0\u00a0\u00a0\u00a0 <\/strong><\/td>\n<\/tr>\n<\/tbody>\n<\/table>\n<p><strong>\u00a0<\/strong><\/p>\n<table width=\"671\">\n<tbody>\n<tr>\n<td colspan=\"3\" width=\"671\"><strong>Bloque 02 Accesibilidad como una oportunidad.<\/strong><\/td>\n<\/tr>\n<tr>\n<td width=\"107\"><strong>HORARIO<\/strong><\/td>\n<td width=\"156\"><strong>EXPOSITOR<\/strong><\/td>\n<td width=\"409\"><\/td>\n<\/tr>\n<tr>\n<td width=\"107\"><strong>12,15 a 12,25<\/strong><\/td>\n<td width=\"156\">Pedro Correa Maturana<\/td>\n<td width=\"409\">Coordinador Nacional de Accesibilidad SENADIS (Introducci\u00f3n conversatorio y presentaci\u00f3n video inclusivo)<\/td>\n<\/tr>\n<tr>\n<td width=\"107\"><strong>12,25 a 12,40<\/strong><\/td>\n<td width=\"156\">Marcela Cabezas Keller<\/td>\n<td width=\"409\">Directora Nacional del Servicio Nacional de Turismo, SERNATUR<\/td>\n<\/tr>\n<tr>\n<td width=\"107\"><strong>12,40 a 12,55<\/strong><\/td>\n<td width=\"156\">Fernando\u00a0 Aizman Sevilla<\/td>\n<td width=\"409\">Gerente General \u00c1reas Silvestres Protegidas, Corporaci\u00f3n Nacional Forestal, CONAF<\/td>\n<\/tr>\n<tr>\n<td width=\"107\"><strong>12,55 a 13,10<\/strong><\/td>\n<td width=\"156\">Felipe Orellana<\/td>\n<td width=\"409\">Comunicador audiovisual, autor de Diarios de Tricicleta<\/td>\n<\/tr>\n<tr>\n<td colspan=\"3\" width=\"671\"><strong>13,10 a 13,40\u00a0\u00a0\u00a0 <\/strong>Respuesta a preguntas por escrito y conclusiones<\/td>\n<\/tr>\n<\/tbody>\n<\/table>\n<ol>\n<li><strong>WORKSHOP TECNICO<\/strong><\/li>\n<\/ol>\n<p>5 mesas t\u00e9cnicas paralelas de 7 invitados, m\u00e1s moderador y secretario t\u00e9cnico, con observadores por mesa con inscripci\u00f3n previa.<\/p>\n<table width=\"662\">\n<tbody>\n<tr>\n<td colspan=\"2\" width=\"662\"><strong>Programa workshop T\u00e9cnico (Mesas paralelas)<\/strong><\/td>\n<\/tr>\n<tr>\n<td width=\"123\">15:00 a 16:00<\/td>\n<td width=\"539\"><strong>Presentaci\u00f3n: <\/strong>Del tema y los argumentos de quienes conforman la mesa<\/td>\n<\/tr>\n<tr>\n<td width=\"123\">16:00 a 16:30<\/td>\n<td width=\"539\"><strong>Caf\u00e9 conversatorio: <\/strong>Espacio de intercambio informal<\/td>\n<\/tr>\n<tr>\n<td width=\"123\">16:30 a 18:00<\/td>\n<td width=\"539\"><strong>Di\u00e1logo: <\/strong>Sobre los argumentos presentados y la b\u00fasqueda de conclusiones<\/td>\n<\/tr>\n<tr>\n<td width=\"123\">18:00 a 19:00<\/td>\n<td width=\"539\"><strong>Conclusiones: <\/strong>Presentaci\u00f3n de Ideas fuerzas y conclusiones. Plenario<\/td>\n<\/tr>\n<\/tbody>\n<\/table>\n<p>&nbsp;<\/p>\n<p>Temas a abordar por mesa de trabajo<\/p>\n<ul>\n<li><strong>Taller 1 Academia: aprender sobre accesibilidad universal<\/strong><\/li>\n<li><strong>Taller 2 Pol\u00edtica P\u00fablica: un desaf\u00edo inevitable<\/strong><\/li>\n<li><strong>Taller 3 Edificios de uso p\u00fablico: la norma en acci\u00f3n<\/strong><\/li>\n<li><strong>Taller 4 Espacios p\u00fablicos: la ruta accesible<\/strong><\/li>\n<li><strong>Taller 5 Turismo accesible: una oportunidad<\/strong><\/li>\n<\/ul>\n<p><strong><u>\u00a0<\/u><\/strong><\/p>\n<table width=\"662\">\n<tbody>\n<tr>\n<td colspan=\"2\" width=\"662\"><strong>1.\u00a0\u00a0\u00a0\u00a0\u00a0\u00a0\u00a0\u00a0 <\/strong><strong>ACADEMIA: APRENDER SOBRE ACCESIBILIDAD UNIVERSAL<\/strong><\/td>\n<\/tr>\n<tr>\n<td colspan=\"2\" width=\"662\"><strong>Modera: Pilar Urrejola<\/strong>\u00a0Directora Colegio Arquitectos, Subdirectora Extensi\u00f3n y Desarrollo. PUC.<\/p>\n<p>Secretarias T\u00e9cnicas: Carolina Aguilera, Encargada de Acceso a la Informaci\u00f3n, SENADIS \/M\u00f3nica Giacaman, Comisi\u00f3n Accesibilidad Universal, Comit\u00e9 Sustentabilidad y Energ\u00edas, Colegio Arquitectos.<\/td>\n<\/tr>\n<tr>\n<td width=\"189\"><strong>EXPOSITOR<\/strong><\/td>\n<td width=\"473\">Mar\u00eda Soledad Cisternas<\/td>\n<\/tr>\n<tr>\n<td width=\"189\">Mar\u00eda Soledad Cisternas<\/td>\n<td width=\"473\">Abogada, Docente, Enviada Especial de ONU en Discapacidad y Accesibilidad, Past President Comit\u00e9 de Derecho de las Personas con Discapacidad de ONU<\/td>\n<\/tr>\n<tr>\n<td width=\"189\">Juan Luis Ram\u00edrez<\/td>\n<td width=\"473\">Decano Facultad Arquitectura, Dise\u00f1o y Artes Visuales UNIACC, Comit\u00e9 de Docencia Colegio de Arquitectos<\/td>\n<\/tr>\n<tr>\n<td width=\"189\">Anamar\u00eda Lisboa<\/td>\n<td width=\"473\">Decana Facultad de Arquitectura, Urbanismo y Paisaje Universidad Central.<\/td>\n<\/tr>\n<tr>\n<td width=\"189\">Emilio de la Cerda<\/td>\n<td width=\"473\">Director Escuela de Arquitectura, Pontificia Universidad Cat\u00f3lica<\/td>\n<\/tr>\n<tr>\n<td width=\"189\">Nieves Balbont\u00edn<\/td>\n<td width=\"473\">Directora Escuela de Arquitectura, Universidad Tecnol\u00f3gica Metropolitana.<\/td>\n<\/tr>\n<tr>\n<td width=\"189\">Marcela Pizzi<\/td>\n<td width=\"473\">Decana Facultad de Arquitectura y Urbanismo\u00a0Universidad de Chile<\/td>\n<\/tr>\n<tr>\n<td width=\"189\">Oscar Mackenney<\/td>\n<td width=\"473\">Vicedecano Facultad Arquitectura y Arte, Universidad del Desarrollo<\/td>\n<\/tr>\n<\/tbody>\n<\/table>\n<p>&nbsp;<\/p>\n<table width=\"662\">\n<tbody>\n<tr>\n<td colspan=\"2\" width=\"662\"><strong>2.\u00a0\u00a0\u00a0\u00a0\u00a0\u00a0\u00a0\u00a0 <\/strong><strong>POL\u00cdTICA P\u00daBLICA: UN DESAFIO INEVITABLE<\/strong><\/td>\n<\/tr>\n<tr>\n<td colspan=\"2\" width=\"662\"><strong>Moderador: Pedro Correa,<\/strong> Coordinador Nacional Accesibilidad\u00a0del Servicio Nacional de la Discapacidad, SENADIS<\/p>\n<p>Secretario T\u00e9cnico: Boris Rubi\u00f1o, SENADIS Valpara\u00edso<\/td>\n<\/tr>\n<tr>\n<td width=\"189\"><strong>EXPOSITOR<\/strong><\/td>\n<td width=\"473\"><\/td>\n<\/tr>\n<tr>\n<td width=\"189\">Andrea Zondek<\/td>\n<td width=\"473\">Directora Fundaci\u00f3n Tacal<\/td>\n<\/tr>\n<tr>\n<td width=\"189\">Mar\u00eda Ximena Rivas<\/td>\n<td width=\"473\">Directora Corporaci\u00f3n Incluye 360<\/td>\n<\/tr>\n<tr>\n<td width=\"189\">Agust\u00edn P\u00e9rez<\/td>\n<td width=\"473\">Presidente Asoc. De Directores de Obras y DOM Pe\u00f1alol\u00e9n.<\/td>\n<\/tr>\n<tr>\n<td width=\"189\">Pablo Contrucci<\/td>\n<td width=\"473\">Jefe Divisi\u00f3n de Desarrollo Urbano. MINVU<\/td>\n<\/tr>\n<tr>\n<td width=\"189\">Ana Paz C\u00e1rdenas<\/td>\n<td width=\"473\">Secretaria General. Patrimonio CMN<\/td>\n<\/tr>\n<tr>\n<td width=\"189\">Angel Lazo Alvarez<\/td>\n<td width=\"473\">Representante CONAF Plan de Accesibilidad SNASPE<\/td>\n<\/tr>\n<tr>\n<td width=\"189\"><strong>Definir<\/strong><\/td>\n<td width=\"473\"><\/td>\n<\/tr>\n<\/tbody>\n<\/table>\n<p>&nbsp;<\/p>\n<table width=\"662\">\n<tbody>\n<tr>\n<td colspan=\"2\" width=\"662\"><strong>3.\u00a0\u00a0\u00a0\u00a0\u00a0\u00a0 <\/strong><strong>EDIFICIOS DE USO P\u00daBLICO: LA NORMA EN ACCI\u00d3N<\/strong><\/td>\n<\/tr>\n<tr>\n<td colspan=\"2\" width=\"662\"><strong>Modera: Guillermo Berm\u00fadez, <\/strong>Revisor Asociaci\u00f3n Nacional de Revisores Independientes\u00a0 ANRI<\/p>\n<p>Secretario T\u00e9cnico: Felipe Rojas. Municipalidad de \u00d1u\u00f1oa<\/td>\n<\/tr>\n<tr>\n<td width=\"208\"><strong>EXPOSITOR<\/strong><\/td>\n<td width=\"454\"><\/td>\n<\/tr>\n<tr>\n<td width=\"208\">David Figueroa<\/td>\n<td width=\"454\">Presentador proyecto Hospital de El Salvador<\/td>\n<\/tr>\n<tr>\n<td width=\"208\">Ricardo Le\u00f1am<\/td>\n<td width=\"454\">Divisi\u00f3n de Desarrollo Urbano MINVU<\/td>\n<\/tr>\n<tr>\n<td width=\"208\">Katia Jadue<\/td>\n<td width=\"454\">Master en Accesibilidad para Smart Cities, Universidad de Jaen,\u00a0 Espa\u00f1a<\/td>\n<\/tr>\n<tr>\n<td width=\"208\">Pablo Larra\u00edn<\/td>\n<td width=\"454\">Presidente Asociaci\u00f3n de Oficinas de Arquitectura AOA<\/td>\n<\/tr>\n<tr>\n<td width=\"208\">Ximena Verdugo<\/td>\n<td width=\"454\">Colegio Helen Keller, como usuario<\/td>\n<\/tr>\n<tr>\n<td width=\"208\">Pamela Prett<\/td>\n<td width=\"454\">Directora Corporaci\u00f3n Ciudad Accesible<\/td>\n<\/tr>\n<tr>\n<td width=\"208\">Carlos Maillet<\/td>\n<td width=\"454\">Jefe Departamento Patrimonio. I. Municipalidad de Santiago<\/td>\n<\/tr>\n<\/tbody>\n<\/table>\n<p><strong>\u00a0 \u00a0 \u00a0 \u00a0 \u00a0 \u00a0 \u00a0 \u00a0\u00a0<\/strong><\/p>\n<table width=\"662\">\n<tbody>\n<tr>\n<td colspan=\"2\" width=\"662\"><strong>4.\u00a0\u00a0\u00a0\u00a0\u00a0\u00a0 <\/strong><strong>ESPACIOS P\u00daBLICOS: LA RUTA ACCESIBLE<\/strong><\/td>\n<\/tr>\n<tr>\n<td colspan=\"2\" width=\"662\"><strong>Modera: Cecilia Leiva, <\/strong>Coordinadora Comisi\u00f3n de Accesibilidad Universal y Presidenta Comit\u00e9 de Arquitectura Deportiva y Parques. Colegio de Arquitectos de Chile.<\/p>\n<p>Secretaria T\u00e9cnica: Consuelo Ripoll\u00e9s. Integrante Comisi\u00f3n Accesibilidad Colegio de Arquitectos de Chile.<\/td>\n<\/tr>\n<tr>\n<td width=\"208\"><strong>EXPOSITOR<\/strong><\/td>\n<td width=\"454\">Claudia Riquelme<\/td>\n<\/tr>\n<tr>\n<td width=\"208\">Claudia Riquelme<\/td>\n<td width=\"454\">Corporaci\u00f3n Ciudad Accesible. Ruta accesible en centro de Santiago<\/td>\n<\/tr>\n<tr>\n<td width=\"208\">Emelyn de Los R\u00edos<\/td>\n<td width=\"454\">Programa de Espacio Urbanos. MINVU<\/td>\n<\/tr>\n<tr>\n<td width=\"208\">Esteban P\u00e9rez<\/td>\n<td width=\"454\">SECTRA<\/td>\n<\/tr>\n<tr>\n<td width=\"208\">Alexis Ar\u00e9valo<\/td>\n<td width=\"454\">Director (s) Plan de Movilidad Santiago<\/td>\n<\/tr>\n<tr>\n<td width=\"208\">Fernando Sotomayor<\/td>\n<td width=\"454\">Vicepresidente Comit\u00e9 de Arquitectura Deportiva y Paisaje. C.A.<\/td>\n<\/tr>\n<tr>\n<td width=\"208\"><strong>Definir<\/strong><\/td>\n<td width=\"454\">PCD Usuario organizaci\u00f3n de Valpara\u00edso<\/td>\n<\/tr>\n<tr>\n<td width=\"208\"><strong>Definir<\/strong><\/td>\n<td width=\"454\"><\/td>\n<\/tr>\n<\/tbody>\n<\/table>\n<p>&nbsp;<\/p>\n<table width=\"662\">\n<tbody>\n<tr>\n<td colspan=\"2\" width=\"662\"><strong>5.\u00a0\u00a0\u00a0\u00a0\u00a0\u00a0 <\/strong><strong>TURISMO ACCESIBLE: UNA OPORTUNIDAD<\/strong><\/td>\n<\/tr>\n<tr>\n<td colspan=\"2\" width=\"662\"><strong>Modera: Liliana Vergara, <\/strong>Presidenta Comit\u00e9 de Leyes y Ordenanza. C.A. Presidenta Asociaci\u00f3n Nacional de Revisores Independientes, ANRI<\/p>\n<p>Secretaria T\u00e9cnica: Carmen Gloria Zu\u00f1iga<\/td>\n<\/tr>\n<tr>\n<td width=\"208\"><strong>EXPOSITOR<\/strong><\/td>\n<td width=\"454\"><\/td>\n<\/tr>\n<tr>\n<td width=\"208\">A. Senerman<\/td>\n<td width=\"454\">Presentador proyecto Centro de Esqu\u00ed, Curva 17<\/td>\n<\/tr>\n<tr>\n<td width=\"208\">Ver\u00f3nica Aguilar<\/td>\n<td width=\"454\">Servicio Nacional de Turismo<\/td>\n<\/tr>\n<tr>\n<td width=\"208\">Juan Sabbagh<\/td>\n<td width=\"454\">Premio Nacional de Arquitectura en 2002, Socio AOA<\/td>\n<\/tr>\n<tr>\n<td width=\"208\">Tom\u00e1s Villar<\/td>\n<td width=\"454\">Primer Esquiador Alpino Paral\u00edmpico en Chile.<\/td>\n<\/tr>\n<tr>\n<td width=\"208\">Carlos Lineros<\/td>\n<td width=\"454\">DOM de La Reina<\/td>\n<\/tr>\n<tr>\n<td width=\"208\">Silvia Torres<\/td>\n<td width=\"454\">Abogada Turismo de Valle Nevado<\/td>\n<\/tr>\n<tr>\n<td width=\"208\">Andrea Boudeguer<\/td>\n<td width=\"454\">Directora y Fundadora BAU Accesibilidad Universal<\/td>\n<\/tr>\n<\/tbody>\n<\/table>\n<p>&nbsp;<\/p>\n<hr \/>\n<p><a href=\"http:\/\/colegioarquitectos.com\/noticias\/wp-content\/uploads\/2017\/10\/ProgramaJornadaaccesibilidad.pdf\" target=\"_blank\" rel=\"noopener\"><img loading=\"lazy\" decoding=\"async\" class=\"alignnone\" src=\"http:\/\/www.colegioarquitectos.com\/imgs\/descargas_linea_punto\/pdfcolor.jpg\" alt=\"\" width=\"25\" height=\"25\" \/><\/a>\u00a0 <a href=\"http:\/\/colegioarquitectos.com\/noticias\/wp-content\/uploads\/2017\/10\/ProgramaJornadaaccesibilidad.pdf\" target=\"_blank\" rel=\"noopener\">Programa III Jornada Accesibilidad<\/a><\/p>\n<p><a href=\"http:\/\/colegioarquitectos.com\/noticias\/wp-content\/uploads\/2017\/10\/METODOWORKSHOP.pdf\" target=\"_blank\" rel=\"noopener\"><img decoding=\"async\" src=\"http:\/\/www.colegioarquitectos.com\/imgs\/descargas_linea_punto\/pdfcolor.jpg\" \/><\/a>\u00a0 <a href=\"http:\/\/colegioarquitectos.com\/noticias\/wp-content\/uploads\/2017\/10\/METODOWORKSHOP.pdf\" target=\"_blank\" rel=\"noopener\">DESCARGA METODOLOG\u00cdA WORKSHOP\u00a0<\/a><\/p>\n<hr \/>\n<p>Formulario de inscripciones para actividades III Jornada de Accesibilidad Universal Dialogos Ciudadanos + Workshop<\/p>\n<p>[cforms name=\u00bbEVENTO\u00bb]<\/p>\n<p><\/p>","protected":false},"excerpt":{"rendered":"<p>&nbsp; PROGRAMA GENERAL 10,00 a 14,00 CONVERSATORIO CIUDADANO Dos bloques de presentaci\u00f3n en mesa, con preguntas por escrito en cada bloque 14,00 a 15,00 Almuerzo libre 15,00 a 19,00 TALLERES T\u00c9CNICOS Cinco Mesas t\u00e9cnicas de trabajo sobre Accesibilidad CONVERSATORIO CIUDADANO &hellip; <a class=\"more-link\" href=\"https:\/\/colegioarquitectos.com\/noticias\/?p=18517\">ver m\u00e1s<\/a><\/p>","protected":false},"author":1,"featured_media":18518,"comment_status":"closed","ping_status":"closed","sticky":false,"template":"","format":"standard","meta":{"footnotes":""},"categories":[59],"tags":[],"class_list":["post-18517","post","type-post","status-publish","format-standard","has-post-thumbnail","hentry","category-bienal"],"yoast_head":"<!-- This site is optimized with the Yoast SEO plugin v24.2 - https:\/\/yoast.com\/wordpress\/plugins\/seo\/ -->\n<title>III Jornada Accesibilidad Universal Di\u00e1logos ciudadanos + Workshop - COLEGIO DE ARQUITECTOS DE CHILE<\/title>\n<meta name=\"robots\" content=\"index, follow, max-snippet:-1, max-image-preview:large, max-video-preview:-1\" \/>\n<link rel=\"canonical\" href=\"https:\/\/colegioarquitectos.com\/noticias\/?p=18517\" \/>\n<meta property=\"og:locale\" content=\"es_ES\" \/>\n<meta property=\"og:type\" content=\"article\" \/>\n<meta property=\"og:title\" content=\"III Jornada Accesibilidad Universal Di\u00e1logos ciudadanos + Workshop - COLEGIO DE ARQUITECTOS DE CHILE\" \/>\n<meta property=\"og:description\" content=\"&nbsp; PROGRAMA GENERAL 10,00 a 14,00 CONVERSATORIO CIUDADANO Dos bloques de presentaci\u00f3n en mesa, con preguntas por escrito en cada bloque 14,00 a 15,00 Almuerzo libre 15,00 a 19,00 TALLERES T\u00c9CNICOS Cinco Mesas t\u00e9cnicas de trabajo sobre Accesibilidad CONVERSATORIO CIUDADANO &hellip; ver m\u00e1s\" \/>\n<meta property=\"og:url\" content=\"https:\/\/colegioarquitectos.com\/noticias\/?p=18517\" \/>\n<meta property=\"og:site_name\" content=\"COLEGIO DE ARQUITECTOS DE CHILE\" \/>\n<meta property=\"article:publisher\" content=\"https:\/\/facebook.com\/Colegioarq\/\" \/>\n<meta property=\"article:published_time\" content=\"2017-10-13T15:04:19+00:00\" \/>\n<meta property=\"article:modified_time\" content=\"2017-10-18T20:32:44+00:00\" \/>\n<meta property=\"og:image\" content=\"https:\/\/colegioarquitectos.com\/noticias\/wp-content\/uploads\/2017\/10\/05-AFICHE-JORNADA-ACC-BIENAL-2017-04102017.png\" \/>\n\t<meta property=\"og:image:width\" content=\"1247\" \/>\n\t<meta property=\"og:image:height\" content=\"784\" \/>\n\t<meta property=\"og:image:type\" content=\"image\/png\" \/>\n<meta name=\"author\" content=\"Gabriel Salgado S.\" \/>\n<meta name=\"twitter:card\" content=\"summary_large_image\" \/>\n<meta name=\"twitter:creator\" content=\"@colegioarq\" \/>\n<meta name=\"twitter:site\" content=\"@colegioarq\" \/>\n<meta name=\"twitter:label1\" content=\"Escrito por\" \/>\n\t<meta name=\"twitter:data1\" content=\"Gabriel Salgado S.\" \/>\n\t<meta name=\"twitter:label2\" content=\"Tiempo de lectura\" \/>\n\t<meta name=\"twitter:data2\" content=\"4 minutos\" \/>\n<script type=\"application\/ld+json\" class=\"yoast-schema-graph\">{\"@context\":\"https:\/\/schema.org\",\"@graph\":[{\"@type\":\"Article\",\"@id\":\"https:\/\/colegioarquitectos.com\/noticias\/?p=18517#article\",\"isPartOf\":{\"@id\":\"https:\/\/colegioarquitectos.com\/noticias\/?p=18517\"},\"author\":{\"name\":\"Gabriel Salgado S.\",\"@id\":\"https:\/\/colegioarquitectos.com\/noticias\/#\/schema\/person\/b6c7e912cd1283c089114093ed09741f\"},\"headline\":\"III Jornada Accesibilidad Universal Di\u00e1logos ciudadanos + Workshop\",\"datePublished\":\"2017-10-13T15:04:19+00:00\",\"dateModified\":\"2017-10-18T20:32:44+00:00\",\"mainEntityOfPage\":{\"@id\":\"https:\/\/colegioarquitectos.com\/noticias\/?p=18517\"},\"wordCount\":896,\"publisher\":{\"@id\":\"https:\/\/colegioarquitectos.com\/noticias\/#organization\"},\"image\":{\"@id\":\"https:\/\/colegioarquitectos.com\/noticias\/?p=18517#primaryimage\"},\"thumbnailUrl\":\"https:\/\/colegioarquitectos.com\/noticias\/wp-content\/uploads\/2017\/10\/05-AFICHE-JORNADA-ACC-BIENAL-2017-04102017.png\",\"articleSection\":[\"Bienal\"],\"inLanguage\":\"es\"},{\"@type\":\"WebPage\",\"@id\":\"https:\/\/colegioarquitectos.com\/noticias\/?p=18517\",\"url\":\"https:\/\/colegioarquitectos.com\/noticias\/?p=18517\",\"name\":\"III Jornada Accesibilidad Universal Di\u00e1logos ciudadanos + Workshop - COLEGIO DE ARQUITECTOS DE CHILE\",\"isPartOf\":{\"@id\":\"https:\/\/colegioarquitectos.com\/noticias\/#website\"},\"primaryImageOfPage\":{\"@id\":\"https:\/\/colegioarquitectos.com\/noticias\/?p=18517#primaryimage\"},\"image\":{\"@id\":\"https:\/\/colegioarquitectos.com\/noticias\/?p=18517#primaryimage\"},\"thumbnailUrl\":\"https:\/\/colegioarquitectos.com\/noticias\/wp-content\/uploads\/2017\/10\/05-AFICHE-JORNADA-ACC-BIENAL-2017-04102017.png\",\"datePublished\":\"2017-10-13T15:04:19+00:00\",\"dateModified\":\"2017-10-18T20:32:44+00:00\",\"breadcrumb\":{\"@id\":\"https:\/\/colegioarquitectos.com\/noticias\/?p=18517#breadcrumb\"},\"inLanguage\":\"es\",\"potentialAction\":[{\"@type\":\"ReadAction\",\"target\":[\"https:\/\/colegioarquitectos.com\/noticias\/?p=18517\"]}]},{\"@type\":\"ImageObject\",\"inLanguage\":\"es\",\"@id\":\"https:\/\/colegioarquitectos.com\/noticias\/?p=18517#primaryimage\",\"url\":\"https:\/\/colegioarquitectos.com\/noticias\/wp-content\/uploads\/2017\/10\/05-AFICHE-JORNADA-ACC-BIENAL-2017-04102017.png\",\"contentUrl\":\"https:\/\/colegioarquitectos.com\/noticias\/wp-content\/uploads\/2017\/10\/05-AFICHE-JORNADA-ACC-BIENAL-2017-04102017.png\",\"width\":1247,\"height\":784},{\"@type\":\"BreadcrumbList\",\"@id\":\"https:\/\/colegioarquitectos.com\/noticias\/?p=18517#breadcrumb\",\"itemListElement\":[{\"@type\":\"ListItem\",\"position\":1,\"name\":\"Portada\",\"item\":\"https:\/\/colegioarquitectos.com\/noticias\"},{\"@type\":\"ListItem\",\"position\":2,\"name\":\"III Jornada Accesibilidad Universal Di\u00e1logos ciudadanos + Workshop\"}]},{\"@type\":\"WebSite\",\"@id\":\"https:\/\/colegioarquitectos.com\/noticias\/#website\",\"url\":\"https:\/\/colegioarquitectos.com\/noticias\/\",\"name\":\"COLEGIO DE ARQUITECTOS DE CHILE\",\"description\":\"\",\"publisher\":{\"@id\":\"https:\/\/colegioarquitectos.com\/noticias\/#organization\"},\"potentialAction\":[{\"@type\":\"SearchAction\",\"target\":{\"@type\":\"EntryPoint\",\"urlTemplate\":\"https:\/\/colegioarquitectos.com\/noticias\/?s={search_term_string}\"},\"query-input\":{\"@type\":\"PropertyValueSpecification\",\"valueRequired\":true,\"valueName\":\"search_term_string\"}}],\"inLanguage\":\"es\"},{\"@type\":\"Organization\",\"@id\":\"https:\/\/colegioarquitectos.com\/noticias\/#organization\",\"name\":\"COLEGIO DE ARQUITECTOS DE CHILE\",\"url\":\"https:\/\/colegioarquitectos.com\/noticias\/\",\"logo\":{\"@type\":\"ImageObject\",\"inLanguage\":\"es\",\"@id\":\"https:\/\/colegioarquitectos.com\/noticias\/#\/schema\/logo\/image\/\",\"url\":\"https:\/\/colegioarquitectos.com\/noticias\/wp-content\/uploads\/2021\/05\/ENCABEZADO-LOGO-CA.jpg\",\"contentUrl\":\"https:\/\/colegioarquitectos.com\/noticias\/wp-content\/uploads\/2021\/05\/ENCABEZADO-LOGO-CA.jpg\",\"width\":690,\"height\":350,\"caption\":\"COLEGIO DE ARQUITECTOS DE CHILE\"},\"image\":{\"@id\":\"https:\/\/colegioarquitectos.com\/noticias\/#\/schema\/logo\/image\/\"},\"sameAs\":[\"https:\/\/facebook.com\/Colegioarq\/\",\"https:\/\/x.com\/colegioarq\",\"https:\/\/instagram.com\/colegioarq\",\"https:\/\/youtube.com\/@ColegiodeArquitectosdeChile\"]},{\"@type\":\"Person\",\"@id\":\"https:\/\/colegioarquitectos.com\/noticias\/#\/schema\/person\/b6c7e912cd1283c089114093ed09741f\",\"name\":\"Gabriel Salgado S.\",\"url\":\"https:\/\/colegioarquitectos.com\/noticias\/?author=1\"}]}<\/script>\n<!-- \/ Yoast SEO plugin. -->","yoast_head_json":{"title":"III Jornada Accesibilidad Universal Di\u00e1logos ciudadanos + Workshop - COLEGIO DE ARQUITECTOS DE CHILE","robots":{"index":"index","follow":"follow","max-snippet":"max-snippet:-1","max-image-preview":"max-image-preview:large","max-video-preview":"max-video-preview:-1"},"canonical":"https:\/\/colegioarquitectos.com\/noticias\/?p=18517","og_locale":"es_ES","og_type":"article","og_title":"III Jornada Accesibilidad Universal Di\u00e1logos ciudadanos + Workshop - COLEGIO DE ARQUITECTOS DE CHILE","og_description":"&nbsp; PROGRAMA GENERAL 10,00 a 14,00 CONVERSATORIO CIUDADANO Dos bloques de presentaci\u00f3n en mesa, con preguntas por escrito en cada bloque 14,00 a 15,00 Almuerzo libre 15,00 a 19,00 TALLERES T\u00c9CNICOS Cinco Mesas t\u00e9cnicas de trabajo sobre Accesibilidad CONVERSATORIO CIUDADANO &hellip; ver m\u00e1s","og_url":"https:\/\/colegioarquitectos.com\/noticias\/?p=18517","og_site_name":"COLEGIO DE ARQUITECTOS DE CHILE","article_publisher":"https:\/\/facebook.com\/Colegioarq\/","article_published_time":"2017-10-13T15:04:19+00:00","article_modified_time":"2017-10-18T20:32:44+00:00","og_image":[{"width":1247,"height":784,"url":"https:\/\/colegioarquitectos.com\/noticias\/wp-content\/uploads\/2017\/10\/05-AFICHE-JORNADA-ACC-BIENAL-2017-04102017.png","type":"image\/png"}],"author":"Gabriel Salgado S.","twitter_card":"summary_large_image","twitter_creator":"@colegioarq","twitter_site":"@colegioarq","twitter_misc":{"Escrito por":"Gabriel Salgado S.","Tiempo de lectura":"4 minutos"},"schema":{"@context":"https:\/\/schema.org","@graph":[{"@type":"Article","@id":"https:\/\/colegioarquitectos.com\/noticias\/?p=18517#article","isPartOf":{"@id":"https:\/\/colegioarquitectos.com\/noticias\/?p=18517"},"author":{"name":"Gabriel Salgado S.","@id":"https:\/\/colegioarquitectos.com\/noticias\/#\/schema\/person\/b6c7e912cd1283c089114093ed09741f"},"headline":"III Jornada Accesibilidad Universal Di\u00e1logos ciudadanos + Workshop","datePublished":"2017-10-13T15:04:19+00:00","dateModified":"2017-10-18T20:32:44+00:00","mainEntityOfPage":{"@id":"https:\/\/colegioarquitectos.com\/noticias\/?p=18517"},"wordCount":896,"publisher":{"@id":"https:\/\/colegioarquitectos.com\/noticias\/#organization"},"image":{"@id":"https:\/\/colegioarquitectos.com\/noticias\/?p=18517#primaryimage"},"thumbnailUrl":"https:\/\/colegioarquitectos.com\/noticias\/wp-content\/uploads\/2017\/10\/05-AFICHE-JORNADA-ACC-BIENAL-2017-04102017.png","articleSection":["Bienal"],"inLanguage":"es"},{"@type":"WebPage","@id":"https:\/\/colegioarquitectos.com\/noticias\/?p=18517","url":"https:\/\/colegioarquitectos.com\/noticias\/?p=18517","name":"III Jornada Accesibilidad Universal Di\u00e1logos ciudadanos + Workshop - COLEGIO DE ARQUITECTOS DE CHILE","isPartOf":{"@id":"https:\/\/colegioarquitectos.com\/noticias\/#website"},"primaryImageOfPage":{"@id":"https:\/\/colegioarquitectos.com\/noticias\/?p=18517#primaryimage"},"image":{"@id":"https:\/\/colegioarquitectos.com\/noticias\/?p=18517#primaryimage"},"thumbnailUrl":"https:\/\/colegioarquitectos.com\/noticias\/wp-content\/uploads\/2017\/10\/05-AFICHE-JORNADA-ACC-BIENAL-2017-04102017.png","datePublished":"2017-10-13T15:04:19+00:00","dateModified":"2017-10-18T20:32:44+00:00","breadcrumb":{"@id":"https:\/\/colegioarquitectos.com\/noticias\/?p=18517#breadcrumb"},"inLanguage":"es","potentialAction":[{"@type":"ReadAction","target":["https:\/\/colegioarquitectos.com\/noticias\/?p=18517"]}]},{"@type":"ImageObject","inLanguage":"es","@id":"https:\/\/colegioarquitectos.com\/noticias\/?p=18517#primaryimage","url":"https:\/\/colegioarquitectos.com\/noticias\/wp-content\/uploads\/2017\/10\/05-AFICHE-JORNADA-ACC-BIENAL-2017-04102017.png","contentUrl":"https:\/\/colegioarquitectos.com\/noticias\/wp-content\/uploads\/2017\/10\/05-AFICHE-JORNADA-ACC-BIENAL-2017-04102017.png","width":1247,"height":784},{"@type":"BreadcrumbList","@id":"https:\/\/colegioarquitectos.com\/noticias\/?p=18517#breadcrumb","itemListElement":[{"@type":"ListItem","position":1,"name":"Portada","item":"https:\/\/colegioarquitectos.com\/noticias"},{"@type":"ListItem","position":2,"name":"III Jornada Accesibilidad Universal Di\u00e1logos ciudadanos + Workshop"}]},{"@type":"WebSite","@id":"https:\/\/colegioarquitectos.com\/noticias\/#website","url":"https:\/\/colegioarquitectos.com\/noticias\/","name":"COLEGIO DE ARQUITECTOS DE CHILE","description":"","publisher":{"@id":"https:\/\/colegioarquitectos.com\/noticias\/#organization"},"potentialAction":[{"@type":"SearchAction","target":{"@type":"EntryPoint","urlTemplate":"https:\/\/colegioarquitectos.com\/noticias\/?s={search_term_string}"},"query-input":{"@type":"PropertyValueSpecification","valueRequired":true,"valueName":"search_term_string"}}],"inLanguage":"es"},{"@type":"Organization","@id":"https:\/\/colegioarquitectos.com\/noticias\/#organization","name":"COLEGIO DE ARQUITECTOS DE CHILE","url":"https:\/\/colegioarquitectos.com\/noticias\/","logo":{"@type":"ImageObject","inLanguage":"es","@id":"https:\/\/colegioarquitectos.com\/noticias\/#\/schema\/logo\/image\/","url":"https:\/\/colegioarquitectos.com\/noticias\/wp-content\/uploads\/2021\/05\/ENCABEZADO-LOGO-CA.jpg","contentUrl":"https:\/\/colegioarquitectos.com\/noticias\/wp-content\/uploads\/2021\/05\/ENCABEZADO-LOGO-CA.jpg","width":690,"height":350,"caption":"COLEGIO DE ARQUITECTOS DE CHILE"},"image":{"@id":"https:\/\/colegioarquitectos.com\/noticias\/#\/schema\/logo\/image\/"},"sameAs":["https:\/\/facebook.com\/Colegioarq\/","https:\/\/x.com\/colegioarq","https:\/\/instagram.com\/colegioarq","https:\/\/youtube.com\/@ColegiodeArquitectosdeChile"]},{"@type":"Person","@id":"https:\/\/colegioarquitectos.com\/noticias\/#\/schema\/person\/b6c7e912cd1283c089114093ed09741f","name":"Gabriel Salgado S.","url":"https:\/\/colegioarquitectos.com\/noticias\/?author=1"}]}},"_links":{"self":[{"href":"https:\/\/colegioarquitectos.com\/noticias\/index.php?rest_route=\/wp\/v2\/posts\/18517","targetHints":{"allow":["GET"]}}],"collection":[{"href":"https:\/\/colegioarquitectos.com\/noticias\/index.php?rest_route=\/wp\/v2\/posts"}],"about":[{"href":"https:\/\/colegioarquitectos.com\/noticias\/index.php?rest_route=\/wp\/v2\/types\/post"}],"author":[{"embeddable":true,"href":"https:\/\/colegioarquitectos.com\/noticias\/index.php?rest_route=\/wp\/v2\/users\/1"}],"replies":[{"embeddable":true,"href":"https:\/\/colegioarquitectos.com\/noticias\/index.php?rest_route=%2Fwp%2Fv2%2Fcomments&post=18517"}],"version-history":[{"count":0,"href":"https:\/\/colegioarquitectos.com\/noticias\/index.php?rest_route=\/wp\/v2\/posts\/18517\/revisions"}],"wp:featuredmedia":[{"embeddable":true,"href":"https:\/\/colegioarquitectos.com\/noticias\/index.php?rest_route=\/wp\/v2\/media\/18518"}],"wp:attachment":[{"href":"https:\/\/colegioarquitectos.com\/noticias\/index.php?rest_route=%2Fwp%2Fv2%2Fmedia&parent=18517"}],"wp:term":[{"taxonomy":"category","embeddable":true,"href":"https:\/\/colegioarquitectos.com\/noticias\/index.php?rest_route=%2Fwp%2Fv2%2Fcategories&post=18517"},{"taxonomy":"post_tag","embeddable":true,"href":"https:\/\/colegioarquitectos.com\/noticias\/index.php?rest_route=%2Fwp%2Fv2%2Ftags&post=18517"}],"curies":[{"name":"wp","href":"https:\/\/api.w.org\/{rel}","templated":true}]}}