
{"id":18567,"date":"2017-10-19T14:21:50","date_gmt":"2017-10-19T14:21:50","guid":{"rendered":"http:\/\/colegioarquitectos.com\/?p=18567"},"modified":"2017-10-19T14:21:50","modified_gmt":"2017-10-19T14:21:50","slug":"faup-organiza-seminario-para-abordar-los-desafios-de-la-planificacion-urbana-ante-las-emergencias","status":"publish","type":"post","link":"https:\/\/colegioarquitectos.com\/noticias\/?p=18567","title":{"rendered":"FAUP organiza seminario para abordar los desaf\u00edos de la planificaci\u00f3n urbana ante las emergencias."},"content":{"rendered":"<p>Se trata de un encuentro abierto y gratuito, estar\u00e1 enfocado a tratar temas relativos a\u00a0 la planificaci\u00f3n de las urbes, qu\u00e9 acciones se deben considerar para enfrentar los riesgos naturales y la resiliencia, considerando las experiencias anteriores y las estrategias que se pueden\u00a0 implementar.<\/p>\n<p>Frente a la ocurrencia de terremotos, tsunamis, incendios forestales, desbordes de r\u00edos y aluviones, entre otros eventos de la naturaleza que han afectado de norte a sur a nuestro pa\u00eds \u00bfBasta con planificar correctamente las ciudades para prevenirlos o afrontarlos? Y una vez ocurridos \u00e9stos \u00bfqu\u00e9 medidas y estrategias se deben considerar?<\/p>\n<p>Esas son algunas de las interrogantes que destacados expertos, investigadores y acad\u00e9micos intentar\u00e1n despejar en la segunda versi\u00f3n del seminario \u00abFrente a la emergencia en el paisaje y territorio. Los desaf\u00edos en la planificaci\u00f3n y dise\u00f1o de nuestras ciudades: \u00bfEl desastre natural existe?\u201d que ha programado para el martes 24 de octubre de 2017, la Facultad de Arquitectura, Urbanismo y Paisaje (FAUP) de la Universidad Central (U. Central).<\/p>\n<p>De acuerdo a sus organizadores, el objetivo \u201ces plantear el concepto de \u00b4desastre natural\u00b4, entendiendo que las tragedias que marcan la historia responden a malas pr\u00e1cticas urbano &#8211; territoriales y desconocimiento respecto a los ciclos y fen\u00f3menos de la naturaleza\u201d.<\/p>\n<p>A diferencia del primer seminario, efectuado por la FAUP hace dos a\u00f1os, el desarrollo de este nuevo encuentro girar\u00e1 en torno a tres directrices. Estas son: la planificaci\u00f3n, la acci\u00f3n frente a la emergencia y la resiliencia, considerando los casos ocurridos antes y las estrategias a implementar desde la perspectiva de distintas disciplinas.<\/p>\n<p>Asimismo, se pretende abrir la discusi\u00f3n a \u00e1mbitos disciplinares e institucionales diversos, exponiendo miradas desde al mundo del arte, de la investigaci\u00f3n cient\u00edfica, la gesti\u00f3n institucional y las disciplinas de la Arquitectura, la planificaci\u00f3n urbana y la Arquitectura del Paisaje.<\/p>\n<p>Para ello,\u00a0 el seminario contar\u00e1 con tres mesas tem\u00e1ticas que ser\u00e1n \u201cCultura del desastre\u201d, \u201cCiudad, patrimonio y riesgo\u201d, y la \u00faltima es \u201cTerritorio, casos y acciones\u201d. Cada una tendr\u00e1 cuatro ponencias y luego, vendr\u00e1 una mesa redonda para que los invitados respondan las consultas y comentarios del p\u00fablico.<\/p>\n<p>La actividad se realizar\u00e1 en el aula magna \u201cFundadores\u201d del Centro de Extensi\u00f3n UCEN, ubicado en la calle Lord Cochrane 418, Santiago Centro. En tanto, el programa completo del seminario se encontrar\u00e1 disponible en los pr\u00f3ximos d\u00edas.<\/p>\n<p>&nbsp;<\/p>\n<p>M\u00e1s informaci\u00f3n e inscripciones en el correo: infofaup@ucentral.cl<\/p>\n<p>Descargar programa <a href=\"http:\/\/bit.ly\/2hJy2HJ\">aqu\u00ed.<\/a><\/p>\n<p>&nbsp;<\/p>\n<p>PROGRAMA<\/p>\n<p>8:30 \u2013 9:00 Inscripciones<\/p>\n<p>9:00 \u2013 9:10 Presentaci\u00f3n general<\/p>\n<p>9:10 \u2013 9:30\u00a0 Palabras de la Decana FAUP y Directores de Escuelas<\/p>\n<p>&nbsp;<\/p>\n<p>Mesa \u201cCultura del desastre\u201d<\/p>\n<p>9:30 \u2013 9:50\u00a0 V\u00edctor Orellana, Arquitecto. Subdirector Nacional ONEMI. \u00abMarco general de la gesti\u00f3n del riesgo en Chile\u00bb.<\/p>\n<p>9:50 \u2013 10:10 Orestes G\u00f3mez, Ge\u00f3logo y acad\u00e9mico UCEN. \u201cTerremotos y riesgos de deslizamientos de rocas y sus efectos\u201d.<\/p>\n<p>10:10 \u2013 10:30 Nicole Avil\u00e9s, Arquitecta UCEN. Proyecto de T\u00edtulo \u201cVivienda para la Emergencia\u201d, profesor gu\u00eda: Javier Bize, Arquitecto.<\/p>\n<p>10:30 \u2013 10:50 Sebasti\u00e1n Riffo, Artista Visual. \u00abPo\u00e9ticas del terremoto. Introducci\u00f3n a su visualidad desde el campo de las artes visuales\u00bb.<\/p>\n<p>10:50 \u2013 11:00\u00a0 Preguntas y mesa de discusi\u00f3n.<\/p>\n<p>11:00 \u2013 11:10 Caf\u00e9.<\/p>\n<p>&nbsp;<\/p>\n<p>Mesa \u201cCuidad y riesgo\u201d<\/p>\n<p>11:10 \u2013 11:30 Guillermo Pi\u00f1ones, Ingeniero Constructor PUCV. \u00abPlan Maestro para la gesti\u00f3n de riesgos de incendios en Valpara\u00edso\u201d.<\/p>\n<p>11:30 \u2013 11:50 Pamela Pacheco, Profesora de Historia, Geograf\u00eda y Educaci\u00f3n C\u00edvica UMCE. \u00abCambios en la concepci\u00f3n del riesgo, desde la perspectiva geogr\u00e1fica\u00bb.<\/p>\n<p>11:50 \u2013 12:10 Giovanni Rivera, Arquitecto del Paisaje UCEN. Proyecto de T\u00edtulo \u201cZona de interfaz urbano \u2013 forestal nuevo territorio en riesgo para Chile\u201d, profesor gu\u00eda: Suikee Kong, Ec\u00f3logo Paisajista.<\/p>\n<p>12:10 \u2013 12:30\u00a0 Rodrigo Molina, Arquitecto UCEN. \u201cLa costa, la arquitectura del borde costero y las grandes olas\u201d.<\/p>\n<p>12:30 \u2013 12:50\u00a0 Preguntas y mesa de discusi\u00f3n.<\/p>\n<p>12:50 \u2013 14:00\u00a0 Pausa de almuerzo.<\/p>\n<p>&nbsp;<\/p>\n<p>Mesa \u201cTerritorios, casos y acciones\u201d<\/p>\n<p>14:00 \u2013 14:20 Jadille Mussa, Ec\u00f3loga Paisajista UCEN. \u201cLos incendios, Concepci\u00f3n, consecuencias e ideas para la recuperaci\u00f3n ambiental del territorio\u201d.<\/p>\n<p>14:20 \u2013 14:40 V\u00edctor Lagos, Bi\u00f3logo CONAF. \u201cRestauraci\u00f3n ecol\u00f3gica en el sistema nacional de \u00e1reas protegidas silvestres del Estado. Caso Reserva Nacional Los Ruiles\u201d.<\/p>\n<p>14:40 \u2013 15:00 Caf\u00e9.<\/p>\n<p>15:00 \u2013 15.20 Isabel Garc\u00eda, Arquitecto U. Chile. \u201cRiesgo s\u00edsmico en edificaciones emplazadas en suelos sobre napas fre\u00e1ticas superficiales: estudio de casos\u201d.<\/p>\n<p>15:20 \u2013 15: 40 Alejandro Lara, Arquitecto UCEN. \u201cPlanificaci\u00f3n y riesgo medio ambiental localidad de Til Til\u201d.<\/p>\n<p>15.40 \u2013 16.00 Preguntas y mesa de discusi\u00f3n.<\/p>\n<p>16.00 a 16.10 Cierre.<\/p>\n<p>&nbsp;<\/p>\n<p><a href=\"http:\/\/colegioarquitectos.com\/noticias\/wp-content\/uploads\/2017\/10\/desastre.jpg\"><img loading=\"lazy\" decoding=\"async\" class=\"alignnone  wp-image-18568\" src=\"http:\/\/colegioarquitectos.com\/noticias\/wp-content\/uploads\/2017\/10\/desastre-206x300.jpg\" alt=\"\" width=\"462\" height=\"673\" srcset=\"https:\/\/colegioarquitectos.com\/noticias\/wp-content\/uploads\/2017\/10\/desastre-206x300.jpg 206w, https:\/\/colegioarquitectos.com\/noticias\/wp-content\/uploads\/2017\/10\/desastre.jpg 700w\" sizes=\"auto, (max-width: 462px) 100vw, 462px\" \/><\/a><\/p>\n<p><\/p>","protected":false},"excerpt":{"rendered":"<p>Se trata de un encuentro abierto y gratuito, estar\u00e1 enfocado a tratar temas relativos a\u00a0 la planificaci\u00f3n de las urbes, qu\u00e9 acciones se deben considerar para enfrentar los riesgos naturales y la resiliencia, considerando las experiencias anteriores y las estrategias &hellip; <a class=\"more-link\" href=\"https:\/\/colegioarquitectos.com\/noticias\/?p=18567\">ver m\u00e1s<\/a><\/p>","protected":false},"author":4,"featured_media":18569,"comment_status":"closed","ping_status":"closed","sticky":false,"template":"","format":"standard","meta":{"footnotes":""},"categories":[35],"tags":[],"class_list":["post-18567","post","type-post","status-publish","format-standard","has-post-thumbnail","hentry","category-universidades"],"yoast_head":"<!-- This site is optimized with the Yoast SEO plugin v24.2 - https:\/\/yoast.com\/wordpress\/plugins\/seo\/ -->\n<title>FAUP organiza seminario para abordar los desaf\u00edos de la planificaci\u00f3n urbana ante las emergencias. - COLEGIO DE ARQUITECTOS DE CHILE<\/title>\n<meta name=\"robots\" content=\"index, follow, max-snippet:-1, max-image-preview:large, max-video-preview:-1\" \/>\n<link rel=\"canonical\" href=\"https:\/\/colegioarquitectos.com\/noticias\/?p=18567\" \/>\n<meta property=\"og:locale\" content=\"es_ES\" \/>\n<meta property=\"og:type\" content=\"article\" \/>\n<meta property=\"og:title\" content=\"FAUP organiza seminario para abordar los desaf\u00edos de la planificaci\u00f3n urbana ante las emergencias. - COLEGIO DE ARQUITECTOS DE CHILE\" \/>\n<meta property=\"og:description\" content=\"Se trata de un encuentro abierto y gratuito, estar\u00e1 enfocado a tratar temas relativos a\u00a0 la planificaci\u00f3n de las urbes, qu\u00e9 acciones se deben considerar para enfrentar los riesgos naturales y la resiliencia, considerando las experiencias anteriores y las estrategias &hellip; ver m\u00e1s\" \/>\n<meta property=\"og:url\" content=\"https:\/\/colegioarquitectos.com\/noticias\/?p=18567\" \/>\n<meta property=\"og:site_name\" content=\"COLEGIO DE ARQUITECTOS DE CHILE\" \/>\n<meta property=\"article:publisher\" content=\"https:\/\/facebook.com\/Colegioarq\/\" \/>\n<meta property=\"article:published_time\" content=\"2017-10-19T14:21:50+00:00\" \/>\n<meta property=\"og:image\" content=\"https:\/\/colegioarquitectos.com\/noticias\/wp-content\/uploads\/2017\/10\/imagen-seminario-FAUP.jpg\" \/>\n\t<meta property=\"og:image:width\" content=\"690\" \/>\n\t<meta property=\"og:image:height\" content=\"350\" \/>\n\t<meta property=\"og:image:type\" content=\"image\/jpeg\" \/>\n<meta name=\"author\" content=\"Colegio de Arquitectos de Chile\" \/>\n<meta name=\"twitter:card\" content=\"summary_large_image\" \/>\n<meta name=\"twitter:creator\" content=\"@colegioarq\" \/>\n<meta name=\"twitter:site\" content=\"@colegioarq\" \/>\n<meta name=\"twitter:label1\" content=\"Escrito por\" \/>\n\t<meta name=\"twitter:data1\" content=\"Colegio de Arquitectos de Chile\" \/>\n\t<meta name=\"twitter:label2\" content=\"Tiempo de lectura\" \/>\n\t<meta name=\"twitter:data2\" content=\"4 minutos\" \/>\n<script type=\"application\/ld+json\" class=\"yoast-schema-graph\">{\"@context\":\"https:\/\/schema.org\",\"@graph\":[{\"@type\":\"Article\",\"@id\":\"https:\/\/colegioarquitectos.com\/noticias\/?p=18567#article\",\"isPartOf\":{\"@id\":\"https:\/\/colegioarquitectos.com\/noticias\/?p=18567\"},\"author\":{\"name\":\"Colegio de Arquitectos de Chile\",\"@id\":\"https:\/\/colegioarquitectos.com\/noticias\/#\/schema\/person\/685cc0aad148303c5608f049af8285ad\"},\"headline\":\"FAUP organiza seminario para abordar los desaf\u00edos de la planificaci\u00f3n urbana ante las emergencias.\",\"datePublished\":\"2017-10-19T14:21:50+00:00\",\"dateModified\":\"2017-10-19T14:21:50+00:00\",\"mainEntityOfPage\":{\"@id\":\"https:\/\/colegioarquitectos.com\/noticias\/?p=18567\"},\"wordCount\":738,\"publisher\":{\"@id\":\"https:\/\/colegioarquitectos.com\/noticias\/#organization\"},\"image\":{\"@id\":\"https:\/\/colegioarquitectos.com\/noticias\/?p=18567#primaryimage\"},\"thumbnailUrl\":\"https:\/\/colegioarquitectos.com\/noticias\/wp-content\/uploads\/2017\/10\/imagen-seminario-FAUP.jpg\",\"articleSection\":[\"Universidades\"],\"inLanguage\":\"es\"},{\"@type\":\"WebPage\",\"@id\":\"https:\/\/colegioarquitectos.com\/noticias\/?p=18567\",\"url\":\"https:\/\/colegioarquitectos.com\/noticias\/?p=18567\",\"name\":\"FAUP organiza seminario para abordar los desaf\u00edos de la planificaci\u00f3n urbana ante las emergencias. - COLEGIO DE ARQUITECTOS DE CHILE\",\"isPartOf\":{\"@id\":\"https:\/\/colegioarquitectos.com\/noticias\/#website\"},\"primaryImageOfPage\":{\"@id\":\"https:\/\/colegioarquitectos.com\/noticias\/?p=18567#primaryimage\"},\"image\":{\"@id\":\"https:\/\/colegioarquitectos.com\/noticias\/?p=18567#primaryimage\"},\"thumbnailUrl\":\"https:\/\/colegioarquitectos.com\/noticias\/wp-content\/uploads\/2017\/10\/imagen-seminario-FAUP.jpg\",\"datePublished\":\"2017-10-19T14:21:50+00:00\",\"dateModified\":\"2017-10-19T14:21:50+00:00\",\"breadcrumb\":{\"@id\":\"https:\/\/colegioarquitectos.com\/noticias\/?p=18567#breadcrumb\"},\"inLanguage\":\"es\",\"potentialAction\":[{\"@type\":\"ReadAction\",\"target\":[\"https:\/\/colegioarquitectos.com\/noticias\/?p=18567\"]}]},{\"@type\":\"ImageObject\",\"inLanguage\":\"es\",\"@id\":\"https:\/\/colegioarquitectos.com\/noticias\/?p=18567#primaryimage\",\"url\":\"https:\/\/colegioarquitectos.com\/noticias\/wp-content\/uploads\/2017\/10\/imagen-seminario-FAUP.jpg\",\"contentUrl\":\"https:\/\/colegioarquitectos.com\/noticias\/wp-content\/uploads\/2017\/10\/imagen-seminario-FAUP.jpg\",\"width\":690,\"height\":350},{\"@type\":\"BreadcrumbList\",\"@id\":\"https:\/\/colegioarquitectos.com\/noticias\/?p=18567#breadcrumb\",\"itemListElement\":[{\"@type\":\"ListItem\",\"position\":1,\"name\":\"Portada\",\"item\":\"https:\/\/colegioarquitectos.com\/noticias\"},{\"@type\":\"ListItem\",\"position\":2,\"name\":\"FAUP organiza seminario para abordar los desaf\u00edos de la planificaci\u00f3n urbana ante las emergencias.\"}]},{\"@type\":\"WebSite\",\"@id\":\"https:\/\/colegioarquitectos.com\/noticias\/#website\",\"url\":\"https:\/\/colegioarquitectos.com\/noticias\/\",\"name\":\"COLEGIO DE ARQUITECTOS DE CHILE\",\"description\":\"\",\"publisher\":{\"@id\":\"https:\/\/colegioarquitectos.com\/noticias\/#organization\"},\"potentialAction\":[{\"@type\":\"SearchAction\",\"target\":{\"@type\":\"EntryPoint\",\"urlTemplate\":\"https:\/\/colegioarquitectos.com\/noticias\/?s={search_term_string}\"},\"query-input\":{\"@type\":\"PropertyValueSpecification\",\"valueRequired\":true,\"valueName\":\"search_term_string\"}}],\"inLanguage\":\"es\"},{\"@type\":\"Organization\",\"@id\":\"https:\/\/colegioarquitectos.com\/noticias\/#organization\",\"name\":\"COLEGIO DE ARQUITECTOS DE CHILE\",\"url\":\"https:\/\/colegioarquitectos.com\/noticias\/\",\"logo\":{\"@type\":\"ImageObject\",\"inLanguage\":\"es\",\"@id\":\"https:\/\/colegioarquitectos.com\/noticias\/#\/schema\/logo\/image\/\",\"url\":\"https:\/\/colegioarquitectos.com\/noticias\/wp-content\/uploads\/2021\/05\/ENCABEZADO-LOGO-CA.jpg\",\"contentUrl\":\"https:\/\/colegioarquitectos.com\/noticias\/wp-content\/uploads\/2021\/05\/ENCABEZADO-LOGO-CA.jpg\",\"width\":690,\"height\":350,\"caption\":\"COLEGIO DE ARQUITECTOS DE CHILE\"},\"image\":{\"@id\":\"https:\/\/colegioarquitectos.com\/noticias\/#\/schema\/logo\/image\/\"},\"sameAs\":[\"https:\/\/facebook.com\/Colegioarq\/\",\"https:\/\/x.com\/colegioarq\",\"https:\/\/instagram.com\/colegioarq\",\"https:\/\/youtube.com\/@ColegiodeArquitectosdeChile\"]},{\"@type\":\"Person\",\"@id\":\"https:\/\/colegioarquitectos.com\/noticias\/#\/schema\/person\/685cc0aad148303c5608f049af8285ad\",\"name\":\"Colegio de Arquitectos de Chile\",\"url\":\"https:\/\/colegioarquitectos.com\/noticias\/?author=4\"}]}<\/script>\n<!-- \/ Yoast SEO plugin. -->","yoast_head_json":{"title":"FAUP organiza seminario para abordar los desaf\u00edos de la planificaci\u00f3n urbana ante las emergencias. - COLEGIO DE ARQUITECTOS DE CHILE","robots":{"index":"index","follow":"follow","max-snippet":"max-snippet:-1","max-image-preview":"max-image-preview:large","max-video-preview":"max-video-preview:-1"},"canonical":"https:\/\/colegioarquitectos.com\/noticias\/?p=18567","og_locale":"es_ES","og_type":"article","og_title":"FAUP organiza seminario para abordar los desaf\u00edos de la planificaci\u00f3n urbana ante las emergencias. - COLEGIO DE ARQUITECTOS DE CHILE","og_description":"Se trata de un encuentro abierto y gratuito, estar\u00e1 enfocado a tratar temas relativos a\u00a0 la planificaci\u00f3n de las urbes, qu\u00e9 acciones se deben considerar para enfrentar los riesgos naturales y la resiliencia, considerando las experiencias anteriores y las estrategias &hellip; ver m\u00e1s","og_url":"https:\/\/colegioarquitectos.com\/noticias\/?p=18567","og_site_name":"COLEGIO DE ARQUITECTOS DE CHILE","article_publisher":"https:\/\/facebook.com\/Colegioarq\/","article_published_time":"2017-10-19T14:21:50+00:00","og_image":[{"width":690,"height":350,"url":"https:\/\/colegioarquitectos.com\/noticias\/wp-content\/uploads\/2017\/10\/imagen-seminario-FAUP.jpg","type":"image\/jpeg"}],"author":"Colegio de Arquitectos de Chile","twitter_card":"summary_large_image","twitter_creator":"@colegioarq","twitter_site":"@colegioarq","twitter_misc":{"Escrito por":"Colegio de Arquitectos de Chile","Tiempo de lectura":"4 minutos"},"schema":{"@context":"https:\/\/schema.org","@graph":[{"@type":"Article","@id":"https:\/\/colegioarquitectos.com\/noticias\/?p=18567#article","isPartOf":{"@id":"https:\/\/colegioarquitectos.com\/noticias\/?p=18567"},"author":{"name":"Colegio de Arquitectos de Chile","@id":"https:\/\/colegioarquitectos.com\/noticias\/#\/schema\/person\/685cc0aad148303c5608f049af8285ad"},"headline":"FAUP organiza seminario para abordar los desaf\u00edos de la planificaci\u00f3n urbana ante las emergencias.","datePublished":"2017-10-19T14:21:50+00:00","dateModified":"2017-10-19T14:21:50+00:00","mainEntityOfPage":{"@id":"https:\/\/colegioarquitectos.com\/noticias\/?p=18567"},"wordCount":738,"publisher":{"@id":"https:\/\/colegioarquitectos.com\/noticias\/#organization"},"image":{"@id":"https:\/\/colegioarquitectos.com\/noticias\/?p=18567#primaryimage"},"thumbnailUrl":"https:\/\/colegioarquitectos.com\/noticias\/wp-content\/uploads\/2017\/10\/imagen-seminario-FAUP.jpg","articleSection":["Universidades"],"inLanguage":"es"},{"@type":"WebPage","@id":"https:\/\/colegioarquitectos.com\/noticias\/?p=18567","url":"https:\/\/colegioarquitectos.com\/noticias\/?p=18567","name":"FAUP organiza seminario para abordar los desaf\u00edos de la planificaci\u00f3n urbana ante las emergencias. - COLEGIO DE ARQUITECTOS DE CHILE","isPartOf":{"@id":"https:\/\/colegioarquitectos.com\/noticias\/#website"},"primaryImageOfPage":{"@id":"https:\/\/colegioarquitectos.com\/noticias\/?p=18567#primaryimage"},"image":{"@id":"https:\/\/colegioarquitectos.com\/noticias\/?p=18567#primaryimage"},"thumbnailUrl":"https:\/\/colegioarquitectos.com\/noticias\/wp-content\/uploads\/2017\/10\/imagen-seminario-FAUP.jpg","datePublished":"2017-10-19T14:21:50+00:00","dateModified":"2017-10-19T14:21:50+00:00","breadcrumb":{"@id":"https:\/\/colegioarquitectos.com\/noticias\/?p=18567#breadcrumb"},"inLanguage":"es","potentialAction":[{"@type":"ReadAction","target":["https:\/\/colegioarquitectos.com\/noticias\/?p=18567"]}]},{"@type":"ImageObject","inLanguage":"es","@id":"https:\/\/colegioarquitectos.com\/noticias\/?p=18567#primaryimage","url":"https:\/\/colegioarquitectos.com\/noticias\/wp-content\/uploads\/2017\/10\/imagen-seminario-FAUP.jpg","contentUrl":"https:\/\/colegioarquitectos.com\/noticias\/wp-content\/uploads\/2017\/10\/imagen-seminario-FAUP.jpg","width":690,"height":350},{"@type":"BreadcrumbList","@id":"https:\/\/colegioarquitectos.com\/noticias\/?p=18567#breadcrumb","itemListElement":[{"@type":"ListItem","position":1,"name":"Portada","item":"https:\/\/colegioarquitectos.com\/noticias"},{"@type":"ListItem","position":2,"name":"FAUP organiza seminario para abordar los desaf\u00edos de la planificaci\u00f3n urbana ante las emergencias."}]},{"@type":"WebSite","@id":"https:\/\/colegioarquitectos.com\/noticias\/#website","url":"https:\/\/colegioarquitectos.com\/noticias\/","name":"COLEGIO DE ARQUITECTOS DE CHILE","description":"","publisher":{"@id":"https:\/\/colegioarquitectos.com\/noticias\/#organization"},"potentialAction":[{"@type":"SearchAction","target":{"@type":"EntryPoint","urlTemplate":"https:\/\/colegioarquitectos.com\/noticias\/?s={search_term_string}"},"query-input":{"@type":"PropertyValueSpecification","valueRequired":true,"valueName":"search_term_string"}}],"inLanguage":"es"},{"@type":"Organization","@id":"https:\/\/colegioarquitectos.com\/noticias\/#organization","name":"COLEGIO DE ARQUITECTOS DE CHILE","url":"https:\/\/colegioarquitectos.com\/noticias\/","logo":{"@type":"ImageObject","inLanguage":"es","@id":"https:\/\/colegioarquitectos.com\/noticias\/#\/schema\/logo\/image\/","url":"https:\/\/colegioarquitectos.com\/noticias\/wp-content\/uploads\/2021\/05\/ENCABEZADO-LOGO-CA.jpg","contentUrl":"https:\/\/colegioarquitectos.com\/noticias\/wp-content\/uploads\/2021\/05\/ENCABEZADO-LOGO-CA.jpg","width":690,"height":350,"caption":"COLEGIO DE ARQUITECTOS DE CHILE"},"image":{"@id":"https:\/\/colegioarquitectos.com\/noticias\/#\/schema\/logo\/image\/"},"sameAs":["https:\/\/facebook.com\/Colegioarq\/","https:\/\/x.com\/colegioarq","https:\/\/instagram.com\/colegioarq","https:\/\/youtube.com\/@ColegiodeArquitectosdeChile"]},{"@type":"Person","@id":"https:\/\/colegioarquitectos.com\/noticias\/#\/schema\/person\/685cc0aad148303c5608f049af8285ad","name":"Colegio de Arquitectos de Chile","url":"https:\/\/colegioarquitectos.com\/noticias\/?author=4"}]}},"_links":{"self":[{"href":"https:\/\/colegioarquitectos.com\/noticias\/index.php?rest_route=\/wp\/v2\/posts\/18567","targetHints":{"allow":["GET"]}}],"collection":[{"href":"https:\/\/colegioarquitectos.com\/noticias\/index.php?rest_route=\/wp\/v2\/posts"}],"about":[{"href":"https:\/\/colegioarquitectos.com\/noticias\/index.php?rest_route=\/wp\/v2\/types\/post"}],"author":[{"embeddable":true,"href":"https:\/\/colegioarquitectos.com\/noticias\/index.php?rest_route=\/wp\/v2\/users\/4"}],"replies":[{"embeddable":true,"href":"https:\/\/colegioarquitectos.com\/noticias\/index.php?rest_route=%2Fwp%2Fv2%2Fcomments&post=18567"}],"version-history":[{"count":0,"href":"https:\/\/colegioarquitectos.com\/noticias\/index.php?rest_route=\/wp\/v2\/posts\/18567\/revisions"}],"wp:featuredmedia":[{"embeddable":true,"href":"https:\/\/colegioarquitectos.com\/noticias\/index.php?rest_route=\/wp\/v2\/media\/18569"}],"wp:attachment":[{"href":"https:\/\/colegioarquitectos.com\/noticias\/index.php?rest_route=%2Fwp%2Fv2%2Fmedia&parent=18567"}],"wp:term":[{"taxonomy":"category","embeddable":true,"href":"https:\/\/colegioarquitectos.com\/noticias\/index.php?rest_route=%2Fwp%2Fv2%2Fcategories&post=18567"},{"taxonomy":"post_tag","embeddable":true,"href":"https:\/\/colegioarquitectos.com\/noticias\/index.php?rest_route=%2Fwp%2Fv2%2Ftags&post=18567"}],"curies":[{"name":"wp","href":"https:\/\/api.w.org\/{rel}","templated":true}]}}