
{"id":18572,"date":"2017-10-25T00:44:59","date_gmt":"2017-10-25T00:44:59","guid":{"rendered":"http:\/\/colegioarquitectos.com\/?p=18572"},"modified":"2017-10-25T14:38:51","modified_gmt":"2017-10-25T14:38:51","slug":"jueves-26-presentacion-libro-arquitectura-de-tierra-en-america-latina","status":"publish","type":"post","link":"https:\/\/colegioarquitectos.com\/noticias\/?p=18572","title":{"rendered":"Jueves 26: Presentaci\u00f3n libro Arquitectura de Tierra en Am\u00e9rica Latina"},"content":{"rendered":"<p>Un volumen editado por la editorial portuguesa Argumentum ofrece una importante investigaci\u00f3n realizada hasta la fecha en torno al conocimiento de la Arquitectura y Construcci\u00f3n en Tierra dentro de los 19 pa\u00edses de Am\u00e9rica Latina (Argentina, Bolivia, Brasil, Chile, Colombia, Costa Rica, Cuba, Ecuador, El Salvador, Guatemala, Honduras, M\u00e9xico, Nicaragua, Panam\u00e1, Paraguay, Per\u00fa, Rep\u00fablica Dominicana, Uruguay y Venezuela).<\/p>\n<p>Este cuenta con la colaboraci\u00f3n de 84 autores de los 19 pa\u00edses, entre ellos Chile. Entre sus autores destacan el arquitecto Hugo Pereira (ex presidente del Comit\u00e9 de Tecnolog\u00eda CA) como editor general, y los arquitectos Amanda Rivera, Alvaro Riquelme, Camilo Giribas y Natalia Jorquera, todos participantes del Comit\u00e9 de Tecnolog\u00eda.<\/p>\n<p>El escrito est\u00e1 en espa\u00f1ol y portugu\u00e9s e ilustra con 365 im\u00e1genes diversas visiones e interpretaciones que incluyen el patrimonio mundial, el patrimonio vern\u00e1culo, precolombino y republicano; asimismo describe la vivienda social, la arquitectura contempor\u00e1nea, la prevenci\u00f3n, conservaci\u00f3n y la restauraci\u00f3n; para concluir con estudios sobre la educaci\u00f3n, investigaci\u00f3n, formaci\u00f3n y transferencia del conocimiento.<\/p>\n<p>Son variadas las realidades de la arquitectura de tierra en este vasto, diverso y singular continente americano y este libro muestra la calidad del trabajo llevado a cabo por la Red Iberoamericana Proterra.<\/p>\n<p>Como instrumento de reconocimiento de la identidad de la cultura constructiva de estos 19 pa\u00edses, este libro es \u00fanico y esencial, ya que revela el estado del arte actual de la Arquitectura y la Construcci\u00f3n con Tierra en toda Am\u00e9rica Latina.<\/p>\n<p>&nbsp;<\/p>\n<p>Fecha lanzamiento: Jueves 26 de Octubre.<\/p>\n<p>Hora: 17:00 hrs.<\/p>\n<p>Lugar: Sede Nacional Colegio de Arquitectos de Chile (Av. Libertador Bernardo O&#8217;Higgins 115, Santiago)<\/p>\n<p>&nbsp;<\/p>\n<p><a href=\"http:\/\/argumentum.pt\/Catalogo.html\" data-saferedirecturl=\"https:\/\/www.google.com\/url?hl=es&amp;q=http:\/\/argumentum.pt\/Catalogo.html&amp;source=gmail&amp;ust=1508514089422000&amp;usg=AFQjCNGA94xAMHy-KBkGUerl7lTBYKkejg\">M\u00e1s informaci\u00f3n en Editorial Argumentum<\/a><\/p>\n<p>&nbsp;<\/p>\n<p><img loading=\"lazy\" decoding=\"async\" class=\"alignnone wp-image-18576 size-full\" src=\"http:\/\/colegioarquitectos.com\/noticias\/wp-content\/uploads\/2017\/10\/ATAL-stgo-1.jpeg\" alt=\"\" width=\"600\" height=\"600\" srcset=\"https:\/\/colegioarquitectos.com\/noticias\/wp-content\/uploads\/2017\/10\/ATAL-stgo-1.jpeg 600w, https:\/\/colegioarquitectos.com\/noticias\/wp-content\/uploads\/2017\/10\/ATAL-stgo-1-180x180.jpeg 180w, https:\/\/colegioarquitectos.com\/noticias\/wp-content\/uploads\/2017\/10\/ATAL-stgo-1-300x300.jpeg 300w\" sizes=\"auto, (max-width: 600px) 100vw, 600px\" \/><\/p>\n<p><\/p>","protected":false},"excerpt":{"rendered":"<p>Un volumen editado por la editorial portuguesa Argumentum ofrece una importante investigaci\u00f3n realizada hasta la fecha en torno al conocimiento de la Arquitectura y Construcci\u00f3n en Tierra dentro de los 19 pa\u00edses de Am\u00e9rica Latina (Argentina, Bolivia, Brasil, Chile, Colombia, &hellip; <a class=\"more-link\" href=\"https:\/\/colegioarquitectos.com\/noticias\/?p=18572\">ver m\u00e1s<\/a><\/p>","protected":false},"author":4,"featured_media":18573,"comment_status":"closed","ping_status":"closed","sticky":false,"template":"","format":"standard","meta":{"footnotes":""},"categories":[8],"tags":[],"class_list":["post-18572","post","type-post","status-publish","format-standard","has-post-thumbnail","hentry","category-colegio-de-arquitectos"],"yoast_head":"<!-- This site is optimized with the Yoast SEO plugin v24.2 - https:\/\/yoast.com\/wordpress\/plugins\/seo\/ -->\n<title>Jueves 26: Presentaci\u00f3n libro Arquitectura de Tierra en Am\u00e9rica Latina - COLEGIO DE ARQUITECTOS DE CHILE<\/title>\n<meta name=\"robots\" content=\"index, follow, max-snippet:-1, max-image-preview:large, max-video-preview:-1\" \/>\n<link rel=\"canonical\" href=\"https:\/\/colegioarquitectos.com\/noticias\/?p=18572\" \/>\n<meta property=\"og:locale\" content=\"es_ES\" \/>\n<meta property=\"og:type\" content=\"article\" \/>\n<meta property=\"og:title\" content=\"Jueves 26: Presentaci\u00f3n libro Arquitectura de Tierra en Am\u00e9rica Latina - COLEGIO DE ARQUITECTOS DE CHILE\" \/>\n<meta property=\"og:description\" content=\"Un volumen editado por la editorial portuguesa Argumentum ofrece una importante investigaci\u00f3n realizada hasta la fecha en torno al conocimiento de la Arquitectura y Construcci\u00f3n en Tierra dentro de los 19 pa\u00edses de Am\u00e9rica Latina (Argentina, Bolivia, Brasil, Chile, Colombia, &hellip; ver m\u00e1s\" \/>\n<meta property=\"og:url\" content=\"https:\/\/colegioarquitectos.com\/noticias\/?p=18572\" \/>\n<meta property=\"og:site_name\" content=\"COLEGIO DE ARQUITECTOS DE CHILE\" \/>\n<meta property=\"article:publisher\" content=\"https:\/\/facebook.com\/Colegioarq\/\" \/>\n<meta property=\"article:published_time\" content=\"2017-10-25T00:44:59+00:00\" \/>\n<meta property=\"article:modified_time\" content=\"2017-10-25T14:38:51+00:00\" \/>\n<meta property=\"og:image\" content=\"https:\/\/colegioarquitectos.com\/noticias\/wp-content\/uploads\/2017\/10\/imagen-de-lanzamiento-ATAL.jpg\" \/>\n\t<meta property=\"og:image:width\" content=\"690\" \/>\n\t<meta property=\"og:image:height\" content=\"350\" \/>\n\t<meta property=\"og:image:type\" content=\"image\/jpeg\" \/>\n<meta name=\"author\" content=\"Colegio de Arquitectos de Chile\" \/>\n<meta name=\"twitter:card\" content=\"summary_large_image\" \/>\n<meta name=\"twitter:creator\" content=\"@colegioarq\" \/>\n<meta name=\"twitter:site\" content=\"@colegioarq\" \/>\n<meta name=\"twitter:label1\" content=\"Escrito por\" \/>\n\t<meta name=\"twitter:data1\" content=\"Colegio de Arquitectos de Chile\" \/>\n\t<meta name=\"twitter:label2\" content=\"Tiempo de lectura\" \/>\n\t<meta name=\"twitter:data2\" content=\"1 minuto\" \/>\n<script type=\"application\/ld+json\" class=\"yoast-schema-graph\">{\"@context\":\"https:\/\/schema.org\",\"@graph\":[{\"@type\":\"Article\",\"@id\":\"https:\/\/colegioarquitectos.com\/noticias\/?p=18572#article\",\"isPartOf\":{\"@id\":\"https:\/\/colegioarquitectos.com\/noticias\/?p=18572\"},\"author\":{\"name\":\"Colegio de Arquitectos de Chile\",\"@id\":\"https:\/\/colegioarquitectos.com\/noticias\/#\/schema\/person\/685cc0aad148303c5608f049af8285ad\"},\"headline\":\"Jueves 26: Presentaci\u00f3n libro Arquitectura de Tierra en Am\u00e9rica Latina\",\"datePublished\":\"2017-10-25T00:44:59+00:00\",\"dateModified\":\"2017-10-25T14:38:51+00:00\",\"mainEntityOfPage\":{\"@id\":\"https:\/\/colegioarquitectos.com\/noticias\/?p=18572\"},\"wordCount\":298,\"publisher\":{\"@id\":\"https:\/\/colegioarquitectos.com\/noticias\/#organization\"},\"image\":{\"@id\":\"https:\/\/colegioarquitectos.com\/noticias\/?p=18572#primaryimage\"},\"thumbnailUrl\":\"https:\/\/colegioarquitectos.com\/noticias\/wp-content\/uploads\/2017\/10\/imagen-de-lanzamiento-ATAL.jpg\",\"articleSection\":[\"Colegio\"],\"inLanguage\":\"es\"},{\"@type\":\"WebPage\",\"@id\":\"https:\/\/colegioarquitectos.com\/noticias\/?p=18572\",\"url\":\"https:\/\/colegioarquitectos.com\/noticias\/?p=18572\",\"name\":\"Jueves 26: Presentaci\u00f3n libro Arquitectura de Tierra en Am\u00e9rica Latina - COLEGIO DE ARQUITECTOS DE CHILE\",\"isPartOf\":{\"@id\":\"https:\/\/colegioarquitectos.com\/noticias\/#website\"},\"primaryImageOfPage\":{\"@id\":\"https:\/\/colegioarquitectos.com\/noticias\/?p=18572#primaryimage\"},\"image\":{\"@id\":\"https:\/\/colegioarquitectos.com\/noticias\/?p=18572#primaryimage\"},\"thumbnailUrl\":\"https:\/\/colegioarquitectos.com\/noticias\/wp-content\/uploads\/2017\/10\/imagen-de-lanzamiento-ATAL.jpg\",\"datePublished\":\"2017-10-25T00:44:59+00:00\",\"dateModified\":\"2017-10-25T14:38:51+00:00\",\"breadcrumb\":{\"@id\":\"https:\/\/colegioarquitectos.com\/noticias\/?p=18572#breadcrumb\"},\"inLanguage\":\"es\",\"potentialAction\":[{\"@type\":\"ReadAction\",\"target\":[\"https:\/\/colegioarquitectos.com\/noticias\/?p=18572\"]}]},{\"@type\":\"ImageObject\",\"inLanguage\":\"es\",\"@id\":\"https:\/\/colegioarquitectos.com\/noticias\/?p=18572#primaryimage\",\"url\":\"https:\/\/colegioarquitectos.com\/noticias\/wp-content\/uploads\/2017\/10\/imagen-de-lanzamiento-ATAL.jpg\",\"contentUrl\":\"https:\/\/colegioarquitectos.com\/noticias\/wp-content\/uploads\/2017\/10\/imagen-de-lanzamiento-ATAL.jpg\",\"width\":690,\"height\":350},{\"@type\":\"BreadcrumbList\",\"@id\":\"https:\/\/colegioarquitectos.com\/noticias\/?p=18572#breadcrumb\",\"itemListElement\":[{\"@type\":\"ListItem\",\"position\":1,\"name\":\"Portada\",\"item\":\"https:\/\/colegioarquitectos.com\/noticias\"},{\"@type\":\"ListItem\",\"position\":2,\"name\":\"Jueves 26: Presentaci\u00f3n libro Arquitectura de Tierra en Am\u00e9rica Latina\"}]},{\"@type\":\"WebSite\",\"@id\":\"https:\/\/colegioarquitectos.com\/noticias\/#website\",\"url\":\"https:\/\/colegioarquitectos.com\/noticias\/\",\"name\":\"COLEGIO DE ARQUITECTOS DE CHILE\",\"description\":\"\",\"publisher\":{\"@id\":\"https:\/\/colegioarquitectos.com\/noticias\/#organization\"},\"potentialAction\":[{\"@type\":\"SearchAction\",\"target\":{\"@type\":\"EntryPoint\",\"urlTemplate\":\"https:\/\/colegioarquitectos.com\/noticias\/?s={search_term_string}\"},\"query-input\":{\"@type\":\"PropertyValueSpecification\",\"valueRequired\":true,\"valueName\":\"search_term_string\"}}],\"inLanguage\":\"es\"},{\"@type\":\"Organization\",\"@id\":\"https:\/\/colegioarquitectos.com\/noticias\/#organization\",\"name\":\"COLEGIO DE ARQUITECTOS DE CHILE\",\"url\":\"https:\/\/colegioarquitectos.com\/noticias\/\",\"logo\":{\"@type\":\"ImageObject\",\"inLanguage\":\"es\",\"@id\":\"https:\/\/colegioarquitectos.com\/noticias\/#\/schema\/logo\/image\/\",\"url\":\"https:\/\/colegioarquitectos.com\/noticias\/wp-content\/uploads\/2021\/05\/ENCABEZADO-LOGO-CA.jpg\",\"contentUrl\":\"https:\/\/colegioarquitectos.com\/noticias\/wp-content\/uploads\/2021\/05\/ENCABEZADO-LOGO-CA.jpg\",\"width\":690,\"height\":350,\"caption\":\"COLEGIO DE ARQUITECTOS DE CHILE\"},\"image\":{\"@id\":\"https:\/\/colegioarquitectos.com\/noticias\/#\/schema\/logo\/image\/\"},\"sameAs\":[\"https:\/\/facebook.com\/Colegioarq\/\",\"https:\/\/x.com\/colegioarq\",\"https:\/\/instagram.com\/colegioarq\",\"https:\/\/youtube.com\/@ColegiodeArquitectosdeChile\"]},{\"@type\":\"Person\",\"@id\":\"https:\/\/colegioarquitectos.com\/noticias\/#\/schema\/person\/685cc0aad148303c5608f049af8285ad\",\"name\":\"Colegio de Arquitectos de Chile\",\"url\":\"https:\/\/colegioarquitectos.com\/noticias\/?author=4\"}]}<\/script>\n<!-- \/ Yoast SEO plugin. -->","yoast_head_json":{"title":"Jueves 26: Presentaci\u00f3n libro Arquitectura de Tierra en Am\u00e9rica Latina - COLEGIO DE ARQUITECTOS DE CHILE","robots":{"index":"index","follow":"follow","max-snippet":"max-snippet:-1","max-image-preview":"max-image-preview:large","max-video-preview":"max-video-preview:-1"},"canonical":"https:\/\/colegioarquitectos.com\/noticias\/?p=18572","og_locale":"es_ES","og_type":"article","og_title":"Jueves 26: Presentaci\u00f3n libro Arquitectura de Tierra en Am\u00e9rica Latina - COLEGIO DE ARQUITECTOS DE CHILE","og_description":"Un volumen editado por la editorial portuguesa Argumentum ofrece una importante investigaci\u00f3n realizada hasta la fecha en torno al conocimiento de la Arquitectura y Construcci\u00f3n en Tierra dentro de los 19 pa\u00edses de Am\u00e9rica Latina (Argentina, Bolivia, Brasil, Chile, Colombia, &hellip; ver m\u00e1s","og_url":"https:\/\/colegioarquitectos.com\/noticias\/?p=18572","og_site_name":"COLEGIO DE ARQUITECTOS DE CHILE","article_publisher":"https:\/\/facebook.com\/Colegioarq\/","article_published_time":"2017-10-25T00:44:59+00:00","article_modified_time":"2017-10-25T14:38:51+00:00","og_image":[{"width":690,"height":350,"url":"https:\/\/colegioarquitectos.com\/noticias\/wp-content\/uploads\/2017\/10\/imagen-de-lanzamiento-ATAL.jpg","type":"image\/jpeg"}],"author":"Colegio de Arquitectos de Chile","twitter_card":"summary_large_image","twitter_creator":"@colegioarq","twitter_site":"@colegioarq","twitter_misc":{"Escrito por":"Colegio de Arquitectos de Chile","Tiempo de lectura":"1 minuto"},"schema":{"@context":"https:\/\/schema.org","@graph":[{"@type":"Article","@id":"https:\/\/colegioarquitectos.com\/noticias\/?p=18572#article","isPartOf":{"@id":"https:\/\/colegioarquitectos.com\/noticias\/?p=18572"},"author":{"name":"Colegio de Arquitectos de Chile","@id":"https:\/\/colegioarquitectos.com\/noticias\/#\/schema\/person\/685cc0aad148303c5608f049af8285ad"},"headline":"Jueves 26: Presentaci\u00f3n libro Arquitectura de Tierra en Am\u00e9rica Latina","datePublished":"2017-10-25T00:44:59+00:00","dateModified":"2017-10-25T14:38:51+00:00","mainEntityOfPage":{"@id":"https:\/\/colegioarquitectos.com\/noticias\/?p=18572"},"wordCount":298,"publisher":{"@id":"https:\/\/colegioarquitectos.com\/noticias\/#organization"},"image":{"@id":"https:\/\/colegioarquitectos.com\/noticias\/?p=18572#primaryimage"},"thumbnailUrl":"https:\/\/colegioarquitectos.com\/noticias\/wp-content\/uploads\/2017\/10\/imagen-de-lanzamiento-ATAL.jpg","articleSection":["Colegio"],"inLanguage":"es"},{"@type":"WebPage","@id":"https:\/\/colegioarquitectos.com\/noticias\/?p=18572","url":"https:\/\/colegioarquitectos.com\/noticias\/?p=18572","name":"Jueves 26: Presentaci\u00f3n libro Arquitectura de Tierra en Am\u00e9rica Latina - COLEGIO DE ARQUITECTOS DE CHILE","isPartOf":{"@id":"https:\/\/colegioarquitectos.com\/noticias\/#website"},"primaryImageOfPage":{"@id":"https:\/\/colegioarquitectos.com\/noticias\/?p=18572#primaryimage"},"image":{"@id":"https:\/\/colegioarquitectos.com\/noticias\/?p=18572#primaryimage"},"thumbnailUrl":"https:\/\/colegioarquitectos.com\/noticias\/wp-content\/uploads\/2017\/10\/imagen-de-lanzamiento-ATAL.jpg","datePublished":"2017-10-25T00:44:59+00:00","dateModified":"2017-10-25T14:38:51+00:00","breadcrumb":{"@id":"https:\/\/colegioarquitectos.com\/noticias\/?p=18572#breadcrumb"},"inLanguage":"es","potentialAction":[{"@type":"ReadAction","target":["https:\/\/colegioarquitectos.com\/noticias\/?p=18572"]}]},{"@type":"ImageObject","inLanguage":"es","@id":"https:\/\/colegioarquitectos.com\/noticias\/?p=18572#primaryimage","url":"https:\/\/colegioarquitectos.com\/noticias\/wp-content\/uploads\/2017\/10\/imagen-de-lanzamiento-ATAL.jpg","contentUrl":"https:\/\/colegioarquitectos.com\/noticias\/wp-content\/uploads\/2017\/10\/imagen-de-lanzamiento-ATAL.jpg","width":690,"height":350},{"@type":"BreadcrumbList","@id":"https:\/\/colegioarquitectos.com\/noticias\/?p=18572#breadcrumb","itemListElement":[{"@type":"ListItem","position":1,"name":"Portada","item":"https:\/\/colegioarquitectos.com\/noticias"},{"@type":"ListItem","position":2,"name":"Jueves 26: Presentaci\u00f3n libro Arquitectura de Tierra en Am\u00e9rica Latina"}]},{"@type":"WebSite","@id":"https:\/\/colegioarquitectos.com\/noticias\/#website","url":"https:\/\/colegioarquitectos.com\/noticias\/","name":"COLEGIO DE ARQUITECTOS DE CHILE","description":"","publisher":{"@id":"https:\/\/colegioarquitectos.com\/noticias\/#organization"},"potentialAction":[{"@type":"SearchAction","target":{"@type":"EntryPoint","urlTemplate":"https:\/\/colegioarquitectos.com\/noticias\/?s={search_term_string}"},"query-input":{"@type":"PropertyValueSpecification","valueRequired":true,"valueName":"search_term_string"}}],"inLanguage":"es"},{"@type":"Organization","@id":"https:\/\/colegioarquitectos.com\/noticias\/#organization","name":"COLEGIO DE ARQUITECTOS DE CHILE","url":"https:\/\/colegioarquitectos.com\/noticias\/","logo":{"@type":"ImageObject","inLanguage":"es","@id":"https:\/\/colegioarquitectos.com\/noticias\/#\/schema\/logo\/image\/","url":"https:\/\/colegioarquitectos.com\/noticias\/wp-content\/uploads\/2021\/05\/ENCABEZADO-LOGO-CA.jpg","contentUrl":"https:\/\/colegioarquitectos.com\/noticias\/wp-content\/uploads\/2021\/05\/ENCABEZADO-LOGO-CA.jpg","width":690,"height":350,"caption":"COLEGIO DE ARQUITECTOS DE CHILE"},"image":{"@id":"https:\/\/colegioarquitectos.com\/noticias\/#\/schema\/logo\/image\/"},"sameAs":["https:\/\/facebook.com\/Colegioarq\/","https:\/\/x.com\/colegioarq","https:\/\/instagram.com\/colegioarq","https:\/\/youtube.com\/@ColegiodeArquitectosdeChile"]},{"@type":"Person","@id":"https:\/\/colegioarquitectos.com\/noticias\/#\/schema\/person\/685cc0aad148303c5608f049af8285ad","name":"Colegio de Arquitectos de Chile","url":"https:\/\/colegioarquitectos.com\/noticias\/?author=4"}]}},"_links":{"self":[{"href":"https:\/\/colegioarquitectos.com\/noticias\/index.php?rest_route=\/wp\/v2\/posts\/18572","targetHints":{"allow":["GET"]}}],"collection":[{"href":"https:\/\/colegioarquitectos.com\/noticias\/index.php?rest_route=\/wp\/v2\/posts"}],"about":[{"href":"https:\/\/colegioarquitectos.com\/noticias\/index.php?rest_route=\/wp\/v2\/types\/post"}],"author":[{"embeddable":true,"href":"https:\/\/colegioarquitectos.com\/noticias\/index.php?rest_route=\/wp\/v2\/users\/4"}],"replies":[{"embeddable":true,"href":"https:\/\/colegioarquitectos.com\/noticias\/index.php?rest_route=%2Fwp%2Fv2%2Fcomments&post=18572"}],"version-history":[{"count":0,"href":"https:\/\/colegioarquitectos.com\/noticias\/index.php?rest_route=\/wp\/v2\/posts\/18572\/revisions"}],"wp:featuredmedia":[{"embeddable":true,"href":"https:\/\/colegioarquitectos.com\/noticias\/index.php?rest_route=\/wp\/v2\/media\/18573"}],"wp:attachment":[{"href":"https:\/\/colegioarquitectos.com\/noticias\/index.php?rest_route=%2Fwp%2Fv2%2Fmedia&parent=18572"}],"wp:term":[{"taxonomy":"category","embeddable":true,"href":"https:\/\/colegioarquitectos.com\/noticias\/index.php?rest_route=%2Fwp%2Fv2%2Fcategories&post=18572"},{"taxonomy":"post_tag","embeddable":true,"href":"https:\/\/colegioarquitectos.com\/noticias\/index.php?rest_route=%2Fwp%2Fv2%2Ftags&post=18572"}],"curies":[{"name":"wp","href":"https:\/\/api.w.org\/{rel}","templated":true}]}}