
{"id":18602,"date":"2017-10-23T14:14:04","date_gmt":"2017-10-23T14:14:04","guid":{"rendered":"http:\/\/colegioarquitectos.com\/?p=18602"},"modified":"2017-10-23T14:14:04","modified_gmt":"2017-10-23T14:14:04","slug":"elea-2017-estudiantes-de-arquitectura-comparten-sus-experiencias-con-los-ninos-de-calama","status":"publish","type":"post","link":"https:\/\/colegioarquitectos.com\/noticias\/?p=18602","title":{"rendered":"ELEA 2017: Estudiantes de arquitectura comparten sus experiencias con los ni\u00f1os de Calama."},"content":{"rendered":"<p>El Encuentro Latinoamericano de Estudiantes de Arquitectura se realiza todos los a\u00f1os para establecer un intercambio cultural entre estudiantes, profesores y profesionales de toda la regi\u00f3n, desarrollando talleres, conferencias e intervenciones en una ciudad espec\u00edfica del cono sur.<\/p>\n<p>Este a\u00f1o, un grupo de &#8216;Eleanos&#8217; se traslado a la Escuela Emilio Sotomayor de Calama, con el objetivo de ampliar el alcance del evento y conectar con la comunidad local, compartiendo dos ma\u00f1anas con sus alumnos de 5to b\u00e1sico. La actividad buscaba principalmente abrir la mente de los ni\u00f1os, y mostrarles la arquitectura como un quehacer que realmente puede mejorar la calidad de vida de su ciudad, y de cada uno de ellos como ciudadanos.<\/p>\n<p>Despu\u00e9s de jugar y conocerse, los estudiantes -provenientes de Uruguay, Paraguay, Argentina, Colombia, Per\u00fa y Chile- invitaron a los ni\u00f1os a crear sus propios edificios con tiza, resultando en interesantes bocetos. De esta manera, los ni\u00f1os les entregan a los estudiantes la capacidad de volver a hacerse preguntas; sus respuestas sorprenden, permitiendo as\u00ed explorar nuevas respuestas.<\/p>\n<p>&nbsp;<\/p>\n<p>&#8216;Buscamos hacer sentir a los ni\u00f1os como parte de la sociedad, y no dejarlos de lado. El s\u00f3lo hecho de haber compartido con un estudiante de arquitectura, hace que la arquitectura forme, por primer vez, parte de su experiencia&#8217;, comenta Am\u00e9rica Godoy, Comisi\u00f3n Organizadora XXV ELEA Atacama 2017.<\/p>\n<p>&nbsp;<\/p>\n<p>&nbsp;<\/p>\n<p>Tallerista a Cargo: Am\u00e9rica Godoy, ComOrg XXV ELEA Atacama 2017.<\/p>\n<p>Ubicaci\u00f3n: Escuela Emilio Sotomayor de Calama, Calama, Chile.<\/p>\n<p>A\u00f1o: Octubre, 2017.<\/p>\n<p>Estudiantes participantes: Diego Rivas, Gerardo Neira, Mat\u00edas Alvial, F\u00e9lix Saavedra, Astrid Flores, Mariam Ch\u00e1vez, Gabriela Sucapuca, Yudira Gudiel, Angela Vel\u00e1squez, Yerson Cachura, Alessandro Monta\u00f1ez, Mariana Porta, P\u00eda Prandi, Julieta Balian, Patricia \u00c1lvarez, Diego Gianfagna, Santiago Maiorana, Mariana Fagian, Erika Pla, Eliana Olivera, Agustina Caballero, Marcela Hern\u00e1ndez, Maximiliano Franco, Florencia Petrone, Antonella \u00c1lvarez, Liber Menendez, Mai Dupasquier, Andr\u00e9s Caballero, Facundo Preso, Ra\u00fal Rodriguez, Federico Su\u00e1rez, Josefina Perales, Macarena Finocchiaro, Quiste Lourdes, Ana Oro, Maximiliano Ren, Nancy Poveda, Facundo Brigmani, Federico Mart\u00ednez.<\/p>\n<p>Fotograf\u00edas: Antonella \u00c1lvarez, Jos\u00e9 Tom\u00e1s Franco.<\/p>\n<p>&nbsp;<\/p>\n<p><a href=\"https:\/\/www.plataformaarquitectura.cl\/cl\/881821\/elea-2017-estudiantes-de-arquitectura-comparten-sus-experiencias-con-los-ninos-de-calama-chile\">Publicado en Plataforma Arquitectura.<\/a><\/p>\n<p>&nbsp;<\/p>\n<p><a href=\"http:\/\/colegioarquitectos.com\/noticias\/wp-content\/uploads\/2017\/10\/ELEA-1.jpg\"><img loading=\"lazy\" decoding=\"async\" class=\"alignnone size-medium wp-image-18604\" src=\"http:\/\/colegioarquitectos.com\/noticias\/wp-content\/uploads\/2017\/10\/ELEA-1-300x200.jpg\" alt=\"\" width=\"300\" height=\"200\" srcset=\"https:\/\/colegioarquitectos.com\/noticias\/wp-content\/uploads\/2017\/10\/ELEA-1-300x200.jpg 300w, https:\/\/colegioarquitectos.com\/noticias\/wp-content\/uploads\/2017\/10\/ELEA-1-768x512.jpg 768w, https:\/\/colegioarquitectos.com\/noticias\/wp-content\/uploads\/2017\/10\/ELEA-1-1024x683.jpg 1024w, https:\/\/colegioarquitectos.com\/noticias\/wp-content\/uploads\/2017\/10\/ELEA-1.jpg 1500w\" sizes=\"auto, (max-width: 300px) 100vw, 300px\" \/><\/a><\/p>\n<p><a href=\"http:\/\/colegioarquitectos.com\/noticias\/wp-content\/uploads\/2017\/10\/ELEA-2-1.jpg\"><img loading=\"lazy\" decoding=\"async\" class=\"alignnone size-medium wp-image-18607\" src=\"http:\/\/colegioarquitectos.com\/noticias\/wp-content\/uploads\/2017\/10\/ELEA-2-1-300x200.jpg\" alt=\"\" width=\"300\" height=\"200\" srcset=\"https:\/\/colegioarquitectos.com\/noticias\/wp-content\/uploads\/2017\/10\/ELEA-2-1-300x200.jpg 300w, https:\/\/colegioarquitectos.com\/noticias\/wp-content\/uploads\/2017\/10\/ELEA-2-1-768x512.jpg 768w, https:\/\/colegioarquitectos.com\/noticias\/wp-content\/uploads\/2017\/10\/ELEA-2-1-1024x683.jpg 1024w, https:\/\/colegioarquitectos.com\/noticias\/wp-content\/uploads\/2017\/10\/ELEA-2-1.jpg 1500w\" sizes=\"auto, (max-width: 300px) 100vw, 300px\" \/><\/a><\/p>\n<p>&nbsp;<\/p>\n<p><\/p>","protected":false},"excerpt":{"rendered":"<p>El Encuentro Latinoamericano de Estudiantes de Arquitectura se realiza todos los a\u00f1os para establecer un intercambio cultural entre estudiantes, profesores y profesionales de toda la regi\u00f3n, desarrollando talleres, conferencias e intervenciones en una ciudad espec\u00edfica del cono sur. Este a\u00f1o, &hellip; <a class=\"more-link\" href=\"https:\/\/colegioarquitectos.com\/noticias\/?p=18602\">ver m\u00e1s<\/a><\/p>","protected":false},"author":4,"featured_media":18608,"comment_status":"closed","ping_status":"closed","sticky":false,"template":"","format":"standard","meta":{"footnotes":""},"categories":[3],"tags":[],"class_list":["post-18602","post","type-post","status-publish","format-standard","has-post-thumbnail","hentry","category-noticias"],"yoast_head":"<!-- This site is optimized with the Yoast SEO plugin v24.2 - https:\/\/yoast.com\/wordpress\/plugins\/seo\/ -->\n<title>ELEA 2017: Estudiantes de arquitectura comparten sus experiencias con los ni\u00f1os de Calama. - COLEGIO DE ARQUITECTOS DE CHILE<\/title>\n<meta name=\"robots\" content=\"index, follow, max-snippet:-1, max-image-preview:large, max-video-preview:-1\" \/>\n<link rel=\"canonical\" href=\"https:\/\/colegioarquitectos.com\/noticias\/?p=18602\" \/>\n<meta property=\"og:locale\" content=\"es_ES\" \/>\n<meta property=\"og:type\" content=\"article\" \/>\n<meta property=\"og:title\" content=\"ELEA 2017: Estudiantes de arquitectura comparten sus experiencias con los ni\u00f1os de Calama. - COLEGIO DE ARQUITECTOS DE CHILE\" \/>\n<meta property=\"og:description\" content=\"El Encuentro Latinoamericano de Estudiantes de Arquitectura se realiza todos los a\u00f1os para establecer un intercambio cultural entre estudiantes, profesores y profesionales de toda la regi\u00f3n, desarrollando talleres, conferencias e intervenciones en una ciudad espec\u00edfica del cono sur. Este a\u00f1o, &hellip; ver m\u00e1s\" \/>\n<meta property=\"og:url\" content=\"https:\/\/colegioarquitectos.com\/noticias\/?p=18602\" \/>\n<meta property=\"og:site_name\" content=\"COLEGIO DE ARQUITECTOS DE CHILE\" \/>\n<meta property=\"article:publisher\" content=\"https:\/\/facebook.com\/Colegioarq\/\" \/>\n<meta property=\"article:published_time\" content=\"2017-10-23T14:14:04+00:00\" \/>\n<meta property=\"og:image\" content=\"https:\/\/colegioarquitectos.com\/noticias\/wp-content\/uploads\/2017\/10\/Imagen-ELEA.jpg\" \/>\n\t<meta property=\"og:image:width\" content=\"690\" \/>\n\t<meta property=\"og:image:height\" content=\"350\" \/>\n\t<meta property=\"og:image:type\" content=\"image\/jpeg\" \/>\n<meta name=\"author\" content=\"Colegio de Arquitectos de Chile\" \/>\n<meta name=\"twitter:card\" content=\"summary_large_image\" \/>\n<meta name=\"twitter:creator\" content=\"@colegioarq\" \/>\n<meta name=\"twitter:site\" content=\"@colegioarq\" \/>\n<meta name=\"twitter:label1\" content=\"Escrito por\" \/>\n\t<meta name=\"twitter:data1\" content=\"Colegio de Arquitectos de Chile\" \/>\n\t<meta name=\"twitter:label2\" content=\"Tiempo de lectura\" \/>\n\t<meta name=\"twitter:data2\" content=\"2 minutos\" \/>\n<script type=\"application\/ld+json\" class=\"yoast-schema-graph\">{\"@context\":\"https:\/\/schema.org\",\"@graph\":[{\"@type\":\"Article\",\"@id\":\"https:\/\/colegioarquitectos.com\/noticias\/?p=18602#article\",\"isPartOf\":{\"@id\":\"https:\/\/colegioarquitectos.com\/noticias\/?p=18602\"},\"author\":{\"name\":\"Colegio de Arquitectos de Chile\",\"@id\":\"https:\/\/colegioarquitectos.com\/noticias\/#\/schema\/person\/685cc0aad148303c5608f049af8285ad\"},\"headline\":\"ELEA 2017: Estudiantes de arquitectura comparten sus experiencias con los ni\u00f1os de Calama.\",\"datePublished\":\"2017-10-23T14:14:04+00:00\",\"dateModified\":\"2017-10-23T14:14:04+00:00\",\"mainEntityOfPage\":{\"@id\":\"https:\/\/colegioarquitectos.com\/noticias\/?p=18602\"},\"wordCount\":374,\"publisher\":{\"@id\":\"https:\/\/colegioarquitectos.com\/noticias\/#organization\"},\"image\":{\"@id\":\"https:\/\/colegioarquitectos.com\/noticias\/?p=18602#primaryimage\"},\"thumbnailUrl\":\"https:\/\/colegioarquitectos.com\/noticias\/wp-content\/uploads\/2017\/10\/Imagen-ELEA.jpg\",\"articleSection\":[\"Noticias\"],\"inLanguage\":\"es\"},{\"@type\":\"WebPage\",\"@id\":\"https:\/\/colegioarquitectos.com\/noticias\/?p=18602\",\"url\":\"https:\/\/colegioarquitectos.com\/noticias\/?p=18602\",\"name\":\"ELEA 2017: Estudiantes de arquitectura comparten sus experiencias con los ni\u00f1os de Calama. - COLEGIO DE ARQUITECTOS DE CHILE\",\"isPartOf\":{\"@id\":\"https:\/\/colegioarquitectos.com\/noticias\/#website\"},\"primaryImageOfPage\":{\"@id\":\"https:\/\/colegioarquitectos.com\/noticias\/?p=18602#primaryimage\"},\"image\":{\"@id\":\"https:\/\/colegioarquitectos.com\/noticias\/?p=18602#primaryimage\"},\"thumbnailUrl\":\"https:\/\/colegioarquitectos.com\/noticias\/wp-content\/uploads\/2017\/10\/Imagen-ELEA.jpg\",\"datePublished\":\"2017-10-23T14:14:04+00:00\",\"dateModified\":\"2017-10-23T14:14:04+00:00\",\"breadcrumb\":{\"@id\":\"https:\/\/colegioarquitectos.com\/noticias\/?p=18602#breadcrumb\"},\"inLanguage\":\"es\",\"potentialAction\":[{\"@type\":\"ReadAction\",\"target\":[\"https:\/\/colegioarquitectos.com\/noticias\/?p=18602\"]}]},{\"@type\":\"ImageObject\",\"inLanguage\":\"es\",\"@id\":\"https:\/\/colegioarquitectos.com\/noticias\/?p=18602#primaryimage\",\"url\":\"https:\/\/colegioarquitectos.com\/noticias\/wp-content\/uploads\/2017\/10\/Imagen-ELEA.jpg\",\"contentUrl\":\"https:\/\/colegioarquitectos.com\/noticias\/wp-content\/uploads\/2017\/10\/Imagen-ELEA.jpg\",\"width\":690,\"height\":350},{\"@type\":\"BreadcrumbList\",\"@id\":\"https:\/\/colegioarquitectos.com\/noticias\/?p=18602#breadcrumb\",\"itemListElement\":[{\"@type\":\"ListItem\",\"position\":1,\"name\":\"Portada\",\"item\":\"https:\/\/colegioarquitectos.com\/noticias\"},{\"@type\":\"ListItem\",\"position\":2,\"name\":\"ELEA 2017: Estudiantes de arquitectura comparten sus experiencias con los ni\u00f1os de Calama.\"}]},{\"@type\":\"WebSite\",\"@id\":\"https:\/\/colegioarquitectos.com\/noticias\/#website\",\"url\":\"https:\/\/colegioarquitectos.com\/noticias\/\",\"name\":\"COLEGIO DE ARQUITECTOS DE CHILE\",\"description\":\"\",\"publisher\":{\"@id\":\"https:\/\/colegioarquitectos.com\/noticias\/#organization\"},\"potentialAction\":[{\"@type\":\"SearchAction\",\"target\":{\"@type\":\"EntryPoint\",\"urlTemplate\":\"https:\/\/colegioarquitectos.com\/noticias\/?s={search_term_string}\"},\"query-input\":{\"@type\":\"PropertyValueSpecification\",\"valueRequired\":true,\"valueName\":\"search_term_string\"}}],\"inLanguage\":\"es\"},{\"@type\":\"Organization\",\"@id\":\"https:\/\/colegioarquitectos.com\/noticias\/#organization\",\"name\":\"COLEGIO DE ARQUITECTOS DE CHILE\",\"url\":\"https:\/\/colegioarquitectos.com\/noticias\/\",\"logo\":{\"@type\":\"ImageObject\",\"inLanguage\":\"es\",\"@id\":\"https:\/\/colegioarquitectos.com\/noticias\/#\/schema\/logo\/image\/\",\"url\":\"https:\/\/colegioarquitectos.com\/noticias\/wp-content\/uploads\/2021\/05\/ENCABEZADO-LOGO-CA.jpg\",\"contentUrl\":\"https:\/\/colegioarquitectos.com\/noticias\/wp-content\/uploads\/2021\/05\/ENCABEZADO-LOGO-CA.jpg\",\"width\":690,\"height\":350,\"caption\":\"COLEGIO DE ARQUITECTOS DE CHILE\"},\"image\":{\"@id\":\"https:\/\/colegioarquitectos.com\/noticias\/#\/schema\/logo\/image\/\"},\"sameAs\":[\"https:\/\/facebook.com\/Colegioarq\/\",\"https:\/\/x.com\/colegioarq\",\"https:\/\/instagram.com\/colegioarq\",\"https:\/\/youtube.com\/@ColegiodeArquitectosdeChile\"]},{\"@type\":\"Person\",\"@id\":\"https:\/\/colegioarquitectos.com\/noticias\/#\/schema\/person\/685cc0aad148303c5608f049af8285ad\",\"name\":\"Colegio de Arquitectos de Chile\",\"url\":\"https:\/\/colegioarquitectos.com\/noticias\/?author=4\"}]}<\/script>\n<!-- \/ Yoast SEO plugin. -->","yoast_head_json":{"title":"ELEA 2017: Estudiantes de arquitectura comparten sus experiencias con los ni\u00f1os de Calama. - COLEGIO DE ARQUITECTOS DE CHILE","robots":{"index":"index","follow":"follow","max-snippet":"max-snippet:-1","max-image-preview":"max-image-preview:large","max-video-preview":"max-video-preview:-1"},"canonical":"https:\/\/colegioarquitectos.com\/noticias\/?p=18602","og_locale":"es_ES","og_type":"article","og_title":"ELEA 2017: Estudiantes de arquitectura comparten sus experiencias con los ni\u00f1os de Calama. - COLEGIO DE ARQUITECTOS DE CHILE","og_description":"El Encuentro Latinoamericano de Estudiantes de Arquitectura se realiza todos los a\u00f1os para establecer un intercambio cultural entre estudiantes, profesores y profesionales de toda la regi\u00f3n, desarrollando talleres, conferencias e intervenciones en una ciudad espec\u00edfica del cono sur. Este a\u00f1o, &hellip; ver m\u00e1s","og_url":"https:\/\/colegioarquitectos.com\/noticias\/?p=18602","og_site_name":"COLEGIO DE ARQUITECTOS DE CHILE","article_publisher":"https:\/\/facebook.com\/Colegioarq\/","article_published_time":"2017-10-23T14:14:04+00:00","og_image":[{"width":690,"height":350,"url":"https:\/\/colegioarquitectos.com\/noticias\/wp-content\/uploads\/2017\/10\/Imagen-ELEA.jpg","type":"image\/jpeg"}],"author":"Colegio de Arquitectos de Chile","twitter_card":"summary_large_image","twitter_creator":"@colegioarq","twitter_site":"@colegioarq","twitter_misc":{"Escrito por":"Colegio de Arquitectos de Chile","Tiempo de lectura":"2 minutos"},"schema":{"@context":"https:\/\/schema.org","@graph":[{"@type":"Article","@id":"https:\/\/colegioarquitectos.com\/noticias\/?p=18602#article","isPartOf":{"@id":"https:\/\/colegioarquitectos.com\/noticias\/?p=18602"},"author":{"name":"Colegio de Arquitectos de Chile","@id":"https:\/\/colegioarquitectos.com\/noticias\/#\/schema\/person\/685cc0aad148303c5608f049af8285ad"},"headline":"ELEA 2017: Estudiantes de arquitectura comparten sus experiencias con los ni\u00f1os de Calama.","datePublished":"2017-10-23T14:14:04+00:00","dateModified":"2017-10-23T14:14:04+00:00","mainEntityOfPage":{"@id":"https:\/\/colegioarquitectos.com\/noticias\/?p=18602"},"wordCount":374,"publisher":{"@id":"https:\/\/colegioarquitectos.com\/noticias\/#organization"},"image":{"@id":"https:\/\/colegioarquitectos.com\/noticias\/?p=18602#primaryimage"},"thumbnailUrl":"https:\/\/colegioarquitectos.com\/noticias\/wp-content\/uploads\/2017\/10\/Imagen-ELEA.jpg","articleSection":["Noticias"],"inLanguage":"es"},{"@type":"WebPage","@id":"https:\/\/colegioarquitectos.com\/noticias\/?p=18602","url":"https:\/\/colegioarquitectos.com\/noticias\/?p=18602","name":"ELEA 2017: Estudiantes de arquitectura comparten sus experiencias con los ni\u00f1os de Calama. - COLEGIO DE ARQUITECTOS DE CHILE","isPartOf":{"@id":"https:\/\/colegioarquitectos.com\/noticias\/#website"},"primaryImageOfPage":{"@id":"https:\/\/colegioarquitectos.com\/noticias\/?p=18602#primaryimage"},"image":{"@id":"https:\/\/colegioarquitectos.com\/noticias\/?p=18602#primaryimage"},"thumbnailUrl":"https:\/\/colegioarquitectos.com\/noticias\/wp-content\/uploads\/2017\/10\/Imagen-ELEA.jpg","datePublished":"2017-10-23T14:14:04+00:00","dateModified":"2017-10-23T14:14:04+00:00","breadcrumb":{"@id":"https:\/\/colegioarquitectos.com\/noticias\/?p=18602#breadcrumb"},"inLanguage":"es","potentialAction":[{"@type":"ReadAction","target":["https:\/\/colegioarquitectos.com\/noticias\/?p=18602"]}]},{"@type":"ImageObject","inLanguage":"es","@id":"https:\/\/colegioarquitectos.com\/noticias\/?p=18602#primaryimage","url":"https:\/\/colegioarquitectos.com\/noticias\/wp-content\/uploads\/2017\/10\/Imagen-ELEA.jpg","contentUrl":"https:\/\/colegioarquitectos.com\/noticias\/wp-content\/uploads\/2017\/10\/Imagen-ELEA.jpg","width":690,"height":350},{"@type":"BreadcrumbList","@id":"https:\/\/colegioarquitectos.com\/noticias\/?p=18602#breadcrumb","itemListElement":[{"@type":"ListItem","position":1,"name":"Portada","item":"https:\/\/colegioarquitectos.com\/noticias"},{"@type":"ListItem","position":2,"name":"ELEA 2017: Estudiantes de arquitectura comparten sus experiencias con los ni\u00f1os de Calama."}]},{"@type":"WebSite","@id":"https:\/\/colegioarquitectos.com\/noticias\/#website","url":"https:\/\/colegioarquitectos.com\/noticias\/","name":"COLEGIO DE ARQUITECTOS DE CHILE","description":"","publisher":{"@id":"https:\/\/colegioarquitectos.com\/noticias\/#organization"},"potentialAction":[{"@type":"SearchAction","target":{"@type":"EntryPoint","urlTemplate":"https:\/\/colegioarquitectos.com\/noticias\/?s={search_term_string}"},"query-input":{"@type":"PropertyValueSpecification","valueRequired":true,"valueName":"search_term_string"}}],"inLanguage":"es"},{"@type":"Organization","@id":"https:\/\/colegioarquitectos.com\/noticias\/#organization","name":"COLEGIO DE ARQUITECTOS DE CHILE","url":"https:\/\/colegioarquitectos.com\/noticias\/","logo":{"@type":"ImageObject","inLanguage":"es","@id":"https:\/\/colegioarquitectos.com\/noticias\/#\/schema\/logo\/image\/","url":"https:\/\/colegioarquitectos.com\/noticias\/wp-content\/uploads\/2021\/05\/ENCABEZADO-LOGO-CA.jpg","contentUrl":"https:\/\/colegioarquitectos.com\/noticias\/wp-content\/uploads\/2021\/05\/ENCABEZADO-LOGO-CA.jpg","width":690,"height":350,"caption":"COLEGIO DE ARQUITECTOS DE CHILE"},"image":{"@id":"https:\/\/colegioarquitectos.com\/noticias\/#\/schema\/logo\/image\/"},"sameAs":["https:\/\/facebook.com\/Colegioarq\/","https:\/\/x.com\/colegioarq","https:\/\/instagram.com\/colegioarq","https:\/\/youtube.com\/@ColegiodeArquitectosdeChile"]},{"@type":"Person","@id":"https:\/\/colegioarquitectos.com\/noticias\/#\/schema\/person\/685cc0aad148303c5608f049af8285ad","name":"Colegio de Arquitectos de Chile","url":"https:\/\/colegioarquitectos.com\/noticias\/?author=4"}]}},"_links":{"self":[{"href":"https:\/\/colegioarquitectos.com\/noticias\/index.php?rest_route=\/wp\/v2\/posts\/18602","targetHints":{"allow":["GET"]}}],"collection":[{"href":"https:\/\/colegioarquitectos.com\/noticias\/index.php?rest_route=\/wp\/v2\/posts"}],"about":[{"href":"https:\/\/colegioarquitectos.com\/noticias\/index.php?rest_route=\/wp\/v2\/types\/post"}],"author":[{"embeddable":true,"href":"https:\/\/colegioarquitectos.com\/noticias\/index.php?rest_route=\/wp\/v2\/users\/4"}],"replies":[{"embeddable":true,"href":"https:\/\/colegioarquitectos.com\/noticias\/index.php?rest_route=%2Fwp%2Fv2%2Fcomments&post=18602"}],"version-history":[{"count":0,"href":"https:\/\/colegioarquitectos.com\/noticias\/index.php?rest_route=\/wp\/v2\/posts\/18602\/revisions"}],"wp:featuredmedia":[{"embeddable":true,"href":"https:\/\/colegioarquitectos.com\/noticias\/index.php?rest_route=\/wp\/v2\/media\/18608"}],"wp:attachment":[{"href":"https:\/\/colegioarquitectos.com\/noticias\/index.php?rest_route=%2Fwp%2Fv2%2Fmedia&parent=18602"}],"wp:term":[{"taxonomy":"category","embeddable":true,"href":"https:\/\/colegioarquitectos.com\/noticias\/index.php?rest_route=%2Fwp%2Fv2%2Fcategories&post=18602"},{"taxonomy":"post_tag","embeddable":true,"href":"https:\/\/colegioarquitectos.com\/noticias\/index.php?rest_route=%2Fwp%2Fv2%2Ftags&post=18602"}],"curies":[{"name":"wp","href":"https:\/\/api.w.org\/{rel}","templated":true}]}}