
{"id":18610,"date":"2017-10-19T14:18:20","date_gmt":"2017-10-19T14:18:20","guid":{"rendered":"http:\/\/colegioarquitectos.com\/?p=18610"},"modified":"2017-10-23T17:47:28","modified_gmt":"2017-10-23T17:47:28","slug":"los-proyectos-ganadores-del-concurso-proyectar-a-conciencia","status":"publish","type":"post","link":"https:\/\/colegioarquitectos.com\/noticias\/?p=18610","title":{"rendered":"Los proyectos ganadores del concurso \u00abProyectar a conciencia\u00bb"},"content":{"rendered":"<p>Los arquitectos Yves Besan\u00e7on, Enrique Browne (Premio Nacional de Arquitectura 2010), Gonzalo Mardones, Pilar Urrejola (ex Presidenta del Colegio de Arquitectos), Pablo Larra\u00edn (Presidente de la Asociaci\u00f3n de Oficinas de Arquitectos), Emilio de la Cerda (Director Escuela de Arquitectura Pontificia Universidad Cat\u00f3lica), Alberto Fern\u00e1ndez (Director Escuela de Arquitectura Universidad de Chile), Marcelo Huenchu\u00f1ir (Consultor energ\u00e9tico Pasive Haus), Pola Mora (Directora de Contenidos ArchDaily en Espa\u00f1ol)\u00a0e Ivan Hildebrandt, se reunieron como jurado de la primera versi\u00f3n del concurso \u00abProyectar a conciencia\u00bb a evaluar las propuestas recibidas y elegir los proyectos ganadores.<\/p>\n<p>\u00abProyectar a Conciencia\u00bb de STO y patrocinado por el Colegio de Arquitectos de Chile, constituye un esfuerzo relevante por vincular el campo de la eficiencia energ\u00e9tica, el mundo de la industria y la innovaci\u00f3n en arquitectura, abriendo el debate acerca de c\u00f3mo intervenir estructuras preexistentes en la ciudad con sistemas que no s\u00f3lo mejoren su desempe\u00f1o energ\u00e9tico, sino que sean capaces de sumar valor a sus condiciones urbanas originales. Entender la integridad de todo proyecto de arquitectura por sobre demandas t\u00e9cnicas espec\u00edficas con una mirada pertinente acerca del desaf\u00edo que supone maniobrar con preexistencias en contextos de ajustes normativos o nuevas demandas sociales.<\/p>\n<p>\u00abProyectar a conciencia es un concurso sobre el entendimiento de la Sustentabilidad en el Siglo XXI en l\u00ednea con el compromiso de proyectar obras que sean verdaderamente sostenibles tanto en su construcci\u00f3n como en su operaci\u00f3n, es un imperativo que los Arquitectos deben aplicar en sus proyectos, en la ense\u00f1anza universitaria y en los cargos de gobierno que corresponda enfrentar en los pr\u00f3ximos a\u00f1os\u201d, explica\u00a0Yves Besancon, Director del concurso. Agrega que para alcanzar metas serias para la mitigaci\u00f3n de gases de invernadero, como las impuestas por el COP21, el Protocolo de Kyoto o las metas europeas 2020 \u00abes urgente mejorar energ\u00e9ticamente lo existente, pues la energ\u00eda m\u00e1s limpia, m\u00e1s sustentable o m\u00e1s verde, es la que uno en primera instancia necesita\u201d.<\/p>\n<p>&nbsp;<\/p>\n<p><em>El jurado decide al ganador del concurso\u00a0<\/em><\/p>\n\n\t\t<style type=\"text\/css\">\n\t\t\t#gallery-1 {\n\t\t\t\tmargin: auto;\n\t\t\t}\n\t\t\t#gallery-1 .gallery-item {\n\t\t\t\tfloat: left;\n\t\t\t\tmargin-top: 10px;\n\t\t\t\ttext-align: center;\n\t\t\t\twidth: 33%;\n\t\t\t}\n\t\t\t#gallery-1 img {\n\t\t\t\tborder: 2px solid #cfcfcf;\n\t\t\t}\n\t\t\t#gallery-1 .gallery-caption {\n\t\t\t\tmargin-left: 0;\n\t\t\t}\n\t\t\t\/* see gallery_shortcode() in wp-includes\/media.php *\/\n\t\t<\/style>\n\t\t<div id='gallery-1' class='gallery galleryid-18610 gallery-columns-3 gallery-size-thumbnail'><dl class='gallery-item'>\n\t\t\t<dt class='gallery-icon landscape'>\n\t\t\t\t<a href='https:\/\/colegioarquitectos.com\/noticias\/?attachment_id=18622'><img loading=\"lazy\" decoding=\"async\" width=\"180\" height=\"180\" src=\"https:\/\/colegioarquitectos.com\/noticias\/wp-content\/uploads\/2017\/10\/Concurso-STO-2720-180x180.jpg\" class=\"attachment-thumbnail size-thumbnail\" alt=\"\" \/><\/a>\n\t\t\t<\/dt><\/dl><dl class='gallery-item'>\n\t\t\t<dt class='gallery-icon landscape'>\n\t\t\t\t<a href='https:\/\/colegioarquitectos.com\/noticias\/?attachment_id=18623'><img loading=\"lazy\" decoding=\"async\" width=\"180\" height=\"180\" src=\"https:\/\/colegioarquitectos.com\/noticias\/wp-content\/uploads\/2017\/10\/Concurso-STO-2762-180x180.jpg\" class=\"attachment-thumbnail size-thumbnail\" alt=\"\" \/><\/a>\n\t\t\t<\/dt><\/dl><dl class='gallery-item'>\n\t\t\t<dt class='gallery-icon landscape'>\n\t\t\t\t<a href='https:\/\/colegioarquitectos.com\/noticias\/?attachment_id=18624'><img loading=\"lazy\" decoding=\"async\" width=\"180\" height=\"180\" src=\"https:\/\/colegioarquitectos.com\/noticias\/wp-content\/uploads\/2017\/10\/Concurso-STO-2784-180x180.jpg\" class=\"attachment-thumbnail size-thumbnail\" alt=\"\" aria-describedby=\"gallery-1-18624\" \/><\/a>\n\t\t\t<\/dt>\n\t\t\t\t<dd class='wp-caption-text gallery-caption' id='gallery-1-18624'>\n\t\t\t\tGonzalo Mardones, Pilar Urrejola, Pola Mora y Emilio de la Cerda\n\t\t\t\t<\/dd><\/dl><br style=\"clear: both\" \/><dl class='gallery-item'>\n\t\t\t<dt class='gallery-icon landscape'>\n\t\t\t\t<a href='https:\/\/colegioarquitectos.com\/noticias\/?attachment_id=18625'><img loading=\"lazy\" decoding=\"async\" width=\"180\" height=\"180\" src=\"https:\/\/colegioarquitectos.com\/noticias\/wp-content\/uploads\/2017\/10\/Concurso-STO-2802-180x180.jpg\" class=\"attachment-thumbnail size-thumbnail\" alt=\"\" aria-describedby=\"gallery-1-18625\" \/><\/a>\n\t\t\t<\/dt>\n\t\t\t\t<dd class='wp-caption-text gallery-caption' id='gallery-1-18625'>\n\t\t\t\tPilar Urrejola \n\t\t\t\t<\/dd><\/dl><dl class='gallery-item'>\n\t\t\t<dt class='gallery-icon landscape'>\n\t\t\t\t<a href='https:\/\/colegioarquitectos.com\/noticias\/?attachment_id=18626'><img loading=\"lazy\" decoding=\"async\" width=\"180\" height=\"180\" src=\"https:\/\/colegioarquitectos.com\/noticias\/wp-content\/uploads\/2017\/10\/Concurso-STO-2866-180x180.jpg\" class=\"attachment-thumbnail size-thumbnail\" alt=\"\" \/><\/a>\n\t\t\t<\/dt><\/dl><dl class='gallery-item'>\n\t\t\t<dt class='gallery-icon landscape'>\n\t\t\t\t<a href='https:\/\/colegioarquitectos.com\/noticias\/?attachment_id=18627'><img loading=\"lazy\" decoding=\"async\" width=\"180\" height=\"180\" src=\"https:\/\/colegioarquitectos.com\/noticias\/wp-content\/uploads\/2017\/10\/Concurso-STO-2873-180x180.jpg\" class=\"attachment-thumbnail size-thumbnail\" alt=\"\" aria-describedby=\"gallery-1-18627\" \/><\/a>\n\t\t\t<\/dt>\n\t\t\t\t<dd class='wp-caption-text gallery-caption' id='gallery-1-18627'>\n\t\t\t\tNicol\u00e1s Schultz\n\t\t\t\t<\/dd><\/dl><br style=\"clear: both\" \/><dl class='gallery-item'>\n\t\t\t<dt class='gallery-icon portrait'>\n\t\t\t\t<a href='https:\/\/colegioarquitectos.com\/noticias\/?attachment_id=18628'><img loading=\"lazy\" decoding=\"async\" width=\"180\" height=\"180\" src=\"https:\/\/colegioarquitectos.com\/noticias\/wp-content\/uploads\/2017\/10\/Concurso-STO-2875-180x180.jpg\" class=\"attachment-thumbnail size-thumbnail\" alt=\"\" aria-describedby=\"gallery-1-18628\" \/><\/a>\n\t\t\t<\/dt>\n\t\t\t\t<dd class='wp-caption-text gallery-caption' id='gallery-1-18628'>\n\t\t\t\tEmilio de la Cerda \n\t\t\t\t<\/dd><\/dl><dl class='gallery-item'>\n\t\t\t<dt class='gallery-icon portrait'>\n\t\t\t\t<a href='https:\/\/colegioarquitectos.com\/noticias\/?attachment_id=18629'><img loading=\"lazy\" decoding=\"async\" width=\"180\" height=\"180\" src=\"https:\/\/colegioarquitectos.com\/noticias\/wp-content\/uploads\/2017\/10\/Concurso-STO-2877-180x180.jpg\" class=\"attachment-thumbnail size-thumbnail\" alt=\"\" aria-describedby=\"gallery-1-18629\" \/><\/a>\n\t\t\t<\/dt>\n\t\t\t\t<dd class='wp-caption-text gallery-caption' id='gallery-1-18629'>\n\t\t\t\tIv\u00e1n Hildebrandt\n\t\t\t\t<\/dd><\/dl><dl class='gallery-item'>\n\t\t\t<dt class='gallery-icon portrait'>\n\t\t\t\t<a href='https:\/\/colegioarquitectos.com\/noticias\/?attachment_id=18630'><img loading=\"lazy\" decoding=\"async\" width=\"180\" height=\"180\" src=\"https:\/\/colegioarquitectos.com\/noticias\/wp-content\/uploads\/2017\/10\/Concurso-STO-2878-180x180.jpg\" class=\"attachment-thumbnail size-thumbnail\" alt=\"\" aria-describedby=\"gallery-1-18630\" \/><\/a>\n\t\t\t<\/dt>\n\t\t\t\t<dd class='wp-caption-text gallery-caption' id='gallery-1-18630'>\n\t\t\t\tAlberto Fern\u00e1ndez \n\t\t\t\t<\/dd><\/dl><br style=\"clear: both\" \/><dl class='gallery-item'>\n\t\t\t<dt class='gallery-icon portrait'>\n\t\t\t\t<a href='https:\/\/colegioarquitectos.com\/noticias\/?attachment_id=18631'><img loading=\"lazy\" decoding=\"async\" width=\"180\" height=\"180\" src=\"https:\/\/colegioarquitectos.com\/noticias\/wp-content\/uploads\/2017\/10\/Concurso-STO-2908-180x180.jpg\" class=\"attachment-thumbnail size-thumbnail\" alt=\"\" aria-describedby=\"gallery-1-18631\" \/><\/a>\n\t\t\t<\/dt>\n\t\t\t\t<dd class='wp-caption-text gallery-caption' id='gallery-1-18631'>\n\t\t\t\tYves Besan\u00e7on\n\t\t\t\t<\/dd><\/dl>\n\t\t\t<br style='clear: both' \/>\n\t\t<\/div>\n\n<p>\u201cLa pr\u00e1ctica de mejorar lo existente tiene muchas lecturas. La m\u00e1s interesante es que no solamente es una sustancial manera de mejorar nuestro entorno, sino que tambi\u00e9n es un leg\u00edtimo camino de crecimiento profesional y econ\u00f3mico\u201d, dice\u00a0Nicolas Schultz, Gerente de Productos Sto y Coordinador General del concurso.<\/p>\n<p>El concursante debi\u00f3 preguntarse: \u00bfSobre qu\u00e9 tipo de edificaci\u00f3n es m\u00e1s importante comenzar a trabajar? \u00bfEs necesario modificar la relaci\u00f3n que existe entre las superficies vidriadas y opacas de su envolvente t\u00e9rmica? Adem\u00e1s de la mejora en su comportamiento energ\u00e9tico gracias a la resoluci\u00f3n t\u00e9cnica de su fachada \u00bfqu\u00e9 mejoras arquitect\u00f3nicas a nivel individual y urbano se pueden lograr? \u00bfEs posible concretar todo esto con los sistemas pasivos de aislaci\u00f3n t\u00e9rmica de muros StoTherm o es necesario complementar esta medida con otras soluciones pasivas, como por ejemplo las que disminuyen las ganancias por radiaci\u00f3n solar o la aislaci\u00f3n t\u00e9rmica de cubiertas?<\/p>\n<p>&nbsp;<\/p>\n<p><strong>Fallo y ganadores<\/strong><\/p>\n<p>El jurado discuti\u00f3 los criterios seg\u00fan los cuales se evaluar\u00edan los proyectos con el fin de definir un marco de referencia para la elecci\u00f3n de los proyectos premiados que fuese consecuente con las bases del concurso:<\/p>\n<p>&#8211; POTENCIAL URBANO. Elecci\u00f3n del caso a intervenir y c\u00f3mo la propuesta logra potenciar las condiciones existentes del edificio y su contexto.<\/p>\n<p>&#8211; POTENCIAL ARQUITECT\u00d3NICO. Calidad arquitect\u00f3nica de la intervenci\u00f3n y potencial t\u00e9cnico y est\u00e9tico del uso del material propuesto.<\/p>\n<p>&#8211; POTENCIAL ENERG\u00c9TICO. Estrategia energ\u00e9tica propuesta y de qu\u00e9 manera esta es capaz de combinarse con t\u00e9cnicas pasivas.<\/p>\n<p>Con estos criterios, el jurado defini\u00f3 una segunda sesi\u00f3n en la que el experto en temas energ\u00e9ticos, Marcelo Huenchu\u00f1ir entreg\u00f3 su visi\u00f3n t\u00e9cnica respecto a cada uno de los proyectos y cada miembro del jurado pudo entregar sus observaciones respecto a las propuestas arquitect\u00f3nicas.<\/p>\n<p>Finalizada la exposici\u00f3n de posturas de cada miembro del jurado respecto a las diferentes propuestas recibidas, se defini\u00f3 entregar dos menciones honoras adem\u00e1s del primero, segundo y tercer lugar:<\/p>\n<p>&nbsp;<\/p>\n<p><strong>Primer Premio<\/strong><\/p>\n<p><em>Edificio REVAL &#8211; Estudio de Arquitectura NO.OFF (Alvar Felez Fernandez Vega, Enzo Piero Vergara Vaccia y Sebastian Eduardo Fredes Lambert)<\/em><\/p>\n\n\t\t<style type=\"text\/css\">\n\t\t\t#gallery-2 {\n\t\t\t\tmargin: auto;\n\t\t\t}\n\t\t\t#gallery-2 .gallery-item {\n\t\t\t\tfloat: left;\n\t\t\t\tmargin-top: 10px;\n\t\t\t\ttext-align: center;\n\t\t\t\twidth: 33%;\n\t\t\t}\n\t\t\t#gallery-2 img {\n\t\t\t\tborder: 2px solid #cfcfcf;\n\t\t\t}\n\t\t\t#gallery-2 .gallery-caption {\n\t\t\t\tmargin-left: 0;\n\t\t\t}\n\t\t\t\/* see gallery_shortcode() in wp-includes\/media.php *\/\n\t\t<\/style>\n\t\t<div id='gallery-2' class='gallery galleryid-18610 gallery-columns-3 gallery-size-thumbnail'><dl class='gallery-item'>\n\t\t\t<dt class='gallery-icon portrait'>\n\t\t\t\t<a href='https:\/\/colegioarquitectos.com\/noticias\/?attachment_id=18634'><img loading=\"lazy\" decoding=\"async\" width=\"180\" height=\"180\" src=\"https:\/\/colegioarquitectos.com\/noticias\/wp-content\/uploads\/2017\/10\/1-180x180.jpg\" class=\"attachment-thumbnail size-thumbnail\" alt=\"\" \/><\/a>\n\t\t\t<\/dt><\/dl><dl class='gallery-item'>\n\t\t\t<dt class='gallery-icon portrait'>\n\t\t\t\t<a href='https:\/\/colegioarquitectos.com\/noticias\/?attachment_id=18635'><img loading=\"lazy\" decoding=\"async\" width=\"180\" height=\"180\" src=\"https:\/\/colegioarquitectos.com\/noticias\/wp-content\/uploads\/2017\/10\/2-180x180.jpg\" class=\"attachment-thumbnail size-thumbnail\" alt=\"\" \/><\/a>\n\t\t\t<\/dt><\/dl><dl class='gallery-item'>\n\t\t\t<dt class='gallery-icon landscape'>\n\t\t\t\t<a href='https:\/\/colegioarquitectos.com\/noticias\/?attachment_id=18636'><img loading=\"lazy\" decoding=\"async\" width=\"180\" height=\"180\" src=\"https:\/\/colegioarquitectos.com\/noticias\/wp-content\/uploads\/2017\/10\/3-180x180.jpg\" class=\"attachment-thumbnail size-thumbnail\" alt=\"\" \/><\/a>\n\t\t\t<\/dt><\/dl><br style=\"clear: both\" \/><dl class='gallery-item'>\n\t\t\t<dt class='gallery-icon landscape'>\n\t\t\t\t<a href='https:\/\/colegioarquitectos.com\/noticias\/?attachment_id=18637'><img loading=\"lazy\" decoding=\"async\" width=\"180\" height=\"180\" src=\"https:\/\/colegioarquitectos.com\/noticias\/wp-content\/uploads\/2017\/10\/4-180x180.jpg\" class=\"attachment-thumbnail size-thumbnail\" alt=\"\" \/><\/a>\n\t\t\t<\/dt><\/dl><dl class='gallery-item'>\n\t\t\t<dt class='gallery-icon landscape'>\n\t\t\t\t<a href='https:\/\/colegioarquitectos.com\/noticias\/?attachment_id=18638'><img loading=\"lazy\" decoding=\"async\" width=\"180\" height=\"180\" src=\"https:\/\/colegioarquitectos.com\/noticias\/wp-content\/uploads\/2017\/10\/5-180x180.jpg\" class=\"attachment-thumbnail size-thumbnail\" alt=\"\" \/><\/a>\n\t\t\t<\/dt><\/dl><dl class='gallery-item'>\n\t\t\t<dt class='gallery-icon landscape'>\n\t\t\t\t<a href='https:\/\/colegioarquitectos.com\/noticias\/?attachment_id=18639'><img loading=\"lazy\" decoding=\"async\" width=\"180\" height=\"180\" src=\"https:\/\/colegioarquitectos.com\/noticias\/wp-content\/uploads\/2017\/10\/6-180x180.jpg\" class=\"attachment-thumbnail size-thumbnail\" alt=\"\" \/><\/a>\n\t\t\t<\/dt><\/dl><br style=\"clear: both\" \/>\n\t\t<\/div>\n\n<p>&nbsp;<\/p>\n<p>Se valora la fundamentaci\u00f3n en plata y un an\u00e1lisis solar s\u00f3lida que justifican las operaciones de intervenci\u00f3n en fachada. El jurado estim\u00f3 que la propuesta era clara y rotunda, centr\u00e1ndose en la dotaci\u00f3n de distintos espesores y composici\u00f3n de vanos para dar una respuesta de mayor eficiencia energ\u00e9tica que la condici\u00f3n actual del edifico. Se consider\u00f3 adem\u00e1s que la intervenci\u00f3n es audaz y logra responder a los tiempos actuales, proponiendo adem\u00e1s una mixtura de uso habitacional y de oficinas.<\/p>\n<p>&nbsp;<\/p>\n<p><strong>Segundo Premio:<\/strong><\/p>\n<p><em>Club de la Uni\u00f3n Valdivia &#8211; GMVJGH arquitectos (GUILLERMO M\u00dcLLER VIDELA, JOSEFINA GALLARDO HERRERA)<\/em><\/p>\n\n\t\t<style type=\"text\/css\">\n\t\t\t#gallery-3 {\n\t\t\t\tmargin: auto;\n\t\t\t}\n\t\t\t#gallery-3 .gallery-item {\n\t\t\t\tfloat: left;\n\t\t\t\tmargin-top: 10px;\n\t\t\t\ttext-align: center;\n\t\t\t\twidth: 33%;\n\t\t\t}\n\t\t\t#gallery-3 img {\n\t\t\t\tborder: 2px solid #cfcfcf;\n\t\t\t}\n\t\t\t#gallery-3 .gallery-caption {\n\t\t\t\tmargin-left: 0;\n\t\t\t}\n\t\t\t\/* see gallery_shortcode() in wp-includes\/media.php *\/\n\t\t<\/style>\n\t\t<div id='gallery-3' class='gallery galleryid-18610 gallery-columns-3 gallery-size-thumbnail'><dl class='gallery-item'>\n\t\t\t<dt class='gallery-icon landscape'>\n\t\t\t\t<a href='https:\/\/colegioarquitectos.com\/noticias\/?attachment_id=18640'><img loading=\"lazy\" decoding=\"async\" width=\"180\" height=\"180\" src=\"https:\/\/colegioarquitectos.com\/noticias\/wp-content\/uploads\/2017\/10\/1-1-180x180.jpg\" class=\"attachment-thumbnail size-thumbnail\" alt=\"\" srcset=\"https:\/\/colegioarquitectos.com\/noticias\/wp-content\/uploads\/2017\/10\/1-1-180x180.jpg 180w, https:\/\/colegioarquitectos.com\/noticias\/wp-content\/uploads\/2017\/10\/1-1-300x300.jpg 300w, https:\/\/colegioarquitectos.com\/noticias\/wp-content\/uploads\/2017\/10\/1-1.jpg 601w\" sizes=\"auto, (max-width: 180px) 100vw, 180px\" \/><\/a>\n\t\t\t<\/dt><\/dl><dl class='gallery-item'>\n\t\t\t<dt class='gallery-icon landscape'>\n\t\t\t\t<a href='https:\/\/colegioarquitectos.com\/noticias\/?attachment_id=18641'><img loading=\"lazy\" decoding=\"async\" width=\"180\" height=\"180\" src=\"https:\/\/colegioarquitectos.com\/noticias\/wp-content\/uploads\/2017\/10\/2-1-180x180.jpg\" class=\"attachment-thumbnail size-thumbnail\" alt=\"\" srcset=\"https:\/\/colegioarquitectos.com\/noticias\/wp-content\/uploads\/2017\/10\/2-1-180x180.jpg 180w, https:\/\/colegioarquitectos.com\/noticias\/wp-content\/uploads\/2017\/10\/2-1-300x300.jpg 300w, https:\/\/colegioarquitectos.com\/noticias\/wp-content\/uploads\/2017\/10\/2-1.jpg 600w\" sizes=\"auto, (max-width: 180px) 100vw, 180px\" \/><\/a>\n\t\t\t<\/dt><\/dl><dl class='gallery-item'>\n\t\t\t<dt class='gallery-icon landscape'>\n\t\t\t\t<a href='https:\/\/colegioarquitectos.com\/noticias\/?attachment_id=18642'><img loading=\"lazy\" decoding=\"async\" width=\"180\" height=\"180\" src=\"https:\/\/colegioarquitectos.com\/noticias\/wp-content\/uploads\/2017\/10\/3-1-180x180.jpg\" class=\"attachment-thumbnail size-thumbnail\" alt=\"\" \/><\/a>\n\t\t\t<\/dt><\/dl><br style=\"clear: both\" \/><dl class='gallery-item'>\n\t\t\t<dt class='gallery-icon landscape'>\n\t\t\t\t<a href='https:\/\/colegioarquitectos.com\/noticias\/?attachment_id=18643'><img loading=\"lazy\" decoding=\"async\" width=\"180\" height=\"180\" src=\"https:\/\/colegioarquitectos.com\/noticias\/wp-content\/uploads\/2017\/10\/4-1-180x180.jpg\" class=\"attachment-thumbnail size-thumbnail\" alt=\"\" \/><\/a>\n\t\t\t<\/dt><\/dl><dl class='gallery-item'>\n\t\t\t<dt class='gallery-icon landscape'>\n\t\t\t\t<a href='https:\/\/colegioarquitectos.com\/noticias\/?attachment_id=18644'><img loading=\"lazy\" decoding=\"async\" width=\"180\" height=\"180\" src=\"https:\/\/colegioarquitectos.com\/noticias\/wp-content\/uploads\/2017\/10\/5-1-180x180.jpg\" class=\"attachment-thumbnail size-thumbnail\" alt=\"\" \/><\/a>\n\t\t\t<\/dt><\/dl><dl class='gallery-item'>\n\t\t\t<dt class='gallery-icon portrait'>\n\t\t\t\t<a href='https:\/\/colegioarquitectos.com\/noticias\/?attachment_id=18645'><img loading=\"lazy\" decoding=\"async\" width=\"180\" height=\"180\" src=\"https:\/\/colegioarquitectos.com\/noticias\/wp-content\/uploads\/2017\/10\/6-1-180x180.jpg\" class=\"attachment-thumbnail size-thumbnail\" alt=\"\" \/><\/a>\n\t\t\t<\/dt><\/dl><br style=\"clear: both\" \/><dl class='gallery-item'>\n\t\t\t<dt class='gallery-icon portrait'>\n\t\t\t\t<a href='https:\/\/colegioarquitectos.com\/noticias\/?attachment_id=18646'><img loading=\"lazy\" decoding=\"async\" width=\"180\" height=\"180\" src=\"https:\/\/colegioarquitectos.com\/noticias\/wp-content\/uploads\/2017\/10\/7-180x180.jpg\" class=\"attachment-thumbnail size-thumbnail\" alt=\"\" \/><\/a>\n\t\t\t<\/dt><\/dl><dl class='gallery-item'>\n\t\t\t<dt class='gallery-icon portrait'>\n\t\t\t\t<a href='https:\/\/colegioarquitectos.com\/noticias\/?attachment_id=18647'><img loading=\"lazy\" decoding=\"async\" width=\"180\" height=\"180\" src=\"https:\/\/colegioarquitectos.com\/noticias\/wp-content\/uploads\/2017\/10\/8-180x180.jpg\" class=\"attachment-thumbnail size-thumbnail\" alt=\"\" \/><\/a>\n\t\t\t<\/dt><\/dl><dl class='gallery-item'>\n\t\t\t<dt class='gallery-icon portrait'>\n\t\t\t\t<a href='https:\/\/colegioarquitectos.com\/noticias\/?attachment_id=18648'><img loading=\"lazy\" decoding=\"async\" width=\"180\" height=\"180\" src=\"https:\/\/colegioarquitectos.com\/noticias\/wp-content\/uploads\/2017\/10\/9-180x180.jpg\" class=\"attachment-thumbnail size-thumbnail\" alt=\"\" \/><\/a>\n\t\t\t<\/dt><\/dl><br style=\"clear: both\" \/>\n\t\t<\/div>\n\n<p>Si bien gener\u00f3 gran discrepancia entre los miembros del jurado, este proyecto fue el que recibi\u00f3 mayor cantidad de votos despu\u00e9s del primer lugar. Quienes le dieron su voto argumentaron que la intervenci\u00f3n de su fachada no s\u00f3lo mejora las condiciones al interior del edificio, sino que adem\u00e1s impacta positivamente su entorno urbano inmediato. Se valora adem\u00e1s la audacia para llevar a lenguaje contempor\u00e1neo un estilo de car\u00e1cter neocl\u00e1sico.<\/p>\n<p>&nbsp;<\/p>\n<p><strong>Tercer Premio: <\/strong><\/p>\n<p><em>Edificio Elena Blanco &#8211; Mari Itzel Paz Mel\u00e9ndez y Samuel Alejandro Negrete Bedoya<\/em><\/p>\n\n\t\t<style type=\"text\/css\">\n\t\t\t#gallery-4 {\n\t\t\t\tmargin: auto;\n\t\t\t}\n\t\t\t#gallery-4 .gallery-item {\n\t\t\t\tfloat: left;\n\t\t\t\tmargin-top: 10px;\n\t\t\t\ttext-align: center;\n\t\t\t\twidth: 33%;\n\t\t\t}\n\t\t\t#gallery-4 img {\n\t\t\t\tborder: 2px solid #cfcfcf;\n\t\t\t}\n\t\t\t#gallery-4 .gallery-caption {\n\t\t\t\tmargin-left: 0;\n\t\t\t}\n\t\t\t\/* see gallery_shortcode() in wp-includes\/media.php *\/\n\t\t<\/style>\n\t\t<div id='gallery-4' class='gallery galleryid-18610 gallery-columns-3 gallery-size-thumbnail'><dl class='gallery-item'>\n\t\t\t<dt class='gallery-icon landscape'>\n\t\t\t\t<a href='https:\/\/colegioarquitectos.com\/noticias\/?attachment_id=18650'><img loading=\"lazy\" decoding=\"async\" width=\"180\" height=\"180\" src=\"https:\/\/colegioarquitectos.com\/noticias\/wp-content\/uploads\/2017\/10\/2-2-180x180.jpg\" class=\"attachment-thumbnail size-thumbnail\" alt=\"\" \/><\/a>\n\t\t\t<\/dt><\/dl><dl class='gallery-item'>\n\t\t\t<dt class='gallery-icon landscape'>\n\t\t\t\t<a href='https:\/\/colegioarquitectos.com\/noticias\/?attachment_id=18651'><img loading=\"lazy\" decoding=\"async\" width=\"180\" height=\"180\" src=\"https:\/\/colegioarquitectos.com\/noticias\/wp-content\/uploads\/2017\/10\/3-2-180x180.jpg\" class=\"attachment-thumbnail size-thumbnail\" alt=\"\" \/><\/a>\n\t\t\t<\/dt><\/dl><dl class='gallery-item'>\n\t\t\t<dt class='gallery-icon landscape'>\n\t\t\t\t<a href='https:\/\/colegioarquitectos.com\/noticias\/?attachment_id=18652'><img loading=\"lazy\" decoding=\"async\" width=\"180\" height=\"180\" src=\"https:\/\/colegioarquitectos.com\/noticias\/wp-content\/uploads\/2017\/10\/4-2-180x180.jpg\" class=\"attachment-thumbnail size-thumbnail\" alt=\"\" \/><\/a>\n\t\t\t<\/dt><\/dl><br style=\"clear: both\" \/><dl class='gallery-item'>\n\t\t\t<dt class='gallery-icon landscape'>\n\t\t\t\t<a href='https:\/\/colegioarquitectos.com\/noticias\/?attachment_id=18653'><img loading=\"lazy\" decoding=\"async\" width=\"180\" height=\"180\" src=\"https:\/\/colegioarquitectos.com\/noticias\/wp-content\/uploads\/2017\/10\/5-2-180x180.jpg\" class=\"attachment-thumbnail size-thumbnail\" alt=\"\" \/><\/a>\n\t\t\t<\/dt><\/dl><dl class='gallery-item'>\n\t\t\t<dt class='gallery-icon landscape'>\n\t\t\t\t<a href='https:\/\/colegioarquitectos.com\/noticias\/?attachment_id=18654'><img loading=\"lazy\" decoding=\"async\" width=\"180\" height=\"180\" src=\"https:\/\/colegioarquitectos.com\/noticias\/wp-content\/uploads\/2017\/10\/6-2-180x180.jpg\" class=\"attachment-thumbnail size-thumbnail\" alt=\"\" \/><\/a>\n\t\t\t<\/dt><\/dl><dl class='gallery-item'>\n\t\t\t<dt class='gallery-icon portrait'>\n\t\t\t\t<a href='https:\/\/colegioarquitectos.com\/noticias\/?attachment_id=18655'><img loading=\"lazy\" decoding=\"async\" width=\"180\" height=\"180\" src=\"https:\/\/colegioarquitectos.com\/noticias\/wp-content\/uploads\/2017\/10\/7-1-180x180.jpg\" class=\"attachment-thumbnail size-thumbnail\" alt=\"\" \/><\/a>\n\t\t\t<\/dt><\/dl><br style=\"clear: both\" \/><dl class='gallery-item'>\n\t\t\t<dt class='gallery-icon portrait'>\n\t\t\t\t<a href='https:\/\/colegioarquitectos.com\/noticias\/?attachment_id=18656'><img loading=\"lazy\" decoding=\"async\" width=\"180\" height=\"180\" src=\"https:\/\/colegioarquitectos.com\/noticias\/wp-content\/uploads\/2017\/10\/8-1-180x180.jpg\" class=\"attachment-thumbnail size-thumbnail\" alt=\"\" \/><\/a>\n\t\t\t<\/dt><\/dl>\n\t\t\t<br style='clear: both' \/>\n\t\t<\/div>\n\n<p>Pone en \u00e9nfasis el rescate de nuestro patrimonio arquitect\u00f3nico, actualizando tecnol\u00f3gicamente al edificio, rescatando as\u00ed un inmueble y un barrio.<\/p>\n<p>&nbsp;<\/p>\n<p><strong>Menci\u00f3n Honrosa: <\/strong><\/p>\n<p><em>Edificio Mercado Cardonal &#8211; Oficina Sanchez Desidel Arquitectos (Mauricio Desidel Cortes, Jose Antonio Sanchez Toro y Roberto Peralta Aguilera)<\/em><\/p>\n\n\t\t<style type=\"text\/css\">\n\t\t\t#gallery-5 {\n\t\t\t\tmargin: auto;\n\t\t\t}\n\t\t\t#gallery-5 .gallery-item {\n\t\t\t\tfloat: left;\n\t\t\t\tmargin-top: 10px;\n\t\t\t\ttext-align: center;\n\t\t\t\twidth: 33%;\n\t\t\t}\n\t\t\t#gallery-5 img {\n\t\t\t\tborder: 2px solid #cfcfcf;\n\t\t\t}\n\t\t\t#gallery-5 .gallery-caption {\n\t\t\t\tmargin-left: 0;\n\t\t\t}\n\t\t\t\/* see gallery_shortcode() in wp-includes\/media.php *\/\n\t\t<\/style>\n\t\t<div id='gallery-5' class='gallery galleryid-18610 gallery-columns-3 gallery-size-thumbnail'><dl class='gallery-item'>\n\t\t\t<dt class='gallery-icon landscape'>\n\t\t\t\t<a href='https:\/\/colegioarquitectos.com\/noticias\/?attachment_id=18657'><img loading=\"lazy\" decoding=\"async\" width=\"180\" height=\"180\" src=\"https:\/\/colegioarquitectos.com\/noticias\/wp-content\/uploads\/2017\/10\/1-3-180x180.jpg\" class=\"attachment-thumbnail size-thumbnail\" alt=\"\" \/><\/a>\n\t\t\t<\/dt><\/dl><dl class='gallery-item'>\n\t\t\t<dt class='gallery-icon landscape'>\n\t\t\t\t<a href='https:\/\/colegioarquitectos.com\/noticias\/?attachment_id=18658'><img loading=\"lazy\" decoding=\"async\" width=\"180\" height=\"180\" src=\"https:\/\/colegioarquitectos.com\/noticias\/wp-content\/uploads\/2017\/10\/2-3-180x180.jpg\" class=\"attachment-thumbnail size-thumbnail\" alt=\"\" \/><\/a>\n\t\t\t<\/dt><\/dl><dl class='gallery-item'>\n\t\t\t<dt class='gallery-icon landscape'>\n\t\t\t\t<a href='https:\/\/colegioarquitectos.com\/noticias\/?attachment_id=18659'><img loading=\"lazy\" decoding=\"async\" width=\"180\" height=\"180\" src=\"https:\/\/colegioarquitectos.com\/noticias\/wp-content\/uploads\/2017\/10\/3-3-180x180.jpg\" class=\"attachment-thumbnail size-thumbnail\" alt=\"\" \/><\/a>\n\t\t\t<\/dt><\/dl><br style=\"clear: both\" \/>\n\t\t<\/div>\n\n<p>Se destaca la puesta en valor del edificio mediante el rescate de su estructura y renovaci\u00f3n de sus fachadas.<\/p>\n<p>&nbsp;<\/p>\n<p><strong>Menci\u00f3n Honrosa: <\/strong><\/p>\n<p><em>Conjunto Nicol\u00e1s Savio, Lugano I y II &#8211; Zelmira Frers y Florencia Collo (Buenos Aires)<\/em><\/p>\n\n\t\t<style type=\"text\/css\">\n\t\t\t#gallery-6 {\n\t\t\t\tmargin: auto;\n\t\t\t}\n\t\t\t#gallery-6 .gallery-item {\n\t\t\t\tfloat: left;\n\t\t\t\tmargin-top: 10px;\n\t\t\t\ttext-align: center;\n\t\t\t\twidth: 33%;\n\t\t\t}\n\t\t\t#gallery-6 img {\n\t\t\t\tborder: 2px solid #cfcfcf;\n\t\t\t}\n\t\t\t#gallery-6 .gallery-caption {\n\t\t\t\tmargin-left: 0;\n\t\t\t}\n\t\t\t\/* see gallery_shortcode() in wp-includes\/media.php *\/\n\t\t<\/style>\n\t\t<div id='gallery-6' class='gallery galleryid-18610 gallery-columns-3 gallery-size-thumbnail'><dl class='gallery-item'>\n\t\t\t<dt class='gallery-icon landscape'>\n\t\t\t\t<a href='https:\/\/colegioarquitectos.com\/noticias\/?attachment_id=18660'><img loading=\"lazy\" decoding=\"async\" width=\"180\" height=\"180\" src=\"https:\/\/colegioarquitectos.com\/noticias\/wp-content\/uploads\/2017\/10\/1-4-180x180.jpg\" class=\"attachment-thumbnail size-thumbnail\" alt=\"\" \/><\/a>\n\t\t\t<\/dt><\/dl><dl class='gallery-item'>\n\t\t\t<dt class='gallery-icon landscape'>\n\t\t\t\t<a href='https:\/\/colegioarquitectos.com\/noticias\/?attachment_id=18661'><img loading=\"lazy\" decoding=\"async\" width=\"180\" height=\"180\" src=\"https:\/\/colegioarquitectos.com\/noticias\/wp-content\/uploads\/2017\/10\/2-4-180x180.jpg\" class=\"attachment-thumbnail size-thumbnail\" alt=\"\" \/><\/a>\n\t\t\t<\/dt><\/dl>\n\t\t\t<br style='clear: both' \/>\n\t\t<\/div>\n\n<p>Se valora el tipo de intervenci\u00f3n que respeta la tipolog\u00eda y permite adem\u00e1s una replicabilidad del sistema propuesto.<\/p>\n<p>&nbsp;<\/p>\n<p>El Jurado se\u00f1ala que este Concurso es una excelente iniciativa que debiera difundirse a las Facultades de Arquitectura para fomentar en sus talleres el uso de materiales que produzcan mediante arquitectura pasiva, edificios sustentables t\u00e9rmicamente y energ\u00e9ticamente correctos para que los estudiantes utilicen estas herramientas en sus proyectos acad\u00e9micos dirigidos por sus profesores y ayudantes.<\/p>\n<p>La arquitecta Pola Mora, quien fue Presidenta del Jurado y adem\u00e1s es Co-curadora de la XX Bienal de Arquitectura y Urbanismo 2017,\u00a0expondr\u00e1 los proyectos ganadores los d\u00edas 3, 4 y 5 de Noviembre durante la Bienal en el Parque Cultural de Valpara\u00edso.<\/p>\n<p>El fallo completo y la informaci\u00f3n para descargar estar\u00e1 disponible en\u00a0<a href=\"http:\/\/www.proyectaraconciencia.com\/ganadores\" target=\"_blank\" rel=\"noopener\" data-saferedirecturl=\"https:\/\/www.google.com\/url?hl=es&amp;q=http:\/\/www.proyectaraconciencia.com\/ganadores&amp;source=gmail&amp;ust=1508861780197000&amp;usg=AFQjCNH0zBtzvKZ9U2dLC0pqCIJ2XV3nDg\">www.proyectaraconciencia.com\/<wbr \/>ganadores<\/a>\u00a0desde el viernes 27 de octubre de 2017.<\/p>\n<p><\/p>","protected":false},"excerpt":{"rendered":"<p>Los arquitectos Yves Besan\u00e7on, Enrique Browne (Premio Nacional de Arquitectura 2010), Gonzalo Mardones, Pilar Urrejola (ex Presidenta del Colegio de Arquitectos), Pablo Larra\u00edn (Presidente de la Asociaci\u00f3n de Oficinas de Arquitectos), Emilio de la Cerda (Director Escuela de Arquitectura Pontificia &hellip; <a class=\"more-link\" href=\"https:\/\/colegioarquitectos.com\/noticias\/?p=18610\">ver m\u00e1s<\/a><\/p>","protected":false},"author":4,"featured_media":18614,"comment_status":"closed","ping_status":"closed","sticky":false,"template":"","format":"standard","meta":{"footnotes":""},"categories":[11,3],"tags":[],"class_list":["post-18610","post","type-post","status-publish","format-standard","has-post-thumbnail","hentry","category-concursos","category-noticias"],"yoast_head":"<!-- This site is optimized with the Yoast SEO plugin v24.2 - https:\/\/yoast.com\/wordpress\/plugins\/seo\/ -->\n<title>Los proyectos ganadores del concurso &quot;Proyectar a conciencia&quot; - COLEGIO DE ARQUITECTOS DE CHILE<\/title>\n<meta name=\"robots\" content=\"index, follow, max-snippet:-1, max-image-preview:large, max-video-preview:-1\" \/>\n<link rel=\"canonical\" href=\"https:\/\/colegioarquitectos.com\/noticias\/?p=18610\" \/>\n<meta property=\"og:locale\" content=\"es_ES\" \/>\n<meta property=\"og:type\" content=\"article\" \/>\n<meta property=\"og:title\" content=\"Los proyectos ganadores del concurso &quot;Proyectar a conciencia&quot; - COLEGIO DE ARQUITECTOS DE CHILE\" \/>\n<meta property=\"og:description\" content=\"Los arquitectos Yves Besan\u00e7on, Enrique Browne (Premio Nacional de Arquitectura 2010), Gonzalo Mardones, Pilar Urrejola (ex Presidenta del Colegio de Arquitectos), Pablo Larra\u00edn (Presidente de la Asociaci\u00f3n de Oficinas de Arquitectos), Emilio de la Cerda (Director Escuela de Arquitectura Pontificia &hellip; ver m\u00e1s\" \/>\n<meta property=\"og:url\" content=\"https:\/\/colegioarquitectos.com\/noticias\/?p=18610\" \/>\n<meta property=\"og:site_name\" content=\"COLEGIO DE ARQUITECTOS DE CHILE\" \/>\n<meta property=\"article:publisher\" content=\"https:\/\/facebook.com\/Colegioarq\/\" \/>\n<meta property=\"article:published_time\" content=\"2017-10-19T14:18:20+00:00\" \/>\n<meta property=\"article:modified_time\" content=\"2017-10-23T17:47:28+00:00\" \/>\n<meta property=\"og:image\" content=\"https:\/\/colegioarquitectos.com\/noticias\/wp-content\/uploads\/2017\/10\/PORTADA-Resultados-Concurso-Proyectar-a-Conciencia.jpg\" \/>\n\t<meta property=\"og:image:width\" content=\"690\" \/>\n\t<meta property=\"og:image:height\" content=\"350\" \/>\n\t<meta property=\"og:image:type\" content=\"image\/jpeg\" \/>\n<meta name=\"author\" content=\"Colegio de Arquitectos de Chile\" \/>\n<meta name=\"twitter:card\" content=\"summary_large_image\" \/>\n<meta name=\"twitter:creator\" content=\"@colegioarq\" \/>\n<meta name=\"twitter:site\" content=\"@colegioarq\" \/>\n<meta name=\"twitter:label1\" content=\"Escrito por\" \/>\n\t<meta name=\"twitter:data1\" content=\"Colegio de Arquitectos de Chile\" \/>\n\t<meta name=\"twitter:label2\" content=\"Tiempo de lectura\" \/>\n\t<meta name=\"twitter:data2\" content=\"6 minutos\" \/>\n<script type=\"application\/ld+json\" class=\"yoast-schema-graph\">{\"@context\":\"https:\/\/schema.org\",\"@graph\":[{\"@type\":\"Article\",\"@id\":\"https:\/\/colegioarquitectos.com\/noticias\/?p=18610#article\",\"isPartOf\":{\"@id\":\"https:\/\/colegioarquitectos.com\/noticias\/?p=18610\"},\"author\":{\"name\":\"Colegio de Arquitectos de Chile\",\"@id\":\"https:\/\/colegioarquitectos.com\/noticias\/#\/schema\/person\/685cc0aad148303c5608f049af8285ad\"},\"headline\":\"Los proyectos ganadores del concurso \u00abProyectar a conciencia\u00bb\",\"datePublished\":\"2017-10-19T14:18:20+00:00\",\"dateModified\":\"2017-10-23T17:47:28+00:00\",\"mainEntityOfPage\":{\"@id\":\"https:\/\/colegioarquitectos.com\/noticias\/?p=18610\"},\"wordCount\":1191,\"publisher\":{\"@id\":\"https:\/\/colegioarquitectos.com\/noticias\/#organization\"},\"image\":{\"@id\":\"https:\/\/colegioarquitectos.com\/noticias\/?p=18610#primaryimage\"},\"thumbnailUrl\":\"https:\/\/colegioarquitectos.com\/noticias\/wp-content\/uploads\/2017\/10\/PORTADA-Resultados-Concurso-Proyectar-a-Conciencia.jpg\",\"articleSection\":[\"Concursos\",\"Noticias\"],\"inLanguage\":\"es\"},{\"@type\":\"WebPage\",\"@id\":\"https:\/\/colegioarquitectos.com\/noticias\/?p=18610\",\"url\":\"https:\/\/colegioarquitectos.com\/noticias\/?p=18610\",\"name\":\"Los proyectos ganadores del concurso \\\"Proyectar a conciencia\\\" - COLEGIO DE ARQUITECTOS DE CHILE\",\"isPartOf\":{\"@id\":\"https:\/\/colegioarquitectos.com\/noticias\/#website\"},\"primaryImageOfPage\":{\"@id\":\"https:\/\/colegioarquitectos.com\/noticias\/?p=18610#primaryimage\"},\"image\":{\"@id\":\"https:\/\/colegioarquitectos.com\/noticias\/?p=18610#primaryimage\"},\"thumbnailUrl\":\"https:\/\/colegioarquitectos.com\/noticias\/wp-content\/uploads\/2017\/10\/PORTADA-Resultados-Concurso-Proyectar-a-Conciencia.jpg\",\"datePublished\":\"2017-10-19T14:18:20+00:00\",\"dateModified\":\"2017-10-23T17:47:28+00:00\",\"breadcrumb\":{\"@id\":\"https:\/\/colegioarquitectos.com\/noticias\/?p=18610#breadcrumb\"},\"inLanguage\":\"es\",\"potentialAction\":[{\"@type\":\"ReadAction\",\"target\":[\"https:\/\/colegioarquitectos.com\/noticias\/?p=18610\"]}]},{\"@type\":\"ImageObject\",\"inLanguage\":\"es\",\"@id\":\"https:\/\/colegioarquitectos.com\/noticias\/?p=18610#primaryimage\",\"url\":\"https:\/\/colegioarquitectos.com\/noticias\/wp-content\/uploads\/2017\/10\/PORTADA-Resultados-Concurso-Proyectar-a-Conciencia.jpg\",\"contentUrl\":\"https:\/\/colegioarquitectos.com\/noticias\/wp-content\/uploads\/2017\/10\/PORTADA-Resultados-Concurso-Proyectar-a-Conciencia.jpg\",\"width\":690,\"height\":350},{\"@type\":\"BreadcrumbList\",\"@id\":\"https:\/\/colegioarquitectos.com\/noticias\/?p=18610#breadcrumb\",\"itemListElement\":[{\"@type\":\"ListItem\",\"position\":1,\"name\":\"Portada\",\"item\":\"https:\/\/colegioarquitectos.com\/noticias\"},{\"@type\":\"ListItem\",\"position\":2,\"name\":\"Los proyectos ganadores del concurso \u00abProyectar a conciencia\u00bb\"}]},{\"@type\":\"WebSite\",\"@id\":\"https:\/\/colegioarquitectos.com\/noticias\/#website\",\"url\":\"https:\/\/colegioarquitectos.com\/noticias\/\",\"name\":\"COLEGIO DE ARQUITECTOS DE CHILE\",\"description\":\"\",\"publisher\":{\"@id\":\"https:\/\/colegioarquitectos.com\/noticias\/#organization\"},\"potentialAction\":[{\"@type\":\"SearchAction\",\"target\":{\"@type\":\"EntryPoint\",\"urlTemplate\":\"https:\/\/colegioarquitectos.com\/noticias\/?s={search_term_string}\"},\"query-input\":{\"@type\":\"PropertyValueSpecification\",\"valueRequired\":true,\"valueName\":\"search_term_string\"}}],\"inLanguage\":\"es\"},{\"@type\":\"Organization\",\"@id\":\"https:\/\/colegioarquitectos.com\/noticias\/#organization\",\"name\":\"COLEGIO DE ARQUITECTOS DE CHILE\",\"url\":\"https:\/\/colegioarquitectos.com\/noticias\/\",\"logo\":{\"@type\":\"ImageObject\",\"inLanguage\":\"es\",\"@id\":\"https:\/\/colegioarquitectos.com\/noticias\/#\/schema\/logo\/image\/\",\"url\":\"https:\/\/colegioarquitectos.com\/noticias\/wp-content\/uploads\/2021\/05\/ENCABEZADO-LOGO-CA.jpg\",\"contentUrl\":\"https:\/\/colegioarquitectos.com\/noticias\/wp-content\/uploads\/2021\/05\/ENCABEZADO-LOGO-CA.jpg\",\"width\":690,\"height\":350,\"caption\":\"COLEGIO DE ARQUITECTOS DE CHILE\"},\"image\":{\"@id\":\"https:\/\/colegioarquitectos.com\/noticias\/#\/schema\/logo\/image\/\"},\"sameAs\":[\"https:\/\/facebook.com\/Colegioarq\/\",\"https:\/\/x.com\/colegioarq\",\"https:\/\/instagram.com\/colegioarq\",\"https:\/\/youtube.com\/@ColegiodeArquitectosdeChile\"]},{\"@type\":\"Person\",\"@id\":\"https:\/\/colegioarquitectos.com\/noticias\/#\/schema\/person\/685cc0aad148303c5608f049af8285ad\",\"name\":\"Colegio de Arquitectos de Chile\",\"url\":\"https:\/\/colegioarquitectos.com\/noticias\/?author=4\"}]}<\/script>\n<!-- \/ Yoast SEO plugin. -->","yoast_head_json":{"title":"Los proyectos ganadores del concurso \"Proyectar a conciencia\" - COLEGIO DE ARQUITECTOS DE CHILE","robots":{"index":"index","follow":"follow","max-snippet":"max-snippet:-1","max-image-preview":"max-image-preview:large","max-video-preview":"max-video-preview:-1"},"canonical":"https:\/\/colegioarquitectos.com\/noticias\/?p=18610","og_locale":"es_ES","og_type":"article","og_title":"Los proyectos ganadores del concurso \"Proyectar a conciencia\" - COLEGIO DE ARQUITECTOS DE CHILE","og_description":"Los arquitectos Yves Besan\u00e7on, Enrique Browne (Premio Nacional de Arquitectura 2010), Gonzalo Mardones, Pilar Urrejola (ex Presidenta del Colegio de Arquitectos), Pablo Larra\u00edn (Presidente de la Asociaci\u00f3n de Oficinas de Arquitectos), Emilio de la Cerda (Director Escuela de Arquitectura Pontificia &hellip; ver m\u00e1s","og_url":"https:\/\/colegioarquitectos.com\/noticias\/?p=18610","og_site_name":"COLEGIO DE ARQUITECTOS DE CHILE","article_publisher":"https:\/\/facebook.com\/Colegioarq\/","article_published_time":"2017-10-19T14:18:20+00:00","article_modified_time":"2017-10-23T17:47:28+00:00","og_image":[{"width":690,"height":350,"url":"https:\/\/colegioarquitectos.com\/noticias\/wp-content\/uploads\/2017\/10\/PORTADA-Resultados-Concurso-Proyectar-a-Conciencia.jpg","type":"image\/jpeg"}],"author":"Colegio de Arquitectos de Chile","twitter_card":"summary_large_image","twitter_creator":"@colegioarq","twitter_site":"@colegioarq","twitter_misc":{"Escrito por":"Colegio de Arquitectos de Chile","Tiempo de lectura":"6 minutos"},"schema":{"@context":"https:\/\/schema.org","@graph":[{"@type":"Article","@id":"https:\/\/colegioarquitectos.com\/noticias\/?p=18610#article","isPartOf":{"@id":"https:\/\/colegioarquitectos.com\/noticias\/?p=18610"},"author":{"name":"Colegio de Arquitectos de Chile","@id":"https:\/\/colegioarquitectos.com\/noticias\/#\/schema\/person\/685cc0aad148303c5608f049af8285ad"},"headline":"Los proyectos ganadores del concurso \u00abProyectar a conciencia\u00bb","datePublished":"2017-10-19T14:18:20+00:00","dateModified":"2017-10-23T17:47:28+00:00","mainEntityOfPage":{"@id":"https:\/\/colegioarquitectos.com\/noticias\/?p=18610"},"wordCount":1191,"publisher":{"@id":"https:\/\/colegioarquitectos.com\/noticias\/#organization"},"image":{"@id":"https:\/\/colegioarquitectos.com\/noticias\/?p=18610#primaryimage"},"thumbnailUrl":"https:\/\/colegioarquitectos.com\/noticias\/wp-content\/uploads\/2017\/10\/PORTADA-Resultados-Concurso-Proyectar-a-Conciencia.jpg","articleSection":["Concursos","Noticias"],"inLanguage":"es"},{"@type":"WebPage","@id":"https:\/\/colegioarquitectos.com\/noticias\/?p=18610","url":"https:\/\/colegioarquitectos.com\/noticias\/?p=18610","name":"Los proyectos ganadores del concurso \"Proyectar a conciencia\" - COLEGIO DE ARQUITECTOS DE CHILE","isPartOf":{"@id":"https:\/\/colegioarquitectos.com\/noticias\/#website"},"primaryImageOfPage":{"@id":"https:\/\/colegioarquitectos.com\/noticias\/?p=18610#primaryimage"},"image":{"@id":"https:\/\/colegioarquitectos.com\/noticias\/?p=18610#primaryimage"},"thumbnailUrl":"https:\/\/colegioarquitectos.com\/noticias\/wp-content\/uploads\/2017\/10\/PORTADA-Resultados-Concurso-Proyectar-a-Conciencia.jpg","datePublished":"2017-10-19T14:18:20+00:00","dateModified":"2017-10-23T17:47:28+00:00","breadcrumb":{"@id":"https:\/\/colegioarquitectos.com\/noticias\/?p=18610#breadcrumb"},"inLanguage":"es","potentialAction":[{"@type":"ReadAction","target":["https:\/\/colegioarquitectos.com\/noticias\/?p=18610"]}]},{"@type":"ImageObject","inLanguage":"es","@id":"https:\/\/colegioarquitectos.com\/noticias\/?p=18610#primaryimage","url":"https:\/\/colegioarquitectos.com\/noticias\/wp-content\/uploads\/2017\/10\/PORTADA-Resultados-Concurso-Proyectar-a-Conciencia.jpg","contentUrl":"https:\/\/colegioarquitectos.com\/noticias\/wp-content\/uploads\/2017\/10\/PORTADA-Resultados-Concurso-Proyectar-a-Conciencia.jpg","width":690,"height":350},{"@type":"BreadcrumbList","@id":"https:\/\/colegioarquitectos.com\/noticias\/?p=18610#breadcrumb","itemListElement":[{"@type":"ListItem","position":1,"name":"Portada","item":"https:\/\/colegioarquitectos.com\/noticias"},{"@type":"ListItem","position":2,"name":"Los proyectos ganadores del concurso \u00abProyectar a conciencia\u00bb"}]},{"@type":"WebSite","@id":"https:\/\/colegioarquitectos.com\/noticias\/#website","url":"https:\/\/colegioarquitectos.com\/noticias\/","name":"COLEGIO DE ARQUITECTOS DE CHILE","description":"","publisher":{"@id":"https:\/\/colegioarquitectos.com\/noticias\/#organization"},"potentialAction":[{"@type":"SearchAction","target":{"@type":"EntryPoint","urlTemplate":"https:\/\/colegioarquitectos.com\/noticias\/?s={search_term_string}"},"query-input":{"@type":"PropertyValueSpecification","valueRequired":true,"valueName":"search_term_string"}}],"inLanguage":"es"},{"@type":"Organization","@id":"https:\/\/colegioarquitectos.com\/noticias\/#organization","name":"COLEGIO DE ARQUITECTOS DE CHILE","url":"https:\/\/colegioarquitectos.com\/noticias\/","logo":{"@type":"ImageObject","inLanguage":"es","@id":"https:\/\/colegioarquitectos.com\/noticias\/#\/schema\/logo\/image\/","url":"https:\/\/colegioarquitectos.com\/noticias\/wp-content\/uploads\/2021\/05\/ENCABEZADO-LOGO-CA.jpg","contentUrl":"https:\/\/colegioarquitectos.com\/noticias\/wp-content\/uploads\/2021\/05\/ENCABEZADO-LOGO-CA.jpg","width":690,"height":350,"caption":"COLEGIO DE ARQUITECTOS DE CHILE"},"image":{"@id":"https:\/\/colegioarquitectos.com\/noticias\/#\/schema\/logo\/image\/"},"sameAs":["https:\/\/facebook.com\/Colegioarq\/","https:\/\/x.com\/colegioarq","https:\/\/instagram.com\/colegioarq","https:\/\/youtube.com\/@ColegiodeArquitectosdeChile"]},{"@type":"Person","@id":"https:\/\/colegioarquitectos.com\/noticias\/#\/schema\/person\/685cc0aad148303c5608f049af8285ad","name":"Colegio de Arquitectos de Chile","url":"https:\/\/colegioarquitectos.com\/noticias\/?author=4"}]}},"_links":{"self":[{"href":"https:\/\/colegioarquitectos.com\/noticias\/index.php?rest_route=\/wp\/v2\/posts\/18610","targetHints":{"allow":["GET"]}}],"collection":[{"href":"https:\/\/colegioarquitectos.com\/noticias\/index.php?rest_route=\/wp\/v2\/posts"}],"about":[{"href":"https:\/\/colegioarquitectos.com\/noticias\/index.php?rest_route=\/wp\/v2\/types\/post"}],"author":[{"embeddable":true,"href":"https:\/\/colegioarquitectos.com\/noticias\/index.php?rest_route=\/wp\/v2\/users\/4"}],"replies":[{"embeddable":true,"href":"https:\/\/colegioarquitectos.com\/noticias\/index.php?rest_route=%2Fwp%2Fv2%2Fcomments&post=18610"}],"version-history":[{"count":0,"href":"https:\/\/colegioarquitectos.com\/noticias\/index.php?rest_route=\/wp\/v2\/posts\/18610\/revisions"}],"wp:featuredmedia":[{"embeddable":true,"href":"https:\/\/colegioarquitectos.com\/noticias\/index.php?rest_route=\/wp\/v2\/media\/18614"}],"wp:attachment":[{"href":"https:\/\/colegioarquitectos.com\/noticias\/index.php?rest_route=%2Fwp%2Fv2%2Fmedia&parent=18610"}],"wp:term":[{"taxonomy":"category","embeddable":true,"href":"https:\/\/colegioarquitectos.com\/noticias\/index.php?rest_route=%2Fwp%2Fv2%2Fcategories&post=18610"},{"taxonomy":"post_tag","embeddable":true,"href":"https:\/\/colegioarquitectos.com\/noticias\/index.php?rest_route=%2Fwp%2Fv2%2Ftags&post=18610"}],"curies":[{"name":"wp","href":"https:\/\/api.w.org\/{rel}","templated":true}]}}