
{"id":18617,"date":"2017-10-23T15:05:54","date_gmt":"2017-10-23T15:05:54","guid":{"rendered":"http:\/\/colegioarquitectos.com\/?p=18617"},"modified":"2017-10-23T15:05:54","modified_gmt":"2017-10-23T15:05:54","slug":"conferencia-construccion-capilla-y-centro-cultural-gaudi-en-rancagua","status":"publish","type":"post","link":"https:\/\/colegioarquitectos.com\/noticias\/?p=18617","title":{"rendered":"Conferencia Construcci\u00f3n Capilla y Centro Cultural Gaud\u00ed en Rancagua."},"content":{"rendered":"<p>Expone Christian Matzner Thomsen, arquitecto de la Universidad de Chile, m\u00e1ster en restauraci\u00f3n arquitect\u00f3nica Universidad Polit\u00e9cnica de Madrid, Programa de Doctorado sobre Arquitectura de Gaud\u00ed Universidad Polit\u00e9cnica de Catalu\u00f1a, Barcelona. Actualmente es coordinador del Proyecto Centro Cultural Gaud\u00ed en Rancagua.<\/p>\n<p>&nbsp;<\/p>\n<p>D\u00cdA: Martes 24 de Octubre.<\/p>\n<p>HORA: 12:00 &#8211; 14:00<\/p>\n<p>LOCALIZACI\u00d3N: Auditorio -2 FAAD. Avda. Rep\u00fablica 180, Metro Rep\u00fablica<\/p>\n<p>ORGANIZADOR:\u00a0 Escuela de Arquitectura \/ Escuela de Dise\u00f1o.<\/p>\n<p>&nbsp;<\/p>\n<p>&nbsp;<\/p>\n<p>En Chile se construir\u00e1 la \u00fanica obra de Gaud\u00ed fuera de Espa\u00f1a.<\/p>\n<p>\u00c9sta es la materializaci\u00f3n de un sue\u00f1o liderado desde 1996 por la Corporaci\u00f3n Gaud\u00ed de Triana, y fraguado tras un intercambio de cartas en 1922 entre el fraile franciscano chileno Ang\u00e9lico Aranda y Gaud\u00ed, a quien le pidi\u00f3 un dise\u00f1o de una capilla para la ciudad chilena. \u00abDeseoso de hacer una obra original, bien original, me acord\u00e9 de usted\u00bb, le escribi\u00f3 a pulso Aranda a Gaud\u00ed, quien para ese entonces se encontraba inmerso en la construcci\u00f3n de su obra maestra, el Templo de la Sagrada Familia.<\/p>\n<p>Despu\u00e9s de conocerse en Barcelona en 1909 -en medio de las obras del Templo de la Sagrada Familia-, a\u00f1os despu\u00e9s el fraile franciscano chileno Ang\u00e9lico Aranda le escribi\u00f3 a Antoni Gaud\u00ed -en 1922- pidi\u00e9ndole un dise\u00f1o para una capilla \u201cc\u00f3mo s\u00f3lo usted sabe hacer\u201d, espec\u00edficamente una \u201cporci\u00fancula\u201d o \u00ablugar de Perd\u00f3n\u00bb dedicada a Santa Mar\u00eda de los \u00c1ngeles.<\/p>\n<p>\u00abSirva esto para la confraternidad espiritual entre Espa\u00f1a y Am\u00e9rica\u201d, le respond\u00eda Gaud\u00ed, a 4 a\u00f1os antes de su muerte, quien le ofreci\u00f3 el dise\u00f1o de una capilla ya proyectada para la parte posterior del \u00e1bside de la propia Sagrada Familia. Asimismo, el arquitecto a cargo del proyecto, Christian Matzner, se\u00f1al\u00f3 a un medio local, que el dise\u00f1o datar\u00eda de 1915, y que Gaud\u00ed se bas\u00f3 en la obra del espa\u00f1ol Luis Bonifacio, la cual se localiza en la Catedral de Gerona, Espa\u00f1a.<\/p>\n<p>En la carta enviada por Gaud\u00ed, el arquitecto le env\u00eda al fraile chileno un croquis de la ubicaci\u00f3n original de la capilla en el Tempo de la Sagrada Familia y le escribe:<\/p>\n<p>&nbsp;<\/p>\n<p>\u00abMe interesa algunas notas previas, como son: lugar y condiciones del emplazamiento: si el lugar donde se ha de emplazar [&#8230;] es un campo abierto o tiene la proximidad de otras construcciones, y en este caso, qu\u00e9 car\u00e1cter tienen ellas. [&#8230;] Otra nota interesante ser\u00eda conocer la intensidad de los vientos dominantes y si son frecuentes los ciclones\u00bb<\/p>\n<p>&nbsp;<\/p>\n<p>El proyecto actual considera 1.250 m\u00b2 entre la porci\u00fancula y los espacios subterr\u00e1neos, mientras la capilla alcanzar\u00e1 los 30 metros de alto sobre una base cuadrada de 10 metros de lado, y en su interior contar\u00e1 con un altar central y una cripta subterr\u00e1nea donde descansar\u00e1n los restos del impulsor del proyecto, Fray Ang\u00e9lico Aranda.<\/p>\n<p>Sobre su dise\u00f1o, Matzner se\u00f1al\u00f3 a El Nuevo Herald que tendr\u00e1 forma de \u201chiperboloide y representar\u00e1 simb\u00f3licamente el sentido original de la Asunci\u00f3n de la Virgen, seg\u00fan la cual ella descansa en su cama y los \u00e1ngeles, situados en la parte superior de los frontones, la cobijan en su ascensi\u00f3n\u201d.<\/p>\n<p>Con un presupuesto superior a USD 7 millones, el Centro Cultural y Espiritual Gaud\u00ed alcanzar\u00e1 los 10.858 m\u00b2, considerando la capilla, un centro cultural, una escuela de artes y oficios, cafeter\u00eda y un lugar de contemplaci\u00f3n abierto a todos los credos conocido como \u00abCasa de soledad y silencio\u00bb. El proyecto formar\u00e1 parte del Parque Catalu\u00f1a de Rancagua y las obras comenzar\u00edan durante el segundo semestre de 2015 para su posterior inauguraci\u00f3n en 2017.<\/p>\n<p>&nbsp;<\/p>\n<p><a href=\"https:\/\/www.plataformaarquitectura.cl\/cl\/759924\/en-chile-se-construira-la-unica-obra-de-gaudi-fuera-de-espana\">Publicada en Plataforma Arquitectura.<\/a><\/p>\n<p>&nbsp;<\/p>\n<p><a href=\"http:\/\/colegioarquitectos.com\/noticias\/wp-content\/uploads\/2017\/10\/Afiche-conferencia.jpg\"><img loading=\"lazy\" decoding=\"async\" class=\"alignnone size-medium wp-image-18619\" src=\"http:\/\/colegioarquitectos.com\/noticias\/wp-content\/uploads\/2017\/10\/Afiche-conferencia-225x300.jpg\" alt=\"\" width=\"225\" height=\"300\" srcset=\"https:\/\/colegioarquitectos.com\/noticias\/wp-content\/uploads\/2017\/10\/Afiche-conferencia-225x300.jpg 225w, https:\/\/colegioarquitectos.com\/noticias\/wp-content\/uploads\/2017\/10\/Afiche-conferencia-768x1024.jpg 768w, https:\/\/colegioarquitectos.com\/noticias\/wp-content\/uploads\/2017\/10\/Afiche-conferencia.jpg 881w\" sizes=\"auto, (max-width: 225px) 100vw, 225px\" \/><\/a><\/p>\n<p><\/p>","protected":false},"excerpt":{"rendered":"<p>Expone Christian Matzner Thomsen, arquitecto de la Universidad de Chile, m\u00e1ster en restauraci\u00f3n arquitect\u00f3nica Universidad Polit\u00e9cnica de Madrid, Programa de Doctorado sobre Arquitectura de Gaud\u00ed Universidad Polit\u00e9cnica de Catalu\u00f1a, Barcelona. Actualmente es coordinador del Proyecto Centro Cultural Gaud\u00ed en Rancagua. &hellip; <a class=\"more-link\" href=\"https:\/\/colegioarquitectos.com\/noticias\/?p=18617\">ver m\u00e1s<\/a><\/p>","protected":false},"author":4,"featured_media":18620,"comment_status":"closed","ping_status":"closed","sticky":false,"template":"","format":"standard","meta":{"footnotes":""},"categories":[35],"tags":[],"class_list":["post-18617","post","type-post","status-publish","format-standard","has-post-thumbnail","hentry","category-universidades"],"yoast_head":"<!-- This site is optimized with the Yoast SEO plugin v24.2 - https:\/\/yoast.com\/wordpress\/plugins\/seo\/ -->\n<title>Conferencia Construcci\u00f3n Capilla y Centro Cultural Gaud\u00ed en Rancagua. - COLEGIO DE ARQUITECTOS DE CHILE<\/title>\n<meta name=\"robots\" content=\"index, follow, max-snippet:-1, max-image-preview:large, max-video-preview:-1\" \/>\n<link rel=\"canonical\" href=\"https:\/\/colegioarquitectos.com\/noticias\/?p=18617\" \/>\n<meta property=\"og:locale\" content=\"es_ES\" \/>\n<meta property=\"og:type\" content=\"article\" \/>\n<meta property=\"og:title\" content=\"Conferencia Construcci\u00f3n Capilla y Centro Cultural Gaud\u00ed en Rancagua. - COLEGIO DE ARQUITECTOS DE CHILE\" \/>\n<meta property=\"og:description\" content=\"Expone Christian Matzner Thomsen, arquitecto de la Universidad de Chile, m\u00e1ster en restauraci\u00f3n arquitect\u00f3nica Universidad Polit\u00e9cnica de Madrid, Programa de Doctorado sobre Arquitectura de Gaud\u00ed Universidad Polit\u00e9cnica de Catalu\u00f1a, Barcelona. Actualmente es coordinador del Proyecto Centro Cultural Gaud\u00ed en Rancagua. &hellip; ver m\u00e1s\" \/>\n<meta property=\"og:url\" content=\"https:\/\/colegioarquitectos.com\/noticias\/?p=18617\" \/>\n<meta property=\"og:site_name\" content=\"COLEGIO DE ARQUITECTOS DE CHILE\" \/>\n<meta property=\"article:publisher\" content=\"https:\/\/facebook.com\/Colegioarq\/\" \/>\n<meta property=\"article:published_time\" content=\"2017-10-23T15:05:54+00:00\" \/>\n<meta property=\"og:image\" content=\"https:\/\/colegioarquitectos.com\/noticias\/wp-content\/uploads\/2017\/10\/Imagen-conferencia-construccio\u0301n-capilla-Gaudi.jpg\" \/>\n\t<meta property=\"og:image:width\" content=\"690\" \/>\n\t<meta property=\"og:image:height\" content=\"350\" \/>\n\t<meta property=\"og:image:type\" content=\"image\/jpeg\" \/>\n<meta name=\"author\" content=\"Colegio de Arquitectos de Chile\" \/>\n<meta name=\"twitter:card\" content=\"summary_large_image\" \/>\n<meta name=\"twitter:creator\" content=\"@colegioarq\" \/>\n<meta name=\"twitter:site\" content=\"@colegioarq\" \/>\n<meta name=\"twitter:label1\" content=\"Escrito por\" \/>\n\t<meta name=\"twitter:data1\" content=\"Colegio de Arquitectos de Chile\" \/>\n\t<meta name=\"twitter:label2\" content=\"Tiempo de lectura\" \/>\n\t<meta name=\"twitter:data2\" content=\"3 minutos\" \/>\n<script type=\"application\/ld+json\" class=\"yoast-schema-graph\">{\"@context\":\"https:\/\/schema.org\",\"@graph\":[{\"@type\":\"Article\",\"@id\":\"https:\/\/colegioarquitectos.com\/noticias\/?p=18617#article\",\"isPartOf\":{\"@id\":\"https:\/\/colegioarquitectos.com\/noticias\/?p=18617\"},\"author\":{\"name\":\"Colegio de Arquitectos de Chile\",\"@id\":\"https:\/\/colegioarquitectos.com\/noticias\/#\/schema\/person\/685cc0aad148303c5608f049af8285ad\"},\"headline\":\"Conferencia Construcci\u00f3n Capilla y Centro Cultural Gaud\u00ed en Rancagua.\",\"datePublished\":\"2017-10-23T15:05:54+00:00\",\"dateModified\":\"2017-10-23T15:05:54+00:00\",\"mainEntityOfPage\":{\"@id\":\"https:\/\/colegioarquitectos.com\/noticias\/?p=18617\"},\"wordCount\":635,\"publisher\":{\"@id\":\"https:\/\/colegioarquitectos.com\/noticias\/#organization\"},\"image\":{\"@id\":\"https:\/\/colegioarquitectos.com\/noticias\/?p=18617#primaryimage\"},\"thumbnailUrl\":\"https:\/\/colegioarquitectos.com\/noticias\/wp-content\/uploads\/2017\/10\/Imagen-conferencia-construccio\u0301n-capilla-Gaudi.jpg\",\"articleSection\":[\"Universidades\"],\"inLanguage\":\"es\"},{\"@type\":\"WebPage\",\"@id\":\"https:\/\/colegioarquitectos.com\/noticias\/?p=18617\",\"url\":\"https:\/\/colegioarquitectos.com\/noticias\/?p=18617\",\"name\":\"Conferencia Construcci\u00f3n Capilla y Centro Cultural Gaud\u00ed en Rancagua. - COLEGIO DE ARQUITECTOS DE CHILE\",\"isPartOf\":{\"@id\":\"https:\/\/colegioarquitectos.com\/noticias\/#website\"},\"primaryImageOfPage\":{\"@id\":\"https:\/\/colegioarquitectos.com\/noticias\/?p=18617#primaryimage\"},\"image\":{\"@id\":\"https:\/\/colegioarquitectos.com\/noticias\/?p=18617#primaryimage\"},\"thumbnailUrl\":\"https:\/\/colegioarquitectos.com\/noticias\/wp-content\/uploads\/2017\/10\/Imagen-conferencia-construccio\u0301n-capilla-Gaudi.jpg\",\"datePublished\":\"2017-10-23T15:05:54+00:00\",\"dateModified\":\"2017-10-23T15:05:54+00:00\",\"breadcrumb\":{\"@id\":\"https:\/\/colegioarquitectos.com\/noticias\/?p=18617#breadcrumb\"},\"inLanguage\":\"es\",\"potentialAction\":[{\"@type\":\"ReadAction\",\"target\":[\"https:\/\/colegioarquitectos.com\/noticias\/?p=18617\"]}]},{\"@type\":\"ImageObject\",\"inLanguage\":\"es\",\"@id\":\"https:\/\/colegioarquitectos.com\/noticias\/?p=18617#primaryimage\",\"url\":\"https:\/\/colegioarquitectos.com\/noticias\/wp-content\/uploads\/2017\/10\/Imagen-conferencia-construccio\u0301n-capilla-Gaudi.jpg\",\"contentUrl\":\"https:\/\/colegioarquitectos.com\/noticias\/wp-content\/uploads\/2017\/10\/Imagen-conferencia-construccio\u0301n-capilla-Gaudi.jpg\",\"width\":690,\"height\":350},{\"@type\":\"BreadcrumbList\",\"@id\":\"https:\/\/colegioarquitectos.com\/noticias\/?p=18617#breadcrumb\",\"itemListElement\":[{\"@type\":\"ListItem\",\"position\":1,\"name\":\"Portada\",\"item\":\"https:\/\/colegioarquitectos.com\/noticias\"},{\"@type\":\"ListItem\",\"position\":2,\"name\":\"Conferencia Construcci\u00f3n Capilla y Centro Cultural Gaud\u00ed en Rancagua.\"}]},{\"@type\":\"WebSite\",\"@id\":\"https:\/\/colegioarquitectos.com\/noticias\/#website\",\"url\":\"https:\/\/colegioarquitectos.com\/noticias\/\",\"name\":\"COLEGIO DE ARQUITECTOS DE CHILE\",\"description\":\"\",\"publisher\":{\"@id\":\"https:\/\/colegioarquitectos.com\/noticias\/#organization\"},\"potentialAction\":[{\"@type\":\"SearchAction\",\"target\":{\"@type\":\"EntryPoint\",\"urlTemplate\":\"https:\/\/colegioarquitectos.com\/noticias\/?s={search_term_string}\"},\"query-input\":{\"@type\":\"PropertyValueSpecification\",\"valueRequired\":true,\"valueName\":\"search_term_string\"}}],\"inLanguage\":\"es\"},{\"@type\":\"Organization\",\"@id\":\"https:\/\/colegioarquitectos.com\/noticias\/#organization\",\"name\":\"COLEGIO DE ARQUITECTOS DE CHILE\",\"url\":\"https:\/\/colegioarquitectos.com\/noticias\/\",\"logo\":{\"@type\":\"ImageObject\",\"inLanguage\":\"es\",\"@id\":\"https:\/\/colegioarquitectos.com\/noticias\/#\/schema\/logo\/image\/\",\"url\":\"https:\/\/colegioarquitectos.com\/noticias\/wp-content\/uploads\/2021\/05\/ENCABEZADO-LOGO-CA.jpg\",\"contentUrl\":\"https:\/\/colegioarquitectos.com\/noticias\/wp-content\/uploads\/2021\/05\/ENCABEZADO-LOGO-CA.jpg\",\"width\":690,\"height\":350,\"caption\":\"COLEGIO DE ARQUITECTOS DE CHILE\"},\"image\":{\"@id\":\"https:\/\/colegioarquitectos.com\/noticias\/#\/schema\/logo\/image\/\"},\"sameAs\":[\"https:\/\/facebook.com\/Colegioarq\/\",\"https:\/\/x.com\/colegioarq\",\"https:\/\/instagram.com\/colegioarq\",\"https:\/\/youtube.com\/@ColegiodeArquitectosdeChile\"]},{\"@type\":\"Person\",\"@id\":\"https:\/\/colegioarquitectos.com\/noticias\/#\/schema\/person\/685cc0aad148303c5608f049af8285ad\",\"name\":\"Colegio de Arquitectos de Chile\",\"url\":\"https:\/\/colegioarquitectos.com\/noticias\/?author=4\"}]}<\/script>\n<!-- \/ Yoast SEO plugin. -->","yoast_head_json":{"title":"Conferencia Construcci\u00f3n Capilla y Centro Cultural Gaud\u00ed en Rancagua. - COLEGIO DE ARQUITECTOS DE CHILE","robots":{"index":"index","follow":"follow","max-snippet":"max-snippet:-1","max-image-preview":"max-image-preview:large","max-video-preview":"max-video-preview:-1"},"canonical":"https:\/\/colegioarquitectos.com\/noticias\/?p=18617","og_locale":"es_ES","og_type":"article","og_title":"Conferencia Construcci\u00f3n Capilla y Centro Cultural Gaud\u00ed en Rancagua. - COLEGIO DE ARQUITECTOS DE CHILE","og_description":"Expone Christian Matzner Thomsen, arquitecto de la Universidad de Chile, m\u00e1ster en restauraci\u00f3n arquitect\u00f3nica Universidad Polit\u00e9cnica de Madrid, Programa de Doctorado sobre Arquitectura de Gaud\u00ed Universidad Polit\u00e9cnica de Catalu\u00f1a, Barcelona. Actualmente es coordinador del Proyecto Centro Cultural Gaud\u00ed en Rancagua. &hellip; ver m\u00e1s","og_url":"https:\/\/colegioarquitectos.com\/noticias\/?p=18617","og_site_name":"COLEGIO DE ARQUITECTOS DE CHILE","article_publisher":"https:\/\/facebook.com\/Colegioarq\/","article_published_time":"2017-10-23T15:05:54+00:00","og_image":[{"width":690,"height":350,"url":"https:\/\/colegioarquitectos.com\/noticias\/wp-content\/uploads\/2017\/10\/Imagen-conferencia-construccio\u0301n-capilla-Gaudi.jpg","type":"image\/jpeg"}],"author":"Colegio de Arquitectos de Chile","twitter_card":"summary_large_image","twitter_creator":"@colegioarq","twitter_site":"@colegioarq","twitter_misc":{"Escrito por":"Colegio de Arquitectos de Chile","Tiempo de lectura":"3 minutos"},"schema":{"@context":"https:\/\/schema.org","@graph":[{"@type":"Article","@id":"https:\/\/colegioarquitectos.com\/noticias\/?p=18617#article","isPartOf":{"@id":"https:\/\/colegioarquitectos.com\/noticias\/?p=18617"},"author":{"name":"Colegio de Arquitectos de Chile","@id":"https:\/\/colegioarquitectos.com\/noticias\/#\/schema\/person\/685cc0aad148303c5608f049af8285ad"},"headline":"Conferencia Construcci\u00f3n Capilla y Centro Cultural Gaud\u00ed en Rancagua.","datePublished":"2017-10-23T15:05:54+00:00","dateModified":"2017-10-23T15:05:54+00:00","mainEntityOfPage":{"@id":"https:\/\/colegioarquitectos.com\/noticias\/?p=18617"},"wordCount":635,"publisher":{"@id":"https:\/\/colegioarquitectos.com\/noticias\/#organization"},"image":{"@id":"https:\/\/colegioarquitectos.com\/noticias\/?p=18617#primaryimage"},"thumbnailUrl":"https:\/\/colegioarquitectos.com\/noticias\/wp-content\/uploads\/2017\/10\/Imagen-conferencia-construccio\u0301n-capilla-Gaudi.jpg","articleSection":["Universidades"],"inLanguage":"es"},{"@type":"WebPage","@id":"https:\/\/colegioarquitectos.com\/noticias\/?p=18617","url":"https:\/\/colegioarquitectos.com\/noticias\/?p=18617","name":"Conferencia Construcci\u00f3n Capilla y Centro Cultural Gaud\u00ed en Rancagua. - COLEGIO DE ARQUITECTOS DE CHILE","isPartOf":{"@id":"https:\/\/colegioarquitectos.com\/noticias\/#website"},"primaryImageOfPage":{"@id":"https:\/\/colegioarquitectos.com\/noticias\/?p=18617#primaryimage"},"image":{"@id":"https:\/\/colegioarquitectos.com\/noticias\/?p=18617#primaryimage"},"thumbnailUrl":"https:\/\/colegioarquitectos.com\/noticias\/wp-content\/uploads\/2017\/10\/Imagen-conferencia-construccio\u0301n-capilla-Gaudi.jpg","datePublished":"2017-10-23T15:05:54+00:00","dateModified":"2017-10-23T15:05:54+00:00","breadcrumb":{"@id":"https:\/\/colegioarquitectos.com\/noticias\/?p=18617#breadcrumb"},"inLanguage":"es","potentialAction":[{"@type":"ReadAction","target":["https:\/\/colegioarquitectos.com\/noticias\/?p=18617"]}]},{"@type":"ImageObject","inLanguage":"es","@id":"https:\/\/colegioarquitectos.com\/noticias\/?p=18617#primaryimage","url":"https:\/\/colegioarquitectos.com\/noticias\/wp-content\/uploads\/2017\/10\/Imagen-conferencia-construccio\u0301n-capilla-Gaudi.jpg","contentUrl":"https:\/\/colegioarquitectos.com\/noticias\/wp-content\/uploads\/2017\/10\/Imagen-conferencia-construccio\u0301n-capilla-Gaudi.jpg","width":690,"height":350},{"@type":"BreadcrumbList","@id":"https:\/\/colegioarquitectos.com\/noticias\/?p=18617#breadcrumb","itemListElement":[{"@type":"ListItem","position":1,"name":"Portada","item":"https:\/\/colegioarquitectos.com\/noticias"},{"@type":"ListItem","position":2,"name":"Conferencia Construcci\u00f3n Capilla y Centro Cultural Gaud\u00ed en Rancagua."}]},{"@type":"WebSite","@id":"https:\/\/colegioarquitectos.com\/noticias\/#website","url":"https:\/\/colegioarquitectos.com\/noticias\/","name":"COLEGIO DE ARQUITECTOS DE CHILE","description":"","publisher":{"@id":"https:\/\/colegioarquitectos.com\/noticias\/#organization"},"potentialAction":[{"@type":"SearchAction","target":{"@type":"EntryPoint","urlTemplate":"https:\/\/colegioarquitectos.com\/noticias\/?s={search_term_string}"},"query-input":{"@type":"PropertyValueSpecification","valueRequired":true,"valueName":"search_term_string"}}],"inLanguage":"es"},{"@type":"Organization","@id":"https:\/\/colegioarquitectos.com\/noticias\/#organization","name":"COLEGIO DE ARQUITECTOS DE CHILE","url":"https:\/\/colegioarquitectos.com\/noticias\/","logo":{"@type":"ImageObject","inLanguage":"es","@id":"https:\/\/colegioarquitectos.com\/noticias\/#\/schema\/logo\/image\/","url":"https:\/\/colegioarquitectos.com\/noticias\/wp-content\/uploads\/2021\/05\/ENCABEZADO-LOGO-CA.jpg","contentUrl":"https:\/\/colegioarquitectos.com\/noticias\/wp-content\/uploads\/2021\/05\/ENCABEZADO-LOGO-CA.jpg","width":690,"height":350,"caption":"COLEGIO DE ARQUITECTOS DE CHILE"},"image":{"@id":"https:\/\/colegioarquitectos.com\/noticias\/#\/schema\/logo\/image\/"},"sameAs":["https:\/\/facebook.com\/Colegioarq\/","https:\/\/x.com\/colegioarq","https:\/\/instagram.com\/colegioarq","https:\/\/youtube.com\/@ColegiodeArquitectosdeChile"]},{"@type":"Person","@id":"https:\/\/colegioarquitectos.com\/noticias\/#\/schema\/person\/685cc0aad148303c5608f049af8285ad","name":"Colegio de Arquitectos de Chile","url":"https:\/\/colegioarquitectos.com\/noticias\/?author=4"}]}},"_links":{"self":[{"href":"https:\/\/colegioarquitectos.com\/noticias\/index.php?rest_route=\/wp\/v2\/posts\/18617","targetHints":{"allow":["GET"]}}],"collection":[{"href":"https:\/\/colegioarquitectos.com\/noticias\/index.php?rest_route=\/wp\/v2\/posts"}],"about":[{"href":"https:\/\/colegioarquitectos.com\/noticias\/index.php?rest_route=\/wp\/v2\/types\/post"}],"author":[{"embeddable":true,"href":"https:\/\/colegioarquitectos.com\/noticias\/index.php?rest_route=\/wp\/v2\/users\/4"}],"replies":[{"embeddable":true,"href":"https:\/\/colegioarquitectos.com\/noticias\/index.php?rest_route=%2Fwp%2Fv2%2Fcomments&post=18617"}],"version-history":[{"count":0,"href":"https:\/\/colegioarquitectos.com\/noticias\/index.php?rest_route=\/wp\/v2\/posts\/18617\/revisions"}],"wp:featuredmedia":[{"embeddable":true,"href":"https:\/\/colegioarquitectos.com\/noticias\/index.php?rest_route=\/wp\/v2\/media\/18620"}],"wp:attachment":[{"href":"https:\/\/colegioarquitectos.com\/noticias\/index.php?rest_route=%2Fwp%2Fv2%2Fmedia&parent=18617"}],"wp:term":[{"taxonomy":"category","embeddable":true,"href":"https:\/\/colegioarquitectos.com\/noticias\/index.php?rest_route=%2Fwp%2Fv2%2Fcategories&post=18617"},{"taxonomy":"post_tag","embeddable":true,"href":"https:\/\/colegioarquitectos.com\/noticias\/index.php?rest_route=%2Fwp%2Fv2%2Ftags&post=18617"}],"curies":[{"name":"wp","href":"https:\/\/api.w.org\/{rel}","templated":true}]}}