
{"id":18671,"date":"2017-10-23T19:26:40","date_gmt":"2017-10-23T19:26:40","guid":{"rendered":"http:\/\/colegioarquitectos.com\/?p=18671"},"modified":"2017-10-25T16:26:26","modified_gmt":"2017-10-25T16:26:26","slug":"conoce-el-programa-completo-de-la-xx-bienal-dialogos-impostergables","status":"publish","type":"post","link":"https:\/\/colegioarquitectos.com\/noticias\/?p=18671","title":{"rendered":"Conoce el programa completo de la XX Bienal \u00abDi\u00e1logos Impostergables\u00bb"},"content":{"rendered":"<p>La XX Bienal de Arquitectura y Urbanismo de Chile se acerca a pasos agigantados. A una semana de su inauguraci\u00f3n te presentamos al equipo curatorial detr\u00e1s del evento de arquitectura m\u00e1s importante en Chile y el programa de las principales actividades que reunir\u00e1n a profesionales provenientes de todas partes del mundo en la ciudad de Valpara\u00edso.<\/p>\n<p>La XX Bienal de Arquitectura de Chile es una iniciativa organizada por el Colegio de Arquitectos, en colaboraci\u00f3n con la AOA (Asociaci\u00f3n de Oficinas de Arquitectura y la Red de Escuelas de Arquitectura.<\/p>\n<p>&nbsp;<\/p>\n<div style=\"text-algn:left\"><span style=\"display:inline-block;text-align:center;\"><iframe allow=\"autoplay\" class=\"youtube_embed_iframe\"    allowFullScreen=\"true\" style=\"width:640px; height:385px\" src=\"https:\/\/www.youtube.com\/embed\/rE1JnhVDKXo?autoplay=0&theme=dark&loop=0&fs=1&showinfo=0&modestbranding=1&iv_load_policy=1&color=white&autohide=1&disablekb=0&enablejsapi=1&version=3\"><\/iframe><\/span><\/div>\n<p>&nbsp;<\/p>\n<p><strong>Jueves 26 de Octubre <\/strong><\/p>\n<p>Di\u00e1logo Impostergable: FUNDAMENTOS<\/p>\n<p>Modera: <em>Felipe Vera<\/em><\/p>\n<p>Todo comenzar\u00e1 el 26 de octubre a las 17:00 hrs, con \u201c<strong>Alfombra Roja<\/strong>\u201d, intervenci\u00f3n que plantea la problem\u00e1tica de represi\u00f3n de los derechos sexuales y reproductivos. Este d\u00eda destaca la participaci\u00f3n del Premio Nacional de Artes, <strong>Alfredo Jaar<\/strong> quien conversar\u00e1 acerca de su obra \u201cEstudios sobre la Felicidad\u201d, actualmente exhibida en los letreros publicitarios del recorrido Valpara\u00edso &#8211; Santiago. <strong>Felipe Vera<\/strong> moderar\u00e1 un panel compuesto por <strong>Camilo Restrepo<\/strong> (AGENdA, Colombia), <strong>Jorge Lobos<\/strong> (EA-RH, Chile), <strong>Alejandra Celed\u00f3n<\/strong> (PhD AA, Chile) y <strong>Manuel Herz<\/strong> (RWTH Aachen, Suiza). La tarde finaliza con la presentaci\u00f3n de \u201c<strong>Letters to the Mayor\/Cartas al Alcalde<\/strong>\u201d, instancia en la que <strong>Eva Franch<\/strong>, Directora de Storefront for Art and Architecture har\u00e1 la entrega oficial de cartas escritas por m\u00e1s de 50 arquitectos chilenos al Alcalde de Valpara\u00edso <strong>Jorge Sharp<\/strong>.<\/p>\n<p><a href=\"http:\/\/www.impostergable.cl\/wp-content\/uploads\/2017\/10\/programa_web_1-1.pdf\">Descarga el programa completo del d\u00eda jueves 26 ac\u00e1<\/a><\/p>\n<p>&nbsp;<\/p>\n<p><strong>Viernes 27 de Octubre <\/strong><\/p>\n<p>Di\u00e1logo Impostergable: IDENTIDAD<\/p>\n<p>Modera: <em>Pola Mora<\/em><\/p>\n<p>El segundo d\u00eda estar\u00e1 dedicado a \u201cLa Identidad\u201d y tiene actividades de alto inter\u00e9s como la cuarta edici\u00f3n en Latinoam\u00e9rica de \u00ab<strong>LUCHA LIBRE<\/strong>\u00ab, actividad moderada por <strong>Supersudaca<\/strong> que busca cruzar miradas en un debate de car\u00e1cter informal, con una dosis de humor para abordar los temas dif\u00edciles. <strong>Juan Pablo Corval\u00e1n<\/strong> (Santiago), <strong>Manuel de Rivero<\/strong> (Lima) y <strong>Max Zolkwer<\/strong> (Buenos Aires) ser\u00e1n los \u00e1rbitros de 3 Rounds en los un mismo tema y dos visiones se enfrentar\u00e1n. A las 19:00 hrs. se realizar\u00e1 la mesa de Di\u00e1logo \u201c<strong>Mujeres en arquitectura<\/strong>\u201d moderada por Pola Mora, en la que participar\u00e1n <strong>In\u00e9s Moisset<\/strong> (Argentina), <strong>Ana Mar\u00eda Dur\u00e1n<\/strong> (Ecuador), <strong>Elisa Silva<\/strong> (Venezuela), <strong>Caz\u00fa Zegers<\/strong> (Chile) y <strong>Sandra Iturriaga<\/strong> (Chile). La tarde cerrar\u00e1 con la Charla Magistral del Premio Nacional de Arquitectura, <strong>Edward Rojas<\/strong>.<\/p>\n<p><a href=\"http:\/\/www.impostergable.cl\/wp-content\/uploads\/2017\/10\/programa_web_2.pdf\">Descarga el programa completo del d\u00eda viernes 27 ac\u00e1<\/a><\/p>\n<p>&nbsp;<\/p>\n<p><strong>S\u00e1bado 28 de Octubre <\/strong><\/p>\n<p>Di\u00e1logo Impostergable: LO COM\u00daN<\/p>\n<p>Modera: <em>Miguel Cancino y Claudio Magrini<\/em><\/p>\n<p>El 28 de octubre ser\u00e1 el d\u00eda de \u201cLo com\u00fan\u201d que tendr\u00e1 la mesa \u201cEl Habitar com\u00fan\u201d, conformada por el arquitecto <strong>Miguel Lawner<\/strong>, el historiador <strong>Gabriel Salazar<\/strong> y el Comit\u00e9 de Arquitectos J\u00f3venes de Chile, la <strong>Divisi\u00f3n de Pol\u00edticas Habitacionales<\/strong> del Ministerio de Vivienda y Urbanismo, la <strong>ONG Vivienda Local<\/strong> y el movimiento <strong>UKAMAU<\/strong>. La \u201cPregunta Disciplinar\u201d ser\u00e1 otra actividad que resaltar\u00e1 y donde se discutir\u00e1n 3 importantes temas: \u201c\u00bfPara qu\u00e9 hacer (Bien)ales?\u201d de <strong>Jos\u00e9 Llano Loyola<\/strong> y <strong>Nahuel Quiroga<\/strong>; \u201cArchivo provisional\u201d del equipo compuesto por <strong>Fernando Portal<\/strong>, <strong>Fernando Carvajal<\/strong>, <strong>Pedro Correa Fer\u00e1ndez<\/strong> y <strong>Rayna Razmilic<\/strong>; y \u201cEl discurso de la arquitectura contempor\u00e1nea chilena, cuatro debates fundamentales\u201d, del equipo compuesto por <strong>Macarena Cort\u00e9s<\/strong>, <strong>Hugo Mondrag\u00f3n<\/strong>, <strong>Umberto Bonomo<\/strong> y <strong>Pedro Alonso<\/strong>.<\/p>\n<p><a href=\"http:\/\/www.impostergable.cl\/wp-content\/uploads\/2017\/10\/programa_web_3-1.pdf\">Descarga el programa completo del d\u00eda s\u00e1bado 28 ac\u00e1<\/a><\/p>\n<p>&nbsp;<\/p>\n<p><strong>Domingo 29 de Octubre <\/strong><\/p>\n<p>Di\u00e1logo Impostergable: VULNERABILIDAD<\/p>\n<p>Modera: <em>Jeannette Sordi <\/em><\/p>\n<p>El cuarto d\u00eda estar\u00e1 dedicado a \u201cLa Vulnerabilidad\u201d, jornada en la que se llevar\u00e1 a cabo la mesa \u201cVisiones: Dise\u00f1ando para un planeta vulnerable\u201d en la que participan <strong>I\u00f1aki \u00c1balos + Sentkiewicz<\/strong> (Harvard University), <strong>Alexandros Tsamis<\/strong> (Universidad Adolfo Ib\u00e1\u00f1ez), <strong>Elisa Cattaneo<\/strong> (Polit\u00e9cnico de Mil\u00e1n) y <strong>David Gouverneur<\/strong> (Universidad de Pennsylvania). El d\u00eda cerrar\u00e1 con la mesa \u201cInfra-verde: Respuestas a la vulnerabilidad\u201d, que reunir\u00e1 a <strong>Amy Chester<\/strong> (Rebuild by Design), <strong>Alfredo Ram\u00edrez <\/strong>y <strong>Gustavo Romanillos<\/strong> (Landscape Urbanism, AA, UK), <strong>Flavio Janches<\/strong> (BJC, Universidad de Buenos Aires), <strong>Dominique Mashini<\/strong> (Banco Interamericano de Desarrollo) y <strong>Jaime Daroca<\/strong>, <strong>Jos\u00e9 Mayoral<\/strong> y <strong>Jos\u00e9 Ram\u00f3n Sierra<\/strong> (PR\u00c1CTICA).<\/p>\n<p><a href=\"http:\/\/www.impostergable.cl\/wp-content\/uploads\/2017\/10\/programa_web_4-1.pdf\">Descarga el programa completo del d\u00eda domingo 29 ac\u00e1<\/a><\/p>\n<p>&nbsp;<\/p>\n<p><strong>Lunes 30 de Octubre\u00a0<\/strong><\/p>\n<p><em>D\u00cdA COMIT\u00c9S COLEGIO DE ARQUITECTOS DE CHILE<\/em><\/p>\n<p>&nbsp;<\/p>\n<p>10:00 \u2013 12:00 _\u00a0<strong>COMIT\u00c9 DE TECNOLOG\u00cdA Seminario \u201cLa Arquitectura se Incendia\u201d<\/strong><\/p>\n<p>Conversaci\u00f3n y reflexi\u00f3n en torno a la problem\u00e1tica del incendio en la edificaci\u00f3n en altura. Se revisar\u00e1 la actualidad normativa y de dise\u00f1o, acercando la teor\u00eda a trav\u00e9s de m\u00f3dulos pr\u00e1cticos.<\/p>\n<p>Con <strong>Ricardo Le\u00f1am<\/strong>, Arquitecto Divisi\u00f3n de Desarrollo Urbano, MINVU; <strong>Rodrigo Aravena<\/strong>, Gerente Unidad de Ingenier\u00eda de Protecci\u00f3n contra el Fuego, DICTUC y <strong>Edith Pacci<\/strong>, Arquitecta, Comit\u00e9 de Tecnolog\u00eda del Colegio de Arquitectos. <a href=\"http:\/\/colegioarquitectos.com\/noticias\/?p=18685\">(M\u00e1s info)<\/a><\/p>\n<p>12:00 \u2013 13:30 _\u00a0<strong>COMIT\u00c9 DE TECNOLOG\u00cdA Seminario Patrimonio Resistente<\/strong><\/p>\n<p>Experiencias de la recuperaci\u00f3n del patrimonio construido en tierra y c\u00f3mo este mantiene su vigencia a trav\u00e9s del aprendizaje del pasado y la utilizaci\u00f3n de las tecnolog\u00edas de hoy.<\/p>\n<p>Amanda Rivera, Arquitecta Escuela de Construcci\u00f3n en Tierra (ECOT); Natalia Jorquera, Arquitecta y acad\u00e9mica Universidad de Chile; \u00c1lvaro Riquelme, FLESAN Restauraciones y Xiloscopio Restauraciones y Camilo Giribas, Arquitecto, FLESAN Restauraciones y Escuela de Construcci\u00f3n en Tierra (ECOT). <a href=\"http:\/\/colegioarquitectos.com\/noticias\/?p=18685\">(M\u00e1s info)<\/a><\/p>\n<p>15:00 \u2013 17:00_\u00a0<strong>COMIT\u00c9 DE TECNOLOG\u00cdA Seminario Arquitectura e Innovaci\u00f3n: Un camino a la industrializaci\u00f3n<\/strong><\/p>\n<p>Diferentes\u00a0puntos de vista en torno a la industrializaci\u00f3n y la prefabricaci\u00f3n al alcance de todos, en el marco de la XX Bienal de Arquitectura. Oportunidad de conocer de primera mano las estrategias nacionales sobre la industrializaci\u00f3n en Chile.<\/p>\n<p>Con Oscar Zaccarelli, Arquitecto y Docente E.A. UCEN y USACH, Past President COMTEC; Marcos Brito, Gerente de Construye2025; Frane Zilic, Director Polo Madera UdeC; Jorge Calder\u00f3n, Dise\u00f1ador Industrial UCV, CRULAMM. <a href=\"http:\/\/colegioarquitectos.com\/noticias\/?p=18685\">(M\u00e1s info)<\/a><\/p>\n<p>&nbsp;<\/p>\n<p>15:00 &#8211; 16:00 _ <strong>Comit\u00e9 DDHH Y CIUDADANOS Conversatorio derechos humanos y memoria<\/strong><\/p>\n<p>Conversatorio con el arquitecto Miguel Lawner, detenido y posteriormente exiliado durante la dictadura en Chile y Carmen Hertz, abogado, vinculada a causas de derechos humanos en Chile. El di\u00e1logo se construir\u00e1 sobre tres ejes; el derecho a la memoria, el derecho a la reparaci\u00f3n colectiva y las garant\u00edas de no repetici\u00f3n. (<a href=\"http:\/\/colegioarquitectos.com\/noticias\/?p=18600\">M\u00e1s info<\/a>)<\/p>\n<p>&nbsp;<\/p>\n<p>16:00 &#8211; 17:00 _ <strong>COMIT\u00c9 BIM Exposici\u00f3n de proyectos de t\u00edtulos universitarios Construye 2025, Concurso BIM FORUM Universitarios<\/strong>.<\/p>\n<p>&nbsp;<\/p>\n<p>18:30 &#8211; 20:00 _ <strong>COMIT\u00c9 DE HABITAT Y VIVIENDA \u00abDerecho a la Ciudad y nueva constituci\u00f3n: Dignidad humana en el Territorio y la Ciudad\u00bb<\/strong>\u00a0(<a href=\"http:\/\/colegioarquitectos.com\/noticias\/?page_id=12841\">M\u00e1s info sobre la campa\u00f1a<\/a>)<\/p>\n<p>&nbsp;<\/p>\n<p>20:00 &#8211; 21:00 _ <strong>COMIT\u00c9 DE ARQUITECTOS J\u00d3VENES\u00a0Creatividad, Innovaci\u00f3n y emprendimiento en torno a la Arquitectura<\/strong>.<\/p>\n<p>Encuentro sobre experiencias y testimonios en torno a\u00a0la\u00a0<strong>arquitectura<\/strong>\u00a0y el\u00a0<strong>emprendimiento\u00a0<\/strong>(<a href=\"http:\/\/colegioarquitectos.com\/noticias\/?p=18559\">M\u00e1s info<\/a>)<\/p>\n<p>&nbsp;<\/p>\n<p><strong>Martes 31 de Octubre<\/strong><\/p>\n<p><em>D\u00cdA COMIT\u00c9S COLEGIO DE ARQUITECTOS DE CHILE<\/em><\/p>\n<p>&nbsp;<\/p>\n<p>10:00 \u2013 13:30 _\u00a0La <strong>Comisi\u00f3n de Accesibilidad Universal<\/strong> conformada por el Comit\u00e9 de Arquitectura Deportiva y Parques, el Comit\u00e9 de Leyes y Normas, junto al <strong>Servicio Nacional de la Discapacidad<\/strong> (SENADIS)\u2013 I<strong>II JORNADA ACCESIBILIDAD UNIVERSAL \u2013 CONVERSATORIO CIUDADANO<\/strong><\/p>\n<p>Una jornada donde se abordar\u00e1n dos di\u00e1logos ciudadanos y se realizar\u00e1n cinco mesas t\u00e9cnicas de trabajo para abordar diversas materias de inter\u00e9s en accesibilidad, con la participaci\u00f3n de representantes de diversos sectores sociales. Arquitectura y m\u00e1s. (<a href=\"http:\/\/colegioarquitectos.com\/noticias\/?p=18517\">M\u00e1s info<\/a>)<\/p>\n<p>15:00 &#8211; 19:00 <strong>Comisi\u00f3n de Accesibilidad Universal y<\/strong><strong>\u00a0Senadis &#8211; WORKSHOP TALLERES T\u00c9CNICOS. <\/strong>(<a href=\"http:\/\/colegioarquitectos.com\/noticias\/?p=18517\">M\u00e1s info<\/a>)<\/p>\n<p>Con Pedro Correa Maturana (Coordinador Nacional de Accesibilidad SENADIS); Mar\u00eda Soledad Cisternas (Abogada, Docente y Enviada Especial de ONU en Discapacidad y Accesibilidad); Daniel Concha Gamboa (Director del Servicio Nacional de la Discapacidad); Luis Eduardo Bresciani Lecanelier (Presidente del Consejo Nacional de Desarrollo Urbano); Marcela Cabezas Keller (Directora Nacional del Servicio Nacional de Turismo); Fernando\u00a0 Aizman Sevilla (Gerente General \u00c1reas Silvestres Protegidas, CONAF) y otros.<\/p>\n<p>&nbsp;<\/p>\n<p><strong>Jueves 2 de Noviembre <\/strong><\/p>\n<p>Di\u00e1logo Impostergable: LA INTEGRACI\u00d3N<\/p>\n<p>Modera: <em>Pablo Navarrete<\/em><\/p>\n<p>Este d\u00eda tendr\u00e1 como imperdible el debate que incluir\u00e1 a <strong>representantes de los candidatos a la pr\u00f3xima elecci\u00f3n presidencial<\/strong>, para discutir las distintas estrategias de integraci\u00f3n en la agenda urbana del pa\u00eds (2018-2022) y que ser\u00e1 moderado por el curador <strong>Pablo Navarrete<\/strong> y <strong>Marcelo Ruiz<\/strong>, de la corporaci\u00f3n <strong>Metropol\u00edtica<\/strong>. El panel \u201cDi\u00e1logo Transversal\u201d ser\u00e1 moderado por<strong> Rodrigo Guendelman<\/strong> y reunir\u00e1 a <strong>Luis Eduardo Bresciani<\/strong> (Presidente del Consejo Nacional de Desarrollo Urbano), <strong>Mauricio Varela<\/strong> (Presidente Asociaci\u00f3n de desarrolladores Inmobiliarios &#8211; ADI), <strong>Pablo Jord\u00e1n<\/strong> (Director de la Asociaci\u00f3n de Oficinas de Arquitectos &#8211; AOA) y <strong>Mar\u00eda Elena Ducci<\/strong> (Presidenta de Ciudad Viva).<\/p>\n<p><a href=\"http:\/\/www.impostergable.cl\/wp-content\/uploads\/2017\/10\/programa_web_5-1.pdf\">Descarga el programa completo del d\u00eda jueves 2 ac\u00e1<\/a><\/p>\n<p>&nbsp;<\/p>\n<p><strong>Viernes 3 de Noviembre <\/strong><\/p>\n<p>Di\u00e1logo Impostergable: LA PARTICIPACI\u00d3N<\/p>\n<p>Modera: <em>Claudio Magrini y Miguel Cancino<\/em><\/p>\n<p>El d\u00eda dedicado \u201cLa participaci\u00f3n\u201d y se enfocar\u00e1 en el trabajo de organizaciones de \u201cActivismo C\u00edvico\u201d como <strong>Aldea<\/strong>, <strong>Fundaci\u00f3n Mi Parque<\/strong>, <strong>Fundaci\u00f3n Urbanismo Social<\/strong>, <strong>Junto al Barrio<\/strong>, <strong>Plan Cerro<\/strong>, <strong>Quiero Mi Barrio<\/strong>, <strong>Ciudad Emergente<\/strong>, <strong>Espacio L\u00fadico<\/strong>, <strong>\u00a0Espacio Santa Ana+Crac Valpara\u00edso<\/strong>, entre otros. Adem\u00e1s se dar\u00e1n a conocer los \u201cDesaf\u00edos\u201d propuestos con el fin de replantearse la vida comunitaria en la ciudad a trav\u00e9s de distintas estrategias de participaci\u00f3n. El d\u00eda cerrar\u00e1 con una una conversaci\u00f3n entre <strong>Gehl Architects<\/strong> (Dinamarca) y <strong>Pedro Henrique de Cristo<\/strong> (Brasil) y conferencia de <strong>Jos\u00e9 Luis Vallejo<\/strong>, de Ecosistema Urbano (Espa\u00f1a).<\/p>\n<p><a href=\"http:\/\/www.impostergable.cl\/wp-content\/uploads\/2017\/10\/programa_web_6-1.pdf\">Descarga el programa completo del d\u00eda viernes 3 ac\u00e1<\/a><\/p>\n<p>&nbsp;<\/p>\n<p><strong>S\u00e1bado 4 de Noviembre <\/strong><\/p>\n<p>Di\u00e1logo Impostergable: RECURSOS<\/p>\n<p>Modera: <em>Jos\u00e9 Mayoral<\/em><\/p>\n<p>\u201cLos recursos\u201d es otra de las tem\u00e1ticas que se abordar\u00e1n en esta bienal. El d\u00eda tendr\u00e1 una mesa de di\u00e1logo integrada por el curador <strong>Jos\u00e9 Mayoral<\/strong>, el curador general de la Bienal, <strong>Felipe Vera<\/strong>, el arquitecto y profesor de la Universidad Cat\u00f3lica, <strong>Rodrigo P\u00e9rez de Arce<\/strong> y <strong>Hashim Sarkis<\/strong>, decano de la Facultad de Arquitectura del MIT y socio fundador de Hashim Sarkis Studios (HSS). La jornada cerrar\u00e1 con la mesa: \u201cRecursos desde el Sur\u201d, una conversaci\u00f3n que reunir\u00e1 a cuatro grandes figuras de la arquitectura sudamericana contempor\u00e1nea: <strong>Jean Pierre Crousse<\/strong> + <strong>Sandra Barclay<\/strong> (Barclay &amp; Crousse, Lima-Per\u00fa) y <strong>Solano Ben\u00edtez + Gloria Cabral<\/strong> (Gabinete de Arquitectura, Asunci\u00f3n-Paraguay).<\/p>\n<p><strong>Comit\u00e9 de H\u00e1bitat y Vivienda<\/strong> del Colegio de Arquitectos realizar\u00e1 un debate pol\u00edtico en torno al lanzamiento de la versi\u00f3n en espa\u00f1ol del libro \u201cGuerra de lugares\u201d (2015) de Raquel Rolnik (USP, Brasil)<\/p>\n<p><a href=\"http:\/\/www.impostergable.cl\/wp-content\/uploads\/2017\/10\/programa_web_7.pdf\">Descarga el programa completo del d\u00eda s\u00e1bado 4 ac\u00e1<\/a><\/p>\n<p>&nbsp;<\/p>\n<p><strong>Domingo 5 de Noviembre <\/strong><\/p>\n<p>Di\u00e1logo Impostergable: EL FUTURO<\/p>\n<p>Modera: <em>Rodrigo Tisi<\/em><\/p>\n<p>Todo culminar\u00e1 con \u201cEl Futuro\u201d, d\u00eda donde el Director Creativo la Bienal, <strong>Rodrigo Tisi<\/strong>, dar\u00e1 inicio a una exposici\u00f3n sobre la ambiciosa <strong>Agenda de Infraestructura<\/strong>, Desarrollo e Inclusi\u00f3n Chile 30\/30, impulsada por el Ministerio de Obras P\u00fablicas. Se realizar\u00e1 una conferencia relacionada con infraestructuras del futuro a cargo de <strong>Sergio Rebelo<\/strong>, director y socio de <strong>FR-EE NY<\/strong> (Fernando Romero Enterprise), adem\u00e1s de una charla magistral de <strong>Laura Kurgan<\/strong> para explicar el proyecto EXIT dise\u00f1ado por <strong>Diller<\/strong>, <strong>Scofidio<\/strong> + <strong>Renfro<\/strong>. En este marco tambi\u00e9n estar\u00e1 el artista <strong>Michael Wang<\/strong> (\u201cExtinct in the Wild\u201d, New York) y la investigadora <strong>Yanki Lee<\/strong> (Enable Foundation, Hong Kong).<\/p>\n<p><a href=\"http:\/\/www.impostergable.cl\/wp-content\/uploads\/2017\/10\/programa_web_8-1.pdf\">Descarga el programa completo del d\u00eda domingo 5 ac\u00e1<\/a><\/p>\n<p>&nbsp;<\/p>\n<p><strong>Lunes 06 de noviembre<\/strong><\/p>\n<p>D\u00cdA COMIT\u00c9S COLEGIO DE ARQUITECTOS DE CHILE<\/p>\n<p>&nbsp;<\/p>\n<p>10:00- 14:00 &#8211; <strong>Comit\u00e9 de Sustentabilidad y Energia: Panorama y Desarrollo de la Arquitectura Sustentable.<\/strong><\/p>\n<p>12:00 &#8211; 14:00 &#8211; <strong>Comit\u00e9 Revisores Independientes. MESA REDONDA: La revisi\u00f3n de proyectos en la calidad de la construcci\u00f3n<\/strong><\/p>\n<p>14:00 &#8211; 15:00 &#8211; <strong>ASATCH: Ejercicio Profesional del tasador\/ Formaci\u00f3n acad\u00e9mica y competencias\/ Presentaci\u00f3n de Curso Tasaci\u00f3n de Inmuebles Patrimoniales<\/strong><\/p>\n<p>18:00 -20:00 &#8211; <strong>COMIT\u00c9 DE PATRIMONIO ARQUITECT\u00d3NICO Y AMBIENTAL \u00ab3 X 3 = 10, Hablemos de patrimonio hoy\u00bb<\/strong><\/p>\n<p>18:00 -19:30 _<strong>Comit\u00e9 de Docencia CA: La calidad de la Ense\u00f1anza &#8211; Aprendizaje en la formaci\u00f3n de los nuevos Arquitectos<\/strong><\/p>\n<p>La calidad de la Ense\u00f1anza-Aprendizaje en la formaci\u00f3n de los nuevos arquitectos en Chile\u201d, participan:\u00a0Universidad del Biob\u00edo; Universidad de Concepci\u00f3n; Universidad Cat\u00f3lica del Norte; Universidad de Valpara\u00edso y\u00a0UNIACC. Invitado especial Colegio de Arquitectos de Concepci\u00f3n. (<a href=\"http:\/\/colegioarquitectos.com\/noticias\/?p=18694\">M\u00e1s info<\/a>)<\/p>\n<p>&nbsp;<\/p>\n<p><strong>Martes 07 de noviembre<\/strong><\/p>\n<p>D\u00cdA COMIT\u00c9S COLEGIO DE ARQUITECTOS DE CHILE<\/p>\n<p>18:00 _<strong>Conversatorio Barrios, Patrimonio y Gentrificaci\u00f3n<\/strong><\/p>\n<p>Conversatorio y debate a desarrollarse en el Auditorio Principal del Parque Cultural de Valpara\u00edso (<a href=\"http:\/\/colegioarquitectos.com\/noticias\/?p=18702\">M\u00e1s info<\/a>).<\/p>\n<p>&nbsp;<\/p>\n<p><\/p>","protected":false},"excerpt":{"rendered":"<p>La XX Bienal de Arquitectura y Urbanismo de Chile se acerca a pasos agigantados. A una semana de su inauguraci\u00f3n te presentamos al equipo curatorial detr\u00e1s del evento de arquitectura m\u00e1s importante en Chile y el programa de las principales &hellip; <a class=\"more-link\" href=\"https:\/\/colegioarquitectos.com\/noticias\/?p=18671\">ver m\u00e1s<\/a><\/p>","protected":false},"author":4,"featured_media":18672,"comment_status":"closed","ping_status":"closed","sticky":false,"template":"","format":"standard","meta":{"footnotes":""},"categories":[59],"tags":[],"class_list":["post-18671","post","type-post","status-publish","format-standard","has-post-thumbnail","hentry","category-bienal"],"yoast_head":"<!-- This site is optimized with the Yoast SEO plugin v24.2 - https:\/\/yoast.com\/wordpress\/plugins\/seo\/ -->\n<title>Conoce el programa completo de la XX Bienal &quot;Di\u00e1logos Impostergables&quot; - COLEGIO DE ARQUITECTOS DE CHILE<\/title>\n<meta name=\"robots\" content=\"index, follow, max-snippet:-1, max-image-preview:large, max-video-preview:-1\" \/>\n<link rel=\"canonical\" href=\"https:\/\/colegioarquitectos.com\/noticias\/?p=18671\" \/>\n<meta property=\"og:locale\" content=\"es_ES\" \/>\n<meta property=\"og:type\" content=\"article\" \/>\n<meta property=\"og:title\" content=\"Conoce el programa completo de la XX Bienal &quot;Di\u00e1logos Impostergables&quot; - COLEGIO DE ARQUITECTOS DE CHILE\" \/>\n<meta property=\"og:description\" content=\"La XX Bienal de Arquitectura y Urbanismo de Chile se acerca a pasos agigantados. A una semana de su inauguraci\u00f3n te presentamos al equipo curatorial detr\u00e1s del evento de arquitectura m\u00e1s importante en Chile y el programa de las principales &hellip; ver m\u00e1s\" \/>\n<meta property=\"og:url\" content=\"https:\/\/colegioarquitectos.com\/noticias\/?p=18671\" \/>\n<meta property=\"og:site_name\" content=\"COLEGIO DE ARQUITECTOS DE CHILE\" \/>\n<meta property=\"article:publisher\" content=\"https:\/\/facebook.com\/Colegioarq\/\" \/>\n<meta property=\"article:published_time\" content=\"2017-10-23T19:26:40+00:00\" \/>\n<meta property=\"article:modified_time\" content=\"2017-10-25T16:26:26+00:00\" \/>\n<meta property=\"og:image\" content=\"https:\/\/colegioarquitectos.com\/noticias\/wp-content\/uploads\/2017\/10\/Programa-XX-Bienal-Chile-Di\u00e1logos-Impostergables.jpg\" \/>\n\t<meta property=\"og:image:width\" content=\"690\" \/>\n\t<meta property=\"og:image:height\" content=\"350\" \/>\n\t<meta property=\"og:image:type\" content=\"image\/jpeg\" \/>\n<meta name=\"author\" content=\"Colegio de Arquitectos de Chile\" \/>\n<meta name=\"twitter:card\" content=\"summary_large_image\" \/>\n<meta name=\"twitter:creator\" content=\"@colegioarq\" \/>\n<meta name=\"twitter:site\" content=\"@colegioarq\" \/>\n<meta name=\"twitter:label1\" content=\"Escrito por\" \/>\n\t<meta name=\"twitter:data1\" content=\"Colegio de Arquitectos de Chile\" \/>\n\t<meta name=\"twitter:label2\" content=\"Tiempo de lectura\" \/>\n\t<meta name=\"twitter:data2\" content=\"10 minutos\" \/>\n<script type=\"application\/ld+json\" class=\"yoast-schema-graph\">{\"@context\":\"https:\/\/schema.org\",\"@graph\":[{\"@type\":\"Article\",\"@id\":\"https:\/\/colegioarquitectos.com\/noticias\/?p=18671#article\",\"isPartOf\":{\"@id\":\"https:\/\/colegioarquitectos.com\/noticias\/?p=18671\"},\"author\":{\"name\":\"Colegio de Arquitectos de Chile\",\"@id\":\"https:\/\/colegioarquitectos.com\/noticias\/#\/schema\/person\/685cc0aad148303c5608f049af8285ad\"},\"headline\":\"Conoce el programa completo de la XX Bienal \u00abDi\u00e1logos Impostergables\u00bb\",\"datePublished\":\"2017-10-23T19:26:40+00:00\",\"dateModified\":\"2017-10-25T16:26:26+00:00\",\"mainEntityOfPage\":{\"@id\":\"https:\/\/colegioarquitectos.com\/noticias\/?p=18671\"},\"wordCount\":2087,\"publisher\":{\"@id\":\"https:\/\/colegioarquitectos.com\/noticias\/#organization\"},\"image\":{\"@id\":\"https:\/\/colegioarquitectos.com\/noticias\/?p=18671#primaryimage\"},\"thumbnailUrl\":\"https:\/\/colegioarquitectos.com\/noticias\/wp-content\/uploads\/2017\/10\/Programa-XX-Bienal-Chile-Di\u00e1logos-Impostergables.jpg\",\"articleSection\":[\"Bienal\"],\"inLanguage\":\"es\"},{\"@type\":\"WebPage\",\"@id\":\"https:\/\/colegioarquitectos.com\/noticias\/?p=18671\",\"url\":\"https:\/\/colegioarquitectos.com\/noticias\/?p=18671\",\"name\":\"Conoce el programa completo de la XX Bienal \\\"Di\u00e1logos Impostergables\\\" - COLEGIO DE ARQUITECTOS DE CHILE\",\"isPartOf\":{\"@id\":\"https:\/\/colegioarquitectos.com\/noticias\/#website\"},\"primaryImageOfPage\":{\"@id\":\"https:\/\/colegioarquitectos.com\/noticias\/?p=18671#primaryimage\"},\"image\":{\"@id\":\"https:\/\/colegioarquitectos.com\/noticias\/?p=18671#primaryimage\"},\"thumbnailUrl\":\"https:\/\/colegioarquitectos.com\/noticias\/wp-content\/uploads\/2017\/10\/Programa-XX-Bienal-Chile-Di\u00e1logos-Impostergables.jpg\",\"datePublished\":\"2017-10-23T19:26:40+00:00\",\"dateModified\":\"2017-10-25T16:26:26+00:00\",\"breadcrumb\":{\"@id\":\"https:\/\/colegioarquitectos.com\/noticias\/?p=18671#breadcrumb\"},\"inLanguage\":\"es\",\"potentialAction\":[{\"@type\":\"ReadAction\",\"target\":[\"https:\/\/colegioarquitectos.com\/noticias\/?p=18671\"]}]},{\"@type\":\"ImageObject\",\"inLanguage\":\"es\",\"@id\":\"https:\/\/colegioarquitectos.com\/noticias\/?p=18671#primaryimage\",\"url\":\"https:\/\/colegioarquitectos.com\/noticias\/wp-content\/uploads\/2017\/10\/Programa-XX-Bienal-Chile-Di\u00e1logos-Impostergables.jpg\",\"contentUrl\":\"https:\/\/colegioarquitectos.com\/noticias\/wp-content\/uploads\/2017\/10\/Programa-XX-Bienal-Chile-Di\u00e1logos-Impostergables.jpg\",\"width\":690,\"height\":350},{\"@type\":\"BreadcrumbList\",\"@id\":\"https:\/\/colegioarquitectos.com\/noticias\/?p=18671#breadcrumb\",\"itemListElement\":[{\"@type\":\"ListItem\",\"position\":1,\"name\":\"Portada\",\"item\":\"https:\/\/colegioarquitectos.com\/noticias\"},{\"@type\":\"ListItem\",\"position\":2,\"name\":\"Conoce el programa completo de la XX Bienal \u00abDi\u00e1logos Impostergables\u00bb\"}]},{\"@type\":\"WebSite\",\"@id\":\"https:\/\/colegioarquitectos.com\/noticias\/#website\",\"url\":\"https:\/\/colegioarquitectos.com\/noticias\/\",\"name\":\"COLEGIO DE ARQUITECTOS DE CHILE\",\"description\":\"\",\"publisher\":{\"@id\":\"https:\/\/colegioarquitectos.com\/noticias\/#organization\"},\"potentialAction\":[{\"@type\":\"SearchAction\",\"target\":{\"@type\":\"EntryPoint\",\"urlTemplate\":\"https:\/\/colegioarquitectos.com\/noticias\/?s={search_term_string}\"},\"query-input\":{\"@type\":\"PropertyValueSpecification\",\"valueRequired\":true,\"valueName\":\"search_term_string\"}}],\"inLanguage\":\"es\"},{\"@type\":\"Organization\",\"@id\":\"https:\/\/colegioarquitectos.com\/noticias\/#organization\",\"name\":\"COLEGIO DE ARQUITECTOS DE CHILE\",\"url\":\"https:\/\/colegioarquitectos.com\/noticias\/\",\"logo\":{\"@type\":\"ImageObject\",\"inLanguage\":\"es\",\"@id\":\"https:\/\/colegioarquitectos.com\/noticias\/#\/schema\/logo\/image\/\",\"url\":\"https:\/\/colegioarquitectos.com\/noticias\/wp-content\/uploads\/2021\/05\/ENCABEZADO-LOGO-CA.jpg\",\"contentUrl\":\"https:\/\/colegioarquitectos.com\/noticias\/wp-content\/uploads\/2021\/05\/ENCABEZADO-LOGO-CA.jpg\",\"width\":690,\"height\":350,\"caption\":\"COLEGIO DE ARQUITECTOS DE CHILE\"},\"image\":{\"@id\":\"https:\/\/colegioarquitectos.com\/noticias\/#\/schema\/logo\/image\/\"},\"sameAs\":[\"https:\/\/facebook.com\/Colegioarq\/\",\"https:\/\/x.com\/colegioarq\",\"https:\/\/instagram.com\/colegioarq\",\"https:\/\/youtube.com\/@ColegiodeArquitectosdeChile\"]},{\"@type\":\"Person\",\"@id\":\"https:\/\/colegioarquitectos.com\/noticias\/#\/schema\/person\/685cc0aad148303c5608f049af8285ad\",\"name\":\"Colegio de Arquitectos de Chile\",\"url\":\"https:\/\/colegioarquitectos.com\/noticias\/?author=4\"}]}<\/script>\n<!-- \/ Yoast SEO plugin. -->","yoast_head_json":{"title":"Conoce el programa completo de la XX Bienal \"Di\u00e1logos Impostergables\" - COLEGIO DE ARQUITECTOS DE CHILE","robots":{"index":"index","follow":"follow","max-snippet":"max-snippet:-1","max-image-preview":"max-image-preview:large","max-video-preview":"max-video-preview:-1"},"canonical":"https:\/\/colegioarquitectos.com\/noticias\/?p=18671","og_locale":"es_ES","og_type":"article","og_title":"Conoce el programa completo de la XX Bienal \"Di\u00e1logos Impostergables\" - COLEGIO DE ARQUITECTOS DE CHILE","og_description":"La XX Bienal de Arquitectura y Urbanismo de Chile se acerca a pasos agigantados. A una semana de su inauguraci\u00f3n te presentamos al equipo curatorial detr\u00e1s del evento de arquitectura m\u00e1s importante en Chile y el programa de las principales &hellip; ver m\u00e1s","og_url":"https:\/\/colegioarquitectos.com\/noticias\/?p=18671","og_site_name":"COLEGIO DE ARQUITECTOS DE CHILE","article_publisher":"https:\/\/facebook.com\/Colegioarq\/","article_published_time":"2017-10-23T19:26:40+00:00","article_modified_time":"2017-10-25T16:26:26+00:00","og_image":[{"width":690,"height":350,"url":"https:\/\/colegioarquitectos.com\/noticias\/wp-content\/uploads\/2017\/10\/Programa-XX-Bienal-Chile-Di\u00e1logos-Impostergables.jpg","type":"image\/jpeg"}],"author":"Colegio de Arquitectos de Chile","twitter_card":"summary_large_image","twitter_creator":"@colegioarq","twitter_site":"@colegioarq","twitter_misc":{"Escrito por":"Colegio de Arquitectos de Chile","Tiempo de lectura":"10 minutos"},"schema":{"@context":"https:\/\/schema.org","@graph":[{"@type":"Article","@id":"https:\/\/colegioarquitectos.com\/noticias\/?p=18671#article","isPartOf":{"@id":"https:\/\/colegioarquitectos.com\/noticias\/?p=18671"},"author":{"name":"Colegio de Arquitectos de Chile","@id":"https:\/\/colegioarquitectos.com\/noticias\/#\/schema\/person\/685cc0aad148303c5608f049af8285ad"},"headline":"Conoce el programa completo de la XX Bienal \u00abDi\u00e1logos Impostergables\u00bb","datePublished":"2017-10-23T19:26:40+00:00","dateModified":"2017-10-25T16:26:26+00:00","mainEntityOfPage":{"@id":"https:\/\/colegioarquitectos.com\/noticias\/?p=18671"},"wordCount":2087,"publisher":{"@id":"https:\/\/colegioarquitectos.com\/noticias\/#organization"},"image":{"@id":"https:\/\/colegioarquitectos.com\/noticias\/?p=18671#primaryimage"},"thumbnailUrl":"https:\/\/colegioarquitectos.com\/noticias\/wp-content\/uploads\/2017\/10\/Programa-XX-Bienal-Chile-Di\u00e1logos-Impostergables.jpg","articleSection":["Bienal"],"inLanguage":"es"},{"@type":"WebPage","@id":"https:\/\/colegioarquitectos.com\/noticias\/?p=18671","url":"https:\/\/colegioarquitectos.com\/noticias\/?p=18671","name":"Conoce el programa completo de la XX Bienal \"Di\u00e1logos Impostergables\" - COLEGIO DE ARQUITECTOS DE CHILE","isPartOf":{"@id":"https:\/\/colegioarquitectos.com\/noticias\/#website"},"primaryImageOfPage":{"@id":"https:\/\/colegioarquitectos.com\/noticias\/?p=18671#primaryimage"},"image":{"@id":"https:\/\/colegioarquitectos.com\/noticias\/?p=18671#primaryimage"},"thumbnailUrl":"https:\/\/colegioarquitectos.com\/noticias\/wp-content\/uploads\/2017\/10\/Programa-XX-Bienal-Chile-Di\u00e1logos-Impostergables.jpg","datePublished":"2017-10-23T19:26:40+00:00","dateModified":"2017-10-25T16:26:26+00:00","breadcrumb":{"@id":"https:\/\/colegioarquitectos.com\/noticias\/?p=18671#breadcrumb"},"inLanguage":"es","potentialAction":[{"@type":"ReadAction","target":["https:\/\/colegioarquitectos.com\/noticias\/?p=18671"]}]},{"@type":"ImageObject","inLanguage":"es","@id":"https:\/\/colegioarquitectos.com\/noticias\/?p=18671#primaryimage","url":"https:\/\/colegioarquitectos.com\/noticias\/wp-content\/uploads\/2017\/10\/Programa-XX-Bienal-Chile-Di\u00e1logos-Impostergables.jpg","contentUrl":"https:\/\/colegioarquitectos.com\/noticias\/wp-content\/uploads\/2017\/10\/Programa-XX-Bienal-Chile-Di\u00e1logos-Impostergables.jpg","width":690,"height":350},{"@type":"BreadcrumbList","@id":"https:\/\/colegioarquitectos.com\/noticias\/?p=18671#breadcrumb","itemListElement":[{"@type":"ListItem","position":1,"name":"Portada","item":"https:\/\/colegioarquitectos.com\/noticias"},{"@type":"ListItem","position":2,"name":"Conoce el programa completo de la XX Bienal \u00abDi\u00e1logos Impostergables\u00bb"}]},{"@type":"WebSite","@id":"https:\/\/colegioarquitectos.com\/noticias\/#website","url":"https:\/\/colegioarquitectos.com\/noticias\/","name":"COLEGIO DE ARQUITECTOS DE CHILE","description":"","publisher":{"@id":"https:\/\/colegioarquitectos.com\/noticias\/#organization"},"potentialAction":[{"@type":"SearchAction","target":{"@type":"EntryPoint","urlTemplate":"https:\/\/colegioarquitectos.com\/noticias\/?s={search_term_string}"},"query-input":{"@type":"PropertyValueSpecification","valueRequired":true,"valueName":"search_term_string"}}],"inLanguage":"es"},{"@type":"Organization","@id":"https:\/\/colegioarquitectos.com\/noticias\/#organization","name":"COLEGIO DE ARQUITECTOS DE CHILE","url":"https:\/\/colegioarquitectos.com\/noticias\/","logo":{"@type":"ImageObject","inLanguage":"es","@id":"https:\/\/colegioarquitectos.com\/noticias\/#\/schema\/logo\/image\/","url":"https:\/\/colegioarquitectos.com\/noticias\/wp-content\/uploads\/2021\/05\/ENCABEZADO-LOGO-CA.jpg","contentUrl":"https:\/\/colegioarquitectos.com\/noticias\/wp-content\/uploads\/2021\/05\/ENCABEZADO-LOGO-CA.jpg","width":690,"height":350,"caption":"COLEGIO DE ARQUITECTOS DE CHILE"},"image":{"@id":"https:\/\/colegioarquitectos.com\/noticias\/#\/schema\/logo\/image\/"},"sameAs":["https:\/\/facebook.com\/Colegioarq\/","https:\/\/x.com\/colegioarq","https:\/\/instagram.com\/colegioarq","https:\/\/youtube.com\/@ColegiodeArquitectosdeChile"]},{"@type":"Person","@id":"https:\/\/colegioarquitectos.com\/noticias\/#\/schema\/person\/685cc0aad148303c5608f049af8285ad","name":"Colegio de Arquitectos de Chile","url":"https:\/\/colegioarquitectos.com\/noticias\/?author=4"}]}},"_links":{"self":[{"href":"https:\/\/colegioarquitectos.com\/noticias\/index.php?rest_route=\/wp\/v2\/posts\/18671","targetHints":{"allow":["GET"]}}],"collection":[{"href":"https:\/\/colegioarquitectos.com\/noticias\/index.php?rest_route=\/wp\/v2\/posts"}],"about":[{"href":"https:\/\/colegioarquitectos.com\/noticias\/index.php?rest_route=\/wp\/v2\/types\/post"}],"author":[{"embeddable":true,"href":"https:\/\/colegioarquitectos.com\/noticias\/index.php?rest_route=\/wp\/v2\/users\/4"}],"replies":[{"embeddable":true,"href":"https:\/\/colegioarquitectos.com\/noticias\/index.php?rest_route=%2Fwp%2Fv2%2Fcomments&post=18671"}],"version-history":[{"count":0,"href":"https:\/\/colegioarquitectos.com\/noticias\/index.php?rest_route=\/wp\/v2\/posts\/18671\/revisions"}],"wp:featuredmedia":[{"embeddable":true,"href":"https:\/\/colegioarquitectos.com\/noticias\/index.php?rest_route=\/wp\/v2\/media\/18672"}],"wp:attachment":[{"href":"https:\/\/colegioarquitectos.com\/noticias\/index.php?rest_route=%2Fwp%2Fv2%2Fmedia&parent=18671"}],"wp:term":[{"taxonomy":"category","embeddable":true,"href":"https:\/\/colegioarquitectos.com\/noticias\/index.php?rest_route=%2Fwp%2Fv2%2Fcategories&post=18671"},{"taxonomy":"post_tag","embeddable":true,"href":"https:\/\/colegioarquitectos.com\/noticias\/index.php?rest_route=%2Fwp%2Fv2%2Ftags&post=18671"}],"curies":[{"name":"wp","href":"https:\/\/api.w.org\/{rel}","templated":true}]}}