
{"id":18685,"date":"2017-10-24T16:41:32","date_gmt":"2017-10-24T16:41:32","guid":{"rendered":"http:\/\/colegioarquitectos.com\/?p=18685"},"modified":"2017-10-24T21:15:10","modified_gmt":"2017-10-24T21:15:10","slug":"xx-bienal-programacion-comite-de-tecnologia","status":"publish","type":"post","link":"https:\/\/colegioarquitectos.com\/noticias\/?p=18685","title":{"rendered":"XX Bienal: Programaci\u00f3n Comit\u00e9 de Tecnolog\u00eda"},"content":{"rendered":"<p>El Comit\u00e9 de Tecnolog\u00eda del Colegio de Arquitectos de Chile invita a tres interesantes actividades que realizar\u00e1n durante la XX Bienal de Arquitectura \u00abDi\u00e1logos Impostergables\u00bb, el d\u00eda lunes 30 de octubre:<\/p>\n<p>&nbsp;<\/p>\n<p><strong>1) Seminario \u00bfLa Arquitectura se incendia? Edificaci\u00f3n en Altura<\/strong><\/p>\n<p>Espacio 2, del Parque Cultural de Valpara\u00edso de 10:00 a 12:00.<\/p>\n<p>Conversaci\u00f3n y reflexi\u00f3n en torno a la problem\u00e1tica del incendio en la edificaci\u00f3n en altura. Se revisar\u00e1 la actualidad normativa y de dise\u00f1o, acercando la teor\u00eda a la pr\u00e1ctica a trav\u00e9s de m\u00f3dulos pr\u00e1cticos.<\/p>\n<ul>\n<li><strong>Desaf\u00edos en la edificaci\u00f3n en altura, \u00bfQu\u00e9 estamos haciendo?\u00a0<\/strong>Ricardo Le\u00f1am, Arquitecto Divisi\u00f3n de Desarrollo Urbano, MINVU.<\/li>\n<li><strong>Incendio en Edificios en Altura: Lecciones del Caso Torre Grenfell<\/strong>. Rodrigo Aravena, Gerente Unidad de Ingenier\u00eda de Protecci\u00f3n contra el Fuego, DICTUC.<\/li>\n<li><strong>Compartimentaci\u00f3n y de c\u00f3mo alcanzar la protecci\u00f3n de vidas<\/strong>. Edith Pacci, Arquitecta, Comit\u00e9 de Tecnolog\u00eda del Colegio de Arquitectos.<\/li>\n<li><strong>M\u00f3dulo pr\u00e1ctico de sellado cortafuego y protecci\u00f3n estructural,\u00a0<\/strong>apoyado por los departamentos de ingenier\u00eda de Accuratek y 3M.<\/li>\n<li>\u00a0 \u00a0 \u00a0 \u00a0C\u00f3ctel de cierre<\/li>\n<\/ul>\n<p><img loading=\"lazy\" decoding=\"async\" class=\"alignnone wp-image-18687 size-full\" src=\"http:\/\/colegioarquitectos.com\/noticias\/wp-content\/uploads\/2017\/10\/Invitacion_La-Arquitectura-se-incendia.jpg\" alt=\"\" width=\"600\" height=\"740\" srcset=\"https:\/\/colegioarquitectos.com\/noticias\/wp-content\/uploads\/2017\/10\/Invitacion_La-Arquitectura-se-incendia.jpg 600w, https:\/\/colegioarquitectos.com\/noticias\/wp-content\/uploads\/2017\/10\/Invitacion_La-Arquitectura-se-incendia-243x300.jpg 243w\" sizes=\"auto, (max-width: 600px) 100vw, 600px\" \/><\/p>\n<p>&nbsp;<\/p>\n<p><strong>2) Patrimonio en Tierra y Sismos<\/strong><\/p>\n<p>Espacio 2, del Parque Cultural de Valpara\u00edso de 12:00 a 13:30.<\/p>\n<p>El Comit\u00e9 de Tecnolog\u00eda del Colegio de Arquitectos y la Corporaci\u00f3n Protierra Chile invitan a compartir sobre experiencias de la recuperaci\u00f3n del patrimonio construido en tierra y de c\u00f3mo este mantiene su vigencia a trav\u00e9s del aprendizaje del pasado y de la utilizaci\u00f3n de las tecnolog\u00edas de hoy.<\/p>\n<ul>\n<li><strong>\u201cEstrategias de Sismorroesistencia del Patrimonio en Tierra Chileno\u201d<\/strong>. Amanda Rivera, Arquitecta, Escuela de Construcci\u00f3n en Tierra (ECOT),\u00a0Natalia Jorquera, Arquitecta y acad\u00e9mica Facultad de Arquitectura y Urbanismo, Universidad de Chile.<\/li>\n<li><strong>\u201cProyectos de Restauraci\u00f3n del Patrimonio Chileno en Tierra\u201d<\/strong>. \u00c1lvaro\u00a0Riquelme, Arquitecto, FLESAN Restauraciones y Xiloscopio Restauraciones y Camilo Giribas, Arquitecto, FLESAN Restauraciones y Escuela de Construcci\u00f3n en Tierra (ECOT).<\/li>\n<\/ul>\n<p><img loading=\"lazy\" decoding=\"async\" class=\"alignnone wp-image-18688 size-full\" src=\"http:\/\/colegioarquitectos.com\/noticias\/wp-content\/uploads\/2017\/10\/Invitaci\u00f3n_Patrimonio-en-Tierra.jpg\" alt=\"\" width=\"600\" height=\"689\" srcset=\"https:\/\/colegioarquitectos.com\/noticias\/wp-content\/uploads\/2017\/10\/Invitaci\u00f3n_Patrimonio-en-Tierra.jpg 600w, https:\/\/colegioarquitectos.com\/noticias\/wp-content\/uploads\/2017\/10\/Invitaci\u00f3n_Patrimonio-en-Tierra-261x300.jpg 261w\" sizes=\"auto, (max-width: 600px) 100vw, 600px\" \/><\/p>\n<p>&nbsp;<\/p>\n<p><strong>3) Seminario Arquitectura e Innovaci\u00f3n. Un Camino a la Industrializaci\u00f3n<\/strong><\/p>\n<p>Espacio 2, del Parque Cultural de Valpara\u00edso de 15:00 a 17:00.<\/p>\n<p>El Comit\u00e9 de Tecnolog\u00eda del Colegio de Arquitectos invita a participar y reflexionar sobre diferentes\u00a0puntos de vista en torno a la industrializaci\u00f3n y la prefabricaci\u00f3n al alcance de todos, en el marco de la XX Bienal de Arquitectura, Oportunidad de conocer de primera mano, las estrategias nacionales sobre la industrializaci\u00f3n en Chile.<\/p>\n<ul>\n<li><strong>\u201cIndustrializaci\u00f3n sin Industria. Prefabricaci\u00f3n sin F\u00e1brica. Industrializaci\u00f3n al Alcance de Todos\u201d<\/strong>. Oscar Zaccarelli\u00a0Vender, Arquitecto\u00a0PUC, Docente E.A. UCEN y USACH. Past President COMTEC.<\/li>\n<li><strong>\u201cPlan de Industrializaci\u00f3n y Construcci\u00f3n Limpia\u201d<\/strong>. Marcos Brito, Gerente de Construye2025.<\/li>\n<li><strong>\u201cTendencias en la Industrializaci\u00f3n en Madera\u201d<\/strong>. Frane\u00a0Zilic, Arquitecto, Director Polo Madera UdeC.<\/li>\n<li><strong>\u201cDise\u00f1o y Experiencias en CLT, Madera Contralaminada en Chile\u201d<\/strong>. Jorge Calder\u00f3n, Dise\u00f1ador Industrial UCV, CRULAMM.<\/li>\n<li>\u00a0 \u00a0 \u00a0 \u00a0Durante el c\u00f3ctel de cierre contaremos con interesantes Workshops: \u00bb Nuevas Tecnolog\u00edas en Conexiones en Madera\u00bb por Simpson Strong-Tie y \u00bb Realidad Virtual para la Gesti\u00f3n Arquitect\u00f3nica\u00bb por SentioVR<\/li>\n<\/ul>\n<p>&nbsp;<\/p>\n<p><img loading=\"lazy\" decoding=\"async\" class=\"alignnone wp-image-18689 size-full\" src=\"http:\/\/colegioarquitectos.com\/noticias\/wp-content\/uploads\/2017\/10\/Invitacion_Un-Camino-a-la-industrializacion.jpg\" alt=\"\" width=\"600\" height=\"740\" srcset=\"https:\/\/colegioarquitectos.com\/noticias\/wp-content\/uploads\/2017\/10\/Invitacion_Un-Camino-a-la-industrializacion.jpg 600w, https:\/\/colegioarquitectos.com\/noticias\/wp-content\/uploads\/2017\/10\/Invitacion_Un-Camino-a-la-industrializacion-243x300.jpg 243w\" sizes=\"auto, (max-width: 600px) 100vw, 600px\" \/><\/p>\n<p>Si decides asistir a una o m\u00e1s de estas actividades, confirma asistencia en\u00a0<a href=\"mailto:comite.tecnologia.info@gmail.com\">comite.tecnologia.info@gmail.com<\/a>\u00a0. Los asistentes recibir\u00e1n un certificado de participaci\u00f3n por cada una.<\/p>\n<p><\/p>","protected":false},"excerpt":{"rendered":"<p>El Comit\u00e9 de Tecnolog\u00eda del Colegio de Arquitectos de Chile invita a tres interesantes actividades que realizar\u00e1n durante la XX Bienal de Arquitectura \u00abDi\u00e1logos Impostergables\u00bb, el d\u00eda lunes 30 de octubre: &nbsp; 1) Seminario \u00bfLa Arquitectura se incendia? Edificaci\u00f3n en &hellip; <a class=\"more-link\" href=\"https:\/\/colegioarquitectos.com\/noticias\/?p=18685\">ver m\u00e1s<\/a><\/p>","protected":false},"author":4,"featured_media":18686,"comment_status":"closed","ping_status":"closed","sticky":false,"template":"","format":"standard","meta":{"footnotes":""},"categories":[59],"tags":[],"class_list":["post-18685","post","type-post","status-publish","format-standard","has-post-thumbnail","hentry","category-bienal"],"yoast_head":"<!-- This site is optimized with the Yoast SEO plugin v24.2 - https:\/\/yoast.com\/wordpress\/plugins\/seo\/ -->\n<title>XX Bienal: Programaci\u00f3n Comit\u00e9 de Tecnolog\u00eda - COLEGIO DE ARQUITECTOS DE CHILE<\/title>\n<meta name=\"robots\" content=\"index, follow, max-snippet:-1, max-image-preview:large, max-video-preview:-1\" \/>\n<link rel=\"canonical\" href=\"https:\/\/colegioarquitectos.com\/noticias\/?p=18685\" \/>\n<meta property=\"og:locale\" content=\"es_ES\" \/>\n<meta property=\"og:type\" content=\"article\" \/>\n<meta property=\"og:title\" content=\"XX Bienal: Programaci\u00f3n Comit\u00e9 de Tecnolog\u00eda - COLEGIO DE ARQUITECTOS DE CHILE\" \/>\n<meta property=\"og:description\" content=\"El Comit\u00e9 de Tecnolog\u00eda del Colegio de Arquitectos de Chile invita a tres interesantes actividades que realizar\u00e1n durante la XX Bienal de Arquitectura \u00abDi\u00e1logos Impostergables\u00bb, el d\u00eda lunes 30 de octubre: &nbsp; 1) Seminario \u00bfLa Arquitectura se incendia? Edificaci\u00f3n en &hellip; ver m\u00e1s\" \/>\n<meta property=\"og:url\" content=\"https:\/\/colegioarquitectos.com\/noticias\/?p=18685\" \/>\n<meta property=\"og:site_name\" content=\"COLEGIO DE ARQUITECTOS DE CHILE\" \/>\n<meta property=\"article:publisher\" content=\"https:\/\/facebook.com\/Colegioarq\/\" \/>\n<meta property=\"article:published_time\" content=\"2017-10-24T16:41:32+00:00\" \/>\n<meta property=\"article:modified_time\" content=\"2017-10-24T21:15:10+00:00\" \/>\n<meta property=\"og:image\" content=\"https:\/\/colegioarquitectos.com\/noticias\/wp-content\/uploads\/2017\/10\/Comtec-XX-Bienal.jpg\" \/>\n\t<meta property=\"og:image:width\" content=\"690\" \/>\n\t<meta property=\"og:image:height\" content=\"350\" \/>\n\t<meta property=\"og:image:type\" content=\"image\/jpeg\" \/>\n<meta name=\"author\" content=\"Colegio de Arquitectos de Chile\" \/>\n<meta name=\"twitter:card\" content=\"summary_large_image\" \/>\n<meta name=\"twitter:creator\" content=\"@colegioarq\" \/>\n<meta name=\"twitter:site\" content=\"@colegioarq\" \/>\n<meta name=\"twitter:label1\" content=\"Escrito por\" \/>\n\t<meta name=\"twitter:data1\" content=\"Colegio de Arquitectos de Chile\" \/>\n\t<meta name=\"twitter:label2\" content=\"Tiempo de lectura\" \/>\n\t<meta name=\"twitter:data2\" content=\"3 minutos\" \/>\n<script type=\"application\/ld+json\" class=\"yoast-schema-graph\">{\"@context\":\"https:\/\/schema.org\",\"@graph\":[{\"@type\":\"Article\",\"@id\":\"https:\/\/colegioarquitectos.com\/noticias\/?p=18685#article\",\"isPartOf\":{\"@id\":\"https:\/\/colegioarquitectos.com\/noticias\/?p=18685\"},\"author\":{\"name\":\"Colegio de Arquitectos de Chile\",\"@id\":\"https:\/\/colegioarquitectos.com\/noticias\/#\/schema\/person\/685cc0aad148303c5608f049af8285ad\"},\"headline\":\"XX Bienal: Programaci\u00f3n Comit\u00e9 de Tecnolog\u00eda\",\"datePublished\":\"2017-10-24T16:41:32+00:00\",\"dateModified\":\"2017-10-24T21:15:10+00:00\",\"mainEntityOfPage\":{\"@id\":\"https:\/\/colegioarquitectos.com\/noticias\/?p=18685\"},\"wordCount\":547,\"publisher\":{\"@id\":\"https:\/\/colegioarquitectos.com\/noticias\/#organization\"},\"image\":{\"@id\":\"https:\/\/colegioarquitectos.com\/noticias\/?p=18685#primaryimage\"},\"thumbnailUrl\":\"https:\/\/colegioarquitectos.com\/noticias\/wp-content\/uploads\/2017\/10\/Comtec-XX-Bienal.jpg\",\"articleSection\":[\"Bienal\"],\"inLanguage\":\"es\"},{\"@type\":\"WebPage\",\"@id\":\"https:\/\/colegioarquitectos.com\/noticias\/?p=18685\",\"url\":\"https:\/\/colegioarquitectos.com\/noticias\/?p=18685\",\"name\":\"XX Bienal: Programaci\u00f3n Comit\u00e9 de Tecnolog\u00eda - COLEGIO DE ARQUITECTOS DE CHILE\",\"isPartOf\":{\"@id\":\"https:\/\/colegioarquitectos.com\/noticias\/#website\"},\"primaryImageOfPage\":{\"@id\":\"https:\/\/colegioarquitectos.com\/noticias\/?p=18685#primaryimage\"},\"image\":{\"@id\":\"https:\/\/colegioarquitectos.com\/noticias\/?p=18685#primaryimage\"},\"thumbnailUrl\":\"https:\/\/colegioarquitectos.com\/noticias\/wp-content\/uploads\/2017\/10\/Comtec-XX-Bienal.jpg\",\"datePublished\":\"2017-10-24T16:41:32+00:00\",\"dateModified\":\"2017-10-24T21:15:10+00:00\",\"breadcrumb\":{\"@id\":\"https:\/\/colegioarquitectos.com\/noticias\/?p=18685#breadcrumb\"},\"inLanguage\":\"es\",\"potentialAction\":[{\"@type\":\"ReadAction\",\"target\":[\"https:\/\/colegioarquitectos.com\/noticias\/?p=18685\"]}]},{\"@type\":\"ImageObject\",\"inLanguage\":\"es\",\"@id\":\"https:\/\/colegioarquitectos.com\/noticias\/?p=18685#primaryimage\",\"url\":\"https:\/\/colegioarquitectos.com\/noticias\/wp-content\/uploads\/2017\/10\/Comtec-XX-Bienal.jpg\",\"contentUrl\":\"https:\/\/colegioarquitectos.com\/noticias\/wp-content\/uploads\/2017\/10\/Comtec-XX-Bienal.jpg\",\"width\":690,\"height\":350},{\"@type\":\"BreadcrumbList\",\"@id\":\"https:\/\/colegioarquitectos.com\/noticias\/?p=18685#breadcrumb\",\"itemListElement\":[{\"@type\":\"ListItem\",\"position\":1,\"name\":\"Portada\",\"item\":\"https:\/\/colegioarquitectos.com\/noticias\"},{\"@type\":\"ListItem\",\"position\":2,\"name\":\"XX Bienal: Programaci\u00f3n Comit\u00e9 de Tecnolog\u00eda\"}]},{\"@type\":\"WebSite\",\"@id\":\"https:\/\/colegioarquitectos.com\/noticias\/#website\",\"url\":\"https:\/\/colegioarquitectos.com\/noticias\/\",\"name\":\"COLEGIO DE ARQUITECTOS DE CHILE\",\"description\":\"\",\"publisher\":{\"@id\":\"https:\/\/colegioarquitectos.com\/noticias\/#organization\"},\"potentialAction\":[{\"@type\":\"SearchAction\",\"target\":{\"@type\":\"EntryPoint\",\"urlTemplate\":\"https:\/\/colegioarquitectos.com\/noticias\/?s={search_term_string}\"},\"query-input\":{\"@type\":\"PropertyValueSpecification\",\"valueRequired\":true,\"valueName\":\"search_term_string\"}}],\"inLanguage\":\"es\"},{\"@type\":\"Organization\",\"@id\":\"https:\/\/colegioarquitectos.com\/noticias\/#organization\",\"name\":\"COLEGIO DE ARQUITECTOS DE CHILE\",\"url\":\"https:\/\/colegioarquitectos.com\/noticias\/\",\"logo\":{\"@type\":\"ImageObject\",\"inLanguage\":\"es\",\"@id\":\"https:\/\/colegioarquitectos.com\/noticias\/#\/schema\/logo\/image\/\",\"url\":\"https:\/\/colegioarquitectos.com\/noticias\/wp-content\/uploads\/2021\/05\/ENCABEZADO-LOGO-CA.jpg\",\"contentUrl\":\"https:\/\/colegioarquitectos.com\/noticias\/wp-content\/uploads\/2021\/05\/ENCABEZADO-LOGO-CA.jpg\",\"width\":690,\"height\":350,\"caption\":\"COLEGIO DE ARQUITECTOS DE CHILE\"},\"image\":{\"@id\":\"https:\/\/colegioarquitectos.com\/noticias\/#\/schema\/logo\/image\/\"},\"sameAs\":[\"https:\/\/facebook.com\/Colegioarq\/\",\"https:\/\/x.com\/colegioarq\",\"https:\/\/instagram.com\/colegioarq\",\"https:\/\/youtube.com\/@ColegiodeArquitectosdeChile\"]},{\"@type\":\"Person\",\"@id\":\"https:\/\/colegioarquitectos.com\/noticias\/#\/schema\/person\/685cc0aad148303c5608f049af8285ad\",\"name\":\"Colegio de Arquitectos de Chile\",\"url\":\"https:\/\/colegioarquitectos.com\/noticias\/?author=4\"}]}<\/script>\n<!-- \/ Yoast SEO plugin. -->","yoast_head_json":{"title":"XX Bienal: Programaci\u00f3n Comit\u00e9 de Tecnolog\u00eda - COLEGIO DE ARQUITECTOS DE CHILE","robots":{"index":"index","follow":"follow","max-snippet":"max-snippet:-1","max-image-preview":"max-image-preview:large","max-video-preview":"max-video-preview:-1"},"canonical":"https:\/\/colegioarquitectos.com\/noticias\/?p=18685","og_locale":"es_ES","og_type":"article","og_title":"XX Bienal: Programaci\u00f3n Comit\u00e9 de Tecnolog\u00eda - COLEGIO DE ARQUITECTOS DE CHILE","og_description":"El Comit\u00e9 de Tecnolog\u00eda del Colegio de Arquitectos de Chile invita a tres interesantes actividades que realizar\u00e1n durante la XX Bienal de Arquitectura \u00abDi\u00e1logos Impostergables\u00bb, el d\u00eda lunes 30 de octubre: &nbsp; 1) Seminario \u00bfLa Arquitectura se incendia? Edificaci\u00f3n en &hellip; ver m\u00e1s","og_url":"https:\/\/colegioarquitectos.com\/noticias\/?p=18685","og_site_name":"COLEGIO DE ARQUITECTOS DE CHILE","article_publisher":"https:\/\/facebook.com\/Colegioarq\/","article_published_time":"2017-10-24T16:41:32+00:00","article_modified_time":"2017-10-24T21:15:10+00:00","og_image":[{"width":690,"height":350,"url":"https:\/\/colegioarquitectos.com\/noticias\/wp-content\/uploads\/2017\/10\/Comtec-XX-Bienal.jpg","type":"image\/jpeg"}],"author":"Colegio de Arquitectos de Chile","twitter_card":"summary_large_image","twitter_creator":"@colegioarq","twitter_site":"@colegioarq","twitter_misc":{"Escrito por":"Colegio de Arquitectos de Chile","Tiempo de lectura":"3 minutos"},"schema":{"@context":"https:\/\/schema.org","@graph":[{"@type":"Article","@id":"https:\/\/colegioarquitectos.com\/noticias\/?p=18685#article","isPartOf":{"@id":"https:\/\/colegioarquitectos.com\/noticias\/?p=18685"},"author":{"name":"Colegio de Arquitectos de Chile","@id":"https:\/\/colegioarquitectos.com\/noticias\/#\/schema\/person\/685cc0aad148303c5608f049af8285ad"},"headline":"XX Bienal: Programaci\u00f3n Comit\u00e9 de Tecnolog\u00eda","datePublished":"2017-10-24T16:41:32+00:00","dateModified":"2017-10-24T21:15:10+00:00","mainEntityOfPage":{"@id":"https:\/\/colegioarquitectos.com\/noticias\/?p=18685"},"wordCount":547,"publisher":{"@id":"https:\/\/colegioarquitectos.com\/noticias\/#organization"},"image":{"@id":"https:\/\/colegioarquitectos.com\/noticias\/?p=18685#primaryimage"},"thumbnailUrl":"https:\/\/colegioarquitectos.com\/noticias\/wp-content\/uploads\/2017\/10\/Comtec-XX-Bienal.jpg","articleSection":["Bienal"],"inLanguage":"es"},{"@type":"WebPage","@id":"https:\/\/colegioarquitectos.com\/noticias\/?p=18685","url":"https:\/\/colegioarquitectos.com\/noticias\/?p=18685","name":"XX Bienal: Programaci\u00f3n Comit\u00e9 de Tecnolog\u00eda - COLEGIO DE ARQUITECTOS DE CHILE","isPartOf":{"@id":"https:\/\/colegioarquitectos.com\/noticias\/#website"},"primaryImageOfPage":{"@id":"https:\/\/colegioarquitectos.com\/noticias\/?p=18685#primaryimage"},"image":{"@id":"https:\/\/colegioarquitectos.com\/noticias\/?p=18685#primaryimage"},"thumbnailUrl":"https:\/\/colegioarquitectos.com\/noticias\/wp-content\/uploads\/2017\/10\/Comtec-XX-Bienal.jpg","datePublished":"2017-10-24T16:41:32+00:00","dateModified":"2017-10-24T21:15:10+00:00","breadcrumb":{"@id":"https:\/\/colegioarquitectos.com\/noticias\/?p=18685#breadcrumb"},"inLanguage":"es","potentialAction":[{"@type":"ReadAction","target":["https:\/\/colegioarquitectos.com\/noticias\/?p=18685"]}]},{"@type":"ImageObject","inLanguage":"es","@id":"https:\/\/colegioarquitectos.com\/noticias\/?p=18685#primaryimage","url":"https:\/\/colegioarquitectos.com\/noticias\/wp-content\/uploads\/2017\/10\/Comtec-XX-Bienal.jpg","contentUrl":"https:\/\/colegioarquitectos.com\/noticias\/wp-content\/uploads\/2017\/10\/Comtec-XX-Bienal.jpg","width":690,"height":350},{"@type":"BreadcrumbList","@id":"https:\/\/colegioarquitectos.com\/noticias\/?p=18685#breadcrumb","itemListElement":[{"@type":"ListItem","position":1,"name":"Portada","item":"https:\/\/colegioarquitectos.com\/noticias"},{"@type":"ListItem","position":2,"name":"XX Bienal: Programaci\u00f3n Comit\u00e9 de Tecnolog\u00eda"}]},{"@type":"WebSite","@id":"https:\/\/colegioarquitectos.com\/noticias\/#website","url":"https:\/\/colegioarquitectos.com\/noticias\/","name":"COLEGIO DE ARQUITECTOS DE CHILE","description":"","publisher":{"@id":"https:\/\/colegioarquitectos.com\/noticias\/#organization"},"potentialAction":[{"@type":"SearchAction","target":{"@type":"EntryPoint","urlTemplate":"https:\/\/colegioarquitectos.com\/noticias\/?s={search_term_string}"},"query-input":{"@type":"PropertyValueSpecification","valueRequired":true,"valueName":"search_term_string"}}],"inLanguage":"es"},{"@type":"Organization","@id":"https:\/\/colegioarquitectos.com\/noticias\/#organization","name":"COLEGIO DE ARQUITECTOS DE CHILE","url":"https:\/\/colegioarquitectos.com\/noticias\/","logo":{"@type":"ImageObject","inLanguage":"es","@id":"https:\/\/colegioarquitectos.com\/noticias\/#\/schema\/logo\/image\/","url":"https:\/\/colegioarquitectos.com\/noticias\/wp-content\/uploads\/2021\/05\/ENCABEZADO-LOGO-CA.jpg","contentUrl":"https:\/\/colegioarquitectos.com\/noticias\/wp-content\/uploads\/2021\/05\/ENCABEZADO-LOGO-CA.jpg","width":690,"height":350,"caption":"COLEGIO DE ARQUITECTOS DE CHILE"},"image":{"@id":"https:\/\/colegioarquitectos.com\/noticias\/#\/schema\/logo\/image\/"},"sameAs":["https:\/\/facebook.com\/Colegioarq\/","https:\/\/x.com\/colegioarq","https:\/\/instagram.com\/colegioarq","https:\/\/youtube.com\/@ColegiodeArquitectosdeChile"]},{"@type":"Person","@id":"https:\/\/colegioarquitectos.com\/noticias\/#\/schema\/person\/685cc0aad148303c5608f049af8285ad","name":"Colegio de Arquitectos de Chile","url":"https:\/\/colegioarquitectos.com\/noticias\/?author=4"}]}},"_links":{"self":[{"href":"https:\/\/colegioarquitectos.com\/noticias\/index.php?rest_route=\/wp\/v2\/posts\/18685","targetHints":{"allow":["GET"]}}],"collection":[{"href":"https:\/\/colegioarquitectos.com\/noticias\/index.php?rest_route=\/wp\/v2\/posts"}],"about":[{"href":"https:\/\/colegioarquitectos.com\/noticias\/index.php?rest_route=\/wp\/v2\/types\/post"}],"author":[{"embeddable":true,"href":"https:\/\/colegioarquitectos.com\/noticias\/index.php?rest_route=\/wp\/v2\/users\/4"}],"replies":[{"embeddable":true,"href":"https:\/\/colegioarquitectos.com\/noticias\/index.php?rest_route=%2Fwp%2Fv2%2Fcomments&post=18685"}],"version-history":[{"count":0,"href":"https:\/\/colegioarquitectos.com\/noticias\/index.php?rest_route=\/wp\/v2\/posts\/18685\/revisions"}],"wp:featuredmedia":[{"embeddable":true,"href":"https:\/\/colegioarquitectos.com\/noticias\/index.php?rest_route=\/wp\/v2\/media\/18686"}],"wp:attachment":[{"href":"https:\/\/colegioarquitectos.com\/noticias\/index.php?rest_route=%2Fwp%2Fv2%2Fmedia&parent=18685"}],"wp:term":[{"taxonomy":"category","embeddable":true,"href":"https:\/\/colegioarquitectos.com\/noticias\/index.php?rest_route=%2Fwp%2Fv2%2Fcategories&post=18685"},{"taxonomy":"post_tag","embeddable":true,"href":"https:\/\/colegioarquitectos.com\/noticias\/index.php?rest_route=%2Fwp%2Fv2%2Ftags&post=18685"}],"curies":[{"name":"wp","href":"https:\/\/api.w.org\/{rel}","templated":true}]}}