
{"id":18691,"date":"2017-10-24T17:52:40","date_gmt":"2017-10-24T17:52:40","guid":{"rendered":"http:\/\/colegioarquitectos.com\/?p=18691"},"modified":"2017-10-24T17:52:40","modified_gmt":"2017-10-24T17:52:40","slug":"seminario-relaciones-contractuales-en-la-edificacion-las-nuevas-tendencias","status":"publish","type":"post","link":"https:\/\/colegioarquitectos.com\/noticias\/?p=18691","title":{"rendered":"SEMINARIO:  Relaciones Contractuales en la Edificaci\u00f3n, las nuevas tendencias"},"content":{"rendered":"<p>El <strong>Comit\u00e9 de Modernizaci\u00f3n de Marcos Contractuales <\/strong>del Programa Construye2025 -impulsado por Transforma de CORFO-, junto a la Escuela de Construcci\u00f3n de la Pontificia Universidad Cat\u00f3lica de Chile y la Facultad de Derecho de la Universidad Central han organizado el seminario <strong>\u201cUna reflexi\u00f3n sobre las relaciones contractuales en la Edificaci\u00f3n\u201d<\/strong>, el que se realizar\u00e1 el martes 7 de noviembre a partir de las 8.30 en el Sal\u00f3n Rojo de la Universidad Central. La asistencia ser\u00e1 gratuita previa inscripci\u00f3n en la p\u00e1gina web <a href=\"http:\/\/www.construye2025.cl\/\">www.construye2025.cl<\/a><\/p>\n<p>En la instancia los profesionales m\u00e1s destacados de la industria dialogar\u00e1n sobre las nuevas tendencias en los contratos de construcci\u00f3n de viviendas y oficinas, una industria que representa cerca de la mitad de econom\u00eda nacional.<\/p>\n<p>Los panelistas discutir\u00e1n sobre los problemas que existen hoy en Chile, las experiencias internacionales y los conflictos m\u00e1s recurrentes en la industria.<\/p>\n<p>El evento ser\u00e1 presidido por Santiago Gonz\u00e1lez, rector de la Universidad Central, Vicente Dom\u00ednguez, presidente del Programa Construye2025, y contar\u00e1 con la participaci\u00f3n de gerentes de reconocidas constructoras como Echeverr\u00eda Izquierdo, Claro Vicu\u00f1a Valenzuela, INCOLUR, Pocuro y DLP.<\/p>\n<p>Tambi\u00e9n expondr\u00e1n abogados especialistas y destacados acad\u00e9micos de la Pontificia Universidad Cat\u00f3lica de Chile, la Universidad Central y la Pontificia Universidad Cat\u00f3lica de Valpara\u00edso.<\/p>\n<p>El seminario cuenta con el patrocinio de la Asociaci\u00f3n de Desarrolladores Inmobiliarios, la C\u00e1mara Chilena de la Construcci\u00f3n, el Colegio de Abogados, el Instituto Chileno del Acero, la Corporaci\u00f3n de Desarrollo Tecnol\u00f3gico de la CChC, el Instituto Chileno del Cemento y del Hormig\u00f3n, y Madera21.<\/p>\n<p><\/p>","protected":false},"excerpt":{"rendered":"<p>El Comit\u00e9 de Modernizaci\u00f3n de Marcos Contractuales del Programa Construye2025 -impulsado por Transforma de CORFO-, junto a la Escuela de Construcci\u00f3n de la Pontificia Universidad Cat\u00f3lica de Chile y la Facultad de Derecho de la Universidad Central han organizado el &hellip; <a class=\"more-link\" href=\"https:\/\/colegioarquitectos.com\/noticias\/?p=18691\">ver m\u00e1s<\/a><\/p>","protected":false},"author":4,"featured_media":18692,"comment_status":"closed","ping_status":"closed","sticky":false,"template":"","format":"standard","meta":{"footnotes":""},"categories":[19],"tags":[],"class_list":["post-18691","post","type-post","status-publish","format-standard","has-post-thumbnail","hentry","category-actividades"],"yoast_head":"<!-- This site is optimized with the Yoast SEO plugin v24.2 - https:\/\/yoast.com\/wordpress\/plugins\/seo\/ -->\n<title>SEMINARIO: Relaciones Contractuales en la Edificaci\u00f3n, las nuevas tendencias - COLEGIO DE ARQUITECTOS DE CHILE<\/title>\n<meta name=\"robots\" content=\"index, follow, max-snippet:-1, max-image-preview:large, max-video-preview:-1\" \/>\n<link rel=\"canonical\" href=\"https:\/\/colegioarquitectos.com\/noticias\/?p=18691\" \/>\n<meta property=\"og:locale\" content=\"es_ES\" \/>\n<meta property=\"og:type\" content=\"article\" \/>\n<meta property=\"og:title\" content=\"SEMINARIO: Relaciones Contractuales en la Edificaci\u00f3n, las nuevas tendencias - COLEGIO DE ARQUITECTOS DE CHILE\" \/>\n<meta property=\"og:description\" content=\"El Comit\u00e9 de Modernizaci\u00f3n de Marcos Contractuales del Programa Construye2025 -impulsado por Transforma de CORFO-, junto a la Escuela de Construcci\u00f3n de la Pontificia Universidad Cat\u00f3lica de Chile y la Facultad de Derecho de la Universidad Central han organizado el &hellip; ver m\u00e1s\" \/>\n<meta property=\"og:url\" content=\"https:\/\/colegioarquitectos.com\/noticias\/?p=18691\" \/>\n<meta property=\"og:site_name\" content=\"COLEGIO DE ARQUITECTOS DE CHILE\" \/>\n<meta property=\"article:publisher\" content=\"https:\/\/facebook.com\/Colegioarq\/\" \/>\n<meta property=\"article:published_time\" content=\"2017-10-24T17:52:40+00:00\" \/>\n<meta property=\"og:image\" content=\"https:\/\/colegioarquitectos.com\/noticias\/wp-content\/uploads\/2017\/10\/Relaciones-Contractuales-en-la-Edificaci\u00f3n.jpg\" \/>\n\t<meta property=\"og:image:width\" content=\"690\" \/>\n\t<meta property=\"og:image:height\" content=\"350\" \/>\n\t<meta property=\"og:image:type\" content=\"image\/jpeg\" \/>\n<meta name=\"author\" content=\"Colegio de Arquitectos de Chile\" \/>\n<meta name=\"twitter:card\" content=\"summary_large_image\" \/>\n<meta name=\"twitter:creator\" content=\"@colegioarq\" \/>\n<meta name=\"twitter:site\" content=\"@colegioarq\" \/>\n<meta name=\"twitter:label1\" content=\"Escrito por\" \/>\n\t<meta name=\"twitter:data1\" content=\"Colegio de Arquitectos de Chile\" \/>\n\t<meta name=\"twitter:label2\" content=\"Tiempo de lectura\" \/>\n\t<meta name=\"twitter:data2\" content=\"1 minuto\" \/>\n<script type=\"application\/ld+json\" class=\"yoast-schema-graph\">{\"@context\":\"https:\/\/schema.org\",\"@graph\":[{\"@type\":\"Article\",\"@id\":\"https:\/\/colegioarquitectos.com\/noticias\/?p=18691#article\",\"isPartOf\":{\"@id\":\"https:\/\/colegioarquitectos.com\/noticias\/?p=18691\"},\"author\":{\"name\":\"Colegio de Arquitectos de Chile\",\"@id\":\"https:\/\/colegioarquitectos.com\/noticias\/#\/schema\/person\/685cc0aad148303c5608f049af8285ad\"},\"headline\":\"SEMINARIO: Relaciones Contractuales en la Edificaci\u00f3n, las nuevas tendencias\",\"datePublished\":\"2017-10-24T17:52:40+00:00\",\"dateModified\":\"2017-10-24T17:52:40+00:00\",\"mainEntityOfPage\":{\"@id\":\"https:\/\/colegioarquitectos.com\/noticias\/?p=18691\"},\"wordCount\":288,\"publisher\":{\"@id\":\"https:\/\/colegioarquitectos.com\/noticias\/#organization\"},\"image\":{\"@id\":\"https:\/\/colegioarquitectos.com\/noticias\/?p=18691#primaryimage\"},\"thumbnailUrl\":\"https:\/\/colegioarquitectos.com\/noticias\/wp-content\/uploads\/2017\/10\/Relaciones-Contractuales-en-la-Edificaci\u00f3n.jpg\",\"articleSection\":[\"Actividades\"],\"inLanguage\":\"es\"},{\"@type\":\"WebPage\",\"@id\":\"https:\/\/colegioarquitectos.com\/noticias\/?p=18691\",\"url\":\"https:\/\/colegioarquitectos.com\/noticias\/?p=18691\",\"name\":\"SEMINARIO: Relaciones Contractuales en la Edificaci\u00f3n, las nuevas tendencias - COLEGIO DE ARQUITECTOS DE CHILE\",\"isPartOf\":{\"@id\":\"https:\/\/colegioarquitectos.com\/noticias\/#website\"},\"primaryImageOfPage\":{\"@id\":\"https:\/\/colegioarquitectos.com\/noticias\/?p=18691#primaryimage\"},\"image\":{\"@id\":\"https:\/\/colegioarquitectos.com\/noticias\/?p=18691#primaryimage\"},\"thumbnailUrl\":\"https:\/\/colegioarquitectos.com\/noticias\/wp-content\/uploads\/2017\/10\/Relaciones-Contractuales-en-la-Edificaci\u00f3n.jpg\",\"datePublished\":\"2017-10-24T17:52:40+00:00\",\"dateModified\":\"2017-10-24T17:52:40+00:00\",\"breadcrumb\":{\"@id\":\"https:\/\/colegioarquitectos.com\/noticias\/?p=18691#breadcrumb\"},\"inLanguage\":\"es\",\"potentialAction\":[{\"@type\":\"ReadAction\",\"target\":[\"https:\/\/colegioarquitectos.com\/noticias\/?p=18691\"]}]},{\"@type\":\"ImageObject\",\"inLanguage\":\"es\",\"@id\":\"https:\/\/colegioarquitectos.com\/noticias\/?p=18691#primaryimage\",\"url\":\"https:\/\/colegioarquitectos.com\/noticias\/wp-content\/uploads\/2017\/10\/Relaciones-Contractuales-en-la-Edificaci\u00f3n.jpg\",\"contentUrl\":\"https:\/\/colegioarquitectos.com\/noticias\/wp-content\/uploads\/2017\/10\/Relaciones-Contractuales-en-la-Edificaci\u00f3n.jpg\",\"width\":690,\"height\":350},{\"@type\":\"BreadcrumbList\",\"@id\":\"https:\/\/colegioarquitectos.com\/noticias\/?p=18691#breadcrumb\",\"itemListElement\":[{\"@type\":\"ListItem\",\"position\":1,\"name\":\"Portada\",\"item\":\"https:\/\/colegioarquitectos.com\/noticias\"},{\"@type\":\"ListItem\",\"position\":2,\"name\":\"SEMINARIO: Relaciones Contractuales en la Edificaci\u00f3n, las nuevas tendencias\"}]},{\"@type\":\"WebSite\",\"@id\":\"https:\/\/colegioarquitectos.com\/noticias\/#website\",\"url\":\"https:\/\/colegioarquitectos.com\/noticias\/\",\"name\":\"COLEGIO DE ARQUITECTOS DE CHILE\",\"description\":\"\",\"publisher\":{\"@id\":\"https:\/\/colegioarquitectos.com\/noticias\/#organization\"},\"potentialAction\":[{\"@type\":\"SearchAction\",\"target\":{\"@type\":\"EntryPoint\",\"urlTemplate\":\"https:\/\/colegioarquitectos.com\/noticias\/?s={search_term_string}\"},\"query-input\":{\"@type\":\"PropertyValueSpecification\",\"valueRequired\":true,\"valueName\":\"search_term_string\"}}],\"inLanguage\":\"es\"},{\"@type\":\"Organization\",\"@id\":\"https:\/\/colegioarquitectos.com\/noticias\/#organization\",\"name\":\"COLEGIO DE ARQUITECTOS DE CHILE\",\"url\":\"https:\/\/colegioarquitectos.com\/noticias\/\",\"logo\":{\"@type\":\"ImageObject\",\"inLanguage\":\"es\",\"@id\":\"https:\/\/colegioarquitectos.com\/noticias\/#\/schema\/logo\/image\/\",\"url\":\"https:\/\/colegioarquitectos.com\/noticias\/wp-content\/uploads\/2021\/05\/ENCABEZADO-LOGO-CA.jpg\",\"contentUrl\":\"https:\/\/colegioarquitectos.com\/noticias\/wp-content\/uploads\/2021\/05\/ENCABEZADO-LOGO-CA.jpg\",\"width\":690,\"height\":350,\"caption\":\"COLEGIO DE ARQUITECTOS DE CHILE\"},\"image\":{\"@id\":\"https:\/\/colegioarquitectos.com\/noticias\/#\/schema\/logo\/image\/\"},\"sameAs\":[\"https:\/\/facebook.com\/Colegioarq\/\",\"https:\/\/x.com\/colegioarq\",\"https:\/\/instagram.com\/colegioarq\",\"https:\/\/youtube.com\/@ColegiodeArquitectosdeChile\"]},{\"@type\":\"Person\",\"@id\":\"https:\/\/colegioarquitectos.com\/noticias\/#\/schema\/person\/685cc0aad148303c5608f049af8285ad\",\"name\":\"Colegio de Arquitectos de Chile\",\"url\":\"https:\/\/colegioarquitectos.com\/noticias\/?author=4\"}]}<\/script>\n<!-- \/ Yoast SEO plugin. -->","yoast_head_json":{"title":"SEMINARIO: Relaciones Contractuales en la Edificaci\u00f3n, las nuevas tendencias - COLEGIO DE ARQUITECTOS DE CHILE","robots":{"index":"index","follow":"follow","max-snippet":"max-snippet:-1","max-image-preview":"max-image-preview:large","max-video-preview":"max-video-preview:-1"},"canonical":"https:\/\/colegioarquitectos.com\/noticias\/?p=18691","og_locale":"es_ES","og_type":"article","og_title":"SEMINARIO: Relaciones Contractuales en la Edificaci\u00f3n, las nuevas tendencias - COLEGIO DE ARQUITECTOS DE CHILE","og_description":"El Comit\u00e9 de Modernizaci\u00f3n de Marcos Contractuales del Programa Construye2025 -impulsado por Transforma de CORFO-, junto a la Escuela de Construcci\u00f3n de la Pontificia Universidad Cat\u00f3lica de Chile y la Facultad de Derecho de la Universidad Central han organizado el &hellip; ver m\u00e1s","og_url":"https:\/\/colegioarquitectos.com\/noticias\/?p=18691","og_site_name":"COLEGIO DE ARQUITECTOS DE CHILE","article_publisher":"https:\/\/facebook.com\/Colegioarq\/","article_published_time":"2017-10-24T17:52:40+00:00","og_image":[{"width":690,"height":350,"url":"https:\/\/colegioarquitectos.com\/noticias\/wp-content\/uploads\/2017\/10\/Relaciones-Contractuales-en-la-Edificaci\u00f3n.jpg","type":"image\/jpeg"}],"author":"Colegio de Arquitectos de Chile","twitter_card":"summary_large_image","twitter_creator":"@colegioarq","twitter_site":"@colegioarq","twitter_misc":{"Escrito por":"Colegio de Arquitectos de Chile","Tiempo de lectura":"1 minuto"},"schema":{"@context":"https:\/\/schema.org","@graph":[{"@type":"Article","@id":"https:\/\/colegioarquitectos.com\/noticias\/?p=18691#article","isPartOf":{"@id":"https:\/\/colegioarquitectos.com\/noticias\/?p=18691"},"author":{"name":"Colegio de Arquitectos de Chile","@id":"https:\/\/colegioarquitectos.com\/noticias\/#\/schema\/person\/685cc0aad148303c5608f049af8285ad"},"headline":"SEMINARIO: Relaciones Contractuales en la Edificaci\u00f3n, las nuevas tendencias","datePublished":"2017-10-24T17:52:40+00:00","dateModified":"2017-10-24T17:52:40+00:00","mainEntityOfPage":{"@id":"https:\/\/colegioarquitectos.com\/noticias\/?p=18691"},"wordCount":288,"publisher":{"@id":"https:\/\/colegioarquitectos.com\/noticias\/#organization"},"image":{"@id":"https:\/\/colegioarquitectos.com\/noticias\/?p=18691#primaryimage"},"thumbnailUrl":"https:\/\/colegioarquitectos.com\/noticias\/wp-content\/uploads\/2017\/10\/Relaciones-Contractuales-en-la-Edificaci\u00f3n.jpg","articleSection":["Actividades"],"inLanguage":"es"},{"@type":"WebPage","@id":"https:\/\/colegioarquitectos.com\/noticias\/?p=18691","url":"https:\/\/colegioarquitectos.com\/noticias\/?p=18691","name":"SEMINARIO: Relaciones Contractuales en la Edificaci\u00f3n, las nuevas tendencias - COLEGIO DE ARQUITECTOS DE CHILE","isPartOf":{"@id":"https:\/\/colegioarquitectos.com\/noticias\/#website"},"primaryImageOfPage":{"@id":"https:\/\/colegioarquitectos.com\/noticias\/?p=18691#primaryimage"},"image":{"@id":"https:\/\/colegioarquitectos.com\/noticias\/?p=18691#primaryimage"},"thumbnailUrl":"https:\/\/colegioarquitectos.com\/noticias\/wp-content\/uploads\/2017\/10\/Relaciones-Contractuales-en-la-Edificaci\u00f3n.jpg","datePublished":"2017-10-24T17:52:40+00:00","dateModified":"2017-10-24T17:52:40+00:00","breadcrumb":{"@id":"https:\/\/colegioarquitectos.com\/noticias\/?p=18691#breadcrumb"},"inLanguage":"es","potentialAction":[{"@type":"ReadAction","target":["https:\/\/colegioarquitectos.com\/noticias\/?p=18691"]}]},{"@type":"ImageObject","inLanguage":"es","@id":"https:\/\/colegioarquitectos.com\/noticias\/?p=18691#primaryimage","url":"https:\/\/colegioarquitectos.com\/noticias\/wp-content\/uploads\/2017\/10\/Relaciones-Contractuales-en-la-Edificaci\u00f3n.jpg","contentUrl":"https:\/\/colegioarquitectos.com\/noticias\/wp-content\/uploads\/2017\/10\/Relaciones-Contractuales-en-la-Edificaci\u00f3n.jpg","width":690,"height":350},{"@type":"BreadcrumbList","@id":"https:\/\/colegioarquitectos.com\/noticias\/?p=18691#breadcrumb","itemListElement":[{"@type":"ListItem","position":1,"name":"Portada","item":"https:\/\/colegioarquitectos.com\/noticias"},{"@type":"ListItem","position":2,"name":"SEMINARIO: Relaciones Contractuales en la Edificaci\u00f3n, las nuevas tendencias"}]},{"@type":"WebSite","@id":"https:\/\/colegioarquitectos.com\/noticias\/#website","url":"https:\/\/colegioarquitectos.com\/noticias\/","name":"COLEGIO DE ARQUITECTOS DE CHILE","description":"","publisher":{"@id":"https:\/\/colegioarquitectos.com\/noticias\/#organization"},"potentialAction":[{"@type":"SearchAction","target":{"@type":"EntryPoint","urlTemplate":"https:\/\/colegioarquitectos.com\/noticias\/?s={search_term_string}"},"query-input":{"@type":"PropertyValueSpecification","valueRequired":true,"valueName":"search_term_string"}}],"inLanguage":"es"},{"@type":"Organization","@id":"https:\/\/colegioarquitectos.com\/noticias\/#organization","name":"COLEGIO DE ARQUITECTOS DE CHILE","url":"https:\/\/colegioarquitectos.com\/noticias\/","logo":{"@type":"ImageObject","inLanguage":"es","@id":"https:\/\/colegioarquitectos.com\/noticias\/#\/schema\/logo\/image\/","url":"https:\/\/colegioarquitectos.com\/noticias\/wp-content\/uploads\/2021\/05\/ENCABEZADO-LOGO-CA.jpg","contentUrl":"https:\/\/colegioarquitectos.com\/noticias\/wp-content\/uploads\/2021\/05\/ENCABEZADO-LOGO-CA.jpg","width":690,"height":350,"caption":"COLEGIO DE ARQUITECTOS DE CHILE"},"image":{"@id":"https:\/\/colegioarquitectos.com\/noticias\/#\/schema\/logo\/image\/"},"sameAs":["https:\/\/facebook.com\/Colegioarq\/","https:\/\/x.com\/colegioarq","https:\/\/instagram.com\/colegioarq","https:\/\/youtube.com\/@ColegiodeArquitectosdeChile"]},{"@type":"Person","@id":"https:\/\/colegioarquitectos.com\/noticias\/#\/schema\/person\/685cc0aad148303c5608f049af8285ad","name":"Colegio de Arquitectos de Chile","url":"https:\/\/colegioarquitectos.com\/noticias\/?author=4"}]}},"_links":{"self":[{"href":"https:\/\/colegioarquitectos.com\/noticias\/index.php?rest_route=\/wp\/v2\/posts\/18691","targetHints":{"allow":["GET"]}}],"collection":[{"href":"https:\/\/colegioarquitectos.com\/noticias\/index.php?rest_route=\/wp\/v2\/posts"}],"about":[{"href":"https:\/\/colegioarquitectos.com\/noticias\/index.php?rest_route=\/wp\/v2\/types\/post"}],"author":[{"embeddable":true,"href":"https:\/\/colegioarquitectos.com\/noticias\/index.php?rest_route=\/wp\/v2\/users\/4"}],"replies":[{"embeddable":true,"href":"https:\/\/colegioarquitectos.com\/noticias\/index.php?rest_route=%2Fwp%2Fv2%2Fcomments&post=18691"}],"version-history":[{"count":0,"href":"https:\/\/colegioarquitectos.com\/noticias\/index.php?rest_route=\/wp\/v2\/posts\/18691\/revisions"}],"wp:featuredmedia":[{"embeddable":true,"href":"https:\/\/colegioarquitectos.com\/noticias\/index.php?rest_route=\/wp\/v2\/media\/18692"}],"wp:attachment":[{"href":"https:\/\/colegioarquitectos.com\/noticias\/index.php?rest_route=%2Fwp%2Fv2%2Fmedia&parent=18691"}],"wp:term":[{"taxonomy":"category","embeddable":true,"href":"https:\/\/colegioarquitectos.com\/noticias\/index.php?rest_route=%2Fwp%2Fv2%2Fcategories&post=18691"},{"taxonomy":"post_tag","embeddable":true,"href":"https:\/\/colegioarquitectos.com\/noticias\/index.php?rest_route=%2Fwp%2Fv2%2Ftags&post=18691"}],"curies":[{"name":"wp","href":"https:\/\/api.w.org\/{rel}","templated":true}]}}