
{"id":18720,"date":"2017-10-27T18:05:08","date_gmt":"2017-10-27T18:05:08","guid":{"rendered":"http:\/\/colegioarquitectos.com\/?p=18720"},"modified":"2017-11-06T20:58:44","modified_gmt":"2017-11-06T20:58:44","slug":"con-mas-de-mil-asistentes-se-dio-inicio-a-la-xx-bienal-de-arquitectura-dialogos-impostergables","status":"publish","type":"post","link":"https:\/\/colegioarquitectos.com\/noticias\/?p=18720","title":{"rendered":"Con m\u00e1s de mil asistentes se inicia la XX Bienal de Arquitectura \u201cDi\u00e1logos Impostergables\u201d"},"content":{"rendered":"<p>Presentaciones especiales, performance, charlas, exposiciones y con alrededor de mil asistentes en la apertura, se dio inicio oficial al primer d\u00eda de\u00a0<strong>Di\u00e1logos Impostergables \u2014 XX Bienal de Arquitectura y Urbanismo en Valpara\u00edso<\/strong><em>.<\/em><\/p>\n<p>La jornada comenz\u00f3 con una performance de\u00a0<strong>Alfombra Roja,<\/strong>\u00a0colectivo fundado en Lima que ha organizado una serie de intervenciones con participaci\u00f3n del p\u00fablico, a la que se sumaron decenas de personas para crear una alfombra roja humana en el marco del\u00a0<strong>Desaf\u00edo \u00a1Ni una menos! Alfombra Roja para que no se pisoteen nuestros derechos,\u00a0<\/strong>parte de las varias acciones que tiene preparado el Equipo Curatorial de Activismo, compuesto por\u00a0<strong>Claudio Magrini y Miguel Cancino<\/strong>.<\/p>\n<p>Luego llegaron las palabras oficiales de <strong>Jorge Sharp<\/strong> (alcalde de Valpara\u00edso), quien recalc\u00f3 que esta bienal \u201clleg\u00f3 en el mejor momento, ya que hay sobre la mesa discusiones importantes, que se ven reflejadas en este evento\u201d.<\/p>\n<p>Adem\u00e1s del alcalde, la inauguraci\u00f3n cont\u00f3 con <strong>Pilar Urrejola<\/strong> (de la Comisi\u00f3n Bienal del Colegio de Arquitectos), <strong>Alberto Texido<\/strong> (Presidente del Colegio), <strong>Francisco Vivanco<\/strong> (Director de la Asociaci\u00f3n de Oficinas de Arquitectos) y <strong>Edgar D\u00f6rig<\/strong> (Embajador de Suiza); habl\u00f3\u00a0<strong>Felipe Vera<\/strong>, Director Ejecutivo de la Bienal, quien present\u00f3 los fundamentos del encuentro de este a\u00f1o y se\u00f1al\u00f3:<\/p>\n<p>\u201cReflexionar sobre lo impostergable responde a la pregunta de qu\u00e9 debe convertirse en prioridad, de tal manera de ampliar nuestro dominio de preocupaciones. No para que los arquitectos hagamos cosas distintas de las que estamos entrenados para hacer, sino porque ampliando nuestro \u00e1mbito de inquietudes podremos reconquistar la capacidad de influir y aportar de mejor manera en el \u00e1mbito urbano con las competencias y atributos que solo el pensamiento sint\u00e9tico propio del arquitecto, puede traer a ciertas discusiones.<\/p>\n<p>A las 20.00 hrs., <strong>Alfredo Jaar<\/strong> dio una conferencia sobre\u00a0<em>Estudios sobre la felicidad,\u00a0<\/em>una de sus obras fundamentales, realizada entre 1979 y 1981 en Santiago de Chile y que ha sido reeditada para los\u00a0<em>Di\u00e1logos Impostergables<\/em>\u00a0en la ciudad de Valpara\u00edso, destacando que su trabajo ha intentado \u201cCambiar la memoria, pero que por su puesto eso no es posible\u201d. Agregando, adem\u00e1s: \u201cMi generaci\u00f3n ha fallado. No cambiamos nada. Es el turno de ustedes generar un cambio\u201d. A la presentaci\u00f3n sigui\u00f3 una animada conversaci\u00f3n entre <strong>Rodrigo Tisi<\/strong>, director creativo de la Bienal.<\/p>\n<p>M\u00e1s adelante, cuatro invitados especiales entregaron sus\u00a0<em>Propuestas Impostergables.\u00a0<\/em>Se trat\u00f3 de cuatro miradas distintas sobre la arquitectura y los desaf\u00edos para la profesi\u00f3n en la actualidad. Participaron la arquitecta chilena <strong>Alejandra Celed\u00f3n<\/strong> (Ph. D. Architectural Association), el arquitecto colombiano <strong>Camilo Restrepo<\/strong> (AGENdA); el arquitecto chileno<strong> Jorge Lobos<\/strong> (EA-RH, Chile) y el arquitecto suizo <strong>Manuel Herz<\/strong> (RWTH Aachen, Suiza).<\/p>\n<p>Al coloquio sigui\u00f3 la presentaci\u00f3n\u00a0<strong><em>Letters to the Mayor \/ Cartas al alcalde<\/em><\/strong><em>,<\/em>\u00a0la iniciativa de la galer\u00eda\u00a0<strong>Storefront<\/strong>\u00a0tra\u00edda a Chile por\u00a0<strong>Danae Santib\u00e1\u00f1ez, <\/strong>editora de ArchDaily,<strong> y Pola Mora<\/strong>, curadora de la Bienal\u00a0y que cont\u00f3 con la conferencia de\u00a0<strong>Eva Franch<\/strong>, Directora de Storefront for Art and Architecture.<\/p>\n<p>La jornada cerr\u00f3 con la entrega de\u00a0<strong>premios de la versi\u00f3n de esta Bienal<\/strong>, que cont\u00f3 con la deliberaci\u00f3n del jurado compuesto por\u00a0Felipe Vera, Curador General y Director Ejecutivo; Francisco Velasco, Director\u00a0Asociaci\u00f3n de Oficinas de Arquitectos; Alberto Texido, Presidente Nacional Colegio de Arquitectos de Chile; y Pilar Urrejola, Presidente Comisi\u00f3n Bienal del Colegio de Arquitectos de Chile.<\/p>\n<p>Los ganadores fueron:\u00a0<strong>Mejor Propuesta Acad\u00e9mica:\u00a0<\/strong>Mapocho 42k, de Mapocho 42k Lab;\u00a0<strong>El Premio Masisa a la<\/strong>\u00a0<strong>Mejor propuesta Profesional:\u00a0<\/strong>La arquitectura es un Derecho Humano;<strong>\u00a0de\u00a0EA-RH \u2013 Arquitectura Emergencia y Derechos Humanos;\u00a0Mejor Propuesta Activismo:\u00a0El caso de Punta del Sol, de la\u00a0Fundaci\u00f3n Urbanismo Social;\u00a0<\/strong>y\u00a0<strong>Mejor Propuesta Sector P\u00fablico:\u00a0<\/strong>H\u00e1bitat patrimonial y miximidad social en Santiago, compuesto por el equipo de\u00a0Mireya Danilo + Jaime Pujol + Georges Bonan.<\/p>\n<p>&nbsp;<\/p>\n\n\t\t<style type=\"text\/css\">\n\t\t\t#gallery-1 {\n\t\t\t\tmargin: auto;\n\t\t\t}\n\t\t\t#gallery-1 .gallery-item {\n\t\t\t\tfloat: left;\n\t\t\t\tmargin-top: 10px;\n\t\t\t\ttext-align: center;\n\t\t\t\twidth: 33%;\n\t\t\t}\n\t\t\t#gallery-1 img {\n\t\t\t\tborder: 2px solid #cfcfcf;\n\t\t\t}\n\t\t\t#gallery-1 .gallery-caption {\n\t\t\t\tmargin-left: 0;\n\t\t\t}\n\t\t\t\/* see gallery_shortcode() in wp-includes\/media.php *\/\n\t\t<\/style>\n\t\t<div id='gallery-1' class='gallery galleryid-18720 gallery-columns-3 gallery-size-thumbnail'><dl class='gallery-item'>\n\t\t\t<dt class='gallery-icon landscape'>\n\t\t\t\t<a href='https:\/\/colegioarquitectos.com\/noticias\/?attachment_id=18721'><img loading=\"lazy\" decoding=\"async\" width=\"180\" height=\"180\" src=\"https:\/\/colegioarquitectos.com\/noticias\/wp-content\/uploads\/2017\/10\/1er-dia-XX-Bienal-180x180.jpg\" class=\"attachment-thumbnail size-thumbnail\" alt=\"\" \/><\/a>\n\t\t\t<\/dt><\/dl><dl class='gallery-item'>\n\t\t\t<dt class='gallery-icon landscape'>\n\t\t\t\t<a href='https:\/\/colegioarquitectos.com\/noticias\/?attachment_id=18726'><img loading=\"lazy\" decoding=\"async\" width=\"180\" height=\"180\" src=\"https:\/\/colegioarquitectos.com\/noticias\/wp-content\/uploads\/2017\/10\/IMG_7592-180x180.jpeg\" class=\"attachment-thumbnail size-thumbnail\" alt=\"\" \/><\/a>\n\t\t\t<\/dt><\/dl><dl class='gallery-item'>\n\t\t\t<dt class='gallery-icon landscape'>\n\t\t\t\t<a href='https:\/\/colegioarquitectos.com\/noticias\/?attachment_id=18727'><img loading=\"lazy\" decoding=\"async\" width=\"180\" height=\"180\" src=\"https:\/\/colegioarquitectos.com\/noticias\/wp-content\/uploads\/2017\/10\/IMG_7620-180x180.jpeg\" class=\"attachment-thumbnail size-thumbnail\" alt=\"\" aria-describedby=\"gallery-1-18727\" \/><\/a>\n\t\t\t<\/dt>\n\t\t\t\t<dd class='wp-caption-text gallery-caption' id='gallery-1-18727'>\n\t\t\t\tLetters to the Mayor \/ Cartas al alcalde\n\t\t\t\t<\/dd><\/dl><br style=\"clear: both\" \/><dl class='gallery-item'>\n\t\t\t<dt class='gallery-icon landscape'>\n\t\t\t\t<a href='https:\/\/colegioarquitectos.com\/noticias\/?attachment_id=18728'><img loading=\"lazy\" decoding=\"async\" width=\"180\" height=\"180\" src=\"https:\/\/colegioarquitectos.com\/noticias\/wp-content\/uploads\/2017\/10\/IMG_7747-180x180.jpeg\" class=\"attachment-thumbnail size-thumbnail\" alt=\"\" aria-describedby=\"gallery-1-18728\" \/><\/a>\n\t\t\t<\/dt>\n\t\t\t\t<dd class='wp-caption-text gallery-caption' id='gallery-1-18728'>\n\t\t\t\tAlfombra Roja\n\t\t\t\t<\/dd><\/dl><dl class='gallery-item'>\n\t\t\t<dt class='gallery-icon landscape'>\n\t\t\t\t<a href='https:\/\/colegioarquitectos.com\/noticias\/?attachment_id=18729'><img loading=\"lazy\" decoding=\"async\" width=\"180\" height=\"180\" src=\"https:\/\/colegioarquitectos.com\/noticias\/wp-content\/uploads\/2017\/10\/IMG_7891-180x180.jpeg\" class=\"attachment-thumbnail size-thumbnail\" alt=\"\" \/><\/a>\n\t\t\t<\/dt><\/dl><dl class='gallery-item'>\n\t\t\t<dt class='gallery-icon portrait'>\n\t\t\t\t<a href='https:\/\/colegioarquitectos.com\/noticias\/?attachment_id=18730'><img loading=\"lazy\" decoding=\"async\" width=\"180\" height=\"180\" src=\"https:\/\/colegioarquitectos.com\/noticias\/wp-content\/uploads\/2017\/10\/IMG_8115-180x180.jpeg\" class=\"attachment-thumbnail size-thumbnail\" alt=\"\" \/><\/a>\n\t\t\t<\/dt><\/dl><br style=\"clear: both\" \/><dl class='gallery-item'>\n\t\t\t<dt class='gallery-icon landscape'>\n\t\t\t\t<a href='https:\/\/colegioarquitectos.com\/noticias\/?attachment_id=18731'><img loading=\"lazy\" decoding=\"async\" width=\"180\" height=\"180\" src=\"https:\/\/colegioarquitectos.com\/noticias\/wp-content\/uploads\/2017\/10\/IMG_8254-180x180.jpeg\" class=\"attachment-thumbnail size-thumbnail\" alt=\"\" aria-describedby=\"gallery-1-18731\" \/><\/a>\n\t\t\t<\/dt>\n\t\t\t\t<dd class='wp-caption-text gallery-caption' id='gallery-1-18731'>\n\t\t\t\tFelipe Vera, Curador General XX Bienal\n\t\t\t\t<\/dd><\/dl><dl class='gallery-item'>\n\t\t\t<dt class='gallery-icon landscape'>\n\t\t\t\t<a href='https:\/\/colegioarquitectos.com\/noticias\/?attachment_id=18732'><img loading=\"lazy\" decoding=\"async\" width=\"180\" height=\"180\" src=\"https:\/\/colegioarquitectos.com\/noticias\/wp-content\/uploads\/2017\/10\/IMG_8287-180x180.jpeg\" class=\"attachment-thumbnail size-thumbnail\" alt=\"\" aria-describedby=\"gallery-1-18732\" \/><\/a>\n\t\t\t<\/dt>\n\t\t\t\t<dd class='wp-caption-text gallery-caption' id='gallery-1-18732'>\n\t\t\t\tJorge Sharp, Alcalde Valpara\u00edso\n\t\t\t\t<\/dd><\/dl><dl class='gallery-item'>\n\t\t\t<dt class='gallery-icon landscape'>\n\t\t\t\t<a href='https:\/\/colegioarquitectos.com\/noticias\/?attachment_id=18733'><img loading=\"lazy\" decoding=\"async\" width=\"180\" height=\"180\" src=\"https:\/\/colegioarquitectos.com\/noticias\/wp-content\/uploads\/2017\/10\/IMG_8412-180x180.jpeg\" class=\"attachment-thumbnail size-thumbnail\" alt=\"\" aria-describedby=\"gallery-1-18733\" \/><\/a>\n\t\t\t<\/dt>\n\t\t\t\t<dd class='wp-caption-text gallery-caption' id='gallery-1-18733'>\n\t\t\t\tAlberto Texido, Presidente del Colegio de Arquitectos\n\t\t\t\t<\/dd><\/dl><br style=\"clear: both\" \/><dl class='gallery-item'>\n\t\t\t<dt class='gallery-icon landscape'>\n\t\t\t\t<a href='https:\/\/colegioarquitectos.com\/noticias\/?attachment_id=18734'><img loading=\"lazy\" decoding=\"async\" width=\"180\" height=\"180\" src=\"https:\/\/colegioarquitectos.com\/noticias\/wp-content\/uploads\/2017\/10\/IMG_8449-180x180.jpeg\" class=\"attachment-thumbnail size-thumbnail\" alt=\"\" \/><\/a>\n\t\t\t<\/dt><\/dl><dl class='gallery-item'>\n\t\t\t<dt class='gallery-icon landscape'>\n\t\t\t\t<a href='https:\/\/colegioarquitectos.com\/noticias\/?attachment_id=18735'><img loading=\"lazy\" decoding=\"async\" width=\"180\" height=\"180\" src=\"https:\/\/colegioarquitectos.com\/noticias\/wp-content\/uploads\/2017\/10\/IMG_8473-180x180.jpeg\" class=\"attachment-thumbnail size-thumbnail\" alt=\"\" \/><\/a>\n\t\t\t<\/dt><\/dl><dl class='gallery-item'>\n\t\t\t<dt class='gallery-icon portrait'>\n\t\t\t\t<a href='https:\/\/colegioarquitectos.com\/noticias\/?attachment_id=18736'><img loading=\"lazy\" decoding=\"async\" width=\"180\" height=\"180\" src=\"https:\/\/colegioarquitectos.com\/noticias\/wp-content\/uploads\/2017\/10\/IMG_8487-180x180.jpeg\" class=\"attachment-thumbnail size-thumbnail\" alt=\"\" aria-describedby=\"gallery-1-18736\" \/><\/a>\n\t\t\t<\/dt>\n\t\t\t\t<dd class='wp-caption-text gallery-caption' id='gallery-1-18736'>\n\t\t\t\tAlfredo Jaar\n\t\t\t\t<\/dd><\/dl><br style=\"clear: both\" \/><dl class='gallery-item'>\n\t\t\t<dt class='gallery-icon landscape'>\n\t\t\t\t<a href='https:\/\/colegioarquitectos.com\/noticias\/?attachment_id=18737'><img loading=\"lazy\" decoding=\"async\" width=\"180\" height=\"180\" src=\"https:\/\/colegioarquitectos.com\/noticias\/wp-content\/uploads\/2017\/10\/IMG_8565-180x180.jpeg\" class=\"attachment-thumbnail size-thumbnail\" alt=\"\" aria-describedby=\"gallery-1-18737\" \/><\/a>\n\t\t\t<\/dt>\n\t\t\t\t<dd class='wp-caption-text gallery-caption' id='gallery-1-18737'>\n\t\t\t\tRodrigo Tisi y Alfredo Jaar\n\t\t\t\t<\/dd><\/dl><dl class='gallery-item'>\n\t\t\t<dt class='gallery-icon landscape'>\n\t\t\t\t<a href='https:\/\/colegioarquitectos.com\/noticias\/?attachment_id=18738'><img loading=\"lazy\" decoding=\"async\" width=\"180\" height=\"180\" src=\"https:\/\/colegioarquitectos.com\/noticias\/wp-content\/uploads\/2017\/10\/IMG_8719-180x180.jpeg\" class=\"attachment-thumbnail size-thumbnail\" alt=\"\" aria-describedby=\"gallery-1-18738\" \/><\/a>\n\t\t\t<\/dt>\n\t\t\t\t<dd class='wp-caption-text gallery-caption' id='gallery-1-18738'>\n\t\t\t\tAlejandra Celed\u00f3n\n\t\t\t\t<\/dd><\/dl><dl class='gallery-item'>\n\t\t\t<dt class='gallery-icon landscape'>\n\t\t\t\t<a href='https:\/\/colegioarquitectos.com\/noticias\/?attachment_id=18739'><img loading=\"lazy\" decoding=\"async\" width=\"180\" height=\"180\" src=\"https:\/\/colegioarquitectos.com\/noticias\/wp-content\/uploads\/2017\/10\/IMG_8781-180x180.jpeg\" class=\"attachment-thumbnail size-thumbnail\" alt=\"\" aria-describedby=\"gallery-1-18739\" \/><\/a>\n\t\t\t<\/dt>\n\t\t\t\t<dd class='wp-caption-text gallery-caption' id='gallery-1-18739'>\n\t\t\t\t Eva Franch\n\t\t\t\t<\/dd><\/dl><br style=\"clear: both\" \/><dl class='gallery-item'>\n\t\t\t<dt class='gallery-icon landscape'>\n\t\t\t\t<a href='https:\/\/colegioarquitectos.com\/noticias\/?attachment_id=18740'><img loading=\"lazy\" decoding=\"async\" width=\"180\" height=\"180\" src=\"https:\/\/colegioarquitectos.com\/noticias\/wp-content\/uploads\/2017\/10\/IMG_8830-180x180.jpeg\" class=\"attachment-thumbnail size-thumbnail\" alt=\"\" aria-describedby=\"gallery-1-18740\" \/><\/a>\n\t\t\t<\/dt>\n\t\t\t\t<dd class='wp-caption-text gallery-caption' id='gallery-1-18740'>\n\t\t\t\tLos ganadores de los Premios XX Bienal\n\t\t\t\t<\/dd><\/dl>\n\t\t\t<br style='clear: both' \/>\n\t\t<\/div>\n\n<p>&nbsp;<\/p>\n<p><a href=\"http:\/\/www.impostergable.cl\/noticias\/con-cerca-de-mil-asistentes-se-dio-inicio-a-la-bienal-de-arquitectura-dialogos-impostergables\/\">Por Sebasti\u00e1n Herrera<\/a><\/p>\n<p><\/p>","protected":false},"excerpt":{"rendered":"<p>Presentaciones especiales, performance, charlas, exposiciones y con alrededor de mil asistentes en la apertura, se dio inicio oficial al primer d\u00eda de\u00a0Di\u00e1logos Impostergables \u2014 XX Bienal de Arquitectura y Urbanismo en Valpara\u00edso. La jornada comenz\u00f3 con una performance de\u00a0Alfombra Roja,\u00a0colectivo &hellip; <a class=\"more-link\" href=\"https:\/\/colegioarquitectos.com\/noticias\/?p=18720\">ver m\u00e1s<\/a><\/p>","protected":false},"author":4,"featured_media":18721,"comment_status":"closed","ping_status":"closed","sticky":false,"template":"","format":"standard","meta":{"footnotes":""},"categories":[59],"tags":[],"class_list":["post-18720","post","type-post","status-publish","format-standard","has-post-thumbnail","hentry","category-bienal"],"yoast_head":"<!-- This site is optimized with the Yoast SEO plugin v24.2 - https:\/\/yoast.com\/wordpress\/plugins\/seo\/ -->\n<title>Con m\u00e1s de mil asistentes se inicia la XX Bienal de Arquitectura \u201cDi\u00e1logos Impostergables\u201d - COLEGIO DE ARQUITECTOS DE CHILE<\/title>\n<meta name=\"robots\" content=\"index, follow, max-snippet:-1, max-image-preview:large, max-video-preview:-1\" \/>\n<link rel=\"canonical\" href=\"https:\/\/colegioarquitectos.com\/noticias\/?p=18720\" \/>\n<meta property=\"og:locale\" content=\"es_ES\" \/>\n<meta property=\"og:type\" content=\"article\" \/>\n<meta property=\"og:title\" content=\"Con m\u00e1s de mil asistentes se inicia la XX Bienal de Arquitectura \u201cDi\u00e1logos Impostergables\u201d - COLEGIO DE ARQUITECTOS DE CHILE\" \/>\n<meta property=\"og:description\" content=\"Presentaciones especiales, performance, charlas, exposiciones y con alrededor de mil asistentes en la apertura, se dio inicio oficial al primer d\u00eda de\u00a0Di\u00e1logos Impostergables \u2014 XX Bienal de Arquitectura y Urbanismo en Valpara\u00edso. La jornada comenz\u00f3 con una performance de\u00a0Alfombra Roja,\u00a0colectivo &hellip; ver m\u00e1s\" \/>\n<meta property=\"og:url\" content=\"https:\/\/colegioarquitectos.com\/noticias\/?p=18720\" \/>\n<meta property=\"og:site_name\" content=\"COLEGIO DE ARQUITECTOS DE CHILE\" \/>\n<meta property=\"article:publisher\" content=\"https:\/\/facebook.com\/Colegioarq\/\" \/>\n<meta property=\"article:published_time\" content=\"2017-10-27T18:05:08+00:00\" \/>\n<meta property=\"article:modified_time\" content=\"2017-11-06T20:58:44+00:00\" \/>\n<meta property=\"og:image\" content=\"https:\/\/colegioarquitectos.com\/noticias\/wp-content\/uploads\/2017\/10\/1er-dia-XX-Bienal.jpg\" \/>\n\t<meta property=\"og:image:width\" content=\"690\" \/>\n\t<meta property=\"og:image:height\" content=\"350\" \/>\n\t<meta property=\"og:image:type\" content=\"image\/jpeg\" \/>\n<meta name=\"author\" content=\"Colegio de Arquitectos de Chile\" \/>\n<meta name=\"twitter:card\" content=\"summary_large_image\" \/>\n<meta name=\"twitter:creator\" content=\"@colegioarq\" \/>\n<meta name=\"twitter:site\" content=\"@colegioarq\" \/>\n<meta name=\"twitter:label1\" content=\"Escrito por\" \/>\n\t<meta name=\"twitter:data1\" content=\"Colegio de Arquitectos de Chile\" \/>\n\t<meta name=\"twitter:label2\" content=\"Tiempo de lectura\" \/>\n\t<meta name=\"twitter:data2\" content=\"3 minutos\" \/>\n<script type=\"application\/ld+json\" class=\"yoast-schema-graph\">{\"@context\":\"https:\/\/schema.org\",\"@graph\":[{\"@type\":\"Article\",\"@id\":\"https:\/\/colegioarquitectos.com\/noticias\/?p=18720#article\",\"isPartOf\":{\"@id\":\"https:\/\/colegioarquitectos.com\/noticias\/?p=18720\"},\"author\":{\"name\":\"Colegio de Arquitectos de Chile\",\"@id\":\"https:\/\/colegioarquitectos.com\/noticias\/#\/schema\/person\/685cc0aad148303c5608f049af8285ad\"},\"headline\":\"Con m\u00e1s de mil asistentes se inicia la XX Bienal de Arquitectura \u201cDi\u00e1logos Impostergables\u201d\",\"datePublished\":\"2017-10-27T18:05:08+00:00\",\"dateModified\":\"2017-11-06T20:58:44+00:00\",\"mainEntityOfPage\":{\"@id\":\"https:\/\/colegioarquitectos.com\/noticias\/?p=18720\"},\"wordCount\":666,\"publisher\":{\"@id\":\"https:\/\/colegioarquitectos.com\/noticias\/#organization\"},\"image\":{\"@id\":\"https:\/\/colegioarquitectos.com\/noticias\/?p=18720#primaryimage\"},\"thumbnailUrl\":\"https:\/\/colegioarquitectos.com\/noticias\/wp-content\/uploads\/2017\/10\/1er-dia-XX-Bienal.jpg\",\"articleSection\":[\"Bienal\"],\"inLanguage\":\"es\"},{\"@type\":\"WebPage\",\"@id\":\"https:\/\/colegioarquitectos.com\/noticias\/?p=18720\",\"url\":\"https:\/\/colegioarquitectos.com\/noticias\/?p=18720\",\"name\":\"Con m\u00e1s de mil asistentes se inicia la XX Bienal de Arquitectura \u201cDi\u00e1logos Impostergables\u201d - COLEGIO DE ARQUITECTOS DE CHILE\",\"isPartOf\":{\"@id\":\"https:\/\/colegioarquitectos.com\/noticias\/#website\"},\"primaryImageOfPage\":{\"@id\":\"https:\/\/colegioarquitectos.com\/noticias\/?p=18720#primaryimage\"},\"image\":{\"@id\":\"https:\/\/colegioarquitectos.com\/noticias\/?p=18720#primaryimage\"},\"thumbnailUrl\":\"https:\/\/colegioarquitectos.com\/noticias\/wp-content\/uploads\/2017\/10\/1er-dia-XX-Bienal.jpg\",\"datePublished\":\"2017-10-27T18:05:08+00:00\",\"dateModified\":\"2017-11-06T20:58:44+00:00\",\"breadcrumb\":{\"@id\":\"https:\/\/colegioarquitectos.com\/noticias\/?p=18720#breadcrumb\"},\"inLanguage\":\"es\",\"potentialAction\":[{\"@type\":\"ReadAction\",\"target\":[\"https:\/\/colegioarquitectos.com\/noticias\/?p=18720\"]}]},{\"@type\":\"ImageObject\",\"inLanguage\":\"es\",\"@id\":\"https:\/\/colegioarquitectos.com\/noticias\/?p=18720#primaryimage\",\"url\":\"https:\/\/colegioarquitectos.com\/noticias\/wp-content\/uploads\/2017\/10\/1er-dia-XX-Bienal.jpg\",\"contentUrl\":\"https:\/\/colegioarquitectos.com\/noticias\/wp-content\/uploads\/2017\/10\/1er-dia-XX-Bienal.jpg\",\"width\":690,\"height\":350},{\"@type\":\"BreadcrumbList\",\"@id\":\"https:\/\/colegioarquitectos.com\/noticias\/?p=18720#breadcrumb\",\"itemListElement\":[{\"@type\":\"ListItem\",\"position\":1,\"name\":\"Portada\",\"item\":\"https:\/\/colegioarquitectos.com\/noticias\"},{\"@type\":\"ListItem\",\"position\":2,\"name\":\"Con m\u00e1s de mil asistentes se inicia la XX Bienal de Arquitectura \u201cDi\u00e1logos Impostergables\u201d\"}]},{\"@type\":\"WebSite\",\"@id\":\"https:\/\/colegioarquitectos.com\/noticias\/#website\",\"url\":\"https:\/\/colegioarquitectos.com\/noticias\/\",\"name\":\"COLEGIO DE ARQUITECTOS DE CHILE\",\"description\":\"\",\"publisher\":{\"@id\":\"https:\/\/colegioarquitectos.com\/noticias\/#organization\"},\"potentialAction\":[{\"@type\":\"SearchAction\",\"target\":{\"@type\":\"EntryPoint\",\"urlTemplate\":\"https:\/\/colegioarquitectos.com\/noticias\/?s={search_term_string}\"},\"query-input\":{\"@type\":\"PropertyValueSpecification\",\"valueRequired\":true,\"valueName\":\"search_term_string\"}}],\"inLanguage\":\"es\"},{\"@type\":\"Organization\",\"@id\":\"https:\/\/colegioarquitectos.com\/noticias\/#organization\",\"name\":\"COLEGIO DE ARQUITECTOS DE CHILE\",\"url\":\"https:\/\/colegioarquitectos.com\/noticias\/\",\"logo\":{\"@type\":\"ImageObject\",\"inLanguage\":\"es\",\"@id\":\"https:\/\/colegioarquitectos.com\/noticias\/#\/schema\/logo\/image\/\",\"url\":\"https:\/\/colegioarquitectos.com\/noticias\/wp-content\/uploads\/2021\/05\/ENCABEZADO-LOGO-CA.jpg\",\"contentUrl\":\"https:\/\/colegioarquitectos.com\/noticias\/wp-content\/uploads\/2021\/05\/ENCABEZADO-LOGO-CA.jpg\",\"width\":690,\"height\":350,\"caption\":\"COLEGIO DE ARQUITECTOS DE CHILE\"},\"image\":{\"@id\":\"https:\/\/colegioarquitectos.com\/noticias\/#\/schema\/logo\/image\/\"},\"sameAs\":[\"https:\/\/facebook.com\/Colegioarq\/\",\"https:\/\/x.com\/colegioarq\",\"https:\/\/instagram.com\/colegioarq\",\"https:\/\/youtube.com\/@ColegiodeArquitectosdeChile\"]},{\"@type\":\"Person\",\"@id\":\"https:\/\/colegioarquitectos.com\/noticias\/#\/schema\/person\/685cc0aad148303c5608f049af8285ad\",\"name\":\"Colegio de Arquitectos de Chile\",\"url\":\"https:\/\/colegioarquitectos.com\/noticias\/?author=4\"}]}<\/script>\n<!-- \/ Yoast SEO plugin. -->","yoast_head_json":{"title":"Con m\u00e1s de mil asistentes se inicia la XX Bienal de Arquitectura \u201cDi\u00e1logos Impostergables\u201d - COLEGIO DE ARQUITECTOS DE CHILE","robots":{"index":"index","follow":"follow","max-snippet":"max-snippet:-1","max-image-preview":"max-image-preview:large","max-video-preview":"max-video-preview:-1"},"canonical":"https:\/\/colegioarquitectos.com\/noticias\/?p=18720","og_locale":"es_ES","og_type":"article","og_title":"Con m\u00e1s de mil asistentes se inicia la XX Bienal de Arquitectura \u201cDi\u00e1logos Impostergables\u201d - COLEGIO DE ARQUITECTOS DE CHILE","og_description":"Presentaciones especiales, performance, charlas, exposiciones y con alrededor de mil asistentes en la apertura, se dio inicio oficial al primer d\u00eda de\u00a0Di\u00e1logos Impostergables \u2014 XX Bienal de Arquitectura y Urbanismo en Valpara\u00edso. La jornada comenz\u00f3 con una performance de\u00a0Alfombra Roja,\u00a0colectivo &hellip; ver m\u00e1s","og_url":"https:\/\/colegioarquitectos.com\/noticias\/?p=18720","og_site_name":"COLEGIO DE ARQUITECTOS DE CHILE","article_publisher":"https:\/\/facebook.com\/Colegioarq\/","article_published_time":"2017-10-27T18:05:08+00:00","article_modified_time":"2017-11-06T20:58:44+00:00","og_image":[{"width":690,"height":350,"url":"https:\/\/colegioarquitectos.com\/noticias\/wp-content\/uploads\/2017\/10\/1er-dia-XX-Bienal.jpg","type":"image\/jpeg"}],"author":"Colegio de Arquitectos de Chile","twitter_card":"summary_large_image","twitter_creator":"@colegioarq","twitter_site":"@colegioarq","twitter_misc":{"Escrito por":"Colegio de Arquitectos de Chile","Tiempo de lectura":"3 minutos"},"schema":{"@context":"https:\/\/schema.org","@graph":[{"@type":"Article","@id":"https:\/\/colegioarquitectos.com\/noticias\/?p=18720#article","isPartOf":{"@id":"https:\/\/colegioarquitectos.com\/noticias\/?p=18720"},"author":{"name":"Colegio de Arquitectos de Chile","@id":"https:\/\/colegioarquitectos.com\/noticias\/#\/schema\/person\/685cc0aad148303c5608f049af8285ad"},"headline":"Con m\u00e1s de mil asistentes se inicia la XX Bienal de Arquitectura \u201cDi\u00e1logos Impostergables\u201d","datePublished":"2017-10-27T18:05:08+00:00","dateModified":"2017-11-06T20:58:44+00:00","mainEntityOfPage":{"@id":"https:\/\/colegioarquitectos.com\/noticias\/?p=18720"},"wordCount":666,"publisher":{"@id":"https:\/\/colegioarquitectos.com\/noticias\/#organization"},"image":{"@id":"https:\/\/colegioarquitectos.com\/noticias\/?p=18720#primaryimage"},"thumbnailUrl":"https:\/\/colegioarquitectos.com\/noticias\/wp-content\/uploads\/2017\/10\/1er-dia-XX-Bienal.jpg","articleSection":["Bienal"],"inLanguage":"es"},{"@type":"WebPage","@id":"https:\/\/colegioarquitectos.com\/noticias\/?p=18720","url":"https:\/\/colegioarquitectos.com\/noticias\/?p=18720","name":"Con m\u00e1s de mil asistentes se inicia la XX Bienal de Arquitectura \u201cDi\u00e1logos Impostergables\u201d - COLEGIO DE ARQUITECTOS DE CHILE","isPartOf":{"@id":"https:\/\/colegioarquitectos.com\/noticias\/#website"},"primaryImageOfPage":{"@id":"https:\/\/colegioarquitectos.com\/noticias\/?p=18720#primaryimage"},"image":{"@id":"https:\/\/colegioarquitectos.com\/noticias\/?p=18720#primaryimage"},"thumbnailUrl":"https:\/\/colegioarquitectos.com\/noticias\/wp-content\/uploads\/2017\/10\/1er-dia-XX-Bienal.jpg","datePublished":"2017-10-27T18:05:08+00:00","dateModified":"2017-11-06T20:58:44+00:00","breadcrumb":{"@id":"https:\/\/colegioarquitectos.com\/noticias\/?p=18720#breadcrumb"},"inLanguage":"es","potentialAction":[{"@type":"ReadAction","target":["https:\/\/colegioarquitectos.com\/noticias\/?p=18720"]}]},{"@type":"ImageObject","inLanguage":"es","@id":"https:\/\/colegioarquitectos.com\/noticias\/?p=18720#primaryimage","url":"https:\/\/colegioarquitectos.com\/noticias\/wp-content\/uploads\/2017\/10\/1er-dia-XX-Bienal.jpg","contentUrl":"https:\/\/colegioarquitectos.com\/noticias\/wp-content\/uploads\/2017\/10\/1er-dia-XX-Bienal.jpg","width":690,"height":350},{"@type":"BreadcrumbList","@id":"https:\/\/colegioarquitectos.com\/noticias\/?p=18720#breadcrumb","itemListElement":[{"@type":"ListItem","position":1,"name":"Portada","item":"https:\/\/colegioarquitectos.com\/noticias"},{"@type":"ListItem","position":2,"name":"Con m\u00e1s de mil asistentes se inicia la XX Bienal de Arquitectura \u201cDi\u00e1logos Impostergables\u201d"}]},{"@type":"WebSite","@id":"https:\/\/colegioarquitectos.com\/noticias\/#website","url":"https:\/\/colegioarquitectos.com\/noticias\/","name":"COLEGIO DE ARQUITECTOS DE CHILE","description":"","publisher":{"@id":"https:\/\/colegioarquitectos.com\/noticias\/#organization"},"potentialAction":[{"@type":"SearchAction","target":{"@type":"EntryPoint","urlTemplate":"https:\/\/colegioarquitectos.com\/noticias\/?s={search_term_string}"},"query-input":{"@type":"PropertyValueSpecification","valueRequired":true,"valueName":"search_term_string"}}],"inLanguage":"es"},{"@type":"Organization","@id":"https:\/\/colegioarquitectos.com\/noticias\/#organization","name":"COLEGIO DE ARQUITECTOS DE CHILE","url":"https:\/\/colegioarquitectos.com\/noticias\/","logo":{"@type":"ImageObject","inLanguage":"es","@id":"https:\/\/colegioarquitectos.com\/noticias\/#\/schema\/logo\/image\/","url":"https:\/\/colegioarquitectos.com\/noticias\/wp-content\/uploads\/2021\/05\/ENCABEZADO-LOGO-CA.jpg","contentUrl":"https:\/\/colegioarquitectos.com\/noticias\/wp-content\/uploads\/2021\/05\/ENCABEZADO-LOGO-CA.jpg","width":690,"height":350,"caption":"COLEGIO DE ARQUITECTOS DE CHILE"},"image":{"@id":"https:\/\/colegioarquitectos.com\/noticias\/#\/schema\/logo\/image\/"},"sameAs":["https:\/\/facebook.com\/Colegioarq\/","https:\/\/x.com\/colegioarq","https:\/\/instagram.com\/colegioarq","https:\/\/youtube.com\/@ColegiodeArquitectosdeChile"]},{"@type":"Person","@id":"https:\/\/colegioarquitectos.com\/noticias\/#\/schema\/person\/685cc0aad148303c5608f049af8285ad","name":"Colegio de Arquitectos de Chile","url":"https:\/\/colegioarquitectos.com\/noticias\/?author=4"}]}},"_links":{"self":[{"href":"https:\/\/colegioarquitectos.com\/noticias\/index.php?rest_route=\/wp\/v2\/posts\/18720","targetHints":{"allow":["GET"]}}],"collection":[{"href":"https:\/\/colegioarquitectos.com\/noticias\/index.php?rest_route=\/wp\/v2\/posts"}],"about":[{"href":"https:\/\/colegioarquitectos.com\/noticias\/index.php?rest_route=\/wp\/v2\/types\/post"}],"author":[{"embeddable":true,"href":"https:\/\/colegioarquitectos.com\/noticias\/index.php?rest_route=\/wp\/v2\/users\/4"}],"replies":[{"embeddable":true,"href":"https:\/\/colegioarquitectos.com\/noticias\/index.php?rest_route=%2Fwp%2Fv2%2Fcomments&post=18720"}],"version-history":[{"count":0,"href":"https:\/\/colegioarquitectos.com\/noticias\/index.php?rest_route=\/wp\/v2\/posts\/18720\/revisions"}],"wp:featuredmedia":[{"embeddable":true,"href":"https:\/\/colegioarquitectos.com\/noticias\/index.php?rest_route=\/wp\/v2\/media\/18721"}],"wp:attachment":[{"href":"https:\/\/colegioarquitectos.com\/noticias\/index.php?rest_route=%2Fwp%2Fv2%2Fmedia&parent=18720"}],"wp:term":[{"taxonomy":"category","embeddable":true,"href":"https:\/\/colegioarquitectos.com\/noticias\/index.php?rest_route=%2Fwp%2Fv2%2Fcategories&post=18720"},{"taxonomy":"post_tag","embeddable":true,"href":"https:\/\/colegioarquitectos.com\/noticias\/index.php?rest_route=%2Fwp%2Fv2%2Ftags&post=18720"}],"curies":[{"name":"wp","href":"https:\/\/api.w.org\/{rel}","templated":true}]}}