
{"id":18848,"date":"2017-11-07T19:18:06","date_gmt":"2017-11-07T19:18:06","guid":{"rendered":"http:\/\/colegioarquitectos.com\/?p=18848"},"modified":"2018-01-02T19:20:25","modified_gmt":"2018-01-02T19:20:25","slug":"requisitos-para-postular-a-los-distintos-cargos-directivos-del-ca","status":"publish","type":"post","link":"https:\/\/colegioarquitectos.com\/noticias\/?p=18848","title":{"rendered":"Requisitos para postular a los distintos cargos directivos del CA"},"content":{"rendered":"<p>Para acceder a los cargos de <em>Director Nacional<\/em>, <em>Director de Delegaci\u00f3n Zonal<\/em>\u00a0 o <em>Miembro del Tribunal de \u00c9tica<\/em>, debes enviar tus datos y adjuntar los documentos que se piden a continuaci\u00f3n. En el caso del Directorio Nacional, contar con el patrocinio de no menos de 10 ni m\u00e1s de 15 colegiados activos (con sus cuotas al d\u00eda), y para el caso del Tribunal de \u00c9tica Nacional, no menos de 5 ni m\u00e1s de 10 colegiados activos.<\/p>\n<p>Adem\u00e1s, debes aceptar expresamente y por escrito tu postulaci\u00f3n. Para esto descarga la <a href=\"http:\/\/colegioarquitectos.com\/noticias\/wp-content\/uploads\/2017\/11\/Acepta-Postulaci\u00f3n-como-candidato-CA-2.doc\"><span style=\"color: #0000ff;\"><strong>Ficha de Postulaci\u00f3n<\/strong><\/span><\/a>, llena los datos necesarios y adj\u00fantala al final del<strong> formulario online<\/strong> que est\u00e1 m\u00e1s abajo. Es<strong>\u00a0<\/strong>un solo<strong> archivo word <\/strong>que si prefieres puedes transformar a<strong> PDF,<\/strong>\u00a0este incluye:<\/p>\n<ol>\n<li>Aceptaci\u00f3n a postular al cargo con tu firma digital o escrita.<\/li>\n<\/ol>\n<p><em>Ej: ACEPTA POSTULACION AL DIRECTORIO NACIONAL (o al Tribunal de \u00c9tica o a la Delegaci\u00f3n Zonal, seg\u00fan sea el caso)<\/em><\/p>\n<p><em>El Arquitecto que suscribe, acepta la postulaci\u00f3n de su nombre como candidato al cargo de_______ del Colegio de Arquitectos de Chile, para el per\u00edodo 2018-2019.<\/em><\/p>\n<p><em>\u00a0<\/em><\/p>\n<p><em>&#8212;&#8212;&#8212;&#8212;&#8212;&#8212;&#8212;&#8212;&#8212;&#8212;&#8212;&#8212;&#8212;&#8212;-\u00a0\u00a0\u00a0\u00a0\u00a0 &#8212;&#8212;&#8212;&#8212;\u00a0\u00a0\u00a0\u00a0 \u00a0\u00a0\u00a0 \u00a0\u00a0\u00a0\u00a0\u00a0\u00a0\u00a0\u00a0\u00a0\u00a0\u00a0\u00a0\u00a0\u00a0\u00a0\u00a0\u00a0\u00a0\u00a0\u00a0\u00a0\u00a0\u00a0\u00a0\u00a0\u00a0\u00a0\u00a0\u00a0\u00a0 &#8212;&#8212;&#8212;&#8212;&#8212;&#8212;&#8212;&#8212;&#8212;&#8211;<\/em><\/p>\n<p><em>\u00a0\u00a0\u00a0\u00a0\u00a0\u00a0\u00a0\u00a0\u00a0\u00a0\u00a0\u00a0 Nombre\u00a0\u00a0\u00a0\u00a0\u00a0\u00a0\u00a0\u00a0\u00a0\u00a0\u00a0\u00a0\u00a0\u00a0\u00a0\u00a0\u00a0\u00a0\u00a0\u00a0\u00a0\u00a0\u00a0\u00a0\u00a0\u00a0\u00a0\u00a0\u00a0\u00a0\u00a0\u00a0\u00a0\u00a0\u00a0\u00a0\u00a0\u00a0\u00a0\u00a0\u00a0\u00a0\u00a0 ICA\u00a0\u00a0\u00a0\u00a0\u00a0\u00a0\u00a0\u00a0\u00a0\u00a0\u00a0\u00a0\u00a0\u00a0\u00a0\u00a0\u00a0\u00a0\u00a0 \u00a0\u00a0\u00a0\u00a0\u00a0\u00a0\u00a0\u00a0\u00a0\u00a0\u00a0\u00a0\u00a0\u00a0\u00a0\u00a0\u00a0\u00a0\u00a0\u00a0\u00a0 \u00a0\u00a0\u00a0\u00a0\u00a0\u00a0\u00a0\u00a0\u00a0\u00a0\u00a0\u00a0\u00a0\u00a0\u00a0 \u00a0\u00a0\u00a0\u00a0Firma<\/em><\/p>\n<p>&nbsp;<\/p>\n<ol start=\"2\">\n<li>En la p\u00e1gina siguiente la foto o esc\u00e1ner de tu c\u00e9dula de identidad por ambos lados.<\/li>\n<li>En la(s) siguiente(s) un archivo con los nombres, RUT, ICA y firmas de quienes apoyan tu candidatura.<\/li>\n<\/ol>\n<p>&nbsp;<\/p>\n<p>Luego debes llenar el <a href=\"https:\/\/docs.google.com\/forms\/d\/1aFY_GJZ_DNLpTjQ0NQLJ8pUwL5aM1pTBNx_X00Uxqnk\/prefill\"><span style=\"color: #0000ff;\"><strong>Formulario<\/strong> <\/span><strong><span style=\"color: #0000ff;\">Online<\/span><\/strong><\/a> y adjuntar todos los archivos que se te solicitan. Si no sabes usar el formulario, te\u00a0aconsejamos que nos env\u00edes todos los documentos a elecciones@colegioarquitectos.com. Si ya respondiste el formulario y enviaste los documentos, te aconsejamos los vuelvas a remitir a\u00a0elecciones@colegioarquitectos.com.<\/p>\n<p>&nbsp;<\/p>\n<p><strong>Requisitos para los Postulantes<\/strong> (Cap\u00edtulo III, Arts. N\u00ba 10 a 17 Reglamento de Elecciones)<\/p>\n<p>Los postulantes para el cargo de Director (Nacional o Zonal) y de miembro del Tribunal de \u00c9tica (Nacional o Zonal), de acuerdo a Estatutos (ver aqu\u00ed) deben cumplir los siguientes requisitos:<\/p>\n<p>(Art\u00edculos 16, 35 y 53)<\/p>\n<p>1) Ser chileno o extranjero\u00a0 residente en Chile por m\u00e1s de 5 a\u00f1os. Para ser elegido Presidente Nacional del Colegio de Arquitectos se requerir\u00e1 ser chileno, haber nacido, estudiado y titulado en Chile.<\/p>\n<p>2) Tener la calidad de <strong>colegiado activo<\/strong> y una antig\u00fcedad de a lo menos <strong>dos a\u00f1os en el Registro de la Orden<\/strong>. (En el caso de las Delegaciones Zonales la antig\u00fcedad es de 2 a\u00f1os).<\/p>\n<p>3) No haber sido condenado ni estar actualmente procesado por crimen o delito simple.<\/p>\n<p>4) No haber sido objeto de cualquiera de las medidas disciplinarias establecidas en el Art. 57 letras d) a la g), de nuestros <a href=\"http:\/\/colegioarquitectos.com\/noticias\/wp-content\/uploads\/2017\/11\/ESTATUTOS_CA_2011.pdf\">Estatutos (ver)<\/a>, durante los \u00faltimos cuatro a\u00f1os anteriores a la fecha de la correspondiente elecci\u00f3n.<\/p>\n<p>5) No estar afecto a las inhabilidades o incompatibilidades que establezcan la Constituci\u00f3n Pol\u00edtica o las leyes de Chile.<\/p>\n<p>&nbsp;<\/p>\n<p>La fecha l\u00edmite para inscribirse es el <strong>lunes 12 de enero de 2018 a las 23:59 horas<\/strong>. Te confirmaremos v\u00eda correo electr\u00f3nico si est\u00e1s inscrito.<\/p>\n<p>Con todos los candidatos individuales recibidos se confeccionar\u00e1 una lista \u00fanica, ordenada seg\u00fan sorteo efectuado por la Comisi\u00f3n Calificadora de Elecciones, o por el correspondiente Directorio en el caso de las Delegaciones Zonales.<\/p>\n<p>Dudas o informaci\u00f3n a <span style=\"color: #0000ff;\"><a href=\"mailto:colegiados@colegioarquitectos.com\">colegiados@colegioarquitectos.com<\/a><\/span>. El plazo para responder a tus dudas ser\u00e1 el mi\u00e9rcoles 15 de noviembre de 2017<\/p>\n<p>&nbsp;<\/p>\n<p><\/p>","protected":false},"excerpt":{"rendered":"<p>Para acceder a los cargos de Director Nacional, Director de Delegaci\u00f3n Zonal\u00a0 o Miembro del Tribunal de \u00c9tica, debes enviar tus datos y adjuntar los documentos que se piden a continuaci\u00f3n. En el caso del Directorio Nacional, contar con el &hellip; <a class=\"more-link\" href=\"https:\/\/colegioarquitectos.com\/noticias\/?p=18848\">ver m\u00e1s<\/a><\/p>","protected":false},"author":4,"featured_media":0,"comment_status":"closed","ping_status":"closed","sticky":false,"template":"","format":"standard","meta":{"footnotes":""},"categories":[1],"tags":[],"class_list":["post-18848","post","type-post","status-publish","format-standard","hentry","category-sin-categoria"],"yoast_head":"<!-- This site is optimized with the Yoast SEO plugin v24.2 - https:\/\/yoast.com\/wordpress\/plugins\/seo\/ -->\n<title>Requisitos para postular a los distintos cargos directivos del CA - COLEGIO DE ARQUITECTOS DE CHILE<\/title>\n<meta name=\"robots\" content=\"index, follow, max-snippet:-1, max-image-preview:large, max-video-preview:-1\" \/>\n<link rel=\"canonical\" href=\"https:\/\/colegioarquitectos.com\/noticias\/?p=18848\" \/>\n<meta property=\"og:locale\" content=\"es_ES\" \/>\n<meta property=\"og:type\" content=\"article\" \/>\n<meta property=\"og:title\" content=\"Requisitos para postular a los distintos cargos directivos del CA - COLEGIO DE ARQUITECTOS DE CHILE\" \/>\n<meta property=\"og:description\" content=\"Para acceder a los cargos de Director Nacional, Director de Delegaci\u00f3n Zonal\u00a0 o Miembro del Tribunal de \u00c9tica, debes enviar tus datos y adjuntar los documentos que se piden a continuaci\u00f3n. En el caso del Directorio Nacional, contar con el &hellip; ver m\u00e1s\" \/>\n<meta property=\"og:url\" content=\"https:\/\/colegioarquitectos.com\/noticias\/?p=18848\" \/>\n<meta property=\"og:site_name\" content=\"COLEGIO DE ARQUITECTOS DE CHILE\" \/>\n<meta property=\"article:publisher\" content=\"https:\/\/facebook.com\/Colegioarq\/\" \/>\n<meta property=\"article:published_time\" content=\"2017-11-07T19:18:06+00:00\" \/>\n<meta property=\"article:modified_time\" content=\"2018-01-02T19:20:25+00:00\" \/>\n<meta name=\"author\" content=\"Colegio de Arquitectos de Chile\" \/>\n<meta name=\"twitter:card\" content=\"summary_large_image\" \/>\n<meta name=\"twitter:creator\" content=\"@colegioarq\" \/>\n<meta name=\"twitter:site\" content=\"@colegioarq\" \/>\n<meta name=\"twitter:label1\" content=\"Escrito por\" \/>\n\t<meta name=\"twitter:data1\" content=\"Colegio de Arquitectos de Chile\" \/>\n\t<meta name=\"twitter:label2\" content=\"Tiempo de lectura\" \/>\n\t<meta name=\"twitter:data2\" content=\"3 minutos\" \/>\n<script type=\"application\/ld+json\" class=\"yoast-schema-graph\">{\"@context\":\"https:\/\/schema.org\",\"@graph\":[{\"@type\":\"Article\",\"@id\":\"https:\/\/colegioarquitectos.com\/noticias\/?p=18848#article\",\"isPartOf\":{\"@id\":\"https:\/\/colegioarquitectos.com\/noticias\/?p=18848\"},\"author\":{\"name\":\"Colegio de Arquitectos de Chile\",\"@id\":\"https:\/\/colegioarquitectos.com\/noticias\/#\/schema\/person\/685cc0aad148303c5608f049af8285ad\"},\"headline\":\"Requisitos para postular a los distintos cargos directivos del CA\",\"datePublished\":\"2017-11-07T19:18:06+00:00\",\"dateModified\":\"2018-01-02T19:20:25+00:00\",\"mainEntityOfPage\":{\"@id\":\"https:\/\/colegioarquitectos.com\/noticias\/?p=18848\"},\"wordCount\":571,\"publisher\":{\"@id\":\"https:\/\/colegioarquitectos.com\/noticias\/#organization\"},\"inLanguage\":\"es\"},{\"@type\":\"WebPage\",\"@id\":\"https:\/\/colegioarquitectos.com\/noticias\/?p=18848\",\"url\":\"https:\/\/colegioarquitectos.com\/noticias\/?p=18848\",\"name\":\"Requisitos para postular a los distintos cargos directivos del CA - COLEGIO DE ARQUITECTOS DE CHILE\",\"isPartOf\":{\"@id\":\"https:\/\/colegioarquitectos.com\/noticias\/#website\"},\"datePublished\":\"2017-11-07T19:18:06+00:00\",\"dateModified\":\"2018-01-02T19:20:25+00:00\",\"breadcrumb\":{\"@id\":\"https:\/\/colegioarquitectos.com\/noticias\/?p=18848#breadcrumb\"},\"inLanguage\":\"es\",\"potentialAction\":[{\"@type\":\"ReadAction\",\"target\":[\"https:\/\/colegioarquitectos.com\/noticias\/?p=18848\"]}]},{\"@type\":\"BreadcrumbList\",\"@id\":\"https:\/\/colegioarquitectos.com\/noticias\/?p=18848#breadcrumb\",\"itemListElement\":[{\"@type\":\"ListItem\",\"position\":1,\"name\":\"Portada\",\"item\":\"https:\/\/colegioarquitectos.com\/noticias\"},{\"@type\":\"ListItem\",\"position\":2,\"name\":\"Requisitos para postular a los distintos cargos directivos del CA\"}]},{\"@type\":\"WebSite\",\"@id\":\"https:\/\/colegioarquitectos.com\/noticias\/#website\",\"url\":\"https:\/\/colegioarquitectos.com\/noticias\/\",\"name\":\"COLEGIO DE ARQUITECTOS DE CHILE\",\"description\":\"\",\"publisher\":{\"@id\":\"https:\/\/colegioarquitectos.com\/noticias\/#organization\"},\"potentialAction\":[{\"@type\":\"SearchAction\",\"target\":{\"@type\":\"EntryPoint\",\"urlTemplate\":\"https:\/\/colegioarquitectos.com\/noticias\/?s={search_term_string}\"},\"query-input\":{\"@type\":\"PropertyValueSpecification\",\"valueRequired\":true,\"valueName\":\"search_term_string\"}}],\"inLanguage\":\"es\"},{\"@type\":\"Organization\",\"@id\":\"https:\/\/colegioarquitectos.com\/noticias\/#organization\",\"name\":\"COLEGIO DE ARQUITECTOS DE CHILE\",\"url\":\"https:\/\/colegioarquitectos.com\/noticias\/\",\"logo\":{\"@type\":\"ImageObject\",\"inLanguage\":\"es\",\"@id\":\"https:\/\/colegioarquitectos.com\/noticias\/#\/schema\/logo\/image\/\",\"url\":\"https:\/\/colegioarquitectos.com\/noticias\/wp-content\/uploads\/2021\/05\/ENCABEZADO-LOGO-CA.jpg\",\"contentUrl\":\"https:\/\/colegioarquitectos.com\/noticias\/wp-content\/uploads\/2021\/05\/ENCABEZADO-LOGO-CA.jpg\",\"width\":690,\"height\":350,\"caption\":\"COLEGIO DE ARQUITECTOS DE CHILE\"},\"image\":{\"@id\":\"https:\/\/colegioarquitectos.com\/noticias\/#\/schema\/logo\/image\/\"},\"sameAs\":[\"https:\/\/facebook.com\/Colegioarq\/\",\"https:\/\/x.com\/colegioarq\",\"https:\/\/instagram.com\/colegioarq\",\"https:\/\/youtube.com\/@ColegiodeArquitectosdeChile\"]},{\"@type\":\"Person\",\"@id\":\"https:\/\/colegioarquitectos.com\/noticias\/#\/schema\/person\/685cc0aad148303c5608f049af8285ad\",\"name\":\"Colegio de Arquitectos de Chile\",\"url\":\"https:\/\/colegioarquitectos.com\/noticias\/?author=4\"}]}<\/script>\n<!-- \/ Yoast SEO plugin. -->","yoast_head_json":{"title":"Requisitos para postular a los distintos cargos directivos del CA - COLEGIO DE ARQUITECTOS DE CHILE","robots":{"index":"index","follow":"follow","max-snippet":"max-snippet:-1","max-image-preview":"max-image-preview:large","max-video-preview":"max-video-preview:-1"},"canonical":"https:\/\/colegioarquitectos.com\/noticias\/?p=18848","og_locale":"es_ES","og_type":"article","og_title":"Requisitos para postular a los distintos cargos directivos del CA - COLEGIO DE ARQUITECTOS DE CHILE","og_description":"Para acceder a los cargos de Director Nacional, Director de Delegaci\u00f3n Zonal\u00a0 o Miembro del Tribunal de \u00c9tica, debes enviar tus datos y adjuntar los documentos que se piden a continuaci\u00f3n. En el caso del Directorio Nacional, contar con el &hellip; ver m\u00e1s","og_url":"https:\/\/colegioarquitectos.com\/noticias\/?p=18848","og_site_name":"COLEGIO DE ARQUITECTOS DE CHILE","article_publisher":"https:\/\/facebook.com\/Colegioarq\/","article_published_time":"2017-11-07T19:18:06+00:00","article_modified_time":"2018-01-02T19:20:25+00:00","author":"Colegio de Arquitectos de Chile","twitter_card":"summary_large_image","twitter_creator":"@colegioarq","twitter_site":"@colegioarq","twitter_misc":{"Escrito por":"Colegio de Arquitectos de Chile","Tiempo de lectura":"3 minutos"},"schema":{"@context":"https:\/\/schema.org","@graph":[{"@type":"Article","@id":"https:\/\/colegioarquitectos.com\/noticias\/?p=18848#article","isPartOf":{"@id":"https:\/\/colegioarquitectos.com\/noticias\/?p=18848"},"author":{"name":"Colegio de Arquitectos de Chile","@id":"https:\/\/colegioarquitectos.com\/noticias\/#\/schema\/person\/685cc0aad148303c5608f049af8285ad"},"headline":"Requisitos para postular a los distintos cargos directivos del CA","datePublished":"2017-11-07T19:18:06+00:00","dateModified":"2018-01-02T19:20:25+00:00","mainEntityOfPage":{"@id":"https:\/\/colegioarquitectos.com\/noticias\/?p=18848"},"wordCount":571,"publisher":{"@id":"https:\/\/colegioarquitectos.com\/noticias\/#organization"},"inLanguage":"es"},{"@type":"WebPage","@id":"https:\/\/colegioarquitectos.com\/noticias\/?p=18848","url":"https:\/\/colegioarquitectos.com\/noticias\/?p=18848","name":"Requisitos para postular a los distintos cargos directivos del CA - COLEGIO DE ARQUITECTOS DE CHILE","isPartOf":{"@id":"https:\/\/colegioarquitectos.com\/noticias\/#website"},"datePublished":"2017-11-07T19:18:06+00:00","dateModified":"2018-01-02T19:20:25+00:00","breadcrumb":{"@id":"https:\/\/colegioarquitectos.com\/noticias\/?p=18848#breadcrumb"},"inLanguage":"es","potentialAction":[{"@type":"ReadAction","target":["https:\/\/colegioarquitectos.com\/noticias\/?p=18848"]}]},{"@type":"BreadcrumbList","@id":"https:\/\/colegioarquitectos.com\/noticias\/?p=18848#breadcrumb","itemListElement":[{"@type":"ListItem","position":1,"name":"Portada","item":"https:\/\/colegioarquitectos.com\/noticias"},{"@type":"ListItem","position":2,"name":"Requisitos para postular a los distintos cargos directivos del CA"}]},{"@type":"WebSite","@id":"https:\/\/colegioarquitectos.com\/noticias\/#website","url":"https:\/\/colegioarquitectos.com\/noticias\/","name":"COLEGIO DE ARQUITECTOS DE CHILE","description":"","publisher":{"@id":"https:\/\/colegioarquitectos.com\/noticias\/#organization"},"potentialAction":[{"@type":"SearchAction","target":{"@type":"EntryPoint","urlTemplate":"https:\/\/colegioarquitectos.com\/noticias\/?s={search_term_string}"},"query-input":{"@type":"PropertyValueSpecification","valueRequired":true,"valueName":"search_term_string"}}],"inLanguage":"es"},{"@type":"Organization","@id":"https:\/\/colegioarquitectos.com\/noticias\/#organization","name":"COLEGIO DE ARQUITECTOS DE CHILE","url":"https:\/\/colegioarquitectos.com\/noticias\/","logo":{"@type":"ImageObject","inLanguage":"es","@id":"https:\/\/colegioarquitectos.com\/noticias\/#\/schema\/logo\/image\/","url":"https:\/\/colegioarquitectos.com\/noticias\/wp-content\/uploads\/2021\/05\/ENCABEZADO-LOGO-CA.jpg","contentUrl":"https:\/\/colegioarquitectos.com\/noticias\/wp-content\/uploads\/2021\/05\/ENCABEZADO-LOGO-CA.jpg","width":690,"height":350,"caption":"COLEGIO DE ARQUITECTOS DE CHILE"},"image":{"@id":"https:\/\/colegioarquitectos.com\/noticias\/#\/schema\/logo\/image\/"},"sameAs":["https:\/\/facebook.com\/Colegioarq\/","https:\/\/x.com\/colegioarq","https:\/\/instagram.com\/colegioarq","https:\/\/youtube.com\/@ColegiodeArquitectosdeChile"]},{"@type":"Person","@id":"https:\/\/colegioarquitectos.com\/noticias\/#\/schema\/person\/685cc0aad148303c5608f049af8285ad","name":"Colegio de Arquitectos de Chile","url":"https:\/\/colegioarquitectos.com\/noticias\/?author=4"}]}},"_links":{"self":[{"href":"https:\/\/colegioarquitectos.com\/noticias\/index.php?rest_route=\/wp\/v2\/posts\/18848","targetHints":{"allow":["GET"]}}],"collection":[{"href":"https:\/\/colegioarquitectos.com\/noticias\/index.php?rest_route=\/wp\/v2\/posts"}],"about":[{"href":"https:\/\/colegioarquitectos.com\/noticias\/index.php?rest_route=\/wp\/v2\/types\/post"}],"author":[{"embeddable":true,"href":"https:\/\/colegioarquitectos.com\/noticias\/index.php?rest_route=\/wp\/v2\/users\/4"}],"replies":[{"embeddable":true,"href":"https:\/\/colegioarquitectos.com\/noticias\/index.php?rest_route=%2Fwp%2Fv2%2Fcomments&post=18848"}],"version-history":[{"count":0,"href":"https:\/\/colegioarquitectos.com\/noticias\/index.php?rest_route=\/wp\/v2\/posts\/18848\/revisions"}],"wp:attachment":[{"href":"https:\/\/colegioarquitectos.com\/noticias\/index.php?rest_route=%2Fwp%2Fv2%2Fmedia&parent=18848"}],"wp:term":[{"taxonomy":"category","embeddable":true,"href":"https:\/\/colegioarquitectos.com\/noticias\/index.php?rest_route=%2Fwp%2Fv2%2Fcategories&post=18848"},{"taxonomy":"post_tag","embeddable":true,"href":"https:\/\/colegioarquitectos.com\/noticias\/index.php?rest_route=%2Fwp%2Fv2%2Ftags&post=18848"}],"curies":[{"name":"wp","href":"https:\/\/api.w.org\/{rel}","templated":true}]}}