
{"id":18871,"date":"2017-11-08T17:11:36","date_gmt":"2017-11-08T17:11:36","guid":{"rendered":"http:\/\/colegioarquitectos.com\/?p=18871"},"modified":"2017-11-24T14:18:18","modified_gmt":"2017-11-24T14:18:18","slug":"enterate-de-todos-los-detalles-de-las-elecciones-ca-de-diciembre","status":"publish","type":"post","link":"https:\/\/colegioarquitectos.com\/noticias\/?p=18871","title":{"rendered":"Ent\u00e9rate de todos los detalles de las Elecciones CA de diciembre"},"content":{"rendered":"<p>Arquitecto colegiado<\/p>\n<p>El pr\u00f3ximo <strong>lunes 18 y martes 19 de diciembre<\/strong> se realizar\u00e1n las <strong>Elecciones CA 2017<\/strong> para renovar al Directorio Nacional, las Directivas de las Delegaciones Zonales Regionales, el Tribunal de \u00c9tica Nacional y los Tribunales de \u00c9tica regionales del <strong>Colegio de Arquitectos de Chile<\/strong> para el per\u00edodo 2018-2019, proceso que se rige bajo el <a href=\"http:\/\/colegioarquitectos.com\/noticias\/wp-content\/uploads\/2017\/11\/REGLAMENTO-ELECCIONES-2017-CA.pdf\">Reglamento de Elecciones CA (ver)<\/a>.<\/p>\n<p>Queremos invitarte a ser parte de los<strong> equipos que lideran y dirigen nuestra Instituci\u00f3n<\/strong> con presencia nacional, y a trabajar por los arquitectos de Chile, postulando como candidato a los cargos de <em>Director Nacional<\/em>, <em>Director de Delegaci\u00f3n Zonal<\/em> y <em>Miembro del Tribunal de \u00c9tica<\/em>. Podr\u00e1s hacerlo <strong>hasta el d\u00eda lunes 27 de noviembre<\/strong> de 2017. Revisa las condiciones (<span style=\"color: #0000ff;\"><a href=\"http:\/\/colegioarquitectos.com\/noticias\/?p=18848\">ingresa a la p\u00e1gina para conocer el proceso, descargar la ficha de postulaci\u00f3n<\/a><\/span>).<\/p>\n<p>Queremos que todos los miembros activos del Colegio de Arquitectos -quienes tienen sus cuotas al d\u00eda seg\u00fan los art. 4\u00ba y 5\u00ba de nuestros Estatutos &#8211; puedan participar del proceso eleccionario que se llevar\u00e1 a cabo de manera online y presencial, los d\u00edas 18 y 19 de diciembre. <a href=\"http:\/\/colegioarquitectos.com\/noticias\/?p=18845\">Revisa si est\u00e1s al d\u00eda<\/a><\/p>\n<p><strong>\u00a1Estamos renovando el Colegio de Arquitectos y necesitamos tu apoyo m\u00e1s que nunca!<\/strong><\/p>\n<p>El Directorio Nacional ha acordado entregar todas las facilidades para aquellos asociados no activos, con el pago de tres cuotas sociales y la suscripci\u00f3n de un mandato PAC o PAT, que asegura estar totalmente al d\u00eda y con derechos y beneficios como colegiado.<\/p>\n<p>Para lo anterior, debes ingresar a <a href=\"http:\/\/colegioarquitectos.com\/colegiate\/\">http:\/\/colegioarquitectos.com\/colegiate\/ <\/a>y suscribir tu pago, o comunicarte con Camila Le\u00f3n al fono 22 353 2300 o a <strong>colegiados@colegioarquitectos.com<\/strong>. Podr\u00e1s hacerlo hasta el d\u00eda 30 de noviembre si quieres estar habilitado para votar.<\/p>\n<p>Necesitamos un Colegio de Arquitectos fuerte y respetado, que alce la voz e influya en el \u00e1mbito \u00e9tico y los temas de planificaci\u00f3n urbana y territorial, patrimonio arquitect\u00f3nico, normas t\u00e9cnicas de construcci\u00f3n, arquitectura institucional p\u00fablica, concursos de arquitectura, cultura, docencia y otros.<\/p>\n<p><strong>\u00a1El CA es el lugar para colaborar como arquitecto con el progreso de Chile y tu regi\u00f3n!<\/strong><\/p>\n<p>&nbsp;<\/p>\n<p style=\"text-align: center;\">Atte<\/p>\n<p style=\"text-align: center;\">Directorio Nacional<\/p>\n<p style=\"text-align: center;\">Colegio de Arquitectos de Chile<\/p>\n<p><\/p>","protected":false},"excerpt":{"rendered":"<p>Arquitecto colegiado El pr\u00f3ximo lunes 18 y martes 19 de diciembre se realizar\u00e1n las Elecciones CA 2017 para renovar al Directorio Nacional, las Directivas de las Delegaciones Zonales Regionales, el Tribunal de \u00c9tica Nacional y los Tribunales de \u00c9tica regionales &hellip; <a class=\"more-link\" href=\"https:\/\/colegioarquitectos.com\/noticias\/?p=18871\">ver m\u00e1s<\/a><\/p>","protected":false},"author":4,"featured_media":18872,"comment_status":"closed","ping_status":"closed","sticky":false,"template":"","format":"standard","meta":{"footnotes":""},"categories":[8],"tags":[],"class_list":["post-18871","post","type-post","status-publish","format-standard","has-post-thumbnail","hentry","category-colegio-de-arquitectos"],"yoast_head":"<!-- This site is optimized with the Yoast SEO plugin v24.2 - https:\/\/yoast.com\/wordpress\/plugins\/seo\/ -->\n<title>Ent\u00e9rate de todos los detalles de las Elecciones CA de diciembre - COLEGIO DE ARQUITECTOS DE CHILE<\/title>\n<meta name=\"robots\" content=\"index, follow, max-snippet:-1, max-image-preview:large, max-video-preview:-1\" \/>\n<link rel=\"canonical\" href=\"https:\/\/colegioarquitectos.com\/noticias\/?p=18871\" \/>\n<meta property=\"og:locale\" content=\"es_ES\" \/>\n<meta property=\"og:type\" content=\"article\" \/>\n<meta property=\"og:title\" content=\"Ent\u00e9rate de todos los detalles de las Elecciones CA de diciembre - COLEGIO DE ARQUITECTOS DE CHILE\" \/>\n<meta property=\"og:description\" content=\"Arquitecto colegiado El pr\u00f3ximo lunes 18 y martes 19 de diciembre se realizar\u00e1n las Elecciones CA 2017 para renovar al Directorio Nacional, las Directivas de las Delegaciones Zonales Regionales, el Tribunal de \u00c9tica Nacional y los Tribunales de \u00c9tica regionales &hellip; ver m\u00e1s\" \/>\n<meta property=\"og:url\" content=\"https:\/\/colegioarquitectos.com\/noticias\/?p=18871\" \/>\n<meta property=\"og:site_name\" content=\"COLEGIO DE ARQUITECTOS DE CHILE\" \/>\n<meta property=\"article:publisher\" content=\"https:\/\/facebook.com\/Colegioarq\/\" \/>\n<meta property=\"article:published_time\" content=\"2017-11-08T17:11:36+00:00\" \/>\n<meta property=\"article:modified_time\" content=\"2017-11-24T14:18:18+00:00\" \/>\n<meta property=\"og:image\" content=\"https:\/\/colegioarquitectos.com\/noticias\/wp-content\/uploads\/2017\/11\/Elecciones-CA-2017-portada-web.jpg\" \/>\n\t<meta property=\"og:image:width\" content=\"690\" \/>\n\t<meta property=\"og:image:height\" content=\"350\" \/>\n\t<meta property=\"og:image:type\" content=\"image\/jpeg\" \/>\n<meta name=\"author\" content=\"Colegio de Arquitectos de Chile\" \/>\n<meta name=\"twitter:card\" content=\"summary_large_image\" \/>\n<meta name=\"twitter:creator\" content=\"@colegioarq\" \/>\n<meta name=\"twitter:site\" content=\"@colegioarq\" \/>\n<meta name=\"twitter:label1\" content=\"Escrito por\" \/>\n\t<meta name=\"twitter:data1\" content=\"Colegio de Arquitectos de Chile\" \/>\n\t<meta name=\"twitter:label2\" content=\"Tiempo de lectura\" \/>\n\t<meta name=\"twitter:data2\" content=\"2 minutos\" \/>\n<script type=\"application\/ld+json\" class=\"yoast-schema-graph\">{\"@context\":\"https:\/\/schema.org\",\"@graph\":[{\"@type\":\"Article\",\"@id\":\"https:\/\/colegioarquitectos.com\/noticias\/?p=18871#article\",\"isPartOf\":{\"@id\":\"https:\/\/colegioarquitectos.com\/noticias\/?p=18871\"},\"author\":{\"name\":\"Colegio de Arquitectos de Chile\",\"@id\":\"https:\/\/colegioarquitectos.com\/noticias\/#\/schema\/person\/685cc0aad148303c5608f049af8285ad\"},\"headline\":\"Ent\u00e9rate de todos los detalles de las Elecciones CA de diciembre\",\"datePublished\":\"2017-11-08T17:11:36+00:00\",\"dateModified\":\"2017-11-24T14:18:18+00:00\",\"mainEntityOfPage\":{\"@id\":\"https:\/\/colegioarquitectos.com\/noticias\/?p=18871\"},\"wordCount\":377,\"publisher\":{\"@id\":\"https:\/\/colegioarquitectos.com\/noticias\/#organization\"},\"image\":{\"@id\":\"https:\/\/colegioarquitectos.com\/noticias\/?p=18871#primaryimage\"},\"thumbnailUrl\":\"https:\/\/colegioarquitectos.com\/noticias\/wp-content\/uploads\/2017\/11\/Elecciones-CA-2017-portada-web.jpg\",\"articleSection\":[\"Colegio\"],\"inLanguage\":\"es\"},{\"@type\":\"WebPage\",\"@id\":\"https:\/\/colegioarquitectos.com\/noticias\/?p=18871\",\"url\":\"https:\/\/colegioarquitectos.com\/noticias\/?p=18871\",\"name\":\"Ent\u00e9rate de todos los detalles de las Elecciones CA de diciembre - COLEGIO DE ARQUITECTOS DE CHILE\",\"isPartOf\":{\"@id\":\"https:\/\/colegioarquitectos.com\/noticias\/#website\"},\"primaryImageOfPage\":{\"@id\":\"https:\/\/colegioarquitectos.com\/noticias\/?p=18871#primaryimage\"},\"image\":{\"@id\":\"https:\/\/colegioarquitectos.com\/noticias\/?p=18871#primaryimage\"},\"thumbnailUrl\":\"https:\/\/colegioarquitectos.com\/noticias\/wp-content\/uploads\/2017\/11\/Elecciones-CA-2017-portada-web.jpg\",\"datePublished\":\"2017-11-08T17:11:36+00:00\",\"dateModified\":\"2017-11-24T14:18:18+00:00\",\"breadcrumb\":{\"@id\":\"https:\/\/colegioarquitectos.com\/noticias\/?p=18871#breadcrumb\"},\"inLanguage\":\"es\",\"potentialAction\":[{\"@type\":\"ReadAction\",\"target\":[\"https:\/\/colegioarquitectos.com\/noticias\/?p=18871\"]}]},{\"@type\":\"ImageObject\",\"inLanguage\":\"es\",\"@id\":\"https:\/\/colegioarquitectos.com\/noticias\/?p=18871#primaryimage\",\"url\":\"https:\/\/colegioarquitectos.com\/noticias\/wp-content\/uploads\/2017\/11\/Elecciones-CA-2017-portada-web.jpg\",\"contentUrl\":\"https:\/\/colegioarquitectos.com\/noticias\/wp-content\/uploads\/2017\/11\/Elecciones-CA-2017-portada-web.jpg\",\"width\":690,\"height\":350},{\"@type\":\"BreadcrumbList\",\"@id\":\"https:\/\/colegioarquitectos.com\/noticias\/?p=18871#breadcrumb\",\"itemListElement\":[{\"@type\":\"ListItem\",\"position\":1,\"name\":\"Portada\",\"item\":\"https:\/\/colegioarquitectos.com\/noticias\"},{\"@type\":\"ListItem\",\"position\":2,\"name\":\"Ent\u00e9rate de todos los detalles de las Elecciones CA de diciembre\"}]},{\"@type\":\"WebSite\",\"@id\":\"https:\/\/colegioarquitectos.com\/noticias\/#website\",\"url\":\"https:\/\/colegioarquitectos.com\/noticias\/\",\"name\":\"COLEGIO DE ARQUITECTOS DE CHILE\",\"description\":\"\",\"publisher\":{\"@id\":\"https:\/\/colegioarquitectos.com\/noticias\/#organization\"},\"potentialAction\":[{\"@type\":\"SearchAction\",\"target\":{\"@type\":\"EntryPoint\",\"urlTemplate\":\"https:\/\/colegioarquitectos.com\/noticias\/?s={search_term_string}\"},\"query-input\":{\"@type\":\"PropertyValueSpecification\",\"valueRequired\":true,\"valueName\":\"search_term_string\"}}],\"inLanguage\":\"es\"},{\"@type\":\"Organization\",\"@id\":\"https:\/\/colegioarquitectos.com\/noticias\/#organization\",\"name\":\"COLEGIO DE ARQUITECTOS DE CHILE\",\"url\":\"https:\/\/colegioarquitectos.com\/noticias\/\",\"logo\":{\"@type\":\"ImageObject\",\"inLanguage\":\"es\",\"@id\":\"https:\/\/colegioarquitectos.com\/noticias\/#\/schema\/logo\/image\/\",\"url\":\"https:\/\/colegioarquitectos.com\/noticias\/wp-content\/uploads\/2021\/05\/ENCABEZADO-LOGO-CA.jpg\",\"contentUrl\":\"https:\/\/colegioarquitectos.com\/noticias\/wp-content\/uploads\/2021\/05\/ENCABEZADO-LOGO-CA.jpg\",\"width\":690,\"height\":350,\"caption\":\"COLEGIO DE ARQUITECTOS DE CHILE\"},\"image\":{\"@id\":\"https:\/\/colegioarquitectos.com\/noticias\/#\/schema\/logo\/image\/\"},\"sameAs\":[\"https:\/\/facebook.com\/Colegioarq\/\",\"https:\/\/x.com\/colegioarq\",\"https:\/\/instagram.com\/colegioarq\",\"https:\/\/youtube.com\/@ColegiodeArquitectosdeChile\"]},{\"@type\":\"Person\",\"@id\":\"https:\/\/colegioarquitectos.com\/noticias\/#\/schema\/person\/685cc0aad148303c5608f049af8285ad\",\"name\":\"Colegio de Arquitectos de Chile\",\"url\":\"https:\/\/colegioarquitectos.com\/noticias\/?author=4\"}]}<\/script>\n<!-- \/ Yoast SEO plugin. -->","yoast_head_json":{"title":"Ent\u00e9rate de todos los detalles de las Elecciones CA de diciembre - COLEGIO DE ARQUITECTOS DE CHILE","robots":{"index":"index","follow":"follow","max-snippet":"max-snippet:-1","max-image-preview":"max-image-preview:large","max-video-preview":"max-video-preview:-1"},"canonical":"https:\/\/colegioarquitectos.com\/noticias\/?p=18871","og_locale":"es_ES","og_type":"article","og_title":"Ent\u00e9rate de todos los detalles de las Elecciones CA de diciembre - COLEGIO DE ARQUITECTOS DE CHILE","og_description":"Arquitecto colegiado El pr\u00f3ximo lunes 18 y martes 19 de diciembre se realizar\u00e1n las Elecciones CA 2017 para renovar al Directorio Nacional, las Directivas de las Delegaciones Zonales Regionales, el Tribunal de \u00c9tica Nacional y los Tribunales de \u00c9tica regionales &hellip; ver m\u00e1s","og_url":"https:\/\/colegioarquitectos.com\/noticias\/?p=18871","og_site_name":"COLEGIO DE ARQUITECTOS DE CHILE","article_publisher":"https:\/\/facebook.com\/Colegioarq\/","article_published_time":"2017-11-08T17:11:36+00:00","article_modified_time":"2017-11-24T14:18:18+00:00","og_image":[{"width":690,"height":350,"url":"https:\/\/colegioarquitectos.com\/noticias\/wp-content\/uploads\/2017\/11\/Elecciones-CA-2017-portada-web.jpg","type":"image\/jpeg"}],"author":"Colegio de Arquitectos de Chile","twitter_card":"summary_large_image","twitter_creator":"@colegioarq","twitter_site":"@colegioarq","twitter_misc":{"Escrito por":"Colegio de Arquitectos de Chile","Tiempo de lectura":"2 minutos"},"schema":{"@context":"https:\/\/schema.org","@graph":[{"@type":"Article","@id":"https:\/\/colegioarquitectos.com\/noticias\/?p=18871#article","isPartOf":{"@id":"https:\/\/colegioarquitectos.com\/noticias\/?p=18871"},"author":{"name":"Colegio de Arquitectos de Chile","@id":"https:\/\/colegioarquitectos.com\/noticias\/#\/schema\/person\/685cc0aad148303c5608f049af8285ad"},"headline":"Ent\u00e9rate de todos los detalles de las Elecciones CA de diciembre","datePublished":"2017-11-08T17:11:36+00:00","dateModified":"2017-11-24T14:18:18+00:00","mainEntityOfPage":{"@id":"https:\/\/colegioarquitectos.com\/noticias\/?p=18871"},"wordCount":377,"publisher":{"@id":"https:\/\/colegioarquitectos.com\/noticias\/#organization"},"image":{"@id":"https:\/\/colegioarquitectos.com\/noticias\/?p=18871#primaryimage"},"thumbnailUrl":"https:\/\/colegioarquitectos.com\/noticias\/wp-content\/uploads\/2017\/11\/Elecciones-CA-2017-portada-web.jpg","articleSection":["Colegio"],"inLanguage":"es"},{"@type":"WebPage","@id":"https:\/\/colegioarquitectos.com\/noticias\/?p=18871","url":"https:\/\/colegioarquitectos.com\/noticias\/?p=18871","name":"Ent\u00e9rate de todos los detalles de las Elecciones CA de diciembre - COLEGIO DE ARQUITECTOS DE CHILE","isPartOf":{"@id":"https:\/\/colegioarquitectos.com\/noticias\/#website"},"primaryImageOfPage":{"@id":"https:\/\/colegioarquitectos.com\/noticias\/?p=18871#primaryimage"},"image":{"@id":"https:\/\/colegioarquitectos.com\/noticias\/?p=18871#primaryimage"},"thumbnailUrl":"https:\/\/colegioarquitectos.com\/noticias\/wp-content\/uploads\/2017\/11\/Elecciones-CA-2017-portada-web.jpg","datePublished":"2017-11-08T17:11:36+00:00","dateModified":"2017-11-24T14:18:18+00:00","breadcrumb":{"@id":"https:\/\/colegioarquitectos.com\/noticias\/?p=18871#breadcrumb"},"inLanguage":"es","potentialAction":[{"@type":"ReadAction","target":["https:\/\/colegioarquitectos.com\/noticias\/?p=18871"]}]},{"@type":"ImageObject","inLanguage":"es","@id":"https:\/\/colegioarquitectos.com\/noticias\/?p=18871#primaryimage","url":"https:\/\/colegioarquitectos.com\/noticias\/wp-content\/uploads\/2017\/11\/Elecciones-CA-2017-portada-web.jpg","contentUrl":"https:\/\/colegioarquitectos.com\/noticias\/wp-content\/uploads\/2017\/11\/Elecciones-CA-2017-portada-web.jpg","width":690,"height":350},{"@type":"BreadcrumbList","@id":"https:\/\/colegioarquitectos.com\/noticias\/?p=18871#breadcrumb","itemListElement":[{"@type":"ListItem","position":1,"name":"Portada","item":"https:\/\/colegioarquitectos.com\/noticias"},{"@type":"ListItem","position":2,"name":"Ent\u00e9rate de todos los detalles de las Elecciones CA de diciembre"}]},{"@type":"WebSite","@id":"https:\/\/colegioarquitectos.com\/noticias\/#website","url":"https:\/\/colegioarquitectos.com\/noticias\/","name":"COLEGIO DE ARQUITECTOS DE CHILE","description":"","publisher":{"@id":"https:\/\/colegioarquitectos.com\/noticias\/#organization"},"potentialAction":[{"@type":"SearchAction","target":{"@type":"EntryPoint","urlTemplate":"https:\/\/colegioarquitectos.com\/noticias\/?s={search_term_string}"},"query-input":{"@type":"PropertyValueSpecification","valueRequired":true,"valueName":"search_term_string"}}],"inLanguage":"es"},{"@type":"Organization","@id":"https:\/\/colegioarquitectos.com\/noticias\/#organization","name":"COLEGIO DE ARQUITECTOS DE CHILE","url":"https:\/\/colegioarquitectos.com\/noticias\/","logo":{"@type":"ImageObject","inLanguage":"es","@id":"https:\/\/colegioarquitectos.com\/noticias\/#\/schema\/logo\/image\/","url":"https:\/\/colegioarquitectos.com\/noticias\/wp-content\/uploads\/2021\/05\/ENCABEZADO-LOGO-CA.jpg","contentUrl":"https:\/\/colegioarquitectos.com\/noticias\/wp-content\/uploads\/2021\/05\/ENCABEZADO-LOGO-CA.jpg","width":690,"height":350,"caption":"COLEGIO DE ARQUITECTOS DE CHILE"},"image":{"@id":"https:\/\/colegioarquitectos.com\/noticias\/#\/schema\/logo\/image\/"},"sameAs":["https:\/\/facebook.com\/Colegioarq\/","https:\/\/x.com\/colegioarq","https:\/\/instagram.com\/colegioarq","https:\/\/youtube.com\/@ColegiodeArquitectosdeChile"]},{"@type":"Person","@id":"https:\/\/colegioarquitectos.com\/noticias\/#\/schema\/person\/685cc0aad148303c5608f049af8285ad","name":"Colegio de Arquitectos de Chile","url":"https:\/\/colegioarquitectos.com\/noticias\/?author=4"}]}},"_links":{"self":[{"href":"https:\/\/colegioarquitectos.com\/noticias\/index.php?rest_route=\/wp\/v2\/posts\/18871","targetHints":{"allow":["GET"]}}],"collection":[{"href":"https:\/\/colegioarquitectos.com\/noticias\/index.php?rest_route=\/wp\/v2\/posts"}],"about":[{"href":"https:\/\/colegioarquitectos.com\/noticias\/index.php?rest_route=\/wp\/v2\/types\/post"}],"author":[{"embeddable":true,"href":"https:\/\/colegioarquitectos.com\/noticias\/index.php?rest_route=\/wp\/v2\/users\/4"}],"replies":[{"embeddable":true,"href":"https:\/\/colegioarquitectos.com\/noticias\/index.php?rest_route=%2Fwp%2Fv2%2Fcomments&post=18871"}],"version-history":[{"count":0,"href":"https:\/\/colegioarquitectos.com\/noticias\/index.php?rest_route=\/wp\/v2\/posts\/18871\/revisions"}],"wp:featuredmedia":[{"embeddable":true,"href":"https:\/\/colegioarquitectos.com\/noticias\/index.php?rest_route=\/wp\/v2\/media\/18872"}],"wp:attachment":[{"href":"https:\/\/colegioarquitectos.com\/noticias\/index.php?rest_route=%2Fwp%2Fv2%2Fmedia&parent=18871"}],"wp:term":[{"taxonomy":"category","embeddable":true,"href":"https:\/\/colegioarquitectos.com\/noticias\/index.php?rest_route=%2Fwp%2Fv2%2Fcategories&post=18871"},{"taxonomy":"post_tag","embeddable":true,"href":"https:\/\/colegioarquitectos.com\/noticias\/index.php?rest_route=%2Fwp%2Fv2%2Ftags&post=18871"}],"curies":[{"name":"wp","href":"https:\/\/api.w.org\/{rel}","templated":true}]}}